{"id":6315,"date":"2021-06-12T12:57:58","date_gmt":"2021-06-12T17:57:58","guid":{"rendered":"https:\/\/contrastes.com.co\/digital\/?p=6315"},"modified":"2021-06-12T12:57:58","modified_gmt":"2021-06-12T17:57:58","slug":"continua-busqueda-activa-en-municipios-para-reducir-contagios-de-covid-19","status":"publish","type":"post","link":"https:\/\/contrastes.com.co\/web\/2021\/06\/12\/continua-busqueda-activa-en-municipios-para-reducir-contagios-de-covid-19\/","title":{"rendered":"Contin\u00faa b\u00fasqueda activa en municipios para reducir contagios de Covid-19"},"content":{"rendered":"<p><strong>Gobernaci\u00f3n del Atl\u00e1ntico contin\u00faa realizando b\u00fasquedas activas en municipios para reducir contagios de Covid-19<\/strong><\/p>\n<blockquote><p><strong>*las jornadas se adelantan con el apoyo de las secretar\u00edas de salud municipales y de las EPS que operan en el departamento. . En lo que va del mes de junio se han realizado 3.266 pruebas de Covid-19, durante 16 jornadas desarrolladas.<\/strong><\/p>\n<p><strong>*Este s\u00e1bado 12 de junio, en el municipio de Soledad se realiza una nueva jornada de toma de muestras de Covid-19, en la cancha Cruz de Mayo y en el polideportivo del barrio Las Moras de 8 a.m. a 1 p.m..<\/strong><\/p>\n<p><strong>*Ante dudas e inquietudes sobre s\u00edntomas de Coronavirus y el Plan de Vacunaci\u00f3n, la Gobernaci\u00f3n puso a disposici\u00f3n las l\u00edneas de atenci\u00f3n del centro de Telesalud en el departamento del Atl\u00e1ntico (035) 3236220-(035) 3195806 y 3502118775.<\/strong><\/p><\/blockquote>\n<p><strong>Barranquilla.-<\/strong> Paralelo al <strong>Plan de Vacunaci\u00f3n<\/strong> que se lleva a cabo en el Atl\u00e1ntico, en los municipios contin\u00faan las jornadas de b\u00fasquedas activas de casos positivos de Covid-19, con el prop\u00f3sito de aislarlos a tiempo y reducir la cadena de contagio.<\/p>\n<p>La <strong>secretaria de Salud del Atl\u00e1ntico, Alma Solano<\/strong>, indic\u00f3 que las jornadas se adelantan con el apoyo de las secretar\u00edas de salud municipales y de las EPS que operan en el departamento.<\/p>\n<p>\u201cEn el Atl\u00e1ntico no bajamos la guardia y continuamos con nuestras jornadas de toma de muestras de Covid-19, para identificar los casos positivos a tiempo, as\u00ed poder aislarlos y que nos ayude a evitar la propagaci\u00f3n del virus. Esto sobre todo en este tiempo de mayor contacto, dada la reapertura de los sectores econ\u00f3mico, cultural y deportivo, que poco a poco se viene dando en nuestros municipios\u201d, se\u00f1al\u00f3 la Secretaria.<\/p>\n<p>Alma Solano destac\u00f3 que identificar los casos positivos a tiempo evita que algunos pacientes requieran de hospitalizaci\u00f3n o de cama UCI, por eso reiter\u00f3 la importancia de hacerse la prueba de Covid-19 para descartar o confirmar nuevos casos, si una persona presenta s\u00edntomas gripales o estuvo en contacto con un contagiado.<\/p>\n<p>\u201cEstamos programando jornadas diarias en puntos estrat\u00e9gicos de los municipios, con el fin de facilitarles a las personas que se realicen la prueba sin ning\u00fan costo, y en el t\u00e9rmino de tres a cinco d\u00edas que ya puedan contar con el resultado\u201d, sostuvo.<\/p>\n<p>Los resultados de las pruebas realizadas en el laboratorio de salud p\u00fablica se pueden consultar a trav\u00e9s de la p\u00e1gina www.semcovid-19.com\/consulta_atlantico.<\/p>\n<p>Entre los meses de enero y mayo de 2021, a trav\u00e9s de las jornadas gratis realizadas por la Secretar\u00eda de Salud departamental, se tomaron 51.925 muestras de covid-19 en 229 jornadas adelantadas en los municipios del Atl\u00e1ntico. En lo que va del mes de junio se han realizado 3.266 pruebas de Covid-19 durante 16 jornadas desarrolladas en punto fijo y casa a casa en cabeceras municipales y corregimientos del departamento.<\/p>\n<blockquote><p><strong><img decoding=\"async\" class=\"alignleft  wp-image-5834\" src=\"https:\/\/contrastes.com.co\/digital\/wp-content\/uploads\/2021\/05\/comillas.png\" alt=\"comillas\" width=\"54\" height=\"53\" \/>Este s\u00e1bado 12 de junio, en el municipio de Soledad se realizar\u00e1 nueva jornada de toma de muestras de Covid-19, en la cancha Cruz de Mayo y en el polideportivo del barrio Las Moras de 8 a.m. a 1 p.m..<\/strong><\/p><\/blockquote>\n<p><em><strong>Las l\u00edneas de atenci\u00f3n del centro de Telesalud en el departamento del Atl\u00e1ntico (035) 3236220-(035) 3195806 y 3502118775<\/strong><\/em> est\u00e1n disponibles para resolver dudas e inquietudes sobre s\u00edntomas de Coronavirus y eventos adversos de la vacunaci\u00f3n.<\/p>\n","protected":false},"excerpt":{"rendered":"<p>Paralelo al Plan de Vacunaci\u00f3n que se lleva a cabo en el Atl\u00e1ntico, en los municipios contin\u00faan las jornadas de b\u00fasquedas activas de casos positivos de Covid-19, con el prop\u00f3sito de aislarlos a tiempo y reducir la cadena de contagio.<\/p>\n","protected":false},"author":1,"featured_media":6316,"comment_status":"open","ping_status":"open","sticky":false,"template":"","format":"standard","meta":{"footnotes":""},"categories":[73,24,2872],"tags":[1002,86,503,3646,1053,3647],"class_list":["post-6315","post","type-post","status-publish","format-standard","has-post-thumbnail","hentry","category-coronavirus","category-region","category-vacunacion","tag-alma-solano","tag-coronavirus","tag-covid-19","tag-reduccion-contagios","tag-secretaria-de-salud-del-atlantico","tag-vacunacion-en-el-atlantico"],"yoast_head":"<!-- This site is optimized with the Yoast SEO plugin v27.7 - https:\/\/yoast.com\/product\/yoast-seo-wordpress\/ -->\n<title>Contin\u00faa b\u00fasqueda activa en municipios para reducir contagios de Covid-19 - Constrastes<\/title>\n<meta name=\"description\" content=\"Paralelo al Plan de Vacunaci\u00f3n que se lleva a cabo en el Atl\u00e1ntico, en los municipios contin\u00faan las jornadas de b\u00fasquedas activas de casos positivos de Covid-19, con el prop\u00f3sito de aislarlos a tiempo y reducir la cadena de contagio.\" \/>\n<meta name=\"robots\" content=\"index, follow, max-snippet:-1, max-image-preview:large, max-video-preview:-1\" \/>\n<link rel=\"canonical\" href=\"https:\/\/contrastes.com.co\/web\/2021\/06\/12\/continua-busqueda-activa-en-municipios-para-reducir-contagios-de-covid-19\/\" \/>\n<meta property=\"og:locale\" content=\"es_ES\" \/>\n<meta property=\"og:type\" content=\"article\" \/>\n<meta property=\"og:title\" content=\"Contin\u00faa b\u00fasqueda activa en municipios para reducir contagios de Covid-19 - Constrastes\" \/>\n<meta property=\"og:description\" content=\"Paralelo al Plan de Vacunaci\u00f3n que se lleva a cabo en el Atl\u00e1ntico, en los municipios contin\u00faan las jornadas de b\u00fasquedas activas de casos positivos de Covid-19, con el prop\u00f3sito de aislarlos a tiempo y reducir la cadena de contagio.\" \/>\n<meta property=\"og:url\" content=\"https:\/\/contrastes.com.co\/web\/2021\/06\/12\/continua-busqueda-activa-en-municipios-para-reducir-contagios-de-covid-19\/\" \/>\n<meta property=\"og:site_name\" content=\"Constrastes\" \/>\n<meta property=\"article:publisher\" content=\"https:\/\/www.facebook.com\/guillo.pantoja.1\" \/>\n<meta property=\"article:published_time\" content=\"2021-06-12T17:57:58+00:00\" \/>\n<meta name=\"author\" content=\"Editor\" \/>\n<meta name=\"twitter:card\" content=\"summary_large_image\" \/>\n<meta name=\"twitter:label1\" content=\"Escrito por\" \/>\n\t<meta name=\"twitter:data1\" content=\"Editor\" \/>\n\t<meta name=\"twitter:label2\" content=\"Tiempo de lectura\" \/>\n\t<meta name=\"twitter:data2\" content=\"3 minutos\" \/>\n<script type=\"application\/ld+json\" class=\"yoast-schema-graph\">{\"@context\":\"https:\\\/\\\/schema.org\",\"@graph\":[{\"@type\":\"Article\",\"@id\":\"https:\\\/\\\/contrastes.com.co\\\/web\\\/2021\\\/06\\\/12\\\/continua-busqueda-activa-en-municipios-para-reducir-contagios-de-covid-19\\\/#article\",\"isPartOf\":{\"@id\":\"https:\\\/\\\/contrastes.com.co\\\/web\\\/2021\\\/06\\\/12\\\/continua-busqueda-activa-en-municipios-para-reducir-contagios-de-covid-19\\\/\"},\"author\":{\"name\":\"Editor\",\"@id\":\"https:\\\/\\\/contrastes.com.co\\\/web\\\/#\\\/schema\\\/person\\\/62ef7a62dc4da6de450c71fc2e95ed02\"},\"headline\":\"Contin\u00faa b\u00fasqueda activa en municipios para reducir contagios de Covid-19\",\"datePublished\":\"2021-06-12T17:57:58+00:00\",\"mainEntityOfPage\":{\"@id\":\"https:\\\/\\\/contrastes.com.co\\\/web\\\/2021\\\/06\\\/12\\\/continua-busqueda-activa-en-municipios-para-reducir-contagios-de-covid-19\\\/\"},\"wordCount\":580,\"commentCount\":0,\"publisher\":{\"@id\":\"https:\\\/\\\/contrastes.com.co\\\/web\\\/#organization\"},\"image\":{\"@id\":\"https:\\\/\\\/contrastes.com.co\\\/web\\\/2021\\\/06\\\/12\\\/continua-busqueda-activa-en-municipios-para-reducir-contagios-de-covid-19\\\/#primaryimage\"},\"thumbnailUrl\":\"\",\"keywords\":[\"Alma Solano\",\"coronavirus\",\"Covid-19\",\"reducci\u00f3n contagios\",\"secretaria de Salud del Atl\u00e1ntico\",\"vacunaci\u00f3n en el Atl\u00e1ntico\"],\"articleSection\":[\"Coronavirus\",\"Regi\u00f3n\",\"Vacunaci\u00f3n\"],\"inLanguage\":\"es\",\"potentialAction\":[{\"@type\":\"CommentAction\",\"name\":\"Comment\",\"target\":[\"https:\\\/\\\/contrastes.com.co\\\/web\\\/2021\\\/06\\\/12\\\/continua-busqueda-activa-en-municipios-para-reducir-contagios-de-covid-19\\\/#respond\"]}]},{\"@type\":\"WebPage\",\"@id\":\"https:\\\/\\\/contrastes.com.co\\\/web\\\/2021\\\/06\\\/12\\\/continua-busqueda-activa-en-municipios-para-reducir-contagios-de-covid-19\\\/\",\"url\":\"https:\\\/\\\/contrastes.com.co\\\/web\\\/2021\\\/06\\\/12\\\/continua-busqueda-activa-en-municipios-para-reducir-contagios-de-covid-19\\\/\",\"name\":\"Contin\u00faa b\u00fasqueda activa en municipios para reducir contagios de Covid-19 - Constrastes\",\"isPartOf\":{\"@id\":\"https:\\\/\\\/contrastes.com.co\\\/web\\\/#website\"},\"primaryImageOfPage\":{\"@id\":\"https:\\\/\\\/contrastes.com.co\\\/web\\\/2021\\\/06\\\/12\\\/continua-busqueda-activa-en-municipios-para-reducir-contagios-de-covid-19\\\/#primaryimage\"},\"image\":{\"@id\":\"https:\\\/\\\/contrastes.com.co\\\/web\\\/2021\\\/06\\\/12\\\/continua-busqueda-activa-en-municipios-para-reducir-contagios-de-covid-19\\\/#primaryimage\"},\"thumbnailUrl\":\"\",\"datePublished\":\"2021-06-12T17:57:58+00:00\",\"description\":\"Paralelo al Plan de Vacunaci\u00f3n que se lleva a cabo en el Atl\u00e1ntico, en los municipios contin\u00faan las jornadas de b\u00fasquedas activas de casos positivos de Covid-19, con el prop\u00f3sito de aislarlos a tiempo y reducir la cadena de contagio.\",\"breadcrumb\":{\"@id\":\"https:\\\/\\\/contrastes.com.co\\\/web\\\/2021\\\/06\\\/12\\\/continua-busqueda-activa-en-municipios-para-reducir-contagios-de-covid-19\\\/#breadcrumb\"},\"inLanguage\":\"es\",\"potentialAction\":[{\"@type\":\"ReadAction\",\"target\":[\"https:\\\/\\\/contrastes.com.co\\\/web\\\/2021\\\/06\\\/12\\\/continua-busqueda-activa-en-municipios-para-reducir-contagios-de-covid-19\\\/\"]}]},{\"@type\":\"ImageObject\",\"inLanguage\":\"es\",\"@id\":\"https:\\\/\\\/contrastes.com.co\\\/web\\\/2021\\\/06\\\/12\\\/continua-busqueda-activa-en-municipios-para-reducir-contagios-de-covid-19\\\/#primaryimage\",\"url\":\"\",\"contentUrl\":\"\"},{\"@type\":\"BreadcrumbList\",\"@id\":\"https:\\\/\\\/contrastes.com.co\\\/web\\\/2021\\\/06\\\/12\\\/continua-busqueda-activa-en-municipios-para-reducir-contagios-de-covid-19\\\/#breadcrumb\",\"itemListElement\":[{\"@type\":\"ListItem\",\"position\":1,\"name\":\"Portada\",\"item\":\"https:\\\/\\\/contrastes.com.co\\\/web\\\/\"},{\"@type\":\"ListItem\",\"position\":2,\"name\":\"Contin\u00faa b\u00fasqueda activa en municipios para reducir contagios de Covid-19\"}]},{\"@type\":\"WebSite\",\"@id\":\"https:\\\/\\\/contrastes.com.co\\\/web\\\/#website\",\"url\":\"https:\\\/\\\/contrastes.com.co\\\/web\\\/\",\"name\":\"Contrastes\",\"description\":\"Periodismo de Conciencia\",\"publisher\":{\"@id\":\"https:\\\/\\\/contrastes.com.co\\\/web\\\/#organization\"},\"potentialAction\":[{\"@type\":\"SearchAction\",\"target\":{\"@type\":\"EntryPoint\",\"urlTemplate\":\"https:\\\/\\\/contrastes.com.co\\\/web\\\/?s={search_term_string}\"},\"query-input\":{\"@type\":\"PropertyValueSpecification\",\"valueRequired\":true,\"valueName\":\"search_term_string\"}}],\"inLanguage\":\"es\"},{\"@type\":\"Organization\",\"@id\":\"https:\\\/\\\/contrastes.com.co\\\/web\\\/#organization\",\"name\":\"Contrastes\",\"url\":\"https:\\\/\\\/contrastes.com.co\\\/web\\\/\",\"logo\":{\"@type\":\"ImageObject\",\"inLanguage\":\"es\",\"@id\":\"https:\\\/\\\/contrastes.com.co\\\/web\\\/#\\\/schema\\\/logo\\\/image\\\/\",\"url\":\"https:\\\/\\\/contrastes.com.co\\\/web\\\/wp-content\\\/uploads\\\/2025\\\/04\\\/15CONTRASTES3.png\",\"contentUrl\":\"https:\\\/\\\/contrastes.com.co\\\/web\\\/wp-content\\\/uploads\\\/2025\\\/04\\\/15CONTRASTES3.png\",\"width\":1536,\"height\":231,\"caption\":\"Contrastes\"},\"image\":{\"@id\":\"https:\\\/\\\/contrastes.com.co\\\/web\\\/#\\\/schema\\\/logo\\\/image\\\/\"},\"sameAs\":[\"https:\\\/\\\/www.facebook.com\\\/guillo.pantoja.1\"]},{\"@type\":\"Person\",\"@id\":\"https:\\\/\\\/contrastes.com.co\\\/web\\\/#\\\/schema\\\/person\\\/62ef7a62dc4da6de450c71fc2e95ed02\",\"name\":\"Editor\",\"image\":{\"@type\":\"ImageObject\",\"inLanguage\":\"es\",\"@id\":\"https:\\\/\\\/secure.gravatar.com\\\/avatar\\\/7bbb4f718d74bbf600dc556253bb04fd7ac8593751d6e2e3b85432d98aefae80?s=96&d=mm&r=g\",\"url\":\"https:\\\/\\\/secure.gravatar.com\\\/avatar\\\/7bbb4f718d74bbf600dc556253bb04fd7ac8593751d6e2e3b85432d98aefae80?s=96&d=mm&r=g\",\"contentUrl\":\"https:\\\/\\\/secure.gravatar.com\\\/avatar\\\/7bbb4f718d74bbf600dc556253bb04fd7ac8593751d6e2e3b85432d98aefae80?s=96&d=mm&r=g\",\"caption\":\"Editor\"},\"sameAs\":[\"https:\\\/\\\/contrastes.com.co\\\/web\"],\"url\":\"https:\\\/\\\/contrastes.com.co\\\/web\\\/author\\\/jdbobadilla\\\/\"}]}<\/script>\n<!-- \/ Yoast SEO plugin. -->","yoast_head_json":{"title":"Contin\u00faa b\u00fasqueda activa en municipios para reducir contagios de Covid-19 - Constrastes","description":"Paralelo al Plan de Vacunaci\u00f3n que se lleva a cabo en el Atl\u00e1ntico, en los municipios contin\u00faan las jornadas de b\u00fasquedas activas de casos positivos de Covid-19, con el prop\u00f3sito de aislarlos a tiempo y reducir la cadena de contagio.","robots":{"index":"index","follow":"follow","max-snippet":"max-snippet:-1","max-image-preview":"max-image-preview:large","max-video-preview":"max-video-preview:-1"},"canonical":"https:\/\/contrastes.com.co\/web\/2021\/06\/12\/continua-busqueda-activa-en-municipios-para-reducir-contagios-de-covid-19\/","og_locale":"es_ES","og_type":"article","og_title":"Contin\u00faa b\u00fasqueda activa en municipios para reducir contagios de Covid-19 - Constrastes","og_description":"Paralelo al Plan de Vacunaci\u00f3n que se lleva a cabo en el Atl\u00e1ntico, en los municipios contin\u00faan las jornadas de b\u00fasquedas activas de casos positivos de Covid-19, con el prop\u00f3sito de aislarlos a tiempo y reducir la cadena de contagio.","og_url":"https:\/\/contrastes.com.co\/web\/2021\/06\/12\/continua-busqueda-activa-en-municipios-para-reducir-contagios-de-covid-19\/","og_site_name":"Constrastes","article_publisher":"https:\/\/www.facebook.com\/guillo.pantoja.1","article_published_time":"2021-06-12T17:57:58+00:00","author":"Editor","twitter_card":"summary_large_image","twitter_misc":{"Escrito por":"Editor","Tiempo de lectura":"3 minutos"},"schema":{"@context":"https:\/\/schema.org","@graph":[{"@type":"Article","@id":"https:\/\/contrastes.com.co\/web\/2021\/06\/12\/continua-busqueda-activa-en-municipios-para-reducir-contagios-de-covid-19\/#article","isPartOf":{"@id":"https:\/\/contrastes.com.co\/web\/2021\/06\/12\/continua-busqueda-activa-en-municipios-para-reducir-contagios-de-covid-19\/"},"author":{"name":"Editor","@id":"https:\/\/contrastes.com.co\/web\/#\/schema\/person\/62ef7a62dc4da6de450c71fc2e95ed02"},"headline":"Contin\u00faa b\u00fasqueda activa en municipios para reducir contagios de Covid-19","datePublished":"2021-06-12T17:57:58+00:00","mainEntityOfPage":{"@id":"https:\/\/contrastes.com.co\/web\/2021\/06\/12\/continua-busqueda-activa-en-municipios-para-reducir-contagios-de-covid-19\/"},"wordCount":580,"commentCount":0,"publisher":{"@id":"https:\/\/contrastes.com.co\/web\/#organization"},"image":{"@id":"https:\/\/contrastes.com.co\/web\/2021\/06\/12\/continua-busqueda-activa-en-municipios-para-reducir-contagios-de-covid-19\/#primaryimage"},"thumbnailUrl":"","keywords":["Alma Solano","coronavirus","Covid-19","reducci\u00f3n contagios","secretaria de Salud del Atl\u00e1ntico","vacunaci\u00f3n en el Atl\u00e1ntico"],"articleSection":["Coronavirus","Regi\u00f3n","Vacunaci\u00f3n"],"inLanguage":"es","potentialAction":[{"@type":"CommentAction","name":"Comment","target":["https:\/\/contrastes.com.co\/web\/2021\/06\/12\/continua-busqueda-activa-en-municipios-para-reducir-contagios-de-covid-19\/#respond"]}]},{"@type":"WebPage","@id":"https:\/\/contrastes.com.co\/web\/2021\/06\/12\/continua-busqueda-activa-en-municipios-para-reducir-contagios-de-covid-19\/","url":"https:\/\/contrastes.com.co\/web\/2021\/06\/12\/continua-busqueda-activa-en-municipios-para-reducir-contagios-de-covid-19\/","name":"Contin\u00faa b\u00fasqueda activa en municipios para reducir contagios de Covid-19 - Constrastes","isPartOf":{"@id":"https:\/\/contrastes.com.co\/web\/#website"},"primaryImageOfPage":{"@id":"https:\/\/contrastes.com.co\/web\/2021\/06\/12\/continua-busqueda-activa-en-municipios-para-reducir-contagios-de-covid-19\/#primaryimage"},"image":{"@id":"https:\/\/contrastes.com.co\/web\/2021\/06\/12\/continua-busqueda-activa-en-municipios-para-reducir-contagios-de-covid-19\/#primaryimage"},"thumbnailUrl":"","datePublished":"2021-06-12T17:57:58+00:00","description":"Paralelo al Plan de Vacunaci\u00f3n que se lleva a cabo en el Atl\u00e1ntico, en los municipios contin\u00faan las jornadas de b\u00fasquedas activas de casos positivos de Covid-19, con el prop\u00f3sito de aislarlos a tiempo y reducir la cadena de contagio.","breadcrumb":{"@id":"https:\/\/contrastes.com.co\/web\/2021\/06\/12\/continua-busqueda-activa-en-municipios-para-reducir-contagios-de-covid-19\/#breadcrumb"},"inLanguage":"es","potentialAction":[{"@type":"ReadAction","target":["https:\/\/contrastes.com.co\/web\/2021\/06\/12\/continua-busqueda-activa-en-municipios-para-reducir-contagios-de-covid-19\/"]}]},{"@type":"ImageObject","inLanguage":"es","@id":"https:\/\/contrastes.com.co\/web\/2021\/06\/12\/continua-busqueda-activa-en-municipios-para-reducir-contagios-de-covid-19\/#primaryimage","url":"","contentUrl":""},{"@type":"BreadcrumbList","@id":"https:\/\/contrastes.com.co\/web\/2021\/06\/12\/continua-busqueda-activa-en-municipios-para-reducir-contagios-de-covid-19\/#breadcrumb","itemListElement":[{"@type":"ListItem","position":1,"name":"Portada","item":"https:\/\/contrastes.com.co\/web\/"},{"@type":"ListItem","position":2,"name":"Contin\u00faa b\u00fasqueda activa en municipios para reducir contagios de Covid-19"}]},{"@type":"WebSite","@id":"https:\/\/contrastes.com.co\/web\/#website","url":"https:\/\/contrastes.com.co\/web\/","name":"Contrastes","description":"Periodismo de Conciencia","publisher":{"@id":"https:\/\/contrastes.com.co\/web\/#organization"},"potentialAction":[{"@type":"SearchAction","target":{"@type":"EntryPoint","urlTemplate":"https:\/\/contrastes.com.co\/web\/?s={search_term_string}"},"query-input":{"@type":"PropertyValueSpecification","valueRequired":true,"valueName":"search_term_string"}}],"inLanguage":"es"},{"@type":"Organization","@id":"https:\/\/contrastes.com.co\/web\/#organization","name":"Contrastes","url":"https:\/\/contrastes.com.co\/web\/","logo":{"@type":"ImageObject","inLanguage":"es","@id":"https:\/\/contrastes.com.co\/web\/#\/schema\/logo\/image\/","url":"https:\/\/contrastes.com.co\/web\/wp-content\/uploads\/2025\/04\/15CONTRASTES3.png","contentUrl":"https:\/\/contrastes.com.co\/web\/wp-content\/uploads\/2025\/04\/15CONTRASTES3.png","width":1536,"height":231,"caption":"Contrastes"},"image":{"@id":"https:\/\/contrastes.com.co\/web\/#\/schema\/logo\/image\/"},"sameAs":["https:\/\/www.facebook.com\/guillo.pantoja.1"]},{"@type":"Person","@id":"https:\/\/contrastes.com.co\/web\/#\/schema\/person\/62ef7a62dc4da6de450c71fc2e95ed02","name":"Editor","image":{"@type":"ImageObject","inLanguage":"es","@id":"https:\/\/secure.gravatar.com\/avatar\/7bbb4f718d74bbf600dc556253bb04fd7ac8593751d6e2e3b85432d98aefae80?s=96&d=mm&r=g","url":"https:\/\/secure.gravatar.com\/avatar\/7bbb4f718d74bbf600dc556253bb04fd7ac8593751d6e2e3b85432d98aefae80?s=96&d=mm&r=g","contentUrl":"https:\/\/secure.gravatar.com\/avatar\/7bbb4f718d74bbf600dc556253bb04fd7ac8593751d6e2e3b85432d98aefae80?s=96&d=mm&r=g","caption":"Editor"},"sameAs":["https:\/\/contrastes.com.co\/web"],"url":"https:\/\/contrastes.com.co\/web\/author\/jdbobadilla\/"}]}},"blog_post_layout_featured_media_urls":{"thumbnail":"","full":""},"categories_names":{"73":{"name":"Coronavirus","link":"https:\/\/contrastes.com.co\/web\/category\/coronavirus\/"},"24":{"name":"Regi\u00f3n","link":"https:\/\/contrastes.com.co\/web\/category\/region\/"},"2872":{"name":"Vacunaci\u00f3n","link":"https:\/\/contrastes.com.co\/web\/category\/vacunacion\/"}},"tags_names":{"1002":{"name":"Alma Solano","link":"https:\/\/contrastes.com.co\/web\/tag\/alma-solano\/"},"86":{"name":"coronavirus","link":"https:\/\/contrastes.com.co\/web\/tag\/coronavirus\/"},"503":{"name":"Covid-19","link":"https:\/\/contrastes.com.co\/web\/tag\/covid-19\/"},"3646":{"name":"reducci\u00f3n contagios","link":"https:\/\/contrastes.com.co\/web\/tag\/reduccion-contagios\/"},"1053":{"name":"secretaria de Salud del Atl\u00e1ntico","link":"https:\/\/contrastes.com.co\/web\/tag\/secretaria-de-salud-del-atlantico\/"},"3647":{"name":"vacunaci\u00f3n en el Atl\u00e1ntico","link":"https:\/\/contrastes.com.co\/web\/tag\/vacunacion-en-el-atlantico\/"}},"comments_number":"0","wpmagazine_modules_lite_featured_media_urls":{"thumbnail":"","cvmm-medium":"","cvmm-medium-plus":"","cvmm-portrait":"","cvmm-medium-square":"","cvmm-large":"","cvmm-small":"","full":""},"_links":{"self":[{"href":"https:\/\/contrastes.com.co\/web\/wp-json\/wp\/v2\/posts\/6315","targetHints":{"allow":["GET"]}}],"collection":[{"href":"https:\/\/contrastes.com.co\/web\/wp-json\/wp\/v2\/posts"}],"about":[{"href":"https:\/\/contrastes.com.co\/web\/wp-json\/wp\/v2\/types\/post"}],"author":[{"embeddable":true,"href":"https:\/\/contrastes.com.co\/web\/wp-json\/wp\/v2\/users\/1"}],"replies":[{"embeddable":true,"href":"https:\/\/contrastes.com.co\/web\/wp-json\/wp\/v2\/comments?post=6315"}],"version-history":[{"count":0,"href":"https:\/\/contrastes.com.co\/web\/wp-json\/wp\/v2\/posts\/6315\/revisions"}],"wp:attachment":[{"href":"https:\/\/contrastes.com.co\/web\/wp-json\/wp\/v2\/media?parent=6315"}],"wp:term":[{"taxonomy":"category","embeddable":true,"href":"https:\/\/contrastes.com.co\/web\/wp-json\/wp\/v2\/categories?post=6315"},{"taxonomy":"post_tag","embeddable":true,"href":"https:\/\/contrastes.com.co\/web\/wp-json\/wp\/v2\/tags?post=6315"}],"curies":[{"name":"wp","href":"https:\/\/api.w.org\/{rel}","templated":true}]}}