{"id":6402,"date":"2021-06-18T20:57:12","date_gmt":"2021-06-19T01:57:12","guid":{"rendered":"https:\/\/contrastes.com.co\/digital\/?p=6402"},"modified":"2021-06-18T20:57:12","modified_gmt":"2021-06-19T01:57:12","slug":"6402-2","status":"publish","type":"post","link":"https:\/\/contrastes.com.co\/web\/2021\/06\/18\/6402-2\/","title":{"rendered":"Comisi\u00f3n de trabajo interinstitucional para constituir sede Uniatl\u00e1ntico en Soledad"},"content":{"rendered":"<p><strong>Alcalde de Soledad establece comisi\u00f3n de trabajo interinstitucional para constituir sede de Uniatl\u00e1ntico en el municipio<\/strong><\/p>\n<blockquote><p><strong>\u00abLa finalidad de esta comisi\u00f3n es que podamos definir pronto la oferta acad\u00e9mica y el presupuesto necesario para hacer realidad esta sede en nuestro municipio\u00bb: Rodolfo Ucr\u00f3s<\/strong><\/p><\/blockquote>\n<p><strong>Soledad.<\/strong>&#8211; Una comisi\u00f3n de trabajo interinstitucional conformada por representantes de la <strong>Gobernaci\u00f3n del Atl\u00e1ntico, la Universidad del Atl\u00e1ntico y la Secretar\u00eda Municipal de Educaci\u00f3n<\/strong> defini\u00f3 el alcalde de Soledad, Rodolfo Ucr\u00f3s Rosales, con miras a establecer una sede de la instituci\u00f3n de educaci\u00f3n superior en el municipio.<\/p>\n<p>Esta comisi\u00f3n se defini\u00f3 durante una reuni\u00f3n con el rector de la Uniatl\u00e1ntico, Jairo Contreras Capella. \u00abLa finalidad de esta comisi\u00f3n es que podamos definir pronto la oferta acad\u00e9mica y el presupuesto necesario para hacer realidad esta sede en nuestro municipio\u00bb, indic\u00f3 el mandatario solede\u00f1o.<\/p>\n<p>Para Ucr\u00f3s Rosales la universidad p\u00fablica siempre ha sido una de las principales necesidades de Soledad.<\/p>\n","protected":false},"excerpt":{"rendered":"<p>Una comisi\u00f3n de trabajo interinstitucional conformada por representantes de la Gobernaci\u00f3n del Atl\u00e1ntico, la Universidad del Atl\u00e1ntico y la Secretar\u00eda Municipal de Educaci\u00f3n defini\u00f3 el alcalde de Soledad, Rodolfo Ucr\u00f3s Rosales, con miras a establecer una sede de la instituci\u00f3n de educaci\u00f3n superior en el municipio.<\/p>\n","protected":false},"author":1,"featured_media":6403,"comment_status":"open","ping_status":"open","sticky":false,"template":"","format":"standard","meta":{"footnotes":""},"categories":[207,23,24],"tags":[28,15,3688,3689,1879,37],"class_list":["post-6402","post","type-post","status-publish","format-standard","has-post-thumbnail","hentry","category-educacion","category-locales","category-region","tag-alcaldia-de-soledad","tag-gobernacion-del-atlantico","tag-jairo-contreras-capella","tag-rector-de-la-uniatlantico","tag-rodolfo-ucros-rosales","tag-universidad-del-atlantico"],"yoast_head":"<!-- This site is optimized with the Yoast SEO plugin v27.7 - https:\/\/yoast.com\/product\/yoast-seo-wordpress\/ -->\n<title>Comisi\u00f3n de trabajo interinstitucional para constituir sede Uniatl\u00e1ntico en Soledad - Constrastes<\/title>\n<meta name=\"description\" content=\"Una comisi\u00f3n de trabajo interinstitucional conformada por representantes de la Gobernaci\u00f3n del Atl\u00e1ntico, la Universidad del Atl\u00e1ntico y la Secretar\u00eda Municipal de Educaci\u00f3n defini\u00f3 el alcalde de Soledad, Rodolfo Ucr\u00f3s Rosales, con miras a establecer una sede de la instituci\u00f3n de educaci\u00f3n superior en el municipio.\" \/>\n<meta name=\"robots\" content=\"index, follow, max-snippet:-1, max-image-preview:large, max-video-preview:-1\" \/>\n<link rel=\"canonical\" href=\"https:\/\/contrastes.com.co\/web\/2021\/06\/18\/6402-2\/\" \/>\n<meta property=\"og:locale\" content=\"es_ES\" \/>\n<meta property=\"og:type\" content=\"article\" \/>\n<meta property=\"og:title\" content=\"Comisi\u00f3n de trabajo interinstitucional para constituir sede Uniatl\u00e1ntico en Soledad - Constrastes\" \/>\n<meta property=\"og:description\" content=\"Una comisi\u00f3n de trabajo interinstitucional conformada por representantes de la Gobernaci\u00f3n del Atl\u00e1ntico, la Universidad del Atl\u00e1ntico y la Secretar\u00eda Municipal de Educaci\u00f3n defini\u00f3 el alcalde de Soledad, Rodolfo Ucr\u00f3s Rosales, con miras a establecer una sede de la instituci\u00f3n de educaci\u00f3n superior en el municipio.\" \/>\n<meta property=\"og:url\" content=\"https:\/\/contrastes.com.co\/web\/2021\/06\/18\/6402-2\/\" \/>\n<meta property=\"og:site_name\" content=\"Constrastes\" \/>\n<meta property=\"article:publisher\" content=\"https:\/\/www.facebook.com\/guillo.pantoja.1\" \/>\n<meta property=\"article:published_time\" content=\"2021-06-19T01:57:12+00:00\" \/>\n<meta name=\"author\" content=\"Editor\" \/>\n<meta name=\"twitter:card\" content=\"summary_large_image\" \/>\n<meta name=\"twitter:label1\" content=\"Escrito por\" \/>\n\t<meta name=\"twitter:data1\" content=\"Editor\" \/>\n\t<meta name=\"twitter:label2\" content=\"Tiempo de lectura\" \/>\n\t<meta name=\"twitter:data2\" content=\"1 minuto\" \/>\n<script type=\"application\/ld+json\" class=\"yoast-schema-graph\">{\"@context\":\"https:\\\/\\\/schema.org\",\"@graph\":[{\"@type\":\"Article\",\"@id\":\"https:\\\/\\\/contrastes.com.co\\\/web\\\/2021\\\/06\\\/18\\\/6402-2\\\/#article\",\"isPartOf\":{\"@id\":\"https:\\\/\\\/contrastes.com.co\\\/web\\\/2021\\\/06\\\/18\\\/6402-2\\\/\"},\"author\":{\"name\":\"Editor\",\"@id\":\"https:\\\/\\\/contrastes.com.co\\\/web\\\/#\\\/schema\\\/person\\\/62ef7a62dc4da6de450c71fc2e95ed02\"},\"headline\":\"Comisi\u00f3n de trabajo interinstitucional para constituir sede Uniatl\u00e1ntico en Soledad\",\"datePublished\":\"2021-06-19T01:57:12+00:00\",\"mainEntityOfPage\":{\"@id\":\"https:\\\/\\\/contrastes.com.co\\\/web\\\/2021\\\/06\\\/18\\\/6402-2\\\/\"},\"wordCount\":186,\"commentCount\":0,\"publisher\":{\"@id\":\"https:\\\/\\\/contrastes.com.co\\\/web\\\/#organization\"},\"image\":{\"@id\":\"https:\\\/\\\/contrastes.com.co\\\/web\\\/2021\\\/06\\\/18\\\/6402-2\\\/#primaryimage\"},\"thumbnailUrl\":\"\",\"keywords\":[\"alcaldia de Soledad\",\"gobernaci\u00f3n del Atl\u00e1ntico\",\"Jairo Contreras Capella\",\"rector de la Uniatl\u00e1ntico\",\"Rodolfo Ucr\u00f3s Rosales\",\"Universidad del Atl\u00e1ntico\"],\"articleSection\":[\"Educaci\u00f3n\",\"Locales\",\"Regi\u00f3n\"],\"inLanguage\":\"es\",\"potentialAction\":[{\"@type\":\"CommentAction\",\"name\":\"Comment\",\"target\":[\"https:\\\/\\\/contrastes.com.co\\\/web\\\/2021\\\/06\\\/18\\\/6402-2\\\/#respond\"]}]},{\"@type\":\"WebPage\",\"@id\":\"https:\\\/\\\/contrastes.com.co\\\/web\\\/2021\\\/06\\\/18\\\/6402-2\\\/\",\"url\":\"https:\\\/\\\/contrastes.com.co\\\/web\\\/2021\\\/06\\\/18\\\/6402-2\\\/\",\"name\":\"Comisi\u00f3n de trabajo interinstitucional para constituir sede Uniatl\u00e1ntico en Soledad - Constrastes\",\"isPartOf\":{\"@id\":\"https:\\\/\\\/contrastes.com.co\\\/web\\\/#website\"},\"primaryImageOfPage\":{\"@id\":\"https:\\\/\\\/contrastes.com.co\\\/web\\\/2021\\\/06\\\/18\\\/6402-2\\\/#primaryimage\"},\"image\":{\"@id\":\"https:\\\/\\\/contrastes.com.co\\\/web\\\/2021\\\/06\\\/18\\\/6402-2\\\/#primaryimage\"},\"thumbnailUrl\":\"\",\"datePublished\":\"2021-06-19T01:57:12+00:00\",\"description\":\"Una comisi\u00f3n de trabajo interinstitucional conformada por representantes de la Gobernaci\u00f3n del Atl\u00e1ntico, la Universidad del Atl\u00e1ntico y la Secretar\u00eda Municipal de Educaci\u00f3n defini\u00f3 el alcalde de Soledad, Rodolfo Ucr\u00f3s Rosales, con miras a establecer una sede de la instituci\u00f3n de educaci\u00f3n superior en el municipio.\",\"breadcrumb\":{\"@id\":\"https:\\\/\\\/contrastes.com.co\\\/web\\\/2021\\\/06\\\/18\\\/6402-2\\\/#breadcrumb\"},\"inLanguage\":\"es\",\"potentialAction\":[{\"@type\":\"ReadAction\",\"target\":[\"https:\\\/\\\/contrastes.com.co\\\/web\\\/2021\\\/06\\\/18\\\/6402-2\\\/\"]}]},{\"@type\":\"ImageObject\",\"inLanguage\":\"es\",\"@id\":\"https:\\\/\\\/contrastes.com.co\\\/web\\\/2021\\\/06\\\/18\\\/6402-2\\\/#primaryimage\",\"url\":\"\",\"contentUrl\":\"\"},{\"@type\":\"BreadcrumbList\",\"@id\":\"https:\\\/\\\/contrastes.com.co\\\/web\\\/2021\\\/06\\\/18\\\/6402-2\\\/#breadcrumb\",\"itemListElement\":[{\"@type\":\"ListItem\",\"position\":1,\"name\":\"Portada\",\"item\":\"https:\\\/\\\/contrastes.com.co\\\/web\\\/\"},{\"@type\":\"ListItem\",\"position\":2,\"name\":\"Comisi\u00f3n de trabajo interinstitucional para constituir sede Uniatl\u00e1ntico en Soledad\"}]},{\"@type\":\"WebSite\",\"@id\":\"https:\\\/\\\/contrastes.com.co\\\/web\\\/#website\",\"url\":\"https:\\\/\\\/contrastes.com.co\\\/web\\\/\",\"name\":\"Contrastes\",\"description\":\"Periodismo de Conciencia\",\"publisher\":{\"@id\":\"https:\\\/\\\/contrastes.com.co\\\/web\\\/#organization\"},\"potentialAction\":[{\"@type\":\"SearchAction\",\"target\":{\"@type\":\"EntryPoint\",\"urlTemplate\":\"https:\\\/\\\/contrastes.com.co\\\/web\\\/?s={search_term_string}\"},\"query-input\":{\"@type\":\"PropertyValueSpecification\",\"valueRequired\":true,\"valueName\":\"search_term_string\"}}],\"inLanguage\":\"es\"},{\"@type\":\"Organization\",\"@id\":\"https:\\\/\\\/contrastes.com.co\\\/web\\\/#organization\",\"name\":\"Contrastes\",\"url\":\"https:\\\/\\\/contrastes.com.co\\\/web\\\/\",\"logo\":{\"@type\":\"ImageObject\",\"inLanguage\":\"es\",\"@id\":\"https:\\\/\\\/contrastes.com.co\\\/web\\\/#\\\/schema\\\/logo\\\/image\\\/\",\"url\":\"https:\\\/\\\/contrastes.com.co\\\/web\\\/wp-content\\\/uploads\\\/2025\\\/04\\\/15CONTRASTES3.png\",\"contentUrl\":\"https:\\\/\\\/contrastes.com.co\\\/web\\\/wp-content\\\/uploads\\\/2025\\\/04\\\/15CONTRASTES3.png\",\"width\":1536,\"height\":231,\"caption\":\"Contrastes\"},\"image\":{\"@id\":\"https:\\\/\\\/contrastes.com.co\\\/web\\\/#\\\/schema\\\/logo\\\/image\\\/\"},\"sameAs\":[\"https:\\\/\\\/www.facebook.com\\\/guillo.pantoja.1\"]},{\"@type\":\"Person\",\"@id\":\"https:\\\/\\\/contrastes.com.co\\\/web\\\/#\\\/schema\\\/person\\\/62ef7a62dc4da6de450c71fc2e95ed02\",\"name\":\"Editor\",\"image\":{\"@type\":\"ImageObject\",\"inLanguage\":\"es\",\"@id\":\"https:\\\/\\\/secure.gravatar.com\\\/avatar\\\/7bbb4f718d74bbf600dc556253bb04fd7ac8593751d6e2e3b85432d98aefae80?s=96&d=mm&r=g\",\"url\":\"https:\\\/\\\/secure.gravatar.com\\\/avatar\\\/7bbb4f718d74bbf600dc556253bb04fd7ac8593751d6e2e3b85432d98aefae80?s=96&d=mm&r=g\",\"contentUrl\":\"https:\\\/\\\/secure.gravatar.com\\\/avatar\\\/7bbb4f718d74bbf600dc556253bb04fd7ac8593751d6e2e3b85432d98aefae80?s=96&d=mm&r=g\",\"caption\":\"Editor\"},\"sameAs\":[\"https:\\\/\\\/contrastes.com.co\\\/web\"],\"url\":\"https:\\\/\\\/contrastes.com.co\\\/web\\\/author\\\/jdbobadilla\\\/\"}]}<\/script>\n<!-- \/ Yoast SEO plugin. -->","yoast_head_json":{"title":"Comisi\u00f3n de trabajo interinstitucional para constituir sede Uniatl\u00e1ntico en Soledad - Constrastes","description":"Una comisi\u00f3n de trabajo interinstitucional conformada por representantes de la Gobernaci\u00f3n del Atl\u00e1ntico, la Universidad del Atl\u00e1ntico y la Secretar\u00eda Municipal de Educaci\u00f3n defini\u00f3 el alcalde de Soledad, Rodolfo Ucr\u00f3s Rosales, con miras a establecer una sede de la instituci\u00f3n de educaci\u00f3n superior en el municipio.","robots":{"index":"index","follow":"follow","max-snippet":"max-snippet:-1","max-image-preview":"max-image-preview:large","max-video-preview":"max-video-preview:-1"},"canonical":"https:\/\/contrastes.com.co\/web\/2021\/06\/18\/6402-2\/","og_locale":"es_ES","og_type":"article","og_title":"Comisi\u00f3n de trabajo interinstitucional para constituir sede Uniatl\u00e1ntico en Soledad - Constrastes","og_description":"Una comisi\u00f3n de trabajo interinstitucional conformada por representantes de la Gobernaci\u00f3n del Atl\u00e1ntico, la Universidad del Atl\u00e1ntico y la Secretar\u00eda Municipal de Educaci\u00f3n defini\u00f3 el alcalde de Soledad, Rodolfo Ucr\u00f3s Rosales, con miras a establecer una sede de la instituci\u00f3n de educaci\u00f3n superior en el municipio.","og_url":"https:\/\/contrastes.com.co\/web\/2021\/06\/18\/6402-2\/","og_site_name":"Constrastes","article_publisher":"https:\/\/www.facebook.com\/guillo.pantoja.1","article_published_time":"2021-06-19T01:57:12+00:00","author":"Editor","twitter_card":"summary_large_image","twitter_misc":{"Escrito por":"Editor","Tiempo de lectura":"1 minuto"},"schema":{"@context":"https:\/\/schema.org","@graph":[{"@type":"Article","@id":"https:\/\/contrastes.com.co\/web\/2021\/06\/18\/6402-2\/#article","isPartOf":{"@id":"https:\/\/contrastes.com.co\/web\/2021\/06\/18\/6402-2\/"},"author":{"name":"Editor","@id":"https:\/\/contrastes.com.co\/web\/#\/schema\/person\/62ef7a62dc4da6de450c71fc2e95ed02"},"headline":"Comisi\u00f3n de trabajo interinstitucional para constituir sede Uniatl\u00e1ntico en Soledad","datePublished":"2021-06-19T01:57:12+00:00","mainEntityOfPage":{"@id":"https:\/\/contrastes.com.co\/web\/2021\/06\/18\/6402-2\/"},"wordCount":186,"commentCount":0,"publisher":{"@id":"https:\/\/contrastes.com.co\/web\/#organization"},"image":{"@id":"https:\/\/contrastes.com.co\/web\/2021\/06\/18\/6402-2\/#primaryimage"},"thumbnailUrl":"","keywords":["alcaldia de Soledad","gobernaci\u00f3n del Atl\u00e1ntico","Jairo Contreras Capella","rector de la Uniatl\u00e1ntico","Rodolfo Ucr\u00f3s Rosales","Universidad del Atl\u00e1ntico"],"articleSection":["Educaci\u00f3n","Locales","Regi\u00f3n"],"inLanguage":"es","potentialAction":[{"@type":"CommentAction","name":"Comment","target":["https:\/\/contrastes.com.co\/web\/2021\/06\/18\/6402-2\/#respond"]}]},{"@type":"WebPage","@id":"https:\/\/contrastes.com.co\/web\/2021\/06\/18\/6402-2\/","url":"https:\/\/contrastes.com.co\/web\/2021\/06\/18\/6402-2\/","name":"Comisi\u00f3n de trabajo interinstitucional para constituir sede Uniatl\u00e1ntico en Soledad - Constrastes","isPartOf":{"@id":"https:\/\/contrastes.com.co\/web\/#website"},"primaryImageOfPage":{"@id":"https:\/\/contrastes.com.co\/web\/2021\/06\/18\/6402-2\/#primaryimage"},"image":{"@id":"https:\/\/contrastes.com.co\/web\/2021\/06\/18\/6402-2\/#primaryimage"},"thumbnailUrl":"","datePublished":"2021-06-19T01:57:12+00:00","description":"Una comisi\u00f3n de trabajo interinstitucional conformada por representantes de la Gobernaci\u00f3n del Atl\u00e1ntico, la Universidad del Atl\u00e1ntico y la Secretar\u00eda Municipal de Educaci\u00f3n defini\u00f3 el alcalde de Soledad, Rodolfo Ucr\u00f3s Rosales, con miras a establecer una sede de la instituci\u00f3n de educaci\u00f3n superior en el municipio.","breadcrumb":{"@id":"https:\/\/contrastes.com.co\/web\/2021\/06\/18\/6402-2\/#breadcrumb"},"inLanguage":"es","potentialAction":[{"@type":"ReadAction","target":["https:\/\/contrastes.com.co\/web\/2021\/06\/18\/6402-2\/"]}]},{"@type":"ImageObject","inLanguage":"es","@id":"https:\/\/contrastes.com.co\/web\/2021\/06\/18\/6402-2\/#primaryimage","url":"","contentUrl":""},{"@type":"BreadcrumbList","@id":"https:\/\/contrastes.com.co\/web\/2021\/06\/18\/6402-2\/#breadcrumb","itemListElement":[{"@type":"ListItem","position":1,"name":"Portada","item":"https:\/\/contrastes.com.co\/web\/"},{"@type":"ListItem","position":2,"name":"Comisi\u00f3n de trabajo interinstitucional para constituir sede Uniatl\u00e1ntico en Soledad"}]},{"@type":"WebSite","@id":"https:\/\/contrastes.com.co\/web\/#website","url":"https:\/\/contrastes.com.co\/web\/","name":"Contrastes","description":"Periodismo de Conciencia","publisher":{"@id":"https:\/\/contrastes.com.co\/web\/#organization"},"potentialAction":[{"@type":"SearchAction","target":{"@type":"EntryPoint","urlTemplate":"https:\/\/contrastes.com.co\/web\/?s={search_term_string}"},"query-input":{"@type":"PropertyValueSpecification","valueRequired":true,"valueName":"search_term_string"}}],"inLanguage":"es"},{"@type":"Organization","@id":"https:\/\/contrastes.com.co\/web\/#organization","name":"Contrastes","url":"https:\/\/contrastes.com.co\/web\/","logo":{"@type":"ImageObject","inLanguage":"es","@id":"https:\/\/contrastes.com.co\/web\/#\/schema\/logo\/image\/","url":"https:\/\/contrastes.com.co\/web\/wp-content\/uploads\/2025\/04\/15CONTRASTES3.png","contentUrl":"https:\/\/contrastes.com.co\/web\/wp-content\/uploads\/2025\/04\/15CONTRASTES3.png","width":1536,"height":231,"caption":"Contrastes"},"image":{"@id":"https:\/\/contrastes.com.co\/web\/#\/schema\/logo\/image\/"},"sameAs":["https:\/\/www.facebook.com\/guillo.pantoja.1"]},{"@type":"Person","@id":"https:\/\/contrastes.com.co\/web\/#\/schema\/person\/62ef7a62dc4da6de450c71fc2e95ed02","name":"Editor","image":{"@type":"ImageObject","inLanguage":"es","@id":"https:\/\/secure.gravatar.com\/avatar\/7bbb4f718d74bbf600dc556253bb04fd7ac8593751d6e2e3b85432d98aefae80?s=96&d=mm&r=g","url":"https:\/\/secure.gravatar.com\/avatar\/7bbb4f718d74bbf600dc556253bb04fd7ac8593751d6e2e3b85432d98aefae80?s=96&d=mm&r=g","contentUrl":"https:\/\/secure.gravatar.com\/avatar\/7bbb4f718d74bbf600dc556253bb04fd7ac8593751d6e2e3b85432d98aefae80?s=96&d=mm&r=g","caption":"Editor"},"sameAs":["https:\/\/contrastes.com.co\/web"],"url":"https:\/\/contrastes.com.co\/web\/author\/jdbobadilla\/"}]}},"blog_post_layout_featured_media_urls":{"thumbnail":"","full":""},"categories_names":{"207":{"name":"Educaci\u00f3n","link":"https:\/\/contrastes.com.co\/web\/category\/educacion\/"},"23":{"name":"Locales","link":"https:\/\/contrastes.com.co\/web\/category\/locales\/"},"24":{"name":"Regi\u00f3n","link":"https:\/\/contrastes.com.co\/web\/category\/region\/"}},"tags_names":{"28":{"name":"alcaldia de Soledad","link":"https:\/\/contrastes.com.co\/web\/tag\/alcaldia-de-soledad\/"},"15":{"name":"gobernaci\u00f3n del Atl\u00e1ntico","link":"https:\/\/contrastes.com.co\/web\/tag\/gobernacion-del-atlantico\/"},"3688":{"name":"Jairo Contreras Capella","link":"https:\/\/contrastes.com.co\/web\/tag\/jairo-contreras-capella\/"},"3689":{"name":"rector de la Uniatl\u00e1ntico","link":"https:\/\/contrastes.com.co\/web\/tag\/rector-de-la-uniatlantico\/"},"1879":{"name":"Rodolfo Ucr\u00f3s Rosales","link":"https:\/\/contrastes.com.co\/web\/tag\/rodolfo-ucros-rosales\/"},"37":{"name":"Universidad del Atl\u00e1ntico","link":"https:\/\/contrastes.com.co\/web\/tag\/universidad-del-atlantico\/"}},"comments_number":"0","wpmagazine_modules_lite_featured_media_urls":{"thumbnail":"","cvmm-medium":"","cvmm-medium-plus":"","cvmm-portrait":"","cvmm-medium-square":"","cvmm-large":"","cvmm-small":"","full":""},"_links":{"self":[{"href":"https:\/\/contrastes.com.co\/web\/wp-json\/wp\/v2\/posts\/6402","targetHints":{"allow":["GET"]}}],"collection":[{"href":"https:\/\/contrastes.com.co\/web\/wp-json\/wp\/v2\/posts"}],"about":[{"href":"https:\/\/contrastes.com.co\/web\/wp-json\/wp\/v2\/types\/post"}],"author":[{"embeddable":true,"href":"https:\/\/contrastes.com.co\/web\/wp-json\/wp\/v2\/users\/1"}],"replies":[{"embeddable":true,"href":"https:\/\/contrastes.com.co\/web\/wp-json\/wp\/v2\/comments?post=6402"}],"version-history":[{"count":0,"href":"https:\/\/contrastes.com.co\/web\/wp-json\/wp\/v2\/posts\/6402\/revisions"}],"wp:attachment":[{"href":"https:\/\/contrastes.com.co\/web\/wp-json\/wp\/v2\/media?parent=6402"}],"wp:term":[{"taxonomy":"category","embeddable":true,"href":"https:\/\/contrastes.com.co\/web\/wp-json\/wp\/v2\/categories?post=6402"},{"taxonomy":"post_tag","embeddable":true,"href":"https:\/\/contrastes.com.co\/web\/wp-json\/wp\/v2\/tags?post=6402"}],"curies":[{"name":"wp","href":"https:\/\/api.w.org\/{rel}","templated":true}]}}