{"id":6431,"date":"2021-06-21T13:22:59","date_gmt":"2021-06-21T18:22:59","guid":{"rendered":"https:\/\/contrastes.com.co\/digital\/?p=6431"},"modified":"2021-06-21T13:22:59","modified_gmt":"2021-06-21T18:22:59","slug":"obras-de-reconstruccion-del-muelle-de-puerto-colombia-estan-en-su-recta-final","status":"publish","type":"post","link":"https:\/\/contrastes.com.co\/web\/2021\/06\/21\/obras-de-reconstruccion-del-muelle-de-puerto-colombia-estan-en-su-recta-final\/","title":{"rendered":"\u00abObras de reconstrucci\u00f3n del muelle de Puerto Colombia est\u00e1n en su recta final\u00bb"},"content":{"rendered":"<p><strong>\u201cLas obras de reconstrucci\u00f3n del muelle de Puerto Colombia est\u00e1n en su recta final\u201d: Elsa Noguera<\/strong><\/p>\n<blockquote><p><strong>* La Gobernadora del Atl\u00e1ntico inspeccion\u00f3 los trabajos que se ejecutan en la plaza y el muelle de Puerto Colombia, obras que impulsar\u00e1n el turismo y el disfrute del espacio p\u00fablico.<\/strong><\/p>\n<p><strong>* Los trabajos de la plaza tienen un avance f\u00edsico del 62 por ciento y cuenta con una inversi\u00f3n total de 23.908 millones de pesos.<\/strong><\/p>\n<p><strong>* La plaza se integrar\u00e1 con el muelle, a trav\u00e9s de lo que ser\u00e1 el Malec\u00f3n del Mar, y se sumar\u00e1 a un complejo tur\u00edstico, en el que se construir\u00e1 el Centro Internacional de Gastronom\u00eda, entre otros espacios destinados al turismo y el desarrollo productivo del municipio.<\/strong><\/p><\/blockquote>\n<p><strong>Puerto Colombia.-<\/strong> La <strong>gobernadora del Atl\u00e1ntico, Elsa Noguera<\/strong>, realiz\u00f3 una visita de inspecci\u00f3n de las obras que se ejecutan en la plaza y el muelle de Puerto Colombia, con el fin de revisar los avances. De acuerdo con la mandataria, las obras de recuperaci\u00f3n de los primeros 200 metros lineales del emblem\u00e1tico muelle ya est\u00e1n en su fase final y pronto ser\u00e1n entregadas para ponerlas al servicio de la comunidad porte\u00f1a y turistas.<\/p>\n<p><iframe style=\"border: none; overflow: hidden;\" src=\"https:\/\/www.facebook.com\/plugins\/video.php?height=314&amp;href=https%3A%2F%2Fwww.facebook.com%2Fguillo.pantoja.14%2Fvideos%2F512224950026996%2F&amp;show_text=false&amp;width=560&amp;t=0\" width=\"560\" height=\"314\" frameborder=\"0\" scrolling=\"no\" allowfullscreen=\"allowfullscreen\"><\/iframe><\/p>\n<p>\u201c<strong>Este fue el primer puerto mar\u00edtimo internacional que tuvo Colombia y el segundo muelle m\u00e1s largo del mundo.<\/strong> Por aqu\u00ed ingres\u00f3 el progreso y la modernidad al pa\u00eds, pero tambi\u00e9n por aqu\u00ed llegaron miles de migrantes, que se quedaron en el Atl\u00e1ntico por considerarlo un lugar lleno de oportunidades. Fue precisamente esa influencia de tantas culturas diferentes lo que nos hizo un departamento abierto al mundo y altamente innovador\u201d, afirm\u00f3 la Gobernadora.<\/p>\n<blockquote><p><strong><img decoding=\"async\" class=\"alignleft  wp-image-5834\" src=\"https:\/\/contrastes.com.co\/digital\/wp-content\/uploads\/2021\/05\/comillas.png\" alt=\"comillas\" width=\"38\" height=\"38\" \/>Los trabajos de la plaza tienen un avance f\u00edsico del 62 por ciento y cuenta con una inversi\u00f3n total de 23.908 millones de pesos.<\/strong><\/p><\/blockquote>\n<p>Noguera agreg\u00f3 que el pilotaje alcanz\u00f3 el 100 por ciento y los elementos prefabricados fueron instalados en su totalidad. Durante el proceso constructivo del muelle, se han generado 80 empleos directos, lo que ha contribuido a la dinamizaci\u00f3n de la econom\u00eda del municipio en medio de la reactivaci\u00f3n de los diferentes sectores.<\/p>\n<p>\u201cDe esta forma, el muelle se convertir\u00e1 en el punto obligado a visitar por parte de miles de turistas, que llegar\u00e1n a Puerto a vivir la experiencia de 1920\u201d, a\u00f1adi\u00f3 la mandataria departamental.<\/p>\n<p>En cuanto a las obras de la plaza principal del municipio, Elsa Noguera resalt\u00f3 que estar\u00e1 lista a finales de a\u00f1o y que, al igual que el muelle, impulsar\u00e1 el turismo a toda marcha y el disfrute del espacio p\u00fablico tanto para propios como visitantes.<\/p>\n<p>\u201cLas obras de la plaza se integran con el muelle, a trav\u00e9s de lo que ser\u00e1 <strong>el Malec\u00f3n del Mar<\/strong>. Lo que se sumar\u00e1 a un complejo tur\u00edstico, que contempla una playa ordenada para el disfrute del turismo de contemplaci\u00f3n, familiar y deportes n\u00e1uticos; el Centro Internacional de Gastronom\u00eda, para homenajear a los migrantes que llegaron a nuestro pa\u00eds, as\u00ed como una galer\u00eda de artesan\u00edas, senderos para el ecoturismo y conservaci\u00f3n de la zona de mangles\u201d, dijo la Gobernadora del Atl\u00e1ntico.<\/p>\n<p>&nbsp;<\/p>\n","protected":false},"excerpt":{"rendered":"<p>Puerto Colombia.- La gobernadora del Atl\u00e1ntico, Elsa Noguera, realiz\u00f3 una visita de inspecci\u00f3n de las obras que se ejecutan en la plaza y el muelle de Puerto Colombia, con el fin de revisar los avances. De acuerdo con la mandataria, las obras de recuperaci\u00f3n de los primeros 200 metros lineales del emblem\u00e1tico muelle ya est\u00e1n en su fase final y pronto ser\u00e1n entregadas para ponerlas al servicio de la comunidad porte\u00f1a y turistas.<\/p>\n","protected":false},"author":1,"featured_media":6432,"comment_status":"open","ping_status":"open","sticky":false,"template":"","format":"standard","meta":{"footnotes":""},"categories":[11,24,996],"tags":[3702,77,181,955,3703,441],"class_list":["post-6431","post","type-post","status-publish","format-standard","has-post-thumbnail","hentry","category-infraestructura","category-region","category-turismo","tag-el-malecon-del-mar","tag-elsa-noguera","tag-gobernadora-del-atlantico","tag-muelle-de-puerto-colombia","tag-obras-de-recosntruccion","tag-plaza-de-puerto-colombia"],"yoast_head":"<!-- This site is optimized with the Yoast SEO plugin v27.7 - https:\/\/yoast.com\/product\/yoast-seo-wordpress\/ -->\n<title>&quot;Obras de reconstrucci\u00f3n del muelle de Puerto Colombia est\u00e1n en su recta final&quot; - Constrastes<\/title>\n<meta name=\"description\" content=\"Puerto Colombia.- La gobernadora del Atl\u00e1ntico, Elsa Noguera, realiz\u00f3 una visita de inspecci\u00f3n de las obras que se ejecutan en la plaza y el muelle de Puerto Colombia, con el fin de revisar los avances. De acuerdo con la mandataria, las obras de recuperaci\u00f3n de los primeros 200 metros lineales del emblem\u00e1tico muelle ya est\u00e1n en su fase final y pronto ser\u00e1n entregadas para ponerlas al servicio de la comunidad porte\u00f1a y turistas.\" \/>\n<meta name=\"robots\" content=\"index, follow, max-snippet:-1, max-image-preview:large, max-video-preview:-1\" \/>\n<link rel=\"canonical\" href=\"https:\/\/contrastes.com.co\/web\/2021\/06\/21\/obras-de-reconstruccion-del-muelle-de-puerto-colombia-estan-en-su-recta-final\/\" \/>\n<meta property=\"og:locale\" content=\"es_ES\" \/>\n<meta property=\"og:type\" content=\"article\" \/>\n<meta property=\"og:title\" content=\"&quot;Obras de reconstrucci\u00f3n del muelle de Puerto Colombia est\u00e1n en su recta final&quot; - Constrastes\" \/>\n<meta property=\"og:description\" content=\"Puerto Colombia.- La gobernadora del Atl\u00e1ntico, Elsa Noguera, realiz\u00f3 una visita de inspecci\u00f3n de las obras que se ejecutan en la plaza y el muelle de Puerto Colombia, con el fin de revisar los avances. De acuerdo con la mandataria, las obras de recuperaci\u00f3n de los primeros 200 metros lineales del emblem\u00e1tico muelle ya est\u00e1n en su fase final y pronto ser\u00e1n entregadas para ponerlas al servicio de la comunidad porte\u00f1a y turistas.\" \/>\n<meta property=\"og:url\" content=\"https:\/\/contrastes.com.co\/web\/2021\/06\/21\/obras-de-reconstruccion-del-muelle-de-puerto-colombia-estan-en-su-recta-final\/\" \/>\n<meta property=\"og:site_name\" content=\"Constrastes\" \/>\n<meta property=\"article:publisher\" content=\"https:\/\/www.facebook.com\/guillo.pantoja.1\" \/>\n<meta property=\"article:published_time\" content=\"2021-06-21T18:22:59+00:00\" \/>\n<meta name=\"author\" content=\"Editor\" \/>\n<meta name=\"twitter:card\" content=\"summary_large_image\" \/>\n<meta name=\"twitter:label1\" content=\"Escrito por\" \/>\n\t<meta name=\"twitter:data1\" content=\"Editor\" \/>\n\t<meta name=\"twitter:label2\" content=\"Tiempo de lectura\" \/>\n\t<meta name=\"twitter:data2\" content=\"3 minutos\" \/>\n<script type=\"application\/ld+json\" class=\"yoast-schema-graph\">{\"@context\":\"https:\\\/\\\/schema.org\",\"@graph\":[{\"@type\":\"Article\",\"@id\":\"https:\\\/\\\/contrastes.com.co\\\/web\\\/2021\\\/06\\\/21\\\/obras-de-reconstruccion-del-muelle-de-puerto-colombia-estan-en-su-recta-final\\\/#article\",\"isPartOf\":{\"@id\":\"https:\\\/\\\/contrastes.com.co\\\/web\\\/2021\\\/06\\\/21\\\/obras-de-reconstruccion-del-muelle-de-puerto-colombia-estan-en-su-recta-final\\\/\"},\"author\":{\"name\":\"Editor\",\"@id\":\"https:\\\/\\\/contrastes.com.co\\\/web\\\/#\\\/schema\\\/person\\\/62ef7a62dc4da6de450c71fc2e95ed02\"},\"headline\":\"\u00abObras de reconstrucci\u00f3n del muelle de Puerto Colombia est\u00e1n en su recta final\u00bb\",\"datePublished\":\"2021-06-21T18:22:59+00:00\",\"mainEntityOfPage\":{\"@id\":\"https:\\\/\\\/contrastes.com.co\\\/web\\\/2021\\\/06\\\/21\\\/obras-de-reconstruccion-del-muelle-de-puerto-colombia-estan-en-su-recta-final\\\/\"},\"wordCount\":548,\"commentCount\":0,\"publisher\":{\"@id\":\"https:\\\/\\\/contrastes.com.co\\\/web\\\/#organization\"},\"image\":{\"@id\":\"https:\\\/\\\/contrastes.com.co\\\/web\\\/2021\\\/06\\\/21\\\/obras-de-reconstruccion-del-muelle-de-puerto-colombia-estan-en-su-recta-final\\\/#primaryimage\"},\"thumbnailUrl\":\"\",\"keywords\":[\"el Malec\u00f3n del Mar\",\"elsa noguera\",\"Gobernadora del Atl\u00e1ntico\",\"muelle de Puerto Colombia\",\"obras de recosntrucci\u00f3n\",\"plaza de Puerto Colombia\"],\"articleSection\":[\"Infraestructura\",\"Regi\u00f3n\",\"Turismo\"],\"inLanguage\":\"es\",\"potentialAction\":[{\"@type\":\"CommentAction\",\"name\":\"Comment\",\"target\":[\"https:\\\/\\\/contrastes.com.co\\\/web\\\/2021\\\/06\\\/21\\\/obras-de-reconstruccion-del-muelle-de-puerto-colombia-estan-en-su-recta-final\\\/#respond\"]}]},{\"@type\":\"WebPage\",\"@id\":\"https:\\\/\\\/contrastes.com.co\\\/web\\\/2021\\\/06\\\/21\\\/obras-de-reconstruccion-del-muelle-de-puerto-colombia-estan-en-su-recta-final\\\/\",\"url\":\"https:\\\/\\\/contrastes.com.co\\\/web\\\/2021\\\/06\\\/21\\\/obras-de-reconstruccion-del-muelle-de-puerto-colombia-estan-en-su-recta-final\\\/\",\"name\":\"\\\"Obras de reconstrucci\u00f3n del muelle de Puerto Colombia est\u00e1n en su recta final\\\" - Constrastes\",\"isPartOf\":{\"@id\":\"https:\\\/\\\/contrastes.com.co\\\/web\\\/#website\"},\"primaryImageOfPage\":{\"@id\":\"https:\\\/\\\/contrastes.com.co\\\/web\\\/2021\\\/06\\\/21\\\/obras-de-reconstruccion-del-muelle-de-puerto-colombia-estan-en-su-recta-final\\\/#primaryimage\"},\"image\":{\"@id\":\"https:\\\/\\\/contrastes.com.co\\\/web\\\/2021\\\/06\\\/21\\\/obras-de-reconstruccion-del-muelle-de-puerto-colombia-estan-en-su-recta-final\\\/#primaryimage\"},\"thumbnailUrl\":\"\",\"datePublished\":\"2021-06-21T18:22:59+00:00\",\"description\":\"Puerto Colombia.- La gobernadora del Atl\u00e1ntico, Elsa Noguera, realiz\u00f3 una visita de inspecci\u00f3n de las obras que se ejecutan en la plaza y el muelle de Puerto Colombia, con el fin de revisar los avances. De acuerdo con la mandataria, las obras de recuperaci\u00f3n de los primeros 200 metros lineales del emblem\u00e1tico muelle ya est\u00e1n en su fase final y pronto ser\u00e1n entregadas para ponerlas al servicio de la comunidad porte\u00f1a y turistas.\",\"breadcrumb\":{\"@id\":\"https:\\\/\\\/contrastes.com.co\\\/web\\\/2021\\\/06\\\/21\\\/obras-de-reconstruccion-del-muelle-de-puerto-colombia-estan-en-su-recta-final\\\/#breadcrumb\"},\"inLanguage\":\"es\",\"potentialAction\":[{\"@type\":\"ReadAction\",\"target\":[\"https:\\\/\\\/contrastes.com.co\\\/web\\\/2021\\\/06\\\/21\\\/obras-de-reconstruccion-del-muelle-de-puerto-colombia-estan-en-su-recta-final\\\/\"]}]},{\"@type\":\"ImageObject\",\"inLanguage\":\"es\",\"@id\":\"https:\\\/\\\/contrastes.com.co\\\/web\\\/2021\\\/06\\\/21\\\/obras-de-reconstruccion-del-muelle-de-puerto-colombia-estan-en-su-recta-final\\\/#primaryimage\",\"url\":\"\",\"contentUrl\":\"\"},{\"@type\":\"BreadcrumbList\",\"@id\":\"https:\\\/\\\/contrastes.com.co\\\/web\\\/2021\\\/06\\\/21\\\/obras-de-reconstruccion-del-muelle-de-puerto-colombia-estan-en-su-recta-final\\\/#breadcrumb\",\"itemListElement\":[{\"@type\":\"ListItem\",\"position\":1,\"name\":\"Portada\",\"item\":\"https:\\\/\\\/contrastes.com.co\\\/web\\\/\"},{\"@type\":\"ListItem\",\"position\":2,\"name\":\"\u00abObras de reconstrucci\u00f3n del muelle de Puerto Colombia est\u00e1n en su recta final\u00bb\"}]},{\"@type\":\"WebSite\",\"@id\":\"https:\\\/\\\/contrastes.com.co\\\/web\\\/#website\",\"url\":\"https:\\\/\\\/contrastes.com.co\\\/web\\\/\",\"name\":\"Contrastes\",\"description\":\"Periodismo de Conciencia\",\"publisher\":{\"@id\":\"https:\\\/\\\/contrastes.com.co\\\/web\\\/#organization\"},\"potentialAction\":[{\"@type\":\"SearchAction\",\"target\":{\"@type\":\"EntryPoint\",\"urlTemplate\":\"https:\\\/\\\/contrastes.com.co\\\/web\\\/?s={search_term_string}\"},\"query-input\":{\"@type\":\"PropertyValueSpecification\",\"valueRequired\":true,\"valueName\":\"search_term_string\"}}],\"inLanguage\":\"es\"},{\"@type\":\"Organization\",\"@id\":\"https:\\\/\\\/contrastes.com.co\\\/web\\\/#organization\",\"name\":\"Contrastes\",\"url\":\"https:\\\/\\\/contrastes.com.co\\\/web\\\/\",\"logo\":{\"@type\":\"ImageObject\",\"inLanguage\":\"es\",\"@id\":\"https:\\\/\\\/contrastes.com.co\\\/web\\\/#\\\/schema\\\/logo\\\/image\\\/\",\"url\":\"https:\\\/\\\/contrastes.com.co\\\/web\\\/wp-content\\\/uploads\\\/2025\\\/04\\\/15CONTRASTES3.png\",\"contentUrl\":\"https:\\\/\\\/contrastes.com.co\\\/web\\\/wp-content\\\/uploads\\\/2025\\\/04\\\/15CONTRASTES3.png\",\"width\":1536,\"height\":231,\"caption\":\"Contrastes\"},\"image\":{\"@id\":\"https:\\\/\\\/contrastes.com.co\\\/web\\\/#\\\/schema\\\/logo\\\/image\\\/\"},\"sameAs\":[\"https:\\\/\\\/www.facebook.com\\\/guillo.pantoja.1\"]},{\"@type\":\"Person\",\"@id\":\"https:\\\/\\\/contrastes.com.co\\\/web\\\/#\\\/schema\\\/person\\\/62ef7a62dc4da6de450c71fc2e95ed02\",\"name\":\"Editor\",\"image\":{\"@type\":\"ImageObject\",\"inLanguage\":\"es\",\"@id\":\"https:\\\/\\\/secure.gravatar.com\\\/avatar\\\/7bbb4f718d74bbf600dc556253bb04fd7ac8593751d6e2e3b85432d98aefae80?s=96&d=mm&r=g\",\"url\":\"https:\\\/\\\/secure.gravatar.com\\\/avatar\\\/7bbb4f718d74bbf600dc556253bb04fd7ac8593751d6e2e3b85432d98aefae80?s=96&d=mm&r=g\",\"contentUrl\":\"https:\\\/\\\/secure.gravatar.com\\\/avatar\\\/7bbb4f718d74bbf600dc556253bb04fd7ac8593751d6e2e3b85432d98aefae80?s=96&d=mm&r=g\",\"caption\":\"Editor\"},\"sameAs\":[\"https:\\\/\\\/contrastes.com.co\\\/web\"],\"url\":\"https:\\\/\\\/contrastes.com.co\\\/web\\\/author\\\/jdbobadilla\\\/\"}]}<\/script>\n<!-- \/ Yoast SEO plugin. -->","yoast_head_json":{"title":"\"Obras de reconstrucci\u00f3n del muelle de Puerto Colombia est\u00e1n en su recta final\" - Constrastes","description":"Puerto Colombia.- La gobernadora del Atl\u00e1ntico, Elsa Noguera, realiz\u00f3 una visita de inspecci\u00f3n de las obras que se ejecutan en la plaza y el muelle de Puerto Colombia, con el fin de revisar los avances. De acuerdo con la mandataria, las obras de recuperaci\u00f3n de los primeros 200 metros lineales del emblem\u00e1tico muelle ya est\u00e1n en su fase final y pronto ser\u00e1n entregadas para ponerlas al servicio de la comunidad porte\u00f1a y turistas.","robots":{"index":"index","follow":"follow","max-snippet":"max-snippet:-1","max-image-preview":"max-image-preview:large","max-video-preview":"max-video-preview:-1"},"canonical":"https:\/\/contrastes.com.co\/web\/2021\/06\/21\/obras-de-reconstruccion-del-muelle-de-puerto-colombia-estan-en-su-recta-final\/","og_locale":"es_ES","og_type":"article","og_title":"\"Obras de reconstrucci\u00f3n del muelle de Puerto Colombia est\u00e1n en su recta final\" - Constrastes","og_description":"Puerto Colombia.- La gobernadora del Atl\u00e1ntico, Elsa Noguera, realiz\u00f3 una visita de inspecci\u00f3n de las obras que se ejecutan en la plaza y el muelle de Puerto Colombia, con el fin de revisar los avances. De acuerdo con la mandataria, las obras de recuperaci\u00f3n de los primeros 200 metros lineales del emblem\u00e1tico muelle ya est\u00e1n en su fase final y pronto ser\u00e1n entregadas para ponerlas al servicio de la comunidad porte\u00f1a y turistas.","og_url":"https:\/\/contrastes.com.co\/web\/2021\/06\/21\/obras-de-reconstruccion-del-muelle-de-puerto-colombia-estan-en-su-recta-final\/","og_site_name":"Constrastes","article_publisher":"https:\/\/www.facebook.com\/guillo.pantoja.1","article_published_time":"2021-06-21T18:22:59+00:00","author":"Editor","twitter_card":"summary_large_image","twitter_misc":{"Escrito por":"Editor","Tiempo de lectura":"3 minutos"},"schema":{"@context":"https:\/\/schema.org","@graph":[{"@type":"Article","@id":"https:\/\/contrastes.com.co\/web\/2021\/06\/21\/obras-de-reconstruccion-del-muelle-de-puerto-colombia-estan-en-su-recta-final\/#article","isPartOf":{"@id":"https:\/\/contrastes.com.co\/web\/2021\/06\/21\/obras-de-reconstruccion-del-muelle-de-puerto-colombia-estan-en-su-recta-final\/"},"author":{"name":"Editor","@id":"https:\/\/contrastes.com.co\/web\/#\/schema\/person\/62ef7a62dc4da6de450c71fc2e95ed02"},"headline":"\u00abObras de reconstrucci\u00f3n del muelle de Puerto Colombia est\u00e1n en su recta final\u00bb","datePublished":"2021-06-21T18:22:59+00:00","mainEntityOfPage":{"@id":"https:\/\/contrastes.com.co\/web\/2021\/06\/21\/obras-de-reconstruccion-del-muelle-de-puerto-colombia-estan-en-su-recta-final\/"},"wordCount":548,"commentCount":0,"publisher":{"@id":"https:\/\/contrastes.com.co\/web\/#organization"},"image":{"@id":"https:\/\/contrastes.com.co\/web\/2021\/06\/21\/obras-de-reconstruccion-del-muelle-de-puerto-colombia-estan-en-su-recta-final\/#primaryimage"},"thumbnailUrl":"","keywords":["el Malec\u00f3n del Mar","elsa noguera","Gobernadora del Atl\u00e1ntico","muelle de Puerto Colombia","obras de recosntrucci\u00f3n","plaza de Puerto Colombia"],"articleSection":["Infraestructura","Regi\u00f3n","Turismo"],"inLanguage":"es","potentialAction":[{"@type":"CommentAction","name":"Comment","target":["https:\/\/contrastes.com.co\/web\/2021\/06\/21\/obras-de-reconstruccion-del-muelle-de-puerto-colombia-estan-en-su-recta-final\/#respond"]}]},{"@type":"WebPage","@id":"https:\/\/contrastes.com.co\/web\/2021\/06\/21\/obras-de-reconstruccion-del-muelle-de-puerto-colombia-estan-en-su-recta-final\/","url":"https:\/\/contrastes.com.co\/web\/2021\/06\/21\/obras-de-reconstruccion-del-muelle-de-puerto-colombia-estan-en-su-recta-final\/","name":"\"Obras de reconstrucci\u00f3n del muelle de Puerto Colombia est\u00e1n en su recta final\" - Constrastes","isPartOf":{"@id":"https:\/\/contrastes.com.co\/web\/#website"},"primaryImageOfPage":{"@id":"https:\/\/contrastes.com.co\/web\/2021\/06\/21\/obras-de-reconstruccion-del-muelle-de-puerto-colombia-estan-en-su-recta-final\/#primaryimage"},"image":{"@id":"https:\/\/contrastes.com.co\/web\/2021\/06\/21\/obras-de-reconstruccion-del-muelle-de-puerto-colombia-estan-en-su-recta-final\/#primaryimage"},"thumbnailUrl":"","datePublished":"2021-06-21T18:22:59+00:00","description":"Puerto Colombia.- La gobernadora del Atl\u00e1ntico, Elsa Noguera, realiz\u00f3 una visita de inspecci\u00f3n de las obras que se ejecutan en la plaza y el muelle de Puerto Colombia, con el fin de revisar los avances. De acuerdo con la mandataria, las obras de recuperaci\u00f3n de los primeros 200 metros lineales del emblem\u00e1tico muelle ya est\u00e1n en su fase final y pronto ser\u00e1n entregadas para ponerlas al servicio de la comunidad porte\u00f1a y turistas.","breadcrumb":{"@id":"https:\/\/contrastes.com.co\/web\/2021\/06\/21\/obras-de-reconstruccion-del-muelle-de-puerto-colombia-estan-en-su-recta-final\/#breadcrumb"},"inLanguage":"es","potentialAction":[{"@type":"ReadAction","target":["https:\/\/contrastes.com.co\/web\/2021\/06\/21\/obras-de-reconstruccion-del-muelle-de-puerto-colombia-estan-en-su-recta-final\/"]}]},{"@type":"ImageObject","inLanguage":"es","@id":"https:\/\/contrastes.com.co\/web\/2021\/06\/21\/obras-de-reconstruccion-del-muelle-de-puerto-colombia-estan-en-su-recta-final\/#primaryimage","url":"","contentUrl":""},{"@type":"BreadcrumbList","@id":"https:\/\/contrastes.com.co\/web\/2021\/06\/21\/obras-de-reconstruccion-del-muelle-de-puerto-colombia-estan-en-su-recta-final\/#breadcrumb","itemListElement":[{"@type":"ListItem","position":1,"name":"Portada","item":"https:\/\/contrastes.com.co\/web\/"},{"@type":"ListItem","position":2,"name":"\u00abObras de reconstrucci\u00f3n del muelle de Puerto Colombia est\u00e1n en su recta final\u00bb"}]},{"@type":"WebSite","@id":"https:\/\/contrastes.com.co\/web\/#website","url":"https:\/\/contrastes.com.co\/web\/","name":"Contrastes","description":"Periodismo de Conciencia","publisher":{"@id":"https:\/\/contrastes.com.co\/web\/#organization"},"potentialAction":[{"@type":"SearchAction","target":{"@type":"EntryPoint","urlTemplate":"https:\/\/contrastes.com.co\/web\/?s={search_term_string}"},"query-input":{"@type":"PropertyValueSpecification","valueRequired":true,"valueName":"search_term_string"}}],"inLanguage":"es"},{"@type":"Organization","@id":"https:\/\/contrastes.com.co\/web\/#organization","name":"Contrastes","url":"https:\/\/contrastes.com.co\/web\/","logo":{"@type":"ImageObject","inLanguage":"es","@id":"https:\/\/contrastes.com.co\/web\/#\/schema\/logo\/image\/","url":"https:\/\/contrastes.com.co\/web\/wp-content\/uploads\/2025\/04\/15CONTRASTES3.png","contentUrl":"https:\/\/contrastes.com.co\/web\/wp-content\/uploads\/2025\/04\/15CONTRASTES3.png","width":1536,"height":231,"caption":"Contrastes"},"image":{"@id":"https:\/\/contrastes.com.co\/web\/#\/schema\/logo\/image\/"},"sameAs":["https:\/\/www.facebook.com\/guillo.pantoja.1"]},{"@type":"Person","@id":"https:\/\/contrastes.com.co\/web\/#\/schema\/person\/62ef7a62dc4da6de450c71fc2e95ed02","name":"Editor","image":{"@type":"ImageObject","inLanguage":"es","@id":"https:\/\/secure.gravatar.com\/avatar\/7bbb4f718d74bbf600dc556253bb04fd7ac8593751d6e2e3b85432d98aefae80?s=96&d=mm&r=g","url":"https:\/\/secure.gravatar.com\/avatar\/7bbb4f718d74bbf600dc556253bb04fd7ac8593751d6e2e3b85432d98aefae80?s=96&d=mm&r=g","contentUrl":"https:\/\/secure.gravatar.com\/avatar\/7bbb4f718d74bbf600dc556253bb04fd7ac8593751d6e2e3b85432d98aefae80?s=96&d=mm&r=g","caption":"Editor"},"sameAs":["https:\/\/contrastes.com.co\/web"],"url":"https:\/\/contrastes.com.co\/web\/author\/jdbobadilla\/"}]}},"blog_post_layout_featured_media_urls":{"thumbnail":"","full":""},"categories_names":{"11":{"name":"Infraestructura","link":"https:\/\/contrastes.com.co\/web\/category\/infraestructura\/"},"24":{"name":"Regi\u00f3n","link":"https:\/\/contrastes.com.co\/web\/category\/region\/"},"996":{"name":"Turismo","link":"https:\/\/contrastes.com.co\/web\/category\/turismo\/"}},"tags_names":{"3702":{"name":"el Malec\u00f3n del Mar","link":"https:\/\/contrastes.com.co\/web\/tag\/el-malecon-del-mar\/"},"77":{"name":"elsa noguera","link":"https:\/\/contrastes.com.co\/web\/tag\/elsa-noguera\/"},"181":{"name":"Gobernadora del Atl\u00e1ntico","link":"https:\/\/contrastes.com.co\/web\/tag\/gobernadora-del-atlantico\/"},"955":{"name":"muelle de Puerto Colombia","link":"https:\/\/contrastes.com.co\/web\/tag\/muelle-de-puerto-colombia\/"},"3703":{"name":"obras de recosntrucci\u00f3n","link":"https:\/\/contrastes.com.co\/web\/tag\/obras-de-recosntruccion\/"},"441":{"name":"plaza de Puerto Colombia","link":"https:\/\/contrastes.com.co\/web\/tag\/plaza-de-puerto-colombia\/"}},"comments_number":"0","wpmagazine_modules_lite_featured_media_urls":{"thumbnail":"","cvmm-medium":"","cvmm-medium-plus":"","cvmm-portrait":"","cvmm-medium-square":"","cvmm-large":"","cvmm-small":"","full":""},"_links":{"self":[{"href":"https:\/\/contrastes.com.co\/web\/wp-json\/wp\/v2\/posts\/6431","targetHints":{"allow":["GET"]}}],"collection":[{"href":"https:\/\/contrastes.com.co\/web\/wp-json\/wp\/v2\/posts"}],"about":[{"href":"https:\/\/contrastes.com.co\/web\/wp-json\/wp\/v2\/types\/post"}],"author":[{"embeddable":true,"href":"https:\/\/contrastes.com.co\/web\/wp-json\/wp\/v2\/users\/1"}],"replies":[{"embeddable":true,"href":"https:\/\/contrastes.com.co\/web\/wp-json\/wp\/v2\/comments?post=6431"}],"version-history":[{"count":0,"href":"https:\/\/contrastes.com.co\/web\/wp-json\/wp\/v2\/posts\/6431\/revisions"}],"wp:attachment":[{"href":"https:\/\/contrastes.com.co\/web\/wp-json\/wp\/v2\/media?parent=6431"}],"wp:term":[{"taxonomy":"category","embeddable":true,"href":"https:\/\/contrastes.com.co\/web\/wp-json\/wp\/v2\/categories?post=6431"},{"taxonomy":"post_tag","embeddable":true,"href":"https:\/\/contrastes.com.co\/web\/wp-json\/wp\/v2\/tags?post=6431"}],"curies":[{"name":"wp","href":"https:\/\/api.w.org\/{rel}","templated":true}]}}