{"id":6491,"date":"2021-06-24T20:35:03","date_gmt":"2021-06-25T01:35:03","guid":{"rendered":"https:\/\/contrastes.com.co\/digital\/?p=6491"},"modified":"2021-06-24T20:35:03","modified_gmt":"2021-06-25T01:35:03","slug":"50-promotores-del-transito-del-atlantico-fortalecen-la-seguridad-vial-en-17-municipios","status":"publish","type":"post","link":"https:\/\/contrastes.com.co\/web\/2021\/06\/24\/50-promotores-del-transito-del-atlantico-fortalecen-la-seguridad-vial-en-17-municipios\/","title":{"rendered":"50 promotores del Tr\u00e1nsito del Atl\u00e1ntico fortalecen la seguridad vial en 17 municipios"},"content":{"rendered":"<p><strong>50 promotores del Tr\u00e1nsito del Atl\u00e1ntico fortalecen la seguridad vial en 17 municipios<\/strong><\/p>\n<blockquote><p><strong>\u2022 Adem\u00e1s de regular el tr\u00e1fico, los promotores participan en campa\u00f1as de educaci\u00f3n vial.<\/strong><\/p>\n<p><strong>\u2022 El objetivo es orientar la circulaci\u00f3n de los actores viales en las intersecciones, en horas de mayor flujo vehicular, para evitar y disminuir embotellamientos o accidentes.<\/strong><\/p>\n<p><strong>\u2022 Esta estrategia se empez\u00f3 a implementar en marzo de este a\u00f1o y se mantendr\u00e1 activa durante todo el 2021, para garantizar la presencia del Tr\u00e1nsito en las cabeceras municipales.<\/strong><\/p><\/blockquote>\n<p><strong>Sabanagrande.-<\/strong> Encontrarse con conductores o peatones que cometan imprudencias viales, desconocer la ruta o no tener claras las se\u00f1ales de Tr\u00e1nsito son algunos de los factores que pueden entorpecer los recorridos al interior de los municipios del Atl\u00e1ntico.<\/p>\n<p>Es por ello que <strong>el Tr\u00e1nsito del Atl\u00e1ntico<\/strong> capacit\u00f3 y envi\u00f3 a las calles a 50 promotores de seguridad vial, quienes hacen presencia diaria en los 17 municipios que comprenden la jurisdicci\u00f3n de la entidad, con el objetivo de orientar la circulaci\u00f3n de los actores viales en las intersecciones, en horas de mayor flujo vehicular, para evitar y disminuir embotellamientos o accidentes.<\/p>\n<p><img fetchpriority=\"high\" decoding=\"async\" class=\"size-full wp-image-6493 aligncenter\" src=\"https:\/\/contrastes.com.co\/digital\/wp-content\/uploads\/2021\/06\/seguridad-vial-2.jpg\" alt=\"seguridad vial 2\" width=\"1200\" height=\"783\" \/><\/p>\n<p>Esta estrategia se empez\u00f3 a implementar en marzo de este a\u00f1o y se mantendr\u00e1 activa durante todo el 2021, para garantizar la presencia del Tr\u00e1nsito en las cabeceras municipales y una constante educaci\u00f3n vial a los ciudadanos.<\/p>\n<p>De acuerdo con la <strong>directora del Tr\u00e1nsito del Atl\u00e1ntico, Susana Cadavid<\/strong>, la presencia de los promotores viales en los municipios se ve reflejada de manera positiva en la reducci\u00f3n de los accidentes menores, que se pudieran registrar, y en la optimizaci\u00f3n del flujo vehicular.<\/p>\n<p>\u201cLos promotores viales son un apoyo muy importante para nuestros agentes de Tr\u00e1nsito, pues ellos son los ojos de las autoridades en las v\u00edas municipales mientras se realizan controles operativos en las v\u00edas secundarias\u201d, detall\u00f3 Susana Cadavid.<\/p>\n<p><img decoding=\"async\" class=\"size-full wp-image-6494 aligncenter\" src=\"https:\/\/contrastes.com.co\/digital\/wp-content\/uploads\/2021\/06\/seguridad-vial-3.jpg\" alt=\"seguridad vial 3\" width=\"1200\" height=\"783\" \/><\/p>\n<p>La funcionaria destac\u00f3 que los promotores est\u00e1n capacitados para brindar informaci\u00f3n importante sobre leyes y normas concernientes al tr\u00e1nsito y al comportamiento en las v\u00edas, as\u00ed como para brindar una atenci\u00f3n primaria ante inconvenientes que se puedan presentar en las calles, entretanto las autoridades encargadas hacen frente a estas situaciones.<\/p>\n<p>As\u00ed mismo, los <strong>promotores de seguridad vial<\/strong> del Tr\u00e1nsito del Atl\u00e1ntico brindan apoyo al desarrollo de actividades y eventos en los municipios, a solicitud de las Alcald\u00edas o la Gobernaci\u00f3n y sus dependencias, velando siempre por el buen comportamiento y la seguridad de todos los actores viales.<\/p>\n<p><img decoding=\"async\" class=\"size-full wp-image-6495 aligncenter\" src=\"https:\/\/contrastes.com.co\/digital\/wp-content\/uploads\/2021\/06\/seguridad-vial-4.jpg\" alt=\"seguridad vial 4\" width=\"1200\" height=\"783\" \/><\/p>\n<p>\u201cEstamos comprometidos en continuar ejecutando estrategias que nos permitan garantizar la seguridad vial del Atl\u00e1ntico. Agentes, promotores viales, educadores y dem\u00e1s representantes de nuestra autoridad en las v\u00edas han demostrado que juntos es posible seguir avanzando y reducir los \u00edndices de siniestralidad, siempre y cuando contemos con el respaldo de la ciudadan\u00eda\u201d, concluy\u00f3 la Directora del Tr\u00e1nsito del Atl\u00e1ntico.<\/p>\n","protected":false},"excerpt":{"rendered":"<p>Encontrarse con conductores o peatones que cometan imprudencias viales, desconocer la ruta o no tener claras las se\u00f1ales de Tr\u00e1nsito son algunos de los factores que pueden entorpecer los recorridos al interior de los municipios del Atl\u00e1ntico.<\/p>\n","protected":false},"author":1,"featured_media":6492,"comment_status":"open","ping_status":"open","sticky":false,"template":"","format":"standard","meta":{"footnotes":""},"categories":[24,53,1395],"tags":[3583,15,3748,921],"class_list":["post-6491","post","type-post","status-publish","format-standard","has-post-thumbnail","hentry","category-region","category-seguridad-ciudadana","category-vias-y-movilidad","tag-directora-del-transito-del-atlantico","tag-gobernacion-del-atlantico","tag-promotores-de-seguridad-vial","tag-susana-cadavid"],"yoast_head":"<!-- This site is optimized with the Yoast SEO plugin v27.7 - https:\/\/yoast.com\/product\/yoast-seo-wordpress\/ -->\n<title>50 promotores del Tr\u00e1nsito del Atl\u00e1ntico fortalecen la seguridad vial en 17 municipios - Constrastes<\/title>\n<meta name=\"description\" content=\"Encontrarse con conductores o peatones que cometan imprudencias viales, desconocer la ruta o no tener claras las se\u00f1ales de Tr\u00e1nsito son algunos de los factores que pueden entorpecer los recorridos al interior de los municipios del Atl\u00e1ntico.\" \/>\n<meta name=\"robots\" content=\"index, follow, max-snippet:-1, max-image-preview:large, max-video-preview:-1\" \/>\n<link rel=\"canonical\" href=\"https:\/\/contrastes.com.co\/web\/2021\/06\/24\/50-promotores-del-transito-del-atlantico-fortalecen-la-seguridad-vial-en-17-municipios\/\" \/>\n<meta property=\"og:locale\" content=\"es_ES\" \/>\n<meta property=\"og:type\" content=\"article\" \/>\n<meta property=\"og:title\" content=\"50 promotores del Tr\u00e1nsito del Atl\u00e1ntico fortalecen la seguridad vial en 17 municipios - Constrastes\" \/>\n<meta property=\"og:description\" content=\"Encontrarse con conductores o peatones que cometan imprudencias viales, desconocer la ruta o no tener claras las se\u00f1ales de Tr\u00e1nsito son algunos de los factores que pueden entorpecer los recorridos al interior de los municipios del Atl\u00e1ntico.\" \/>\n<meta property=\"og:url\" content=\"https:\/\/contrastes.com.co\/web\/2021\/06\/24\/50-promotores-del-transito-del-atlantico-fortalecen-la-seguridad-vial-en-17-municipios\/\" \/>\n<meta property=\"og:site_name\" content=\"Constrastes\" \/>\n<meta property=\"article:publisher\" content=\"https:\/\/www.facebook.com\/guillo.pantoja.1\" \/>\n<meta property=\"article:published_time\" content=\"2021-06-25T01:35:03+00:00\" \/>\n<meta name=\"author\" content=\"Editor\" \/>\n<meta name=\"twitter:card\" content=\"summary_large_image\" \/>\n<meta name=\"twitter:label1\" content=\"Escrito por\" \/>\n\t<meta name=\"twitter:data1\" content=\"Editor\" \/>\n\t<meta name=\"twitter:label2\" content=\"Tiempo de lectura\" \/>\n\t<meta name=\"twitter:data2\" content=\"2 minutos\" \/>\n<script type=\"application\/ld+json\" class=\"yoast-schema-graph\">{\"@context\":\"https:\\\/\\\/schema.org\",\"@graph\":[{\"@type\":\"Article\",\"@id\":\"https:\\\/\\\/contrastes.com.co\\\/web\\\/2021\\\/06\\\/24\\\/50-promotores-del-transito-del-atlantico-fortalecen-la-seguridad-vial-en-17-municipios\\\/#article\",\"isPartOf\":{\"@id\":\"https:\\\/\\\/contrastes.com.co\\\/web\\\/2021\\\/06\\\/24\\\/50-promotores-del-transito-del-atlantico-fortalecen-la-seguridad-vial-en-17-municipios\\\/\"},\"author\":{\"name\":\"Editor\",\"@id\":\"https:\\\/\\\/contrastes.com.co\\\/web\\\/#\\\/schema\\\/person\\\/62ef7a62dc4da6de450c71fc2e95ed02\"},\"headline\":\"50 promotores del Tr\u00e1nsito del Atl\u00e1ntico fortalecen la seguridad vial en 17 municipios\",\"datePublished\":\"2021-06-25T01:35:03+00:00\",\"mainEntityOfPage\":{\"@id\":\"https:\\\/\\\/contrastes.com.co\\\/web\\\/2021\\\/06\\\/24\\\/50-promotores-del-transito-del-atlantico-fortalecen-la-seguridad-vial-en-17-municipios\\\/\"},\"wordCount\":504,\"commentCount\":0,\"publisher\":{\"@id\":\"https:\\\/\\\/contrastes.com.co\\\/web\\\/#organization\"},\"image\":{\"@id\":\"https:\\\/\\\/contrastes.com.co\\\/web\\\/2021\\\/06\\\/24\\\/50-promotores-del-transito-del-atlantico-fortalecen-la-seguridad-vial-en-17-municipios\\\/#primaryimage\"},\"thumbnailUrl\":\"\",\"keywords\":[\"directora del Tr\u00e1nsito del Atl\u00e1ntico\",\"gobernaci\u00f3n del Atl\u00e1ntico\",\"promotores de seguridad vial\",\"Susana Cadavid\"],\"articleSection\":[\"Regi\u00f3n\",\"Seguridad Ciudadana\",\"V\u00edas y Movilidad\"],\"inLanguage\":\"es\",\"potentialAction\":[{\"@type\":\"CommentAction\",\"name\":\"Comment\",\"target\":[\"https:\\\/\\\/contrastes.com.co\\\/web\\\/2021\\\/06\\\/24\\\/50-promotores-del-transito-del-atlantico-fortalecen-la-seguridad-vial-en-17-municipios\\\/#respond\"]}]},{\"@type\":\"WebPage\",\"@id\":\"https:\\\/\\\/contrastes.com.co\\\/web\\\/2021\\\/06\\\/24\\\/50-promotores-del-transito-del-atlantico-fortalecen-la-seguridad-vial-en-17-municipios\\\/\",\"url\":\"https:\\\/\\\/contrastes.com.co\\\/web\\\/2021\\\/06\\\/24\\\/50-promotores-del-transito-del-atlantico-fortalecen-la-seguridad-vial-en-17-municipios\\\/\",\"name\":\"50 promotores del Tr\u00e1nsito del Atl\u00e1ntico fortalecen la seguridad vial en 17 municipios - Constrastes\",\"isPartOf\":{\"@id\":\"https:\\\/\\\/contrastes.com.co\\\/web\\\/#website\"},\"primaryImageOfPage\":{\"@id\":\"https:\\\/\\\/contrastes.com.co\\\/web\\\/2021\\\/06\\\/24\\\/50-promotores-del-transito-del-atlantico-fortalecen-la-seguridad-vial-en-17-municipios\\\/#primaryimage\"},\"image\":{\"@id\":\"https:\\\/\\\/contrastes.com.co\\\/web\\\/2021\\\/06\\\/24\\\/50-promotores-del-transito-del-atlantico-fortalecen-la-seguridad-vial-en-17-municipios\\\/#primaryimage\"},\"thumbnailUrl\":\"\",\"datePublished\":\"2021-06-25T01:35:03+00:00\",\"description\":\"Encontrarse con conductores o peatones que cometan imprudencias viales, desconocer la ruta o no tener claras las se\u00f1ales de Tr\u00e1nsito son algunos de los factores que pueden entorpecer los recorridos al interior de los municipios del Atl\u00e1ntico.\",\"breadcrumb\":{\"@id\":\"https:\\\/\\\/contrastes.com.co\\\/web\\\/2021\\\/06\\\/24\\\/50-promotores-del-transito-del-atlantico-fortalecen-la-seguridad-vial-en-17-municipios\\\/#breadcrumb\"},\"inLanguage\":\"es\",\"potentialAction\":[{\"@type\":\"ReadAction\",\"target\":[\"https:\\\/\\\/contrastes.com.co\\\/web\\\/2021\\\/06\\\/24\\\/50-promotores-del-transito-del-atlantico-fortalecen-la-seguridad-vial-en-17-municipios\\\/\"]}]},{\"@type\":\"ImageObject\",\"inLanguage\":\"es\",\"@id\":\"https:\\\/\\\/contrastes.com.co\\\/web\\\/2021\\\/06\\\/24\\\/50-promotores-del-transito-del-atlantico-fortalecen-la-seguridad-vial-en-17-municipios\\\/#primaryimage\",\"url\":\"\",\"contentUrl\":\"\"},{\"@type\":\"BreadcrumbList\",\"@id\":\"https:\\\/\\\/contrastes.com.co\\\/web\\\/2021\\\/06\\\/24\\\/50-promotores-del-transito-del-atlantico-fortalecen-la-seguridad-vial-en-17-municipios\\\/#breadcrumb\",\"itemListElement\":[{\"@type\":\"ListItem\",\"position\":1,\"name\":\"Portada\",\"item\":\"https:\\\/\\\/contrastes.com.co\\\/web\\\/\"},{\"@type\":\"ListItem\",\"position\":2,\"name\":\"50 promotores del Tr\u00e1nsito del Atl\u00e1ntico fortalecen la seguridad vial en 17 municipios\"}]},{\"@type\":\"WebSite\",\"@id\":\"https:\\\/\\\/contrastes.com.co\\\/web\\\/#website\",\"url\":\"https:\\\/\\\/contrastes.com.co\\\/web\\\/\",\"name\":\"Contrastes\",\"description\":\"Periodismo de Conciencia\",\"publisher\":{\"@id\":\"https:\\\/\\\/contrastes.com.co\\\/web\\\/#organization\"},\"potentialAction\":[{\"@type\":\"SearchAction\",\"target\":{\"@type\":\"EntryPoint\",\"urlTemplate\":\"https:\\\/\\\/contrastes.com.co\\\/web\\\/?s={search_term_string}\"},\"query-input\":{\"@type\":\"PropertyValueSpecification\",\"valueRequired\":true,\"valueName\":\"search_term_string\"}}],\"inLanguage\":\"es\"},{\"@type\":\"Organization\",\"@id\":\"https:\\\/\\\/contrastes.com.co\\\/web\\\/#organization\",\"name\":\"Contrastes\",\"url\":\"https:\\\/\\\/contrastes.com.co\\\/web\\\/\",\"logo\":{\"@type\":\"ImageObject\",\"inLanguage\":\"es\",\"@id\":\"https:\\\/\\\/contrastes.com.co\\\/web\\\/#\\\/schema\\\/logo\\\/image\\\/\",\"url\":\"https:\\\/\\\/contrastes.com.co\\\/web\\\/wp-content\\\/uploads\\\/2025\\\/04\\\/15CONTRASTES3.png\",\"contentUrl\":\"https:\\\/\\\/contrastes.com.co\\\/web\\\/wp-content\\\/uploads\\\/2025\\\/04\\\/15CONTRASTES3.png\",\"width\":1536,\"height\":231,\"caption\":\"Contrastes\"},\"image\":{\"@id\":\"https:\\\/\\\/contrastes.com.co\\\/web\\\/#\\\/schema\\\/logo\\\/image\\\/\"},\"sameAs\":[\"https:\\\/\\\/www.facebook.com\\\/guillo.pantoja.1\"]},{\"@type\":\"Person\",\"@id\":\"https:\\\/\\\/contrastes.com.co\\\/web\\\/#\\\/schema\\\/person\\\/62ef7a62dc4da6de450c71fc2e95ed02\",\"name\":\"Editor\",\"image\":{\"@type\":\"ImageObject\",\"inLanguage\":\"es\",\"@id\":\"https:\\\/\\\/secure.gravatar.com\\\/avatar\\\/7bbb4f718d74bbf600dc556253bb04fd7ac8593751d6e2e3b85432d98aefae80?s=96&d=mm&r=g\",\"url\":\"https:\\\/\\\/secure.gravatar.com\\\/avatar\\\/7bbb4f718d74bbf600dc556253bb04fd7ac8593751d6e2e3b85432d98aefae80?s=96&d=mm&r=g\",\"contentUrl\":\"https:\\\/\\\/secure.gravatar.com\\\/avatar\\\/7bbb4f718d74bbf600dc556253bb04fd7ac8593751d6e2e3b85432d98aefae80?s=96&d=mm&r=g\",\"caption\":\"Editor\"},\"sameAs\":[\"https:\\\/\\\/contrastes.com.co\\\/web\"],\"url\":\"https:\\\/\\\/contrastes.com.co\\\/web\\\/author\\\/jdbobadilla\\\/\"}]}<\/script>\n<!-- \/ Yoast SEO plugin. -->","yoast_head_json":{"title":"50 promotores del Tr\u00e1nsito del Atl\u00e1ntico fortalecen la seguridad vial en 17 municipios - Constrastes","description":"Encontrarse con conductores o peatones que cometan imprudencias viales, desconocer la ruta o no tener claras las se\u00f1ales de Tr\u00e1nsito son algunos de los factores que pueden entorpecer los recorridos al interior de los municipios del Atl\u00e1ntico.","robots":{"index":"index","follow":"follow","max-snippet":"max-snippet:-1","max-image-preview":"max-image-preview:large","max-video-preview":"max-video-preview:-1"},"canonical":"https:\/\/contrastes.com.co\/web\/2021\/06\/24\/50-promotores-del-transito-del-atlantico-fortalecen-la-seguridad-vial-en-17-municipios\/","og_locale":"es_ES","og_type":"article","og_title":"50 promotores del Tr\u00e1nsito del Atl\u00e1ntico fortalecen la seguridad vial en 17 municipios - Constrastes","og_description":"Encontrarse con conductores o peatones que cometan imprudencias viales, desconocer la ruta o no tener claras las se\u00f1ales de Tr\u00e1nsito son algunos de los factores que pueden entorpecer los recorridos al interior de los municipios del Atl\u00e1ntico.","og_url":"https:\/\/contrastes.com.co\/web\/2021\/06\/24\/50-promotores-del-transito-del-atlantico-fortalecen-la-seguridad-vial-en-17-municipios\/","og_site_name":"Constrastes","article_publisher":"https:\/\/www.facebook.com\/guillo.pantoja.1","article_published_time":"2021-06-25T01:35:03+00:00","author":"Editor","twitter_card":"summary_large_image","twitter_misc":{"Escrito por":"Editor","Tiempo de lectura":"2 minutos"},"schema":{"@context":"https:\/\/schema.org","@graph":[{"@type":"Article","@id":"https:\/\/contrastes.com.co\/web\/2021\/06\/24\/50-promotores-del-transito-del-atlantico-fortalecen-la-seguridad-vial-en-17-municipios\/#article","isPartOf":{"@id":"https:\/\/contrastes.com.co\/web\/2021\/06\/24\/50-promotores-del-transito-del-atlantico-fortalecen-la-seguridad-vial-en-17-municipios\/"},"author":{"name":"Editor","@id":"https:\/\/contrastes.com.co\/web\/#\/schema\/person\/62ef7a62dc4da6de450c71fc2e95ed02"},"headline":"50 promotores del Tr\u00e1nsito del Atl\u00e1ntico fortalecen la seguridad vial en 17 municipios","datePublished":"2021-06-25T01:35:03+00:00","mainEntityOfPage":{"@id":"https:\/\/contrastes.com.co\/web\/2021\/06\/24\/50-promotores-del-transito-del-atlantico-fortalecen-la-seguridad-vial-en-17-municipios\/"},"wordCount":504,"commentCount":0,"publisher":{"@id":"https:\/\/contrastes.com.co\/web\/#organization"},"image":{"@id":"https:\/\/contrastes.com.co\/web\/2021\/06\/24\/50-promotores-del-transito-del-atlantico-fortalecen-la-seguridad-vial-en-17-municipios\/#primaryimage"},"thumbnailUrl":"","keywords":["directora del Tr\u00e1nsito del Atl\u00e1ntico","gobernaci\u00f3n del Atl\u00e1ntico","promotores de seguridad vial","Susana Cadavid"],"articleSection":["Regi\u00f3n","Seguridad Ciudadana","V\u00edas y Movilidad"],"inLanguage":"es","potentialAction":[{"@type":"CommentAction","name":"Comment","target":["https:\/\/contrastes.com.co\/web\/2021\/06\/24\/50-promotores-del-transito-del-atlantico-fortalecen-la-seguridad-vial-en-17-municipios\/#respond"]}]},{"@type":"WebPage","@id":"https:\/\/contrastes.com.co\/web\/2021\/06\/24\/50-promotores-del-transito-del-atlantico-fortalecen-la-seguridad-vial-en-17-municipios\/","url":"https:\/\/contrastes.com.co\/web\/2021\/06\/24\/50-promotores-del-transito-del-atlantico-fortalecen-la-seguridad-vial-en-17-municipios\/","name":"50 promotores del Tr\u00e1nsito del Atl\u00e1ntico fortalecen la seguridad vial en 17 municipios - Constrastes","isPartOf":{"@id":"https:\/\/contrastes.com.co\/web\/#website"},"primaryImageOfPage":{"@id":"https:\/\/contrastes.com.co\/web\/2021\/06\/24\/50-promotores-del-transito-del-atlantico-fortalecen-la-seguridad-vial-en-17-municipios\/#primaryimage"},"image":{"@id":"https:\/\/contrastes.com.co\/web\/2021\/06\/24\/50-promotores-del-transito-del-atlantico-fortalecen-la-seguridad-vial-en-17-municipios\/#primaryimage"},"thumbnailUrl":"","datePublished":"2021-06-25T01:35:03+00:00","description":"Encontrarse con conductores o peatones que cometan imprudencias viales, desconocer la ruta o no tener claras las se\u00f1ales de Tr\u00e1nsito son algunos de los factores que pueden entorpecer los recorridos al interior de los municipios del Atl\u00e1ntico.","breadcrumb":{"@id":"https:\/\/contrastes.com.co\/web\/2021\/06\/24\/50-promotores-del-transito-del-atlantico-fortalecen-la-seguridad-vial-en-17-municipios\/#breadcrumb"},"inLanguage":"es","potentialAction":[{"@type":"ReadAction","target":["https:\/\/contrastes.com.co\/web\/2021\/06\/24\/50-promotores-del-transito-del-atlantico-fortalecen-la-seguridad-vial-en-17-municipios\/"]}]},{"@type":"ImageObject","inLanguage":"es","@id":"https:\/\/contrastes.com.co\/web\/2021\/06\/24\/50-promotores-del-transito-del-atlantico-fortalecen-la-seguridad-vial-en-17-municipios\/#primaryimage","url":"","contentUrl":""},{"@type":"BreadcrumbList","@id":"https:\/\/contrastes.com.co\/web\/2021\/06\/24\/50-promotores-del-transito-del-atlantico-fortalecen-la-seguridad-vial-en-17-municipios\/#breadcrumb","itemListElement":[{"@type":"ListItem","position":1,"name":"Portada","item":"https:\/\/contrastes.com.co\/web\/"},{"@type":"ListItem","position":2,"name":"50 promotores del Tr\u00e1nsito del Atl\u00e1ntico fortalecen la seguridad vial en 17 municipios"}]},{"@type":"WebSite","@id":"https:\/\/contrastes.com.co\/web\/#website","url":"https:\/\/contrastes.com.co\/web\/","name":"Contrastes","description":"Periodismo de Conciencia","publisher":{"@id":"https:\/\/contrastes.com.co\/web\/#organization"},"potentialAction":[{"@type":"SearchAction","target":{"@type":"EntryPoint","urlTemplate":"https:\/\/contrastes.com.co\/web\/?s={search_term_string}"},"query-input":{"@type":"PropertyValueSpecification","valueRequired":true,"valueName":"search_term_string"}}],"inLanguage":"es"},{"@type":"Organization","@id":"https:\/\/contrastes.com.co\/web\/#organization","name":"Contrastes","url":"https:\/\/contrastes.com.co\/web\/","logo":{"@type":"ImageObject","inLanguage":"es","@id":"https:\/\/contrastes.com.co\/web\/#\/schema\/logo\/image\/","url":"https:\/\/contrastes.com.co\/web\/wp-content\/uploads\/2025\/04\/15CONTRASTES3.png","contentUrl":"https:\/\/contrastes.com.co\/web\/wp-content\/uploads\/2025\/04\/15CONTRASTES3.png","width":1536,"height":231,"caption":"Contrastes"},"image":{"@id":"https:\/\/contrastes.com.co\/web\/#\/schema\/logo\/image\/"},"sameAs":["https:\/\/www.facebook.com\/guillo.pantoja.1"]},{"@type":"Person","@id":"https:\/\/contrastes.com.co\/web\/#\/schema\/person\/62ef7a62dc4da6de450c71fc2e95ed02","name":"Editor","image":{"@type":"ImageObject","inLanguage":"es","@id":"https:\/\/secure.gravatar.com\/avatar\/7bbb4f718d74bbf600dc556253bb04fd7ac8593751d6e2e3b85432d98aefae80?s=96&d=mm&r=g","url":"https:\/\/secure.gravatar.com\/avatar\/7bbb4f718d74bbf600dc556253bb04fd7ac8593751d6e2e3b85432d98aefae80?s=96&d=mm&r=g","contentUrl":"https:\/\/secure.gravatar.com\/avatar\/7bbb4f718d74bbf600dc556253bb04fd7ac8593751d6e2e3b85432d98aefae80?s=96&d=mm&r=g","caption":"Editor"},"sameAs":["https:\/\/contrastes.com.co\/web"],"url":"https:\/\/contrastes.com.co\/web\/author\/jdbobadilla\/"}]}},"blog_post_layout_featured_media_urls":{"thumbnail":"","full":""},"categories_names":{"24":{"name":"Regi\u00f3n","link":"https:\/\/contrastes.com.co\/web\/category\/region\/"},"53":{"name":"Seguridad Ciudadana","link":"https:\/\/contrastes.com.co\/web\/category\/seguridad-ciudadana\/"},"1395":{"name":"V\u00edas y Movilidad","link":"https:\/\/contrastes.com.co\/web\/category\/vias-y-movilidad\/"}},"tags_names":{"3583":{"name":"directora del Tr\u00e1nsito del Atl\u00e1ntico","link":"https:\/\/contrastes.com.co\/web\/tag\/directora-del-transito-del-atlantico\/"},"15":{"name":"gobernaci\u00f3n del Atl\u00e1ntico","link":"https:\/\/contrastes.com.co\/web\/tag\/gobernacion-del-atlantico\/"},"3748":{"name":"promotores de seguridad vial","link":"https:\/\/contrastes.com.co\/web\/tag\/promotores-de-seguridad-vial\/"},"921":{"name":"Susana Cadavid","link":"https:\/\/contrastes.com.co\/web\/tag\/susana-cadavid\/"}},"comments_number":"0","wpmagazine_modules_lite_featured_media_urls":{"thumbnail":"","cvmm-medium":"","cvmm-medium-plus":"","cvmm-portrait":"","cvmm-medium-square":"","cvmm-large":"","cvmm-small":"","full":""},"_links":{"self":[{"href":"https:\/\/contrastes.com.co\/web\/wp-json\/wp\/v2\/posts\/6491","targetHints":{"allow":["GET"]}}],"collection":[{"href":"https:\/\/contrastes.com.co\/web\/wp-json\/wp\/v2\/posts"}],"about":[{"href":"https:\/\/contrastes.com.co\/web\/wp-json\/wp\/v2\/types\/post"}],"author":[{"embeddable":true,"href":"https:\/\/contrastes.com.co\/web\/wp-json\/wp\/v2\/users\/1"}],"replies":[{"embeddable":true,"href":"https:\/\/contrastes.com.co\/web\/wp-json\/wp\/v2\/comments?post=6491"}],"version-history":[{"count":0,"href":"https:\/\/contrastes.com.co\/web\/wp-json\/wp\/v2\/posts\/6491\/revisions"}],"wp:attachment":[{"href":"https:\/\/contrastes.com.co\/web\/wp-json\/wp\/v2\/media?parent=6491"}],"wp:term":[{"taxonomy":"category","embeddable":true,"href":"https:\/\/contrastes.com.co\/web\/wp-json\/wp\/v2\/categories?post=6491"},{"taxonomy":"post_tag","embeddable":true,"href":"https:\/\/contrastes.com.co\/web\/wp-json\/wp\/v2\/tags?post=6491"}],"curies":[{"name":"wp","href":"https:\/\/api.w.org\/{rel}","templated":true}]}}