{"id":6500,"date":"2021-06-25T11:14:00","date_gmt":"2021-06-25T16:14:00","guid":{"rendered":"https:\/\/contrastes.com.co\/digital\/?p=6500"},"modified":"2021-06-25T11:14:00","modified_gmt":"2021-06-25T16:14:00","slug":"contraloria-departamental-del-atlantico-lanza-su-programa-super-civic","status":"publish","type":"post","link":"https:\/\/contrastes.com.co\/web\/2021\/06\/25\/contraloria-departamental-del-atlantico-lanza-su-programa-super-civic\/","title":{"rendered":"Contralor\u00eda Departamental del Atl\u00e1ntico lanza su programa S\u00daPER CIVIC"},"content":{"rendered":"<p><strong>Contralor\u00eda Departamental del Atl\u00e1ntico lanza su programa S\u00daPER CIVIC<\/strong><\/p>\n<blockquote><p><strong>Hoy 25 de junio a las 10 am por el Facebook Live de Impacto News<\/strong><\/p><\/blockquote>\n<p>El ente de control presenta en vivo desde el municipio de Santo Tom\u00e1s, <strong>el programa S\u00daPER CIVIC,<\/strong> como un mecanismo de promoci\u00f3n y fortalecimiento del control social en la gesti\u00f3n educativa, con el fin de fomentar la transparencia en el manejo de los recursos p\u00fablicos.<\/p>\n<p><strong>El Contralor Departamental del Atl\u00e1ntico Jairo Alberto Fandi\u00f1o V\u00e1squez<\/strong> ser\u00e1 el encargado de presentar la iniciativa, ante la comunidad educativa del departamento y estar\u00e1 acompa\u00f1ado de los Contralores Escolares del 2020, quienes contar\u00e1n su experiencia como ganadores del <strong>concurso en \u201cLa Pel\u00edcula del Control\u201d<\/strong>.<\/p>\n<p><iframe style=\"border: none; overflow: hidden;\" src=\"https:\/\/www.facebook.com\/plugins\/video.php?height=314&amp;href=https%3A%2F%2Fwww.facebook.com%2Fsoycontrastes%2Fvideos%2F359653358878339%2F&amp;show_text=false&amp;width=560&amp;t=0\" width=\"560\" height=\"314\" frameborder=\"0\" scrolling=\"no\" allowfullscreen=\"allowfullscreen\"><\/iframe><\/p>\n<p>Tambi\u00e9n, les comunicar\u00e1 a los <strong>Contralores Escolares 2021<\/strong> las pautas para participar en nuestro concurso, en el que deben realizar un informe de auditor\u00eda y presentarlo en vivo.<\/p>\n<p>Los ganadores ser\u00e1n premiados con el Kit de la Transparencia que incluye una s\u00faper Tablet.<\/p>\n<p>El programa cuenta adem\u00e1s con el apoyo de la<strong> Contralor\u00eda General de la Rep\u00fablica<\/strong>, <strong>la Auditor\u00eda General, la Gobernaci\u00f3n del Atl\u00e1ntico, la Secretar\u00eda de Educaci\u00f3n, y la Asamblea del Departamento.<\/strong><\/p>\n<p>Link de la transmisi\u00f3n: <a href=\"https:\/\/www.facebook.com\/ImpactoNewsCol\/\">https:\/\/www.facebook.com\/ImpactoNewsCol\/<\/a><\/p>\n","protected":false},"excerpt":{"rendered":"<p>El ente de control presenta en vivo desde el municipio de Santo Tom\u00e1s, el programa S\u00daPER CIVIC, como un mecanismo de promoci\u00f3n y fortalecimiento del control social en la gesti\u00f3n educativa, con el fin de fomentar la transparencia en el manejo de los recursos p\u00fablicos.<\/p>\n","protected":false},"author":1,"featured_media":6501,"comment_status":"open","ping_status":"open","sticky":false,"template":"","format":"standard","meta":{"footnotes":""},"categories":[2832,24,3241],"tags":[3751,3752,3753,219,3754,3755],"class_list":["post-6500","post","type-post","status-publish","format-standard","has-post-thumbnail","hentry","category-convocatorias","category-region","category-sector-publico","tag-concurso-en-la-pelicula-del-control","tag-contralor-departamental-del-atlantico","tag-contraloria-departamental-del-atlantico-lanza-su-programa-super-civic","tag-contraloria-general-de-la-republica","tag-jairo-alberto-fandino-vasquez","tag-programa-super-civic"],"yoast_head":"<!-- This site is optimized with the Yoast SEO plugin v27.7 - https:\/\/yoast.com\/product\/yoast-seo-wordpress\/ -->\n<title>Contralor\u00eda Departamental del Atl\u00e1ntico lanza su programa S\u00daPER CIVIC - Constrastes<\/title>\n<meta name=\"description\" content=\"El ente de control presenta en vivo desde el municipio de Santo Tom\u00e1s, el programa S\u00daPER CIVIC, como un mecanismo de promoci\u00f3n y fortalecimiento del control social en la gesti\u00f3n educativa, con el fin de fomentar la transparencia en el manejo de los recursos p\u00fablicos.\" \/>\n<meta name=\"robots\" content=\"index, follow, max-snippet:-1, max-image-preview:large, max-video-preview:-1\" \/>\n<link rel=\"canonical\" href=\"https:\/\/contrastes.com.co\/web\/2021\/06\/25\/contraloria-departamental-del-atlantico-lanza-su-programa-super-civic\/\" \/>\n<meta property=\"og:locale\" content=\"es_ES\" \/>\n<meta property=\"og:type\" content=\"article\" \/>\n<meta property=\"og:title\" content=\"Contralor\u00eda Departamental del Atl\u00e1ntico lanza su programa S\u00daPER CIVIC - Constrastes\" \/>\n<meta property=\"og:description\" content=\"El ente de control presenta en vivo desde el municipio de Santo Tom\u00e1s, el programa S\u00daPER CIVIC, como un mecanismo de promoci\u00f3n y fortalecimiento del control social en la gesti\u00f3n educativa, con el fin de fomentar la transparencia en el manejo de los recursos p\u00fablicos.\" \/>\n<meta property=\"og:url\" content=\"https:\/\/contrastes.com.co\/web\/2021\/06\/25\/contraloria-departamental-del-atlantico-lanza-su-programa-super-civic\/\" \/>\n<meta property=\"og:site_name\" content=\"Constrastes\" \/>\n<meta property=\"article:publisher\" content=\"https:\/\/www.facebook.com\/guillo.pantoja.1\" \/>\n<meta property=\"article:published_time\" content=\"2021-06-25T16:14:00+00:00\" \/>\n<meta name=\"author\" content=\"Editor\" \/>\n<meta name=\"twitter:card\" content=\"summary_large_image\" \/>\n<meta name=\"twitter:label1\" content=\"Escrito por\" \/>\n\t<meta name=\"twitter:data1\" content=\"Editor\" \/>\n\t<meta name=\"twitter:label2\" content=\"Tiempo de lectura\" \/>\n\t<meta name=\"twitter:data2\" content=\"1 minuto\" \/>\n<script type=\"application\/ld+json\" class=\"yoast-schema-graph\">{\"@context\":\"https:\\\/\\\/schema.org\",\"@graph\":[{\"@type\":\"Article\",\"@id\":\"https:\\\/\\\/contrastes.com.co\\\/web\\\/2021\\\/06\\\/25\\\/contraloria-departamental-del-atlantico-lanza-su-programa-super-civic\\\/#article\",\"isPartOf\":{\"@id\":\"https:\\\/\\\/contrastes.com.co\\\/web\\\/2021\\\/06\\\/25\\\/contraloria-departamental-del-atlantico-lanza-su-programa-super-civic\\\/\"},\"author\":{\"name\":\"Editor\",\"@id\":\"https:\\\/\\\/contrastes.com.co\\\/web\\\/#\\\/schema\\\/person\\\/62ef7a62dc4da6de450c71fc2e95ed02\"},\"headline\":\"Contralor\u00eda Departamental del Atl\u00e1ntico lanza su programa S\u00daPER CIVIC\",\"datePublished\":\"2021-06-25T16:14:00+00:00\",\"mainEntityOfPage\":{\"@id\":\"https:\\\/\\\/contrastes.com.co\\\/web\\\/2021\\\/06\\\/25\\\/contraloria-departamental-del-atlantico-lanza-su-programa-super-civic\\\/\"},\"wordCount\":230,\"commentCount\":0,\"publisher\":{\"@id\":\"https:\\\/\\\/contrastes.com.co\\\/web\\\/#organization\"},\"image\":{\"@id\":\"https:\\\/\\\/contrastes.com.co\\\/web\\\/2021\\\/06\\\/25\\\/contraloria-departamental-del-atlantico-lanza-su-programa-super-civic\\\/#primaryimage\"},\"thumbnailUrl\":\"\",\"keywords\":[\"concurso en \u201cLa Pel\u00edcula del Control\u201d\",\"Contralor Departamental del Atl\u00e1ntico\",\"Contralor\u00eda Departamental del Atl\u00e1ntico lanza su programa S\u00daPER CIVIC\",\"Contralor\u00eda General de la Rep\u00fablica\",\"Jairo Alberto Fandi\u00f1o V\u00e1squez\",\"programa S\u00daPER CIVIC\"],\"articleSection\":[\"Convocatorias\",\"Regi\u00f3n\",\"Sector P\u00fablico\"],\"inLanguage\":\"es\",\"potentialAction\":[{\"@type\":\"CommentAction\",\"name\":\"Comment\",\"target\":[\"https:\\\/\\\/contrastes.com.co\\\/web\\\/2021\\\/06\\\/25\\\/contraloria-departamental-del-atlantico-lanza-su-programa-super-civic\\\/#respond\"]}]},{\"@type\":\"WebPage\",\"@id\":\"https:\\\/\\\/contrastes.com.co\\\/web\\\/2021\\\/06\\\/25\\\/contraloria-departamental-del-atlantico-lanza-su-programa-super-civic\\\/\",\"url\":\"https:\\\/\\\/contrastes.com.co\\\/web\\\/2021\\\/06\\\/25\\\/contraloria-departamental-del-atlantico-lanza-su-programa-super-civic\\\/\",\"name\":\"Contralor\u00eda Departamental del Atl\u00e1ntico lanza su programa S\u00daPER CIVIC - Constrastes\",\"isPartOf\":{\"@id\":\"https:\\\/\\\/contrastes.com.co\\\/web\\\/#website\"},\"primaryImageOfPage\":{\"@id\":\"https:\\\/\\\/contrastes.com.co\\\/web\\\/2021\\\/06\\\/25\\\/contraloria-departamental-del-atlantico-lanza-su-programa-super-civic\\\/#primaryimage\"},\"image\":{\"@id\":\"https:\\\/\\\/contrastes.com.co\\\/web\\\/2021\\\/06\\\/25\\\/contraloria-departamental-del-atlantico-lanza-su-programa-super-civic\\\/#primaryimage\"},\"thumbnailUrl\":\"\",\"datePublished\":\"2021-06-25T16:14:00+00:00\",\"description\":\"El ente de control presenta en vivo desde el municipio de Santo Tom\u00e1s, el programa S\u00daPER CIVIC, como un mecanismo de promoci\u00f3n y fortalecimiento del control social en la gesti\u00f3n educativa, con el fin de fomentar la transparencia en el manejo de los recursos p\u00fablicos.\",\"breadcrumb\":{\"@id\":\"https:\\\/\\\/contrastes.com.co\\\/web\\\/2021\\\/06\\\/25\\\/contraloria-departamental-del-atlantico-lanza-su-programa-super-civic\\\/#breadcrumb\"},\"inLanguage\":\"es\",\"potentialAction\":[{\"@type\":\"ReadAction\",\"target\":[\"https:\\\/\\\/contrastes.com.co\\\/web\\\/2021\\\/06\\\/25\\\/contraloria-departamental-del-atlantico-lanza-su-programa-super-civic\\\/\"]}]},{\"@type\":\"ImageObject\",\"inLanguage\":\"es\",\"@id\":\"https:\\\/\\\/contrastes.com.co\\\/web\\\/2021\\\/06\\\/25\\\/contraloria-departamental-del-atlantico-lanza-su-programa-super-civic\\\/#primaryimage\",\"url\":\"\",\"contentUrl\":\"\"},{\"@type\":\"BreadcrumbList\",\"@id\":\"https:\\\/\\\/contrastes.com.co\\\/web\\\/2021\\\/06\\\/25\\\/contraloria-departamental-del-atlantico-lanza-su-programa-super-civic\\\/#breadcrumb\",\"itemListElement\":[{\"@type\":\"ListItem\",\"position\":1,\"name\":\"Portada\",\"item\":\"https:\\\/\\\/contrastes.com.co\\\/web\\\/\"},{\"@type\":\"ListItem\",\"position\":2,\"name\":\"Contralor\u00eda Departamental del Atl\u00e1ntico lanza su programa S\u00daPER CIVIC\"}]},{\"@type\":\"WebSite\",\"@id\":\"https:\\\/\\\/contrastes.com.co\\\/web\\\/#website\",\"url\":\"https:\\\/\\\/contrastes.com.co\\\/web\\\/\",\"name\":\"Contrastes\",\"description\":\"Periodismo de Conciencia\",\"publisher\":{\"@id\":\"https:\\\/\\\/contrastes.com.co\\\/web\\\/#organization\"},\"potentialAction\":[{\"@type\":\"SearchAction\",\"target\":{\"@type\":\"EntryPoint\",\"urlTemplate\":\"https:\\\/\\\/contrastes.com.co\\\/web\\\/?s={search_term_string}\"},\"query-input\":{\"@type\":\"PropertyValueSpecification\",\"valueRequired\":true,\"valueName\":\"search_term_string\"}}],\"inLanguage\":\"es\"},{\"@type\":\"Organization\",\"@id\":\"https:\\\/\\\/contrastes.com.co\\\/web\\\/#organization\",\"name\":\"Contrastes\",\"url\":\"https:\\\/\\\/contrastes.com.co\\\/web\\\/\",\"logo\":{\"@type\":\"ImageObject\",\"inLanguage\":\"es\",\"@id\":\"https:\\\/\\\/contrastes.com.co\\\/web\\\/#\\\/schema\\\/logo\\\/image\\\/\",\"url\":\"https:\\\/\\\/contrastes.com.co\\\/web\\\/wp-content\\\/uploads\\\/2025\\\/04\\\/15CONTRASTES3.png\",\"contentUrl\":\"https:\\\/\\\/contrastes.com.co\\\/web\\\/wp-content\\\/uploads\\\/2025\\\/04\\\/15CONTRASTES3.png\",\"width\":1536,\"height\":231,\"caption\":\"Contrastes\"},\"image\":{\"@id\":\"https:\\\/\\\/contrastes.com.co\\\/web\\\/#\\\/schema\\\/logo\\\/image\\\/\"},\"sameAs\":[\"https:\\\/\\\/www.facebook.com\\\/guillo.pantoja.1\"]},{\"@type\":\"Person\",\"@id\":\"https:\\\/\\\/contrastes.com.co\\\/web\\\/#\\\/schema\\\/person\\\/62ef7a62dc4da6de450c71fc2e95ed02\",\"name\":\"Editor\",\"image\":{\"@type\":\"ImageObject\",\"inLanguage\":\"es\",\"@id\":\"https:\\\/\\\/secure.gravatar.com\\\/avatar\\\/7bbb4f718d74bbf600dc556253bb04fd7ac8593751d6e2e3b85432d98aefae80?s=96&d=mm&r=g\",\"url\":\"https:\\\/\\\/secure.gravatar.com\\\/avatar\\\/7bbb4f718d74bbf600dc556253bb04fd7ac8593751d6e2e3b85432d98aefae80?s=96&d=mm&r=g\",\"contentUrl\":\"https:\\\/\\\/secure.gravatar.com\\\/avatar\\\/7bbb4f718d74bbf600dc556253bb04fd7ac8593751d6e2e3b85432d98aefae80?s=96&d=mm&r=g\",\"caption\":\"Editor\"},\"sameAs\":[\"https:\\\/\\\/contrastes.com.co\\\/web\"],\"url\":\"https:\\\/\\\/contrastes.com.co\\\/web\\\/author\\\/jdbobadilla\\\/\"}]}<\/script>\n<!-- \/ Yoast SEO plugin. -->","yoast_head_json":{"title":"Contralor\u00eda Departamental del Atl\u00e1ntico lanza su programa S\u00daPER CIVIC - Constrastes","description":"El ente de control presenta en vivo desde el municipio de Santo Tom\u00e1s, el programa S\u00daPER CIVIC, como un mecanismo de promoci\u00f3n y fortalecimiento del control social en la gesti\u00f3n educativa, con el fin de fomentar la transparencia en el manejo de los recursos p\u00fablicos.","robots":{"index":"index","follow":"follow","max-snippet":"max-snippet:-1","max-image-preview":"max-image-preview:large","max-video-preview":"max-video-preview:-1"},"canonical":"https:\/\/contrastes.com.co\/web\/2021\/06\/25\/contraloria-departamental-del-atlantico-lanza-su-programa-super-civic\/","og_locale":"es_ES","og_type":"article","og_title":"Contralor\u00eda Departamental del Atl\u00e1ntico lanza su programa S\u00daPER CIVIC - Constrastes","og_description":"El ente de control presenta en vivo desde el municipio de Santo Tom\u00e1s, el programa S\u00daPER CIVIC, como un mecanismo de promoci\u00f3n y fortalecimiento del control social en la gesti\u00f3n educativa, con el fin de fomentar la transparencia en el manejo de los recursos p\u00fablicos.","og_url":"https:\/\/contrastes.com.co\/web\/2021\/06\/25\/contraloria-departamental-del-atlantico-lanza-su-programa-super-civic\/","og_site_name":"Constrastes","article_publisher":"https:\/\/www.facebook.com\/guillo.pantoja.1","article_published_time":"2021-06-25T16:14:00+00:00","author":"Editor","twitter_card":"summary_large_image","twitter_misc":{"Escrito por":"Editor","Tiempo de lectura":"1 minuto"},"schema":{"@context":"https:\/\/schema.org","@graph":[{"@type":"Article","@id":"https:\/\/contrastes.com.co\/web\/2021\/06\/25\/contraloria-departamental-del-atlantico-lanza-su-programa-super-civic\/#article","isPartOf":{"@id":"https:\/\/contrastes.com.co\/web\/2021\/06\/25\/contraloria-departamental-del-atlantico-lanza-su-programa-super-civic\/"},"author":{"name":"Editor","@id":"https:\/\/contrastes.com.co\/web\/#\/schema\/person\/62ef7a62dc4da6de450c71fc2e95ed02"},"headline":"Contralor\u00eda Departamental del Atl\u00e1ntico lanza su programa S\u00daPER CIVIC","datePublished":"2021-06-25T16:14:00+00:00","mainEntityOfPage":{"@id":"https:\/\/contrastes.com.co\/web\/2021\/06\/25\/contraloria-departamental-del-atlantico-lanza-su-programa-super-civic\/"},"wordCount":230,"commentCount":0,"publisher":{"@id":"https:\/\/contrastes.com.co\/web\/#organization"},"image":{"@id":"https:\/\/contrastes.com.co\/web\/2021\/06\/25\/contraloria-departamental-del-atlantico-lanza-su-programa-super-civic\/#primaryimage"},"thumbnailUrl":"","keywords":["concurso en \u201cLa Pel\u00edcula del Control\u201d","Contralor Departamental del Atl\u00e1ntico","Contralor\u00eda Departamental del Atl\u00e1ntico lanza su programa S\u00daPER CIVIC","Contralor\u00eda General de la Rep\u00fablica","Jairo Alberto Fandi\u00f1o V\u00e1squez","programa S\u00daPER CIVIC"],"articleSection":["Convocatorias","Regi\u00f3n","Sector P\u00fablico"],"inLanguage":"es","potentialAction":[{"@type":"CommentAction","name":"Comment","target":["https:\/\/contrastes.com.co\/web\/2021\/06\/25\/contraloria-departamental-del-atlantico-lanza-su-programa-super-civic\/#respond"]}]},{"@type":"WebPage","@id":"https:\/\/contrastes.com.co\/web\/2021\/06\/25\/contraloria-departamental-del-atlantico-lanza-su-programa-super-civic\/","url":"https:\/\/contrastes.com.co\/web\/2021\/06\/25\/contraloria-departamental-del-atlantico-lanza-su-programa-super-civic\/","name":"Contralor\u00eda Departamental del Atl\u00e1ntico lanza su programa S\u00daPER CIVIC - Constrastes","isPartOf":{"@id":"https:\/\/contrastes.com.co\/web\/#website"},"primaryImageOfPage":{"@id":"https:\/\/contrastes.com.co\/web\/2021\/06\/25\/contraloria-departamental-del-atlantico-lanza-su-programa-super-civic\/#primaryimage"},"image":{"@id":"https:\/\/contrastes.com.co\/web\/2021\/06\/25\/contraloria-departamental-del-atlantico-lanza-su-programa-super-civic\/#primaryimage"},"thumbnailUrl":"","datePublished":"2021-06-25T16:14:00+00:00","description":"El ente de control presenta en vivo desde el municipio de Santo Tom\u00e1s, el programa S\u00daPER CIVIC, como un mecanismo de promoci\u00f3n y fortalecimiento del control social en la gesti\u00f3n educativa, con el fin de fomentar la transparencia en el manejo de los recursos p\u00fablicos.","breadcrumb":{"@id":"https:\/\/contrastes.com.co\/web\/2021\/06\/25\/contraloria-departamental-del-atlantico-lanza-su-programa-super-civic\/#breadcrumb"},"inLanguage":"es","potentialAction":[{"@type":"ReadAction","target":["https:\/\/contrastes.com.co\/web\/2021\/06\/25\/contraloria-departamental-del-atlantico-lanza-su-programa-super-civic\/"]}]},{"@type":"ImageObject","inLanguage":"es","@id":"https:\/\/contrastes.com.co\/web\/2021\/06\/25\/contraloria-departamental-del-atlantico-lanza-su-programa-super-civic\/#primaryimage","url":"","contentUrl":""},{"@type":"BreadcrumbList","@id":"https:\/\/contrastes.com.co\/web\/2021\/06\/25\/contraloria-departamental-del-atlantico-lanza-su-programa-super-civic\/#breadcrumb","itemListElement":[{"@type":"ListItem","position":1,"name":"Portada","item":"https:\/\/contrastes.com.co\/web\/"},{"@type":"ListItem","position":2,"name":"Contralor\u00eda Departamental del Atl\u00e1ntico lanza su programa S\u00daPER CIVIC"}]},{"@type":"WebSite","@id":"https:\/\/contrastes.com.co\/web\/#website","url":"https:\/\/contrastes.com.co\/web\/","name":"Contrastes","description":"Periodismo de Conciencia","publisher":{"@id":"https:\/\/contrastes.com.co\/web\/#organization"},"potentialAction":[{"@type":"SearchAction","target":{"@type":"EntryPoint","urlTemplate":"https:\/\/contrastes.com.co\/web\/?s={search_term_string}"},"query-input":{"@type":"PropertyValueSpecification","valueRequired":true,"valueName":"search_term_string"}}],"inLanguage":"es"},{"@type":"Organization","@id":"https:\/\/contrastes.com.co\/web\/#organization","name":"Contrastes","url":"https:\/\/contrastes.com.co\/web\/","logo":{"@type":"ImageObject","inLanguage":"es","@id":"https:\/\/contrastes.com.co\/web\/#\/schema\/logo\/image\/","url":"https:\/\/contrastes.com.co\/web\/wp-content\/uploads\/2025\/04\/15CONTRASTES3.png","contentUrl":"https:\/\/contrastes.com.co\/web\/wp-content\/uploads\/2025\/04\/15CONTRASTES3.png","width":1536,"height":231,"caption":"Contrastes"},"image":{"@id":"https:\/\/contrastes.com.co\/web\/#\/schema\/logo\/image\/"},"sameAs":["https:\/\/www.facebook.com\/guillo.pantoja.1"]},{"@type":"Person","@id":"https:\/\/contrastes.com.co\/web\/#\/schema\/person\/62ef7a62dc4da6de450c71fc2e95ed02","name":"Editor","image":{"@type":"ImageObject","inLanguage":"es","@id":"https:\/\/secure.gravatar.com\/avatar\/7bbb4f718d74bbf600dc556253bb04fd7ac8593751d6e2e3b85432d98aefae80?s=96&d=mm&r=g","url":"https:\/\/secure.gravatar.com\/avatar\/7bbb4f718d74bbf600dc556253bb04fd7ac8593751d6e2e3b85432d98aefae80?s=96&d=mm&r=g","contentUrl":"https:\/\/secure.gravatar.com\/avatar\/7bbb4f718d74bbf600dc556253bb04fd7ac8593751d6e2e3b85432d98aefae80?s=96&d=mm&r=g","caption":"Editor"},"sameAs":["https:\/\/contrastes.com.co\/web"],"url":"https:\/\/contrastes.com.co\/web\/author\/jdbobadilla\/"}]}},"blog_post_layout_featured_media_urls":{"thumbnail":"","full":""},"categories_names":{"2832":{"name":"Convocatorias","link":"https:\/\/contrastes.com.co\/web\/category\/convocatorias\/"},"24":{"name":"Regi\u00f3n","link":"https:\/\/contrastes.com.co\/web\/category\/region\/"},"3241":{"name":"Sector P\u00fablico","link":"https:\/\/contrastes.com.co\/web\/category\/sector-publico\/"}},"tags_names":{"3751":{"name":"concurso en \u201cLa Pel\u00edcula del Control\u201d","link":"https:\/\/contrastes.com.co\/web\/tag\/concurso-en-la-pelicula-del-control\/"},"3752":{"name":"Contralor Departamental del Atl\u00e1ntico","link":"https:\/\/contrastes.com.co\/web\/tag\/contralor-departamental-del-atlantico\/"},"3753":{"name":"Contralor\u00eda Departamental del Atl\u00e1ntico lanza su programa S\u00daPER CIVIC","link":"https:\/\/contrastes.com.co\/web\/tag\/contraloria-departamental-del-atlantico-lanza-su-programa-super-civic\/"},"219":{"name":"Contralor\u00eda General de la Rep\u00fablica","link":"https:\/\/contrastes.com.co\/web\/tag\/contraloria-general-de-la-republica\/"},"3754":{"name":"Jairo Alberto Fandi\u00f1o V\u00e1squez","link":"https:\/\/contrastes.com.co\/web\/tag\/jairo-alberto-fandino-vasquez\/"},"3755":{"name":"programa S\u00daPER CIVIC","link":"https:\/\/contrastes.com.co\/web\/tag\/programa-super-civic\/"}},"comments_number":"0","wpmagazine_modules_lite_featured_media_urls":{"thumbnail":"","cvmm-medium":"","cvmm-medium-plus":"","cvmm-portrait":"","cvmm-medium-square":"","cvmm-large":"","cvmm-small":"","full":""},"_links":{"self":[{"href":"https:\/\/contrastes.com.co\/web\/wp-json\/wp\/v2\/posts\/6500","targetHints":{"allow":["GET"]}}],"collection":[{"href":"https:\/\/contrastes.com.co\/web\/wp-json\/wp\/v2\/posts"}],"about":[{"href":"https:\/\/contrastes.com.co\/web\/wp-json\/wp\/v2\/types\/post"}],"author":[{"embeddable":true,"href":"https:\/\/contrastes.com.co\/web\/wp-json\/wp\/v2\/users\/1"}],"replies":[{"embeddable":true,"href":"https:\/\/contrastes.com.co\/web\/wp-json\/wp\/v2\/comments?post=6500"}],"version-history":[{"count":0,"href":"https:\/\/contrastes.com.co\/web\/wp-json\/wp\/v2\/posts\/6500\/revisions"}],"wp:attachment":[{"href":"https:\/\/contrastes.com.co\/web\/wp-json\/wp\/v2\/media?parent=6500"}],"wp:term":[{"taxonomy":"category","embeddable":true,"href":"https:\/\/contrastes.com.co\/web\/wp-json\/wp\/v2\/categories?post=6500"},{"taxonomy":"post_tag","embeddable":true,"href":"https:\/\/contrastes.com.co\/web\/wp-json\/wp\/v2\/tags?post=6500"}],"curies":[{"name":"wp","href":"https:\/\/api.w.org\/{rel}","templated":true}]}}