{"id":6546,"date":"2021-07-01T19:25:46","date_gmt":"2021-07-02T00:25:46","guid":{"rendered":"https:\/\/contrastes.com.co\/digital\/?p=6546"},"modified":"2021-07-01T19:25:46","modified_gmt":"2021-07-02T00:25:46","slug":"transportadores-exaltan-acciones-de-regulacion-realizadas-por-el-transito-de-soledad","status":"publish","type":"post","link":"https:\/\/contrastes.com.co\/web\/2021\/07\/01\/transportadores-exaltan-acciones-de-regulacion-realizadas-por-el-transito-de-soledad\/","title":{"rendered":"Transportadores exaltan acciones de regulaci\u00f3n realizadas por el Tr\u00e1nsito de Soledad"},"content":{"rendered":"<p><strong>Transportadores exaltan acciones de regulaci\u00f3n realizadas por el Tr\u00e1nsito de Soledad<\/strong><\/p>\n<blockquote><p><strong>Los representes de las diferentes empresas de transporte p\u00fablico acordaron trabajar de la mano con el Instituto de Tr\u00e1nsito para mejorar la movilidad en el municipio.<\/strong><\/p><\/blockquote>\n<p><strong>Soledad.-<\/strong>\u00a0En su compromiso por mejorar la movilidad en el municipio de Soledad, el director del Instituto de Tr\u00e1nsito, Jos\u00e9 Torregrosa Otero, escuch\u00f3 atento las <strong>observaciones que realizaron los representantes de las distintas empresas de buses de servicio p\u00fablico, relacionadas con la intervenci\u00f3n de sem\u00e1foros, operativos contra el parqueo ilegal en zonas de alto flujo vehicular, entre otras.<\/strong><\/p>\n<p>Los temas fueron abordados en la mesa de trabajo que viene liderando el ente descentralizado con todos los actores viales de la poblaci\u00f3n, realizada en la sala de juntas del Centro Comercial Nuestro Atl\u00e1ntico.<\/p>\n<p>\u00abResaltamos los puntos en que la administraci\u00f3n ha mejorado en el tiempo corto que lleva. Ha mejorado bastante. Sabemos que la movilidad en Soledad es muy compleja y todo no depende del Tr\u00e1nsito, hay otros aspectos que mejorar, que dependen de otros actores\u00bb, asegur\u00f3 <strong>Fidel Cajamarca, gerente de Cootracolsur<\/strong>.<\/p>\n<p>Para <strong>Ramiro Grisales Cano, gerente de la empresa Cootratl\u00e1ntico<\/strong>, este tipo de reuniones permiten una retroalimentaci\u00f3n y concertaci\u00f3n de medidas en pro de la movilidad.<\/p>\n<p>\u00abAfortunadamente, en la reuni\u00f3n ya se concert\u00f3 que deb\u00edamos reunirnos cada rato, para mirar la problem\u00e1tica de la movilidad en Soledad. Nosotros no tenemos quejas contra el Tr\u00e1nsito. Nos parece que ha mejorado bastante en la movilidad, en la organizaci\u00f3n, en la accidentalidad , aqu\u00ed se ha mejorado mucho\u00bb, expres\u00f3.<\/p>\n<p>Al concluir la mesa de trabajo, el <strong>director del Instituto de Tr\u00e1nsito, Jos\u00e9 Torregrosa Otero<\/strong>, se mostr\u00f3 complacido por el apoyo recibido a la gesti\u00f3n desarrollada. \u00abEs importante que nuestras actuaciones como funcionarios p\u00fablicos sean resaltadas y reconocidas. Nos llevamos, no la sorpresa, la satisfacci\u00f3n que se sienten ellos representados, de que el Tr\u00e1nsito de Soledad ha mejorado en todas sus actuaciones, con referente a una mejor atenci\u00f3n y a una mejor regulaci\u00f3n, pero este es un comportamiento que va en un escenario transversal, de parte y parte\u00bb.<\/p>\n<p>Asimismo, ante la solicitud del control sobre los veh\u00edculos particulares que obstruyen la v\u00eda en zonas como en el ingreso al Aeropuerto Ernesto Cortissoz, expres\u00f3: \u00abCon el \u00c1rea Metropolitana tambi\u00e9n vamos a trabajar de una manera bastante conexa para que tambi\u00e9n se den pronto estas soluciones\u00bb.<\/p>\n<p>Igualmente, ser\u00e1 programada una reuni\u00f3n con la empresa Dolmen, para que prontamente se puedan intervenir los sem\u00e1foros que se encuentran en mal estado, como el ubicado en la calle 30, a la altura de la empresa Gecolsa.<\/p>\n<p>El pr\u00f3ximo encuentro con los integrantes de este importante gremio, fue programada para el 3 de agosto.<\/p>\n","protected":false},"excerpt":{"rendered":"<p>En su compromiso por mejorar la movilidad en el municipio de Soledad, el director del Instituto de Tr\u00e1nsito, Jos\u00e9 Torregrosa Otero, escuch\u00f3 atento las observaciones que realizaron los representantes de las distintas empresas de buses de servicio p\u00fablico, relacionadas con la intervenci\u00f3n de sem\u00e1foros, operativos contra el parqueo ilegal en zonas de alto flujo vehicular, entre otras.<\/p>\n","protected":false},"author":1,"featured_media":6547,"comment_status":"open","ping_status":"open","sticky":false,"template":"","format":"standard","meta":{"footnotes":""},"categories":[23,664],"tags":[3097,2367,3778,3779,3780,2060,2117,51,3781,3782],"class_list":["post-6546","post","type-post","status-publish","format-standard","has-post-thumbnail","hentry","category-locales","category-transporte","tag-area-metropolitana-de-barranquilla","tag-dolmen","tag-fidel-cajamarca","tag-gerente-de-cootracolsur","tag-gerente-de-la-empresa-cootratlantico","tag-instituto-de-transito-de-soledad","tag-jorge-torregrosa","tag-municipio-de-soledad","tag-ramiro-grisales-cano","tag-transportadores"],"yoast_head":"<!-- This site is optimized with the Yoast SEO plugin v27.7 - https:\/\/yoast.com\/product\/yoast-seo-wordpress\/ -->\n<title>Transportadores exaltan acciones de regulaci\u00f3n realizadas por el Tr\u00e1nsito de Soledad - Constrastes<\/title>\n<meta name=\"description\" content=\"En su compromiso por mejorar la movilidad en el municipio de Soledad, el director del Instituto de Tr\u00e1nsito, Jos\u00e9 Torregrosa Otero, escuch\u00f3 atento las observaciones que realizaron los representantes de las distintas empresas de buses de servicio p\u00fablico, relacionadas con la intervenci\u00f3n de sem\u00e1foros, operativos contra el parqueo ilegal en zonas de alto flujo vehicular, entre otras.\" \/>\n<meta name=\"robots\" content=\"index, follow, max-snippet:-1, max-image-preview:large, max-video-preview:-1\" \/>\n<link rel=\"canonical\" href=\"https:\/\/contrastes.com.co\/web\/2021\/07\/01\/transportadores-exaltan-acciones-de-regulacion-realizadas-por-el-transito-de-soledad\/\" \/>\n<meta property=\"og:locale\" content=\"es_ES\" \/>\n<meta property=\"og:type\" content=\"article\" \/>\n<meta property=\"og:title\" content=\"Transportadores exaltan acciones de regulaci\u00f3n realizadas por el Tr\u00e1nsito de Soledad - Constrastes\" \/>\n<meta property=\"og:description\" content=\"En su compromiso por mejorar la movilidad en el municipio de Soledad, el director del Instituto de Tr\u00e1nsito, Jos\u00e9 Torregrosa Otero, escuch\u00f3 atento las observaciones que realizaron los representantes de las distintas empresas de buses de servicio p\u00fablico, relacionadas con la intervenci\u00f3n de sem\u00e1foros, operativos contra el parqueo ilegal en zonas de alto flujo vehicular, entre otras.\" \/>\n<meta property=\"og:url\" content=\"https:\/\/contrastes.com.co\/web\/2021\/07\/01\/transportadores-exaltan-acciones-de-regulacion-realizadas-por-el-transito-de-soledad\/\" \/>\n<meta property=\"og:site_name\" content=\"Constrastes\" \/>\n<meta property=\"article:publisher\" content=\"https:\/\/www.facebook.com\/guillo.pantoja.1\" \/>\n<meta property=\"article:published_time\" content=\"2021-07-02T00:25:46+00:00\" \/>\n<meta name=\"author\" content=\"Editor\" \/>\n<meta name=\"twitter:card\" content=\"summary_large_image\" \/>\n<meta name=\"twitter:label1\" content=\"Escrito por\" \/>\n\t<meta name=\"twitter:data1\" content=\"Editor\" \/>\n\t<meta name=\"twitter:label2\" content=\"Tiempo de lectura\" \/>\n\t<meta name=\"twitter:data2\" content=\"2 minutos\" \/>\n<script type=\"application\/ld+json\" class=\"yoast-schema-graph\">{\"@context\":\"https:\\\/\\\/schema.org\",\"@graph\":[{\"@type\":\"Article\",\"@id\":\"https:\\\/\\\/contrastes.com.co\\\/web\\\/2021\\\/07\\\/01\\\/transportadores-exaltan-acciones-de-regulacion-realizadas-por-el-transito-de-soledad\\\/#article\",\"isPartOf\":{\"@id\":\"https:\\\/\\\/contrastes.com.co\\\/web\\\/2021\\\/07\\\/01\\\/transportadores-exaltan-acciones-de-regulacion-realizadas-por-el-transito-de-soledad\\\/\"},\"author\":{\"name\":\"Editor\",\"@id\":\"https:\\\/\\\/contrastes.com.co\\\/web\\\/#\\\/schema\\\/person\\\/62ef7a62dc4da6de450c71fc2e95ed02\"},\"headline\":\"Transportadores exaltan acciones de regulaci\u00f3n realizadas por el Tr\u00e1nsito de Soledad\",\"datePublished\":\"2021-07-02T00:25:46+00:00\",\"mainEntityOfPage\":{\"@id\":\"https:\\\/\\\/contrastes.com.co\\\/web\\\/2021\\\/07\\\/01\\\/transportadores-exaltan-acciones-de-regulacion-realizadas-por-el-transito-de-soledad\\\/\"},\"wordCount\":486,\"commentCount\":0,\"publisher\":{\"@id\":\"https:\\\/\\\/contrastes.com.co\\\/web\\\/#organization\"},\"image\":{\"@id\":\"https:\\\/\\\/contrastes.com.co\\\/web\\\/2021\\\/07\\\/01\\\/transportadores-exaltan-acciones-de-regulacion-realizadas-por-el-transito-de-soledad\\\/#primaryimage\"},\"thumbnailUrl\":\"\",\"keywords\":[\"\u00c1rea Metropolitana de Barranquilla\",\"Dolmen\",\"Fidel Cajamarca\",\"gerente de Cootracolsur\",\"gerente de la empresa Cootratl\u00e1ntico\",\"Instituto de Tr\u00e1nsito de Soledad\",\"Jorge Torregrosa\",\"municipio de soledad\",\"Ramiro Grisales Cano\",\"transportadores\"],\"articleSection\":[\"Locales\",\"Transporte\"],\"inLanguage\":\"es\",\"potentialAction\":[{\"@type\":\"CommentAction\",\"name\":\"Comment\",\"target\":[\"https:\\\/\\\/contrastes.com.co\\\/web\\\/2021\\\/07\\\/01\\\/transportadores-exaltan-acciones-de-regulacion-realizadas-por-el-transito-de-soledad\\\/#respond\"]}]},{\"@type\":\"WebPage\",\"@id\":\"https:\\\/\\\/contrastes.com.co\\\/web\\\/2021\\\/07\\\/01\\\/transportadores-exaltan-acciones-de-regulacion-realizadas-por-el-transito-de-soledad\\\/\",\"url\":\"https:\\\/\\\/contrastes.com.co\\\/web\\\/2021\\\/07\\\/01\\\/transportadores-exaltan-acciones-de-regulacion-realizadas-por-el-transito-de-soledad\\\/\",\"name\":\"Transportadores exaltan acciones de regulaci\u00f3n realizadas por el Tr\u00e1nsito de Soledad - Constrastes\",\"isPartOf\":{\"@id\":\"https:\\\/\\\/contrastes.com.co\\\/web\\\/#website\"},\"primaryImageOfPage\":{\"@id\":\"https:\\\/\\\/contrastes.com.co\\\/web\\\/2021\\\/07\\\/01\\\/transportadores-exaltan-acciones-de-regulacion-realizadas-por-el-transito-de-soledad\\\/#primaryimage\"},\"image\":{\"@id\":\"https:\\\/\\\/contrastes.com.co\\\/web\\\/2021\\\/07\\\/01\\\/transportadores-exaltan-acciones-de-regulacion-realizadas-por-el-transito-de-soledad\\\/#primaryimage\"},\"thumbnailUrl\":\"\",\"datePublished\":\"2021-07-02T00:25:46+00:00\",\"description\":\"En su compromiso por mejorar la movilidad en el municipio de Soledad, el director del Instituto de Tr\u00e1nsito, Jos\u00e9 Torregrosa Otero, escuch\u00f3 atento las observaciones que realizaron los representantes de las distintas empresas de buses de servicio p\u00fablico, relacionadas con la intervenci\u00f3n de sem\u00e1foros, operativos contra el parqueo ilegal en zonas de alto flujo vehicular, entre otras.\",\"breadcrumb\":{\"@id\":\"https:\\\/\\\/contrastes.com.co\\\/web\\\/2021\\\/07\\\/01\\\/transportadores-exaltan-acciones-de-regulacion-realizadas-por-el-transito-de-soledad\\\/#breadcrumb\"},\"inLanguage\":\"es\",\"potentialAction\":[{\"@type\":\"ReadAction\",\"target\":[\"https:\\\/\\\/contrastes.com.co\\\/web\\\/2021\\\/07\\\/01\\\/transportadores-exaltan-acciones-de-regulacion-realizadas-por-el-transito-de-soledad\\\/\"]}]},{\"@type\":\"ImageObject\",\"inLanguage\":\"es\",\"@id\":\"https:\\\/\\\/contrastes.com.co\\\/web\\\/2021\\\/07\\\/01\\\/transportadores-exaltan-acciones-de-regulacion-realizadas-por-el-transito-de-soledad\\\/#primaryimage\",\"url\":\"\",\"contentUrl\":\"\"},{\"@type\":\"BreadcrumbList\",\"@id\":\"https:\\\/\\\/contrastes.com.co\\\/web\\\/2021\\\/07\\\/01\\\/transportadores-exaltan-acciones-de-regulacion-realizadas-por-el-transito-de-soledad\\\/#breadcrumb\",\"itemListElement\":[{\"@type\":\"ListItem\",\"position\":1,\"name\":\"Portada\",\"item\":\"https:\\\/\\\/contrastes.com.co\\\/web\\\/\"},{\"@type\":\"ListItem\",\"position\":2,\"name\":\"Transportadores exaltan acciones de regulaci\u00f3n realizadas por el Tr\u00e1nsito de Soledad\"}]},{\"@type\":\"WebSite\",\"@id\":\"https:\\\/\\\/contrastes.com.co\\\/web\\\/#website\",\"url\":\"https:\\\/\\\/contrastes.com.co\\\/web\\\/\",\"name\":\"Contrastes\",\"description\":\"Periodismo de Conciencia\",\"publisher\":{\"@id\":\"https:\\\/\\\/contrastes.com.co\\\/web\\\/#organization\"},\"potentialAction\":[{\"@type\":\"SearchAction\",\"target\":{\"@type\":\"EntryPoint\",\"urlTemplate\":\"https:\\\/\\\/contrastes.com.co\\\/web\\\/?s={search_term_string}\"},\"query-input\":{\"@type\":\"PropertyValueSpecification\",\"valueRequired\":true,\"valueName\":\"search_term_string\"}}],\"inLanguage\":\"es\"},{\"@type\":\"Organization\",\"@id\":\"https:\\\/\\\/contrastes.com.co\\\/web\\\/#organization\",\"name\":\"Contrastes\",\"url\":\"https:\\\/\\\/contrastes.com.co\\\/web\\\/\",\"logo\":{\"@type\":\"ImageObject\",\"inLanguage\":\"es\",\"@id\":\"https:\\\/\\\/contrastes.com.co\\\/web\\\/#\\\/schema\\\/logo\\\/image\\\/\",\"url\":\"https:\\\/\\\/contrastes.com.co\\\/web\\\/wp-content\\\/uploads\\\/2025\\\/04\\\/15CONTRASTES3.png\",\"contentUrl\":\"https:\\\/\\\/contrastes.com.co\\\/web\\\/wp-content\\\/uploads\\\/2025\\\/04\\\/15CONTRASTES3.png\",\"width\":1536,\"height\":231,\"caption\":\"Contrastes\"},\"image\":{\"@id\":\"https:\\\/\\\/contrastes.com.co\\\/web\\\/#\\\/schema\\\/logo\\\/image\\\/\"},\"sameAs\":[\"https:\\\/\\\/www.facebook.com\\\/guillo.pantoja.1\"]},{\"@type\":\"Person\",\"@id\":\"https:\\\/\\\/contrastes.com.co\\\/web\\\/#\\\/schema\\\/person\\\/62ef7a62dc4da6de450c71fc2e95ed02\",\"name\":\"Editor\",\"image\":{\"@type\":\"ImageObject\",\"inLanguage\":\"es\",\"@id\":\"https:\\\/\\\/secure.gravatar.com\\\/avatar\\\/7bbb4f718d74bbf600dc556253bb04fd7ac8593751d6e2e3b85432d98aefae80?s=96&d=mm&r=g\",\"url\":\"https:\\\/\\\/secure.gravatar.com\\\/avatar\\\/7bbb4f718d74bbf600dc556253bb04fd7ac8593751d6e2e3b85432d98aefae80?s=96&d=mm&r=g\",\"contentUrl\":\"https:\\\/\\\/secure.gravatar.com\\\/avatar\\\/7bbb4f718d74bbf600dc556253bb04fd7ac8593751d6e2e3b85432d98aefae80?s=96&d=mm&r=g\",\"caption\":\"Editor\"},\"sameAs\":[\"https:\\\/\\\/contrastes.com.co\\\/web\"],\"url\":\"https:\\\/\\\/contrastes.com.co\\\/web\\\/author\\\/jdbobadilla\\\/\"}]}<\/script>\n<!-- \/ Yoast SEO plugin. -->","yoast_head_json":{"title":"Transportadores exaltan acciones de regulaci\u00f3n realizadas por el Tr\u00e1nsito de Soledad - Constrastes","description":"En su compromiso por mejorar la movilidad en el municipio de Soledad, el director del Instituto de Tr\u00e1nsito, Jos\u00e9 Torregrosa Otero, escuch\u00f3 atento las observaciones que realizaron los representantes de las distintas empresas de buses de servicio p\u00fablico, relacionadas con la intervenci\u00f3n de sem\u00e1foros, operativos contra el parqueo ilegal en zonas de alto flujo vehicular, entre otras.","robots":{"index":"index","follow":"follow","max-snippet":"max-snippet:-1","max-image-preview":"max-image-preview:large","max-video-preview":"max-video-preview:-1"},"canonical":"https:\/\/contrastes.com.co\/web\/2021\/07\/01\/transportadores-exaltan-acciones-de-regulacion-realizadas-por-el-transito-de-soledad\/","og_locale":"es_ES","og_type":"article","og_title":"Transportadores exaltan acciones de regulaci\u00f3n realizadas por el Tr\u00e1nsito de Soledad - Constrastes","og_description":"En su compromiso por mejorar la movilidad en el municipio de Soledad, el director del Instituto de Tr\u00e1nsito, Jos\u00e9 Torregrosa Otero, escuch\u00f3 atento las observaciones que realizaron los representantes de las distintas empresas de buses de servicio p\u00fablico, relacionadas con la intervenci\u00f3n de sem\u00e1foros, operativos contra el parqueo ilegal en zonas de alto flujo vehicular, entre otras.","og_url":"https:\/\/contrastes.com.co\/web\/2021\/07\/01\/transportadores-exaltan-acciones-de-regulacion-realizadas-por-el-transito-de-soledad\/","og_site_name":"Constrastes","article_publisher":"https:\/\/www.facebook.com\/guillo.pantoja.1","article_published_time":"2021-07-02T00:25:46+00:00","author":"Editor","twitter_card":"summary_large_image","twitter_misc":{"Escrito por":"Editor","Tiempo de lectura":"2 minutos"},"schema":{"@context":"https:\/\/schema.org","@graph":[{"@type":"Article","@id":"https:\/\/contrastes.com.co\/web\/2021\/07\/01\/transportadores-exaltan-acciones-de-regulacion-realizadas-por-el-transito-de-soledad\/#article","isPartOf":{"@id":"https:\/\/contrastes.com.co\/web\/2021\/07\/01\/transportadores-exaltan-acciones-de-regulacion-realizadas-por-el-transito-de-soledad\/"},"author":{"name":"Editor","@id":"https:\/\/contrastes.com.co\/web\/#\/schema\/person\/62ef7a62dc4da6de450c71fc2e95ed02"},"headline":"Transportadores exaltan acciones de regulaci\u00f3n realizadas por el Tr\u00e1nsito de Soledad","datePublished":"2021-07-02T00:25:46+00:00","mainEntityOfPage":{"@id":"https:\/\/contrastes.com.co\/web\/2021\/07\/01\/transportadores-exaltan-acciones-de-regulacion-realizadas-por-el-transito-de-soledad\/"},"wordCount":486,"commentCount":0,"publisher":{"@id":"https:\/\/contrastes.com.co\/web\/#organization"},"image":{"@id":"https:\/\/contrastes.com.co\/web\/2021\/07\/01\/transportadores-exaltan-acciones-de-regulacion-realizadas-por-el-transito-de-soledad\/#primaryimage"},"thumbnailUrl":"","keywords":["\u00c1rea Metropolitana de Barranquilla","Dolmen","Fidel Cajamarca","gerente de Cootracolsur","gerente de la empresa Cootratl\u00e1ntico","Instituto de Tr\u00e1nsito de Soledad","Jorge Torregrosa","municipio de soledad","Ramiro Grisales Cano","transportadores"],"articleSection":["Locales","Transporte"],"inLanguage":"es","potentialAction":[{"@type":"CommentAction","name":"Comment","target":["https:\/\/contrastes.com.co\/web\/2021\/07\/01\/transportadores-exaltan-acciones-de-regulacion-realizadas-por-el-transito-de-soledad\/#respond"]}]},{"@type":"WebPage","@id":"https:\/\/contrastes.com.co\/web\/2021\/07\/01\/transportadores-exaltan-acciones-de-regulacion-realizadas-por-el-transito-de-soledad\/","url":"https:\/\/contrastes.com.co\/web\/2021\/07\/01\/transportadores-exaltan-acciones-de-regulacion-realizadas-por-el-transito-de-soledad\/","name":"Transportadores exaltan acciones de regulaci\u00f3n realizadas por el Tr\u00e1nsito de Soledad - Constrastes","isPartOf":{"@id":"https:\/\/contrastes.com.co\/web\/#website"},"primaryImageOfPage":{"@id":"https:\/\/contrastes.com.co\/web\/2021\/07\/01\/transportadores-exaltan-acciones-de-regulacion-realizadas-por-el-transito-de-soledad\/#primaryimage"},"image":{"@id":"https:\/\/contrastes.com.co\/web\/2021\/07\/01\/transportadores-exaltan-acciones-de-regulacion-realizadas-por-el-transito-de-soledad\/#primaryimage"},"thumbnailUrl":"","datePublished":"2021-07-02T00:25:46+00:00","description":"En su compromiso por mejorar la movilidad en el municipio de Soledad, el director del Instituto de Tr\u00e1nsito, Jos\u00e9 Torregrosa Otero, escuch\u00f3 atento las observaciones que realizaron los representantes de las distintas empresas de buses de servicio p\u00fablico, relacionadas con la intervenci\u00f3n de sem\u00e1foros, operativos contra el parqueo ilegal en zonas de alto flujo vehicular, entre otras.","breadcrumb":{"@id":"https:\/\/contrastes.com.co\/web\/2021\/07\/01\/transportadores-exaltan-acciones-de-regulacion-realizadas-por-el-transito-de-soledad\/#breadcrumb"},"inLanguage":"es","potentialAction":[{"@type":"ReadAction","target":["https:\/\/contrastes.com.co\/web\/2021\/07\/01\/transportadores-exaltan-acciones-de-regulacion-realizadas-por-el-transito-de-soledad\/"]}]},{"@type":"ImageObject","inLanguage":"es","@id":"https:\/\/contrastes.com.co\/web\/2021\/07\/01\/transportadores-exaltan-acciones-de-regulacion-realizadas-por-el-transito-de-soledad\/#primaryimage","url":"","contentUrl":""},{"@type":"BreadcrumbList","@id":"https:\/\/contrastes.com.co\/web\/2021\/07\/01\/transportadores-exaltan-acciones-de-regulacion-realizadas-por-el-transito-de-soledad\/#breadcrumb","itemListElement":[{"@type":"ListItem","position":1,"name":"Portada","item":"https:\/\/contrastes.com.co\/web\/"},{"@type":"ListItem","position":2,"name":"Transportadores exaltan acciones de regulaci\u00f3n realizadas por el Tr\u00e1nsito de Soledad"}]},{"@type":"WebSite","@id":"https:\/\/contrastes.com.co\/web\/#website","url":"https:\/\/contrastes.com.co\/web\/","name":"Contrastes","description":"Periodismo de Conciencia","publisher":{"@id":"https:\/\/contrastes.com.co\/web\/#organization"},"potentialAction":[{"@type":"SearchAction","target":{"@type":"EntryPoint","urlTemplate":"https:\/\/contrastes.com.co\/web\/?s={search_term_string}"},"query-input":{"@type":"PropertyValueSpecification","valueRequired":true,"valueName":"search_term_string"}}],"inLanguage":"es"},{"@type":"Organization","@id":"https:\/\/contrastes.com.co\/web\/#organization","name":"Contrastes","url":"https:\/\/contrastes.com.co\/web\/","logo":{"@type":"ImageObject","inLanguage":"es","@id":"https:\/\/contrastes.com.co\/web\/#\/schema\/logo\/image\/","url":"https:\/\/contrastes.com.co\/web\/wp-content\/uploads\/2025\/04\/15CONTRASTES3.png","contentUrl":"https:\/\/contrastes.com.co\/web\/wp-content\/uploads\/2025\/04\/15CONTRASTES3.png","width":1536,"height":231,"caption":"Contrastes"},"image":{"@id":"https:\/\/contrastes.com.co\/web\/#\/schema\/logo\/image\/"},"sameAs":["https:\/\/www.facebook.com\/guillo.pantoja.1"]},{"@type":"Person","@id":"https:\/\/contrastes.com.co\/web\/#\/schema\/person\/62ef7a62dc4da6de450c71fc2e95ed02","name":"Editor","image":{"@type":"ImageObject","inLanguage":"es","@id":"https:\/\/secure.gravatar.com\/avatar\/7bbb4f718d74bbf600dc556253bb04fd7ac8593751d6e2e3b85432d98aefae80?s=96&d=mm&r=g","url":"https:\/\/secure.gravatar.com\/avatar\/7bbb4f718d74bbf600dc556253bb04fd7ac8593751d6e2e3b85432d98aefae80?s=96&d=mm&r=g","contentUrl":"https:\/\/secure.gravatar.com\/avatar\/7bbb4f718d74bbf600dc556253bb04fd7ac8593751d6e2e3b85432d98aefae80?s=96&d=mm&r=g","caption":"Editor"},"sameAs":["https:\/\/contrastes.com.co\/web"],"url":"https:\/\/contrastes.com.co\/web\/author\/jdbobadilla\/"}]}},"blog_post_layout_featured_media_urls":{"thumbnail":"","full":""},"categories_names":{"23":{"name":"Locales","link":"https:\/\/contrastes.com.co\/web\/category\/locales\/"},"664":{"name":"Transporte","link":"https:\/\/contrastes.com.co\/web\/category\/transporte\/"}},"tags_names":{"3097":{"name":"\u00c1rea Metropolitana de Barranquilla","link":"https:\/\/contrastes.com.co\/web\/tag\/area-metropolitana-de-barranquilla\/"},"2367":{"name":"Dolmen","link":"https:\/\/contrastes.com.co\/web\/tag\/dolmen\/"},"3778":{"name":"Fidel Cajamarca","link":"https:\/\/contrastes.com.co\/web\/tag\/fidel-cajamarca\/"},"3779":{"name":"gerente de Cootracolsur","link":"https:\/\/contrastes.com.co\/web\/tag\/gerente-de-cootracolsur\/"},"3780":{"name":"gerente de la empresa Cootratl\u00e1ntico","link":"https:\/\/contrastes.com.co\/web\/tag\/gerente-de-la-empresa-cootratlantico\/"},"2060":{"name":"Instituto de Tr\u00e1nsito de Soledad","link":"https:\/\/contrastes.com.co\/web\/tag\/instituto-de-transito-de-soledad\/"},"2117":{"name":"Jorge Torregrosa","link":"https:\/\/contrastes.com.co\/web\/tag\/jorge-torregrosa\/"},"51":{"name":"municipio de soledad","link":"https:\/\/contrastes.com.co\/web\/tag\/municipio-de-soledad\/"},"3781":{"name":"Ramiro Grisales Cano","link":"https:\/\/contrastes.com.co\/web\/tag\/ramiro-grisales-cano\/"},"3782":{"name":"transportadores","link":"https:\/\/contrastes.com.co\/web\/tag\/transportadores\/"}},"comments_number":"0","wpmagazine_modules_lite_featured_media_urls":{"thumbnail":"","cvmm-medium":"","cvmm-medium-plus":"","cvmm-portrait":"","cvmm-medium-square":"","cvmm-large":"","cvmm-small":"","full":""},"_links":{"self":[{"href":"https:\/\/contrastes.com.co\/web\/wp-json\/wp\/v2\/posts\/6546","targetHints":{"allow":["GET"]}}],"collection":[{"href":"https:\/\/contrastes.com.co\/web\/wp-json\/wp\/v2\/posts"}],"about":[{"href":"https:\/\/contrastes.com.co\/web\/wp-json\/wp\/v2\/types\/post"}],"author":[{"embeddable":true,"href":"https:\/\/contrastes.com.co\/web\/wp-json\/wp\/v2\/users\/1"}],"replies":[{"embeddable":true,"href":"https:\/\/contrastes.com.co\/web\/wp-json\/wp\/v2\/comments?post=6546"}],"version-history":[{"count":0,"href":"https:\/\/contrastes.com.co\/web\/wp-json\/wp\/v2\/posts\/6546\/revisions"}],"wp:attachment":[{"href":"https:\/\/contrastes.com.co\/web\/wp-json\/wp\/v2\/media?parent=6546"}],"wp:term":[{"taxonomy":"category","embeddable":true,"href":"https:\/\/contrastes.com.co\/web\/wp-json\/wp\/v2\/categories?post=6546"},{"taxonomy":"post_tag","embeddable":true,"href":"https:\/\/contrastes.com.co\/web\/wp-json\/wp\/v2\/tags?post=6546"}],"curies":[{"name":"wp","href":"https:\/\/api.w.org\/{rel}","templated":true}]}}