{"id":6768,"date":"2021-07-29T14:11:28","date_gmt":"2021-07-29T19:11:28","guid":{"rendered":"https:\/\/contrastes.com.co\/digital\/?p=6768"},"modified":"2021-07-29T14:11:28","modified_gmt":"2021-07-29T19:11:28","slug":"con-mas-de-140-mil-millones-el-atlantico-lleva-agua-financiacion-y-asistencia-tecnica-a-sus-campesinos","status":"publish","type":"post","link":"https:\/\/contrastes.com.co\/web\/2021\/07\/29\/con-mas-de-140-mil-millones-el-atlantico-lleva-agua-financiacion-y-asistencia-tecnica-a-sus-campesinos\/","title":{"rendered":"Con m\u00e1s de $140 mil millones el Atl\u00e1ntico lleva agua, financiaci\u00f3n y asistencia t\u00e9cnica a sus campesinos"},"content":{"rendered":"<p><strong>\u00abCon m\u00e1s de 140 mil millones de pesos, en el Atl\u00e1ntico estamos llevando agua, financiaci\u00f3n y asistencia t\u00e9cnica a nuestros campesinos\u00bb: Miguel Vergara<\/strong><\/p>\n<blockquote><p><strong>\u25cf Atl\u00e1ntico fue el anfitri\u00f3n en el Foro Intersectorial \u00abConstrucci\u00f3n y agricultura: presentes en la recuperaci\u00f3n econ\u00f3mica y social de las regiones\u00bb, organizado por la Federaci\u00f3n Nacional de Departamentos.<\/strong><\/p>\n<p><strong>\u25cf Ocho gobernadores de la regi\u00f3n Caribe y funcionarios del Gobierno Nacional reflexionaron sobre la recuperaci\u00f3n econ\u00f3mica y social, y el papel de la agricultura y la construcci\u00f3n en la reactivaci\u00f3n de las regiones.<\/strong><\/p>\n<p><strong>\u25cf La ministra de Transporte, \u00c1ngela Orozco, destac\u00f3 que, en materia de corredores viales productivos, a trav\u00e9s del programa Colombia Rural hoy en el Atl\u00e1ntico hay 36 proyectos de mejoramiento de v\u00edas terciarias en 19 de los 23 municipios, en los que se invierten 86 mil millones de pesos.<\/strong><\/p><\/blockquote>\n<p><strong>Barranquilla.-<\/strong> En el <strong>II Foro Intersectorial \u00abConstrucci\u00f3n y agricultura: presentes en la recuperaci\u00f3n econ\u00f3mica y social de las regiones\u00bb<\/strong>, organizado por la <strong>Federaci\u00f3n Nacional de Departamentos (FND)<\/strong>, se dieron cita en el Cubo de Cristal de la Plaza de la Paz gobernadores de la regi\u00f3n Caribe y delegados del Gobierno Nacional para reflexionar y establecer compromisos que permitan que la navegabilidad del r\u00edo Magdalena sea una realidad.<\/p>\n<p>El primer panel intersectorial: <strong>\u00abPotencial y herramientas del agro en la recuperaci\u00f3n econ\u00f3mica y social del Caribe\u00bb<\/strong>, moderado por el periodista \u00d3scar Montes, cont\u00f3 con la participaci\u00f3n del gobernador (e) del Atl\u00e1ntico, Miguel Vergara; la ministra de Transporte, \u00c1ngela Orozco; presidente de la SAC, Jorge Enrique Bedoya; el gobernador de C\u00f3rdoba, Orlando Ben\u00edtez; gobernador del Cesar, Luis Alberto Monsalvo, Gobernador del Cesar; vicepresidente de la Banca Agropecuaria del Banco Agrario de Colombia, Andr\u00e9s Zapata; presidente de Asoganorte, Juli\u00e1n Saade; y el rector de la Universidad de C\u00f3rdoba, Jairo Torres.<\/p>\n<p>En su intervenci\u00f3n, el <strong>gobernador (e) del Atl\u00e1ntico, Miguel Vergara<\/strong>, manifest\u00f3 que \u201cel gran reto es llevar ese desarrollo econ\u00f3mico y agroindustrial al campo atlanticense, por ejemplo, por medio del agua. Sin agua no hay campo, y por eso es fundamental el apoyo de la Agencia de Desarrollo Rural, del Gobierno Nacional, Banco Agrario, Finagro. Sin estos apoyos no es posible lograr que ese peque\u00f1o campesino acceda a la financiaci\u00f3n, tenga el componente tecnol\u00f3gico y t\u00e9cnico para ser productivo, asociarse con el sector privado, tener asistencia t\u00e9cnica y compras garantizadas. En esta administraci\u00f3n, no hemos dejado a nuestros campesinos solos. Por eso, la Gobernaci\u00f3n del Atl\u00e1ntico est\u00e1 haciendo inversiones por m\u00e1s de 140 mil millones de pesos en estos componentes, para lograr que se genere empleo en el campo, a trav\u00e9s de la estrategia de agua, financiaci\u00f3n, asistencia t\u00e9cnica y compra asegurada\u201d, indic\u00f3 Vergara.<\/p>\n<p>Por su parte, la <strong>ministra de Transporte, \u00c1ngela Orozco<\/strong>, sostuvo que el Gobierno Nacional viene trabajando de la mano con el departamento del Atl\u00e1ntico en importantes proyectos, que le apuntan a la reactivaci\u00f3n del campo a trav\u00e9s de la conectividad vial.<\/p>\n<p>\u201cCon el<strong> programa Colombia Rural<\/strong>, hoy en el Atl\u00e1ntico tenemos 36 proyectos en 19 de los 23 municipios, en los que estamos invirtiendo 86 mil millones de pesos. Son proyectos en los que las alcald\u00edas han aportado recursos o en especie y la Gobernaci\u00f3n tambi\u00e9n, con lo cual vamos a desarrollar una inversi\u00f3n casi equivalente a la inversi\u00f3n anual promedio de todo el pa\u00eds en v\u00edas terciarias\u201d, se\u00f1al\u00f3 la Ministra.<\/p>\n<p>Asimismo, agreg\u00f3 que su cartera ha venido trabajando con la Gobernaci\u00f3n del Atl\u00e1ntico en la revisi\u00f3n de alternativas \u201cpara destinar los recursos de Ruta del Sol 2 que no se hab\u00eda firmado, para completar la v\u00eda que llega al aeropuerto por la calle 30. Ese es un compromiso que tenemos con la gobernadora, Elsa Noguera. As\u00ed como los recursos para terminar la v\u00eda a Puerto Colombia y para invertir en v\u00edas terciarias en Puerto Colombia. Todo esto es producto de un trabajo articulado con la Gobernaci\u00f3n, en el que el departamento y la Naci\u00f3n aportan\u201d, sostuvo Orozco.<\/p>\n<p>De igual forma, la <strong>secretaria de Infraestructura departamental, Nury Logreira<\/strong>, dijo que el sector de la construcci\u00f3n es un jalonador del desarrollo econ\u00f3mico y que fue este sector el que, precisamente, primero se reactiv\u00f3 en medio de la pandemia. \u201cAdicionalmente, la agricultura est\u00e1 ligada a la infraestructura, porque necesitamos tener conectividad entre las zonas de producci\u00f3n y las zonas de comercializaci\u00f3n, y esto se logra a trav\u00e9s de unas buenas v\u00edas\u201d, afirm\u00f3 la funcionaria.<\/p>\n","protected":false},"excerpt":{"rendered":"<p>En el II Foro Intersectorial \u00abConstrucci\u00f3n y agricultura: presentes en la recuperaci\u00f3n econ\u00f3mica y social de las regiones\u00bb, organizado por la Federaci\u00f3n Nacional de Departamentos (FND), se dieron cita en el Cubo de Cristal de la Plaza de la Paz gobernadores de la regi\u00f3n Caribe y delegados del Gobierno Nacional para reflexionar y establecer compromisos que permitan que la navegabilidad del r\u00edo Magdalena sea una realidad.<\/p>\n","protected":false},"author":1,"featured_media":6769,"comment_status":"open","ping_status":"open","sticky":false,"template":"","format":"standard","meta":{"footnotes":""},"categories":[1039,124,24],"tags":[3894,3895,15,3896,966,982,908,3897,3136],"class_list":["post-6768","post","type-post","status-publish","format-standard","has-post-thumbnail","hentry","category-agro","category-analisis","category-region","tag-angela-orozco","tag-federacion-nacional-de-departamentos-fnd","tag-gobernacion-del-atlantico","tag-gobernador-e-del-atlantico","tag-miguel-vergara","tag-ministra-de-transporte","tag-nury-logreira","tag-programa-colombia-rural","tag-secretaria-de-infraestructura-departamental"],"yoast_head":"<!-- This site is optimized with the Yoast SEO plugin v27.7 - https:\/\/yoast.com\/product\/yoast-seo-wordpress\/ -->\n<title>Con m\u00e1s de $140 mil millones el Atl\u00e1ntico lleva agua, financiaci\u00f3n y asistencia t\u00e9cnica a sus campesinos - Constrastes<\/title>\n<meta name=\"description\" content=\"En el II Foro Intersectorial &quot;Construcci\u00f3n y agricultura: presentes en la recuperaci\u00f3n econ\u00f3mica y social de las regiones&quot;, organizado por la Federaci\u00f3n Nacional de Departamentos (FND), se dieron cita en el Cubo de Cristal de la Plaza de la Paz gobernadores de la regi\u00f3n Caribe y delegados del Gobierno Nacional para reflexionar y establecer compromisos que permitan que la navegabilidad del r\u00edo Magdalena sea una realidad.\" \/>\n<meta name=\"robots\" content=\"index, follow, max-snippet:-1, max-image-preview:large, max-video-preview:-1\" \/>\n<link rel=\"canonical\" href=\"https:\/\/contrastes.com.co\/web\/2021\/07\/29\/con-mas-de-140-mil-millones-el-atlantico-lleva-agua-financiacion-y-asistencia-tecnica-a-sus-campesinos\/\" \/>\n<meta property=\"og:locale\" content=\"es_ES\" \/>\n<meta property=\"og:type\" content=\"article\" \/>\n<meta property=\"og:title\" content=\"Con m\u00e1s de $140 mil millones el Atl\u00e1ntico lleva agua, financiaci\u00f3n y asistencia t\u00e9cnica a sus campesinos - Constrastes\" \/>\n<meta property=\"og:description\" content=\"En el II Foro Intersectorial &quot;Construcci\u00f3n y agricultura: presentes en la recuperaci\u00f3n econ\u00f3mica y social de las regiones&quot;, organizado por la Federaci\u00f3n Nacional de Departamentos (FND), se dieron cita en el Cubo de Cristal de la Plaza de la Paz gobernadores de la regi\u00f3n Caribe y delegados del Gobierno Nacional para reflexionar y establecer compromisos que permitan que la navegabilidad del r\u00edo Magdalena sea una realidad.\" \/>\n<meta property=\"og:url\" content=\"https:\/\/contrastes.com.co\/web\/2021\/07\/29\/con-mas-de-140-mil-millones-el-atlantico-lleva-agua-financiacion-y-asistencia-tecnica-a-sus-campesinos\/\" \/>\n<meta property=\"og:site_name\" content=\"Constrastes\" \/>\n<meta property=\"article:publisher\" content=\"https:\/\/www.facebook.com\/guillo.pantoja.1\" \/>\n<meta property=\"article:published_time\" content=\"2021-07-29T19:11:28+00:00\" \/>\n<meta name=\"author\" content=\"Editor\" \/>\n<meta name=\"twitter:card\" content=\"summary_large_image\" \/>\n<meta name=\"twitter:label1\" content=\"Escrito por\" \/>\n\t<meta name=\"twitter:data1\" content=\"Editor\" \/>\n\t<meta name=\"twitter:label2\" content=\"Tiempo de lectura\" \/>\n\t<meta name=\"twitter:data2\" content=\"4 minutos\" \/>\n<script type=\"application\/ld+json\" class=\"yoast-schema-graph\">{\"@context\":\"https:\\\/\\\/schema.org\",\"@graph\":[{\"@type\":\"Article\",\"@id\":\"https:\\\/\\\/contrastes.com.co\\\/web\\\/2021\\\/07\\\/29\\\/con-mas-de-140-mil-millones-el-atlantico-lleva-agua-financiacion-y-asistencia-tecnica-a-sus-campesinos\\\/#article\",\"isPartOf\":{\"@id\":\"https:\\\/\\\/contrastes.com.co\\\/web\\\/2021\\\/07\\\/29\\\/con-mas-de-140-mil-millones-el-atlantico-lleva-agua-financiacion-y-asistencia-tecnica-a-sus-campesinos\\\/\"},\"author\":{\"name\":\"Editor\",\"@id\":\"https:\\\/\\\/contrastes.com.co\\\/web\\\/#\\\/schema\\\/person\\\/62ef7a62dc4da6de450c71fc2e95ed02\"},\"headline\":\"Con m\u00e1s de $140 mil millones el Atl\u00e1ntico lleva agua, financiaci\u00f3n y asistencia t\u00e9cnica a sus campesinos\",\"datePublished\":\"2021-07-29T19:11:28+00:00\",\"mainEntityOfPage\":{\"@id\":\"https:\\\/\\\/contrastes.com.co\\\/web\\\/2021\\\/07\\\/29\\\/con-mas-de-140-mil-millones-el-atlantico-lleva-agua-financiacion-y-asistencia-tecnica-a-sus-campesinos\\\/\"},\"wordCount\":798,\"commentCount\":0,\"publisher\":{\"@id\":\"https:\\\/\\\/contrastes.com.co\\\/web\\\/#organization\"},\"image\":{\"@id\":\"https:\\\/\\\/contrastes.com.co\\\/web\\\/2021\\\/07\\\/29\\\/con-mas-de-140-mil-millones-el-atlantico-lleva-agua-financiacion-y-asistencia-tecnica-a-sus-campesinos\\\/#primaryimage\"},\"thumbnailUrl\":\"\",\"keywords\":[\"\u00c1ngela Orozco\",\"Federaci\u00f3n Nacional de Departamentos (FND)\",\"gobernaci\u00f3n del Atl\u00e1ntico\",\"gobernador (e) del Atl\u00e1ntico\",\"Miguel Vergara\",\"ministra de Transporte\",\"Nury Logreira\",\"programa Colombia Rural\",\"secretaria de Infraestructura departamental\"],\"articleSection\":[\"Agro\",\"An\u00e1lisis\",\"Regi\u00f3n\"],\"inLanguage\":\"es\",\"potentialAction\":[{\"@type\":\"CommentAction\",\"name\":\"Comment\",\"target\":[\"https:\\\/\\\/contrastes.com.co\\\/web\\\/2021\\\/07\\\/29\\\/con-mas-de-140-mil-millones-el-atlantico-lleva-agua-financiacion-y-asistencia-tecnica-a-sus-campesinos\\\/#respond\"]}]},{\"@type\":\"WebPage\",\"@id\":\"https:\\\/\\\/contrastes.com.co\\\/web\\\/2021\\\/07\\\/29\\\/con-mas-de-140-mil-millones-el-atlantico-lleva-agua-financiacion-y-asistencia-tecnica-a-sus-campesinos\\\/\",\"url\":\"https:\\\/\\\/contrastes.com.co\\\/web\\\/2021\\\/07\\\/29\\\/con-mas-de-140-mil-millones-el-atlantico-lleva-agua-financiacion-y-asistencia-tecnica-a-sus-campesinos\\\/\",\"name\":\"Con m\u00e1s de $140 mil millones el Atl\u00e1ntico lleva agua, financiaci\u00f3n y asistencia t\u00e9cnica a sus campesinos - Constrastes\",\"isPartOf\":{\"@id\":\"https:\\\/\\\/contrastes.com.co\\\/web\\\/#website\"},\"primaryImageOfPage\":{\"@id\":\"https:\\\/\\\/contrastes.com.co\\\/web\\\/2021\\\/07\\\/29\\\/con-mas-de-140-mil-millones-el-atlantico-lleva-agua-financiacion-y-asistencia-tecnica-a-sus-campesinos\\\/#primaryimage\"},\"image\":{\"@id\":\"https:\\\/\\\/contrastes.com.co\\\/web\\\/2021\\\/07\\\/29\\\/con-mas-de-140-mil-millones-el-atlantico-lleva-agua-financiacion-y-asistencia-tecnica-a-sus-campesinos\\\/#primaryimage\"},\"thumbnailUrl\":\"\",\"datePublished\":\"2021-07-29T19:11:28+00:00\",\"description\":\"En el II Foro Intersectorial \\\"Construcci\u00f3n y agricultura: presentes en la recuperaci\u00f3n econ\u00f3mica y social de las regiones\\\", organizado por la Federaci\u00f3n Nacional de Departamentos (FND), se dieron cita en el Cubo de Cristal de la Plaza de la Paz gobernadores de la regi\u00f3n Caribe y delegados del Gobierno Nacional para reflexionar y establecer compromisos que permitan que la navegabilidad del r\u00edo Magdalena sea una realidad.\",\"breadcrumb\":{\"@id\":\"https:\\\/\\\/contrastes.com.co\\\/web\\\/2021\\\/07\\\/29\\\/con-mas-de-140-mil-millones-el-atlantico-lleva-agua-financiacion-y-asistencia-tecnica-a-sus-campesinos\\\/#breadcrumb\"},\"inLanguage\":\"es\",\"potentialAction\":[{\"@type\":\"ReadAction\",\"target\":[\"https:\\\/\\\/contrastes.com.co\\\/web\\\/2021\\\/07\\\/29\\\/con-mas-de-140-mil-millones-el-atlantico-lleva-agua-financiacion-y-asistencia-tecnica-a-sus-campesinos\\\/\"]}]},{\"@type\":\"ImageObject\",\"inLanguage\":\"es\",\"@id\":\"https:\\\/\\\/contrastes.com.co\\\/web\\\/2021\\\/07\\\/29\\\/con-mas-de-140-mil-millones-el-atlantico-lleva-agua-financiacion-y-asistencia-tecnica-a-sus-campesinos\\\/#primaryimage\",\"url\":\"\",\"contentUrl\":\"\"},{\"@type\":\"BreadcrumbList\",\"@id\":\"https:\\\/\\\/contrastes.com.co\\\/web\\\/2021\\\/07\\\/29\\\/con-mas-de-140-mil-millones-el-atlantico-lleva-agua-financiacion-y-asistencia-tecnica-a-sus-campesinos\\\/#breadcrumb\",\"itemListElement\":[{\"@type\":\"ListItem\",\"position\":1,\"name\":\"Portada\",\"item\":\"https:\\\/\\\/contrastes.com.co\\\/web\\\/\"},{\"@type\":\"ListItem\",\"position\":2,\"name\":\"Con m\u00e1s de $140 mil millones el Atl\u00e1ntico lleva agua, financiaci\u00f3n y asistencia t\u00e9cnica a sus campesinos\"}]},{\"@type\":\"WebSite\",\"@id\":\"https:\\\/\\\/contrastes.com.co\\\/web\\\/#website\",\"url\":\"https:\\\/\\\/contrastes.com.co\\\/web\\\/\",\"name\":\"Contrastes\",\"description\":\"Periodismo de Conciencia\",\"publisher\":{\"@id\":\"https:\\\/\\\/contrastes.com.co\\\/web\\\/#organization\"},\"potentialAction\":[{\"@type\":\"SearchAction\",\"target\":{\"@type\":\"EntryPoint\",\"urlTemplate\":\"https:\\\/\\\/contrastes.com.co\\\/web\\\/?s={search_term_string}\"},\"query-input\":{\"@type\":\"PropertyValueSpecification\",\"valueRequired\":true,\"valueName\":\"search_term_string\"}}],\"inLanguage\":\"es\"},{\"@type\":\"Organization\",\"@id\":\"https:\\\/\\\/contrastes.com.co\\\/web\\\/#organization\",\"name\":\"Contrastes\",\"url\":\"https:\\\/\\\/contrastes.com.co\\\/web\\\/\",\"logo\":{\"@type\":\"ImageObject\",\"inLanguage\":\"es\",\"@id\":\"https:\\\/\\\/contrastes.com.co\\\/web\\\/#\\\/schema\\\/logo\\\/image\\\/\",\"url\":\"https:\\\/\\\/contrastes.com.co\\\/web\\\/wp-content\\\/uploads\\\/2025\\\/04\\\/15CONTRASTES3.png\",\"contentUrl\":\"https:\\\/\\\/contrastes.com.co\\\/web\\\/wp-content\\\/uploads\\\/2025\\\/04\\\/15CONTRASTES3.png\",\"width\":1536,\"height\":231,\"caption\":\"Contrastes\"},\"image\":{\"@id\":\"https:\\\/\\\/contrastes.com.co\\\/web\\\/#\\\/schema\\\/logo\\\/image\\\/\"},\"sameAs\":[\"https:\\\/\\\/www.facebook.com\\\/guillo.pantoja.1\"]},{\"@type\":\"Person\",\"@id\":\"https:\\\/\\\/contrastes.com.co\\\/web\\\/#\\\/schema\\\/person\\\/62ef7a62dc4da6de450c71fc2e95ed02\",\"name\":\"Editor\",\"image\":{\"@type\":\"ImageObject\",\"inLanguage\":\"es\",\"@id\":\"https:\\\/\\\/secure.gravatar.com\\\/avatar\\\/7bbb4f718d74bbf600dc556253bb04fd7ac8593751d6e2e3b85432d98aefae80?s=96&d=mm&r=g\",\"url\":\"https:\\\/\\\/secure.gravatar.com\\\/avatar\\\/7bbb4f718d74bbf600dc556253bb04fd7ac8593751d6e2e3b85432d98aefae80?s=96&d=mm&r=g\",\"contentUrl\":\"https:\\\/\\\/secure.gravatar.com\\\/avatar\\\/7bbb4f718d74bbf600dc556253bb04fd7ac8593751d6e2e3b85432d98aefae80?s=96&d=mm&r=g\",\"caption\":\"Editor\"},\"sameAs\":[\"https:\\\/\\\/contrastes.com.co\\\/web\"],\"url\":\"https:\\\/\\\/contrastes.com.co\\\/web\\\/author\\\/jdbobadilla\\\/\"}]}<\/script>\n<!-- \/ Yoast SEO plugin. -->","yoast_head_json":{"title":"Con m\u00e1s de $140 mil millones el Atl\u00e1ntico lleva agua, financiaci\u00f3n y asistencia t\u00e9cnica a sus campesinos - Constrastes","description":"En el II Foro Intersectorial \"Construcci\u00f3n y agricultura: presentes en la recuperaci\u00f3n econ\u00f3mica y social de las regiones\", organizado por la Federaci\u00f3n Nacional de Departamentos (FND), se dieron cita en el Cubo de Cristal de la Plaza de la Paz gobernadores de la regi\u00f3n Caribe y delegados del Gobierno Nacional para reflexionar y establecer compromisos que permitan que la navegabilidad del r\u00edo Magdalena sea una realidad.","robots":{"index":"index","follow":"follow","max-snippet":"max-snippet:-1","max-image-preview":"max-image-preview:large","max-video-preview":"max-video-preview:-1"},"canonical":"https:\/\/contrastes.com.co\/web\/2021\/07\/29\/con-mas-de-140-mil-millones-el-atlantico-lleva-agua-financiacion-y-asistencia-tecnica-a-sus-campesinos\/","og_locale":"es_ES","og_type":"article","og_title":"Con m\u00e1s de $140 mil millones el Atl\u00e1ntico lleva agua, financiaci\u00f3n y asistencia t\u00e9cnica a sus campesinos - Constrastes","og_description":"En el II Foro Intersectorial \"Construcci\u00f3n y agricultura: presentes en la recuperaci\u00f3n econ\u00f3mica y social de las regiones\", organizado por la Federaci\u00f3n Nacional de Departamentos (FND), se dieron cita en el Cubo de Cristal de la Plaza de la Paz gobernadores de la regi\u00f3n Caribe y delegados del Gobierno Nacional para reflexionar y establecer compromisos que permitan que la navegabilidad del r\u00edo Magdalena sea una realidad.","og_url":"https:\/\/contrastes.com.co\/web\/2021\/07\/29\/con-mas-de-140-mil-millones-el-atlantico-lleva-agua-financiacion-y-asistencia-tecnica-a-sus-campesinos\/","og_site_name":"Constrastes","article_publisher":"https:\/\/www.facebook.com\/guillo.pantoja.1","article_published_time":"2021-07-29T19:11:28+00:00","author":"Editor","twitter_card":"summary_large_image","twitter_misc":{"Escrito por":"Editor","Tiempo de lectura":"4 minutos"},"schema":{"@context":"https:\/\/schema.org","@graph":[{"@type":"Article","@id":"https:\/\/contrastes.com.co\/web\/2021\/07\/29\/con-mas-de-140-mil-millones-el-atlantico-lleva-agua-financiacion-y-asistencia-tecnica-a-sus-campesinos\/#article","isPartOf":{"@id":"https:\/\/contrastes.com.co\/web\/2021\/07\/29\/con-mas-de-140-mil-millones-el-atlantico-lleva-agua-financiacion-y-asistencia-tecnica-a-sus-campesinos\/"},"author":{"name":"Editor","@id":"https:\/\/contrastes.com.co\/web\/#\/schema\/person\/62ef7a62dc4da6de450c71fc2e95ed02"},"headline":"Con m\u00e1s de $140 mil millones el Atl\u00e1ntico lleva agua, financiaci\u00f3n y asistencia t\u00e9cnica a sus campesinos","datePublished":"2021-07-29T19:11:28+00:00","mainEntityOfPage":{"@id":"https:\/\/contrastes.com.co\/web\/2021\/07\/29\/con-mas-de-140-mil-millones-el-atlantico-lleva-agua-financiacion-y-asistencia-tecnica-a-sus-campesinos\/"},"wordCount":798,"commentCount":0,"publisher":{"@id":"https:\/\/contrastes.com.co\/web\/#organization"},"image":{"@id":"https:\/\/contrastes.com.co\/web\/2021\/07\/29\/con-mas-de-140-mil-millones-el-atlantico-lleva-agua-financiacion-y-asistencia-tecnica-a-sus-campesinos\/#primaryimage"},"thumbnailUrl":"","keywords":["\u00c1ngela Orozco","Federaci\u00f3n Nacional de Departamentos (FND)","gobernaci\u00f3n del Atl\u00e1ntico","gobernador (e) del Atl\u00e1ntico","Miguel Vergara","ministra de Transporte","Nury Logreira","programa Colombia Rural","secretaria de Infraestructura departamental"],"articleSection":["Agro","An\u00e1lisis","Regi\u00f3n"],"inLanguage":"es","potentialAction":[{"@type":"CommentAction","name":"Comment","target":["https:\/\/contrastes.com.co\/web\/2021\/07\/29\/con-mas-de-140-mil-millones-el-atlantico-lleva-agua-financiacion-y-asistencia-tecnica-a-sus-campesinos\/#respond"]}]},{"@type":"WebPage","@id":"https:\/\/contrastes.com.co\/web\/2021\/07\/29\/con-mas-de-140-mil-millones-el-atlantico-lleva-agua-financiacion-y-asistencia-tecnica-a-sus-campesinos\/","url":"https:\/\/contrastes.com.co\/web\/2021\/07\/29\/con-mas-de-140-mil-millones-el-atlantico-lleva-agua-financiacion-y-asistencia-tecnica-a-sus-campesinos\/","name":"Con m\u00e1s de $140 mil millones el Atl\u00e1ntico lleva agua, financiaci\u00f3n y asistencia t\u00e9cnica a sus campesinos - Constrastes","isPartOf":{"@id":"https:\/\/contrastes.com.co\/web\/#website"},"primaryImageOfPage":{"@id":"https:\/\/contrastes.com.co\/web\/2021\/07\/29\/con-mas-de-140-mil-millones-el-atlantico-lleva-agua-financiacion-y-asistencia-tecnica-a-sus-campesinos\/#primaryimage"},"image":{"@id":"https:\/\/contrastes.com.co\/web\/2021\/07\/29\/con-mas-de-140-mil-millones-el-atlantico-lleva-agua-financiacion-y-asistencia-tecnica-a-sus-campesinos\/#primaryimage"},"thumbnailUrl":"","datePublished":"2021-07-29T19:11:28+00:00","description":"En el II Foro Intersectorial \"Construcci\u00f3n y agricultura: presentes en la recuperaci\u00f3n econ\u00f3mica y social de las regiones\", organizado por la Federaci\u00f3n Nacional de Departamentos (FND), se dieron cita en el Cubo de Cristal de la Plaza de la Paz gobernadores de la regi\u00f3n Caribe y delegados del Gobierno Nacional para reflexionar y establecer compromisos que permitan que la navegabilidad del r\u00edo Magdalena sea una realidad.","breadcrumb":{"@id":"https:\/\/contrastes.com.co\/web\/2021\/07\/29\/con-mas-de-140-mil-millones-el-atlantico-lleva-agua-financiacion-y-asistencia-tecnica-a-sus-campesinos\/#breadcrumb"},"inLanguage":"es","potentialAction":[{"@type":"ReadAction","target":["https:\/\/contrastes.com.co\/web\/2021\/07\/29\/con-mas-de-140-mil-millones-el-atlantico-lleva-agua-financiacion-y-asistencia-tecnica-a-sus-campesinos\/"]}]},{"@type":"ImageObject","inLanguage":"es","@id":"https:\/\/contrastes.com.co\/web\/2021\/07\/29\/con-mas-de-140-mil-millones-el-atlantico-lleva-agua-financiacion-y-asistencia-tecnica-a-sus-campesinos\/#primaryimage","url":"","contentUrl":""},{"@type":"BreadcrumbList","@id":"https:\/\/contrastes.com.co\/web\/2021\/07\/29\/con-mas-de-140-mil-millones-el-atlantico-lleva-agua-financiacion-y-asistencia-tecnica-a-sus-campesinos\/#breadcrumb","itemListElement":[{"@type":"ListItem","position":1,"name":"Portada","item":"https:\/\/contrastes.com.co\/web\/"},{"@type":"ListItem","position":2,"name":"Con m\u00e1s de $140 mil millones el Atl\u00e1ntico lleva agua, financiaci\u00f3n y asistencia t\u00e9cnica a sus campesinos"}]},{"@type":"WebSite","@id":"https:\/\/contrastes.com.co\/web\/#website","url":"https:\/\/contrastes.com.co\/web\/","name":"Contrastes","description":"Periodismo de Conciencia","publisher":{"@id":"https:\/\/contrastes.com.co\/web\/#organization"},"potentialAction":[{"@type":"SearchAction","target":{"@type":"EntryPoint","urlTemplate":"https:\/\/contrastes.com.co\/web\/?s={search_term_string}"},"query-input":{"@type":"PropertyValueSpecification","valueRequired":true,"valueName":"search_term_string"}}],"inLanguage":"es"},{"@type":"Organization","@id":"https:\/\/contrastes.com.co\/web\/#organization","name":"Contrastes","url":"https:\/\/contrastes.com.co\/web\/","logo":{"@type":"ImageObject","inLanguage":"es","@id":"https:\/\/contrastes.com.co\/web\/#\/schema\/logo\/image\/","url":"https:\/\/contrastes.com.co\/web\/wp-content\/uploads\/2025\/04\/15CONTRASTES3.png","contentUrl":"https:\/\/contrastes.com.co\/web\/wp-content\/uploads\/2025\/04\/15CONTRASTES3.png","width":1536,"height":231,"caption":"Contrastes"},"image":{"@id":"https:\/\/contrastes.com.co\/web\/#\/schema\/logo\/image\/"},"sameAs":["https:\/\/www.facebook.com\/guillo.pantoja.1"]},{"@type":"Person","@id":"https:\/\/contrastes.com.co\/web\/#\/schema\/person\/62ef7a62dc4da6de450c71fc2e95ed02","name":"Editor","image":{"@type":"ImageObject","inLanguage":"es","@id":"https:\/\/secure.gravatar.com\/avatar\/7bbb4f718d74bbf600dc556253bb04fd7ac8593751d6e2e3b85432d98aefae80?s=96&d=mm&r=g","url":"https:\/\/secure.gravatar.com\/avatar\/7bbb4f718d74bbf600dc556253bb04fd7ac8593751d6e2e3b85432d98aefae80?s=96&d=mm&r=g","contentUrl":"https:\/\/secure.gravatar.com\/avatar\/7bbb4f718d74bbf600dc556253bb04fd7ac8593751d6e2e3b85432d98aefae80?s=96&d=mm&r=g","caption":"Editor"},"sameAs":["https:\/\/contrastes.com.co\/web"],"url":"https:\/\/contrastes.com.co\/web\/author\/jdbobadilla\/"}]}},"blog_post_layout_featured_media_urls":{"thumbnail":"","full":""},"categories_names":{"1039":{"name":"Agro","link":"https:\/\/contrastes.com.co\/web\/category\/agro\/"},"124":{"name":"An\u00e1lisis","link":"https:\/\/contrastes.com.co\/web\/category\/analisis\/"},"24":{"name":"Regi\u00f3n","link":"https:\/\/contrastes.com.co\/web\/category\/region\/"}},"tags_names":{"3894":{"name":"\u00c1ngela Orozco","link":"https:\/\/contrastes.com.co\/web\/tag\/angela-orozco\/"},"3895":{"name":"Federaci\u00f3n Nacional de Departamentos (FND)","link":"https:\/\/contrastes.com.co\/web\/tag\/federacion-nacional-de-departamentos-fnd\/"},"15":{"name":"gobernaci\u00f3n del Atl\u00e1ntico","link":"https:\/\/contrastes.com.co\/web\/tag\/gobernacion-del-atlantico\/"},"3896":{"name":"gobernador (e) del Atl\u00e1ntico","link":"https:\/\/contrastes.com.co\/web\/tag\/gobernador-e-del-atlantico\/"},"966":{"name":"Miguel Vergara","link":"https:\/\/contrastes.com.co\/web\/tag\/miguel-vergara\/"},"982":{"name":"ministra de Transporte","link":"https:\/\/contrastes.com.co\/web\/tag\/ministra-de-transporte\/"},"908":{"name":"Nury Logreira","link":"https:\/\/contrastes.com.co\/web\/tag\/nury-logreira\/"},"3897":{"name":"programa Colombia Rural","link":"https:\/\/contrastes.com.co\/web\/tag\/programa-colombia-rural\/"},"3136":{"name":"secretaria de Infraestructura departamental","link":"https:\/\/contrastes.com.co\/web\/tag\/secretaria-de-infraestructura-departamental\/"}},"comments_number":"0","wpmagazine_modules_lite_featured_media_urls":{"thumbnail":"","cvmm-medium":"","cvmm-medium-plus":"","cvmm-portrait":"","cvmm-medium-square":"","cvmm-large":"","cvmm-small":"","full":""},"_links":{"self":[{"href":"https:\/\/contrastes.com.co\/web\/wp-json\/wp\/v2\/posts\/6768","targetHints":{"allow":["GET"]}}],"collection":[{"href":"https:\/\/contrastes.com.co\/web\/wp-json\/wp\/v2\/posts"}],"about":[{"href":"https:\/\/contrastes.com.co\/web\/wp-json\/wp\/v2\/types\/post"}],"author":[{"embeddable":true,"href":"https:\/\/contrastes.com.co\/web\/wp-json\/wp\/v2\/users\/1"}],"replies":[{"embeddable":true,"href":"https:\/\/contrastes.com.co\/web\/wp-json\/wp\/v2\/comments?post=6768"}],"version-history":[{"count":0,"href":"https:\/\/contrastes.com.co\/web\/wp-json\/wp\/v2\/posts\/6768\/revisions"}],"wp:attachment":[{"href":"https:\/\/contrastes.com.co\/web\/wp-json\/wp\/v2\/media?parent=6768"}],"wp:term":[{"taxonomy":"category","embeddable":true,"href":"https:\/\/contrastes.com.co\/web\/wp-json\/wp\/v2\/categories?post=6768"},{"taxonomy":"post_tag","embeddable":true,"href":"https:\/\/contrastes.com.co\/web\/wp-json\/wp\/v2\/tags?post=6768"}],"curies":[{"name":"wp","href":"https:\/\/api.w.org\/{rel}","templated":true}]}}