{"id":6785,"date":"2021-07-31T18:26:03","date_gmt":"2021-07-31T23:26:03","guid":{"rendered":"https:\/\/contrastes.com.co\/digital\/?p=6785"},"modified":"2021-07-31T18:26:03","modified_gmt":"2021-07-31T23:26:03","slug":"en-el-atlantico-ya-se-han-aplicado-mas-de-500-mil-vacunas-contra-el-covid-19","status":"publish","type":"post","link":"https:\/\/contrastes.com.co\/web\/2021\/07\/31\/en-el-atlantico-ya-se-han-aplicado-mas-de-500-mil-vacunas-contra-el-covid-19\/","title":{"rendered":"En el Atl\u00e1ntico ya se han aplicado m\u00e1s de 500 mil vacunas contra el Covid-19"},"content":{"rendered":"<p><strong>En el Atl\u00e1ntico ya se aplicaron 500 mil vacunas contra el Covid-19<\/strong><\/p>\n<blockquote><p><strong>* En el municipio de Galapa, Isela Ardila Herazo, recibi\u00f3 la vacuna 500 mil contra el Covid-19.<\/strong><\/p>\n<p><strong>* Desde este viernes 30 de julio, el Ministerio de Salud habilit\u00f3 la vacunaci\u00f3n para las personas de 25 a 29 a\u00f1os. Hasta el domingo 1 de agosto se realizar\u00e1 la segunda \u2018Vacunat\u00f3n\u2019, para mujeres embarazadas desde la semana 12 y hasta los 40 d\u00edas postparto.<\/strong><\/p>\n<p><strong>* La jornada tambi\u00e9n incluye a los menores de 12 a 17 a\u00f1os con comorbilidades, para que acudan a los puntos de vacunaci\u00f3n sin agendamiento, solo presentando su documento de identidad.<\/strong><\/p>\n<p><strong>* A corte del 30 de julio, en el Atl\u00e1ntico se han aplicado 510.375 vacunas contra el Covid-19 y 187.392 personas ya tienen su esquema de vacunaci\u00f3n completo.<\/strong><\/p><\/blockquote>\n<p><strong>Galapa.-<\/strong> En el quinto mes de avance del <strong>Plan Nacional de Vacunaci\u00f3n contra el Covid-19<\/strong>, el departamento del Atl\u00e1ntico aplic\u00f3 la vacuna 500 mil a <strong>Isela Ardila Herazo<\/strong>, quien recibi\u00f3 su primera dosis en el punto masivo de la Casa de Cultura del municipio de Galapa.<\/p>\n<p>\u201cLe agradezco a Dios, porque hoy recib\u00ed la vacuna 500 mil del Atl\u00e1ntico, y me alegra porque s\u00e9 que la vacuna ha ayudado a mucha gente a inmunizarse\u201d, expres\u00f3 la mujer de 57 a\u00f1os, enfermera y madre de tres hijos, quien invit\u00f3 a la comunidad de Galapa y del departamento en general a que se vacune.<\/p>\n<p><iframe style=\"border: none; overflow: hidden;\" src=\"https:\/\/www.facebook.com\/plugins\/video.php?height=314&amp;href=https%3A%2F%2Fwww.facebook.com%2Fsoycontrastes%2Fvideos%2F3028087280766167%2F&amp;show_text=false&amp;width=560&amp;t=0\" width=\"560\" height=\"314\" frameborder=\"0\" scrolling=\"no\" allowfullscreen=\"allowfullscreen\"><\/iframe><\/p>\n<p>\u201cYo vi compa\u00f1eras morir, a falta de la vacuna el a\u00f1o pasado. En estos momentos yo le digo a la gente que no tengan miedo, que sigan adelante y vengan a vacunarse, porque la vacuna ha inmunizado a la mayor parte del mundo. Aquellos que no lo han hecho deben hacerlo, para evitar complicaciones\u201d, concluy\u00f3.<\/p>\n<p>En el marco del Plan Nacional de Vacunaci\u00f3n, en el departamento del Atl\u00e1ntico hasta el 30 de julio se han aplicado 510.375 vacunas contra el Covid-19, cifra que incluye las 187.392 que corresponden a segundas dosis. Este viernes 30 de julio, el Ministerio de Salud y Protecci\u00f3n Social habilit\u00f3 a las personas de 25 a 29 a\u00f1os para que reciban su biol\u00f3gico.<\/p>\n<p>Esta semana el Gobierno Nacional entreg\u00f3 57.820 vacunas al Atl\u00e1ntico, para un total de 620.791 dosis recibidas hasta el momento. La <strong>secretaria de Salud del departamental, Alma Solano<\/strong>, indic\u00f3 que el prop\u00f3sito es seguir ampliando las coberturas de vacunaci\u00f3n en el departamento, donde 20 de los 22 municipios avanzan a buen ritmo su proceso de unificaci\u00f3n de fases y etapas del plan de vacunaci\u00f3n.<\/p>\n<p>\u201cSeguimos avanzando en el Plan de Vacunaci\u00f3n y tenemos las dosis suficientes para que nuestra poblaci\u00f3n reciba su vacuna a tiempo y est\u00e9 protegida. Invitamos a las mujeres embarazadas de 12 semanas en adelante y hasta los 40 d\u00edas postparto, a las personas de 18 y m\u00e1s a\u00f1os, y aquellas que hacen parte de la poblaci\u00f3n con comorbilidades en el rango de 12 a 17 a\u00f1os, para que se acerquen al punto de vacunaci\u00f3n m\u00e1s cercano, presenten su documento de identidad y se vacunen, no requieren agendamiento, solo el documento y ya\u201d, indic\u00f3.<\/p>\n<p>La Secretaria de Salud tambi\u00e9n recalc\u00f3 la importancia de que las personas que ya recibieron su primera vacuna acudan al punto de vacunaci\u00f3n para colocarse la segunda dosis y as\u00ed lograr la efectividad de los biol\u00f3gicos aplicados.<\/p>\n","protected":false},"excerpt":{"rendered":"<p>En el quinto mes de avance del Plan Nacional de Vacunaci\u00f3n contra el Covid-19, el departamento del Atl\u00e1ntico aplic\u00f3 la vacuna 500 mil a Isela Ardila Herazo, quien recibi\u00f3 su primera dosis en el punto masivo de la Casa de Cultura del municipio de Galapa.<\/p>\n","protected":false},"author":1,"featured_media":6787,"comment_status":"open","ping_status":"open","sticky":false,"template":"","format":"standard","meta":{"footnotes":""},"categories":[73,24,25,2872],"tags":[1047,106,3906,650,3767,1005],"class_list":["post-6785","post","type-post","status-publish","format-standard","has-post-thumbnail","hentry","category-coronavirus","category-region","category-salud","category-vacunacion","tag-alma-solano-sanchez","tag-departamento-del-atlantico","tag-isela-ardila-herazo","tag-municipio-de-galapa","tag-plan-nacional-de-vacunacion-contra-el-covid-19","tag-secretaria-de-salud-departamental"],"yoast_head":"<!-- This site is optimized with the Yoast SEO plugin v27.7 - https:\/\/yoast.com\/product\/yoast-seo-wordpress\/ -->\n<title>En el Atl\u00e1ntico ya se han aplicado m\u00e1s de 500 mil vacunas contra el Covid-19 - Constrastes<\/title>\n<meta name=\"description\" content=\"En el quinto mes de avance del Plan Nacional de Vacunaci\u00f3n contra el Covid-19, el departamento del Atl\u00e1ntico aplic\u00f3 la vacuna 500 mil a Isela Ardila Herazo, quien recibi\u00f3 su primera dosis en el punto masivo de la Casa de Cultura del municipio de Galapa.\" \/>\n<meta name=\"robots\" content=\"index, follow, max-snippet:-1, max-image-preview:large, max-video-preview:-1\" \/>\n<link rel=\"canonical\" href=\"https:\/\/contrastes.com.co\/web\/2021\/07\/31\/en-el-atlantico-ya-se-han-aplicado-mas-de-500-mil-vacunas-contra-el-covid-19\/\" \/>\n<meta property=\"og:locale\" content=\"es_ES\" \/>\n<meta property=\"og:type\" content=\"article\" \/>\n<meta property=\"og:title\" content=\"En el Atl\u00e1ntico ya se han aplicado m\u00e1s de 500 mil vacunas contra el Covid-19 - Constrastes\" \/>\n<meta property=\"og:description\" content=\"En el quinto mes de avance del Plan Nacional de Vacunaci\u00f3n contra el Covid-19, el departamento del Atl\u00e1ntico aplic\u00f3 la vacuna 500 mil a Isela Ardila Herazo, quien recibi\u00f3 su primera dosis en el punto masivo de la Casa de Cultura del municipio de Galapa.\" \/>\n<meta property=\"og:url\" content=\"https:\/\/contrastes.com.co\/web\/2021\/07\/31\/en-el-atlantico-ya-se-han-aplicado-mas-de-500-mil-vacunas-contra-el-covid-19\/\" \/>\n<meta property=\"og:site_name\" content=\"Constrastes\" \/>\n<meta property=\"article:publisher\" content=\"https:\/\/www.facebook.com\/guillo.pantoja.1\" \/>\n<meta property=\"article:published_time\" content=\"2021-07-31T23:26:03+00:00\" \/>\n<meta name=\"author\" content=\"Editor\" \/>\n<meta name=\"twitter:card\" content=\"summary_large_image\" \/>\n<meta name=\"twitter:label1\" content=\"Escrito por\" \/>\n\t<meta name=\"twitter:data1\" content=\"Editor\" \/>\n\t<meta name=\"twitter:label2\" content=\"Tiempo de lectura\" \/>\n\t<meta name=\"twitter:data2\" content=\"3 minutos\" \/>\n<script type=\"application\/ld+json\" class=\"yoast-schema-graph\">{\"@context\":\"https:\\\/\\\/schema.org\",\"@graph\":[{\"@type\":\"Article\",\"@id\":\"https:\\\/\\\/contrastes.com.co\\\/web\\\/2021\\\/07\\\/31\\\/en-el-atlantico-ya-se-han-aplicado-mas-de-500-mil-vacunas-contra-el-covid-19\\\/#article\",\"isPartOf\":{\"@id\":\"https:\\\/\\\/contrastes.com.co\\\/web\\\/2021\\\/07\\\/31\\\/en-el-atlantico-ya-se-han-aplicado-mas-de-500-mil-vacunas-contra-el-covid-19\\\/\"},\"author\":{\"name\":\"Editor\",\"@id\":\"https:\\\/\\\/contrastes.com.co\\\/web\\\/#\\\/schema\\\/person\\\/62ef7a62dc4da6de450c71fc2e95ed02\"},\"headline\":\"En el Atl\u00e1ntico ya se han aplicado m\u00e1s de 500 mil vacunas contra el Covid-19\",\"datePublished\":\"2021-07-31T23:26:03+00:00\",\"mainEntityOfPage\":{\"@id\":\"https:\\\/\\\/contrastes.com.co\\\/web\\\/2021\\\/07\\\/31\\\/en-el-atlantico-ya-se-han-aplicado-mas-de-500-mil-vacunas-contra-el-covid-19\\\/\"},\"wordCount\":567,\"commentCount\":0,\"publisher\":{\"@id\":\"https:\\\/\\\/contrastes.com.co\\\/web\\\/#organization\"},\"image\":{\"@id\":\"https:\\\/\\\/contrastes.com.co\\\/web\\\/2021\\\/07\\\/31\\\/en-el-atlantico-ya-se-han-aplicado-mas-de-500-mil-vacunas-contra-el-covid-19\\\/#primaryimage\"},\"thumbnailUrl\":\"\",\"keywords\":[\"Alma Solano S\u00e1nchez\",\"Departamento del Atl\u00e1ntico\",\"Isela Ardila Herazo\",\"municipio de Galapa\",\"Plan Nacional de Vacunaci\u00f3n contra el Covid-19\",\"secretaria de Salud departamental\"],\"articleSection\":[\"Coronavirus\",\"Regi\u00f3n\",\"Salud\",\"Vacunaci\u00f3n\"],\"inLanguage\":\"es\",\"potentialAction\":[{\"@type\":\"CommentAction\",\"name\":\"Comment\",\"target\":[\"https:\\\/\\\/contrastes.com.co\\\/web\\\/2021\\\/07\\\/31\\\/en-el-atlantico-ya-se-han-aplicado-mas-de-500-mil-vacunas-contra-el-covid-19\\\/#respond\"]}]},{\"@type\":\"WebPage\",\"@id\":\"https:\\\/\\\/contrastes.com.co\\\/web\\\/2021\\\/07\\\/31\\\/en-el-atlantico-ya-se-han-aplicado-mas-de-500-mil-vacunas-contra-el-covid-19\\\/\",\"url\":\"https:\\\/\\\/contrastes.com.co\\\/web\\\/2021\\\/07\\\/31\\\/en-el-atlantico-ya-se-han-aplicado-mas-de-500-mil-vacunas-contra-el-covid-19\\\/\",\"name\":\"En el Atl\u00e1ntico ya se han aplicado m\u00e1s de 500 mil vacunas contra el Covid-19 - Constrastes\",\"isPartOf\":{\"@id\":\"https:\\\/\\\/contrastes.com.co\\\/web\\\/#website\"},\"primaryImageOfPage\":{\"@id\":\"https:\\\/\\\/contrastes.com.co\\\/web\\\/2021\\\/07\\\/31\\\/en-el-atlantico-ya-se-han-aplicado-mas-de-500-mil-vacunas-contra-el-covid-19\\\/#primaryimage\"},\"image\":{\"@id\":\"https:\\\/\\\/contrastes.com.co\\\/web\\\/2021\\\/07\\\/31\\\/en-el-atlantico-ya-se-han-aplicado-mas-de-500-mil-vacunas-contra-el-covid-19\\\/#primaryimage\"},\"thumbnailUrl\":\"\",\"datePublished\":\"2021-07-31T23:26:03+00:00\",\"description\":\"En el quinto mes de avance del Plan Nacional de Vacunaci\u00f3n contra el Covid-19, el departamento del Atl\u00e1ntico aplic\u00f3 la vacuna 500 mil a Isela Ardila Herazo, quien recibi\u00f3 su primera dosis en el punto masivo de la Casa de Cultura del municipio de Galapa.\",\"breadcrumb\":{\"@id\":\"https:\\\/\\\/contrastes.com.co\\\/web\\\/2021\\\/07\\\/31\\\/en-el-atlantico-ya-se-han-aplicado-mas-de-500-mil-vacunas-contra-el-covid-19\\\/#breadcrumb\"},\"inLanguage\":\"es\",\"potentialAction\":[{\"@type\":\"ReadAction\",\"target\":[\"https:\\\/\\\/contrastes.com.co\\\/web\\\/2021\\\/07\\\/31\\\/en-el-atlantico-ya-se-han-aplicado-mas-de-500-mil-vacunas-contra-el-covid-19\\\/\"]}]},{\"@type\":\"ImageObject\",\"inLanguage\":\"es\",\"@id\":\"https:\\\/\\\/contrastes.com.co\\\/web\\\/2021\\\/07\\\/31\\\/en-el-atlantico-ya-se-han-aplicado-mas-de-500-mil-vacunas-contra-el-covid-19\\\/#primaryimage\",\"url\":\"\",\"contentUrl\":\"\"},{\"@type\":\"BreadcrumbList\",\"@id\":\"https:\\\/\\\/contrastes.com.co\\\/web\\\/2021\\\/07\\\/31\\\/en-el-atlantico-ya-se-han-aplicado-mas-de-500-mil-vacunas-contra-el-covid-19\\\/#breadcrumb\",\"itemListElement\":[{\"@type\":\"ListItem\",\"position\":1,\"name\":\"Portada\",\"item\":\"https:\\\/\\\/contrastes.com.co\\\/web\\\/\"},{\"@type\":\"ListItem\",\"position\":2,\"name\":\"En el Atl\u00e1ntico ya se han aplicado m\u00e1s de 500 mil vacunas contra el Covid-19\"}]},{\"@type\":\"WebSite\",\"@id\":\"https:\\\/\\\/contrastes.com.co\\\/web\\\/#website\",\"url\":\"https:\\\/\\\/contrastes.com.co\\\/web\\\/\",\"name\":\"Contrastes\",\"description\":\"Periodismo de Conciencia\",\"publisher\":{\"@id\":\"https:\\\/\\\/contrastes.com.co\\\/web\\\/#organization\"},\"potentialAction\":[{\"@type\":\"SearchAction\",\"target\":{\"@type\":\"EntryPoint\",\"urlTemplate\":\"https:\\\/\\\/contrastes.com.co\\\/web\\\/?s={search_term_string}\"},\"query-input\":{\"@type\":\"PropertyValueSpecification\",\"valueRequired\":true,\"valueName\":\"search_term_string\"}}],\"inLanguage\":\"es\"},{\"@type\":\"Organization\",\"@id\":\"https:\\\/\\\/contrastes.com.co\\\/web\\\/#organization\",\"name\":\"Contrastes\",\"url\":\"https:\\\/\\\/contrastes.com.co\\\/web\\\/\",\"logo\":{\"@type\":\"ImageObject\",\"inLanguage\":\"es\",\"@id\":\"https:\\\/\\\/contrastes.com.co\\\/web\\\/#\\\/schema\\\/logo\\\/image\\\/\",\"url\":\"https:\\\/\\\/contrastes.com.co\\\/web\\\/wp-content\\\/uploads\\\/2025\\\/04\\\/15CONTRASTES3.png\",\"contentUrl\":\"https:\\\/\\\/contrastes.com.co\\\/web\\\/wp-content\\\/uploads\\\/2025\\\/04\\\/15CONTRASTES3.png\",\"width\":1536,\"height\":231,\"caption\":\"Contrastes\"},\"image\":{\"@id\":\"https:\\\/\\\/contrastes.com.co\\\/web\\\/#\\\/schema\\\/logo\\\/image\\\/\"},\"sameAs\":[\"https:\\\/\\\/www.facebook.com\\\/guillo.pantoja.1\"]},{\"@type\":\"Person\",\"@id\":\"https:\\\/\\\/contrastes.com.co\\\/web\\\/#\\\/schema\\\/person\\\/62ef7a62dc4da6de450c71fc2e95ed02\",\"name\":\"Editor\",\"image\":{\"@type\":\"ImageObject\",\"inLanguage\":\"es\",\"@id\":\"https:\\\/\\\/secure.gravatar.com\\\/avatar\\\/7bbb4f718d74bbf600dc556253bb04fd7ac8593751d6e2e3b85432d98aefae80?s=96&d=mm&r=g\",\"url\":\"https:\\\/\\\/secure.gravatar.com\\\/avatar\\\/7bbb4f718d74bbf600dc556253bb04fd7ac8593751d6e2e3b85432d98aefae80?s=96&d=mm&r=g\",\"contentUrl\":\"https:\\\/\\\/secure.gravatar.com\\\/avatar\\\/7bbb4f718d74bbf600dc556253bb04fd7ac8593751d6e2e3b85432d98aefae80?s=96&d=mm&r=g\",\"caption\":\"Editor\"},\"sameAs\":[\"https:\\\/\\\/contrastes.com.co\\\/web\"],\"url\":\"https:\\\/\\\/contrastes.com.co\\\/web\\\/author\\\/jdbobadilla\\\/\"}]}<\/script>\n<!-- \/ Yoast SEO plugin. -->","yoast_head_json":{"title":"En el Atl\u00e1ntico ya se han aplicado m\u00e1s de 500 mil vacunas contra el Covid-19 - Constrastes","description":"En el quinto mes de avance del Plan Nacional de Vacunaci\u00f3n contra el Covid-19, el departamento del Atl\u00e1ntico aplic\u00f3 la vacuna 500 mil a Isela Ardila Herazo, quien recibi\u00f3 su primera dosis en el punto masivo de la Casa de Cultura del municipio de Galapa.","robots":{"index":"index","follow":"follow","max-snippet":"max-snippet:-1","max-image-preview":"max-image-preview:large","max-video-preview":"max-video-preview:-1"},"canonical":"https:\/\/contrastes.com.co\/web\/2021\/07\/31\/en-el-atlantico-ya-se-han-aplicado-mas-de-500-mil-vacunas-contra-el-covid-19\/","og_locale":"es_ES","og_type":"article","og_title":"En el Atl\u00e1ntico ya se han aplicado m\u00e1s de 500 mil vacunas contra el Covid-19 - Constrastes","og_description":"En el quinto mes de avance del Plan Nacional de Vacunaci\u00f3n contra el Covid-19, el departamento del Atl\u00e1ntico aplic\u00f3 la vacuna 500 mil a Isela Ardila Herazo, quien recibi\u00f3 su primera dosis en el punto masivo de la Casa de Cultura del municipio de Galapa.","og_url":"https:\/\/contrastes.com.co\/web\/2021\/07\/31\/en-el-atlantico-ya-se-han-aplicado-mas-de-500-mil-vacunas-contra-el-covid-19\/","og_site_name":"Constrastes","article_publisher":"https:\/\/www.facebook.com\/guillo.pantoja.1","article_published_time":"2021-07-31T23:26:03+00:00","author":"Editor","twitter_card":"summary_large_image","twitter_misc":{"Escrito por":"Editor","Tiempo de lectura":"3 minutos"},"schema":{"@context":"https:\/\/schema.org","@graph":[{"@type":"Article","@id":"https:\/\/contrastes.com.co\/web\/2021\/07\/31\/en-el-atlantico-ya-se-han-aplicado-mas-de-500-mil-vacunas-contra-el-covid-19\/#article","isPartOf":{"@id":"https:\/\/contrastes.com.co\/web\/2021\/07\/31\/en-el-atlantico-ya-se-han-aplicado-mas-de-500-mil-vacunas-contra-el-covid-19\/"},"author":{"name":"Editor","@id":"https:\/\/contrastes.com.co\/web\/#\/schema\/person\/62ef7a62dc4da6de450c71fc2e95ed02"},"headline":"En el Atl\u00e1ntico ya se han aplicado m\u00e1s de 500 mil vacunas contra el Covid-19","datePublished":"2021-07-31T23:26:03+00:00","mainEntityOfPage":{"@id":"https:\/\/contrastes.com.co\/web\/2021\/07\/31\/en-el-atlantico-ya-se-han-aplicado-mas-de-500-mil-vacunas-contra-el-covid-19\/"},"wordCount":567,"commentCount":0,"publisher":{"@id":"https:\/\/contrastes.com.co\/web\/#organization"},"image":{"@id":"https:\/\/contrastes.com.co\/web\/2021\/07\/31\/en-el-atlantico-ya-se-han-aplicado-mas-de-500-mil-vacunas-contra-el-covid-19\/#primaryimage"},"thumbnailUrl":"","keywords":["Alma Solano S\u00e1nchez","Departamento del Atl\u00e1ntico","Isela Ardila Herazo","municipio de Galapa","Plan Nacional de Vacunaci\u00f3n contra el Covid-19","secretaria de Salud departamental"],"articleSection":["Coronavirus","Regi\u00f3n","Salud","Vacunaci\u00f3n"],"inLanguage":"es","potentialAction":[{"@type":"CommentAction","name":"Comment","target":["https:\/\/contrastes.com.co\/web\/2021\/07\/31\/en-el-atlantico-ya-se-han-aplicado-mas-de-500-mil-vacunas-contra-el-covid-19\/#respond"]}]},{"@type":"WebPage","@id":"https:\/\/contrastes.com.co\/web\/2021\/07\/31\/en-el-atlantico-ya-se-han-aplicado-mas-de-500-mil-vacunas-contra-el-covid-19\/","url":"https:\/\/contrastes.com.co\/web\/2021\/07\/31\/en-el-atlantico-ya-se-han-aplicado-mas-de-500-mil-vacunas-contra-el-covid-19\/","name":"En el Atl\u00e1ntico ya se han aplicado m\u00e1s de 500 mil vacunas contra el Covid-19 - Constrastes","isPartOf":{"@id":"https:\/\/contrastes.com.co\/web\/#website"},"primaryImageOfPage":{"@id":"https:\/\/contrastes.com.co\/web\/2021\/07\/31\/en-el-atlantico-ya-se-han-aplicado-mas-de-500-mil-vacunas-contra-el-covid-19\/#primaryimage"},"image":{"@id":"https:\/\/contrastes.com.co\/web\/2021\/07\/31\/en-el-atlantico-ya-se-han-aplicado-mas-de-500-mil-vacunas-contra-el-covid-19\/#primaryimage"},"thumbnailUrl":"","datePublished":"2021-07-31T23:26:03+00:00","description":"En el quinto mes de avance del Plan Nacional de Vacunaci\u00f3n contra el Covid-19, el departamento del Atl\u00e1ntico aplic\u00f3 la vacuna 500 mil a Isela Ardila Herazo, quien recibi\u00f3 su primera dosis en el punto masivo de la Casa de Cultura del municipio de Galapa.","breadcrumb":{"@id":"https:\/\/contrastes.com.co\/web\/2021\/07\/31\/en-el-atlantico-ya-se-han-aplicado-mas-de-500-mil-vacunas-contra-el-covid-19\/#breadcrumb"},"inLanguage":"es","potentialAction":[{"@type":"ReadAction","target":["https:\/\/contrastes.com.co\/web\/2021\/07\/31\/en-el-atlantico-ya-se-han-aplicado-mas-de-500-mil-vacunas-contra-el-covid-19\/"]}]},{"@type":"ImageObject","inLanguage":"es","@id":"https:\/\/contrastes.com.co\/web\/2021\/07\/31\/en-el-atlantico-ya-se-han-aplicado-mas-de-500-mil-vacunas-contra-el-covid-19\/#primaryimage","url":"","contentUrl":""},{"@type":"BreadcrumbList","@id":"https:\/\/contrastes.com.co\/web\/2021\/07\/31\/en-el-atlantico-ya-se-han-aplicado-mas-de-500-mil-vacunas-contra-el-covid-19\/#breadcrumb","itemListElement":[{"@type":"ListItem","position":1,"name":"Portada","item":"https:\/\/contrastes.com.co\/web\/"},{"@type":"ListItem","position":2,"name":"En el Atl\u00e1ntico ya se han aplicado m\u00e1s de 500 mil vacunas contra el Covid-19"}]},{"@type":"WebSite","@id":"https:\/\/contrastes.com.co\/web\/#website","url":"https:\/\/contrastes.com.co\/web\/","name":"Contrastes","description":"Periodismo de Conciencia","publisher":{"@id":"https:\/\/contrastes.com.co\/web\/#organization"},"potentialAction":[{"@type":"SearchAction","target":{"@type":"EntryPoint","urlTemplate":"https:\/\/contrastes.com.co\/web\/?s={search_term_string}"},"query-input":{"@type":"PropertyValueSpecification","valueRequired":true,"valueName":"search_term_string"}}],"inLanguage":"es"},{"@type":"Organization","@id":"https:\/\/contrastes.com.co\/web\/#organization","name":"Contrastes","url":"https:\/\/contrastes.com.co\/web\/","logo":{"@type":"ImageObject","inLanguage":"es","@id":"https:\/\/contrastes.com.co\/web\/#\/schema\/logo\/image\/","url":"https:\/\/contrastes.com.co\/web\/wp-content\/uploads\/2025\/04\/15CONTRASTES3.png","contentUrl":"https:\/\/contrastes.com.co\/web\/wp-content\/uploads\/2025\/04\/15CONTRASTES3.png","width":1536,"height":231,"caption":"Contrastes"},"image":{"@id":"https:\/\/contrastes.com.co\/web\/#\/schema\/logo\/image\/"},"sameAs":["https:\/\/www.facebook.com\/guillo.pantoja.1"]},{"@type":"Person","@id":"https:\/\/contrastes.com.co\/web\/#\/schema\/person\/62ef7a62dc4da6de450c71fc2e95ed02","name":"Editor","image":{"@type":"ImageObject","inLanguage":"es","@id":"https:\/\/secure.gravatar.com\/avatar\/7bbb4f718d74bbf600dc556253bb04fd7ac8593751d6e2e3b85432d98aefae80?s=96&d=mm&r=g","url":"https:\/\/secure.gravatar.com\/avatar\/7bbb4f718d74bbf600dc556253bb04fd7ac8593751d6e2e3b85432d98aefae80?s=96&d=mm&r=g","contentUrl":"https:\/\/secure.gravatar.com\/avatar\/7bbb4f718d74bbf600dc556253bb04fd7ac8593751d6e2e3b85432d98aefae80?s=96&d=mm&r=g","caption":"Editor"},"sameAs":["https:\/\/contrastes.com.co\/web"],"url":"https:\/\/contrastes.com.co\/web\/author\/jdbobadilla\/"}]}},"blog_post_layout_featured_media_urls":{"thumbnail":"","full":""},"categories_names":{"73":{"name":"Coronavirus","link":"https:\/\/contrastes.com.co\/web\/category\/coronavirus\/"},"24":{"name":"Regi\u00f3n","link":"https:\/\/contrastes.com.co\/web\/category\/region\/"},"25":{"name":"Salud","link":"https:\/\/contrastes.com.co\/web\/category\/salud\/"},"2872":{"name":"Vacunaci\u00f3n","link":"https:\/\/contrastes.com.co\/web\/category\/vacunacion\/"}},"tags_names":{"1047":{"name":"Alma Solano S\u00e1nchez","link":"https:\/\/contrastes.com.co\/web\/tag\/alma-solano-sanchez\/"},"106":{"name":"Departamento del Atl\u00e1ntico","link":"https:\/\/contrastes.com.co\/web\/tag\/departamento-del-atlantico\/"},"3906":{"name":"Isela Ardila Herazo","link":"https:\/\/contrastes.com.co\/web\/tag\/isela-ardila-herazo\/"},"650":{"name":"municipio de Galapa","link":"https:\/\/contrastes.com.co\/web\/tag\/municipio-de-galapa\/"},"3767":{"name":"Plan Nacional de Vacunaci\u00f3n contra el Covid-19","link":"https:\/\/contrastes.com.co\/web\/tag\/plan-nacional-de-vacunacion-contra-el-covid-19\/"},"1005":{"name":"secretaria de Salud departamental","link":"https:\/\/contrastes.com.co\/web\/tag\/secretaria-de-salud-departamental\/"}},"comments_number":"0","wpmagazine_modules_lite_featured_media_urls":{"thumbnail":"","cvmm-medium":"","cvmm-medium-plus":"","cvmm-portrait":"","cvmm-medium-square":"","cvmm-large":"","cvmm-small":"","full":""},"_links":{"self":[{"href":"https:\/\/contrastes.com.co\/web\/wp-json\/wp\/v2\/posts\/6785","targetHints":{"allow":["GET"]}}],"collection":[{"href":"https:\/\/contrastes.com.co\/web\/wp-json\/wp\/v2\/posts"}],"about":[{"href":"https:\/\/contrastes.com.co\/web\/wp-json\/wp\/v2\/types\/post"}],"author":[{"embeddable":true,"href":"https:\/\/contrastes.com.co\/web\/wp-json\/wp\/v2\/users\/1"}],"replies":[{"embeddable":true,"href":"https:\/\/contrastes.com.co\/web\/wp-json\/wp\/v2\/comments?post=6785"}],"version-history":[{"count":0,"href":"https:\/\/contrastes.com.co\/web\/wp-json\/wp\/v2\/posts\/6785\/revisions"}],"wp:attachment":[{"href":"https:\/\/contrastes.com.co\/web\/wp-json\/wp\/v2\/media?parent=6785"}],"wp:term":[{"taxonomy":"category","embeddable":true,"href":"https:\/\/contrastes.com.co\/web\/wp-json\/wp\/v2\/categories?post=6785"},{"taxonomy":"post_tag","embeddable":true,"href":"https:\/\/contrastes.com.co\/web\/wp-json\/wp\/v2\/tags?post=6785"}],"curies":[{"name":"wp","href":"https:\/\/api.w.org\/{rel}","templated":true}]}}