{"id":6807,"date":"2021-08-03T13:46:38","date_gmt":"2021-08-03T18:46:38","guid":{"rendered":"https:\/\/contrastes.com.co\/digital\/?p=6807"},"modified":"2021-08-03T13:46:38","modified_gmt":"2021-08-03T18:46:38","slug":"asi-fue-el-lanzamiento-del-festival-nacional-de-la-tradicion-soledena","status":"publish","type":"post","link":"https:\/\/contrastes.com.co\/web\/2021\/08\/03\/asi-fue-el-lanzamiento-del-festival-nacional-de-la-tradicion-soledena\/","title":{"rendered":"As\u00ed fue el lanzamiento del Festival Nacional de la Tradici\u00f3n Solede\u00f1a"},"content":{"rendered":"<p><strong>As\u00ed fue el lanzamiento del Festival Nacional de la Tradici\u00f3n Solede\u00f1a, impulsado por la gestora cultural Doris Rodr\u00edguez.<\/strong><\/p>\n<blockquote><p><strong>\u00abEs importante mantener nuestra identidad, la butifarra juega un papel importante en la esencia cultural del municipio\u00bb: Doris Rodr\u00edguez, gestora cultural y creadora del Festival.<\/strong><\/p><\/blockquote>\n<p><strong>Soledad.-<\/strong> Con el fin de preservar las manifestaciones art\u00edsticas y culturales, se llev\u00f3 a cabo el lanzamiento del Festival Nacional de la Tradici\u00f3n Solede\u00f1a, un evento impulsado por la <strong>gestora cultural Doris Rodr\u00edguez Miranda<\/strong>.<\/p>\n<p>En esta actividad realizada, bajo estrictos protocolos de bioseguridad, en el sal\u00f3n de eventos Kelly Mojica, el p\u00fablico apreci\u00f3 la imposici\u00f3n de banda y coronaci\u00f3n de la <strong>embajadora de la butifarra solede\u00f1a, Andrea Guzm\u00e1n Velasco<\/strong>. Tambi\u00e9n se desarroll\u00f3 la intervenci\u00f3n art\u00edstica de los grupos <strong>Danza de la Butifarra<\/strong> y <strong>Rumberos del Hip\u00f3dromo<\/strong>.<\/p>\n<p><img fetchpriority=\"high\" decoding=\"async\" class=\"size-full wp-image-6811 aligncenter\" src=\"https:\/\/contrastes.com.co\/digital\/wp-content\/uploads\/2021\/08\/festival-doris.gif\" alt=\"festival nacional soledad\" width=\"800\" height=\"522\" \/><\/p>\n<p>La gestora cultural y creadora del Festival, Doris Rodr\u00edguez, se\u00f1al\u00f3 que esta iniciativa es un sue\u00f1o que hoy se convierte en una realidad. \u00abEs importante mantener nuestra identidad, la butifarra juega un papel importante en la esencia cultural del municipio. Me encuentro feliz de ver que todo fue un \u00e9xito, siempre quise algo como esto, agradezco a la <strong>Alcald\u00eda Municipal de Soledad<\/strong> por este acompa\u00f1amiento que nos ha brindado\u00bb, dijo la gestora.<\/p>\n","protected":false},"excerpt":{"rendered":"<p>Con el fin de preservar las manifestaciones art\u00edsticas y culturales, se llev\u00f3 a cabo el lanzamiento del Festival Nacional de la Tradici\u00f3n Solede\u00f1a, un evento impulsado por la gestora cultural Doris Rodr\u00edguez Miranda.<\/p>\n","protected":false},"author":1,"featured_media":6808,"comment_status":"open","ping_status":"open","sticky":false,"template":"","format":"standard","meta":{"footnotes":""},"categories":[104,23],"tags":[3915,3916,3917,3918,3919,3920,3921],"class_list":["post-6807","post","type-post","status-publish","format-standard","has-post-thumbnail","hentry","category-cultura","category-locales","tag-andrea-guzman-velasco","tag-danza-de-la-butifarra","tag-doris-rodriguez-miranda","tag-embajadora-de-la-butifarra-soledena","tag-festival-nacional-de-la-tradicion-soledena","tag-gestora-cultural","tag-rumberos-del-hipodromo"],"yoast_head":"<!-- This site is optimized with the Yoast SEO plugin v27.7 - https:\/\/yoast.com\/product\/yoast-seo-wordpress\/ -->\n<title>As\u00ed fue el lanzamiento del Festival Nacional de la Tradici\u00f3n Solede\u00f1a - Constrastes<\/title>\n<meta name=\"description\" content=\"Con el fin de preservar las manifestaciones art\u00edsticas y culturales, se llev\u00f3 a cabo el lanzamiento del Festival Nacional de la Tradici\u00f3n Solede\u00f1a, un evento impulsado por la gestora cultural Doris Rodr\u00edguez Miranda.\" \/>\n<meta name=\"robots\" content=\"index, follow, max-snippet:-1, max-image-preview:large, max-video-preview:-1\" \/>\n<link rel=\"canonical\" href=\"https:\/\/contrastes.com.co\/web\/2021\/08\/03\/asi-fue-el-lanzamiento-del-festival-nacional-de-la-tradicion-soledena\/\" \/>\n<meta property=\"og:locale\" content=\"es_ES\" \/>\n<meta property=\"og:type\" content=\"article\" \/>\n<meta property=\"og:title\" content=\"As\u00ed fue el lanzamiento del Festival Nacional de la Tradici\u00f3n Solede\u00f1a - Constrastes\" \/>\n<meta property=\"og:description\" content=\"Con el fin de preservar las manifestaciones art\u00edsticas y culturales, se llev\u00f3 a cabo el lanzamiento del Festival Nacional de la Tradici\u00f3n Solede\u00f1a, un evento impulsado por la gestora cultural Doris Rodr\u00edguez Miranda.\" \/>\n<meta property=\"og:url\" content=\"https:\/\/contrastes.com.co\/web\/2021\/08\/03\/asi-fue-el-lanzamiento-del-festival-nacional-de-la-tradicion-soledena\/\" \/>\n<meta property=\"og:site_name\" content=\"Constrastes\" \/>\n<meta property=\"article:publisher\" content=\"https:\/\/www.facebook.com\/guillo.pantoja.1\" \/>\n<meta property=\"article:published_time\" content=\"2021-08-03T18:46:38+00:00\" \/>\n<meta name=\"author\" content=\"Editor\" \/>\n<meta name=\"twitter:card\" content=\"summary_large_image\" \/>\n<meta name=\"twitter:label1\" content=\"Escrito por\" \/>\n\t<meta name=\"twitter:data1\" content=\"Editor\" \/>\n\t<meta name=\"twitter:label2\" content=\"Tiempo de lectura\" \/>\n\t<meta name=\"twitter:data2\" content=\"1 minuto\" \/>\n<script type=\"application\/ld+json\" class=\"yoast-schema-graph\">{\"@context\":\"https:\\\/\\\/schema.org\",\"@graph\":[{\"@type\":\"Article\",\"@id\":\"https:\\\/\\\/contrastes.com.co\\\/web\\\/2021\\\/08\\\/03\\\/asi-fue-el-lanzamiento-del-festival-nacional-de-la-tradicion-soledena\\\/#article\",\"isPartOf\":{\"@id\":\"https:\\\/\\\/contrastes.com.co\\\/web\\\/2021\\\/08\\\/03\\\/asi-fue-el-lanzamiento-del-festival-nacional-de-la-tradicion-soledena\\\/\"},\"author\":{\"name\":\"Editor\",\"@id\":\"https:\\\/\\\/contrastes.com.co\\\/web\\\/#\\\/schema\\\/person\\\/62ef7a62dc4da6de450c71fc2e95ed02\"},\"headline\":\"As\u00ed fue el lanzamiento del Festival Nacional de la Tradici\u00f3n Solede\u00f1a\",\"datePublished\":\"2021-08-03T18:46:38+00:00\",\"mainEntityOfPage\":{\"@id\":\"https:\\\/\\\/contrastes.com.co\\\/web\\\/2021\\\/08\\\/03\\\/asi-fue-el-lanzamiento-del-festival-nacional-de-la-tradicion-soledena\\\/\"},\"wordCount\":238,\"commentCount\":0,\"publisher\":{\"@id\":\"https:\\\/\\\/contrastes.com.co\\\/web\\\/#organization\"},\"image\":{\"@id\":\"https:\\\/\\\/contrastes.com.co\\\/web\\\/2021\\\/08\\\/03\\\/asi-fue-el-lanzamiento-del-festival-nacional-de-la-tradicion-soledena\\\/#primaryimage\"},\"thumbnailUrl\":\"\",\"keywords\":[\"Andrea Guzm\u00e1n Velasco\",\"Danza de la Butifarra\",\"Doris Rodr\u00edguez Miranda\",\"embajadora de la butifarra solede\u00f1a\",\"Festival Nacional de la Tradici\u00f3n Solede\u00f1a\",\"gestora cultural\",\"Rumberos del Hip\u00f3dromo\"],\"articleSection\":[\"Cultura\",\"Locales\"],\"inLanguage\":\"es\",\"potentialAction\":[{\"@type\":\"CommentAction\",\"name\":\"Comment\",\"target\":[\"https:\\\/\\\/contrastes.com.co\\\/web\\\/2021\\\/08\\\/03\\\/asi-fue-el-lanzamiento-del-festival-nacional-de-la-tradicion-soledena\\\/#respond\"]}]},{\"@type\":\"WebPage\",\"@id\":\"https:\\\/\\\/contrastes.com.co\\\/web\\\/2021\\\/08\\\/03\\\/asi-fue-el-lanzamiento-del-festival-nacional-de-la-tradicion-soledena\\\/\",\"url\":\"https:\\\/\\\/contrastes.com.co\\\/web\\\/2021\\\/08\\\/03\\\/asi-fue-el-lanzamiento-del-festival-nacional-de-la-tradicion-soledena\\\/\",\"name\":\"As\u00ed fue el lanzamiento del Festival Nacional de la Tradici\u00f3n Solede\u00f1a - Constrastes\",\"isPartOf\":{\"@id\":\"https:\\\/\\\/contrastes.com.co\\\/web\\\/#website\"},\"primaryImageOfPage\":{\"@id\":\"https:\\\/\\\/contrastes.com.co\\\/web\\\/2021\\\/08\\\/03\\\/asi-fue-el-lanzamiento-del-festival-nacional-de-la-tradicion-soledena\\\/#primaryimage\"},\"image\":{\"@id\":\"https:\\\/\\\/contrastes.com.co\\\/web\\\/2021\\\/08\\\/03\\\/asi-fue-el-lanzamiento-del-festival-nacional-de-la-tradicion-soledena\\\/#primaryimage\"},\"thumbnailUrl\":\"\",\"datePublished\":\"2021-08-03T18:46:38+00:00\",\"description\":\"Con el fin de preservar las manifestaciones art\u00edsticas y culturales, se llev\u00f3 a cabo el lanzamiento del Festival Nacional de la Tradici\u00f3n Solede\u00f1a, un evento impulsado por la gestora cultural Doris Rodr\u00edguez Miranda.\",\"breadcrumb\":{\"@id\":\"https:\\\/\\\/contrastes.com.co\\\/web\\\/2021\\\/08\\\/03\\\/asi-fue-el-lanzamiento-del-festival-nacional-de-la-tradicion-soledena\\\/#breadcrumb\"},\"inLanguage\":\"es\",\"potentialAction\":[{\"@type\":\"ReadAction\",\"target\":[\"https:\\\/\\\/contrastes.com.co\\\/web\\\/2021\\\/08\\\/03\\\/asi-fue-el-lanzamiento-del-festival-nacional-de-la-tradicion-soledena\\\/\"]}]},{\"@type\":\"ImageObject\",\"inLanguage\":\"es\",\"@id\":\"https:\\\/\\\/contrastes.com.co\\\/web\\\/2021\\\/08\\\/03\\\/asi-fue-el-lanzamiento-del-festival-nacional-de-la-tradicion-soledena\\\/#primaryimage\",\"url\":\"\",\"contentUrl\":\"\"},{\"@type\":\"BreadcrumbList\",\"@id\":\"https:\\\/\\\/contrastes.com.co\\\/web\\\/2021\\\/08\\\/03\\\/asi-fue-el-lanzamiento-del-festival-nacional-de-la-tradicion-soledena\\\/#breadcrumb\",\"itemListElement\":[{\"@type\":\"ListItem\",\"position\":1,\"name\":\"Portada\",\"item\":\"https:\\\/\\\/contrastes.com.co\\\/web\\\/\"},{\"@type\":\"ListItem\",\"position\":2,\"name\":\"As\u00ed fue el lanzamiento del Festival Nacional de la Tradici\u00f3n Solede\u00f1a\"}]},{\"@type\":\"WebSite\",\"@id\":\"https:\\\/\\\/contrastes.com.co\\\/web\\\/#website\",\"url\":\"https:\\\/\\\/contrastes.com.co\\\/web\\\/\",\"name\":\"Contrastes\",\"description\":\"Periodismo de Conciencia\",\"publisher\":{\"@id\":\"https:\\\/\\\/contrastes.com.co\\\/web\\\/#organization\"},\"potentialAction\":[{\"@type\":\"SearchAction\",\"target\":{\"@type\":\"EntryPoint\",\"urlTemplate\":\"https:\\\/\\\/contrastes.com.co\\\/web\\\/?s={search_term_string}\"},\"query-input\":{\"@type\":\"PropertyValueSpecification\",\"valueRequired\":true,\"valueName\":\"search_term_string\"}}],\"inLanguage\":\"es\"},{\"@type\":\"Organization\",\"@id\":\"https:\\\/\\\/contrastes.com.co\\\/web\\\/#organization\",\"name\":\"Contrastes\",\"url\":\"https:\\\/\\\/contrastes.com.co\\\/web\\\/\",\"logo\":{\"@type\":\"ImageObject\",\"inLanguage\":\"es\",\"@id\":\"https:\\\/\\\/contrastes.com.co\\\/web\\\/#\\\/schema\\\/logo\\\/image\\\/\",\"url\":\"https:\\\/\\\/contrastes.com.co\\\/web\\\/wp-content\\\/uploads\\\/2025\\\/04\\\/15CONTRASTES3.png\",\"contentUrl\":\"https:\\\/\\\/contrastes.com.co\\\/web\\\/wp-content\\\/uploads\\\/2025\\\/04\\\/15CONTRASTES3.png\",\"width\":1536,\"height\":231,\"caption\":\"Contrastes\"},\"image\":{\"@id\":\"https:\\\/\\\/contrastes.com.co\\\/web\\\/#\\\/schema\\\/logo\\\/image\\\/\"},\"sameAs\":[\"https:\\\/\\\/www.facebook.com\\\/guillo.pantoja.1\"]},{\"@type\":\"Person\",\"@id\":\"https:\\\/\\\/contrastes.com.co\\\/web\\\/#\\\/schema\\\/person\\\/62ef7a62dc4da6de450c71fc2e95ed02\",\"name\":\"Editor\",\"image\":{\"@type\":\"ImageObject\",\"inLanguage\":\"es\",\"@id\":\"https:\\\/\\\/secure.gravatar.com\\\/avatar\\\/7bbb4f718d74bbf600dc556253bb04fd7ac8593751d6e2e3b85432d98aefae80?s=96&d=mm&r=g\",\"url\":\"https:\\\/\\\/secure.gravatar.com\\\/avatar\\\/7bbb4f718d74bbf600dc556253bb04fd7ac8593751d6e2e3b85432d98aefae80?s=96&d=mm&r=g\",\"contentUrl\":\"https:\\\/\\\/secure.gravatar.com\\\/avatar\\\/7bbb4f718d74bbf600dc556253bb04fd7ac8593751d6e2e3b85432d98aefae80?s=96&d=mm&r=g\",\"caption\":\"Editor\"},\"sameAs\":[\"https:\\\/\\\/contrastes.com.co\\\/web\"],\"url\":\"https:\\\/\\\/contrastes.com.co\\\/web\\\/author\\\/jdbobadilla\\\/\"}]}<\/script>\n<!-- \/ Yoast SEO plugin. -->","yoast_head_json":{"title":"As\u00ed fue el lanzamiento del Festival Nacional de la Tradici\u00f3n Solede\u00f1a - Constrastes","description":"Con el fin de preservar las manifestaciones art\u00edsticas y culturales, se llev\u00f3 a cabo el lanzamiento del Festival Nacional de la Tradici\u00f3n Solede\u00f1a, un evento impulsado por la gestora cultural Doris Rodr\u00edguez Miranda.","robots":{"index":"index","follow":"follow","max-snippet":"max-snippet:-1","max-image-preview":"max-image-preview:large","max-video-preview":"max-video-preview:-1"},"canonical":"https:\/\/contrastes.com.co\/web\/2021\/08\/03\/asi-fue-el-lanzamiento-del-festival-nacional-de-la-tradicion-soledena\/","og_locale":"es_ES","og_type":"article","og_title":"As\u00ed fue el lanzamiento del Festival Nacional de la Tradici\u00f3n Solede\u00f1a - Constrastes","og_description":"Con el fin de preservar las manifestaciones art\u00edsticas y culturales, se llev\u00f3 a cabo el lanzamiento del Festival Nacional de la Tradici\u00f3n Solede\u00f1a, un evento impulsado por la gestora cultural Doris Rodr\u00edguez Miranda.","og_url":"https:\/\/contrastes.com.co\/web\/2021\/08\/03\/asi-fue-el-lanzamiento-del-festival-nacional-de-la-tradicion-soledena\/","og_site_name":"Constrastes","article_publisher":"https:\/\/www.facebook.com\/guillo.pantoja.1","article_published_time":"2021-08-03T18:46:38+00:00","author":"Editor","twitter_card":"summary_large_image","twitter_misc":{"Escrito por":"Editor","Tiempo de lectura":"1 minuto"},"schema":{"@context":"https:\/\/schema.org","@graph":[{"@type":"Article","@id":"https:\/\/contrastes.com.co\/web\/2021\/08\/03\/asi-fue-el-lanzamiento-del-festival-nacional-de-la-tradicion-soledena\/#article","isPartOf":{"@id":"https:\/\/contrastes.com.co\/web\/2021\/08\/03\/asi-fue-el-lanzamiento-del-festival-nacional-de-la-tradicion-soledena\/"},"author":{"name":"Editor","@id":"https:\/\/contrastes.com.co\/web\/#\/schema\/person\/62ef7a62dc4da6de450c71fc2e95ed02"},"headline":"As\u00ed fue el lanzamiento del Festival Nacional de la Tradici\u00f3n Solede\u00f1a","datePublished":"2021-08-03T18:46:38+00:00","mainEntityOfPage":{"@id":"https:\/\/contrastes.com.co\/web\/2021\/08\/03\/asi-fue-el-lanzamiento-del-festival-nacional-de-la-tradicion-soledena\/"},"wordCount":238,"commentCount":0,"publisher":{"@id":"https:\/\/contrastes.com.co\/web\/#organization"},"image":{"@id":"https:\/\/contrastes.com.co\/web\/2021\/08\/03\/asi-fue-el-lanzamiento-del-festival-nacional-de-la-tradicion-soledena\/#primaryimage"},"thumbnailUrl":"","keywords":["Andrea Guzm\u00e1n Velasco","Danza de la Butifarra","Doris Rodr\u00edguez Miranda","embajadora de la butifarra solede\u00f1a","Festival Nacional de la Tradici\u00f3n Solede\u00f1a","gestora cultural","Rumberos del Hip\u00f3dromo"],"articleSection":["Cultura","Locales"],"inLanguage":"es","potentialAction":[{"@type":"CommentAction","name":"Comment","target":["https:\/\/contrastes.com.co\/web\/2021\/08\/03\/asi-fue-el-lanzamiento-del-festival-nacional-de-la-tradicion-soledena\/#respond"]}]},{"@type":"WebPage","@id":"https:\/\/contrastes.com.co\/web\/2021\/08\/03\/asi-fue-el-lanzamiento-del-festival-nacional-de-la-tradicion-soledena\/","url":"https:\/\/contrastes.com.co\/web\/2021\/08\/03\/asi-fue-el-lanzamiento-del-festival-nacional-de-la-tradicion-soledena\/","name":"As\u00ed fue el lanzamiento del Festival Nacional de la Tradici\u00f3n Solede\u00f1a - Constrastes","isPartOf":{"@id":"https:\/\/contrastes.com.co\/web\/#website"},"primaryImageOfPage":{"@id":"https:\/\/contrastes.com.co\/web\/2021\/08\/03\/asi-fue-el-lanzamiento-del-festival-nacional-de-la-tradicion-soledena\/#primaryimage"},"image":{"@id":"https:\/\/contrastes.com.co\/web\/2021\/08\/03\/asi-fue-el-lanzamiento-del-festival-nacional-de-la-tradicion-soledena\/#primaryimage"},"thumbnailUrl":"","datePublished":"2021-08-03T18:46:38+00:00","description":"Con el fin de preservar las manifestaciones art\u00edsticas y culturales, se llev\u00f3 a cabo el lanzamiento del Festival Nacional de la Tradici\u00f3n Solede\u00f1a, un evento impulsado por la gestora cultural Doris Rodr\u00edguez Miranda.","breadcrumb":{"@id":"https:\/\/contrastes.com.co\/web\/2021\/08\/03\/asi-fue-el-lanzamiento-del-festival-nacional-de-la-tradicion-soledena\/#breadcrumb"},"inLanguage":"es","potentialAction":[{"@type":"ReadAction","target":["https:\/\/contrastes.com.co\/web\/2021\/08\/03\/asi-fue-el-lanzamiento-del-festival-nacional-de-la-tradicion-soledena\/"]}]},{"@type":"ImageObject","inLanguage":"es","@id":"https:\/\/contrastes.com.co\/web\/2021\/08\/03\/asi-fue-el-lanzamiento-del-festival-nacional-de-la-tradicion-soledena\/#primaryimage","url":"","contentUrl":""},{"@type":"BreadcrumbList","@id":"https:\/\/contrastes.com.co\/web\/2021\/08\/03\/asi-fue-el-lanzamiento-del-festival-nacional-de-la-tradicion-soledena\/#breadcrumb","itemListElement":[{"@type":"ListItem","position":1,"name":"Portada","item":"https:\/\/contrastes.com.co\/web\/"},{"@type":"ListItem","position":2,"name":"As\u00ed fue el lanzamiento del Festival Nacional de la Tradici\u00f3n Solede\u00f1a"}]},{"@type":"WebSite","@id":"https:\/\/contrastes.com.co\/web\/#website","url":"https:\/\/contrastes.com.co\/web\/","name":"Contrastes","description":"Periodismo de Conciencia","publisher":{"@id":"https:\/\/contrastes.com.co\/web\/#organization"},"potentialAction":[{"@type":"SearchAction","target":{"@type":"EntryPoint","urlTemplate":"https:\/\/contrastes.com.co\/web\/?s={search_term_string}"},"query-input":{"@type":"PropertyValueSpecification","valueRequired":true,"valueName":"search_term_string"}}],"inLanguage":"es"},{"@type":"Organization","@id":"https:\/\/contrastes.com.co\/web\/#organization","name":"Contrastes","url":"https:\/\/contrastes.com.co\/web\/","logo":{"@type":"ImageObject","inLanguage":"es","@id":"https:\/\/contrastes.com.co\/web\/#\/schema\/logo\/image\/","url":"https:\/\/contrastes.com.co\/web\/wp-content\/uploads\/2025\/04\/15CONTRASTES3.png","contentUrl":"https:\/\/contrastes.com.co\/web\/wp-content\/uploads\/2025\/04\/15CONTRASTES3.png","width":1536,"height":231,"caption":"Contrastes"},"image":{"@id":"https:\/\/contrastes.com.co\/web\/#\/schema\/logo\/image\/"},"sameAs":["https:\/\/www.facebook.com\/guillo.pantoja.1"]},{"@type":"Person","@id":"https:\/\/contrastes.com.co\/web\/#\/schema\/person\/62ef7a62dc4da6de450c71fc2e95ed02","name":"Editor","image":{"@type":"ImageObject","inLanguage":"es","@id":"https:\/\/secure.gravatar.com\/avatar\/7bbb4f718d74bbf600dc556253bb04fd7ac8593751d6e2e3b85432d98aefae80?s=96&d=mm&r=g","url":"https:\/\/secure.gravatar.com\/avatar\/7bbb4f718d74bbf600dc556253bb04fd7ac8593751d6e2e3b85432d98aefae80?s=96&d=mm&r=g","contentUrl":"https:\/\/secure.gravatar.com\/avatar\/7bbb4f718d74bbf600dc556253bb04fd7ac8593751d6e2e3b85432d98aefae80?s=96&d=mm&r=g","caption":"Editor"},"sameAs":["https:\/\/contrastes.com.co\/web"],"url":"https:\/\/contrastes.com.co\/web\/author\/jdbobadilla\/"}]}},"blog_post_layout_featured_media_urls":{"thumbnail":"","full":""},"categories_names":{"104":{"name":"Cultura","link":"https:\/\/contrastes.com.co\/web\/category\/cultura\/"},"23":{"name":"Locales","link":"https:\/\/contrastes.com.co\/web\/category\/locales\/"}},"tags_names":{"3915":{"name":"Andrea Guzm\u00e1n Velasco","link":"https:\/\/contrastes.com.co\/web\/tag\/andrea-guzman-velasco\/"},"3916":{"name":"Danza de la Butifarra","link":"https:\/\/contrastes.com.co\/web\/tag\/danza-de-la-butifarra\/"},"3917":{"name":"Doris Rodr\u00edguez Miranda","link":"https:\/\/contrastes.com.co\/web\/tag\/doris-rodriguez-miranda\/"},"3918":{"name":"embajadora de la butifarra solede\u00f1a","link":"https:\/\/contrastes.com.co\/web\/tag\/embajadora-de-la-butifarra-soledena\/"},"3919":{"name":"Festival Nacional de la Tradici\u00f3n Solede\u00f1a","link":"https:\/\/contrastes.com.co\/web\/tag\/festival-nacional-de-la-tradicion-soledena\/"},"3920":{"name":"gestora cultural","link":"https:\/\/contrastes.com.co\/web\/tag\/gestora-cultural\/"},"3921":{"name":"Rumberos del Hip\u00f3dromo","link":"https:\/\/contrastes.com.co\/web\/tag\/rumberos-del-hipodromo\/"}},"comments_number":"0","wpmagazine_modules_lite_featured_media_urls":{"thumbnail":"","cvmm-medium":"","cvmm-medium-plus":"","cvmm-portrait":"","cvmm-medium-square":"","cvmm-large":"","cvmm-small":"","full":""},"_links":{"self":[{"href":"https:\/\/contrastes.com.co\/web\/wp-json\/wp\/v2\/posts\/6807","targetHints":{"allow":["GET"]}}],"collection":[{"href":"https:\/\/contrastes.com.co\/web\/wp-json\/wp\/v2\/posts"}],"about":[{"href":"https:\/\/contrastes.com.co\/web\/wp-json\/wp\/v2\/types\/post"}],"author":[{"embeddable":true,"href":"https:\/\/contrastes.com.co\/web\/wp-json\/wp\/v2\/users\/1"}],"replies":[{"embeddable":true,"href":"https:\/\/contrastes.com.co\/web\/wp-json\/wp\/v2\/comments?post=6807"}],"version-history":[{"count":0,"href":"https:\/\/contrastes.com.co\/web\/wp-json\/wp\/v2\/posts\/6807\/revisions"}],"wp:attachment":[{"href":"https:\/\/contrastes.com.co\/web\/wp-json\/wp\/v2\/media?parent=6807"}],"wp:term":[{"taxonomy":"category","embeddable":true,"href":"https:\/\/contrastes.com.co\/web\/wp-json\/wp\/v2\/categories?post=6807"},{"taxonomy":"post_tag","embeddable":true,"href":"https:\/\/contrastes.com.co\/web\/wp-json\/wp\/v2\/tags?post=6807"}],"curies":[{"name":"wp","href":"https:\/\/api.w.org\/{rel}","templated":true}]}}