{"id":6861,"date":"2021-08-07T15:00:14","date_gmt":"2021-08-07T20:00:14","guid":{"rendered":"https:\/\/contrastes.com.co\/digital\/?p=6861"},"modified":"2021-08-07T15:00:14","modified_gmt":"2021-08-07T20:00:14","slug":"avanza-en-el-atlantico-la-implementacion-de-las-politicas-del-sector-social-lgbti","status":"publish","type":"post","link":"https:\/\/contrastes.com.co\/web\/2021\/08\/07\/avanza-en-el-atlantico-la-implementacion-de-las-politicas-del-sector-social-lgbti\/","title":{"rendered":"Avanza en el Atl\u00e1ntico la implementaci\u00f3n de las pol\u00edticas del sector social LGBTI"},"content":{"rendered":"<p><strong>Avanza en el Atl\u00e1ntico la implementaci\u00f3n de las pol\u00edticas del sector social LGBTI<\/strong><\/p>\n<blockquote><p><strong>* En las instalaciones de la Gobernaci\u00f3n del Atl\u00e1ntico, se realizaron mesas de trabajo con funcionarios del Ministerio de Interior, de la administraci\u00f3n departamental y enlaces municipales LGBTI.<\/strong><\/p>\n<p><strong>*A mediados de agosto se iniciar\u00e1n diagn\u00f3stico de esta poblaci\u00f3n, un proceso que arrancar\u00e1 en el sur del Atl\u00e1ntico<\/strong><\/p><\/blockquote>\n<p><strong>Barranquilla.-<\/strong>\u00a0En el marco de la implementaci\u00f3n de la pol\u00edtica p\u00fablica departamental para la garant\u00eda plena de los derechos de las personas lesbianas, gay, bisexuales, transgeneristas e intersexuales (LGBTI), se realiz\u00f3 una mesa t\u00e9cnica con funcionarios del Ministerio de Interior.<\/p>\n<p>Durante el encuentro, que se desarroll\u00f3 durante dos d\u00edas en la Gobernaci\u00f3n del Atl\u00e1ntico, se hizo \u00e9nfasis en los decretos 762 y 410 de 2018, por medio de los cuales se adopta la pol\u00edtica p\u00fablica que tiene por objeto la promoci\u00f3n y garant\u00eda del ejercicio efectivo de los derechos de los sectores sociales LGBTI y de personas con orientaciones sexuales e identidades de g\u00e9nero diversas, y se adoptan medidas tendientes a prevenir la discriminaci\u00f3n.<\/p>\n<figure id=\"attachment_6863\" aria-describedby=\"caption-attachment-6863\" style=\"width: 1200px\" class=\"wp-caption aligncenter\"><img fetchpriority=\"high\" decoding=\"async\" class=\"wp-image-6863 size-full\" src=\"https:\/\/contrastes.com.co\/digital\/wp-content\/uploads\/2021\/08\/politicas-lgbti-2.jpg\" alt=\"politicas lgbti2\" width=\"1200\" height=\"783\" \/><figcaption id=\"caption-attachment-6863\" class=\"wp-caption-text\">Durante el encuentro se socializ\u00f3 la ordenanza 000472, por medio de la cual se adopta la pol\u00edtica p\u00fablica departamental para este sector social.<\/figcaption><\/figure>\n<p>De igual manera, se socializ\u00f3 la ordenanza 000472, por medio de la cual se adopta la pol\u00edtica p\u00fablica departamental para este sector social.<\/p>\n<p><strong>Hemel Nore\u00f1a, enlace LGBTI+ de la Gobernaci\u00f3n del Atl\u00e1ntico<\/strong>, destac\u00f3 la importancia de esta articulaci\u00f3n con el Ministerio del Interior y sus pol\u00edticas p\u00fablicas nacionales.<\/p>\n<p>\u201cEs por eso que nos reunimos con los enlaces nombrados por las alcald\u00edas municipales y funcionarios de las diferentes secretar\u00edas de la Gobernaci\u00f3n, a fin de hacerle un seguimiento a esta pol\u00edtica p\u00fablica departamental y hacer la articulaci\u00f3n con la nacional, porque estamos trabajando por un Atl\u00e1ntico diverso donde s\u00ed se puede ser\u201d, dijo Nore\u00f1a.<\/p>\n<p>El funcionario explic\u00f3 que la primera tarea que se trazaron y que ya cumplieron a cabalidad es que cada alcald\u00eda municipal nombrara un enlace municipal; en ese sentido, el siguiente paso es adoptar la pol\u00edtica p\u00fablica ya sea la nacional o la departamental.<\/p>\n<p>\u201cVamos a comenzar a hacer un trabajo con el sur del Atl\u00e1ntico ahora a mediados de agosto. El 24 de agosto conmemoraremos los dos a\u00f1os de la pol\u00edtica p\u00fablica y esa ser\u00e1 la ruta que atenderemos. Haremos una actividad macro en el sur del Atl\u00e1ntico, la cual contempla asistencia t\u00e9cnica\u201d, dijo Nore\u00f1a al destacar que realizar\u00e1n un diagn\u00f3stico para conocer la real situaci\u00f3n de esta poblaci\u00f3n, ya que el \u00faltimo que se hizo fue en el a\u00f1o 2013.<\/p>\n<p>Con este diagn\u00f3stico se busca crear una base de datos por regi\u00f3n, para saber cu\u00e1les son las necesidades del sector.<\/p>\n<figure id=\"attachment_6864\" aria-describedby=\"caption-attachment-6864\" style=\"width: 1200px\" class=\"wp-caption aligncenter\"><img decoding=\"async\" class=\"wp-image-6864 size-full\" src=\"https:\/\/contrastes.com.co\/digital\/wp-content\/uploads\/2021\/08\/politicas-lgbti3.jpg\" alt=\"politica lgbti 3\" width=\"1200\" height=\"783\" \/><figcaption id=\"caption-attachment-6864\" class=\"wp-caption-text\">Diana Tovar, de la Direcci\u00f3n de Derechos Humanos del Ministerio de Interior, resalt\u00f3 que este tipo de encuentros permite conocer esa pol\u00edtica p\u00fablica LGBTI, conocer las necesidades del sector y darles la inclusi\u00f3n y el re07speto a esos derechos.<\/figcaption><\/figure>\n<p>Diana Tovar, de la <strong>Direcci\u00f3n de Derechos Humanos del Ministerio de Interior<\/strong>, resalt\u00f3 que este tipo de encuentros permite conocer esa pol\u00edtica p\u00fablica LGBTI, conocer las necesidades del sector y darles la inclusi\u00f3n y el respeto a esos derechos.<\/p>\n<p>\u201cDe cada municipio debe haber una pol\u00edtica p\u00fablica y estamos interesados en que la haya y podamos lograr toda esa implementaci\u00f3n en el Atl\u00e1ntico. Estamos para escuchar las necesidades de ese sector, sus proyectos y la implementaci\u00f3n de esa pol\u00edtica p\u00fablica en cada municipio del departamento\u00bb, se\u00f1al\u00f3.<\/p>\n<p>El objetivo es capacitar mediante mesas tem\u00e1ticas y conocer de parte de las organizaciones sociales y enlaces municipales la implementaci\u00f3n de las pol\u00edticas p\u00fablicas LGBTI.<\/p>\n<p>La funcionaria hizo un llamado para que todos los municipios del Atl\u00e1ntico tengan sus pol\u00edticas p\u00fablicas LGBTI.<\/p>\n<p><strong>Tatiana Mar\u00eda Fonseca, enlace municipal LGBTI<\/strong>, dijo que esta capacitaci\u00f3n les da herramientas para seguir trabajando por la poblaci\u00f3n en los diferentes municipios.<\/p>\n","protected":false},"excerpt":{"rendered":"<p>En el marco de la implementaci\u00f3n de la pol\u00edtica p\u00fablica departamental para la garant\u00eda plena de los derechos de las personas lesbianas, gay, bisexuales, transgeneristas e intersexuales (LGBTI), se realiz\u00f3 una mesa t\u00e9cnica con funcionarios del Ministerio de Interior.<\/p>\n","protected":false},"author":1,"featured_media":6862,"comment_status":"open","ping_status":"open","sticky":false,"template":"","format":"standard","meta":{"footnotes":""},"categories":[2930,33,24],"tags":[106,3945,3946,3947,15,3816,3948,50,383,3949],"class_list":["post-6861","post","type-post","status-publish","format-standard","has-post-thumbnail","hentry","category-gestion-humana","category-politicas-publicas","category-region","tag-departamento-del-atlantico","tag-direccion-de-derechos-humanos-del-ministerio-de-interior","tag-enlace-lgbti-de-la-gobernacion-del-atlantico","tag-enlace-municipal-lgbti","tag-gobernacion-del-atlantico","tag-hemel-norena","tag-lgbtiq","tag-ministerio-del-interior","tag-politica-publica","tag-tatiana-maria-fonseca"],"yoast_head":"<!-- This site is optimized with the Yoast SEO plugin v27.7 - https:\/\/yoast.com\/product\/yoast-seo-wordpress\/ -->\n<title>Avanza en el Atl\u00e1ntico la implementaci\u00f3n de las pol\u00edticas del sector social LGBTI - Constrastes<\/title>\n<meta name=\"description\" content=\"En el marco de la implementaci\u00f3n de la pol\u00edtica p\u00fablica departamental para la garant\u00eda plena de los derechos de las personas lesbianas, gay, bisexuales, transgeneristas e intersexuales (LGBTI), se realiz\u00f3 una mesa t\u00e9cnica con funcionarios del Ministerio de Interior.\" \/>\n<meta name=\"robots\" content=\"index, follow, max-snippet:-1, max-image-preview:large, max-video-preview:-1\" \/>\n<link rel=\"canonical\" href=\"https:\/\/contrastes.com.co\/web\/2021\/08\/07\/avanza-en-el-atlantico-la-implementacion-de-las-politicas-del-sector-social-lgbti\/\" \/>\n<meta property=\"og:locale\" content=\"es_ES\" \/>\n<meta property=\"og:type\" content=\"article\" \/>\n<meta property=\"og:title\" content=\"Avanza en el Atl\u00e1ntico la implementaci\u00f3n de las pol\u00edticas del sector social LGBTI - Constrastes\" \/>\n<meta property=\"og:description\" content=\"En el marco de la implementaci\u00f3n de la pol\u00edtica p\u00fablica departamental para la garant\u00eda plena de los derechos de las personas lesbianas, gay, bisexuales, transgeneristas e intersexuales (LGBTI), se realiz\u00f3 una mesa t\u00e9cnica con funcionarios del Ministerio de Interior.\" \/>\n<meta property=\"og:url\" content=\"https:\/\/contrastes.com.co\/web\/2021\/08\/07\/avanza-en-el-atlantico-la-implementacion-de-las-politicas-del-sector-social-lgbti\/\" \/>\n<meta property=\"og:site_name\" content=\"Constrastes\" \/>\n<meta property=\"article:publisher\" content=\"https:\/\/www.facebook.com\/guillo.pantoja.1\" \/>\n<meta property=\"article:published_time\" content=\"2021-08-07T20:00:14+00:00\" \/>\n<meta name=\"author\" content=\"Editor\" \/>\n<meta name=\"twitter:card\" content=\"summary_large_image\" \/>\n<meta name=\"twitter:label1\" content=\"Escrito por\" \/>\n\t<meta name=\"twitter:data1\" content=\"Editor\" \/>\n\t<meta name=\"twitter:label2\" content=\"Tiempo de lectura\" \/>\n\t<meta name=\"twitter:data2\" content=\"4 minutos\" \/>\n<script type=\"application\/ld+json\" class=\"yoast-schema-graph\">{\"@context\":\"https:\\\/\\\/schema.org\",\"@graph\":[{\"@type\":\"Article\",\"@id\":\"https:\\\/\\\/contrastes.com.co\\\/web\\\/2021\\\/08\\\/07\\\/avanza-en-el-atlantico-la-implementacion-de-las-politicas-del-sector-social-lgbti\\\/#article\",\"isPartOf\":{\"@id\":\"https:\\\/\\\/contrastes.com.co\\\/web\\\/2021\\\/08\\\/07\\\/avanza-en-el-atlantico-la-implementacion-de-las-politicas-del-sector-social-lgbti\\\/\"},\"author\":{\"name\":\"Editor\",\"@id\":\"https:\\\/\\\/contrastes.com.co\\\/web\\\/#\\\/schema\\\/person\\\/62ef7a62dc4da6de450c71fc2e95ed02\"},\"headline\":\"Avanza en el Atl\u00e1ntico la implementaci\u00f3n de las pol\u00edticas del sector social LGBTI\",\"datePublished\":\"2021-08-07T20:00:14+00:00\",\"mainEntityOfPage\":{\"@id\":\"https:\\\/\\\/contrastes.com.co\\\/web\\\/2021\\\/08\\\/07\\\/avanza-en-el-atlantico-la-implementacion-de-las-politicas-del-sector-social-lgbti\\\/\"},\"wordCount\":741,\"commentCount\":0,\"publisher\":{\"@id\":\"https:\\\/\\\/contrastes.com.co\\\/web\\\/#organization\"},\"image\":{\"@id\":\"https:\\\/\\\/contrastes.com.co\\\/web\\\/2021\\\/08\\\/07\\\/avanza-en-el-atlantico-la-implementacion-de-las-politicas-del-sector-social-lgbti\\\/#primaryimage\"},\"thumbnailUrl\":\"\",\"keywords\":[\"Departamento del Atl\u00e1ntico\",\"Direcci\u00f3n de Derechos Humanos del Ministerio de Interior\",\"enlace LGBTI+ de la Gobernaci\u00f3n del Atl\u00e1ntico\",\"enlace municipal LGBTI\",\"gobernaci\u00f3n del Atl\u00e1ntico\",\"Hemel Nore\u00f1a\",\"LGBTIQ+\",\"Ministerio del Interior\",\"pol\u00edtica p\u00fablica\",\"Tatiana Mar\u00eda Fonseca\"],\"articleSection\":[\"Gesti\u00f3n Humana\",\"Pol\u00edticas P\u00fablicas\",\"Regi\u00f3n\"],\"inLanguage\":\"es\",\"potentialAction\":[{\"@type\":\"CommentAction\",\"name\":\"Comment\",\"target\":[\"https:\\\/\\\/contrastes.com.co\\\/web\\\/2021\\\/08\\\/07\\\/avanza-en-el-atlantico-la-implementacion-de-las-politicas-del-sector-social-lgbti\\\/#respond\"]}]},{\"@type\":\"WebPage\",\"@id\":\"https:\\\/\\\/contrastes.com.co\\\/web\\\/2021\\\/08\\\/07\\\/avanza-en-el-atlantico-la-implementacion-de-las-politicas-del-sector-social-lgbti\\\/\",\"url\":\"https:\\\/\\\/contrastes.com.co\\\/web\\\/2021\\\/08\\\/07\\\/avanza-en-el-atlantico-la-implementacion-de-las-politicas-del-sector-social-lgbti\\\/\",\"name\":\"Avanza en el Atl\u00e1ntico la implementaci\u00f3n de las pol\u00edticas del sector social LGBTI - Constrastes\",\"isPartOf\":{\"@id\":\"https:\\\/\\\/contrastes.com.co\\\/web\\\/#website\"},\"primaryImageOfPage\":{\"@id\":\"https:\\\/\\\/contrastes.com.co\\\/web\\\/2021\\\/08\\\/07\\\/avanza-en-el-atlantico-la-implementacion-de-las-politicas-del-sector-social-lgbti\\\/#primaryimage\"},\"image\":{\"@id\":\"https:\\\/\\\/contrastes.com.co\\\/web\\\/2021\\\/08\\\/07\\\/avanza-en-el-atlantico-la-implementacion-de-las-politicas-del-sector-social-lgbti\\\/#primaryimage\"},\"thumbnailUrl\":\"\",\"datePublished\":\"2021-08-07T20:00:14+00:00\",\"description\":\"En el marco de la implementaci\u00f3n de la pol\u00edtica p\u00fablica departamental para la garant\u00eda plena de los derechos de las personas lesbianas, gay, bisexuales, transgeneristas e intersexuales (LGBTI), se realiz\u00f3 una mesa t\u00e9cnica con funcionarios del Ministerio de Interior.\",\"breadcrumb\":{\"@id\":\"https:\\\/\\\/contrastes.com.co\\\/web\\\/2021\\\/08\\\/07\\\/avanza-en-el-atlantico-la-implementacion-de-las-politicas-del-sector-social-lgbti\\\/#breadcrumb\"},\"inLanguage\":\"es\",\"potentialAction\":[{\"@type\":\"ReadAction\",\"target\":[\"https:\\\/\\\/contrastes.com.co\\\/web\\\/2021\\\/08\\\/07\\\/avanza-en-el-atlantico-la-implementacion-de-las-politicas-del-sector-social-lgbti\\\/\"]}]},{\"@type\":\"ImageObject\",\"inLanguage\":\"es\",\"@id\":\"https:\\\/\\\/contrastes.com.co\\\/web\\\/2021\\\/08\\\/07\\\/avanza-en-el-atlantico-la-implementacion-de-las-politicas-del-sector-social-lgbti\\\/#primaryimage\",\"url\":\"\",\"contentUrl\":\"\"},{\"@type\":\"BreadcrumbList\",\"@id\":\"https:\\\/\\\/contrastes.com.co\\\/web\\\/2021\\\/08\\\/07\\\/avanza-en-el-atlantico-la-implementacion-de-las-politicas-del-sector-social-lgbti\\\/#breadcrumb\",\"itemListElement\":[{\"@type\":\"ListItem\",\"position\":1,\"name\":\"Portada\",\"item\":\"https:\\\/\\\/contrastes.com.co\\\/web\\\/\"},{\"@type\":\"ListItem\",\"position\":2,\"name\":\"Avanza en el Atl\u00e1ntico la implementaci\u00f3n de las pol\u00edticas del sector social LGBTI\"}]},{\"@type\":\"WebSite\",\"@id\":\"https:\\\/\\\/contrastes.com.co\\\/web\\\/#website\",\"url\":\"https:\\\/\\\/contrastes.com.co\\\/web\\\/\",\"name\":\"Contrastes\",\"description\":\"Periodismo de Conciencia\",\"publisher\":{\"@id\":\"https:\\\/\\\/contrastes.com.co\\\/web\\\/#organization\"},\"potentialAction\":[{\"@type\":\"SearchAction\",\"target\":{\"@type\":\"EntryPoint\",\"urlTemplate\":\"https:\\\/\\\/contrastes.com.co\\\/web\\\/?s={search_term_string}\"},\"query-input\":{\"@type\":\"PropertyValueSpecification\",\"valueRequired\":true,\"valueName\":\"search_term_string\"}}],\"inLanguage\":\"es\"},{\"@type\":\"Organization\",\"@id\":\"https:\\\/\\\/contrastes.com.co\\\/web\\\/#organization\",\"name\":\"Contrastes\",\"url\":\"https:\\\/\\\/contrastes.com.co\\\/web\\\/\",\"logo\":{\"@type\":\"ImageObject\",\"inLanguage\":\"es\",\"@id\":\"https:\\\/\\\/contrastes.com.co\\\/web\\\/#\\\/schema\\\/logo\\\/image\\\/\",\"url\":\"https:\\\/\\\/contrastes.com.co\\\/web\\\/wp-content\\\/uploads\\\/2025\\\/04\\\/15CONTRASTES3.png\",\"contentUrl\":\"https:\\\/\\\/contrastes.com.co\\\/web\\\/wp-content\\\/uploads\\\/2025\\\/04\\\/15CONTRASTES3.png\",\"width\":1536,\"height\":231,\"caption\":\"Contrastes\"},\"image\":{\"@id\":\"https:\\\/\\\/contrastes.com.co\\\/web\\\/#\\\/schema\\\/logo\\\/image\\\/\"},\"sameAs\":[\"https:\\\/\\\/www.facebook.com\\\/guillo.pantoja.1\"]},{\"@type\":\"Person\",\"@id\":\"https:\\\/\\\/contrastes.com.co\\\/web\\\/#\\\/schema\\\/person\\\/62ef7a62dc4da6de450c71fc2e95ed02\",\"name\":\"Editor\",\"image\":{\"@type\":\"ImageObject\",\"inLanguage\":\"es\",\"@id\":\"https:\\\/\\\/secure.gravatar.com\\\/avatar\\\/7bbb4f718d74bbf600dc556253bb04fd7ac8593751d6e2e3b85432d98aefae80?s=96&d=mm&r=g\",\"url\":\"https:\\\/\\\/secure.gravatar.com\\\/avatar\\\/7bbb4f718d74bbf600dc556253bb04fd7ac8593751d6e2e3b85432d98aefae80?s=96&d=mm&r=g\",\"contentUrl\":\"https:\\\/\\\/secure.gravatar.com\\\/avatar\\\/7bbb4f718d74bbf600dc556253bb04fd7ac8593751d6e2e3b85432d98aefae80?s=96&d=mm&r=g\",\"caption\":\"Editor\"},\"sameAs\":[\"https:\\\/\\\/contrastes.com.co\\\/web\"],\"url\":\"https:\\\/\\\/contrastes.com.co\\\/web\\\/author\\\/jdbobadilla\\\/\"}]}<\/script>\n<!-- \/ Yoast SEO plugin. -->","yoast_head_json":{"title":"Avanza en el Atl\u00e1ntico la implementaci\u00f3n de las pol\u00edticas del sector social LGBTI - Constrastes","description":"En el marco de la implementaci\u00f3n de la pol\u00edtica p\u00fablica departamental para la garant\u00eda plena de los derechos de las personas lesbianas, gay, bisexuales, transgeneristas e intersexuales (LGBTI), se realiz\u00f3 una mesa t\u00e9cnica con funcionarios del Ministerio de Interior.","robots":{"index":"index","follow":"follow","max-snippet":"max-snippet:-1","max-image-preview":"max-image-preview:large","max-video-preview":"max-video-preview:-1"},"canonical":"https:\/\/contrastes.com.co\/web\/2021\/08\/07\/avanza-en-el-atlantico-la-implementacion-de-las-politicas-del-sector-social-lgbti\/","og_locale":"es_ES","og_type":"article","og_title":"Avanza en el Atl\u00e1ntico la implementaci\u00f3n de las pol\u00edticas del sector social LGBTI - Constrastes","og_description":"En el marco de la implementaci\u00f3n de la pol\u00edtica p\u00fablica departamental para la garant\u00eda plena de los derechos de las personas lesbianas, gay, bisexuales, transgeneristas e intersexuales (LGBTI), se realiz\u00f3 una mesa t\u00e9cnica con funcionarios del Ministerio de Interior.","og_url":"https:\/\/contrastes.com.co\/web\/2021\/08\/07\/avanza-en-el-atlantico-la-implementacion-de-las-politicas-del-sector-social-lgbti\/","og_site_name":"Constrastes","article_publisher":"https:\/\/www.facebook.com\/guillo.pantoja.1","article_published_time":"2021-08-07T20:00:14+00:00","author":"Editor","twitter_card":"summary_large_image","twitter_misc":{"Escrito por":"Editor","Tiempo de lectura":"4 minutos"},"schema":{"@context":"https:\/\/schema.org","@graph":[{"@type":"Article","@id":"https:\/\/contrastes.com.co\/web\/2021\/08\/07\/avanza-en-el-atlantico-la-implementacion-de-las-politicas-del-sector-social-lgbti\/#article","isPartOf":{"@id":"https:\/\/contrastes.com.co\/web\/2021\/08\/07\/avanza-en-el-atlantico-la-implementacion-de-las-politicas-del-sector-social-lgbti\/"},"author":{"name":"Editor","@id":"https:\/\/contrastes.com.co\/web\/#\/schema\/person\/62ef7a62dc4da6de450c71fc2e95ed02"},"headline":"Avanza en el Atl\u00e1ntico la implementaci\u00f3n de las pol\u00edticas del sector social LGBTI","datePublished":"2021-08-07T20:00:14+00:00","mainEntityOfPage":{"@id":"https:\/\/contrastes.com.co\/web\/2021\/08\/07\/avanza-en-el-atlantico-la-implementacion-de-las-politicas-del-sector-social-lgbti\/"},"wordCount":741,"commentCount":0,"publisher":{"@id":"https:\/\/contrastes.com.co\/web\/#organization"},"image":{"@id":"https:\/\/contrastes.com.co\/web\/2021\/08\/07\/avanza-en-el-atlantico-la-implementacion-de-las-politicas-del-sector-social-lgbti\/#primaryimage"},"thumbnailUrl":"","keywords":["Departamento del Atl\u00e1ntico","Direcci\u00f3n de Derechos Humanos del Ministerio de Interior","enlace LGBTI+ de la Gobernaci\u00f3n del Atl\u00e1ntico","enlace municipal LGBTI","gobernaci\u00f3n del Atl\u00e1ntico","Hemel Nore\u00f1a","LGBTIQ+","Ministerio del Interior","pol\u00edtica p\u00fablica","Tatiana Mar\u00eda Fonseca"],"articleSection":["Gesti\u00f3n Humana","Pol\u00edticas P\u00fablicas","Regi\u00f3n"],"inLanguage":"es","potentialAction":[{"@type":"CommentAction","name":"Comment","target":["https:\/\/contrastes.com.co\/web\/2021\/08\/07\/avanza-en-el-atlantico-la-implementacion-de-las-politicas-del-sector-social-lgbti\/#respond"]}]},{"@type":"WebPage","@id":"https:\/\/contrastes.com.co\/web\/2021\/08\/07\/avanza-en-el-atlantico-la-implementacion-de-las-politicas-del-sector-social-lgbti\/","url":"https:\/\/contrastes.com.co\/web\/2021\/08\/07\/avanza-en-el-atlantico-la-implementacion-de-las-politicas-del-sector-social-lgbti\/","name":"Avanza en el Atl\u00e1ntico la implementaci\u00f3n de las pol\u00edticas del sector social LGBTI - Constrastes","isPartOf":{"@id":"https:\/\/contrastes.com.co\/web\/#website"},"primaryImageOfPage":{"@id":"https:\/\/contrastes.com.co\/web\/2021\/08\/07\/avanza-en-el-atlantico-la-implementacion-de-las-politicas-del-sector-social-lgbti\/#primaryimage"},"image":{"@id":"https:\/\/contrastes.com.co\/web\/2021\/08\/07\/avanza-en-el-atlantico-la-implementacion-de-las-politicas-del-sector-social-lgbti\/#primaryimage"},"thumbnailUrl":"","datePublished":"2021-08-07T20:00:14+00:00","description":"En el marco de la implementaci\u00f3n de la pol\u00edtica p\u00fablica departamental para la garant\u00eda plena de los derechos de las personas lesbianas, gay, bisexuales, transgeneristas e intersexuales (LGBTI), se realiz\u00f3 una mesa t\u00e9cnica con funcionarios del Ministerio de Interior.","breadcrumb":{"@id":"https:\/\/contrastes.com.co\/web\/2021\/08\/07\/avanza-en-el-atlantico-la-implementacion-de-las-politicas-del-sector-social-lgbti\/#breadcrumb"},"inLanguage":"es","potentialAction":[{"@type":"ReadAction","target":["https:\/\/contrastes.com.co\/web\/2021\/08\/07\/avanza-en-el-atlantico-la-implementacion-de-las-politicas-del-sector-social-lgbti\/"]}]},{"@type":"ImageObject","inLanguage":"es","@id":"https:\/\/contrastes.com.co\/web\/2021\/08\/07\/avanza-en-el-atlantico-la-implementacion-de-las-politicas-del-sector-social-lgbti\/#primaryimage","url":"","contentUrl":""},{"@type":"BreadcrumbList","@id":"https:\/\/contrastes.com.co\/web\/2021\/08\/07\/avanza-en-el-atlantico-la-implementacion-de-las-politicas-del-sector-social-lgbti\/#breadcrumb","itemListElement":[{"@type":"ListItem","position":1,"name":"Portada","item":"https:\/\/contrastes.com.co\/web\/"},{"@type":"ListItem","position":2,"name":"Avanza en el Atl\u00e1ntico la implementaci\u00f3n de las pol\u00edticas del sector social LGBTI"}]},{"@type":"WebSite","@id":"https:\/\/contrastes.com.co\/web\/#website","url":"https:\/\/contrastes.com.co\/web\/","name":"Contrastes","description":"Periodismo de Conciencia","publisher":{"@id":"https:\/\/contrastes.com.co\/web\/#organization"},"potentialAction":[{"@type":"SearchAction","target":{"@type":"EntryPoint","urlTemplate":"https:\/\/contrastes.com.co\/web\/?s={search_term_string}"},"query-input":{"@type":"PropertyValueSpecification","valueRequired":true,"valueName":"search_term_string"}}],"inLanguage":"es"},{"@type":"Organization","@id":"https:\/\/contrastes.com.co\/web\/#organization","name":"Contrastes","url":"https:\/\/contrastes.com.co\/web\/","logo":{"@type":"ImageObject","inLanguage":"es","@id":"https:\/\/contrastes.com.co\/web\/#\/schema\/logo\/image\/","url":"https:\/\/contrastes.com.co\/web\/wp-content\/uploads\/2025\/04\/15CONTRASTES3.png","contentUrl":"https:\/\/contrastes.com.co\/web\/wp-content\/uploads\/2025\/04\/15CONTRASTES3.png","width":1536,"height":231,"caption":"Contrastes"},"image":{"@id":"https:\/\/contrastes.com.co\/web\/#\/schema\/logo\/image\/"},"sameAs":["https:\/\/www.facebook.com\/guillo.pantoja.1"]},{"@type":"Person","@id":"https:\/\/contrastes.com.co\/web\/#\/schema\/person\/62ef7a62dc4da6de450c71fc2e95ed02","name":"Editor","image":{"@type":"ImageObject","inLanguage":"es","@id":"https:\/\/secure.gravatar.com\/avatar\/7bbb4f718d74bbf600dc556253bb04fd7ac8593751d6e2e3b85432d98aefae80?s=96&d=mm&r=g","url":"https:\/\/secure.gravatar.com\/avatar\/7bbb4f718d74bbf600dc556253bb04fd7ac8593751d6e2e3b85432d98aefae80?s=96&d=mm&r=g","contentUrl":"https:\/\/secure.gravatar.com\/avatar\/7bbb4f718d74bbf600dc556253bb04fd7ac8593751d6e2e3b85432d98aefae80?s=96&d=mm&r=g","caption":"Editor"},"sameAs":["https:\/\/contrastes.com.co\/web"],"url":"https:\/\/contrastes.com.co\/web\/author\/jdbobadilla\/"}]}},"blog_post_layout_featured_media_urls":{"thumbnail":"","full":""},"categories_names":{"2930":{"name":"Gesti\u00f3n Humana","link":"https:\/\/contrastes.com.co\/web\/category\/gestion-humana\/"},"33":{"name":"Pol\u00edticas P\u00fablicas","link":"https:\/\/contrastes.com.co\/web\/category\/politicas-publicas\/"},"24":{"name":"Regi\u00f3n","link":"https:\/\/contrastes.com.co\/web\/category\/region\/"}},"tags_names":{"106":{"name":"Departamento del Atl\u00e1ntico","link":"https:\/\/contrastes.com.co\/web\/tag\/departamento-del-atlantico\/"},"3945":{"name":"Direcci\u00f3n de Derechos Humanos del Ministerio de Interior","link":"https:\/\/contrastes.com.co\/web\/tag\/direccion-de-derechos-humanos-del-ministerio-de-interior\/"},"3946":{"name":"enlace LGBTI+ de la Gobernaci\u00f3n del Atl\u00e1ntico","link":"https:\/\/contrastes.com.co\/web\/tag\/enlace-lgbti-de-la-gobernacion-del-atlantico\/"},"3947":{"name":"enlace municipal LGBTI","link":"https:\/\/contrastes.com.co\/web\/tag\/enlace-municipal-lgbti\/"},"15":{"name":"gobernaci\u00f3n del Atl\u00e1ntico","link":"https:\/\/contrastes.com.co\/web\/tag\/gobernacion-del-atlantico\/"},"3816":{"name":"Hemel Nore\u00f1a","link":"https:\/\/contrastes.com.co\/web\/tag\/hemel-norena\/"},"3948":{"name":"LGBTIQ+","link":"https:\/\/contrastes.com.co\/web\/tag\/lgbtiq\/"},"50":{"name":"Ministerio del Interior","link":"https:\/\/contrastes.com.co\/web\/tag\/ministerio-del-interior\/"},"383":{"name":"pol\u00edtica p\u00fablica","link":"https:\/\/contrastes.com.co\/web\/tag\/politica-publica\/"},"3949":{"name":"Tatiana Mar\u00eda Fonseca","link":"https:\/\/contrastes.com.co\/web\/tag\/tatiana-maria-fonseca\/"}},"comments_number":"0","wpmagazine_modules_lite_featured_media_urls":{"thumbnail":"","cvmm-medium":"","cvmm-medium-plus":"","cvmm-portrait":"","cvmm-medium-square":"","cvmm-large":"","cvmm-small":"","full":""},"_links":{"self":[{"href":"https:\/\/contrastes.com.co\/web\/wp-json\/wp\/v2\/posts\/6861","targetHints":{"allow":["GET"]}}],"collection":[{"href":"https:\/\/contrastes.com.co\/web\/wp-json\/wp\/v2\/posts"}],"about":[{"href":"https:\/\/contrastes.com.co\/web\/wp-json\/wp\/v2\/types\/post"}],"author":[{"embeddable":true,"href":"https:\/\/contrastes.com.co\/web\/wp-json\/wp\/v2\/users\/1"}],"replies":[{"embeddable":true,"href":"https:\/\/contrastes.com.co\/web\/wp-json\/wp\/v2\/comments?post=6861"}],"version-history":[{"count":0,"href":"https:\/\/contrastes.com.co\/web\/wp-json\/wp\/v2\/posts\/6861\/revisions"}],"wp:attachment":[{"href":"https:\/\/contrastes.com.co\/web\/wp-json\/wp\/v2\/media?parent=6861"}],"wp:term":[{"taxonomy":"category","embeddable":true,"href":"https:\/\/contrastes.com.co\/web\/wp-json\/wp\/v2\/categories?post=6861"},{"taxonomy":"post_tag","embeddable":true,"href":"https:\/\/contrastes.com.co\/web\/wp-json\/wp\/v2\/tags?post=6861"}],"curies":[{"name":"wp","href":"https:\/\/api.w.org\/{rel}","templated":true}]}}