{"id":7074,"date":"2021-08-24T13:44:27","date_gmt":"2021-08-24T18:44:27","guid":{"rendered":"https:\/\/contrastes.com.co\/digital\/?p=7074"},"modified":"2021-08-24T13:44:27","modified_gmt":"2021-08-24T18:44:27","slug":"estamos-reactivando-la-actividad-deportiva-en-el-atlanticoelsa-noguera","status":"publish","type":"post","link":"https:\/\/contrastes.com.co\/web\/2021\/08\/24\/estamos-reactivando-la-actividad-deportiva-en-el-atlanticoelsa-noguera\/","title":{"rendered":"Estamos reactivando la actividad deportiva en el Atl\u00e1ntico\u201d:Elsa Noguera"},"content":{"rendered":"<p><strong>Estamos reactivando la actividad deportiva en el Atl\u00e1ntico\u201d:Elsa Noguera<\/strong><\/p>\n<blockquote><p><strong>*En la playa Miramar de Puerto Colombia, la gobernadora, Elsa Noguera, lider\u00f3 el evento donde se present\u00f3 la oferta de programas deportivos y de estilos de vida saludable que estar\u00e1n disponibles para los atlanticenses a trav\u00e9s de Indeportes.<\/strong><\/p>\n<p><strong>*Las Escuelas Deportivas tuvieron su espacio de presentaci\u00f3n con f\u00fatbol y voleibol playa. Ya son m\u00e1s de 2.000 ni\u00f1os inscritos en nuestros programas, en los 22 municipios.<\/strong><\/p>\n<p><strong>*52 monitores en el \u00e1rea de recreaci\u00f3n, m\u00e1s 36 formadores de las Escuelas Deportivas, conforman el staff de 88 profesionales de Indeportes que trabaja a diario por los ni\u00f1os y j\u00f3venes del departamento, impactando positivamente a m\u00e1s de 14 mil atlanticenses por semana.<\/strong><\/p>\n<p><strong>*El evento cont\u00f3 con la presencia del medallista ol\u00edmpico Anthony Zambrano, al igual que el patinador Alex Cujavante, varias veces campe\u00f3n mundial.<\/strong><\/p><\/blockquote>\n<p><strong>Puerto Colombia.-<\/strong>\u00a0La gobernadora del Atl\u00e1ntico, Elsa Noguera, present\u00f3 este martes en Puerto Colombia la oferta de programas deportivos y de estilos de vida saludable que estar\u00e1n disponibles para los atlanticenses, a trav\u00e9s de Indeportes.<\/p>\n<p>El evento cont\u00f3 con la presencia del alcalde de Puerto Colombia, Wilman Vargas; el director de Indeportes, Armando Segovia; el secretario de Interior del Atl\u00e1ntico, Yesid Turbay; la ni\u00f1a deportista Anny Michelle Villa; la monitora de Indeportes, Zully Su\u00e1rez; y el medallista ol\u00edmpico Anthony Zambrano, al igual que el campe\u00f3n de patinaje Alex Cujavante.<\/p>\n<p>\u00abHoy estamos en Puerto Colombia culminando la entrega de elementos deportivos, que distribuimos en todos los municipios del Atl\u00e1ntico. Pelotas, patines, patinetas, raquetas, guantes, bates, colchonetas y otros elementos especiales, para incluir la poblaci\u00f3n con discapacidad al deporte. Es decir, estamos entregando todo lo que nuestra gente requiere, para disfrutar de nuestros programas de recreaci\u00f3n, actividad f\u00edsica y deporte. Tenemos 75 monitores e instructores, en los diferentes parques y escenarios deportivos del departamento. Con esto mejoramos la convivencia ciudadana, al impactar 15.000 atlanticenses semanalmente, quienes hoy est\u00e1n utilizando mejor su tiempo libre, promoviendo estilos de vida m\u00e1s saludable y practicando el deporte a trav\u00e9s de las multi-escuelas de iniciaci\u00f3n y el deporte social comunitario\u00bb, afirm\u00f3 la Gobernadora.<\/p>\n<p>En su intervenci\u00f3n, la mandataria agreg\u00f3 que, por sugerencia del medallista Ol\u00edmpico Anthony Zambrano, se pondr\u00e1 en marcha una iniciativa para mejorar el nivel de los entrenadores. \u00abSi queremos deportistas ol\u00edmpicos, tenemos que tener entrenadores ol\u00edmpicos y que vengan a seguir formando a nuestros formadores. Eso cuesta una platica, pero cuenten con nosotros. Gracias a nuestros deportistas por ser un ejemplo e inspiraci\u00f3n para nuestros ni\u00f1os\u00bb, indic\u00f3 Noguera.<\/p>\n<p>Por primera vez, la oferta del Instituto de Deportes del Atl\u00e1ntico tendr\u00e1 una cobertura total en los 22 municipios, por medio de su \u00e1rea de Fomento y Desarrollo.<\/p>\n<p>\u201cFue un prop\u00f3sito desde el primer d\u00eda de esta administraci\u00f3n cubrir con la oferta deportiva y recreativa todo el departamento. Lo estamos haciendo con unos resultados excelentes y llevando calidad de vida a todos los municipios, que la gente tenga la oportunidad de ejercitarse, de realizar actividad f\u00edsica, eso es muy importante en una sociedad. Todo esto se suma a los nuevos parques que se est\u00e1n entregando, y es una gran noticia que esperaba la comunidad\u00bb, manifest\u00f3 el director de Indeportes, Armando Segovia.<\/p>\n<p>Para el alcalde de Puerto Colombia, es muy satisfactorio el apoyo de la Gobernaci\u00f3n del Atl\u00e1ntico a los deportistas, ni\u00f1os y j\u00f3venes del municipio. \u00abVemos que se est\u00e1 transformando el departamento y el municipio con escenarios deportivos, espacios libres para nuestra gente, que son salud, vida e integraci\u00f3n comunitaria por medio del deporte y la recreaci\u00f3n. Agradecemos a la Gobernaci\u00f3n la entrega de estos elementos deportivos de calidad\u00bb, sostuvo Vargas.<\/p>\n<p>Zully Su\u00e1rez, monitora de Luruaco, se mostr\u00f3 emocionada al destacar que todos los monitores son \u00aborgullosamente profesionales egresados de la Universidad del Atl\u00e1ntico en licenciatura de Educaci\u00f3n F\u00edsica, lo que garantiza una formaci\u00f3n de calidad para los ni\u00f1os y j\u00f3venes del departamento\u00bb.<\/p>\n<p>Por su parte, Anny Michelle Villa, de 10 a\u00f1os de edad, aprovech\u00f3 el acto para agradecer a la Gobernadora por llevar a Puerto Colombia los programas de Indeportes, como las Escuelas de iniciaci\u00f3n de la cual hace parte. \u201cEstoy muy agradecida con la gobernadora, Elsa Noguera, por darnos esta alegr\u00eda, por pensar en nosotros y darnos estos implementos que tanto nos servir\u00e1n para desarrollar los deportes que m\u00e1s quiero\u00bb, expres\u00f3 emocionada.<\/p>\n<p>Al evento tambi\u00e9n asistieron una parte de los 52 profesionales en \u00e1reas de recreaci\u00f3n, actividad f\u00edsica, deporte social-comunitario y las 36 de Escuelas, para un total de 88 profesionales que entregan todo su conocimiento todas las semanas en tres grandes programas: &#8216;Atl\u00e1ntico m\u00e1s activo y saludable para la Gente&#8217;, <strong>&#8216;Atl\u00e1ntico se Recrea para la Gente&#8217; y &#8216;Deporte + para la Gente&#8217;.<\/strong><\/p>\n<p>Con esta oferta se benefician todas las semanas miles de atlanticenses, que disfrutan de rumbaterapia, aer\u00f3bicos, rutinas de trabajo musicalizadas, l\u00fadica, recreaci\u00f3n dirigida, entretenimiento, actividades para adulto mayor y aprovechamiento del tiempo libre.<\/p>\n<p>En materia de Escuelas Deportivas, con los 36 formadores dispuestos en los 22 municipios, Indeportes llega a una cobertura que beneficia a m\u00e1s de 2.000 ni\u00f1os y ni\u00f1as, quienes hacen un recorrido en deportes como baloncesto, b\u00e9isbol, boxeo, karate, patinaje y voleibol, as\u00ed mismo en disciplinas multilaterales como: gimnasia, atletismo, deportes de pelota, deportes de raqueta, superficies rodantes y deportes espec\u00edficos por cada municipalidad.<\/p>\n<p>Las Escuelas Deportivas trabajan con tres niveles: Iniciaci\u00f3n con grupo de 8 a 10 a\u00f1os, Fundamentaci\u00f3n con grupo de 10 a 12 a\u00f1os, Deporte espec\u00edfico con grupo de 12 a 14 a\u00f1os.<\/p>\n<p>De manera transversal, estos programas de Indeportes se fortalecen con la entrega de la implementaci\u00f3n deportiva en todos los municipios, la cual es clave para el desarrollo de todos los programas en nuestros parques, canchas y espacios deportivos.<\/p>\n<p>Indeportes Atl\u00e1ntico tambi\u00e9n cuenta con el apoyo del Ministerio del Deporte para el desarrollo de estos programas.<\/p>\n","protected":false},"excerpt":{"rendered":"<p>La gobernadora del Atl\u00e1ntico, Elsa Noguera, present\u00f3 este martes en Puerto Colombia la oferta de programas deportivos y de estilos de vida saludable que estar\u00e1n disponibles para los atlanticenses, a trav\u00e9s de Indeportes.<\/p>\n","protected":false},"author":1,"featured_media":7075,"comment_status":"open","ping_status":"open","sticky":false,"template":"","format":"standard","meta":{"footnotes":""},"categories":[151,24],"tags":[4098,4099,3641,4100,4101,4102,1218,4103,1221,77,15,323,4104,4105,4106,4107,442,1791,4108],"class_list":["post-7074","post","type-post","status-publish","format-standard","has-post-thumbnail","hentry","category-deportes","category-region","tag-atlantico-se-recrea-para-la-gente","tag-deporte-para-la-gente","tag-alcalde-de-puerto-colombia","tag-alex-cujavante","tag-anny-michelle-villa","tag-anthony-zambrano","tag-armando-segovia","tag-campeon-de-patinaje","tag-director-de-indeportes","tag-elsa-noguera","tag-gobernacion-del-atlantico","tag-indeportes-atlantico","tag-la-monitora-de-indeportes","tag-medallista-olimpico","tag-nina-deportista","tag-secretario-de-interior-del-atlantico","tag-wilman-vargas","tag-yesid-turbay","tag-zully-suarez"],"yoast_head":"<!-- This site is optimized with the Yoast SEO plugin v27.7 - https:\/\/yoast.com\/product\/yoast-seo-wordpress\/ -->\n<title>Estamos reactivando la actividad deportiva en el Atl\u00e1ntico\u201d:Elsa Noguera - Constrastes<\/title>\n<meta name=\"description\" content=\"La gobernadora del Atl\u00e1ntico, Elsa Noguera, present\u00f3 este martes en Puerto Colombia la oferta de programas deportivos y de estilos de vida saludable que estar\u00e1n disponibles para los atlanticenses, a trav\u00e9s de Indeportes.\" \/>\n<meta name=\"robots\" content=\"index, follow, max-snippet:-1, max-image-preview:large, max-video-preview:-1\" \/>\n<link rel=\"canonical\" href=\"https:\/\/contrastes.com.co\/web\/2021\/08\/24\/estamos-reactivando-la-actividad-deportiva-en-el-atlanticoelsa-noguera\/\" \/>\n<meta property=\"og:locale\" content=\"es_ES\" \/>\n<meta property=\"og:type\" content=\"article\" \/>\n<meta property=\"og:title\" content=\"Estamos reactivando la actividad deportiva en el Atl\u00e1ntico\u201d:Elsa Noguera - Constrastes\" \/>\n<meta property=\"og:description\" content=\"La gobernadora del Atl\u00e1ntico, Elsa Noguera, present\u00f3 este martes en Puerto Colombia la oferta de programas deportivos y de estilos de vida saludable que estar\u00e1n disponibles para los atlanticenses, a trav\u00e9s de Indeportes.\" \/>\n<meta property=\"og:url\" content=\"https:\/\/contrastes.com.co\/web\/2021\/08\/24\/estamos-reactivando-la-actividad-deportiva-en-el-atlanticoelsa-noguera\/\" \/>\n<meta property=\"og:site_name\" content=\"Constrastes\" \/>\n<meta property=\"article:publisher\" content=\"https:\/\/www.facebook.com\/guillo.pantoja.1\" \/>\n<meta property=\"article:published_time\" content=\"2021-08-24T18:44:27+00:00\" \/>\n<meta name=\"author\" content=\"Editor\" \/>\n<meta name=\"twitter:card\" content=\"summary_large_image\" \/>\n<meta name=\"twitter:label1\" content=\"Escrito por\" \/>\n\t<meta name=\"twitter:data1\" content=\"Editor\" \/>\n\t<meta name=\"twitter:label2\" content=\"Tiempo de lectura\" \/>\n\t<meta name=\"twitter:data2\" content=\"5 minutos\" \/>\n<script type=\"application\/ld+json\" class=\"yoast-schema-graph\">{\"@context\":\"https:\\\/\\\/schema.org\",\"@graph\":[{\"@type\":\"Article\",\"@id\":\"https:\\\/\\\/contrastes.com.co\\\/web\\\/2021\\\/08\\\/24\\\/estamos-reactivando-la-actividad-deportiva-en-el-atlanticoelsa-noguera\\\/#article\",\"isPartOf\":{\"@id\":\"https:\\\/\\\/contrastes.com.co\\\/web\\\/2021\\\/08\\\/24\\\/estamos-reactivando-la-actividad-deportiva-en-el-atlanticoelsa-noguera\\\/\"},\"author\":{\"name\":\"Editor\",\"@id\":\"https:\\\/\\\/contrastes.com.co\\\/web\\\/#\\\/schema\\\/person\\\/62ef7a62dc4da6de450c71fc2e95ed02\"},\"headline\":\"Estamos reactivando la actividad deportiva en el Atl\u00e1ntico\u201d:Elsa Noguera\",\"datePublished\":\"2021-08-24T18:44:27+00:00\",\"mainEntityOfPage\":{\"@id\":\"https:\\\/\\\/contrastes.com.co\\\/web\\\/2021\\\/08\\\/24\\\/estamos-reactivando-la-actividad-deportiva-en-el-atlanticoelsa-noguera\\\/\"},\"wordCount\":1026,\"commentCount\":0,\"publisher\":{\"@id\":\"https:\\\/\\\/contrastes.com.co\\\/web\\\/#organization\"},\"image\":{\"@id\":\"https:\\\/\\\/contrastes.com.co\\\/web\\\/2021\\\/08\\\/24\\\/estamos-reactivando-la-actividad-deportiva-en-el-atlanticoelsa-noguera\\\/#primaryimage\"},\"thumbnailUrl\":\"\",\"keywords\":[\"'Atl\u00e1ntico se Recrea para la Gente'\",\"'Deporte + para la Gente'.\",\"alcalde de Puerto Colombia\",\"Alex Cujavante.\",\"Anny Michelle Villa\",\"Anthony Zambrano\",\"Armando Segovia\",\"campe\u00f3n de patinaje\",\"director de Indeportes\",\"elsa noguera\",\"gobernaci\u00f3n del Atl\u00e1ntico\",\"Indeportes Atl\u00e1ntico\",\"la monitora de Indeportes\",\"medallista ol\u00edmpico\",\"ni\u00f1a deportista\",\"secretario de Interior del Atl\u00e1ntico\",\"Wilman Vargas\",\"Yesid Turbay\",\"Zully Su\u00e1rez\"],\"articleSection\":[\"Deportes\",\"Regi\u00f3n\"],\"inLanguage\":\"es\",\"potentialAction\":[{\"@type\":\"CommentAction\",\"name\":\"Comment\",\"target\":[\"https:\\\/\\\/contrastes.com.co\\\/web\\\/2021\\\/08\\\/24\\\/estamos-reactivando-la-actividad-deportiva-en-el-atlanticoelsa-noguera\\\/#respond\"]}]},{\"@type\":\"WebPage\",\"@id\":\"https:\\\/\\\/contrastes.com.co\\\/web\\\/2021\\\/08\\\/24\\\/estamos-reactivando-la-actividad-deportiva-en-el-atlanticoelsa-noguera\\\/\",\"url\":\"https:\\\/\\\/contrastes.com.co\\\/web\\\/2021\\\/08\\\/24\\\/estamos-reactivando-la-actividad-deportiva-en-el-atlanticoelsa-noguera\\\/\",\"name\":\"Estamos reactivando la actividad deportiva en el Atl\u00e1ntico\u201d:Elsa Noguera - Constrastes\",\"isPartOf\":{\"@id\":\"https:\\\/\\\/contrastes.com.co\\\/web\\\/#website\"},\"primaryImageOfPage\":{\"@id\":\"https:\\\/\\\/contrastes.com.co\\\/web\\\/2021\\\/08\\\/24\\\/estamos-reactivando-la-actividad-deportiva-en-el-atlanticoelsa-noguera\\\/#primaryimage\"},\"image\":{\"@id\":\"https:\\\/\\\/contrastes.com.co\\\/web\\\/2021\\\/08\\\/24\\\/estamos-reactivando-la-actividad-deportiva-en-el-atlanticoelsa-noguera\\\/#primaryimage\"},\"thumbnailUrl\":\"\",\"datePublished\":\"2021-08-24T18:44:27+00:00\",\"description\":\"La gobernadora del Atl\u00e1ntico, Elsa Noguera, present\u00f3 este martes en Puerto Colombia la oferta de programas deportivos y de estilos de vida saludable que estar\u00e1n disponibles para los atlanticenses, a trav\u00e9s de Indeportes.\",\"breadcrumb\":{\"@id\":\"https:\\\/\\\/contrastes.com.co\\\/web\\\/2021\\\/08\\\/24\\\/estamos-reactivando-la-actividad-deportiva-en-el-atlanticoelsa-noguera\\\/#breadcrumb\"},\"inLanguage\":\"es\",\"potentialAction\":[{\"@type\":\"ReadAction\",\"target\":[\"https:\\\/\\\/contrastes.com.co\\\/web\\\/2021\\\/08\\\/24\\\/estamos-reactivando-la-actividad-deportiva-en-el-atlanticoelsa-noguera\\\/\"]}]},{\"@type\":\"ImageObject\",\"inLanguage\":\"es\",\"@id\":\"https:\\\/\\\/contrastes.com.co\\\/web\\\/2021\\\/08\\\/24\\\/estamos-reactivando-la-actividad-deportiva-en-el-atlanticoelsa-noguera\\\/#primaryimage\",\"url\":\"\",\"contentUrl\":\"\"},{\"@type\":\"BreadcrumbList\",\"@id\":\"https:\\\/\\\/contrastes.com.co\\\/web\\\/2021\\\/08\\\/24\\\/estamos-reactivando-la-actividad-deportiva-en-el-atlanticoelsa-noguera\\\/#breadcrumb\",\"itemListElement\":[{\"@type\":\"ListItem\",\"position\":1,\"name\":\"Portada\",\"item\":\"https:\\\/\\\/contrastes.com.co\\\/web\\\/\"},{\"@type\":\"ListItem\",\"position\":2,\"name\":\"Estamos reactivando la actividad deportiva en el Atl\u00e1ntico\u201d:Elsa Noguera\"}]},{\"@type\":\"WebSite\",\"@id\":\"https:\\\/\\\/contrastes.com.co\\\/web\\\/#website\",\"url\":\"https:\\\/\\\/contrastes.com.co\\\/web\\\/\",\"name\":\"Contrastes\",\"description\":\"Periodismo de Conciencia\",\"publisher\":{\"@id\":\"https:\\\/\\\/contrastes.com.co\\\/web\\\/#organization\"},\"potentialAction\":[{\"@type\":\"SearchAction\",\"target\":{\"@type\":\"EntryPoint\",\"urlTemplate\":\"https:\\\/\\\/contrastes.com.co\\\/web\\\/?s={search_term_string}\"},\"query-input\":{\"@type\":\"PropertyValueSpecification\",\"valueRequired\":true,\"valueName\":\"search_term_string\"}}],\"inLanguage\":\"es\"},{\"@type\":\"Organization\",\"@id\":\"https:\\\/\\\/contrastes.com.co\\\/web\\\/#organization\",\"name\":\"Contrastes\",\"url\":\"https:\\\/\\\/contrastes.com.co\\\/web\\\/\",\"logo\":{\"@type\":\"ImageObject\",\"inLanguage\":\"es\",\"@id\":\"https:\\\/\\\/contrastes.com.co\\\/web\\\/#\\\/schema\\\/logo\\\/image\\\/\",\"url\":\"https:\\\/\\\/contrastes.com.co\\\/web\\\/wp-content\\\/uploads\\\/2025\\\/04\\\/15CONTRASTES3.png\",\"contentUrl\":\"https:\\\/\\\/contrastes.com.co\\\/web\\\/wp-content\\\/uploads\\\/2025\\\/04\\\/15CONTRASTES3.png\",\"width\":1536,\"height\":231,\"caption\":\"Contrastes\"},\"image\":{\"@id\":\"https:\\\/\\\/contrastes.com.co\\\/web\\\/#\\\/schema\\\/logo\\\/image\\\/\"},\"sameAs\":[\"https:\\\/\\\/www.facebook.com\\\/guillo.pantoja.1\"]},{\"@type\":\"Person\",\"@id\":\"https:\\\/\\\/contrastes.com.co\\\/web\\\/#\\\/schema\\\/person\\\/62ef7a62dc4da6de450c71fc2e95ed02\",\"name\":\"Editor\",\"image\":{\"@type\":\"ImageObject\",\"inLanguage\":\"es\",\"@id\":\"https:\\\/\\\/secure.gravatar.com\\\/avatar\\\/7bbb4f718d74bbf600dc556253bb04fd7ac8593751d6e2e3b85432d98aefae80?s=96&d=mm&r=g\",\"url\":\"https:\\\/\\\/secure.gravatar.com\\\/avatar\\\/7bbb4f718d74bbf600dc556253bb04fd7ac8593751d6e2e3b85432d98aefae80?s=96&d=mm&r=g\",\"contentUrl\":\"https:\\\/\\\/secure.gravatar.com\\\/avatar\\\/7bbb4f718d74bbf600dc556253bb04fd7ac8593751d6e2e3b85432d98aefae80?s=96&d=mm&r=g\",\"caption\":\"Editor\"},\"sameAs\":[\"https:\\\/\\\/contrastes.com.co\\\/web\"],\"url\":\"https:\\\/\\\/contrastes.com.co\\\/web\\\/author\\\/jdbobadilla\\\/\"}]}<\/script>\n<!-- \/ Yoast SEO plugin. -->","yoast_head_json":{"title":"Estamos reactivando la actividad deportiva en el Atl\u00e1ntico\u201d:Elsa Noguera - Constrastes","description":"La gobernadora del Atl\u00e1ntico, Elsa Noguera, present\u00f3 este martes en Puerto Colombia la oferta de programas deportivos y de estilos de vida saludable que estar\u00e1n disponibles para los atlanticenses, a trav\u00e9s de Indeportes.","robots":{"index":"index","follow":"follow","max-snippet":"max-snippet:-1","max-image-preview":"max-image-preview:large","max-video-preview":"max-video-preview:-1"},"canonical":"https:\/\/contrastes.com.co\/web\/2021\/08\/24\/estamos-reactivando-la-actividad-deportiva-en-el-atlanticoelsa-noguera\/","og_locale":"es_ES","og_type":"article","og_title":"Estamos reactivando la actividad deportiva en el Atl\u00e1ntico\u201d:Elsa Noguera - Constrastes","og_description":"La gobernadora del Atl\u00e1ntico, Elsa Noguera, present\u00f3 este martes en Puerto Colombia la oferta de programas deportivos y de estilos de vida saludable que estar\u00e1n disponibles para los atlanticenses, a trav\u00e9s de Indeportes.","og_url":"https:\/\/contrastes.com.co\/web\/2021\/08\/24\/estamos-reactivando-la-actividad-deportiva-en-el-atlanticoelsa-noguera\/","og_site_name":"Constrastes","article_publisher":"https:\/\/www.facebook.com\/guillo.pantoja.1","article_published_time":"2021-08-24T18:44:27+00:00","author":"Editor","twitter_card":"summary_large_image","twitter_misc":{"Escrito por":"Editor","Tiempo de lectura":"5 minutos"},"schema":{"@context":"https:\/\/schema.org","@graph":[{"@type":"Article","@id":"https:\/\/contrastes.com.co\/web\/2021\/08\/24\/estamos-reactivando-la-actividad-deportiva-en-el-atlanticoelsa-noguera\/#article","isPartOf":{"@id":"https:\/\/contrastes.com.co\/web\/2021\/08\/24\/estamos-reactivando-la-actividad-deportiva-en-el-atlanticoelsa-noguera\/"},"author":{"name":"Editor","@id":"https:\/\/contrastes.com.co\/web\/#\/schema\/person\/62ef7a62dc4da6de450c71fc2e95ed02"},"headline":"Estamos reactivando la actividad deportiva en el Atl\u00e1ntico\u201d:Elsa Noguera","datePublished":"2021-08-24T18:44:27+00:00","mainEntityOfPage":{"@id":"https:\/\/contrastes.com.co\/web\/2021\/08\/24\/estamos-reactivando-la-actividad-deportiva-en-el-atlanticoelsa-noguera\/"},"wordCount":1026,"commentCount":0,"publisher":{"@id":"https:\/\/contrastes.com.co\/web\/#organization"},"image":{"@id":"https:\/\/contrastes.com.co\/web\/2021\/08\/24\/estamos-reactivando-la-actividad-deportiva-en-el-atlanticoelsa-noguera\/#primaryimage"},"thumbnailUrl":"","keywords":["'Atl\u00e1ntico se Recrea para la Gente'","'Deporte + para la Gente'.","alcalde de Puerto Colombia","Alex Cujavante.","Anny Michelle Villa","Anthony Zambrano","Armando Segovia","campe\u00f3n de patinaje","director de Indeportes","elsa noguera","gobernaci\u00f3n del Atl\u00e1ntico","Indeportes Atl\u00e1ntico","la monitora de Indeportes","medallista ol\u00edmpico","ni\u00f1a deportista","secretario de Interior del Atl\u00e1ntico","Wilman Vargas","Yesid Turbay","Zully Su\u00e1rez"],"articleSection":["Deportes","Regi\u00f3n"],"inLanguage":"es","potentialAction":[{"@type":"CommentAction","name":"Comment","target":["https:\/\/contrastes.com.co\/web\/2021\/08\/24\/estamos-reactivando-la-actividad-deportiva-en-el-atlanticoelsa-noguera\/#respond"]}]},{"@type":"WebPage","@id":"https:\/\/contrastes.com.co\/web\/2021\/08\/24\/estamos-reactivando-la-actividad-deportiva-en-el-atlanticoelsa-noguera\/","url":"https:\/\/contrastes.com.co\/web\/2021\/08\/24\/estamos-reactivando-la-actividad-deportiva-en-el-atlanticoelsa-noguera\/","name":"Estamos reactivando la actividad deportiva en el Atl\u00e1ntico\u201d:Elsa Noguera - Constrastes","isPartOf":{"@id":"https:\/\/contrastes.com.co\/web\/#website"},"primaryImageOfPage":{"@id":"https:\/\/contrastes.com.co\/web\/2021\/08\/24\/estamos-reactivando-la-actividad-deportiva-en-el-atlanticoelsa-noguera\/#primaryimage"},"image":{"@id":"https:\/\/contrastes.com.co\/web\/2021\/08\/24\/estamos-reactivando-la-actividad-deportiva-en-el-atlanticoelsa-noguera\/#primaryimage"},"thumbnailUrl":"","datePublished":"2021-08-24T18:44:27+00:00","description":"La gobernadora del Atl\u00e1ntico, Elsa Noguera, present\u00f3 este martes en Puerto Colombia la oferta de programas deportivos y de estilos de vida saludable que estar\u00e1n disponibles para los atlanticenses, a trav\u00e9s de Indeportes.","breadcrumb":{"@id":"https:\/\/contrastes.com.co\/web\/2021\/08\/24\/estamos-reactivando-la-actividad-deportiva-en-el-atlanticoelsa-noguera\/#breadcrumb"},"inLanguage":"es","potentialAction":[{"@type":"ReadAction","target":["https:\/\/contrastes.com.co\/web\/2021\/08\/24\/estamos-reactivando-la-actividad-deportiva-en-el-atlanticoelsa-noguera\/"]}]},{"@type":"ImageObject","inLanguage":"es","@id":"https:\/\/contrastes.com.co\/web\/2021\/08\/24\/estamos-reactivando-la-actividad-deportiva-en-el-atlanticoelsa-noguera\/#primaryimage","url":"","contentUrl":""},{"@type":"BreadcrumbList","@id":"https:\/\/contrastes.com.co\/web\/2021\/08\/24\/estamos-reactivando-la-actividad-deportiva-en-el-atlanticoelsa-noguera\/#breadcrumb","itemListElement":[{"@type":"ListItem","position":1,"name":"Portada","item":"https:\/\/contrastes.com.co\/web\/"},{"@type":"ListItem","position":2,"name":"Estamos reactivando la actividad deportiva en el Atl\u00e1ntico\u201d:Elsa Noguera"}]},{"@type":"WebSite","@id":"https:\/\/contrastes.com.co\/web\/#website","url":"https:\/\/contrastes.com.co\/web\/","name":"Contrastes","description":"Periodismo de Conciencia","publisher":{"@id":"https:\/\/contrastes.com.co\/web\/#organization"},"potentialAction":[{"@type":"SearchAction","target":{"@type":"EntryPoint","urlTemplate":"https:\/\/contrastes.com.co\/web\/?s={search_term_string}"},"query-input":{"@type":"PropertyValueSpecification","valueRequired":true,"valueName":"search_term_string"}}],"inLanguage":"es"},{"@type":"Organization","@id":"https:\/\/contrastes.com.co\/web\/#organization","name":"Contrastes","url":"https:\/\/contrastes.com.co\/web\/","logo":{"@type":"ImageObject","inLanguage":"es","@id":"https:\/\/contrastes.com.co\/web\/#\/schema\/logo\/image\/","url":"https:\/\/contrastes.com.co\/web\/wp-content\/uploads\/2025\/04\/15CONTRASTES3.png","contentUrl":"https:\/\/contrastes.com.co\/web\/wp-content\/uploads\/2025\/04\/15CONTRASTES3.png","width":1536,"height":231,"caption":"Contrastes"},"image":{"@id":"https:\/\/contrastes.com.co\/web\/#\/schema\/logo\/image\/"},"sameAs":["https:\/\/www.facebook.com\/guillo.pantoja.1"]},{"@type":"Person","@id":"https:\/\/contrastes.com.co\/web\/#\/schema\/person\/62ef7a62dc4da6de450c71fc2e95ed02","name":"Editor","image":{"@type":"ImageObject","inLanguage":"es","@id":"https:\/\/secure.gravatar.com\/avatar\/7bbb4f718d74bbf600dc556253bb04fd7ac8593751d6e2e3b85432d98aefae80?s=96&d=mm&r=g","url":"https:\/\/secure.gravatar.com\/avatar\/7bbb4f718d74bbf600dc556253bb04fd7ac8593751d6e2e3b85432d98aefae80?s=96&d=mm&r=g","contentUrl":"https:\/\/secure.gravatar.com\/avatar\/7bbb4f718d74bbf600dc556253bb04fd7ac8593751d6e2e3b85432d98aefae80?s=96&d=mm&r=g","caption":"Editor"},"sameAs":["https:\/\/contrastes.com.co\/web"],"url":"https:\/\/contrastes.com.co\/web\/author\/jdbobadilla\/"}]}},"blog_post_layout_featured_media_urls":{"thumbnail":"","full":""},"categories_names":{"151":{"name":"Deportes","link":"https:\/\/contrastes.com.co\/web\/category\/deportes\/"},"24":{"name":"Regi\u00f3n","link":"https:\/\/contrastes.com.co\/web\/category\/region\/"}},"tags_names":{"4098":{"name":"'Atl\u00e1ntico se Recrea para la Gente'","link":"https:\/\/contrastes.com.co\/web\/tag\/atlantico-se-recrea-para-la-gente\/"},"4099":{"name":"'Deporte + para la Gente'.","link":"https:\/\/contrastes.com.co\/web\/tag\/deporte-para-la-gente\/"},"3641":{"name":"alcalde de Puerto Colombia","link":"https:\/\/contrastes.com.co\/web\/tag\/alcalde-de-puerto-colombia\/"},"4100":{"name":"Alex Cujavante.","link":"https:\/\/contrastes.com.co\/web\/tag\/alex-cujavante\/"},"4101":{"name":"Anny Michelle Villa","link":"https:\/\/contrastes.com.co\/web\/tag\/anny-michelle-villa\/"},"4102":{"name":"Anthony Zambrano","link":"https:\/\/contrastes.com.co\/web\/tag\/anthony-zambrano\/"},"1218":{"name":"Armando Segovia","link":"https:\/\/contrastes.com.co\/web\/tag\/armando-segovia\/"},"4103":{"name":"campe\u00f3n de patinaje","link":"https:\/\/contrastes.com.co\/web\/tag\/campeon-de-patinaje\/"},"1221":{"name":"director de Indeportes","link":"https:\/\/contrastes.com.co\/web\/tag\/director-de-indeportes\/"},"77":{"name":"elsa noguera","link":"https:\/\/contrastes.com.co\/web\/tag\/elsa-noguera\/"},"15":{"name":"gobernaci\u00f3n del Atl\u00e1ntico","link":"https:\/\/contrastes.com.co\/web\/tag\/gobernacion-del-atlantico\/"},"323":{"name":"Indeportes Atl\u00e1ntico","link":"https:\/\/contrastes.com.co\/web\/tag\/indeportes-atlantico\/"},"4104":{"name":"la monitora de Indeportes","link":"https:\/\/contrastes.com.co\/web\/tag\/la-monitora-de-indeportes\/"},"4105":{"name":"medallista ol\u00edmpico","link":"https:\/\/contrastes.com.co\/web\/tag\/medallista-olimpico\/"},"4106":{"name":"ni\u00f1a deportista","link":"https:\/\/contrastes.com.co\/web\/tag\/nina-deportista\/"},"4107":{"name":"secretario de Interior del Atl\u00e1ntico","link":"https:\/\/contrastes.com.co\/web\/tag\/secretario-de-interior-del-atlantico\/"},"442":{"name":"Wilman Vargas","link":"https:\/\/contrastes.com.co\/web\/tag\/wilman-vargas\/"},"1791":{"name":"Yesid Turbay","link":"https:\/\/contrastes.com.co\/web\/tag\/yesid-turbay\/"},"4108":{"name":"Zully Su\u00e1rez","link":"https:\/\/contrastes.com.co\/web\/tag\/zully-suarez\/"}},"comments_number":"0","wpmagazine_modules_lite_featured_media_urls":{"thumbnail":"","cvmm-medium":"","cvmm-medium-plus":"","cvmm-portrait":"","cvmm-medium-square":"","cvmm-large":"","cvmm-small":"","full":""},"_links":{"self":[{"href":"https:\/\/contrastes.com.co\/web\/wp-json\/wp\/v2\/posts\/7074","targetHints":{"allow":["GET"]}}],"collection":[{"href":"https:\/\/contrastes.com.co\/web\/wp-json\/wp\/v2\/posts"}],"about":[{"href":"https:\/\/contrastes.com.co\/web\/wp-json\/wp\/v2\/types\/post"}],"author":[{"embeddable":true,"href":"https:\/\/contrastes.com.co\/web\/wp-json\/wp\/v2\/users\/1"}],"replies":[{"embeddable":true,"href":"https:\/\/contrastes.com.co\/web\/wp-json\/wp\/v2\/comments?post=7074"}],"version-history":[{"count":0,"href":"https:\/\/contrastes.com.co\/web\/wp-json\/wp\/v2\/posts\/7074\/revisions"}],"wp:attachment":[{"href":"https:\/\/contrastes.com.co\/web\/wp-json\/wp\/v2\/media?parent=7074"}],"wp:term":[{"taxonomy":"category","embeddable":true,"href":"https:\/\/contrastes.com.co\/web\/wp-json\/wp\/v2\/categories?post=7074"},{"taxonomy":"post_tag","embeddable":true,"href":"https:\/\/contrastes.com.co\/web\/wp-json\/wp\/v2\/tags?post=7074"}],"curies":[{"name":"wp","href":"https:\/\/api.w.org\/{rel}","templated":true}]}}