{"id":7413,"date":"2021-09-14T10:48:33","date_gmt":"2021-09-14T15:48:33","guid":{"rendered":"https:\/\/contrastes.com.co\/digital\/?p=7413"},"modified":"2021-09-14T10:48:33","modified_gmt":"2021-09-14T15:48:33","slug":"curadores-urbanos-tomaron-posesion-de-su-cargo-en-soledad","status":"publish","type":"post","link":"https:\/\/contrastes.com.co\/web\/2021\/09\/14\/curadores-urbanos-tomaron-posesion-de-su-cargo-en-soledad\/","title":{"rendered":"Curadores urbanos tomaron posesi\u00f3n de su cargo en Soledad"},"content":{"rendered":"<p><strong>Curadores urbanos tomaron posesi\u00f3n de su cargo en Soledad<\/strong><\/p>\n<blockquote><p><strong>El curador urbano es un particular encargado de estudiar, tramitar y expedir licencias de parcelaci\u00f3n, urbanismo, construcci\u00f3n o demolici\u00f3n, lote y subdivisi\u00f3n de predios. Son aut\u00f3nomos, ejercen la funci\u00f3n p\u00fablica para la verificaci\u00f3n del cumplimiento de las normas urban\u00edsticas y de edificaci\u00f3n vigentes en el municipio.<\/strong><\/p><\/blockquote>\n<p><strong>Soledad.-<\/strong>\u00a0La Alcald\u00eda de Soledad, mediante los decretos 067 y 068 de julio 7 de 2021, posesion\u00f3 a <strong>Alminson Torres Alvarino <\/strong>y<strong> Lorena Cuao Santamar\u00eda<\/strong> como curadores urbanos del municipio por un periodo de cinco a\u00f1os.<\/p>\n<p>Los profesionales asumieron el cargo tras superar las pruebas de conocimiento escritas, evidenciar experiencia acad\u00e9mica y laboral y obtener mayor puntaje en el concurso de m\u00e9ritos que gestion\u00f3 el <strong>Departamento Administrativo de la Funci\u00f3n P\u00fablica<\/strong> y realiz\u00f3 la <strong>Comisi\u00f3n Nacional del Servicio Civil<\/strong> con el apoyo de la <strong>Superintendencia de Notariado y Registro<\/strong>.<\/p>\n<p>La ley 1796 de 2016 en el art\u00edculo 22, se\u00f1ala que el alcalde municipal designar\u00e1 a los curadores urbanos, previo concurso de m\u00e9ritos, a quienes figuren en los primeros lugares de la lista de elegibles, en estricto orden de calificaci\u00f3n. \u00abEn este sentido, el gobierno del alcalde Rodolfo Ucr\u00f3s est\u00e1 cumpliendo la normatividad y posesionando para las dos curadur\u00edas urbanas con que cuenta Soledad, a los profesionales que aparecen con mayores puntajes en la lista de elegibles, producto del concurso de m\u00e9ritos\u201d, enfatiz\u00f3 <strong>Yesenia Ocampo Barrios, secretaria de Talento Humano<\/strong>.<\/p>\n<p><strong>La Curadur\u00eda Urbana N\u00famero Uno estar\u00e1 a cargo de Alminson Torres Alvarino<\/strong>, arquitecto con especializaci\u00f3n en Gesti\u00f3n, Planeaci\u00f3n y Ordenamiento del Territorio. Abogado con posgrado en Derecho Urbano. Magister en Derecho Administrativo con \u00e9nfasis en Ordenamiento Territorial. Obtuvo el mayor puntaje en el Atl\u00e1ntico y el tercero en Colombia en el concurso de m\u00e9ritos. Anteriormente ocup\u00f3 por 20 a\u00f1os el cargo de curador urbano.<\/p>\n<p>De otra parte, <strong>la Curadur\u00eda Urbana N\u00famero Dos ser\u00e1 administrada por Lorena Cuao Santamar\u00eda<\/strong>, arquitecta con especializaci\u00f3n en Urbanismo y Planificaci\u00f3n Estrat\u00e9gica Urbana. Magister en Planificaci\u00f3n Territorial y Gesti\u00f3n Ambiental. Cuao Santamar\u00eda cuenta con 18 a\u00f1os de experiencia como funcionaria p\u00fablica. Obtuvo el segundo mayor puntaje en el concurso de m\u00e9ritos.<\/p>\n<p>El curador urbano es un particular encargado de estudiar, tramitar y expedir licencias de parcelaci\u00f3n, urbanismo, construcci\u00f3n o demolici\u00f3n, lote y subdivisi\u00f3n de predios. Son aut\u00f3nomos, ejercen la funci\u00f3n p\u00fablica para la verificaci\u00f3n del cumplimiento de las normas urban\u00edsticas y de edificaci\u00f3n vigentes en el municipio.<\/p>\n","protected":false},"excerpt":{"rendered":"<p>La Alcald\u00eda de Soledad, mediante los decretos 067 y 068 de julio 7 de 2021, posesion\u00f3 a Alminson Torres Alvarino y Lorena Cuao Santamar\u00eda como curadores urbanos del municipio por un periodo de cinco a\u00f1os.<\/p>\n","protected":false},"author":1,"featured_media":7414,"comment_status":"open","ping_status":"open","sticky":false,"template":"","format":"standard","meta":{"footnotes":""},"categories":[23],"tags":[4304,4305,51,368,4306],"class_list":["post-7413","post","type-post","status-publish","format-standard","has-post-thumbnail","hentry","category-locales","tag-curador-urbano-numero-uno-alminson-torres-alvarino","tag-curadura-urbana-numero-dos-lorena-cuao-santamaria","tag-municipio-de-soledad","tag-secretaria-de-talento-humano","tag-yesenia-ocampo-barrios"],"yoast_head":"<!-- This site is optimized with the Yoast SEO plugin v27.7 - https:\/\/yoast.com\/product\/yoast-seo-wordpress\/ -->\n<title>Curadores urbanos tomaron posesi\u00f3n de su cargo en Soledad - Constrastes<\/title>\n<meta name=\"description\" content=\"La Alcald\u00eda de Soledad, mediante los decretos 067 y 068 de julio 7 de 2021, posesion\u00f3 a Alminson Torres Alvarino y Lorena Cuao Santamar\u00eda como curadores urbanos del municipio por un periodo de cinco a\u00f1os.\" \/>\n<meta name=\"robots\" content=\"index, follow, max-snippet:-1, max-image-preview:large, max-video-preview:-1\" \/>\n<link rel=\"canonical\" href=\"https:\/\/contrastes.com.co\/web\/2021\/09\/14\/curadores-urbanos-tomaron-posesion-de-su-cargo-en-soledad\/\" \/>\n<meta property=\"og:locale\" content=\"es_ES\" \/>\n<meta property=\"og:type\" content=\"article\" \/>\n<meta property=\"og:title\" content=\"Curadores urbanos tomaron posesi\u00f3n de su cargo en Soledad - Constrastes\" \/>\n<meta property=\"og:description\" content=\"La Alcald\u00eda de Soledad, mediante los decretos 067 y 068 de julio 7 de 2021, posesion\u00f3 a Alminson Torres Alvarino y Lorena Cuao Santamar\u00eda como curadores urbanos del municipio por un periodo de cinco a\u00f1os.\" \/>\n<meta property=\"og:url\" content=\"https:\/\/contrastes.com.co\/web\/2021\/09\/14\/curadores-urbanos-tomaron-posesion-de-su-cargo-en-soledad\/\" \/>\n<meta property=\"og:site_name\" content=\"Constrastes\" \/>\n<meta property=\"article:publisher\" content=\"https:\/\/www.facebook.com\/guillo.pantoja.1\" \/>\n<meta property=\"article:published_time\" content=\"2021-09-14T15:48:33+00:00\" \/>\n<meta name=\"author\" content=\"Editor\" \/>\n<meta name=\"twitter:card\" content=\"summary_large_image\" \/>\n<meta name=\"twitter:label1\" content=\"Escrito por\" \/>\n\t<meta name=\"twitter:data1\" content=\"Editor\" \/>\n\t<meta name=\"twitter:label2\" content=\"Tiempo de lectura\" \/>\n\t<meta name=\"twitter:data2\" content=\"2 minutos\" \/>\n<script type=\"application\/ld+json\" class=\"yoast-schema-graph\">{\"@context\":\"https:\\\/\\\/schema.org\",\"@graph\":[{\"@type\":\"Article\",\"@id\":\"https:\\\/\\\/contrastes.com.co\\\/web\\\/2021\\\/09\\\/14\\\/curadores-urbanos-tomaron-posesion-de-su-cargo-en-soledad\\\/#article\",\"isPartOf\":{\"@id\":\"https:\\\/\\\/contrastes.com.co\\\/web\\\/2021\\\/09\\\/14\\\/curadores-urbanos-tomaron-posesion-de-su-cargo-en-soledad\\\/\"},\"author\":{\"name\":\"Editor\",\"@id\":\"https:\\\/\\\/contrastes.com.co\\\/web\\\/#\\\/schema\\\/person\\\/62ef7a62dc4da6de450c71fc2e95ed02\"},\"headline\":\"Curadores urbanos tomaron posesi\u00f3n de su cargo en Soledad\",\"datePublished\":\"2021-09-14T15:48:33+00:00\",\"mainEntityOfPage\":{\"@id\":\"https:\\\/\\\/contrastes.com.co\\\/web\\\/2021\\\/09\\\/14\\\/curadores-urbanos-tomaron-posesion-de-su-cargo-en-soledad\\\/\"},\"wordCount\":453,\"commentCount\":0,\"publisher\":{\"@id\":\"https:\\\/\\\/contrastes.com.co\\\/web\\\/#organization\"},\"image\":{\"@id\":\"https:\\\/\\\/contrastes.com.co\\\/web\\\/2021\\\/09\\\/14\\\/curadores-urbanos-tomaron-posesion-de-su-cargo-en-soledad\\\/#primaryimage\"},\"thumbnailUrl\":\"\",\"keywords\":[\"Curador Urbano N\u00famero Uno Alminson Torres Alvarino\",\"Curadura Urbana N\u00famero Dos Lorena Cuao Santamar\u00eda\",\"municipio de soledad\",\"secretaria de Talento Humano\",\"Yesenia Ocampo Barrios\"],\"articleSection\":[\"Locales\"],\"inLanguage\":\"es\",\"potentialAction\":[{\"@type\":\"CommentAction\",\"name\":\"Comment\",\"target\":[\"https:\\\/\\\/contrastes.com.co\\\/web\\\/2021\\\/09\\\/14\\\/curadores-urbanos-tomaron-posesion-de-su-cargo-en-soledad\\\/#respond\"]}]},{\"@type\":\"WebPage\",\"@id\":\"https:\\\/\\\/contrastes.com.co\\\/web\\\/2021\\\/09\\\/14\\\/curadores-urbanos-tomaron-posesion-de-su-cargo-en-soledad\\\/\",\"url\":\"https:\\\/\\\/contrastes.com.co\\\/web\\\/2021\\\/09\\\/14\\\/curadores-urbanos-tomaron-posesion-de-su-cargo-en-soledad\\\/\",\"name\":\"Curadores urbanos tomaron posesi\u00f3n de su cargo en Soledad - Constrastes\",\"isPartOf\":{\"@id\":\"https:\\\/\\\/contrastes.com.co\\\/web\\\/#website\"},\"primaryImageOfPage\":{\"@id\":\"https:\\\/\\\/contrastes.com.co\\\/web\\\/2021\\\/09\\\/14\\\/curadores-urbanos-tomaron-posesion-de-su-cargo-en-soledad\\\/#primaryimage\"},\"image\":{\"@id\":\"https:\\\/\\\/contrastes.com.co\\\/web\\\/2021\\\/09\\\/14\\\/curadores-urbanos-tomaron-posesion-de-su-cargo-en-soledad\\\/#primaryimage\"},\"thumbnailUrl\":\"\",\"datePublished\":\"2021-09-14T15:48:33+00:00\",\"description\":\"La Alcald\u00eda de Soledad, mediante los decretos 067 y 068 de julio 7 de 2021, posesion\u00f3 a Alminson Torres Alvarino y Lorena Cuao Santamar\u00eda como curadores urbanos del municipio por un periodo de cinco a\u00f1os.\",\"breadcrumb\":{\"@id\":\"https:\\\/\\\/contrastes.com.co\\\/web\\\/2021\\\/09\\\/14\\\/curadores-urbanos-tomaron-posesion-de-su-cargo-en-soledad\\\/#breadcrumb\"},\"inLanguage\":\"es\",\"potentialAction\":[{\"@type\":\"ReadAction\",\"target\":[\"https:\\\/\\\/contrastes.com.co\\\/web\\\/2021\\\/09\\\/14\\\/curadores-urbanos-tomaron-posesion-de-su-cargo-en-soledad\\\/\"]}]},{\"@type\":\"ImageObject\",\"inLanguage\":\"es\",\"@id\":\"https:\\\/\\\/contrastes.com.co\\\/web\\\/2021\\\/09\\\/14\\\/curadores-urbanos-tomaron-posesion-de-su-cargo-en-soledad\\\/#primaryimage\",\"url\":\"\",\"contentUrl\":\"\"},{\"@type\":\"BreadcrumbList\",\"@id\":\"https:\\\/\\\/contrastes.com.co\\\/web\\\/2021\\\/09\\\/14\\\/curadores-urbanos-tomaron-posesion-de-su-cargo-en-soledad\\\/#breadcrumb\",\"itemListElement\":[{\"@type\":\"ListItem\",\"position\":1,\"name\":\"Portada\",\"item\":\"https:\\\/\\\/contrastes.com.co\\\/web\\\/\"},{\"@type\":\"ListItem\",\"position\":2,\"name\":\"Curadores urbanos tomaron posesi\u00f3n de su cargo en Soledad\"}]},{\"@type\":\"WebSite\",\"@id\":\"https:\\\/\\\/contrastes.com.co\\\/web\\\/#website\",\"url\":\"https:\\\/\\\/contrastes.com.co\\\/web\\\/\",\"name\":\"Contrastes\",\"description\":\"Periodismo de Conciencia\",\"publisher\":{\"@id\":\"https:\\\/\\\/contrastes.com.co\\\/web\\\/#organization\"},\"potentialAction\":[{\"@type\":\"SearchAction\",\"target\":{\"@type\":\"EntryPoint\",\"urlTemplate\":\"https:\\\/\\\/contrastes.com.co\\\/web\\\/?s={search_term_string}\"},\"query-input\":{\"@type\":\"PropertyValueSpecification\",\"valueRequired\":true,\"valueName\":\"search_term_string\"}}],\"inLanguage\":\"es\"},{\"@type\":\"Organization\",\"@id\":\"https:\\\/\\\/contrastes.com.co\\\/web\\\/#organization\",\"name\":\"Contrastes\",\"url\":\"https:\\\/\\\/contrastes.com.co\\\/web\\\/\",\"logo\":{\"@type\":\"ImageObject\",\"inLanguage\":\"es\",\"@id\":\"https:\\\/\\\/contrastes.com.co\\\/web\\\/#\\\/schema\\\/logo\\\/image\\\/\",\"url\":\"https:\\\/\\\/contrastes.com.co\\\/web\\\/wp-content\\\/uploads\\\/2025\\\/04\\\/15CONTRASTES3.png\",\"contentUrl\":\"https:\\\/\\\/contrastes.com.co\\\/web\\\/wp-content\\\/uploads\\\/2025\\\/04\\\/15CONTRASTES3.png\",\"width\":1536,\"height\":231,\"caption\":\"Contrastes\"},\"image\":{\"@id\":\"https:\\\/\\\/contrastes.com.co\\\/web\\\/#\\\/schema\\\/logo\\\/image\\\/\"},\"sameAs\":[\"https:\\\/\\\/www.facebook.com\\\/guillo.pantoja.1\"]},{\"@type\":\"Person\",\"@id\":\"https:\\\/\\\/contrastes.com.co\\\/web\\\/#\\\/schema\\\/person\\\/62ef7a62dc4da6de450c71fc2e95ed02\",\"name\":\"Editor\",\"image\":{\"@type\":\"ImageObject\",\"inLanguage\":\"es\",\"@id\":\"https:\\\/\\\/secure.gravatar.com\\\/avatar\\\/7bbb4f718d74bbf600dc556253bb04fd7ac8593751d6e2e3b85432d98aefae80?s=96&d=mm&r=g\",\"url\":\"https:\\\/\\\/secure.gravatar.com\\\/avatar\\\/7bbb4f718d74bbf600dc556253bb04fd7ac8593751d6e2e3b85432d98aefae80?s=96&d=mm&r=g\",\"contentUrl\":\"https:\\\/\\\/secure.gravatar.com\\\/avatar\\\/7bbb4f718d74bbf600dc556253bb04fd7ac8593751d6e2e3b85432d98aefae80?s=96&d=mm&r=g\",\"caption\":\"Editor\"},\"sameAs\":[\"https:\\\/\\\/contrastes.com.co\\\/web\"],\"url\":\"https:\\\/\\\/contrastes.com.co\\\/web\\\/author\\\/jdbobadilla\\\/\"}]}<\/script>\n<!-- \/ Yoast SEO plugin. -->","yoast_head_json":{"title":"Curadores urbanos tomaron posesi\u00f3n de su cargo en Soledad - Constrastes","description":"La Alcald\u00eda de Soledad, mediante los decretos 067 y 068 de julio 7 de 2021, posesion\u00f3 a Alminson Torres Alvarino y Lorena Cuao Santamar\u00eda como curadores urbanos del municipio por un periodo de cinco a\u00f1os.","robots":{"index":"index","follow":"follow","max-snippet":"max-snippet:-1","max-image-preview":"max-image-preview:large","max-video-preview":"max-video-preview:-1"},"canonical":"https:\/\/contrastes.com.co\/web\/2021\/09\/14\/curadores-urbanos-tomaron-posesion-de-su-cargo-en-soledad\/","og_locale":"es_ES","og_type":"article","og_title":"Curadores urbanos tomaron posesi\u00f3n de su cargo en Soledad - Constrastes","og_description":"La Alcald\u00eda de Soledad, mediante los decretos 067 y 068 de julio 7 de 2021, posesion\u00f3 a Alminson Torres Alvarino y Lorena Cuao Santamar\u00eda como curadores urbanos del municipio por un periodo de cinco a\u00f1os.","og_url":"https:\/\/contrastes.com.co\/web\/2021\/09\/14\/curadores-urbanos-tomaron-posesion-de-su-cargo-en-soledad\/","og_site_name":"Constrastes","article_publisher":"https:\/\/www.facebook.com\/guillo.pantoja.1","article_published_time":"2021-09-14T15:48:33+00:00","author":"Editor","twitter_card":"summary_large_image","twitter_misc":{"Escrito por":"Editor","Tiempo de lectura":"2 minutos"},"schema":{"@context":"https:\/\/schema.org","@graph":[{"@type":"Article","@id":"https:\/\/contrastes.com.co\/web\/2021\/09\/14\/curadores-urbanos-tomaron-posesion-de-su-cargo-en-soledad\/#article","isPartOf":{"@id":"https:\/\/contrastes.com.co\/web\/2021\/09\/14\/curadores-urbanos-tomaron-posesion-de-su-cargo-en-soledad\/"},"author":{"name":"Editor","@id":"https:\/\/contrastes.com.co\/web\/#\/schema\/person\/62ef7a62dc4da6de450c71fc2e95ed02"},"headline":"Curadores urbanos tomaron posesi\u00f3n de su cargo en Soledad","datePublished":"2021-09-14T15:48:33+00:00","mainEntityOfPage":{"@id":"https:\/\/contrastes.com.co\/web\/2021\/09\/14\/curadores-urbanos-tomaron-posesion-de-su-cargo-en-soledad\/"},"wordCount":453,"commentCount":0,"publisher":{"@id":"https:\/\/contrastes.com.co\/web\/#organization"},"image":{"@id":"https:\/\/contrastes.com.co\/web\/2021\/09\/14\/curadores-urbanos-tomaron-posesion-de-su-cargo-en-soledad\/#primaryimage"},"thumbnailUrl":"","keywords":["Curador Urbano N\u00famero Uno Alminson Torres Alvarino","Curadura Urbana N\u00famero Dos Lorena Cuao Santamar\u00eda","municipio de soledad","secretaria de Talento Humano","Yesenia Ocampo Barrios"],"articleSection":["Locales"],"inLanguage":"es","potentialAction":[{"@type":"CommentAction","name":"Comment","target":["https:\/\/contrastes.com.co\/web\/2021\/09\/14\/curadores-urbanos-tomaron-posesion-de-su-cargo-en-soledad\/#respond"]}]},{"@type":"WebPage","@id":"https:\/\/contrastes.com.co\/web\/2021\/09\/14\/curadores-urbanos-tomaron-posesion-de-su-cargo-en-soledad\/","url":"https:\/\/contrastes.com.co\/web\/2021\/09\/14\/curadores-urbanos-tomaron-posesion-de-su-cargo-en-soledad\/","name":"Curadores urbanos tomaron posesi\u00f3n de su cargo en Soledad - Constrastes","isPartOf":{"@id":"https:\/\/contrastes.com.co\/web\/#website"},"primaryImageOfPage":{"@id":"https:\/\/contrastes.com.co\/web\/2021\/09\/14\/curadores-urbanos-tomaron-posesion-de-su-cargo-en-soledad\/#primaryimage"},"image":{"@id":"https:\/\/contrastes.com.co\/web\/2021\/09\/14\/curadores-urbanos-tomaron-posesion-de-su-cargo-en-soledad\/#primaryimage"},"thumbnailUrl":"","datePublished":"2021-09-14T15:48:33+00:00","description":"La Alcald\u00eda de Soledad, mediante los decretos 067 y 068 de julio 7 de 2021, posesion\u00f3 a Alminson Torres Alvarino y Lorena Cuao Santamar\u00eda como curadores urbanos del municipio por un periodo de cinco a\u00f1os.","breadcrumb":{"@id":"https:\/\/contrastes.com.co\/web\/2021\/09\/14\/curadores-urbanos-tomaron-posesion-de-su-cargo-en-soledad\/#breadcrumb"},"inLanguage":"es","potentialAction":[{"@type":"ReadAction","target":["https:\/\/contrastes.com.co\/web\/2021\/09\/14\/curadores-urbanos-tomaron-posesion-de-su-cargo-en-soledad\/"]}]},{"@type":"ImageObject","inLanguage":"es","@id":"https:\/\/contrastes.com.co\/web\/2021\/09\/14\/curadores-urbanos-tomaron-posesion-de-su-cargo-en-soledad\/#primaryimage","url":"","contentUrl":""},{"@type":"BreadcrumbList","@id":"https:\/\/contrastes.com.co\/web\/2021\/09\/14\/curadores-urbanos-tomaron-posesion-de-su-cargo-en-soledad\/#breadcrumb","itemListElement":[{"@type":"ListItem","position":1,"name":"Portada","item":"https:\/\/contrastes.com.co\/web\/"},{"@type":"ListItem","position":2,"name":"Curadores urbanos tomaron posesi\u00f3n de su cargo en Soledad"}]},{"@type":"WebSite","@id":"https:\/\/contrastes.com.co\/web\/#website","url":"https:\/\/contrastes.com.co\/web\/","name":"Contrastes","description":"Periodismo de Conciencia","publisher":{"@id":"https:\/\/contrastes.com.co\/web\/#organization"},"potentialAction":[{"@type":"SearchAction","target":{"@type":"EntryPoint","urlTemplate":"https:\/\/contrastes.com.co\/web\/?s={search_term_string}"},"query-input":{"@type":"PropertyValueSpecification","valueRequired":true,"valueName":"search_term_string"}}],"inLanguage":"es"},{"@type":"Organization","@id":"https:\/\/contrastes.com.co\/web\/#organization","name":"Contrastes","url":"https:\/\/contrastes.com.co\/web\/","logo":{"@type":"ImageObject","inLanguage":"es","@id":"https:\/\/contrastes.com.co\/web\/#\/schema\/logo\/image\/","url":"https:\/\/contrastes.com.co\/web\/wp-content\/uploads\/2025\/04\/15CONTRASTES3.png","contentUrl":"https:\/\/contrastes.com.co\/web\/wp-content\/uploads\/2025\/04\/15CONTRASTES3.png","width":1536,"height":231,"caption":"Contrastes"},"image":{"@id":"https:\/\/contrastes.com.co\/web\/#\/schema\/logo\/image\/"},"sameAs":["https:\/\/www.facebook.com\/guillo.pantoja.1"]},{"@type":"Person","@id":"https:\/\/contrastes.com.co\/web\/#\/schema\/person\/62ef7a62dc4da6de450c71fc2e95ed02","name":"Editor","image":{"@type":"ImageObject","inLanguage":"es","@id":"https:\/\/secure.gravatar.com\/avatar\/7bbb4f718d74bbf600dc556253bb04fd7ac8593751d6e2e3b85432d98aefae80?s=96&d=mm&r=g","url":"https:\/\/secure.gravatar.com\/avatar\/7bbb4f718d74bbf600dc556253bb04fd7ac8593751d6e2e3b85432d98aefae80?s=96&d=mm&r=g","contentUrl":"https:\/\/secure.gravatar.com\/avatar\/7bbb4f718d74bbf600dc556253bb04fd7ac8593751d6e2e3b85432d98aefae80?s=96&d=mm&r=g","caption":"Editor"},"sameAs":["https:\/\/contrastes.com.co\/web"],"url":"https:\/\/contrastes.com.co\/web\/author\/jdbobadilla\/"}]}},"blog_post_layout_featured_media_urls":{"thumbnail":"","full":""},"categories_names":{"23":{"name":"Locales","link":"https:\/\/contrastes.com.co\/web\/category\/locales\/"}},"tags_names":{"4304":{"name":"Curador Urbano N\u00famero Uno Alminson Torres Alvarino","link":"https:\/\/contrastes.com.co\/web\/tag\/curador-urbano-numero-uno-alminson-torres-alvarino\/"},"4305":{"name":"Curadura Urbana N\u00famero Dos Lorena Cuao Santamar\u00eda","link":"https:\/\/contrastes.com.co\/web\/tag\/curadura-urbana-numero-dos-lorena-cuao-santamaria\/"},"51":{"name":"municipio de soledad","link":"https:\/\/contrastes.com.co\/web\/tag\/municipio-de-soledad\/"},"368":{"name":"secretaria de Talento Humano","link":"https:\/\/contrastes.com.co\/web\/tag\/secretaria-de-talento-humano\/"},"4306":{"name":"Yesenia Ocampo Barrios","link":"https:\/\/contrastes.com.co\/web\/tag\/yesenia-ocampo-barrios\/"}},"comments_number":"0","wpmagazine_modules_lite_featured_media_urls":{"thumbnail":"","cvmm-medium":"","cvmm-medium-plus":"","cvmm-portrait":"","cvmm-medium-square":"","cvmm-large":"","cvmm-small":"","full":""},"_links":{"self":[{"href":"https:\/\/contrastes.com.co\/web\/wp-json\/wp\/v2\/posts\/7413","targetHints":{"allow":["GET"]}}],"collection":[{"href":"https:\/\/contrastes.com.co\/web\/wp-json\/wp\/v2\/posts"}],"about":[{"href":"https:\/\/contrastes.com.co\/web\/wp-json\/wp\/v2\/types\/post"}],"author":[{"embeddable":true,"href":"https:\/\/contrastes.com.co\/web\/wp-json\/wp\/v2\/users\/1"}],"replies":[{"embeddable":true,"href":"https:\/\/contrastes.com.co\/web\/wp-json\/wp\/v2\/comments?post=7413"}],"version-history":[{"count":0,"href":"https:\/\/contrastes.com.co\/web\/wp-json\/wp\/v2\/posts\/7413\/revisions"}],"wp:attachment":[{"href":"https:\/\/contrastes.com.co\/web\/wp-json\/wp\/v2\/media?parent=7413"}],"wp:term":[{"taxonomy":"category","embeddable":true,"href":"https:\/\/contrastes.com.co\/web\/wp-json\/wp\/v2\/categories?post=7413"},{"taxonomy":"post_tag","embeddable":true,"href":"https:\/\/contrastes.com.co\/web\/wp-json\/wp\/v2\/tags?post=7413"}],"curies":[{"name":"wp","href":"https:\/\/api.w.org\/{rel}","templated":true}]}}