{"id":7429,"date":"2021-09-18T18:30:32","date_gmt":"2021-09-18T23:30:32","guid":{"rendered":"https:\/\/contrastes.com.co\/digital\/?p=7429"},"modified":"2021-09-18T18:30:32","modified_gmt":"2021-09-18T23:30:32","slug":"7429-2","status":"publish","type":"post","link":"https:\/\/contrastes.com.co\/web\/2021\/09\/18\/7429-2\/","title":{"rendered":"En el sur del Atl\u00e1ntico, se instalar\u00e1 Puesto de Mando Unificado para monitorear y prevenir emergencias"},"content":{"rendered":"<p><strong>En el sur del Atl\u00e1ntico, se instalar\u00e1 Puesto de Mando Unificado para monitorear y prevenir emergencias<\/strong><\/p>\n<blockquote><p><strong>*En una reuni\u00f3n realizada este s\u00e1bado en Las Compuertas (Manat\u00ed), el Subdirector de Manejo de Desastres de la Unidad Nacional para la Gesti\u00f3n del Riesgo dio a conocer los compromisos del Gobierno Nacional para atender las zonas cr\u00edticas por el aumento del nivel en el Canal del Dique. <\/strong><\/p>\n<p><strong>*Los Secretarios de Interior e Infraestructura, y la Subsecretar\u00eda de Atenci\u00f3n y Prevenci\u00f3n de Desastres de la Gobernaci\u00f3n del Atl\u00e1ntico participaron en el encuentro, as\u00ed como los alcaldes municipales de Manat\u00ed, Repel\u00f3n, Santa Luc\u00eda y Suan. <\/strong><\/p><\/blockquote>\n<p><strong>Las Compuertas, Manat\u00ed.-<\/strong> La Gobernaci\u00f3n del Atl\u00e1ntico, a trav\u00e9s de los Secretarios de Interior e Infraestructura, y la Subsecretar\u00eda de Atenci\u00f3n y Prevenci\u00f3n de Desastres, particip\u00f3 en la reuni\u00f3n liderada por la Unidad Nacional para la Gesti\u00f3n del Riesgo de Desastres, realizada en Las Compuertas, municipio de Manat\u00ed, para evaluar las acciones conjuntas de respuesta y atenci\u00f3n a la situaci\u00f3n presentada por los altos niveles de agua en el Canal del Dique.<\/p>\n<p>En su intervenci\u00f3n, el subdirector de Manejo de Desastres de la Unidad Nacional para la Gesti\u00f3n del Riesgo, Ariel Zambrano, asegur\u00f3 que se ha dise\u00f1ado un plan de intervenci\u00f3n r\u00e1pida, luego de realizar visitas t\u00e9cnicas a los puntos cr\u00edticos, validados por los Consejos Municipales y Departamentales de Gesti\u00f3n del Riesgo.<\/p>\n<p>\u00abHay una instrucci\u00f3n clara del Presidente Duque de avanzar en las acciones correspondientes para la mitigaci\u00f3n y el control de los crecimientos del Canal del Dique. El compromiso del Gobierno Nacional es brindarle garant\u00edas a las comunidades de la regi\u00f3n. Aqu\u00ed estaremos liderando un Puesto de Mando Unificado en coordinaci\u00f3n, con las Gobernaciones de Atl\u00e1ntico y Bol\u00edvar para poder dar una respuesta oportuna\u00bb, afirm\u00f3 el funcionario, quien agreg\u00f3 que la instrucci\u00f3n es disponer todos los equipos de maquinaria requeridos y la l\u00ednea de asistencia humanitaria.<\/p>\n<p>El Puesto de Mando Unificado estar\u00e1 integrado por las entidades del sistema, autoridades y los coordinadores de gesti\u00f3n del riesgo. Asimismo, sostuvo que se buscar\u00e1 una reuni\u00f3n con la Agencia Nacional de Infraestructura, Fondo Adaptaci\u00f3n y el Ministerio del Interior para que las alcald\u00edas conozcan cu\u00e1l es el alcance del macroproyecto de las esclusas en el Canal del Dique.<\/p>\n<p>Tambi\u00e9n destac\u00f3 que con los decretos de calamidad p\u00fablica en los municipios de Atl\u00e1ntico y Bol\u00edvar, el Gobierno Nacional toma las acciones y activa los recursos para atender las emergencias como acciones preventivas y de respuesta, tal como lo contempla la Ley 1523 de 2012.<\/p>\n<p>La reuni\u00f3n cont\u00f3 con la presencia de los alcaldes del sur del Atl\u00e1ntico: Manat\u00ed, Repel\u00f3n, Santa Luc\u00eda, Suan, Campo de la Cruz; as\u00ed como del norte del departamento de Bol\u00edvar: San Estanislao, Soplaviento, San Crist\u00f3bal, Calamar, Mahates y Arjona.<\/p>\n<p>La secretaria de Infraestructura, Nury Logreira, explic\u00f3 que las medidas expuestas por la Unidad Nacional para la Gesti\u00f3n del Riesgo son a corto, mediano y largo plazo. \u00abA corto plazo tendremos maquinaria amarilla, materiales, sacos, y la atenci\u00f3n humanitaria que se requiera. Las acciones a mediano y largo plazo consistir\u00e1n en obras de mitigaci\u00f3n, y para eso quedaron comprometidos los alcaldes a presentar de manera formal los proyectos, que deber\u00e1n ser avalados por la Gobernaci\u00f3n del Atl\u00e1ntico\u00bb, indic\u00f3.<\/p>\n<p>Por su parte, el secretario de Interior del departamento, Yesid Turbay, dijo que fue una reuni\u00f3n productiva donde se revisaron cada una de las situaciones que se presentan en los municipios sobre los puntos cr\u00edticos que hay que atender.<\/p>\n<p>\u201cRecibimos todos el apoyo de la Unidad Nacional para la Gesti\u00f3n del Riesgo, a trav\u00e9s de su subdirector, Ariel Zambrano, que con la mejor voluntad de trabajo forma parte de este equipo, que por instrucci\u00f3n de nuestra Gobernadora hacemos presencia permanente en el sur para acompa\u00f1ar a nuestros alcaldes y a la comunidad\u201d.<\/p>\n<p>Destac\u00f3 que en articulaci\u00f3n con la Unidad se analizan cu\u00e1les ser\u00e1n las obras que se necesitan de fondo a largo plazo. \u00abPero en el inmediato plazo estamos tomando todos los correctivos necesarios, poniendo todo de nuestra parte para atender las situaciones cr\u00edticas, las alertas tempranas que nos vienen reportando tanto los alcaldes como nuestra comunidad\u00bb, a\u00f1adi\u00f3.<\/p>\n<p>El alcalde de Manat\u00ed, Evaristo Olivero, indic\u00f3 que es urgente el apoyo de forma articulada desde el Gobierno Nacional. \u00abNo m\u00e1s pa\u00f1itos de agua tibia. El canal est\u00e1 subiendo 3 cm diarios, necesitamos un muro de contenci\u00f3n. Gracias a la Gobernaci\u00f3n del Atl\u00e1ntico porque se ha mudado al sur del departamento y est\u00e1n comprometidos con nuestras comunidades\u00bb.<\/p>\n<p>Por su parte, el alcalde Santa Luc\u00eda, Rehunsen Mart\u00ednez, asegur\u00f3 que nadie quiere volver a vivir lo que vivieron en el a\u00f1o 2010. \u00abNecesitamos apoyo inmediato, es hora de que tengamos soluciones definitivas para la tranquilidad de nuestros habitantes. Que el macroproyecto del Canal del Dique sea socializado y la Naci\u00f3n nos tenga en cuenta\u00bb, dijo.<\/p>\n<p>El alcalde de Repel\u00f3n, Wilfrido Garc\u00eda, sostuvo que, si sigue lloviendo, est\u00e1 en riesgo la estabilidad del r\u00edo y de las zonas inundables. \u00abNecesitamos la intervenci\u00f3n urgente, hay que ponerle coto final a esta situaci\u00f3n de riesgo, sea la construcci\u00f3n del malec\u00f3n o el realce de la v\u00eda. Agradecemos a la gobernadora, Elsa Noguera, por su apoyo permanente y las labores de atenci\u00f3n\u00bb.<\/p>\n","protected":false},"excerpt":{"rendered":"<p>La Gobernaci\u00f3n del Atl\u00e1ntico, a trav\u00e9s de los Secretarios de Interior e Infraestructura, y la Subsecretar\u00eda de Atenci\u00f3n y Prevenci\u00f3n de Desastres, particip\u00f3 en la reuni\u00f3n liderada por la Unidad Nacional para la Gesti\u00f3n del Riesgo de Desastres, realizada en Las Compuertas, municipio de Manat\u00ed, para evaluar las acciones conjuntas de respuesta y atenci\u00f3n a la situaci\u00f3n presentada por los altos niveles de agua en el Canal del Dique.<\/p>\n","protected":false},"author":1,"featured_media":7430,"comment_status":"open","ping_status":"open","sticky":false,"template":"","format":"standard","meta":{"footnotes":""},"categories":[57,24],"tags":[4331,4332,15,1852,4333],"class_list":["post-7429","post","type-post","status-publish","format-standard","has-post-thumbnail","hentry","category-emergencias-y-desastres","category-region","tag-canal-del-dique","tag-emergencias-por-inundaciones","tag-gobernacion-del-atlantico","tag-sur-del-atlantico","tag-unidad-nacional-para-la-gestion-del-riesgo-de-desastres"],"yoast_head":"<!-- This site is optimized with the Yoast SEO plugin v27.7 - https:\/\/yoast.com\/product\/yoast-seo-wordpress\/ -->\n<title>En el sur del Atl\u00e1ntico, se instalar\u00e1 Puesto de Mando Unificado para monitorear y prevenir emergencias - Constrastes<\/title>\n<meta name=\"description\" content=\"La Gobernaci\u00f3n del Atl\u00e1ntico, a trav\u00e9s de los Secretarios de Interior e Infraestructura, y la Subsecretar\u00eda de Atenci\u00f3n y Prevenci\u00f3n de Desastres, particip\u00f3 en la reuni\u00f3n liderada por la Unidad Nacional para la Gesti\u00f3n del Riesgo de Desastres, realizada en Las Compuertas, municipio de Manat\u00ed, para evaluar las acciones conjuntas de respuesta y atenci\u00f3n a la situaci\u00f3n presentada por los altos niveles de agua en el Canal del Dique.\" \/>\n<meta name=\"robots\" content=\"index, follow, max-snippet:-1, max-image-preview:large, max-video-preview:-1\" \/>\n<link rel=\"canonical\" href=\"https:\/\/contrastes.com.co\/web\/2021\/09\/18\/7429-2\/\" \/>\n<meta property=\"og:locale\" content=\"es_ES\" \/>\n<meta property=\"og:type\" content=\"article\" \/>\n<meta property=\"og:title\" content=\"En el sur del Atl\u00e1ntico, se instalar\u00e1 Puesto de Mando Unificado para monitorear y prevenir emergencias - Constrastes\" \/>\n<meta property=\"og:description\" content=\"La Gobernaci\u00f3n del Atl\u00e1ntico, a trav\u00e9s de los Secretarios de Interior e Infraestructura, y la Subsecretar\u00eda de Atenci\u00f3n y Prevenci\u00f3n de Desastres, particip\u00f3 en la reuni\u00f3n liderada por la Unidad Nacional para la Gesti\u00f3n del Riesgo de Desastres, realizada en Las Compuertas, municipio de Manat\u00ed, para evaluar las acciones conjuntas de respuesta y atenci\u00f3n a la situaci\u00f3n presentada por los altos niveles de agua en el Canal del Dique.\" \/>\n<meta property=\"og:url\" content=\"https:\/\/contrastes.com.co\/web\/2021\/09\/18\/7429-2\/\" \/>\n<meta property=\"og:site_name\" content=\"Constrastes\" \/>\n<meta property=\"article:publisher\" content=\"https:\/\/www.facebook.com\/guillo.pantoja.1\" \/>\n<meta property=\"article:published_time\" content=\"2021-09-18T23:30:32+00:00\" \/>\n<meta name=\"author\" content=\"Editor\" \/>\n<meta name=\"twitter:card\" content=\"summary_large_image\" \/>\n<meta name=\"twitter:label1\" content=\"Escrito por\" \/>\n\t<meta name=\"twitter:data1\" content=\"Editor\" \/>\n\t<meta name=\"twitter:label2\" content=\"Tiempo de lectura\" \/>\n\t<meta name=\"twitter:data2\" content=\"5 minutos\" \/>\n<script type=\"application\/ld+json\" class=\"yoast-schema-graph\">{\"@context\":\"https:\\\/\\\/schema.org\",\"@graph\":[{\"@type\":\"Article\",\"@id\":\"https:\\\/\\\/contrastes.com.co\\\/web\\\/2021\\\/09\\\/18\\\/7429-2\\\/#article\",\"isPartOf\":{\"@id\":\"https:\\\/\\\/contrastes.com.co\\\/web\\\/2021\\\/09\\\/18\\\/7429-2\\\/\"},\"author\":{\"name\":\"Editor\",\"@id\":\"https:\\\/\\\/contrastes.com.co\\\/web\\\/#\\\/schema\\\/person\\\/62ef7a62dc4da6de450c71fc2e95ed02\"},\"headline\":\"En el sur del Atl\u00e1ntico, se instalar\u00e1 Puesto de Mando Unificado para monitorear y prevenir emergencias\",\"datePublished\":\"2021-09-18T23:30:32+00:00\",\"mainEntityOfPage\":{\"@id\":\"https:\\\/\\\/contrastes.com.co\\\/web\\\/2021\\\/09\\\/18\\\/7429-2\\\/\"},\"wordCount\":957,\"commentCount\":0,\"publisher\":{\"@id\":\"https:\\\/\\\/contrastes.com.co\\\/web\\\/#organization\"},\"image\":{\"@id\":\"https:\\\/\\\/contrastes.com.co\\\/web\\\/2021\\\/09\\\/18\\\/7429-2\\\/#primaryimage\"},\"thumbnailUrl\":\"\",\"keywords\":[\"Canal del Dique\",\"emergencias por inundaciones\",\"gobernaci\u00f3n del Atl\u00e1ntico\",\"Sur del Atl\u00e1ntico\",\"Unidad Nacional para la Gesti\u00f3n del Riesgo de Desastres\"],\"articleSection\":[\"Emergencias y desastres\",\"Regi\u00f3n\"],\"inLanguage\":\"es\",\"potentialAction\":[{\"@type\":\"CommentAction\",\"name\":\"Comment\",\"target\":[\"https:\\\/\\\/contrastes.com.co\\\/web\\\/2021\\\/09\\\/18\\\/7429-2\\\/#respond\"]}]},{\"@type\":\"WebPage\",\"@id\":\"https:\\\/\\\/contrastes.com.co\\\/web\\\/2021\\\/09\\\/18\\\/7429-2\\\/\",\"url\":\"https:\\\/\\\/contrastes.com.co\\\/web\\\/2021\\\/09\\\/18\\\/7429-2\\\/\",\"name\":\"En el sur del Atl\u00e1ntico, se instalar\u00e1 Puesto de Mando Unificado para monitorear y prevenir emergencias - Constrastes\",\"isPartOf\":{\"@id\":\"https:\\\/\\\/contrastes.com.co\\\/web\\\/#website\"},\"primaryImageOfPage\":{\"@id\":\"https:\\\/\\\/contrastes.com.co\\\/web\\\/2021\\\/09\\\/18\\\/7429-2\\\/#primaryimage\"},\"image\":{\"@id\":\"https:\\\/\\\/contrastes.com.co\\\/web\\\/2021\\\/09\\\/18\\\/7429-2\\\/#primaryimage\"},\"thumbnailUrl\":\"\",\"datePublished\":\"2021-09-18T23:30:32+00:00\",\"description\":\"La Gobernaci\u00f3n del Atl\u00e1ntico, a trav\u00e9s de los Secretarios de Interior e Infraestructura, y la Subsecretar\u00eda de Atenci\u00f3n y Prevenci\u00f3n de Desastres, particip\u00f3 en la reuni\u00f3n liderada por la Unidad Nacional para la Gesti\u00f3n del Riesgo de Desastres, realizada en Las Compuertas, municipio de Manat\u00ed, para evaluar las acciones conjuntas de respuesta y atenci\u00f3n a la situaci\u00f3n presentada por los altos niveles de agua en el Canal del Dique.\",\"breadcrumb\":{\"@id\":\"https:\\\/\\\/contrastes.com.co\\\/web\\\/2021\\\/09\\\/18\\\/7429-2\\\/#breadcrumb\"},\"inLanguage\":\"es\",\"potentialAction\":[{\"@type\":\"ReadAction\",\"target\":[\"https:\\\/\\\/contrastes.com.co\\\/web\\\/2021\\\/09\\\/18\\\/7429-2\\\/\"]}]},{\"@type\":\"ImageObject\",\"inLanguage\":\"es\",\"@id\":\"https:\\\/\\\/contrastes.com.co\\\/web\\\/2021\\\/09\\\/18\\\/7429-2\\\/#primaryimage\",\"url\":\"\",\"contentUrl\":\"\"},{\"@type\":\"BreadcrumbList\",\"@id\":\"https:\\\/\\\/contrastes.com.co\\\/web\\\/2021\\\/09\\\/18\\\/7429-2\\\/#breadcrumb\",\"itemListElement\":[{\"@type\":\"ListItem\",\"position\":1,\"name\":\"Portada\",\"item\":\"https:\\\/\\\/contrastes.com.co\\\/web\\\/\"},{\"@type\":\"ListItem\",\"position\":2,\"name\":\"En el sur del Atl\u00e1ntico, se instalar\u00e1 Puesto de Mando Unificado para monitorear y prevenir emergencias\"}]},{\"@type\":\"WebSite\",\"@id\":\"https:\\\/\\\/contrastes.com.co\\\/web\\\/#website\",\"url\":\"https:\\\/\\\/contrastes.com.co\\\/web\\\/\",\"name\":\"Contrastes\",\"description\":\"Periodismo de Conciencia\",\"publisher\":{\"@id\":\"https:\\\/\\\/contrastes.com.co\\\/web\\\/#organization\"},\"potentialAction\":[{\"@type\":\"SearchAction\",\"target\":{\"@type\":\"EntryPoint\",\"urlTemplate\":\"https:\\\/\\\/contrastes.com.co\\\/web\\\/?s={search_term_string}\"},\"query-input\":{\"@type\":\"PropertyValueSpecification\",\"valueRequired\":true,\"valueName\":\"search_term_string\"}}],\"inLanguage\":\"es\"},{\"@type\":\"Organization\",\"@id\":\"https:\\\/\\\/contrastes.com.co\\\/web\\\/#organization\",\"name\":\"Contrastes\",\"url\":\"https:\\\/\\\/contrastes.com.co\\\/web\\\/\",\"logo\":{\"@type\":\"ImageObject\",\"inLanguage\":\"es\",\"@id\":\"https:\\\/\\\/contrastes.com.co\\\/web\\\/#\\\/schema\\\/logo\\\/image\\\/\",\"url\":\"https:\\\/\\\/contrastes.com.co\\\/web\\\/wp-content\\\/uploads\\\/2025\\\/04\\\/15CONTRASTES3.png\",\"contentUrl\":\"https:\\\/\\\/contrastes.com.co\\\/web\\\/wp-content\\\/uploads\\\/2025\\\/04\\\/15CONTRASTES3.png\",\"width\":1536,\"height\":231,\"caption\":\"Contrastes\"},\"image\":{\"@id\":\"https:\\\/\\\/contrastes.com.co\\\/web\\\/#\\\/schema\\\/logo\\\/image\\\/\"},\"sameAs\":[\"https:\\\/\\\/www.facebook.com\\\/guillo.pantoja.1\"]},{\"@type\":\"Person\",\"@id\":\"https:\\\/\\\/contrastes.com.co\\\/web\\\/#\\\/schema\\\/person\\\/62ef7a62dc4da6de450c71fc2e95ed02\",\"name\":\"Editor\",\"image\":{\"@type\":\"ImageObject\",\"inLanguage\":\"es\",\"@id\":\"https:\\\/\\\/secure.gravatar.com\\\/avatar\\\/7bbb4f718d74bbf600dc556253bb04fd7ac8593751d6e2e3b85432d98aefae80?s=96&d=mm&r=g\",\"url\":\"https:\\\/\\\/secure.gravatar.com\\\/avatar\\\/7bbb4f718d74bbf600dc556253bb04fd7ac8593751d6e2e3b85432d98aefae80?s=96&d=mm&r=g\",\"contentUrl\":\"https:\\\/\\\/secure.gravatar.com\\\/avatar\\\/7bbb4f718d74bbf600dc556253bb04fd7ac8593751d6e2e3b85432d98aefae80?s=96&d=mm&r=g\",\"caption\":\"Editor\"},\"sameAs\":[\"https:\\\/\\\/contrastes.com.co\\\/web\"],\"url\":\"https:\\\/\\\/contrastes.com.co\\\/web\\\/author\\\/jdbobadilla\\\/\"}]}<\/script>\n<!-- \/ Yoast SEO plugin. -->","yoast_head_json":{"title":"En el sur del Atl\u00e1ntico, se instalar\u00e1 Puesto de Mando Unificado para monitorear y prevenir emergencias - Constrastes","description":"La Gobernaci\u00f3n del Atl\u00e1ntico, a trav\u00e9s de los Secretarios de Interior e Infraestructura, y la Subsecretar\u00eda de Atenci\u00f3n y Prevenci\u00f3n de Desastres, particip\u00f3 en la reuni\u00f3n liderada por la Unidad Nacional para la Gesti\u00f3n del Riesgo de Desastres, realizada en Las Compuertas, municipio de Manat\u00ed, para evaluar las acciones conjuntas de respuesta y atenci\u00f3n a la situaci\u00f3n presentada por los altos niveles de agua en el Canal del Dique.","robots":{"index":"index","follow":"follow","max-snippet":"max-snippet:-1","max-image-preview":"max-image-preview:large","max-video-preview":"max-video-preview:-1"},"canonical":"https:\/\/contrastes.com.co\/web\/2021\/09\/18\/7429-2\/","og_locale":"es_ES","og_type":"article","og_title":"En el sur del Atl\u00e1ntico, se instalar\u00e1 Puesto de Mando Unificado para monitorear y prevenir emergencias - Constrastes","og_description":"La Gobernaci\u00f3n del Atl\u00e1ntico, a trav\u00e9s de los Secretarios de Interior e Infraestructura, y la Subsecretar\u00eda de Atenci\u00f3n y Prevenci\u00f3n de Desastres, particip\u00f3 en la reuni\u00f3n liderada por la Unidad Nacional para la Gesti\u00f3n del Riesgo de Desastres, realizada en Las Compuertas, municipio de Manat\u00ed, para evaluar las acciones conjuntas de respuesta y atenci\u00f3n a la situaci\u00f3n presentada por los altos niveles de agua en el Canal del Dique.","og_url":"https:\/\/contrastes.com.co\/web\/2021\/09\/18\/7429-2\/","og_site_name":"Constrastes","article_publisher":"https:\/\/www.facebook.com\/guillo.pantoja.1","article_published_time":"2021-09-18T23:30:32+00:00","author":"Editor","twitter_card":"summary_large_image","twitter_misc":{"Escrito por":"Editor","Tiempo de lectura":"5 minutos"},"schema":{"@context":"https:\/\/schema.org","@graph":[{"@type":"Article","@id":"https:\/\/contrastes.com.co\/web\/2021\/09\/18\/7429-2\/#article","isPartOf":{"@id":"https:\/\/contrastes.com.co\/web\/2021\/09\/18\/7429-2\/"},"author":{"name":"Editor","@id":"https:\/\/contrastes.com.co\/web\/#\/schema\/person\/62ef7a62dc4da6de450c71fc2e95ed02"},"headline":"En el sur del Atl\u00e1ntico, se instalar\u00e1 Puesto de Mando Unificado para monitorear y prevenir emergencias","datePublished":"2021-09-18T23:30:32+00:00","mainEntityOfPage":{"@id":"https:\/\/contrastes.com.co\/web\/2021\/09\/18\/7429-2\/"},"wordCount":957,"commentCount":0,"publisher":{"@id":"https:\/\/contrastes.com.co\/web\/#organization"},"image":{"@id":"https:\/\/contrastes.com.co\/web\/2021\/09\/18\/7429-2\/#primaryimage"},"thumbnailUrl":"","keywords":["Canal del Dique","emergencias por inundaciones","gobernaci\u00f3n del Atl\u00e1ntico","Sur del Atl\u00e1ntico","Unidad Nacional para la Gesti\u00f3n del Riesgo de Desastres"],"articleSection":["Emergencias y desastres","Regi\u00f3n"],"inLanguage":"es","potentialAction":[{"@type":"CommentAction","name":"Comment","target":["https:\/\/contrastes.com.co\/web\/2021\/09\/18\/7429-2\/#respond"]}]},{"@type":"WebPage","@id":"https:\/\/contrastes.com.co\/web\/2021\/09\/18\/7429-2\/","url":"https:\/\/contrastes.com.co\/web\/2021\/09\/18\/7429-2\/","name":"En el sur del Atl\u00e1ntico, se instalar\u00e1 Puesto de Mando Unificado para monitorear y prevenir emergencias - Constrastes","isPartOf":{"@id":"https:\/\/contrastes.com.co\/web\/#website"},"primaryImageOfPage":{"@id":"https:\/\/contrastes.com.co\/web\/2021\/09\/18\/7429-2\/#primaryimage"},"image":{"@id":"https:\/\/contrastes.com.co\/web\/2021\/09\/18\/7429-2\/#primaryimage"},"thumbnailUrl":"","datePublished":"2021-09-18T23:30:32+00:00","description":"La Gobernaci\u00f3n del Atl\u00e1ntico, a trav\u00e9s de los Secretarios de Interior e Infraestructura, y la Subsecretar\u00eda de Atenci\u00f3n y Prevenci\u00f3n de Desastres, particip\u00f3 en la reuni\u00f3n liderada por la Unidad Nacional para la Gesti\u00f3n del Riesgo de Desastres, realizada en Las Compuertas, municipio de Manat\u00ed, para evaluar las acciones conjuntas de respuesta y atenci\u00f3n a la situaci\u00f3n presentada por los altos niveles de agua en el Canal del Dique.","breadcrumb":{"@id":"https:\/\/contrastes.com.co\/web\/2021\/09\/18\/7429-2\/#breadcrumb"},"inLanguage":"es","potentialAction":[{"@type":"ReadAction","target":["https:\/\/contrastes.com.co\/web\/2021\/09\/18\/7429-2\/"]}]},{"@type":"ImageObject","inLanguage":"es","@id":"https:\/\/contrastes.com.co\/web\/2021\/09\/18\/7429-2\/#primaryimage","url":"","contentUrl":""},{"@type":"BreadcrumbList","@id":"https:\/\/contrastes.com.co\/web\/2021\/09\/18\/7429-2\/#breadcrumb","itemListElement":[{"@type":"ListItem","position":1,"name":"Portada","item":"https:\/\/contrastes.com.co\/web\/"},{"@type":"ListItem","position":2,"name":"En el sur del Atl\u00e1ntico, se instalar\u00e1 Puesto de Mando Unificado para monitorear y prevenir emergencias"}]},{"@type":"WebSite","@id":"https:\/\/contrastes.com.co\/web\/#website","url":"https:\/\/contrastes.com.co\/web\/","name":"Contrastes","description":"Periodismo de Conciencia","publisher":{"@id":"https:\/\/contrastes.com.co\/web\/#organization"},"potentialAction":[{"@type":"SearchAction","target":{"@type":"EntryPoint","urlTemplate":"https:\/\/contrastes.com.co\/web\/?s={search_term_string}"},"query-input":{"@type":"PropertyValueSpecification","valueRequired":true,"valueName":"search_term_string"}}],"inLanguage":"es"},{"@type":"Organization","@id":"https:\/\/contrastes.com.co\/web\/#organization","name":"Contrastes","url":"https:\/\/contrastes.com.co\/web\/","logo":{"@type":"ImageObject","inLanguage":"es","@id":"https:\/\/contrastes.com.co\/web\/#\/schema\/logo\/image\/","url":"https:\/\/contrastes.com.co\/web\/wp-content\/uploads\/2025\/04\/15CONTRASTES3.png","contentUrl":"https:\/\/contrastes.com.co\/web\/wp-content\/uploads\/2025\/04\/15CONTRASTES3.png","width":1536,"height":231,"caption":"Contrastes"},"image":{"@id":"https:\/\/contrastes.com.co\/web\/#\/schema\/logo\/image\/"},"sameAs":["https:\/\/www.facebook.com\/guillo.pantoja.1"]},{"@type":"Person","@id":"https:\/\/contrastes.com.co\/web\/#\/schema\/person\/62ef7a62dc4da6de450c71fc2e95ed02","name":"Editor","image":{"@type":"ImageObject","inLanguage":"es","@id":"https:\/\/secure.gravatar.com\/avatar\/7bbb4f718d74bbf600dc556253bb04fd7ac8593751d6e2e3b85432d98aefae80?s=96&d=mm&r=g","url":"https:\/\/secure.gravatar.com\/avatar\/7bbb4f718d74bbf600dc556253bb04fd7ac8593751d6e2e3b85432d98aefae80?s=96&d=mm&r=g","contentUrl":"https:\/\/secure.gravatar.com\/avatar\/7bbb4f718d74bbf600dc556253bb04fd7ac8593751d6e2e3b85432d98aefae80?s=96&d=mm&r=g","caption":"Editor"},"sameAs":["https:\/\/contrastes.com.co\/web"],"url":"https:\/\/contrastes.com.co\/web\/author\/jdbobadilla\/"}]}},"blog_post_layout_featured_media_urls":{"thumbnail":"","full":""},"categories_names":{"57":{"name":"Emergencias y desastres","link":"https:\/\/contrastes.com.co\/web\/category\/emergencias-y-desastres\/"},"24":{"name":"Regi\u00f3n","link":"https:\/\/contrastes.com.co\/web\/category\/region\/"}},"tags_names":{"4331":{"name":"Canal del Dique","link":"https:\/\/contrastes.com.co\/web\/tag\/canal-del-dique\/"},"4332":{"name":"emergencias por inundaciones","link":"https:\/\/contrastes.com.co\/web\/tag\/emergencias-por-inundaciones\/"},"15":{"name":"gobernaci\u00f3n del Atl\u00e1ntico","link":"https:\/\/contrastes.com.co\/web\/tag\/gobernacion-del-atlantico\/"},"1852":{"name":"Sur del Atl\u00e1ntico","link":"https:\/\/contrastes.com.co\/web\/tag\/sur-del-atlantico\/"},"4333":{"name":"Unidad Nacional para la Gesti\u00f3n del Riesgo de Desastres","link":"https:\/\/contrastes.com.co\/web\/tag\/unidad-nacional-para-la-gestion-del-riesgo-de-desastres\/"}},"comments_number":"0","wpmagazine_modules_lite_featured_media_urls":{"thumbnail":"","cvmm-medium":"","cvmm-medium-plus":"","cvmm-portrait":"","cvmm-medium-square":"","cvmm-large":"","cvmm-small":"","full":""},"_links":{"self":[{"href":"https:\/\/contrastes.com.co\/web\/wp-json\/wp\/v2\/posts\/7429","targetHints":{"allow":["GET"]}}],"collection":[{"href":"https:\/\/contrastes.com.co\/web\/wp-json\/wp\/v2\/posts"}],"about":[{"href":"https:\/\/contrastes.com.co\/web\/wp-json\/wp\/v2\/types\/post"}],"author":[{"embeddable":true,"href":"https:\/\/contrastes.com.co\/web\/wp-json\/wp\/v2\/users\/1"}],"replies":[{"embeddable":true,"href":"https:\/\/contrastes.com.co\/web\/wp-json\/wp\/v2\/comments?post=7429"}],"version-history":[{"count":0,"href":"https:\/\/contrastes.com.co\/web\/wp-json\/wp\/v2\/posts\/7429\/revisions"}],"wp:attachment":[{"href":"https:\/\/contrastes.com.co\/web\/wp-json\/wp\/v2\/media?parent=7429"}],"wp:term":[{"taxonomy":"category","embeddable":true,"href":"https:\/\/contrastes.com.co\/web\/wp-json\/wp\/v2\/categories?post=7429"},{"taxonomy":"post_tag","embeddable":true,"href":"https:\/\/contrastes.com.co\/web\/wp-json\/wp\/v2\/tags?post=7429"}],"curies":[{"name":"wp","href":"https:\/\/api.w.org\/{rel}","templated":true}]}}