{"id":7615,"date":"2021-10-01T22:49:51","date_gmt":"2021-10-02T03:49:51","guid":{"rendered":"https:\/\/contrastes.com.co\/digital\/?p=7615"},"modified":"2021-10-01T22:49:51","modified_gmt":"2021-10-02T03:49:51","slug":"la-carpa-magica-fantastica-estara-en-el-asentamiento-fronteras-de-maduro-en-soledad","status":"publish","type":"post","link":"https:\/\/contrastes.com.co\/web\/2021\/10\/01\/la-carpa-magica-fantastica-estara-en-el-asentamiento-fronteras-de-maduro-en-soledad\/","title":{"rendered":"La Carpa M\u00e1gica Fant\u00e1stica estar\u00e1 en el asentamiento \u00abFronteras de Maduro\u00bb en Soledad"},"content":{"rendered":"<p><strong>La Carpa M\u00e1gica Fant\u00e1stica estar\u00e1 en el asentamiento \u00abFronteras de Maduro\u00bb en Soledad<\/strong><\/p>\n<blockquote><p><strong>A trav\u00e9s de la Red Nacional de Medios y Organizaciones Sociales &#8216;Somos Enlace&#8217;, se realizar\u00e1n actividades con la comunidad migrante que vive en ese sector.<\/strong><\/p><\/blockquote>\n<p><strong>Soledad.-<\/strong>\u00a0El s\u00e1bado 2 de octubre, estaremos junto a la <strong>Corporaci\u00f3n Art\u00edstica Ba\u00fal Polis\u00e9mico<\/strong>, en el asentamiento &#8216;Fronteras de Maduro&#8217;, en Soledad, Atl\u00e1ntico, realizando diferentes actividades que nos permitir\u00e1n recolectar informaci\u00f3n sobre personas migrantes y tener una lectura de la realidad de muchas familias venezolanas. Adem\u00e1s, se buscar\u00e1 mitigar la xenofobia e informar sobre los protocolos de migraci\u00f3n y registro de nacionalidad en Colombia para ni\u00f1os, ni\u00f1as y adolescentes.<\/p>\n<p><strong>Somos Enlace<\/strong>, pretende unir a diferentes medios de comunicaci\u00f3n comunitarios y organizaciones sociales para hacer una red nacional que apoye la difusi\u00f3n de informaci\u00f3n sobre: vacunaci\u00f3n, regreso a clases, migraci\u00f3n entre otros temas que surgieron en el contexto de la pandemia.<\/p>\n<p>Giovanna Pozo, lideresa de &#8216;Fronteras de Maduro&#8217;, comparti\u00f3 la emoci\u00f3n de poder estar con la comunidad toda la ma\u00f1ana del s\u00e1bado: \u201cMe parece satisfactorio que vengan al barrio con proyectos nuevos. Estamos muy felices de que lleguen a escuchar a toda la comunidad venezolana\u201d.<\/p>\n<p><strong>La Carpa M\u00e1gica Fant\u00e1stico, herramienta l\u00fadico-pedag\u00f3gica de CEDESOCIAL<\/strong> que incluye componentes para conocer el mundo psicoafectivo de quienes ingresan a ella, ser\u00e1 la excusa perfecta para enlazar di\u00e1logos con los venezolanos(as) de &#8216;Fronteras de Maduro&#8217;.<\/p>\n<p><strong>La Red Nacional de Medios y Organizaciones Somos Enlace<\/strong>, es una iniciativa liderada por la <strong>Fundaci\u00f3n La Otra Juventud y apoyada por UNICEF<\/strong><\/p>\n","protected":false},"excerpt":{"rendered":"<p>El s\u00e1bado 2 de octubre, estaremos junto a la Corporaci\u00f3n Art\u00edstica Ba\u00fal Polis\u00e9mico, en el asentamiento &#8216;Fronteras de Maduro&#8217;, en Soledad, Atl\u00e1ntico, realizando diferentes actividades que nos permitir\u00e1n recolectar informaci\u00f3n sobre personas migrantes y tener una lectura de la realidad de muchas familias venezolanas. Adem\u00e1s, se buscar\u00e1 mitigar la xenofobia e informar sobre los protocolos de migraci\u00f3n y registro de nacionalidad en Colombia para ni\u00f1os, ni\u00f1as y adolescentes.<\/p>\n","protected":false},"author":1,"featured_media":7616,"comment_status":"open","ping_status":"open","sticky":false,"template":"","format":"standard","meta":{"footnotes":""},"categories":[2930,23,31],"tags":[4435,3673,1341,51,4436],"class_list":["post-7615","post","type-post","status-publish","format-standard","has-post-thumbnail","hentry","category-gestion-humana","category-locales","category-migracion","tag-asentamiento-fronteras-de-maduro","tag-corporacion-artistica-baul-polisemico","tag-migrantes-venezolanos","tag-municipio-de-soledad","tag-somos-enlace"],"yoast_head":"<!-- This site is optimized with the Yoast SEO plugin v27.7 - https:\/\/yoast.com\/product\/yoast-seo-wordpress\/ -->\n<title>La Carpa M\u00e1gica Fant\u00e1stica estar\u00e1 en el asentamiento &quot;Fronteras de Maduro&quot; en Soledad - Constrastes<\/title>\n<meta name=\"description\" content=\"El s\u00e1bado 2 de octubre, estaremos junto a la Corporaci\u00f3n Art\u00edstica Ba\u00fal Polis\u00e9mico, en el asentamiento &#039;Fronteras de Maduro&#039;, en Soledad, Atl\u00e1ntico, realizando diferentes actividades que nos permitir\u00e1n recolectar informaci\u00f3n sobre personas migrantes y tener una lectura de la realidad de muchas familias venezolanas. Adem\u00e1s, se buscar\u00e1 mitigar la xenofobia e informar sobre los protocolos de migraci\u00f3n y registro de nacionalidad en Colombia para ni\u00f1os, ni\u00f1as y adolescentes.\" \/>\n<meta name=\"robots\" content=\"index, follow, max-snippet:-1, max-image-preview:large, max-video-preview:-1\" \/>\n<link rel=\"canonical\" href=\"https:\/\/contrastes.com.co\/web\/2021\/10\/01\/la-carpa-magica-fantastica-estara-en-el-asentamiento-fronteras-de-maduro-en-soledad\/\" \/>\n<meta property=\"og:locale\" content=\"es_ES\" \/>\n<meta property=\"og:type\" content=\"article\" \/>\n<meta property=\"og:title\" content=\"La Carpa M\u00e1gica Fant\u00e1stica estar\u00e1 en el asentamiento &quot;Fronteras de Maduro&quot; en Soledad - Constrastes\" \/>\n<meta property=\"og:description\" content=\"El s\u00e1bado 2 de octubre, estaremos junto a la Corporaci\u00f3n Art\u00edstica Ba\u00fal Polis\u00e9mico, en el asentamiento &#039;Fronteras de Maduro&#039;, en Soledad, Atl\u00e1ntico, realizando diferentes actividades que nos permitir\u00e1n recolectar informaci\u00f3n sobre personas migrantes y tener una lectura de la realidad de muchas familias venezolanas. Adem\u00e1s, se buscar\u00e1 mitigar la xenofobia e informar sobre los protocolos de migraci\u00f3n y registro de nacionalidad en Colombia para ni\u00f1os, ni\u00f1as y adolescentes.\" \/>\n<meta property=\"og:url\" content=\"https:\/\/contrastes.com.co\/web\/2021\/10\/01\/la-carpa-magica-fantastica-estara-en-el-asentamiento-fronteras-de-maduro-en-soledad\/\" \/>\n<meta property=\"og:site_name\" content=\"Constrastes\" \/>\n<meta property=\"article:publisher\" content=\"https:\/\/www.facebook.com\/guillo.pantoja.1\" \/>\n<meta property=\"article:published_time\" content=\"2021-10-02T03:49:51+00:00\" \/>\n<meta name=\"author\" content=\"Editor\" \/>\n<meta name=\"twitter:card\" content=\"summary_large_image\" \/>\n<meta name=\"twitter:label1\" content=\"Escrito por\" \/>\n\t<meta name=\"twitter:data1\" content=\"Editor\" \/>\n\t<meta name=\"twitter:label2\" content=\"Tiempo de lectura\" \/>\n\t<meta name=\"twitter:data2\" content=\"1 minuto\" \/>\n<script type=\"application\/ld+json\" class=\"yoast-schema-graph\">{\"@context\":\"https:\\\/\\\/schema.org\",\"@graph\":[{\"@type\":\"Article\",\"@id\":\"https:\\\/\\\/contrastes.com.co\\\/web\\\/2021\\\/10\\\/01\\\/la-carpa-magica-fantastica-estara-en-el-asentamiento-fronteras-de-maduro-en-soledad\\\/#article\",\"isPartOf\":{\"@id\":\"https:\\\/\\\/contrastes.com.co\\\/web\\\/2021\\\/10\\\/01\\\/la-carpa-magica-fantastica-estara-en-el-asentamiento-fronteras-de-maduro-en-soledad\\\/\"},\"author\":{\"name\":\"Editor\",\"@id\":\"https:\\\/\\\/contrastes.com.co\\\/web\\\/#\\\/schema\\\/person\\\/62ef7a62dc4da6de450c71fc2e95ed02\"},\"headline\":\"La Carpa M\u00e1gica Fant\u00e1stica estar\u00e1 en el asentamiento \u00abFronteras de Maduro\u00bb en Soledad\",\"datePublished\":\"2021-10-02T03:49:51+00:00\",\"mainEntityOfPage\":{\"@id\":\"https:\\\/\\\/contrastes.com.co\\\/web\\\/2021\\\/10\\\/01\\\/la-carpa-magica-fantastica-estara-en-el-asentamiento-fronteras-de-maduro-en-soledad\\\/\"},\"wordCount\":296,\"commentCount\":0,\"publisher\":{\"@id\":\"https:\\\/\\\/contrastes.com.co\\\/web\\\/#organization\"},\"image\":{\"@id\":\"https:\\\/\\\/contrastes.com.co\\\/web\\\/2021\\\/10\\\/01\\\/la-carpa-magica-fantastica-estara-en-el-asentamiento-fronteras-de-maduro-en-soledad\\\/#primaryimage\"},\"thumbnailUrl\":\"\",\"keywords\":[\"asentamiento \\\"Fronteras de Maduro\\\"\",\"Corporaci\u00f3n Art\u00edstica Ba\u00fal Polis\u00e9mico\",\"migrantes venezolanos\",\"municipio de soledad\",\"Somos Enlace\"],\"articleSection\":[\"Gesti\u00f3n Humana\",\"Locales\",\"Migraci\u00f3n\"],\"inLanguage\":\"es\",\"potentialAction\":[{\"@type\":\"CommentAction\",\"name\":\"Comment\",\"target\":[\"https:\\\/\\\/contrastes.com.co\\\/web\\\/2021\\\/10\\\/01\\\/la-carpa-magica-fantastica-estara-en-el-asentamiento-fronteras-de-maduro-en-soledad\\\/#respond\"]}]},{\"@type\":\"WebPage\",\"@id\":\"https:\\\/\\\/contrastes.com.co\\\/web\\\/2021\\\/10\\\/01\\\/la-carpa-magica-fantastica-estara-en-el-asentamiento-fronteras-de-maduro-en-soledad\\\/\",\"url\":\"https:\\\/\\\/contrastes.com.co\\\/web\\\/2021\\\/10\\\/01\\\/la-carpa-magica-fantastica-estara-en-el-asentamiento-fronteras-de-maduro-en-soledad\\\/\",\"name\":\"La Carpa M\u00e1gica Fant\u00e1stica estar\u00e1 en el asentamiento \\\"Fronteras de Maduro\\\" en Soledad - Constrastes\",\"isPartOf\":{\"@id\":\"https:\\\/\\\/contrastes.com.co\\\/web\\\/#website\"},\"primaryImageOfPage\":{\"@id\":\"https:\\\/\\\/contrastes.com.co\\\/web\\\/2021\\\/10\\\/01\\\/la-carpa-magica-fantastica-estara-en-el-asentamiento-fronteras-de-maduro-en-soledad\\\/#primaryimage\"},\"image\":{\"@id\":\"https:\\\/\\\/contrastes.com.co\\\/web\\\/2021\\\/10\\\/01\\\/la-carpa-magica-fantastica-estara-en-el-asentamiento-fronteras-de-maduro-en-soledad\\\/#primaryimage\"},\"thumbnailUrl\":\"\",\"datePublished\":\"2021-10-02T03:49:51+00:00\",\"description\":\"El s\u00e1bado 2 de octubre, estaremos junto a la Corporaci\u00f3n Art\u00edstica Ba\u00fal Polis\u00e9mico, en el asentamiento 'Fronteras de Maduro', en Soledad, Atl\u00e1ntico, realizando diferentes actividades que nos permitir\u00e1n recolectar informaci\u00f3n sobre personas migrantes y tener una lectura de la realidad de muchas familias venezolanas. Adem\u00e1s, se buscar\u00e1 mitigar la xenofobia e informar sobre los protocolos de migraci\u00f3n y registro de nacionalidad en Colombia para ni\u00f1os, ni\u00f1as y adolescentes.\",\"breadcrumb\":{\"@id\":\"https:\\\/\\\/contrastes.com.co\\\/web\\\/2021\\\/10\\\/01\\\/la-carpa-magica-fantastica-estara-en-el-asentamiento-fronteras-de-maduro-en-soledad\\\/#breadcrumb\"},\"inLanguage\":\"es\",\"potentialAction\":[{\"@type\":\"ReadAction\",\"target\":[\"https:\\\/\\\/contrastes.com.co\\\/web\\\/2021\\\/10\\\/01\\\/la-carpa-magica-fantastica-estara-en-el-asentamiento-fronteras-de-maduro-en-soledad\\\/\"]}]},{\"@type\":\"ImageObject\",\"inLanguage\":\"es\",\"@id\":\"https:\\\/\\\/contrastes.com.co\\\/web\\\/2021\\\/10\\\/01\\\/la-carpa-magica-fantastica-estara-en-el-asentamiento-fronteras-de-maduro-en-soledad\\\/#primaryimage\",\"url\":\"\",\"contentUrl\":\"\"},{\"@type\":\"BreadcrumbList\",\"@id\":\"https:\\\/\\\/contrastes.com.co\\\/web\\\/2021\\\/10\\\/01\\\/la-carpa-magica-fantastica-estara-en-el-asentamiento-fronteras-de-maduro-en-soledad\\\/#breadcrumb\",\"itemListElement\":[{\"@type\":\"ListItem\",\"position\":1,\"name\":\"Portada\",\"item\":\"https:\\\/\\\/contrastes.com.co\\\/web\\\/\"},{\"@type\":\"ListItem\",\"position\":2,\"name\":\"La Carpa M\u00e1gica Fant\u00e1stica estar\u00e1 en el asentamiento \u00abFronteras de Maduro\u00bb en Soledad\"}]},{\"@type\":\"WebSite\",\"@id\":\"https:\\\/\\\/contrastes.com.co\\\/web\\\/#website\",\"url\":\"https:\\\/\\\/contrastes.com.co\\\/web\\\/\",\"name\":\"Contrastes\",\"description\":\"Periodismo de Conciencia\",\"publisher\":{\"@id\":\"https:\\\/\\\/contrastes.com.co\\\/web\\\/#organization\"},\"potentialAction\":[{\"@type\":\"SearchAction\",\"target\":{\"@type\":\"EntryPoint\",\"urlTemplate\":\"https:\\\/\\\/contrastes.com.co\\\/web\\\/?s={search_term_string}\"},\"query-input\":{\"@type\":\"PropertyValueSpecification\",\"valueRequired\":true,\"valueName\":\"search_term_string\"}}],\"inLanguage\":\"es\"},{\"@type\":\"Organization\",\"@id\":\"https:\\\/\\\/contrastes.com.co\\\/web\\\/#organization\",\"name\":\"Contrastes\",\"url\":\"https:\\\/\\\/contrastes.com.co\\\/web\\\/\",\"logo\":{\"@type\":\"ImageObject\",\"inLanguage\":\"es\",\"@id\":\"https:\\\/\\\/contrastes.com.co\\\/web\\\/#\\\/schema\\\/logo\\\/image\\\/\",\"url\":\"https:\\\/\\\/contrastes.com.co\\\/web\\\/wp-content\\\/uploads\\\/2025\\\/04\\\/15CONTRASTES3.png\",\"contentUrl\":\"https:\\\/\\\/contrastes.com.co\\\/web\\\/wp-content\\\/uploads\\\/2025\\\/04\\\/15CONTRASTES3.png\",\"width\":1536,\"height\":231,\"caption\":\"Contrastes\"},\"image\":{\"@id\":\"https:\\\/\\\/contrastes.com.co\\\/web\\\/#\\\/schema\\\/logo\\\/image\\\/\"},\"sameAs\":[\"https:\\\/\\\/www.facebook.com\\\/guillo.pantoja.1\"]},{\"@type\":\"Person\",\"@id\":\"https:\\\/\\\/contrastes.com.co\\\/web\\\/#\\\/schema\\\/person\\\/62ef7a62dc4da6de450c71fc2e95ed02\",\"name\":\"Editor\",\"image\":{\"@type\":\"ImageObject\",\"inLanguage\":\"es\",\"@id\":\"https:\\\/\\\/secure.gravatar.com\\\/avatar\\\/7bbb4f718d74bbf600dc556253bb04fd7ac8593751d6e2e3b85432d98aefae80?s=96&d=mm&r=g\",\"url\":\"https:\\\/\\\/secure.gravatar.com\\\/avatar\\\/7bbb4f718d74bbf600dc556253bb04fd7ac8593751d6e2e3b85432d98aefae80?s=96&d=mm&r=g\",\"contentUrl\":\"https:\\\/\\\/secure.gravatar.com\\\/avatar\\\/7bbb4f718d74bbf600dc556253bb04fd7ac8593751d6e2e3b85432d98aefae80?s=96&d=mm&r=g\",\"caption\":\"Editor\"},\"sameAs\":[\"https:\\\/\\\/contrastes.com.co\\\/web\"],\"url\":\"https:\\\/\\\/contrastes.com.co\\\/web\\\/author\\\/jdbobadilla\\\/\"}]}<\/script>\n<!-- \/ Yoast SEO plugin. -->","yoast_head_json":{"title":"La Carpa M\u00e1gica Fant\u00e1stica estar\u00e1 en el asentamiento \"Fronteras de Maduro\" en Soledad - Constrastes","description":"El s\u00e1bado 2 de octubre, estaremos junto a la Corporaci\u00f3n Art\u00edstica Ba\u00fal Polis\u00e9mico, en el asentamiento 'Fronteras de Maduro', en Soledad, Atl\u00e1ntico, realizando diferentes actividades que nos permitir\u00e1n recolectar informaci\u00f3n sobre personas migrantes y tener una lectura de la realidad de muchas familias venezolanas. Adem\u00e1s, se buscar\u00e1 mitigar la xenofobia e informar sobre los protocolos de migraci\u00f3n y registro de nacionalidad en Colombia para ni\u00f1os, ni\u00f1as y adolescentes.","robots":{"index":"index","follow":"follow","max-snippet":"max-snippet:-1","max-image-preview":"max-image-preview:large","max-video-preview":"max-video-preview:-1"},"canonical":"https:\/\/contrastes.com.co\/web\/2021\/10\/01\/la-carpa-magica-fantastica-estara-en-el-asentamiento-fronteras-de-maduro-en-soledad\/","og_locale":"es_ES","og_type":"article","og_title":"La Carpa M\u00e1gica Fant\u00e1stica estar\u00e1 en el asentamiento \"Fronteras de Maduro\" en Soledad - Constrastes","og_description":"El s\u00e1bado 2 de octubre, estaremos junto a la Corporaci\u00f3n Art\u00edstica Ba\u00fal Polis\u00e9mico, en el asentamiento 'Fronteras de Maduro', en Soledad, Atl\u00e1ntico, realizando diferentes actividades que nos permitir\u00e1n recolectar informaci\u00f3n sobre personas migrantes y tener una lectura de la realidad de muchas familias venezolanas. Adem\u00e1s, se buscar\u00e1 mitigar la xenofobia e informar sobre los protocolos de migraci\u00f3n y registro de nacionalidad en Colombia para ni\u00f1os, ni\u00f1as y adolescentes.","og_url":"https:\/\/contrastes.com.co\/web\/2021\/10\/01\/la-carpa-magica-fantastica-estara-en-el-asentamiento-fronteras-de-maduro-en-soledad\/","og_site_name":"Constrastes","article_publisher":"https:\/\/www.facebook.com\/guillo.pantoja.1","article_published_time":"2021-10-02T03:49:51+00:00","author":"Editor","twitter_card":"summary_large_image","twitter_misc":{"Escrito por":"Editor","Tiempo de lectura":"1 minuto"},"schema":{"@context":"https:\/\/schema.org","@graph":[{"@type":"Article","@id":"https:\/\/contrastes.com.co\/web\/2021\/10\/01\/la-carpa-magica-fantastica-estara-en-el-asentamiento-fronteras-de-maduro-en-soledad\/#article","isPartOf":{"@id":"https:\/\/contrastes.com.co\/web\/2021\/10\/01\/la-carpa-magica-fantastica-estara-en-el-asentamiento-fronteras-de-maduro-en-soledad\/"},"author":{"name":"Editor","@id":"https:\/\/contrastes.com.co\/web\/#\/schema\/person\/62ef7a62dc4da6de450c71fc2e95ed02"},"headline":"La Carpa M\u00e1gica Fant\u00e1stica estar\u00e1 en el asentamiento \u00abFronteras de Maduro\u00bb en Soledad","datePublished":"2021-10-02T03:49:51+00:00","mainEntityOfPage":{"@id":"https:\/\/contrastes.com.co\/web\/2021\/10\/01\/la-carpa-magica-fantastica-estara-en-el-asentamiento-fronteras-de-maduro-en-soledad\/"},"wordCount":296,"commentCount":0,"publisher":{"@id":"https:\/\/contrastes.com.co\/web\/#organization"},"image":{"@id":"https:\/\/contrastes.com.co\/web\/2021\/10\/01\/la-carpa-magica-fantastica-estara-en-el-asentamiento-fronteras-de-maduro-en-soledad\/#primaryimage"},"thumbnailUrl":"","keywords":["asentamiento \"Fronteras de Maduro\"","Corporaci\u00f3n Art\u00edstica Ba\u00fal Polis\u00e9mico","migrantes venezolanos","municipio de soledad","Somos Enlace"],"articleSection":["Gesti\u00f3n Humana","Locales","Migraci\u00f3n"],"inLanguage":"es","potentialAction":[{"@type":"CommentAction","name":"Comment","target":["https:\/\/contrastes.com.co\/web\/2021\/10\/01\/la-carpa-magica-fantastica-estara-en-el-asentamiento-fronteras-de-maduro-en-soledad\/#respond"]}]},{"@type":"WebPage","@id":"https:\/\/contrastes.com.co\/web\/2021\/10\/01\/la-carpa-magica-fantastica-estara-en-el-asentamiento-fronteras-de-maduro-en-soledad\/","url":"https:\/\/contrastes.com.co\/web\/2021\/10\/01\/la-carpa-magica-fantastica-estara-en-el-asentamiento-fronteras-de-maduro-en-soledad\/","name":"La Carpa M\u00e1gica Fant\u00e1stica estar\u00e1 en el asentamiento \"Fronteras de Maduro\" en Soledad - Constrastes","isPartOf":{"@id":"https:\/\/contrastes.com.co\/web\/#website"},"primaryImageOfPage":{"@id":"https:\/\/contrastes.com.co\/web\/2021\/10\/01\/la-carpa-magica-fantastica-estara-en-el-asentamiento-fronteras-de-maduro-en-soledad\/#primaryimage"},"image":{"@id":"https:\/\/contrastes.com.co\/web\/2021\/10\/01\/la-carpa-magica-fantastica-estara-en-el-asentamiento-fronteras-de-maduro-en-soledad\/#primaryimage"},"thumbnailUrl":"","datePublished":"2021-10-02T03:49:51+00:00","description":"El s\u00e1bado 2 de octubre, estaremos junto a la Corporaci\u00f3n Art\u00edstica Ba\u00fal Polis\u00e9mico, en el asentamiento 'Fronteras de Maduro', en Soledad, Atl\u00e1ntico, realizando diferentes actividades que nos permitir\u00e1n recolectar informaci\u00f3n sobre personas migrantes y tener una lectura de la realidad de muchas familias venezolanas. Adem\u00e1s, se buscar\u00e1 mitigar la xenofobia e informar sobre los protocolos de migraci\u00f3n y registro de nacionalidad en Colombia para ni\u00f1os, ni\u00f1as y adolescentes.","breadcrumb":{"@id":"https:\/\/contrastes.com.co\/web\/2021\/10\/01\/la-carpa-magica-fantastica-estara-en-el-asentamiento-fronteras-de-maduro-en-soledad\/#breadcrumb"},"inLanguage":"es","potentialAction":[{"@type":"ReadAction","target":["https:\/\/contrastes.com.co\/web\/2021\/10\/01\/la-carpa-magica-fantastica-estara-en-el-asentamiento-fronteras-de-maduro-en-soledad\/"]}]},{"@type":"ImageObject","inLanguage":"es","@id":"https:\/\/contrastes.com.co\/web\/2021\/10\/01\/la-carpa-magica-fantastica-estara-en-el-asentamiento-fronteras-de-maduro-en-soledad\/#primaryimage","url":"","contentUrl":""},{"@type":"BreadcrumbList","@id":"https:\/\/contrastes.com.co\/web\/2021\/10\/01\/la-carpa-magica-fantastica-estara-en-el-asentamiento-fronteras-de-maduro-en-soledad\/#breadcrumb","itemListElement":[{"@type":"ListItem","position":1,"name":"Portada","item":"https:\/\/contrastes.com.co\/web\/"},{"@type":"ListItem","position":2,"name":"La Carpa M\u00e1gica Fant\u00e1stica estar\u00e1 en el asentamiento \u00abFronteras de Maduro\u00bb en Soledad"}]},{"@type":"WebSite","@id":"https:\/\/contrastes.com.co\/web\/#website","url":"https:\/\/contrastes.com.co\/web\/","name":"Contrastes","description":"Periodismo de Conciencia","publisher":{"@id":"https:\/\/contrastes.com.co\/web\/#organization"},"potentialAction":[{"@type":"SearchAction","target":{"@type":"EntryPoint","urlTemplate":"https:\/\/contrastes.com.co\/web\/?s={search_term_string}"},"query-input":{"@type":"PropertyValueSpecification","valueRequired":true,"valueName":"search_term_string"}}],"inLanguage":"es"},{"@type":"Organization","@id":"https:\/\/contrastes.com.co\/web\/#organization","name":"Contrastes","url":"https:\/\/contrastes.com.co\/web\/","logo":{"@type":"ImageObject","inLanguage":"es","@id":"https:\/\/contrastes.com.co\/web\/#\/schema\/logo\/image\/","url":"https:\/\/contrastes.com.co\/web\/wp-content\/uploads\/2025\/04\/15CONTRASTES3.png","contentUrl":"https:\/\/contrastes.com.co\/web\/wp-content\/uploads\/2025\/04\/15CONTRASTES3.png","width":1536,"height":231,"caption":"Contrastes"},"image":{"@id":"https:\/\/contrastes.com.co\/web\/#\/schema\/logo\/image\/"},"sameAs":["https:\/\/www.facebook.com\/guillo.pantoja.1"]},{"@type":"Person","@id":"https:\/\/contrastes.com.co\/web\/#\/schema\/person\/62ef7a62dc4da6de450c71fc2e95ed02","name":"Editor","image":{"@type":"ImageObject","inLanguage":"es","@id":"https:\/\/secure.gravatar.com\/avatar\/7bbb4f718d74bbf600dc556253bb04fd7ac8593751d6e2e3b85432d98aefae80?s=96&d=mm&r=g","url":"https:\/\/secure.gravatar.com\/avatar\/7bbb4f718d74bbf600dc556253bb04fd7ac8593751d6e2e3b85432d98aefae80?s=96&d=mm&r=g","contentUrl":"https:\/\/secure.gravatar.com\/avatar\/7bbb4f718d74bbf600dc556253bb04fd7ac8593751d6e2e3b85432d98aefae80?s=96&d=mm&r=g","caption":"Editor"},"sameAs":["https:\/\/contrastes.com.co\/web"],"url":"https:\/\/contrastes.com.co\/web\/author\/jdbobadilla\/"}]}},"blog_post_layout_featured_media_urls":{"thumbnail":"","full":""},"categories_names":{"2930":{"name":"Gesti\u00f3n Humana","link":"https:\/\/contrastes.com.co\/web\/category\/gestion-humana\/"},"23":{"name":"Locales","link":"https:\/\/contrastes.com.co\/web\/category\/locales\/"},"31":{"name":"Migraci\u00f3n","link":"https:\/\/contrastes.com.co\/web\/category\/migracion\/"}},"tags_names":{"4435":{"name":"asentamiento \"Fronteras de Maduro\"","link":"https:\/\/contrastes.com.co\/web\/tag\/asentamiento-fronteras-de-maduro\/"},"3673":{"name":"Corporaci\u00f3n Art\u00edstica Ba\u00fal Polis\u00e9mico","link":"https:\/\/contrastes.com.co\/web\/tag\/corporacion-artistica-baul-polisemico\/"},"1341":{"name":"migrantes venezolanos","link":"https:\/\/contrastes.com.co\/web\/tag\/migrantes-venezolanos\/"},"51":{"name":"municipio de soledad","link":"https:\/\/contrastes.com.co\/web\/tag\/municipio-de-soledad\/"},"4436":{"name":"Somos Enlace","link":"https:\/\/contrastes.com.co\/web\/tag\/somos-enlace\/"}},"comments_number":"0","wpmagazine_modules_lite_featured_media_urls":{"thumbnail":"","cvmm-medium":"","cvmm-medium-plus":"","cvmm-portrait":"","cvmm-medium-square":"","cvmm-large":"","cvmm-small":"","full":""},"_links":{"self":[{"href":"https:\/\/contrastes.com.co\/web\/wp-json\/wp\/v2\/posts\/7615","targetHints":{"allow":["GET"]}}],"collection":[{"href":"https:\/\/contrastes.com.co\/web\/wp-json\/wp\/v2\/posts"}],"about":[{"href":"https:\/\/contrastes.com.co\/web\/wp-json\/wp\/v2\/types\/post"}],"author":[{"embeddable":true,"href":"https:\/\/contrastes.com.co\/web\/wp-json\/wp\/v2\/users\/1"}],"replies":[{"embeddable":true,"href":"https:\/\/contrastes.com.co\/web\/wp-json\/wp\/v2\/comments?post=7615"}],"version-history":[{"count":0,"href":"https:\/\/contrastes.com.co\/web\/wp-json\/wp\/v2\/posts\/7615\/revisions"}],"wp:attachment":[{"href":"https:\/\/contrastes.com.co\/web\/wp-json\/wp\/v2\/media?parent=7615"}],"wp:term":[{"taxonomy":"category","embeddable":true,"href":"https:\/\/contrastes.com.co\/web\/wp-json\/wp\/v2\/categories?post=7615"},{"taxonomy":"post_tag","embeddable":true,"href":"https:\/\/contrastes.com.co\/web\/wp-json\/wp\/v2\/tags?post=7615"}],"curies":[{"name":"wp","href":"https:\/\/api.w.org\/{rel}","templated":true}]}}