{"id":7618,"date":"2021-09-30T22:51:20","date_gmt":"2021-10-01T03:51:20","guid":{"rendered":"https:\/\/contrastes.com.co\/digital\/?p=7618"},"modified":"2021-09-30T22:51:20","modified_gmt":"2021-10-01T03:51:20","slug":"120-artesanos-en-soledad-recibieron-herramientas-e-insumos-para-el-fortalecimiento-del-sector","status":"publish","type":"post","link":"https:\/\/contrastes.com.co\/web\/2021\/09\/30\/120-artesanos-en-soledad-recibieron-herramientas-e-insumos-para-el-fortalecimiento-del-sector\/","title":{"rendered":"120 artesanos en Soledad recibieron herramientas e insumos para el fortalecimiento del sector"},"content":{"rendered":"<p><strong>120 artesanos en Soledad recibieron herramientas e insumos para el fortalecimiento del sector<\/strong><\/p>\n<blockquote><p><strong>\u201cEs importante que nuestros artesanos tengan la materia prima con la que fabrican y logran comercializar sus productos. Por medio de espacios como este buscamos la reactivaci\u00f3n econ\u00f3mica de este gremio, el cual ha sido afectado significativamente por la pandemia del Covid-19&#8243;: Rodolfo Ucr\u00f3s Rosales.<\/strong><\/p><\/blockquote>\n<p><strong>Soledad, septiembre 30 de 2021.<\/strong> Con el objetivo de fortalecer el sector artesanal y econ\u00f3mico de la poblaci\u00f3n, la Alcald\u00eda de Soledad, mediante la Secretar\u00eda de Cultura, entreg\u00f3 herramientas de trabajo a 120 artesanos. La dotaci\u00f3n estuvo compuesta por herramientas de trabajo como: pulidoras, caladoras, pinturas, telas, mototools, materiales para bisuter\u00eda y tallado en madera, entre otros.<\/p>\n<p>Este encuentro se realiz\u00f3 en las <strong>instalaciones del Museo Bolivariano, Casa de Bol\u00edvar<\/strong>, cumpliendo estrictamente los protocolos de bioseguridad. Adem\u00e1s, en el evento los asistentes pudieron participar de un sorteo que tuvo como premio tres m\u00e1quinas de coser.<\/p>\n<p>El <strong>alcalde Rodolfo Ucr\u00f3s Rosales<\/strong> coment\u00f3 al respecto: \u201cEs importante que nuestros artesanos tengan la materia prima con la que fabrican y logran comercializar sus productos. Por medio de espacios como este buscamos la reactivaci\u00f3n econ\u00f3mica de este gremio, el cual ha sido afectado significativamente por la pandemia del Covid-19&#8243;.<\/p>\n<p>\u00abUstedes son de mucha importancia porque se encargan de llevar de generaci\u00f3n en generaci\u00f3n nuestras tradiciones y costumbres, seguiremos gestionando para continuar brindando el apoyo que se merecen\u201d, a\u00f1adi\u00f3 el mandatario.<\/p>\n<p>Por su parte, el <strong>secretario de Cultura, Domingo Amar\u00eds Esquivia<\/strong>, reafirm\u00f3 el compromiso con el sector artesanal del municipio. \u201cNos sentimos complacidos de contribuir con este gremio que se ha visto afectado de gran manera por el virus del Covid-19, es necesario seguir apoyando a este importante sector de la econom\u00eda municipal\u201d.<\/p>\n<p>La <strong>l\u00edder de los artesanos del municipio de Soledad, Carmen Patricia Ib\u00e1\u00f1ez Alonzo<\/strong>, agradeci\u00f3 con mucha alegr\u00eda esta entrega de insumos. \u201cGracias alcalde por este apoyo que nos brinda y tener en cuenta a nuestro gremio. Este fortalecimiento lleg\u00f3 en el momento indicado, cuando m\u00e1s nos sent\u00edamos afectados por la pandemia del Covid-19. Ahora podremos reactivarnos con mucha motivaci\u00f3n en nuestra labor artesanal.<\/p>\n","protected":false},"excerpt":{"rendered":"<p>Con el objetivo de fortalecer el sector artesanal y econ\u00f3mico de la poblaci\u00f3n, la Alcald\u00eda de Soledad, mediante la Secretar\u00eda de Cultura, entreg\u00f3 herramientas de trabajo a 120 artesanos. La dotaci\u00f3n estuvo compuesta por herramientas de trabajo como: pulidoras, caladoras, pinturas, telas, mototools, materiales para bisuter\u00eda y tallado en madera, entre otros.<\/p>\n","protected":false},"author":1,"featured_media":7620,"comment_status":"open","ping_status":"open","sticky":false,"template":"","format":"standard","meta":{"footnotes":""},"categories":[104,484,23],"tags":[1162,4437,2212,51,1879,890],"class_list":["post-7618","post","type-post","status-publish","format-standard","has-post-thumbnail","hentry","category-cultura","category-labores","category-locales","tag-artesanias","tag-carmen-patricia-ibanez-alonzo","tag-domingo-amaris-esquivia","tag-municipio-de-soledad","tag-rodolfo-ucros-rosales","tag-secretaria-de-cultura"],"yoast_head":"<!-- This site is optimized with the Yoast SEO plugin v27.7 - https:\/\/yoast.com\/product\/yoast-seo-wordpress\/ -->\n<title>120 artesanos en Soledad recibieron herramientas e insumos para el fortalecimiento del sector - Constrastes<\/title>\n<meta name=\"description\" content=\"Con el objetivo de fortalecer el sector artesanal y econ\u00f3mico de la poblaci\u00f3n, la Alcald\u00eda de Soledad, mediante la Secretar\u00eda de Cultura, entreg\u00f3 herramientas de trabajo a 120 artesanos. La dotaci\u00f3n estuvo compuesta por herramientas de trabajo como: pulidoras, caladoras, pinturas, telas, mototools, materiales para bisuter\u00eda y tallado en madera, entre otros.\" \/>\n<meta name=\"robots\" content=\"index, follow, max-snippet:-1, max-image-preview:large, max-video-preview:-1\" \/>\n<link rel=\"canonical\" href=\"https:\/\/contrastes.com.co\/web\/2021\/09\/30\/120-artesanos-en-soledad-recibieron-herramientas-e-insumos-para-el-fortalecimiento-del-sector\/\" \/>\n<meta property=\"og:locale\" content=\"es_ES\" \/>\n<meta property=\"og:type\" content=\"article\" \/>\n<meta property=\"og:title\" content=\"120 artesanos en Soledad recibieron herramientas e insumos para el fortalecimiento del sector - Constrastes\" \/>\n<meta property=\"og:description\" content=\"Con el objetivo de fortalecer el sector artesanal y econ\u00f3mico de la poblaci\u00f3n, la Alcald\u00eda de Soledad, mediante la Secretar\u00eda de Cultura, entreg\u00f3 herramientas de trabajo a 120 artesanos. La dotaci\u00f3n estuvo compuesta por herramientas de trabajo como: pulidoras, caladoras, pinturas, telas, mototools, materiales para bisuter\u00eda y tallado en madera, entre otros.\" \/>\n<meta property=\"og:url\" content=\"https:\/\/contrastes.com.co\/web\/2021\/09\/30\/120-artesanos-en-soledad-recibieron-herramientas-e-insumos-para-el-fortalecimiento-del-sector\/\" \/>\n<meta property=\"og:site_name\" content=\"Constrastes\" \/>\n<meta property=\"article:publisher\" content=\"https:\/\/www.facebook.com\/guillo.pantoja.1\" \/>\n<meta property=\"article:published_time\" content=\"2021-10-01T03:51:20+00:00\" \/>\n<meta name=\"author\" content=\"Editor\" \/>\n<meta name=\"twitter:card\" content=\"summary_large_image\" \/>\n<meta name=\"twitter:label1\" content=\"Escrito por\" \/>\n\t<meta name=\"twitter:data1\" content=\"Editor\" \/>\n\t<meta name=\"twitter:label2\" content=\"Tiempo de lectura\" \/>\n\t<meta name=\"twitter:data2\" content=\"2 minutos\" \/>\n<script type=\"application\/ld+json\" class=\"yoast-schema-graph\">{\"@context\":\"https:\\\/\\\/schema.org\",\"@graph\":[{\"@type\":\"Article\",\"@id\":\"https:\\\/\\\/contrastes.com.co\\\/web\\\/2021\\\/09\\\/30\\\/120-artesanos-en-soledad-recibieron-herramientas-e-insumos-para-el-fortalecimiento-del-sector\\\/#article\",\"isPartOf\":{\"@id\":\"https:\\\/\\\/contrastes.com.co\\\/web\\\/2021\\\/09\\\/30\\\/120-artesanos-en-soledad-recibieron-herramientas-e-insumos-para-el-fortalecimiento-del-sector\\\/\"},\"author\":{\"name\":\"Editor\",\"@id\":\"https:\\\/\\\/contrastes.com.co\\\/web\\\/#\\\/schema\\\/person\\\/62ef7a62dc4da6de450c71fc2e95ed02\"},\"headline\":\"120 artesanos en Soledad recibieron herramientas e insumos para el fortalecimiento del sector\",\"datePublished\":\"2021-10-01T03:51:20+00:00\",\"mainEntityOfPage\":{\"@id\":\"https:\\\/\\\/contrastes.com.co\\\/web\\\/2021\\\/09\\\/30\\\/120-artesanos-en-soledad-recibieron-herramientas-e-insumos-para-el-fortalecimiento-del-sector\\\/\"},\"wordCount\":383,\"commentCount\":0,\"publisher\":{\"@id\":\"https:\\\/\\\/contrastes.com.co\\\/web\\\/#organization\"},\"image\":{\"@id\":\"https:\\\/\\\/contrastes.com.co\\\/web\\\/2021\\\/09\\\/30\\\/120-artesanos-en-soledad-recibieron-herramientas-e-insumos-para-el-fortalecimiento-del-sector\\\/#primaryimage\"},\"thumbnailUrl\":\"\",\"keywords\":[\"artesanias\",\"Carmen Patricia Ib\u00e1\u00f1ez Alonzo\",\"Domingo Amaris Esquivia\",\"municipio de soledad\",\"Rodolfo Ucr\u00f3s Rosales\",\"secretar\u00eda de Cultura\"],\"articleSection\":[\"Cultura\",\"labores\",\"Locales\"],\"inLanguage\":\"es\",\"potentialAction\":[{\"@type\":\"CommentAction\",\"name\":\"Comment\",\"target\":[\"https:\\\/\\\/contrastes.com.co\\\/web\\\/2021\\\/09\\\/30\\\/120-artesanos-en-soledad-recibieron-herramientas-e-insumos-para-el-fortalecimiento-del-sector\\\/#respond\"]}]},{\"@type\":\"WebPage\",\"@id\":\"https:\\\/\\\/contrastes.com.co\\\/web\\\/2021\\\/09\\\/30\\\/120-artesanos-en-soledad-recibieron-herramientas-e-insumos-para-el-fortalecimiento-del-sector\\\/\",\"url\":\"https:\\\/\\\/contrastes.com.co\\\/web\\\/2021\\\/09\\\/30\\\/120-artesanos-en-soledad-recibieron-herramientas-e-insumos-para-el-fortalecimiento-del-sector\\\/\",\"name\":\"120 artesanos en Soledad recibieron herramientas e insumos para el fortalecimiento del sector - Constrastes\",\"isPartOf\":{\"@id\":\"https:\\\/\\\/contrastes.com.co\\\/web\\\/#website\"},\"primaryImageOfPage\":{\"@id\":\"https:\\\/\\\/contrastes.com.co\\\/web\\\/2021\\\/09\\\/30\\\/120-artesanos-en-soledad-recibieron-herramientas-e-insumos-para-el-fortalecimiento-del-sector\\\/#primaryimage\"},\"image\":{\"@id\":\"https:\\\/\\\/contrastes.com.co\\\/web\\\/2021\\\/09\\\/30\\\/120-artesanos-en-soledad-recibieron-herramientas-e-insumos-para-el-fortalecimiento-del-sector\\\/#primaryimage\"},\"thumbnailUrl\":\"\",\"datePublished\":\"2021-10-01T03:51:20+00:00\",\"description\":\"Con el objetivo de fortalecer el sector artesanal y econ\u00f3mico de la poblaci\u00f3n, la Alcald\u00eda de Soledad, mediante la Secretar\u00eda de Cultura, entreg\u00f3 herramientas de trabajo a 120 artesanos. La dotaci\u00f3n estuvo compuesta por herramientas de trabajo como: pulidoras, caladoras, pinturas, telas, mototools, materiales para bisuter\u00eda y tallado en madera, entre otros.\",\"breadcrumb\":{\"@id\":\"https:\\\/\\\/contrastes.com.co\\\/web\\\/2021\\\/09\\\/30\\\/120-artesanos-en-soledad-recibieron-herramientas-e-insumos-para-el-fortalecimiento-del-sector\\\/#breadcrumb\"},\"inLanguage\":\"es\",\"potentialAction\":[{\"@type\":\"ReadAction\",\"target\":[\"https:\\\/\\\/contrastes.com.co\\\/web\\\/2021\\\/09\\\/30\\\/120-artesanos-en-soledad-recibieron-herramientas-e-insumos-para-el-fortalecimiento-del-sector\\\/\"]}]},{\"@type\":\"ImageObject\",\"inLanguage\":\"es\",\"@id\":\"https:\\\/\\\/contrastes.com.co\\\/web\\\/2021\\\/09\\\/30\\\/120-artesanos-en-soledad-recibieron-herramientas-e-insumos-para-el-fortalecimiento-del-sector\\\/#primaryimage\",\"url\":\"\",\"contentUrl\":\"\"},{\"@type\":\"BreadcrumbList\",\"@id\":\"https:\\\/\\\/contrastes.com.co\\\/web\\\/2021\\\/09\\\/30\\\/120-artesanos-en-soledad-recibieron-herramientas-e-insumos-para-el-fortalecimiento-del-sector\\\/#breadcrumb\",\"itemListElement\":[{\"@type\":\"ListItem\",\"position\":1,\"name\":\"Portada\",\"item\":\"https:\\\/\\\/contrastes.com.co\\\/web\\\/\"},{\"@type\":\"ListItem\",\"position\":2,\"name\":\"120 artesanos en Soledad recibieron herramientas e insumos para el fortalecimiento del sector\"}]},{\"@type\":\"WebSite\",\"@id\":\"https:\\\/\\\/contrastes.com.co\\\/web\\\/#website\",\"url\":\"https:\\\/\\\/contrastes.com.co\\\/web\\\/\",\"name\":\"Contrastes\",\"description\":\"Periodismo de Conciencia\",\"publisher\":{\"@id\":\"https:\\\/\\\/contrastes.com.co\\\/web\\\/#organization\"},\"potentialAction\":[{\"@type\":\"SearchAction\",\"target\":{\"@type\":\"EntryPoint\",\"urlTemplate\":\"https:\\\/\\\/contrastes.com.co\\\/web\\\/?s={search_term_string}\"},\"query-input\":{\"@type\":\"PropertyValueSpecification\",\"valueRequired\":true,\"valueName\":\"search_term_string\"}}],\"inLanguage\":\"es\"},{\"@type\":\"Organization\",\"@id\":\"https:\\\/\\\/contrastes.com.co\\\/web\\\/#organization\",\"name\":\"Contrastes\",\"url\":\"https:\\\/\\\/contrastes.com.co\\\/web\\\/\",\"logo\":{\"@type\":\"ImageObject\",\"inLanguage\":\"es\",\"@id\":\"https:\\\/\\\/contrastes.com.co\\\/web\\\/#\\\/schema\\\/logo\\\/image\\\/\",\"url\":\"https:\\\/\\\/contrastes.com.co\\\/web\\\/wp-content\\\/uploads\\\/2025\\\/04\\\/15CONTRASTES3.png\",\"contentUrl\":\"https:\\\/\\\/contrastes.com.co\\\/web\\\/wp-content\\\/uploads\\\/2025\\\/04\\\/15CONTRASTES3.png\",\"width\":1536,\"height\":231,\"caption\":\"Contrastes\"},\"image\":{\"@id\":\"https:\\\/\\\/contrastes.com.co\\\/web\\\/#\\\/schema\\\/logo\\\/image\\\/\"},\"sameAs\":[\"https:\\\/\\\/www.facebook.com\\\/guillo.pantoja.1\"]},{\"@type\":\"Person\",\"@id\":\"https:\\\/\\\/contrastes.com.co\\\/web\\\/#\\\/schema\\\/person\\\/62ef7a62dc4da6de450c71fc2e95ed02\",\"name\":\"Editor\",\"image\":{\"@type\":\"ImageObject\",\"inLanguage\":\"es\",\"@id\":\"https:\\\/\\\/secure.gravatar.com\\\/avatar\\\/7bbb4f718d74bbf600dc556253bb04fd7ac8593751d6e2e3b85432d98aefae80?s=96&d=mm&r=g\",\"url\":\"https:\\\/\\\/secure.gravatar.com\\\/avatar\\\/7bbb4f718d74bbf600dc556253bb04fd7ac8593751d6e2e3b85432d98aefae80?s=96&d=mm&r=g\",\"contentUrl\":\"https:\\\/\\\/secure.gravatar.com\\\/avatar\\\/7bbb4f718d74bbf600dc556253bb04fd7ac8593751d6e2e3b85432d98aefae80?s=96&d=mm&r=g\",\"caption\":\"Editor\"},\"sameAs\":[\"https:\\\/\\\/contrastes.com.co\\\/web\"],\"url\":\"https:\\\/\\\/contrastes.com.co\\\/web\\\/author\\\/jdbobadilla\\\/\"}]}<\/script>\n<!-- \/ Yoast SEO plugin. -->","yoast_head_json":{"title":"120 artesanos en Soledad recibieron herramientas e insumos para el fortalecimiento del sector - Constrastes","description":"Con el objetivo de fortalecer el sector artesanal y econ\u00f3mico de la poblaci\u00f3n, la Alcald\u00eda de Soledad, mediante la Secretar\u00eda de Cultura, entreg\u00f3 herramientas de trabajo a 120 artesanos. La dotaci\u00f3n estuvo compuesta por herramientas de trabajo como: pulidoras, caladoras, pinturas, telas, mototools, materiales para bisuter\u00eda y tallado en madera, entre otros.","robots":{"index":"index","follow":"follow","max-snippet":"max-snippet:-1","max-image-preview":"max-image-preview:large","max-video-preview":"max-video-preview:-1"},"canonical":"https:\/\/contrastes.com.co\/web\/2021\/09\/30\/120-artesanos-en-soledad-recibieron-herramientas-e-insumos-para-el-fortalecimiento-del-sector\/","og_locale":"es_ES","og_type":"article","og_title":"120 artesanos en Soledad recibieron herramientas e insumos para el fortalecimiento del sector - Constrastes","og_description":"Con el objetivo de fortalecer el sector artesanal y econ\u00f3mico de la poblaci\u00f3n, la Alcald\u00eda de Soledad, mediante la Secretar\u00eda de Cultura, entreg\u00f3 herramientas de trabajo a 120 artesanos. La dotaci\u00f3n estuvo compuesta por herramientas de trabajo como: pulidoras, caladoras, pinturas, telas, mototools, materiales para bisuter\u00eda y tallado en madera, entre otros.","og_url":"https:\/\/contrastes.com.co\/web\/2021\/09\/30\/120-artesanos-en-soledad-recibieron-herramientas-e-insumos-para-el-fortalecimiento-del-sector\/","og_site_name":"Constrastes","article_publisher":"https:\/\/www.facebook.com\/guillo.pantoja.1","article_published_time":"2021-10-01T03:51:20+00:00","author":"Editor","twitter_card":"summary_large_image","twitter_misc":{"Escrito por":"Editor","Tiempo de lectura":"2 minutos"},"schema":{"@context":"https:\/\/schema.org","@graph":[{"@type":"Article","@id":"https:\/\/contrastes.com.co\/web\/2021\/09\/30\/120-artesanos-en-soledad-recibieron-herramientas-e-insumos-para-el-fortalecimiento-del-sector\/#article","isPartOf":{"@id":"https:\/\/contrastes.com.co\/web\/2021\/09\/30\/120-artesanos-en-soledad-recibieron-herramientas-e-insumos-para-el-fortalecimiento-del-sector\/"},"author":{"name":"Editor","@id":"https:\/\/contrastes.com.co\/web\/#\/schema\/person\/62ef7a62dc4da6de450c71fc2e95ed02"},"headline":"120 artesanos en Soledad recibieron herramientas e insumos para el fortalecimiento del sector","datePublished":"2021-10-01T03:51:20+00:00","mainEntityOfPage":{"@id":"https:\/\/contrastes.com.co\/web\/2021\/09\/30\/120-artesanos-en-soledad-recibieron-herramientas-e-insumos-para-el-fortalecimiento-del-sector\/"},"wordCount":383,"commentCount":0,"publisher":{"@id":"https:\/\/contrastes.com.co\/web\/#organization"},"image":{"@id":"https:\/\/contrastes.com.co\/web\/2021\/09\/30\/120-artesanos-en-soledad-recibieron-herramientas-e-insumos-para-el-fortalecimiento-del-sector\/#primaryimage"},"thumbnailUrl":"","keywords":["artesanias","Carmen Patricia Ib\u00e1\u00f1ez Alonzo","Domingo Amaris Esquivia","municipio de soledad","Rodolfo Ucr\u00f3s Rosales","secretar\u00eda de Cultura"],"articleSection":["Cultura","labores","Locales"],"inLanguage":"es","potentialAction":[{"@type":"CommentAction","name":"Comment","target":["https:\/\/contrastes.com.co\/web\/2021\/09\/30\/120-artesanos-en-soledad-recibieron-herramientas-e-insumos-para-el-fortalecimiento-del-sector\/#respond"]}]},{"@type":"WebPage","@id":"https:\/\/contrastes.com.co\/web\/2021\/09\/30\/120-artesanos-en-soledad-recibieron-herramientas-e-insumos-para-el-fortalecimiento-del-sector\/","url":"https:\/\/contrastes.com.co\/web\/2021\/09\/30\/120-artesanos-en-soledad-recibieron-herramientas-e-insumos-para-el-fortalecimiento-del-sector\/","name":"120 artesanos en Soledad recibieron herramientas e insumos para el fortalecimiento del sector - Constrastes","isPartOf":{"@id":"https:\/\/contrastes.com.co\/web\/#website"},"primaryImageOfPage":{"@id":"https:\/\/contrastes.com.co\/web\/2021\/09\/30\/120-artesanos-en-soledad-recibieron-herramientas-e-insumos-para-el-fortalecimiento-del-sector\/#primaryimage"},"image":{"@id":"https:\/\/contrastes.com.co\/web\/2021\/09\/30\/120-artesanos-en-soledad-recibieron-herramientas-e-insumos-para-el-fortalecimiento-del-sector\/#primaryimage"},"thumbnailUrl":"","datePublished":"2021-10-01T03:51:20+00:00","description":"Con el objetivo de fortalecer el sector artesanal y econ\u00f3mico de la poblaci\u00f3n, la Alcald\u00eda de Soledad, mediante la Secretar\u00eda de Cultura, entreg\u00f3 herramientas de trabajo a 120 artesanos. La dotaci\u00f3n estuvo compuesta por herramientas de trabajo como: pulidoras, caladoras, pinturas, telas, mototools, materiales para bisuter\u00eda y tallado en madera, entre otros.","breadcrumb":{"@id":"https:\/\/contrastes.com.co\/web\/2021\/09\/30\/120-artesanos-en-soledad-recibieron-herramientas-e-insumos-para-el-fortalecimiento-del-sector\/#breadcrumb"},"inLanguage":"es","potentialAction":[{"@type":"ReadAction","target":["https:\/\/contrastes.com.co\/web\/2021\/09\/30\/120-artesanos-en-soledad-recibieron-herramientas-e-insumos-para-el-fortalecimiento-del-sector\/"]}]},{"@type":"ImageObject","inLanguage":"es","@id":"https:\/\/contrastes.com.co\/web\/2021\/09\/30\/120-artesanos-en-soledad-recibieron-herramientas-e-insumos-para-el-fortalecimiento-del-sector\/#primaryimage","url":"","contentUrl":""},{"@type":"BreadcrumbList","@id":"https:\/\/contrastes.com.co\/web\/2021\/09\/30\/120-artesanos-en-soledad-recibieron-herramientas-e-insumos-para-el-fortalecimiento-del-sector\/#breadcrumb","itemListElement":[{"@type":"ListItem","position":1,"name":"Portada","item":"https:\/\/contrastes.com.co\/web\/"},{"@type":"ListItem","position":2,"name":"120 artesanos en Soledad recibieron herramientas e insumos para el fortalecimiento del sector"}]},{"@type":"WebSite","@id":"https:\/\/contrastes.com.co\/web\/#website","url":"https:\/\/contrastes.com.co\/web\/","name":"Contrastes","description":"Periodismo de Conciencia","publisher":{"@id":"https:\/\/contrastes.com.co\/web\/#organization"},"potentialAction":[{"@type":"SearchAction","target":{"@type":"EntryPoint","urlTemplate":"https:\/\/contrastes.com.co\/web\/?s={search_term_string}"},"query-input":{"@type":"PropertyValueSpecification","valueRequired":true,"valueName":"search_term_string"}}],"inLanguage":"es"},{"@type":"Organization","@id":"https:\/\/contrastes.com.co\/web\/#organization","name":"Contrastes","url":"https:\/\/contrastes.com.co\/web\/","logo":{"@type":"ImageObject","inLanguage":"es","@id":"https:\/\/contrastes.com.co\/web\/#\/schema\/logo\/image\/","url":"https:\/\/contrastes.com.co\/web\/wp-content\/uploads\/2025\/04\/15CONTRASTES3.png","contentUrl":"https:\/\/contrastes.com.co\/web\/wp-content\/uploads\/2025\/04\/15CONTRASTES3.png","width":1536,"height":231,"caption":"Contrastes"},"image":{"@id":"https:\/\/contrastes.com.co\/web\/#\/schema\/logo\/image\/"},"sameAs":["https:\/\/www.facebook.com\/guillo.pantoja.1"]},{"@type":"Person","@id":"https:\/\/contrastes.com.co\/web\/#\/schema\/person\/62ef7a62dc4da6de450c71fc2e95ed02","name":"Editor","image":{"@type":"ImageObject","inLanguage":"es","@id":"https:\/\/secure.gravatar.com\/avatar\/7bbb4f718d74bbf600dc556253bb04fd7ac8593751d6e2e3b85432d98aefae80?s=96&d=mm&r=g","url":"https:\/\/secure.gravatar.com\/avatar\/7bbb4f718d74bbf600dc556253bb04fd7ac8593751d6e2e3b85432d98aefae80?s=96&d=mm&r=g","contentUrl":"https:\/\/secure.gravatar.com\/avatar\/7bbb4f718d74bbf600dc556253bb04fd7ac8593751d6e2e3b85432d98aefae80?s=96&d=mm&r=g","caption":"Editor"},"sameAs":["https:\/\/contrastes.com.co\/web"],"url":"https:\/\/contrastes.com.co\/web\/author\/jdbobadilla\/"}]}},"blog_post_layout_featured_media_urls":{"thumbnail":"","full":""},"categories_names":{"104":{"name":"Cultura","link":"https:\/\/contrastes.com.co\/web\/category\/cultura\/"},"484":{"name":"labores","link":"https:\/\/contrastes.com.co\/web\/category\/labores\/"},"23":{"name":"Locales","link":"https:\/\/contrastes.com.co\/web\/category\/locales\/"}},"tags_names":{"1162":{"name":"artesanias","link":"https:\/\/contrastes.com.co\/web\/tag\/artesanias\/"},"4437":{"name":"Carmen Patricia Ib\u00e1\u00f1ez Alonzo","link":"https:\/\/contrastes.com.co\/web\/tag\/carmen-patricia-ibanez-alonzo\/"},"2212":{"name":"Domingo Amaris Esquivia","link":"https:\/\/contrastes.com.co\/web\/tag\/domingo-amaris-esquivia\/"},"51":{"name":"municipio de soledad","link":"https:\/\/contrastes.com.co\/web\/tag\/municipio-de-soledad\/"},"1879":{"name":"Rodolfo Ucr\u00f3s Rosales","link":"https:\/\/contrastes.com.co\/web\/tag\/rodolfo-ucros-rosales\/"},"890":{"name":"secretar\u00eda de Cultura","link":"https:\/\/contrastes.com.co\/web\/tag\/secretaria-de-cultura\/"}},"comments_number":"0","wpmagazine_modules_lite_featured_media_urls":{"thumbnail":"","cvmm-medium":"","cvmm-medium-plus":"","cvmm-portrait":"","cvmm-medium-square":"","cvmm-large":"","cvmm-small":"","full":""},"_links":{"self":[{"href":"https:\/\/contrastes.com.co\/web\/wp-json\/wp\/v2\/posts\/7618","targetHints":{"allow":["GET"]}}],"collection":[{"href":"https:\/\/contrastes.com.co\/web\/wp-json\/wp\/v2\/posts"}],"about":[{"href":"https:\/\/contrastes.com.co\/web\/wp-json\/wp\/v2\/types\/post"}],"author":[{"embeddable":true,"href":"https:\/\/contrastes.com.co\/web\/wp-json\/wp\/v2\/users\/1"}],"replies":[{"embeddable":true,"href":"https:\/\/contrastes.com.co\/web\/wp-json\/wp\/v2\/comments?post=7618"}],"version-history":[{"count":0,"href":"https:\/\/contrastes.com.co\/web\/wp-json\/wp\/v2\/posts\/7618\/revisions"}],"wp:attachment":[{"href":"https:\/\/contrastes.com.co\/web\/wp-json\/wp\/v2\/media?parent=7618"}],"wp:term":[{"taxonomy":"category","embeddable":true,"href":"https:\/\/contrastes.com.co\/web\/wp-json\/wp\/v2\/categories?post=7618"},{"taxonomy":"post_tag","embeddable":true,"href":"https:\/\/contrastes.com.co\/web\/wp-json\/wp\/v2\/tags?post=7618"}],"curies":[{"name":"wp","href":"https:\/\/api.w.org\/{rel}","templated":true}]}}