{"id":7643,"date":"2021-10-05T08:25:36","date_gmt":"2021-10-05T13:25:36","guid":{"rendered":"https:\/\/contrastes.com.co\/digital\/?p=7643"},"modified":"2021-10-05T08:25:36","modified_gmt":"2021-10-05T13:25:36","slug":"soledad-disminuye-embarazos-no-planificados-en-adolescentes-durante-el-ultimo-ano","status":"publish","type":"post","link":"https:\/\/contrastes.com.co\/web\/2021\/10\/05\/soledad-disminuye-embarazos-no-planificados-en-adolescentes-durante-el-ultimo-ano\/","title":{"rendered":"Soledad disminuye embarazos no planificados en adolescentes durante el \u00faltimo a\u00f1o"},"content":{"rendered":"<p><strong>Soledad disminuye embarazos no planificados en adolescentes durante el \u00faltimo a\u00f1o<\/strong><\/p>\n<blockquote><p><strong>A corte de agosto de 2020, en el municipio de Soledad se registraron 22 embarazos en menores de 14 a\u00f1os y en agosto de 2021 la cifra disminuy\u00f3 a 17 adolescentes embarazadas, bajando en un 41% los casos.<\/strong><\/p><\/blockquote>\n<p><strong>Soledad.-<\/strong>\u00a0Teniendo en cuenta la disminuci\u00f3n de embarazos no planificados en adolescentes durante el \u00faltimo a\u00f1o en Soledad, el Hospital Materno Infantil, viene intensificando capacitaciones y charlas en los planteles educativos dirigida a estudiantes, para continuar con la tendencia a la baja en este tema, mediante el programa de Servicios Amigables de la instituci\u00f3n, el cual se dedica a atender a este importante sector de la poblaci\u00f3n sobre temas relacionados con la adolescencia y sus diferentes aspectos situacionales.<\/p>\n<p>A corte de agosto de 2020, en el municipio de Soledad se registraron 22 embarazos en menores de 14 a\u00f1os y en agosto de 2021 la cifra disminuy\u00f3 a 17 adolescentes embarazadas, bajando en un 41 por ciento los casos. En lo que respecta a las edades que oscilan entre los 15 y 19 a\u00f1os en agosto de 2020, La cifra de embarazadas fue de 672 y para agosto de este a\u00f1o fue de 632, mostrando tambi\u00e9n una disminuci\u00f3n significativa.<\/p>\n<p>En ese orden de ideas Soledad ha pasado de alarma roja a verde, permitiendo as\u00ed, un mejoramiento de los registros de los embarazos no planificados y a trav\u00e9s de esta estrategia se busca minimizar el impacto que ocasiona para los adolescentes y sus familias, un embarazo a temprana edad, sin una verdadera planificaci\u00f3n, afectando en muchas oportunidades proyectos a corto, mediano y largo plazo.<\/p>\n<p>\u00abNuestra instituci\u00f3n a trav\u00e9s de la estrategia de <strong>Servicios Amigables<\/strong>, se acerca a todos los sectores del municipio de Soledad, con un equipo de profesionales especializados en dichas materias, desarrollando actividades enfocadas en la responsabilidad sexual de nuestros adolescentes y la realizaci\u00f3n de capacitaciones para este grupo poblacional \u00ab, expres\u00f3 <strong>Juan Esteban S\u00e1nchez, gerente del Hospital Materno Infantil<\/strong>.<\/p>\n<p>En el reciente mes de septiembre y en el marco de la conmemoraci\u00f3n de la Semana Andina, el tema principal fue embarazos en los adolescentes y para tal fin el Hospital Materno Infantil, realiz\u00f3 una serie de capacitaciones, con la participaci\u00f3n de profesionales de la salud de la instituci\u00f3n, psic\u00f3logos y estudiantes de medicina de los diferentes centros universitarios, los cuales dirigieron sus charlas a los menores de los diferentes planteles educativos de Soledad.<\/p>\n","protected":false},"excerpt":{"rendered":"<p>Teniendo en cuenta la disminuci\u00f3n de embarazos no planificados en adolescentes durante el \u00faltimo a\u00f1o en Soledad, el Hospital Materno Infantil, viene intensificando capacitaciones y charlas en los planteles educativos dirigida a estudiantes, para continuar con la tendencia a la baja en este tema, mediante el programa de Servicios Amigables de la instituci\u00f3n, el cual se dedica a atender a este importante sector de la poblaci\u00f3n sobre temas relacionados con la adolescencia y sus diferentes aspectos situacionales.<\/p>\n","protected":false},"author":1,"featured_media":7644,"comment_status":"open","ping_status":"open","sticky":false,"template":"","format":"standard","meta":{"footnotes":""},"categories":[1034,23,25],"tags":[2859,4463,4464,4465,1338,209,3116,1892,1518,51,4466,4467],"class_list":["post-7643","post","type-post","status-publish","format-standard","has-post-thumbnail","hentry","category-juventud","category-locales","category-salud","tag-adolescentes","tag-charlas","tag-disminucion","tag-embarazos-no-planificados","tag-ese-hospital-materno-infantil-de-soledad","tag-estudiantes","tag-gerente-del-hospital-materno-infantil","tag-juan-esteban-sanchez","tag-menores-de-edad","tag-municipio-de-soledad","tag-servicios-amigables-en-salud","tag-ultimo-ano"],"yoast_head":"<!-- This site is optimized with the Yoast SEO plugin v27.7 - https:\/\/yoast.com\/product\/yoast-seo-wordpress\/ -->\n<title>Soledad disminuye embarazos no planificados en adolescentes durante el \u00faltimo a\u00f1o - Constrastes<\/title>\n<meta name=\"description\" content=\"Teniendo en cuenta la disminuci\u00f3n de embarazos no planificados en adolescentes durante el \u00faltimo a\u00f1o en Soledad, el Hospital Materno Infantil, viene intensificando capacitaciones y charlas en los planteles educativos dirigida a estudiantes, para continuar con la tendencia a la baja en este tema, mediante el programa de Servicios Amigables de la instituci\u00f3n, el cual se dedica a atender a este importante sector de la poblaci\u00f3n sobre temas relacionados con la adolescencia y sus diferentes aspectos situacionales.\" \/>\n<meta name=\"robots\" content=\"index, follow, max-snippet:-1, max-image-preview:large, max-video-preview:-1\" \/>\n<link rel=\"canonical\" href=\"https:\/\/contrastes.com.co\/web\/2021\/10\/05\/soledad-disminuye-embarazos-no-planificados-en-adolescentes-durante-el-ultimo-ano\/\" \/>\n<meta property=\"og:locale\" content=\"es_ES\" \/>\n<meta property=\"og:type\" content=\"article\" \/>\n<meta property=\"og:title\" content=\"Soledad disminuye embarazos no planificados en adolescentes durante el \u00faltimo a\u00f1o - Constrastes\" \/>\n<meta property=\"og:description\" content=\"Teniendo en cuenta la disminuci\u00f3n de embarazos no planificados en adolescentes durante el \u00faltimo a\u00f1o en Soledad, el Hospital Materno Infantil, viene intensificando capacitaciones y charlas en los planteles educativos dirigida a estudiantes, para continuar con la tendencia a la baja en este tema, mediante el programa de Servicios Amigables de la instituci\u00f3n, el cual se dedica a atender a este importante sector de la poblaci\u00f3n sobre temas relacionados con la adolescencia y sus diferentes aspectos situacionales.\" \/>\n<meta property=\"og:url\" content=\"https:\/\/contrastes.com.co\/web\/2021\/10\/05\/soledad-disminuye-embarazos-no-planificados-en-adolescentes-durante-el-ultimo-ano\/\" \/>\n<meta property=\"og:site_name\" content=\"Constrastes\" \/>\n<meta property=\"article:publisher\" content=\"https:\/\/www.facebook.com\/guillo.pantoja.1\" \/>\n<meta property=\"article:published_time\" content=\"2021-10-05T13:25:36+00:00\" \/>\n<meta name=\"author\" content=\"Editor\" \/>\n<meta name=\"twitter:card\" content=\"summary_large_image\" \/>\n<meta name=\"twitter:label1\" content=\"Escrito por\" \/>\n\t<meta name=\"twitter:data1\" content=\"Editor\" \/>\n\t<meta name=\"twitter:label2\" content=\"Tiempo de lectura\" \/>\n\t<meta name=\"twitter:data2\" content=\"2 minutos\" \/>\n<script type=\"application\/ld+json\" class=\"yoast-schema-graph\">{\"@context\":\"https:\\\/\\\/schema.org\",\"@graph\":[{\"@type\":\"Article\",\"@id\":\"https:\\\/\\\/contrastes.com.co\\\/web\\\/2021\\\/10\\\/05\\\/soledad-disminuye-embarazos-no-planificados-en-adolescentes-durante-el-ultimo-ano\\\/#article\",\"isPartOf\":{\"@id\":\"https:\\\/\\\/contrastes.com.co\\\/web\\\/2021\\\/10\\\/05\\\/soledad-disminuye-embarazos-no-planificados-en-adolescentes-durante-el-ultimo-ano\\\/\"},\"author\":{\"name\":\"Editor\",\"@id\":\"https:\\\/\\\/contrastes.com.co\\\/web\\\/#\\\/schema\\\/person\\\/62ef7a62dc4da6de450c71fc2e95ed02\"},\"headline\":\"Soledad disminuye embarazos no planificados en adolescentes durante el \u00faltimo a\u00f1o\",\"datePublished\":\"2021-10-05T13:25:36+00:00\",\"mainEntityOfPage\":{\"@id\":\"https:\\\/\\\/contrastes.com.co\\\/web\\\/2021\\\/10\\\/05\\\/soledad-disminuye-embarazos-no-planificados-en-adolescentes-durante-el-ultimo-ano\\\/\"},\"wordCount\":419,\"commentCount\":0,\"publisher\":{\"@id\":\"https:\\\/\\\/contrastes.com.co\\\/web\\\/#organization\"},\"image\":{\"@id\":\"https:\\\/\\\/contrastes.com.co\\\/web\\\/2021\\\/10\\\/05\\\/soledad-disminuye-embarazos-no-planificados-en-adolescentes-durante-el-ultimo-ano\\\/#primaryimage\"},\"thumbnailUrl\":\"\",\"keywords\":[\"adolescentes\",\"charlas\",\"disminuci\u00f3n\",\"embarazos no planificados\",\"ESE Hospital Materno Infantil de Soledad\",\"estudiantes\",\"gerente del Hospital Materno Infantil\",\"Juan Esteban S\u00e1nchez\",\"menores de edad\",\"municipio de soledad\",\"Servicios Amigables en Salud\",\"\u00faltimo a\u00f1o\"],\"articleSection\":[\"Juventud\",\"Locales\",\"Salud\"],\"inLanguage\":\"es\",\"potentialAction\":[{\"@type\":\"CommentAction\",\"name\":\"Comment\",\"target\":[\"https:\\\/\\\/contrastes.com.co\\\/web\\\/2021\\\/10\\\/05\\\/soledad-disminuye-embarazos-no-planificados-en-adolescentes-durante-el-ultimo-ano\\\/#respond\"]}]},{\"@type\":\"WebPage\",\"@id\":\"https:\\\/\\\/contrastes.com.co\\\/web\\\/2021\\\/10\\\/05\\\/soledad-disminuye-embarazos-no-planificados-en-adolescentes-durante-el-ultimo-ano\\\/\",\"url\":\"https:\\\/\\\/contrastes.com.co\\\/web\\\/2021\\\/10\\\/05\\\/soledad-disminuye-embarazos-no-planificados-en-adolescentes-durante-el-ultimo-ano\\\/\",\"name\":\"Soledad disminuye embarazos no planificados en adolescentes durante el \u00faltimo a\u00f1o - Constrastes\",\"isPartOf\":{\"@id\":\"https:\\\/\\\/contrastes.com.co\\\/web\\\/#website\"},\"primaryImageOfPage\":{\"@id\":\"https:\\\/\\\/contrastes.com.co\\\/web\\\/2021\\\/10\\\/05\\\/soledad-disminuye-embarazos-no-planificados-en-adolescentes-durante-el-ultimo-ano\\\/#primaryimage\"},\"image\":{\"@id\":\"https:\\\/\\\/contrastes.com.co\\\/web\\\/2021\\\/10\\\/05\\\/soledad-disminuye-embarazos-no-planificados-en-adolescentes-durante-el-ultimo-ano\\\/#primaryimage\"},\"thumbnailUrl\":\"\",\"datePublished\":\"2021-10-05T13:25:36+00:00\",\"description\":\"Teniendo en cuenta la disminuci\u00f3n de embarazos no planificados en adolescentes durante el \u00faltimo a\u00f1o en Soledad, el Hospital Materno Infantil, viene intensificando capacitaciones y charlas en los planteles educativos dirigida a estudiantes, para continuar con la tendencia a la baja en este tema, mediante el programa de Servicios Amigables de la instituci\u00f3n, el cual se dedica a atender a este importante sector de la poblaci\u00f3n sobre temas relacionados con la adolescencia y sus diferentes aspectos situacionales.\",\"breadcrumb\":{\"@id\":\"https:\\\/\\\/contrastes.com.co\\\/web\\\/2021\\\/10\\\/05\\\/soledad-disminuye-embarazos-no-planificados-en-adolescentes-durante-el-ultimo-ano\\\/#breadcrumb\"},\"inLanguage\":\"es\",\"potentialAction\":[{\"@type\":\"ReadAction\",\"target\":[\"https:\\\/\\\/contrastes.com.co\\\/web\\\/2021\\\/10\\\/05\\\/soledad-disminuye-embarazos-no-planificados-en-adolescentes-durante-el-ultimo-ano\\\/\"]}]},{\"@type\":\"ImageObject\",\"inLanguage\":\"es\",\"@id\":\"https:\\\/\\\/contrastes.com.co\\\/web\\\/2021\\\/10\\\/05\\\/soledad-disminuye-embarazos-no-planificados-en-adolescentes-durante-el-ultimo-ano\\\/#primaryimage\",\"url\":\"\",\"contentUrl\":\"\"},{\"@type\":\"BreadcrumbList\",\"@id\":\"https:\\\/\\\/contrastes.com.co\\\/web\\\/2021\\\/10\\\/05\\\/soledad-disminuye-embarazos-no-planificados-en-adolescentes-durante-el-ultimo-ano\\\/#breadcrumb\",\"itemListElement\":[{\"@type\":\"ListItem\",\"position\":1,\"name\":\"Portada\",\"item\":\"https:\\\/\\\/contrastes.com.co\\\/web\\\/\"},{\"@type\":\"ListItem\",\"position\":2,\"name\":\"Soledad disminuye embarazos no planificados en adolescentes durante el \u00faltimo a\u00f1o\"}]},{\"@type\":\"WebSite\",\"@id\":\"https:\\\/\\\/contrastes.com.co\\\/web\\\/#website\",\"url\":\"https:\\\/\\\/contrastes.com.co\\\/web\\\/\",\"name\":\"Contrastes\",\"description\":\"Periodismo de Conciencia\",\"publisher\":{\"@id\":\"https:\\\/\\\/contrastes.com.co\\\/web\\\/#organization\"},\"potentialAction\":[{\"@type\":\"SearchAction\",\"target\":{\"@type\":\"EntryPoint\",\"urlTemplate\":\"https:\\\/\\\/contrastes.com.co\\\/web\\\/?s={search_term_string}\"},\"query-input\":{\"@type\":\"PropertyValueSpecification\",\"valueRequired\":true,\"valueName\":\"search_term_string\"}}],\"inLanguage\":\"es\"},{\"@type\":\"Organization\",\"@id\":\"https:\\\/\\\/contrastes.com.co\\\/web\\\/#organization\",\"name\":\"Contrastes\",\"url\":\"https:\\\/\\\/contrastes.com.co\\\/web\\\/\",\"logo\":{\"@type\":\"ImageObject\",\"inLanguage\":\"es\",\"@id\":\"https:\\\/\\\/contrastes.com.co\\\/web\\\/#\\\/schema\\\/logo\\\/image\\\/\",\"url\":\"https:\\\/\\\/contrastes.com.co\\\/web\\\/wp-content\\\/uploads\\\/2025\\\/04\\\/15CONTRASTES3.png\",\"contentUrl\":\"https:\\\/\\\/contrastes.com.co\\\/web\\\/wp-content\\\/uploads\\\/2025\\\/04\\\/15CONTRASTES3.png\",\"width\":1536,\"height\":231,\"caption\":\"Contrastes\"},\"image\":{\"@id\":\"https:\\\/\\\/contrastes.com.co\\\/web\\\/#\\\/schema\\\/logo\\\/image\\\/\"},\"sameAs\":[\"https:\\\/\\\/www.facebook.com\\\/guillo.pantoja.1\"]},{\"@type\":\"Person\",\"@id\":\"https:\\\/\\\/contrastes.com.co\\\/web\\\/#\\\/schema\\\/person\\\/62ef7a62dc4da6de450c71fc2e95ed02\",\"name\":\"Editor\",\"image\":{\"@type\":\"ImageObject\",\"inLanguage\":\"es\",\"@id\":\"https:\\\/\\\/secure.gravatar.com\\\/avatar\\\/7bbb4f718d74bbf600dc556253bb04fd7ac8593751d6e2e3b85432d98aefae80?s=96&d=mm&r=g\",\"url\":\"https:\\\/\\\/secure.gravatar.com\\\/avatar\\\/7bbb4f718d74bbf600dc556253bb04fd7ac8593751d6e2e3b85432d98aefae80?s=96&d=mm&r=g\",\"contentUrl\":\"https:\\\/\\\/secure.gravatar.com\\\/avatar\\\/7bbb4f718d74bbf600dc556253bb04fd7ac8593751d6e2e3b85432d98aefae80?s=96&d=mm&r=g\",\"caption\":\"Editor\"},\"sameAs\":[\"https:\\\/\\\/contrastes.com.co\\\/web\"],\"url\":\"https:\\\/\\\/contrastes.com.co\\\/web\\\/author\\\/jdbobadilla\\\/\"}]}<\/script>\n<!-- \/ Yoast SEO plugin. -->","yoast_head_json":{"title":"Soledad disminuye embarazos no planificados en adolescentes durante el \u00faltimo a\u00f1o - Constrastes","description":"Teniendo en cuenta la disminuci\u00f3n de embarazos no planificados en adolescentes durante el \u00faltimo a\u00f1o en Soledad, el Hospital Materno Infantil, viene intensificando capacitaciones y charlas en los planteles educativos dirigida a estudiantes, para continuar con la tendencia a la baja en este tema, mediante el programa de Servicios Amigables de la instituci\u00f3n, el cual se dedica a atender a este importante sector de la poblaci\u00f3n sobre temas relacionados con la adolescencia y sus diferentes aspectos situacionales.","robots":{"index":"index","follow":"follow","max-snippet":"max-snippet:-1","max-image-preview":"max-image-preview:large","max-video-preview":"max-video-preview:-1"},"canonical":"https:\/\/contrastes.com.co\/web\/2021\/10\/05\/soledad-disminuye-embarazos-no-planificados-en-adolescentes-durante-el-ultimo-ano\/","og_locale":"es_ES","og_type":"article","og_title":"Soledad disminuye embarazos no planificados en adolescentes durante el \u00faltimo a\u00f1o - Constrastes","og_description":"Teniendo en cuenta la disminuci\u00f3n de embarazos no planificados en adolescentes durante el \u00faltimo a\u00f1o en Soledad, el Hospital Materno Infantil, viene intensificando capacitaciones y charlas en los planteles educativos dirigida a estudiantes, para continuar con la tendencia a la baja en este tema, mediante el programa de Servicios Amigables de la instituci\u00f3n, el cual se dedica a atender a este importante sector de la poblaci\u00f3n sobre temas relacionados con la adolescencia y sus diferentes aspectos situacionales.","og_url":"https:\/\/contrastes.com.co\/web\/2021\/10\/05\/soledad-disminuye-embarazos-no-planificados-en-adolescentes-durante-el-ultimo-ano\/","og_site_name":"Constrastes","article_publisher":"https:\/\/www.facebook.com\/guillo.pantoja.1","article_published_time":"2021-10-05T13:25:36+00:00","author":"Editor","twitter_card":"summary_large_image","twitter_misc":{"Escrito por":"Editor","Tiempo de lectura":"2 minutos"},"schema":{"@context":"https:\/\/schema.org","@graph":[{"@type":"Article","@id":"https:\/\/contrastes.com.co\/web\/2021\/10\/05\/soledad-disminuye-embarazos-no-planificados-en-adolescentes-durante-el-ultimo-ano\/#article","isPartOf":{"@id":"https:\/\/contrastes.com.co\/web\/2021\/10\/05\/soledad-disminuye-embarazos-no-planificados-en-adolescentes-durante-el-ultimo-ano\/"},"author":{"name":"Editor","@id":"https:\/\/contrastes.com.co\/web\/#\/schema\/person\/62ef7a62dc4da6de450c71fc2e95ed02"},"headline":"Soledad disminuye embarazos no planificados en adolescentes durante el \u00faltimo a\u00f1o","datePublished":"2021-10-05T13:25:36+00:00","mainEntityOfPage":{"@id":"https:\/\/contrastes.com.co\/web\/2021\/10\/05\/soledad-disminuye-embarazos-no-planificados-en-adolescentes-durante-el-ultimo-ano\/"},"wordCount":419,"commentCount":0,"publisher":{"@id":"https:\/\/contrastes.com.co\/web\/#organization"},"image":{"@id":"https:\/\/contrastes.com.co\/web\/2021\/10\/05\/soledad-disminuye-embarazos-no-planificados-en-adolescentes-durante-el-ultimo-ano\/#primaryimage"},"thumbnailUrl":"","keywords":["adolescentes","charlas","disminuci\u00f3n","embarazos no planificados","ESE Hospital Materno Infantil de Soledad","estudiantes","gerente del Hospital Materno Infantil","Juan Esteban S\u00e1nchez","menores de edad","municipio de soledad","Servicios Amigables en Salud","\u00faltimo a\u00f1o"],"articleSection":["Juventud","Locales","Salud"],"inLanguage":"es","potentialAction":[{"@type":"CommentAction","name":"Comment","target":["https:\/\/contrastes.com.co\/web\/2021\/10\/05\/soledad-disminuye-embarazos-no-planificados-en-adolescentes-durante-el-ultimo-ano\/#respond"]}]},{"@type":"WebPage","@id":"https:\/\/contrastes.com.co\/web\/2021\/10\/05\/soledad-disminuye-embarazos-no-planificados-en-adolescentes-durante-el-ultimo-ano\/","url":"https:\/\/contrastes.com.co\/web\/2021\/10\/05\/soledad-disminuye-embarazos-no-planificados-en-adolescentes-durante-el-ultimo-ano\/","name":"Soledad disminuye embarazos no planificados en adolescentes durante el \u00faltimo a\u00f1o - Constrastes","isPartOf":{"@id":"https:\/\/contrastes.com.co\/web\/#website"},"primaryImageOfPage":{"@id":"https:\/\/contrastes.com.co\/web\/2021\/10\/05\/soledad-disminuye-embarazos-no-planificados-en-adolescentes-durante-el-ultimo-ano\/#primaryimage"},"image":{"@id":"https:\/\/contrastes.com.co\/web\/2021\/10\/05\/soledad-disminuye-embarazos-no-planificados-en-adolescentes-durante-el-ultimo-ano\/#primaryimage"},"thumbnailUrl":"","datePublished":"2021-10-05T13:25:36+00:00","description":"Teniendo en cuenta la disminuci\u00f3n de embarazos no planificados en adolescentes durante el \u00faltimo a\u00f1o en Soledad, el Hospital Materno Infantil, viene intensificando capacitaciones y charlas en los planteles educativos dirigida a estudiantes, para continuar con la tendencia a la baja en este tema, mediante el programa de Servicios Amigables de la instituci\u00f3n, el cual se dedica a atender a este importante sector de la poblaci\u00f3n sobre temas relacionados con la adolescencia y sus diferentes aspectos situacionales.","breadcrumb":{"@id":"https:\/\/contrastes.com.co\/web\/2021\/10\/05\/soledad-disminuye-embarazos-no-planificados-en-adolescentes-durante-el-ultimo-ano\/#breadcrumb"},"inLanguage":"es","potentialAction":[{"@type":"ReadAction","target":["https:\/\/contrastes.com.co\/web\/2021\/10\/05\/soledad-disminuye-embarazos-no-planificados-en-adolescentes-durante-el-ultimo-ano\/"]}]},{"@type":"ImageObject","inLanguage":"es","@id":"https:\/\/contrastes.com.co\/web\/2021\/10\/05\/soledad-disminuye-embarazos-no-planificados-en-adolescentes-durante-el-ultimo-ano\/#primaryimage","url":"","contentUrl":""},{"@type":"BreadcrumbList","@id":"https:\/\/contrastes.com.co\/web\/2021\/10\/05\/soledad-disminuye-embarazos-no-planificados-en-adolescentes-durante-el-ultimo-ano\/#breadcrumb","itemListElement":[{"@type":"ListItem","position":1,"name":"Portada","item":"https:\/\/contrastes.com.co\/web\/"},{"@type":"ListItem","position":2,"name":"Soledad disminuye embarazos no planificados en adolescentes durante el \u00faltimo a\u00f1o"}]},{"@type":"WebSite","@id":"https:\/\/contrastes.com.co\/web\/#website","url":"https:\/\/contrastes.com.co\/web\/","name":"Contrastes","description":"Periodismo de Conciencia","publisher":{"@id":"https:\/\/contrastes.com.co\/web\/#organization"},"potentialAction":[{"@type":"SearchAction","target":{"@type":"EntryPoint","urlTemplate":"https:\/\/contrastes.com.co\/web\/?s={search_term_string}"},"query-input":{"@type":"PropertyValueSpecification","valueRequired":true,"valueName":"search_term_string"}}],"inLanguage":"es"},{"@type":"Organization","@id":"https:\/\/contrastes.com.co\/web\/#organization","name":"Contrastes","url":"https:\/\/contrastes.com.co\/web\/","logo":{"@type":"ImageObject","inLanguage":"es","@id":"https:\/\/contrastes.com.co\/web\/#\/schema\/logo\/image\/","url":"https:\/\/contrastes.com.co\/web\/wp-content\/uploads\/2025\/04\/15CONTRASTES3.png","contentUrl":"https:\/\/contrastes.com.co\/web\/wp-content\/uploads\/2025\/04\/15CONTRASTES3.png","width":1536,"height":231,"caption":"Contrastes"},"image":{"@id":"https:\/\/contrastes.com.co\/web\/#\/schema\/logo\/image\/"},"sameAs":["https:\/\/www.facebook.com\/guillo.pantoja.1"]},{"@type":"Person","@id":"https:\/\/contrastes.com.co\/web\/#\/schema\/person\/62ef7a62dc4da6de450c71fc2e95ed02","name":"Editor","image":{"@type":"ImageObject","inLanguage":"es","@id":"https:\/\/secure.gravatar.com\/avatar\/7bbb4f718d74bbf600dc556253bb04fd7ac8593751d6e2e3b85432d98aefae80?s=96&d=mm&r=g","url":"https:\/\/secure.gravatar.com\/avatar\/7bbb4f718d74bbf600dc556253bb04fd7ac8593751d6e2e3b85432d98aefae80?s=96&d=mm&r=g","contentUrl":"https:\/\/secure.gravatar.com\/avatar\/7bbb4f718d74bbf600dc556253bb04fd7ac8593751d6e2e3b85432d98aefae80?s=96&d=mm&r=g","caption":"Editor"},"sameAs":["https:\/\/contrastes.com.co\/web"],"url":"https:\/\/contrastes.com.co\/web\/author\/jdbobadilla\/"}]}},"blog_post_layout_featured_media_urls":{"thumbnail":"","full":""},"categories_names":{"1034":{"name":"Juventud","link":"https:\/\/contrastes.com.co\/web\/category\/juventud\/"},"23":{"name":"Locales","link":"https:\/\/contrastes.com.co\/web\/category\/locales\/"},"25":{"name":"Salud","link":"https:\/\/contrastes.com.co\/web\/category\/salud\/"}},"tags_names":{"2859":{"name":"adolescentes","link":"https:\/\/contrastes.com.co\/web\/tag\/adolescentes\/"},"4463":{"name":"charlas","link":"https:\/\/contrastes.com.co\/web\/tag\/charlas\/"},"4464":{"name":"disminuci\u00f3n","link":"https:\/\/contrastes.com.co\/web\/tag\/disminucion\/"},"4465":{"name":"embarazos no planificados","link":"https:\/\/contrastes.com.co\/web\/tag\/embarazos-no-planificados\/"},"1338":{"name":"ESE Hospital Materno Infantil de Soledad","link":"https:\/\/contrastes.com.co\/web\/tag\/ese-hospital-materno-infantil-de-soledad\/"},"209":{"name":"estudiantes","link":"https:\/\/contrastes.com.co\/web\/tag\/estudiantes\/"},"3116":{"name":"gerente del Hospital Materno Infantil","link":"https:\/\/contrastes.com.co\/web\/tag\/gerente-del-hospital-materno-infantil\/"},"1892":{"name":"Juan Esteban S\u00e1nchez","link":"https:\/\/contrastes.com.co\/web\/tag\/juan-esteban-sanchez\/"},"1518":{"name":"menores de edad","link":"https:\/\/contrastes.com.co\/web\/tag\/menores-de-edad\/"},"51":{"name":"municipio de soledad","link":"https:\/\/contrastes.com.co\/web\/tag\/municipio-de-soledad\/"},"4466":{"name":"Servicios Amigables en Salud","link":"https:\/\/contrastes.com.co\/web\/tag\/servicios-amigables-en-salud\/"},"4467":{"name":"\u00faltimo a\u00f1o","link":"https:\/\/contrastes.com.co\/web\/tag\/ultimo-ano\/"}},"comments_number":"0","wpmagazine_modules_lite_featured_media_urls":{"thumbnail":"","cvmm-medium":"","cvmm-medium-plus":"","cvmm-portrait":"","cvmm-medium-square":"","cvmm-large":"","cvmm-small":"","full":""},"_links":{"self":[{"href":"https:\/\/contrastes.com.co\/web\/wp-json\/wp\/v2\/posts\/7643","targetHints":{"allow":["GET"]}}],"collection":[{"href":"https:\/\/contrastes.com.co\/web\/wp-json\/wp\/v2\/posts"}],"about":[{"href":"https:\/\/contrastes.com.co\/web\/wp-json\/wp\/v2\/types\/post"}],"author":[{"embeddable":true,"href":"https:\/\/contrastes.com.co\/web\/wp-json\/wp\/v2\/users\/1"}],"replies":[{"embeddable":true,"href":"https:\/\/contrastes.com.co\/web\/wp-json\/wp\/v2\/comments?post=7643"}],"version-history":[{"count":0,"href":"https:\/\/contrastes.com.co\/web\/wp-json\/wp\/v2\/posts\/7643\/revisions"}],"wp:attachment":[{"href":"https:\/\/contrastes.com.co\/web\/wp-json\/wp\/v2\/media?parent=7643"}],"wp:term":[{"taxonomy":"category","embeddable":true,"href":"https:\/\/contrastes.com.co\/web\/wp-json\/wp\/v2\/categories?post=7643"},{"taxonomy":"post_tag","embeddable":true,"href":"https:\/\/contrastes.com.co\/web\/wp-json\/wp\/v2\/tags?post=7643"}],"curies":[{"name":"wp","href":"https:\/\/api.w.org\/{rel}","templated":true}]}}