{"id":7693,"date":"2021-10-11T23:04:55","date_gmt":"2021-10-12T04:04:55","guid":{"rendered":"https:\/\/contrastes.com.co\/digital\/?p=7693"},"modified":"2021-10-11T23:04:55","modified_gmt":"2021-10-12T04:04:55","slug":"la-alcaldia-municipal-de-soledad-estrena-secretario-de-salud","status":"publish","type":"post","link":"https:\/\/contrastes.com.co\/web\/2021\/10\/11\/la-alcaldia-municipal-de-soledad-estrena-secretario-de-salud\/","title":{"rendered":"La Alcald\u00eda municipal de Soledad estrena secretario de Salud"},"content":{"rendered":"<p><strong>La Alcald\u00eda municipal de Soledad estrena secretario de Salud<\/strong><\/p>\n<p><strong>Soledad.-<\/strong> El <strong>nuevo secretario de Salud de la alcald\u00eda de Soledad es el m\u00e9dico Manuel Francisco Navarro Rada<\/strong>, un profesional de carrera administrativa con m\u00e1s de 18 a\u00f1os de experiencia como funcionario en el \u00e1rea de la Salud.<\/p>\n<p>El nuevo secretario de Salud, quien tendr\u00e1 la tarea de liderar acciones administrativas y de salud que permitan continuar con la mitigaci\u00f3n y prevenci\u00f3n del Covid-19 en el municipio, es egresado de la Universidad Cooperativa de Colombia en Santa Marta; tiene una especializaci\u00f3n en Gerencia de la Calidad y Auditor\u00eda en Salud de la misma instituci\u00f3n y en Docencia Universitaria de la Universidad del Magdalena; tambi\u00e9n es magister en Ciencias B\u00e1sicas Biom\u00e9dicas con \u00e9nfasis en Enfermedades Tropicales de la Universidad del Norte en Barranquilla.<\/p>\n","protected":false},"excerpt":{"rendered":"<p>El nuevo secretario de Salud de la alcald\u00eda de Soledad es el m\u00e9dico Manuel Francisco Navarro Rada, un profesional de carrera administrativa con m\u00e1s de 18 a\u00f1os de experiencia como funcionario en el \u00e1rea de la Salud.<\/p>\n","protected":false},"author":1,"featured_media":7694,"comment_status":"open","ping_status":"open","sticky":false,"template":"","format":"standard","meta":{"footnotes":""},"categories":[23,25],"tags":[28,3388,4508,553,51,696],"class_list":["post-7693","post","type-post","status-publish","format-standard","has-post-thumbnail","hentry","category-locales","category-salud","tag-alcaldia-de-soledad","tag-juramentacion","tag-manuel-francisco-navarro-rada","tag-medico","tag-municipio-de-soledad","tag-secretario-de-salud-municipal"],"yoast_head":"<!-- This site is optimized with the Yoast SEO plugin v27.7 - https:\/\/yoast.com\/product\/yoast-seo-wordpress\/ -->\n<title>La Alcald\u00eda municipal de Soledad estrena secretario de Salud - Constrastes<\/title>\n<meta name=\"description\" content=\"El nuevo secretario de Salud de la alcald\u00eda de Soledad es el m\u00e9dico Manuel Francisco Navarro Rada, un profesional de carrera administrativa con m\u00e1s de 18 a\u00f1os de experiencia como funcionario en el \u00e1rea de la Salud.\" \/>\n<meta name=\"robots\" content=\"index, follow, max-snippet:-1, max-image-preview:large, max-video-preview:-1\" \/>\n<link rel=\"canonical\" href=\"https:\/\/contrastes.com.co\/web\/2021\/10\/11\/la-alcaldia-municipal-de-soledad-estrena-secretario-de-salud\/\" \/>\n<meta property=\"og:locale\" content=\"es_ES\" \/>\n<meta property=\"og:type\" content=\"article\" \/>\n<meta property=\"og:title\" content=\"La Alcald\u00eda municipal de Soledad estrena secretario de Salud - Constrastes\" \/>\n<meta property=\"og:description\" content=\"El nuevo secretario de Salud de la alcald\u00eda de Soledad es el m\u00e9dico Manuel Francisco Navarro Rada, un profesional de carrera administrativa con m\u00e1s de 18 a\u00f1os de experiencia como funcionario en el \u00e1rea de la Salud.\" \/>\n<meta property=\"og:url\" content=\"https:\/\/contrastes.com.co\/web\/2021\/10\/11\/la-alcaldia-municipal-de-soledad-estrena-secretario-de-salud\/\" \/>\n<meta property=\"og:site_name\" content=\"Constrastes\" \/>\n<meta property=\"article:publisher\" content=\"https:\/\/www.facebook.com\/guillo.pantoja.1\" \/>\n<meta property=\"article:published_time\" content=\"2021-10-12T04:04:55+00:00\" \/>\n<meta name=\"author\" content=\"Editor\" \/>\n<meta name=\"twitter:card\" content=\"summary_large_image\" \/>\n<meta name=\"twitter:label1\" content=\"Escrito por\" \/>\n\t<meta name=\"twitter:data1\" content=\"Editor\" \/>\n\t<meta name=\"twitter:label2\" content=\"Tiempo de lectura\" \/>\n\t<meta name=\"twitter:data2\" content=\"1 minuto\" \/>\n<script type=\"application\/ld+json\" class=\"yoast-schema-graph\">{\"@context\":\"https:\\\/\\\/schema.org\",\"@graph\":[{\"@type\":\"Article\",\"@id\":\"https:\\\/\\\/contrastes.com.co\\\/web\\\/2021\\\/10\\\/11\\\/la-alcaldia-municipal-de-soledad-estrena-secretario-de-salud\\\/#article\",\"isPartOf\":{\"@id\":\"https:\\\/\\\/contrastes.com.co\\\/web\\\/2021\\\/10\\\/11\\\/la-alcaldia-municipal-de-soledad-estrena-secretario-de-salud\\\/\"},\"author\":{\"name\":\"Editor\",\"@id\":\"https:\\\/\\\/contrastes.com.co\\\/web\\\/#\\\/schema\\\/person\\\/62ef7a62dc4da6de450c71fc2e95ed02\"},\"headline\":\"La Alcald\u00eda municipal de Soledad estrena secretario de Salud\",\"datePublished\":\"2021-10-12T04:04:55+00:00\",\"mainEntityOfPage\":{\"@id\":\"https:\\\/\\\/contrastes.com.co\\\/web\\\/2021\\\/10\\\/11\\\/la-alcaldia-municipal-de-soledad-estrena-secretario-de-salud\\\/\"},\"wordCount\":154,\"commentCount\":0,\"publisher\":{\"@id\":\"https:\\\/\\\/contrastes.com.co\\\/web\\\/#organization\"},\"image\":{\"@id\":\"https:\\\/\\\/contrastes.com.co\\\/web\\\/2021\\\/10\\\/11\\\/la-alcaldia-municipal-de-soledad-estrena-secretario-de-salud\\\/#primaryimage\"},\"thumbnailUrl\":\"\",\"keywords\":[\"alcaldia de Soledad\",\"juramentaci\u00f3n\",\"Manuel Francisco Navarro Rada\",\"m\u00e9dico\",\"municipio de soledad\",\"secretario de Salud municipal\"],\"articleSection\":[\"Locales\",\"Salud\"],\"inLanguage\":\"es\",\"potentialAction\":[{\"@type\":\"CommentAction\",\"name\":\"Comment\",\"target\":[\"https:\\\/\\\/contrastes.com.co\\\/web\\\/2021\\\/10\\\/11\\\/la-alcaldia-municipal-de-soledad-estrena-secretario-de-salud\\\/#respond\"]}]},{\"@type\":\"WebPage\",\"@id\":\"https:\\\/\\\/contrastes.com.co\\\/web\\\/2021\\\/10\\\/11\\\/la-alcaldia-municipal-de-soledad-estrena-secretario-de-salud\\\/\",\"url\":\"https:\\\/\\\/contrastes.com.co\\\/web\\\/2021\\\/10\\\/11\\\/la-alcaldia-municipal-de-soledad-estrena-secretario-de-salud\\\/\",\"name\":\"La Alcald\u00eda municipal de Soledad estrena secretario de Salud - Constrastes\",\"isPartOf\":{\"@id\":\"https:\\\/\\\/contrastes.com.co\\\/web\\\/#website\"},\"primaryImageOfPage\":{\"@id\":\"https:\\\/\\\/contrastes.com.co\\\/web\\\/2021\\\/10\\\/11\\\/la-alcaldia-municipal-de-soledad-estrena-secretario-de-salud\\\/#primaryimage\"},\"image\":{\"@id\":\"https:\\\/\\\/contrastes.com.co\\\/web\\\/2021\\\/10\\\/11\\\/la-alcaldia-municipal-de-soledad-estrena-secretario-de-salud\\\/#primaryimage\"},\"thumbnailUrl\":\"\",\"datePublished\":\"2021-10-12T04:04:55+00:00\",\"description\":\"El nuevo secretario de Salud de la alcald\u00eda de Soledad es el m\u00e9dico Manuel Francisco Navarro Rada, un profesional de carrera administrativa con m\u00e1s de 18 a\u00f1os de experiencia como funcionario en el \u00e1rea de la Salud.\",\"breadcrumb\":{\"@id\":\"https:\\\/\\\/contrastes.com.co\\\/web\\\/2021\\\/10\\\/11\\\/la-alcaldia-municipal-de-soledad-estrena-secretario-de-salud\\\/#breadcrumb\"},\"inLanguage\":\"es\",\"potentialAction\":[{\"@type\":\"ReadAction\",\"target\":[\"https:\\\/\\\/contrastes.com.co\\\/web\\\/2021\\\/10\\\/11\\\/la-alcaldia-municipal-de-soledad-estrena-secretario-de-salud\\\/\"]}]},{\"@type\":\"ImageObject\",\"inLanguage\":\"es\",\"@id\":\"https:\\\/\\\/contrastes.com.co\\\/web\\\/2021\\\/10\\\/11\\\/la-alcaldia-municipal-de-soledad-estrena-secretario-de-salud\\\/#primaryimage\",\"url\":\"\",\"contentUrl\":\"\"},{\"@type\":\"BreadcrumbList\",\"@id\":\"https:\\\/\\\/contrastes.com.co\\\/web\\\/2021\\\/10\\\/11\\\/la-alcaldia-municipal-de-soledad-estrena-secretario-de-salud\\\/#breadcrumb\",\"itemListElement\":[{\"@type\":\"ListItem\",\"position\":1,\"name\":\"Portada\",\"item\":\"https:\\\/\\\/contrastes.com.co\\\/web\\\/\"},{\"@type\":\"ListItem\",\"position\":2,\"name\":\"La Alcald\u00eda municipal de Soledad estrena secretario de Salud\"}]},{\"@type\":\"WebSite\",\"@id\":\"https:\\\/\\\/contrastes.com.co\\\/web\\\/#website\",\"url\":\"https:\\\/\\\/contrastes.com.co\\\/web\\\/\",\"name\":\"Contrastes\",\"description\":\"Periodismo de Conciencia\",\"publisher\":{\"@id\":\"https:\\\/\\\/contrastes.com.co\\\/web\\\/#organization\"},\"potentialAction\":[{\"@type\":\"SearchAction\",\"target\":{\"@type\":\"EntryPoint\",\"urlTemplate\":\"https:\\\/\\\/contrastes.com.co\\\/web\\\/?s={search_term_string}\"},\"query-input\":{\"@type\":\"PropertyValueSpecification\",\"valueRequired\":true,\"valueName\":\"search_term_string\"}}],\"inLanguage\":\"es\"},{\"@type\":\"Organization\",\"@id\":\"https:\\\/\\\/contrastes.com.co\\\/web\\\/#organization\",\"name\":\"Contrastes\",\"url\":\"https:\\\/\\\/contrastes.com.co\\\/web\\\/\",\"logo\":{\"@type\":\"ImageObject\",\"inLanguage\":\"es\",\"@id\":\"https:\\\/\\\/contrastes.com.co\\\/web\\\/#\\\/schema\\\/logo\\\/image\\\/\",\"url\":\"https:\\\/\\\/contrastes.com.co\\\/web\\\/wp-content\\\/uploads\\\/2025\\\/04\\\/15CONTRASTES3.png\",\"contentUrl\":\"https:\\\/\\\/contrastes.com.co\\\/web\\\/wp-content\\\/uploads\\\/2025\\\/04\\\/15CONTRASTES3.png\",\"width\":1536,\"height\":231,\"caption\":\"Contrastes\"},\"image\":{\"@id\":\"https:\\\/\\\/contrastes.com.co\\\/web\\\/#\\\/schema\\\/logo\\\/image\\\/\"},\"sameAs\":[\"https:\\\/\\\/www.facebook.com\\\/guillo.pantoja.1\"]},{\"@type\":\"Person\",\"@id\":\"https:\\\/\\\/contrastes.com.co\\\/web\\\/#\\\/schema\\\/person\\\/62ef7a62dc4da6de450c71fc2e95ed02\",\"name\":\"Editor\",\"image\":{\"@type\":\"ImageObject\",\"inLanguage\":\"es\",\"@id\":\"https:\\\/\\\/secure.gravatar.com\\\/avatar\\\/7bbb4f718d74bbf600dc556253bb04fd7ac8593751d6e2e3b85432d98aefae80?s=96&d=mm&r=g\",\"url\":\"https:\\\/\\\/secure.gravatar.com\\\/avatar\\\/7bbb4f718d74bbf600dc556253bb04fd7ac8593751d6e2e3b85432d98aefae80?s=96&d=mm&r=g\",\"contentUrl\":\"https:\\\/\\\/secure.gravatar.com\\\/avatar\\\/7bbb4f718d74bbf600dc556253bb04fd7ac8593751d6e2e3b85432d98aefae80?s=96&d=mm&r=g\",\"caption\":\"Editor\"},\"sameAs\":[\"https:\\\/\\\/contrastes.com.co\\\/web\"],\"url\":\"https:\\\/\\\/contrastes.com.co\\\/web\\\/author\\\/jdbobadilla\\\/\"}]}<\/script>\n<!-- \/ Yoast SEO plugin. -->","yoast_head_json":{"title":"La Alcald\u00eda municipal de Soledad estrena secretario de Salud - Constrastes","description":"El nuevo secretario de Salud de la alcald\u00eda de Soledad es el m\u00e9dico Manuel Francisco Navarro Rada, un profesional de carrera administrativa con m\u00e1s de 18 a\u00f1os de experiencia como funcionario en el \u00e1rea de la Salud.","robots":{"index":"index","follow":"follow","max-snippet":"max-snippet:-1","max-image-preview":"max-image-preview:large","max-video-preview":"max-video-preview:-1"},"canonical":"https:\/\/contrastes.com.co\/web\/2021\/10\/11\/la-alcaldia-municipal-de-soledad-estrena-secretario-de-salud\/","og_locale":"es_ES","og_type":"article","og_title":"La Alcald\u00eda municipal de Soledad estrena secretario de Salud - Constrastes","og_description":"El nuevo secretario de Salud de la alcald\u00eda de Soledad es el m\u00e9dico Manuel Francisco Navarro Rada, un profesional de carrera administrativa con m\u00e1s de 18 a\u00f1os de experiencia como funcionario en el \u00e1rea de la Salud.","og_url":"https:\/\/contrastes.com.co\/web\/2021\/10\/11\/la-alcaldia-municipal-de-soledad-estrena-secretario-de-salud\/","og_site_name":"Constrastes","article_publisher":"https:\/\/www.facebook.com\/guillo.pantoja.1","article_published_time":"2021-10-12T04:04:55+00:00","author":"Editor","twitter_card":"summary_large_image","twitter_misc":{"Escrito por":"Editor","Tiempo de lectura":"1 minuto"},"schema":{"@context":"https:\/\/schema.org","@graph":[{"@type":"Article","@id":"https:\/\/contrastes.com.co\/web\/2021\/10\/11\/la-alcaldia-municipal-de-soledad-estrena-secretario-de-salud\/#article","isPartOf":{"@id":"https:\/\/contrastes.com.co\/web\/2021\/10\/11\/la-alcaldia-municipal-de-soledad-estrena-secretario-de-salud\/"},"author":{"name":"Editor","@id":"https:\/\/contrastes.com.co\/web\/#\/schema\/person\/62ef7a62dc4da6de450c71fc2e95ed02"},"headline":"La Alcald\u00eda municipal de Soledad estrena secretario de Salud","datePublished":"2021-10-12T04:04:55+00:00","mainEntityOfPage":{"@id":"https:\/\/contrastes.com.co\/web\/2021\/10\/11\/la-alcaldia-municipal-de-soledad-estrena-secretario-de-salud\/"},"wordCount":154,"commentCount":0,"publisher":{"@id":"https:\/\/contrastes.com.co\/web\/#organization"},"image":{"@id":"https:\/\/contrastes.com.co\/web\/2021\/10\/11\/la-alcaldia-municipal-de-soledad-estrena-secretario-de-salud\/#primaryimage"},"thumbnailUrl":"","keywords":["alcaldia de Soledad","juramentaci\u00f3n","Manuel Francisco Navarro Rada","m\u00e9dico","municipio de soledad","secretario de Salud municipal"],"articleSection":["Locales","Salud"],"inLanguage":"es","potentialAction":[{"@type":"CommentAction","name":"Comment","target":["https:\/\/contrastes.com.co\/web\/2021\/10\/11\/la-alcaldia-municipal-de-soledad-estrena-secretario-de-salud\/#respond"]}]},{"@type":"WebPage","@id":"https:\/\/contrastes.com.co\/web\/2021\/10\/11\/la-alcaldia-municipal-de-soledad-estrena-secretario-de-salud\/","url":"https:\/\/contrastes.com.co\/web\/2021\/10\/11\/la-alcaldia-municipal-de-soledad-estrena-secretario-de-salud\/","name":"La Alcald\u00eda municipal de Soledad estrena secretario de Salud - Constrastes","isPartOf":{"@id":"https:\/\/contrastes.com.co\/web\/#website"},"primaryImageOfPage":{"@id":"https:\/\/contrastes.com.co\/web\/2021\/10\/11\/la-alcaldia-municipal-de-soledad-estrena-secretario-de-salud\/#primaryimage"},"image":{"@id":"https:\/\/contrastes.com.co\/web\/2021\/10\/11\/la-alcaldia-municipal-de-soledad-estrena-secretario-de-salud\/#primaryimage"},"thumbnailUrl":"","datePublished":"2021-10-12T04:04:55+00:00","description":"El nuevo secretario de Salud de la alcald\u00eda de Soledad es el m\u00e9dico Manuel Francisco Navarro Rada, un profesional de carrera administrativa con m\u00e1s de 18 a\u00f1os de experiencia como funcionario en el \u00e1rea de la Salud.","breadcrumb":{"@id":"https:\/\/contrastes.com.co\/web\/2021\/10\/11\/la-alcaldia-municipal-de-soledad-estrena-secretario-de-salud\/#breadcrumb"},"inLanguage":"es","potentialAction":[{"@type":"ReadAction","target":["https:\/\/contrastes.com.co\/web\/2021\/10\/11\/la-alcaldia-municipal-de-soledad-estrena-secretario-de-salud\/"]}]},{"@type":"ImageObject","inLanguage":"es","@id":"https:\/\/contrastes.com.co\/web\/2021\/10\/11\/la-alcaldia-municipal-de-soledad-estrena-secretario-de-salud\/#primaryimage","url":"","contentUrl":""},{"@type":"BreadcrumbList","@id":"https:\/\/contrastes.com.co\/web\/2021\/10\/11\/la-alcaldia-municipal-de-soledad-estrena-secretario-de-salud\/#breadcrumb","itemListElement":[{"@type":"ListItem","position":1,"name":"Portada","item":"https:\/\/contrastes.com.co\/web\/"},{"@type":"ListItem","position":2,"name":"La Alcald\u00eda municipal de Soledad estrena secretario de Salud"}]},{"@type":"WebSite","@id":"https:\/\/contrastes.com.co\/web\/#website","url":"https:\/\/contrastes.com.co\/web\/","name":"Contrastes","description":"Periodismo de Conciencia","publisher":{"@id":"https:\/\/contrastes.com.co\/web\/#organization"},"potentialAction":[{"@type":"SearchAction","target":{"@type":"EntryPoint","urlTemplate":"https:\/\/contrastes.com.co\/web\/?s={search_term_string}"},"query-input":{"@type":"PropertyValueSpecification","valueRequired":true,"valueName":"search_term_string"}}],"inLanguage":"es"},{"@type":"Organization","@id":"https:\/\/contrastes.com.co\/web\/#organization","name":"Contrastes","url":"https:\/\/contrastes.com.co\/web\/","logo":{"@type":"ImageObject","inLanguage":"es","@id":"https:\/\/contrastes.com.co\/web\/#\/schema\/logo\/image\/","url":"https:\/\/contrastes.com.co\/web\/wp-content\/uploads\/2025\/04\/15CONTRASTES3.png","contentUrl":"https:\/\/contrastes.com.co\/web\/wp-content\/uploads\/2025\/04\/15CONTRASTES3.png","width":1536,"height":231,"caption":"Contrastes"},"image":{"@id":"https:\/\/contrastes.com.co\/web\/#\/schema\/logo\/image\/"},"sameAs":["https:\/\/www.facebook.com\/guillo.pantoja.1"]},{"@type":"Person","@id":"https:\/\/contrastes.com.co\/web\/#\/schema\/person\/62ef7a62dc4da6de450c71fc2e95ed02","name":"Editor","image":{"@type":"ImageObject","inLanguage":"es","@id":"https:\/\/secure.gravatar.com\/avatar\/7bbb4f718d74bbf600dc556253bb04fd7ac8593751d6e2e3b85432d98aefae80?s=96&d=mm&r=g","url":"https:\/\/secure.gravatar.com\/avatar\/7bbb4f718d74bbf600dc556253bb04fd7ac8593751d6e2e3b85432d98aefae80?s=96&d=mm&r=g","contentUrl":"https:\/\/secure.gravatar.com\/avatar\/7bbb4f718d74bbf600dc556253bb04fd7ac8593751d6e2e3b85432d98aefae80?s=96&d=mm&r=g","caption":"Editor"},"sameAs":["https:\/\/contrastes.com.co\/web"],"url":"https:\/\/contrastes.com.co\/web\/author\/jdbobadilla\/"}]}},"blog_post_layout_featured_media_urls":{"thumbnail":"","full":""},"categories_names":{"23":{"name":"Locales","link":"https:\/\/contrastes.com.co\/web\/category\/locales\/"},"25":{"name":"Salud","link":"https:\/\/contrastes.com.co\/web\/category\/salud\/"}},"tags_names":{"28":{"name":"alcaldia de Soledad","link":"https:\/\/contrastes.com.co\/web\/tag\/alcaldia-de-soledad\/"},"3388":{"name":"juramentaci\u00f3n","link":"https:\/\/contrastes.com.co\/web\/tag\/juramentacion\/"},"4508":{"name":"Manuel Francisco Navarro Rada","link":"https:\/\/contrastes.com.co\/web\/tag\/manuel-francisco-navarro-rada\/"},"553":{"name":"m\u00e9dico","link":"https:\/\/contrastes.com.co\/web\/tag\/medico\/"},"51":{"name":"municipio de soledad","link":"https:\/\/contrastes.com.co\/web\/tag\/municipio-de-soledad\/"},"696":{"name":"secretario de Salud municipal","link":"https:\/\/contrastes.com.co\/web\/tag\/secretario-de-salud-municipal\/"}},"comments_number":"0","wpmagazine_modules_lite_featured_media_urls":{"thumbnail":"","cvmm-medium":"","cvmm-medium-plus":"","cvmm-portrait":"","cvmm-medium-square":"","cvmm-large":"","cvmm-small":"","full":""},"_links":{"self":[{"href":"https:\/\/contrastes.com.co\/web\/wp-json\/wp\/v2\/posts\/7693","targetHints":{"allow":["GET"]}}],"collection":[{"href":"https:\/\/contrastes.com.co\/web\/wp-json\/wp\/v2\/posts"}],"about":[{"href":"https:\/\/contrastes.com.co\/web\/wp-json\/wp\/v2\/types\/post"}],"author":[{"embeddable":true,"href":"https:\/\/contrastes.com.co\/web\/wp-json\/wp\/v2\/users\/1"}],"replies":[{"embeddable":true,"href":"https:\/\/contrastes.com.co\/web\/wp-json\/wp\/v2\/comments?post=7693"}],"version-history":[{"count":0,"href":"https:\/\/contrastes.com.co\/web\/wp-json\/wp\/v2\/posts\/7693\/revisions"}],"wp:attachment":[{"href":"https:\/\/contrastes.com.co\/web\/wp-json\/wp\/v2\/media?parent=7693"}],"wp:term":[{"taxonomy":"category","embeddable":true,"href":"https:\/\/contrastes.com.co\/web\/wp-json\/wp\/v2\/categories?post=7693"},{"taxonomy":"post_tag","embeddable":true,"href":"https:\/\/contrastes.com.co\/web\/wp-json\/wp\/v2\/tags?post=7693"}],"curies":[{"name":"wp","href":"https:\/\/api.w.org\/{rel}","templated":true}]}}