{"id":7787,"date":"2021-11-02T12:10:11","date_gmt":"2021-11-02T17:10:11","guid":{"rendered":"https:\/\/contrastes.com.co\/digital\/?p=7787"},"modified":"2021-11-02T12:10:11","modified_gmt":"2021-11-02T17:10:11","slug":"7787-2","status":"publish","type":"post","link":"https:\/\/contrastes.com.co\/web\/2021\/11\/02\/7787-2\/","title":{"rendered":"Agentes de tr\u00e1nsito realizan pedagog\u00eda sobre medidas de circulaci\u00f3n en Soledad"},"content":{"rendered":"<p><strong>Agentes de tr\u00e1nsito realizan pedagog\u00eda sobre medidas de circulaci\u00f3n en Soledad<\/strong><\/p>\n<blockquote><p><strong>Prohibici\u00f3n nocturna de veh\u00edculos tipo motocicletas, tricimotos, cuatrimotos y motociclos desde las 10 de la noche hasta las 5 de la ma\u00f1ana del d\u00eda siguiente. En el caso de los motocarros, se restringe su circulaci\u00f3n desde las 11 de la noche hasta las 5 de la ma\u00f1ana del d\u00eda siguiente.<\/strong><\/p><\/blockquote>\n<p><strong>Soledad.-<\/strong>\u00a0El <strong>Instituto de Tr\u00e1nsito y Transportes de Soledad<\/strong> adelanta acciones pedag\u00f3gicas en los sectores de Las Moras, Hip\u00f3dromo, Soledad 2.000 y Centro, las cuales tienen como objetivo reiterar a los conductores de motocicletas y motocarros las medidas de circulaci\u00f3n, contempladas en el Decreto 288 del 6 de julio de 2017, y con ello impactar positivamente en la movilidad logrando, adem\u00e1s, disminuir los \u00edndices de accidentalidad del municipio.<\/p>\n<p><strong>La norma establece restricciones, entre otras, de circulaci\u00f3n nocturna, pico y placa, pico y color, d\u00eda sin moto, d\u00eda sin motocarros.<\/strong><\/p>\n<p>\u201cQueremos generar conciencia en los conductores de este tipo de veh\u00edculos para que acaten estas medidas, contribuyan a un tr\u00e1fico seguir y eviten ser sancionados. Este tipo de actividades las estaremos realizando diariamente en varios puntos, donde hemos evidenciado el mayor incumplimiento de \u00e9stas\u201d, indic\u00f3 Jes\u00fas Montenegro Ternero, director de Instituto de Tr\u00e1nsito y Transportes de Soledad.<\/p>\n<p>El art\u00edculo 8 del Decreto 288 dispone la prohibici\u00f3n nocturna de veh\u00edculos tipo motocicletas, tricimotos, cuatrimotos y motociclos desde las 10 de la noche hasta las 5 de la ma\u00f1ana del d\u00eda siguiente. En el caso de los motocarros, se restringe su circulaci\u00f3n desde las 11 de la noche hasta las 5 de la ma\u00f1ana del d\u00eda siguiente.<\/p>\n<p>Miembros de la Fuerza P\u00fablica, Polic\u00eda judicial, agentes de tr\u00e1nsito y transportes, miembros de la Defensa Civil, Cruz Roja, Bomberos, Gesti\u00f3n de Riesgo, personal adscrito al servicio de salud p\u00fablica y hospitalaria, servidores p\u00fablicos y trabajadores de empresas de servicios p\u00fablicos en ejercicio de sus funciones y propietarios de motocicletas cuyos cilindrajes sea igual o superior a 598 cent\u00edmetros c\u00fabicos hacen parte de las excepciones de la norma.<\/p>\n<p>Silvio Cabrera, propietario de una motocicleta, agradeci\u00f3 a los agentes de tr\u00e1nsito la socializaci\u00f3n de estas medidas. \u201cYo llevo poco tiempo de estar viviendo en Soledad y desconoc\u00eda muchas de las cosas que los agentes hoy me explicaron, y eso es bueno para evitar sanciones\u201d, puntualiz\u00f3.<\/p>\n","protected":false},"excerpt":{"rendered":"<p>El Instituto de Tr\u00e1nsito y Transportes de Soledad adelanta acciones pedag\u00f3gicas en los sectores de Las Moras, Hip\u00f3dromo, Soledad 2.000 y Centro, las cuales tienen como objetivo reiterar a los conductores de motocicletas y motocarros las medidas de circulaci\u00f3n, contempladas en el Decreto 288 del 6 de julio de 2017, y con ello impactar positivamente en la movilidad logrando, adem\u00e1s, disminuir los \u00edndices de accidentalidad del municipio.<\/p>\n","protected":false},"author":1,"featured_media":7788,"comment_status":"open","ping_status":"open","sticky":false,"template":"","format":"standard","meta":{"footnotes":""},"categories":[23,1395],"tags":[4587,4588,4589,2060,51,4590,4591,4592],"class_list":["post-7787","post","type-post","status-publish","format-standard","has-post-thumbnail","hentry","category-locales","category-vias-y-movilidad","tag-agentes-reguladores","tag-dia-sin-moto","tag-dia-sin-motocarros","tag-instituto-de-transito-de-soledad","tag-municipio-de-soledad","tag-pico-y-color","tag-pico-y-placa","tag-restricciones-de-circulacion-nocturna"],"yoast_head":"<!-- This site is optimized with the Yoast SEO plugin v27.7 - https:\/\/yoast.com\/product\/yoast-seo-wordpress\/ -->\n<title>Agentes de tr\u00e1nsito realizan pedagog\u00eda sobre medidas de circulaci\u00f3n en Soledad - Constrastes<\/title>\n<meta name=\"description\" content=\"El Instituto de Tr\u00e1nsito y Transportes de Soledad adelanta acciones pedag\u00f3gicas en los sectores de Las Moras, Hip\u00f3dromo, Soledad 2.000 y Centro, las cuales tienen como objetivo reiterar a los conductores de motocicletas y motocarros las medidas de circulaci\u00f3n, contempladas en el Decreto 288 del 6 de julio de 2017, y con ello impactar positivamente en la movilidad logrando, adem\u00e1s, disminuir los \u00edndices de accidentalidad del municipio.\" \/>\n<meta name=\"robots\" content=\"index, follow, max-snippet:-1, max-image-preview:large, max-video-preview:-1\" \/>\n<link rel=\"canonical\" href=\"https:\/\/contrastes.com.co\/web\/2021\/11\/02\/7787-2\/\" \/>\n<meta property=\"og:locale\" content=\"es_ES\" \/>\n<meta property=\"og:type\" content=\"article\" \/>\n<meta property=\"og:title\" content=\"Agentes de tr\u00e1nsito realizan pedagog\u00eda sobre medidas de circulaci\u00f3n en Soledad - Constrastes\" \/>\n<meta property=\"og:description\" content=\"El Instituto de Tr\u00e1nsito y Transportes de Soledad adelanta acciones pedag\u00f3gicas en los sectores de Las Moras, Hip\u00f3dromo, Soledad 2.000 y Centro, las cuales tienen como objetivo reiterar a los conductores de motocicletas y motocarros las medidas de circulaci\u00f3n, contempladas en el Decreto 288 del 6 de julio de 2017, y con ello impactar positivamente en la movilidad logrando, adem\u00e1s, disminuir los \u00edndices de accidentalidad del municipio.\" \/>\n<meta property=\"og:url\" content=\"https:\/\/contrastes.com.co\/web\/2021\/11\/02\/7787-2\/\" \/>\n<meta property=\"og:site_name\" content=\"Constrastes\" \/>\n<meta property=\"article:publisher\" content=\"https:\/\/www.facebook.com\/guillo.pantoja.1\" \/>\n<meta property=\"article:published_time\" content=\"2021-11-02T17:10:11+00:00\" \/>\n<meta name=\"author\" content=\"Editor\" \/>\n<meta name=\"twitter:card\" content=\"summary_large_image\" \/>\n<meta name=\"twitter:label1\" content=\"Escrito por\" \/>\n\t<meta name=\"twitter:data1\" content=\"Editor\" \/>\n\t<meta name=\"twitter:label2\" content=\"Tiempo de lectura\" \/>\n\t<meta name=\"twitter:data2\" content=\"2 minutos\" \/>\n<script type=\"application\/ld+json\" class=\"yoast-schema-graph\">{\"@context\":\"https:\\\/\\\/schema.org\",\"@graph\":[{\"@type\":\"Article\",\"@id\":\"https:\\\/\\\/contrastes.com.co\\\/web\\\/2021\\\/11\\\/02\\\/7787-2\\\/#article\",\"isPartOf\":{\"@id\":\"https:\\\/\\\/contrastes.com.co\\\/web\\\/2021\\\/11\\\/02\\\/7787-2\\\/\"},\"author\":{\"name\":\"Editor\",\"@id\":\"https:\\\/\\\/contrastes.com.co\\\/web\\\/#\\\/schema\\\/person\\\/62ef7a62dc4da6de450c71fc2e95ed02\"},\"headline\":\"Agentes de tr\u00e1nsito realizan pedagog\u00eda sobre medidas de circulaci\u00f3n en Soledad\",\"datePublished\":\"2021-11-02T17:10:11+00:00\",\"mainEntityOfPage\":{\"@id\":\"https:\\\/\\\/contrastes.com.co\\\/web\\\/2021\\\/11\\\/02\\\/7787-2\\\/\"},\"wordCount\":421,\"commentCount\":0,\"publisher\":{\"@id\":\"https:\\\/\\\/contrastes.com.co\\\/web\\\/#organization\"},\"image\":{\"@id\":\"https:\\\/\\\/contrastes.com.co\\\/web\\\/2021\\\/11\\\/02\\\/7787-2\\\/#primaryimage\"},\"thumbnailUrl\":\"\",\"keywords\":[\"agentes reguladores\",\"d\u00eda sin moto\",\"d\u00eda sin motocarros.\",\"Instituto de Tr\u00e1nsito de Soledad\",\"municipio de soledad\",\"pico y color\",\"pico y placa\",\"restricciones de circulaci\u00f3n nocturna\"],\"articleSection\":[\"Locales\",\"V\u00edas y Movilidad\"],\"inLanguage\":\"es\",\"potentialAction\":[{\"@type\":\"CommentAction\",\"name\":\"Comment\",\"target\":[\"https:\\\/\\\/contrastes.com.co\\\/web\\\/2021\\\/11\\\/02\\\/7787-2\\\/#respond\"]}]},{\"@type\":\"WebPage\",\"@id\":\"https:\\\/\\\/contrastes.com.co\\\/web\\\/2021\\\/11\\\/02\\\/7787-2\\\/\",\"url\":\"https:\\\/\\\/contrastes.com.co\\\/web\\\/2021\\\/11\\\/02\\\/7787-2\\\/\",\"name\":\"Agentes de tr\u00e1nsito realizan pedagog\u00eda sobre medidas de circulaci\u00f3n en Soledad - Constrastes\",\"isPartOf\":{\"@id\":\"https:\\\/\\\/contrastes.com.co\\\/web\\\/#website\"},\"primaryImageOfPage\":{\"@id\":\"https:\\\/\\\/contrastes.com.co\\\/web\\\/2021\\\/11\\\/02\\\/7787-2\\\/#primaryimage\"},\"image\":{\"@id\":\"https:\\\/\\\/contrastes.com.co\\\/web\\\/2021\\\/11\\\/02\\\/7787-2\\\/#primaryimage\"},\"thumbnailUrl\":\"\",\"datePublished\":\"2021-11-02T17:10:11+00:00\",\"description\":\"El Instituto de Tr\u00e1nsito y Transportes de Soledad adelanta acciones pedag\u00f3gicas en los sectores de Las Moras, Hip\u00f3dromo, Soledad 2.000 y Centro, las cuales tienen como objetivo reiterar a los conductores de motocicletas y motocarros las medidas de circulaci\u00f3n, contempladas en el Decreto 288 del 6 de julio de 2017, y con ello impactar positivamente en la movilidad logrando, adem\u00e1s, disminuir los \u00edndices de accidentalidad del municipio.\",\"breadcrumb\":{\"@id\":\"https:\\\/\\\/contrastes.com.co\\\/web\\\/2021\\\/11\\\/02\\\/7787-2\\\/#breadcrumb\"},\"inLanguage\":\"es\",\"potentialAction\":[{\"@type\":\"ReadAction\",\"target\":[\"https:\\\/\\\/contrastes.com.co\\\/web\\\/2021\\\/11\\\/02\\\/7787-2\\\/\"]}]},{\"@type\":\"ImageObject\",\"inLanguage\":\"es\",\"@id\":\"https:\\\/\\\/contrastes.com.co\\\/web\\\/2021\\\/11\\\/02\\\/7787-2\\\/#primaryimage\",\"url\":\"\",\"contentUrl\":\"\"},{\"@type\":\"BreadcrumbList\",\"@id\":\"https:\\\/\\\/contrastes.com.co\\\/web\\\/2021\\\/11\\\/02\\\/7787-2\\\/#breadcrumb\",\"itemListElement\":[{\"@type\":\"ListItem\",\"position\":1,\"name\":\"Portada\",\"item\":\"https:\\\/\\\/contrastes.com.co\\\/web\\\/\"},{\"@type\":\"ListItem\",\"position\":2,\"name\":\"Agentes de tr\u00e1nsito realizan pedagog\u00eda sobre medidas de circulaci\u00f3n en Soledad\"}]},{\"@type\":\"WebSite\",\"@id\":\"https:\\\/\\\/contrastes.com.co\\\/web\\\/#website\",\"url\":\"https:\\\/\\\/contrastes.com.co\\\/web\\\/\",\"name\":\"Contrastes\",\"description\":\"Periodismo de Conciencia\",\"publisher\":{\"@id\":\"https:\\\/\\\/contrastes.com.co\\\/web\\\/#organization\"},\"potentialAction\":[{\"@type\":\"SearchAction\",\"target\":{\"@type\":\"EntryPoint\",\"urlTemplate\":\"https:\\\/\\\/contrastes.com.co\\\/web\\\/?s={search_term_string}\"},\"query-input\":{\"@type\":\"PropertyValueSpecification\",\"valueRequired\":true,\"valueName\":\"search_term_string\"}}],\"inLanguage\":\"es\"},{\"@type\":\"Organization\",\"@id\":\"https:\\\/\\\/contrastes.com.co\\\/web\\\/#organization\",\"name\":\"Contrastes\",\"url\":\"https:\\\/\\\/contrastes.com.co\\\/web\\\/\",\"logo\":{\"@type\":\"ImageObject\",\"inLanguage\":\"es\",\"@id\":\"https:\\\/\\\/contrastes.com.co\\\/web\\\/#\\\/schema\\\/logo\\\/image\\\/\",\"url\":\"https:\\\/\\\/contrastes.com.co\\\/web\\\/wp-content\\\/uploads\\\/2025\\\/04\\\/15CONTRASTES3.png\",\"contentUrl\":\"https:\\\/\\\/contrastes.com.co\\\/web\\\/wp-content\\\/uploads\\\/2025\\\/04\\\/15CONTRASTES3.png\",\"width\":1536,\"height\":231,\"caption\":\"Contrastes\"},\"image\":{\"@id\":\"https:\\\/\\\/contrastes.com.co\\\/web\\\/#\\\/schema\\\/logo\\\/image\\\/\"},\"sameAs\":[\"https:\\\/\\\/www.facebook.com\\\/guillo.pantoja.1\"]},{\"@type\":\"Person\",\"@id\":\"https:\\\/\\\/contrastes.com.co\\\/web\\\/#\\\/schema\\\/person\\\/62ef7a62dc4da6de450c71fc2e95ed02\",\"name\":\"Editor\",\"image\":{\"@type\":\"ImageObject\",\"inLanguage\":\"es\",\"@id\":\"https:\\\/\\\/secure.gravatar.com\\\/avatar\\\/7bbb4f718d74bbf600dc556253bb04fd7ac8593751d6e2e3b85432d98aefae80?s=96&d=mm&r=g\",\"url\":\"https:\\\/\\\/secure.gravatar.com\\\/avatar\\\/7bbb4f718d74bbf600dc556253bb04fd7ac8593751d6e2e3b85432d98aefae80?s=96&d=mm&r=g\",\"contentUrl\":\"https:\\\/\\\/secure.gravatar.com\\\/avatar\\\/7bbb4f718d74bbf600dc556253bb04fd7ac8593751d6e2e3b85432d98aefae80?s=96&d=mm&r=g\",\"caption\":\"Editor\"},\"sameAs\":[\"https:\\\/\\\/contrastes.com.co\\\/web\"],\"url\":\"https:\\\/\\\/contrastes.com.co\\\/web\\\/author\\\/jdbobadilla\\\/\"}]}<\/script>\n<!-- \/ Yoast SEO plugin. -->","yoast_head_json":{"title":"Agentes de tr\u00e1nsito realizan pedagog\u00eda sobre medidas de circulaci\u00f3n en Soledad - Constrastes","description":"El Instituto de Tr\u00e1nsito y Transportes de Soledad adelanta acciones pedag\u00f3gicas en los sectores de Las Moras, Hip\u00f3dromo, Soledad 2.000 y Centro, las cuales tienen como objetivo reiterar a los conductores de motocicletas y motocarros las medidas de circulaci\u00f3n, contempladas en el Decreto 288 del 6 de julio de 2017, y con ello impactar positivamente en la movilidad logrando, adem\u00e1s, disminuir los \u00edndices de accidentalidad del municipio.","robots":{"index":"index","follow":"follow","max-snippet":"max-snippet:-1","max-image-preview":"max-image-preview:large","max-video-preview":"max-video-preview:-1"},"canonical":"https:\/\/contrastes.com.co\/web\/2021\/11\/02\/7787-2\/","og_locale":"es_ES","og_type":"article","og_title":"Agentes de tr\u00e1nsito realizan pedagog\u00eda sobre medidas de circulaci\u00f3n en Soledad - Constrastes","og_description":"El Instituto de Tr\u00e1nsito y Transportes de Soledad adelanta acciones pedag\u00f3gicas en los sectores de Las Moras, Hip\u00f3dromo, Soledad 2.000 y Centro, las cuales tienen como objetivo reiterar a los conductores de motocicletas y motocarros las medidas de circulaci\u00f3n, contempladas en el Decreto 288 del 6 de julio de 2017, y con ello impactar positivamente en la movilidad logrando, adem\u00e1s, disminuir los \u00edndices de accidentalidad del municipio.","og_url":"https:\/\/contrastes.com.co\/web\/2021\/11\/02\/7787-2\/","og_site_name":"Constrastes","article_publisher":"https:\/\/www.facebook.com\/guillo.pantoja.1","article_published_time":"2021-11-02T17:10:11+00:00","author":"Editor","twitter_card":"summary_large_image","twitter_misc":{"Escrito por":"Editor","Tiempo de lectura":"2 minutos"},"schema":{"@context":"https:\/\/schema.org","@graph":[{"@type":"Article","@id":"https:\/\/contrastes.com.co\/web\/2021\/11\/02\/7787-2\/#article","isPartOf":{"@id":"https:\/\/contrastes.com.co\/web\/2021\/11\/02\/7787-2\/"},"author":{"name":"Editor","@id":"https:\/\/contrastes.com.co\/web\/#\/schema\/person\/62ef7a62dc4da6de450c71fc2e95ed02"},"headline":"Agentes de tr\u00e1nsito realizan pedagog\u00eda sobre medidas de circulaci\u00f3n en Soledad","datePublished":"2021-11-02T17:10:11+00:00","mainEntityOfPage":{"@id":"https:\/\/contrastes.com.co\/web\/2021\/11\/02\/7787-2\/"},"wordCount":421,"commentCount":0,"publisher":{"@id":"https:\/\/contrastes.com.co\/web\/#organization"},"image":{"@id":"https:\/\/contrastes.com.co\/web\/2021\/11\/02\/7787-2\/#primaryimage"},"thumbnailUrl":"","keywords":["agentes reguladores","d\u00eda sin moto","d\u00eda sin motocarros.","Instituto de Tr\u00e1nsito de Soledad","municipio de soledad","pico y color","pico y placa","restricciones de circulaci\u00f3n nocturna"],"articleSection":["Locales","V\u00edas y Movilidad"],"inLanguage":"es","potentialAction":[{"@type":"CommentAction","name":"Comment","target":["https:\/\/contrastes.com.co\/web\/2021\/11\/02\/7787-2\/#respond"]}]},{"@type":"WebPage","@id":"https:\/\/contrastes.com.co\/web\/2021\/11\/02\/7787-2\/","url":"https:\/\/contrastes.com.co\/web\/2021\/11\/02\/7787-2\/","name":"Agentes de tr\u00e1nsito realizan pedagog\u00eda sobre medidas de circulaci\u00f3n en Soledad - Constrastes","isPartOf":{"@id":"https:\/\/contrastes.com.co\/web\/#website"},"primaryImageOfPage":{"@id":"https:\/\/contrastes.com.co\/web\/2021\/11\/02\/7787-2\/#primaryimage"},"image":{"@id":"https:\/\/contrastes.com.co\/web\/2021\/11\/02\/7787-2\/#primaryimage"},"thumbnailUrl":"","datePublished":"2021-11-02T17:10:11+00:00","description":"El Instituto de Tr\u00e1nsito y Transportes de Soledad adelanta acciones pedag\u00f3gicas en los sectores de Las Moras, Hip\u00f3dromo, Soledad 2.000 y Centro, las cuales tienen como objetivo reiterar a los conductores de motocicletas y motocarros las medidas de circulaci\u00f3n, contempladas en el Decreto 288 del 6 de julio de 2017, y con ello impactar positivamente en la movilidad logrando, adem\u00e1s, disminuir los \u00edndices de accidentalidad del municipio.","breadcrumb":{"@id":"https:\/\/contrastes.com.co\/web\/2021\/11\/02\/7787-2\/#breadcrumb"},"inLanguage":"es","potentialAction":[{"@type":"ReadAction","target":["https:\/\/contrastes.com.co\/web\/2021\/11\/02\/7787-2\/"]}]},{"@type":"ImageObject","inLanguage":"es","@id":"https:\/\/contrastes.com.co\/web\/2021\/11\/02\/7787-2\/#primaryimage","url":"","contentUrl":""},{"@type":"BreadcrumbList","@id":"https:\/\/contrastes.com.co\/web\/2021\/11\/02\/7787-2\/#breadcrumb","itemListElement":[{"@type":"ListItem","position":1,"name":"Portada","item":"https:\/\/contrastes.com.co\/web\/"},{"@type":"ListItem","position":2,"name":"Agentes de tr\u00e1nsito realizan pedagog\u00eda sobre medidas de circulaci\u00f3n en Soledad"}]},{"@type":"WebSite","@id":"https:\/\/contrastes.com.co\/web\/#website","url":"https:\/\/contrastes.com.co\/web\/","name":"Contrastes","description":"Periodismo de Conciencia","publisher":{"@id":"https:\/\/contrastes.com.co\/web\/#organization"},"potentialAction":[{"@type":"SearchAction","target":{"@type":"EntryPoint","urlTemplate":"https:\/\/contrastes.com.co\/web\/?s={search_term_string}"},"query-input":{"@type":"PropertyValueSpecification","valueRequired":true,"valueName":"search_term_string"}}],"inLanguage":"es"},{"@type":"Organization","@id":"https:\/\/contrastes.com.co\/web\/#organization","name":"Contrastes","url":"https:\/\/contrastes.com.co\/web\/","logo":{"@type":"ImageObject","inLanguage":"es","@id":"https:\/\/contrastes.com.co\/web\/#\/schema\/logo\/image\/","url":"https:\/\/contrastes.com.co\/web\/wp-content\/uploads\/2025\/04\/15CONTRASTES3.png","contentUrl":"https:\/\/contrastes.com.co\/web\/wp-content\/uploads\/2025\/04\/15CONTRASTES3.png","width":1536,"height":231,"caption":"Contrastes"},"image":{"@id":"https:\/\/contrastes.com.co\/web\/#\/schema\/logo\/image\/"},"sameAs":["https:\/\/www.facebook.com\/guillo.pantoja.1"]},{"@type":"Person","@id":"https:\/\/contrastes.com.co\/web\/#\/schema\/person\/62ef7a62dc4da6de450c71fc2e95ed02","name":"Editor","image":{"@type":"ImageObject","inLanguage":"es","@id":"https:\/\/secure.gravatar.com\/avatar\/7bbb4f718d74bbf600dc556253bb04fd7ac8593751d6e2e3b85432d98aefae80?s=96&d=mm&r=g","url":"https:\/\/secure.gravatar.com\/avatar\/7bbb4f718d74bbf600dc556253bb04fd7ac8593751d6e2e3b85432d98aefae80?s=96&d=mm&r=g","contentUrl":"https:\/\/secure.gravatar.com\/avatar\/7bbb4f718d74bbf600dc556253bb04fd7ac8593751d6e2e3b85432d98aefae80?s=96&d=mm&r=g","caption":"Editor"},"sameAs":["https:\/\/contrastes.com.co\/web"],"url":"https:\/\/contrastes.com.co\/web\/author\/jdbobadilla\/"}]}},"blog_post_layout_featured_media_urls":{"thumbnail":"","full":""},"categories_names":{"23":{"name":"Locales","link":"https:\/\/contrastes.com.co\/web\/category\/locales\/"},"1395":{"name":"V\u00edas y Movilidad","link":"https:\/\/contrastes.com.co\/web\/category\/vias-y-movilidad\/"}},"tags_names":{"4587":{"name":"agentes reguladores","link":"https:\/\/contrastes.com.co\/web\/tag\/agentes-reguladores\/"},"4588":{"name":"d\u00eda sin moto","link":"https:\/\/contrastes.com.co\/web\/tag\/dia-sin-moto\/"},"4589":{"name":"d\u00eda sin motocarros.","link":"https:\/\/contrastes.com.co\/web\/tag\/dia-sin-motocarros\/"},"2060":{"name":"Instituto de Tr\u00e1nsito de Soledad","link":"https:\/\/contrastes.com.co\/web\/tag\/instituto-de-transito-de-soledad\/"},"51":{"name":"municipio de soledad","link":"https:\/\/contrastes.com.co\/web\/tag\/municipio-de-soledad\/"},"4590":{"name":"pico y color","link":"https:\/\/contrastes.com.co\/web\/tag\/pico-y-color\/"},"4591":{"name":"pico y placa","link":"https:\/\/contrastes.com.co\/web\/tag\/pico-y-placa\/"},"4592":{"name":"restricciones de circulaci\u00f3n nocturna","link":"https:\/\/contrastes.com.co\/web\/tag\/restricciones-de-circulacion-nocturna\/"}},"comments_number":"0","wpmagazine_modules_lite_featured_media_urls":{"thumbnail":"","cvmm-medium":"","cvmm-medium-plus":"","cvmm-portrait":"","cvmm-medium-square":"","cvmm-large":"","cvmm-small":"","full":""},"_links":{"self":[{"href":"https:\/\/contrastes.com.co\/web\/wp-json\/wp\/v2\/posts\/7787","targetHints":{"allow":["GET"]}}],"collection":[{"href":"https:\/\/contrastes.com.co\/web\/wp-json\/wp\/v2\/posts"}],"about":[{"href":"https:\/\/contrastes.com.co\/web\/wp-json\/wp\/v2\/types\/post"}],"author":[{"embeddable":true,"href":"https:\/\/contrastes.com.co\/web\/wp-json\/wp\/v2\/users\/1"}],"replies":[{"embeddable":true,"href":"https:\/\/contrastes.com.co\/web\/wp-json\/wp\/v2\/comments?post=7787"}],"version-history":[{"count":0,"href":"https:\/\/contrastes.com.co\/web\/wp-json\/wp\/v2\/posts\/7787\/revisions"}],"wp:attachment":[{"href":"https:\/\/contrastes.com.co\/web\/wp-json\/wp\/v2\/media?parent=7787"}],"wp:term":[{"taxonomy":"category","embeddable":true,"href":"https:\/\/contrastes.com.co\/web\/wp-json\/wp\/v2\/categories?post=7787"},{"taxonomy":"post_tag","embeddable":true,"href":"https:\/\/contrastes.com.co\/web\/wp-json\/wp\/v2\/tags?post=7787"}],"curies":[{"name":"wp","href":"https:\/\/api.w.org\/{rel}","templated":true}]}}