{"id":7951,"date":"2021-11-18T11:34:54","date_gmt":"2021-11-18T16:34:54","guid":{"rendered":"https:\/\/contrastes.com.co\/digital\/?p=7951"},"modified":"2021-11-18T11:34:54","modified_gmt":"2021-11-18T16:34:54","slug":"alcaldia-de-soledad-y-gobernacion-del-atlantico-firman-pacto-para-prevenir-riesgos-sociales-en-fiestas-decembrinas","status":"publish","type":"post","link":"https:\/\/contrastes.com.co\/web\/2021\/11\/18\/alcaldia-de-soledad-y-gobernacion-del-atlantico-firman-pacto-para-prevenir-riesgos-sociales-en-fiestas-decembrinas\/","title":{"rendered":"Alcald\u00eda de Soledad y Gobernaci\u00f3n del Atl\u00e1ntico firman pacto para prevenir riesgos sociales en fiestas decembrinas"},"content":{"rendered":"<p><strong>Alcald\u00eda de Soledad y Gobernaci\u00f3n del Atl\u00e1ntico firman pacto para prevenir riesgos sociales en fiestas decembrinas<\/strong><\/p>\n<blockquote><p><strong>\u201cDesde el Gran Pacto Social desarrollaremos campa\u00f1as de prevenci\u00f3n para que la ciudadan\u00eda tome conciencia e implemente todas las acciones necesarias para reducir de manera significativa cualquier tipo de situaci\u00f3n negativa que llegase a presentarse en nuestro ente territorial en las celebraciones navide\u00f1as\u201d: Rodolfo Ucr\u00f3s Rosales.<\/strong><\/p><\/blockquote>\n<p><strong>Soledad.-<\/strong>\u00a0La Alcald\u00eda de Soledad y la Gobernaci\u00f3n del Atl\u00e1ntico firmaron el \u2018Pacto para la prevenci\u00f3n y reducci\u00f3n de heridos por balas perdidas, quemaduras con p\u00f3lvora e intoxicaci\u00f3n con alcohol adulterado y otras sustancias peligrosas\u2019 en \u00e9poca de Navidad y Fin de A\u00f1o.<\/p>\n<p>El alcalde Rodolfo Ucr\u00f3s Rosales se comprometi\u00f3 a desarrollar acciones de formaci\u00f3n y sensibilizaci\u00f3n ciudadana, tendientes a prevenir riesgos sociales durante esta temporada en el municipio.<\/p>\n<p>\u201cDesde el Gran Pacto Social desarrollaremos campa\u00f1as de prevenci\u00f3n para que la ciudadan\u00eda tome conciencia e implemente todas las acciones necesarias para reducir de manera significativa cualquier tipo de situaci\u00f3n negativa que llegase a presentarse en nuestro ente territorial en las celebraciones navide\u00f1as\u201d, manifest\u00f3 el mandatario municipal.<\/p>\n<p>El secretario de Gobierno, Samir Serret, explic\u00f3 la importancia de que los habitantes del municipio sean conscientes y no usen p\u00f3lvora ni consuman licor adulterado, haciendo buen uso de la sana convivencia y cultura ciudadana. \u201cPara que juntos tengamos un final de a\u00f1o sin heridos por p\u00f3lvora, balas perdidas y\/o intoxicados con licor adulterado, es necesario que la ciudadan\u00eda atienda las prevenciones y acciones que toma la Alcald\u00eda en conjunto con la Fuerza P\u00fablica en el municipio\u201d, expres\u00f3 el funcionario.<\/p>\n","protected":false},"excerpt":{"rendered":"<p>La Alcald\u00eda de Soledad y la Gobernaci\u00f3n del Atl\u00e1ntico firmaron el \u2018Pacto para la prevenci\u00f3n y reducci\u00f3n de heridos por balas perdidas, quemaduras con p\u00f3lvora e intoxicaci\u00f3n con alcohol adulterado y otras sustancias peligrosas\u2019 en \u00e9poca de Navidad y Fin de A\u00f1o.<\/p>\n","protected":false},"author":1,"featured_media":7952,"comment_status":"open","ping_status":"open","sticky":false,"template":"","format":"standard","meta":{"footnotes":""},"categories":[23,53],"tags":[28,77,1780,15,4715,1879],"class_list":["post-7951","post","type-post","status-publish","format-standard","has-post-thumbnail","hentry","category-locales","category-seguridad-ciudadana","tag-alcaldia-de-soledad","tag-elsa-noguera","tag-fiestas-decembrinas","tag-gobernacion-del-atlantico","tag-prevencion-de-riesgos-sociales","tag-rodolfo-ucros-rosales"],"yoast_head":"<!-- This site is optimized with the Yoast SEO plugin v27.7 - https:\/\/yoast.com\/product\/yoast-seo-wordpress\/ -->\n<title>Alcald\u00eda de Soledad y Gobernaci\u00f3n del Atl\u00e1ntico firman pacto para prevenir riesgos sociales en fiestas decembrinas - Constrastes<\/title>\n<meta name=\"description\" content=\"La Alcald\u00eda de Soledad y la Gobernaci\u00f3n del Atl\u00e1ntico firmaron el \u2018Pacto para la prevenci\u00f3n y reducci\u00f3n de heridos por balas perdidas, quemaduras con p\u00f3lvora e intoxicaci\u00f3n con alcohol adulterado y otras sustancias peligrosas\u2019 en \u00e9poca de Navidad y Fin de A\u00f1o.\" \/>\n<meta name=\"robots\" content=\"index, follow, max-snippet:-1, max-image-preview:large, max-video-preview:-1\" \/>\n<link rel=\"canonical\" href=\"https:\/\/contrastes.com.co\/web\/2021\/11\/18\/alcaldia-de-soledad-y-gobernacion-del-atlantico-firman-pacto-para-prevenir-riesgos-sociales-en-fiestas-decembrinas\/\" \/>\n<meta property=\"og:locale\" content=\"es_ES\" \/>\n<meta property=\"og:type\" content=\"article\" \/>\n<meta property=\"og:title\" content=\"Alcald\u00eda de Soledad y Gobernaci\u00f3n del Atl\u00e1ntico firman pacto para prevenir riesgos sociales en fiestas decembrinas - Constrastes\" \/>\n<meta property=\"og:description\" content=\"La Alcald\u00eda de Soledad y la Gobernaci\u00f3n del Atl\u00e1ntico firmaron el \u2018Pacto para la prevenci\u00f3n y reducci\u00f3n de heridos por balas perdidas, quemaduras con p\u00f3lvora e intoxicaci\u00f3n con alcohol adulterado y otras sustancias peligrosas\u2019 en \u00e9poca de Navidad y Fin de A\u00f1o.\" \/>\n<meta property=\"og:url\" content=\"https:\/\/contrastes.com.co\/web\/2021\/11\/18\/alcaldia-de-soledad-y-gobernacion-del-atlantico-firman-pacto-para-prevenir-riesgos-sociales-en-fiestas-decembrinas\/\" \/>\n<meta property=\"og:site_name\" content=\"Constrastes\" \/>\n<meta property=\"article:publisher\" content=\"https:\/\/www.facebook.com\/guillo.pantoja.1\" \/>\n<meta property=\"article:published_time\" content=\"2021-11-18T16:34:54+00:00\" \/>\n<meta name=\"author\" content=\"Editor\" \/>\n<meta name=\"twitter:card\" content=\"summary_large_image\" \/>\n<meta name=\"twitter:label1\" content=\"Escrito por\" \/>\n\t<meta name=\"twitter:data1\" content=\"Editor\" \/>\n\t<meta name=\"twitter:label2\" content=\"Tiempo de lectura\" \/>\n\t<meta name=\"twitter:data2\" content=\"1 minuto\" \/>\n<script type=\"application\/ld+json\" class=\"yoast-schema-graph\">{\"@context\":\"https:\\\/\\\/schema.org\",\"@graph\":[{\"@type\":\"Article\",\"@id\":\"https:\\\/\\\/contrastes.com.co\\\/web\\\/2021\\\/11\\\/18\\\/alcaldia-de-soledad-y-gobernacion-del-atlantico-firman-pacto-para-prevenir-riesgos-sociales-en-fiestas-decembrinas\\\/#article\",\"isPartOf\":{\"@id\":\"https:\\\/\\\/contrastes.com.co\\\/web\\\/2021\\\/11\\\/18\\\/alcaldia-de-soledad-y-gobernacion-del-atlantico-firman-pacto-para-prevenir-riesgos-sociales-en-fiestas-decembrinas\\\/\"},\"author\":{\"name\":\"Editor\",\"@id\":\"https:\\\/\\\/contrastes.com.co\\\/web\\\/#\\\/schema\\\/person\\\/62ef7a62dc4da6de450c71fc2e95ed02\"},\"headline\":\"Alcald\u00eda de Soledad y Gobernaci\u00f3n del Atl\u00e1ntico firman pacto para prevenir riesgos sociales en fiestas decembrinas\",\"datePublished\":\"2021-11-18T16:34:54+00:00\",\"mainEntityOfPage\":{\"@id\":\"https:\\\/\\\/contrastes.com.co\\\/web\\\/2021\\\/11\\\/18\\\/alcaldia-de-soledad-y-gobernacion-del-atlantico-firman-pacto-para-prevenir-riesgos-sociales-en-fiestas-decembrinas\\\/\"},\"wordCount\":310,\"commentCount\":0,\"publisher\":{\"@id\":\"https:\\\/\\\/contrastes.com.co\\\/web\\\/#organization\"},\"image\":{\"@id\":\"https:\\\/\\\/contrastes.com.co\\\/web\\\/2021\\\/11\\\/18\\\/alcaldia-de-soledad-y-gobernacion-del-atlantico-firman-pacto-para-prevenir-riesgos-sociales-en-fiestas-decembrinas\\\/#primaryimage\"},\"thumbnailUrl\":\"\",\"keywords\":[\"alcaldia de Soledad\",\"elsa noguera\",\"fiestas decembrinas\",\"gobernaci\u00f3n del Atl\u00e1ntico\",\"prevenci\u00f3n de riesgos sociales\",\"Rodolfo Ucr\u00f3s Rosales\"],\"articleSection\":[\"Locales\",\"Seguridad Ciudadana\"],\"inLanguage\":\"es\",\"potentialAction\":[{\"@type\":\"CommentAction\",\"name\":\"Comment\",\"target\":[\"https:\\\/\\\/contrastes.com.co\\\/web\\\/2021\\\/11\\\/18\\\/alcaldia-de-soledad-y-gobernacion-del-atlantico-firman-pacto-para-prevenir-riesgos-sociales-en-fiestas-decembrinas\\\/#respond\"]}]},{\"@type\":\"WebPage\",\"@id\":\"https:\\\/\\\/contrastes.com.co\\\/web\\\/2021\\\/11\\\/18\\\/alcaldia-de-soledad-y-gobernacion-del-atlantico-firman-pacto-para-prevenir-riesgos-sociales-en-fiestas-decembrinas\\\/\",\"url\":\"https:\\\/\\\/contrastes.com.co\\\/web\\\/2021\\\/11\\\/18\\\/alcaldia-de-soledad-y-gobernacion-del-atlantico-firman-pacto-para-prevenir-riesgos-sociales-en-fiestas-decembrinas\\\/\",\"name\":\"Alcald\u00eda de Soledad y Gobernaci\u00f3n del Atl\u00e1ntico firman pacto para prevenir riesgos sociales en fiestas decembrinas - Constrastes\",\"isPartOf\":{\"@id\":\"https:\\\/\\\/contrastes.com.co\\\/web\\\/#website\"},\"primaryImageOfPage\":{\"@id\":\"https:\\\/\\\/contrastes.com.co\\\/web\\\/2021\\\/11\\\/18\\\/alcaldia-de-soledad-y-gobernacion-del-atlantico-firman-pacto-para-prevenir-riesgos-sociales-en-fiestas-decembrinas\\\/#primaryimage\"},\"image\":{\"@id\":\"https:\\\/\\\/contrastes.com.co\\\/web\\\/2021\\\/11\\\/18\\\/alcaldia-de-soledad-y-gobernacion-del-atlantico-firman-pacto-para-prevenir-riesgos-sociales-en-fiestas-decembrinas\\\/#primaryimage\"},\"thumbnailUrl\":\"\",\"datePublished\":\"2021-11-18T16:34:54+00:00\",\"description\":\"La Alcald\u00eda de Soledad y la Gobernaci\u00f3n del Atl\u00e1ntico firmaron el \u2018Pacto para la prevenci\u00f3n y reducci\u00f3n de heridos por balas perdidas, quemaduras con p\u00f3lvora e intoxicaci\u00f3n con alcohol adulterado y otras sustancias peligrosas\u2019 en \u00e9poca de Navidad y Fin de A\u00f1o.\",\"breadcrumb\":{\"@id\":\"https:\\\/\\\/contrastes.com.co\\\/web\\\/2021\\\/11\\\/18\\\/alcaldia-de-soledad-y-gobernacion-del-atlantico-firman-pacto-para-prevenir-riesgos-sociales-en-fiestas-decembrinas\\\/#breadcrumb\"},\"inLanguage\":\"es\",\"potentialAction\":[{\"@type\":\"ReadAction\",\"target\":[\"https:\\\/\\\/contrastes.com.co\\\/web\\\/2021\\\/11\\\/18\\\/alcaldia-de-soledad-y-gobernacion-del-atlantico-firman-pacto-para-prevenir-riesgos-sociales-en-fiestas-decembrinas\\\/\"]}]},{\"@type\":\"ImageObject\",\"inLanguage\":\"es\",\"@id\":\"https:\\\/\\\/contrastes.com.co\\\/web\\\/2021\\\/11\\\/18\\\/alcaldia-de-soledad-y-gobernacion-del-atlantico-firman-pacto-para-prevenir-riesgos-sociales-en-fiestas-decembrinas\\\/#primaryimage\",\"url\":\"\",\"contentUrl\":\"\"},{\"@type\":\"BreadcrumbList\",\"@id\":\"https:\\\/\\\/contrastes.com.co\\\/web\\\/2021\\\/11\\\/18\\\/alcaldia-de-soledad-y-gobernacion-del-atlantico-firman-pacto-para-prevenir-riesgos-sociales-en-fiestas-decembrinas\\\/#breadcrumb\",\"itemListElement\":[{\"@type\":\"ListItem\",\"position\":1,\"name\":\"Portada\",\"item\":\"https:\\\/\\\/contrastes.com.co\\\/web\\\/\"},{\"@type\":\"ListItem\",\"position\":2,\"name\":\"Alcald\u00eda de Soledad y Gobernaci\u00f3n del Atl\u00e1ntico firman pacto para prevenir riesgos sociales en fiestas decembrinas\"}]},{\"@type\":\"WebSite\",\"@id\":\"https:\\\/\\\/contrastes.com.co\\\/web\\\/#website\",\"url\":\"https:\\\/\\\/contrastes.com.co\\\/web\\\/\",\"name\":\"Contrastes\",\"description\":\"Periodismo de Conciencia\",\"publisher\":{\"@id\":\"https:\\\/\\\/contrastes.com.co\\\/web\\\/#organization\"},\"potentialAction\":[{\"@type\":\"SearchAction\",\"target\":{\"@type\":\"EntryPoint\",\"urlTemplate\":\"https:\\\/\\\/contrastes.com.co\\\/web\\\/?s={search_term_string}\"},\"query-input\":{\"@type\":\"PropertyValueSpecification\",\"valueRequired\":true,\"valueName\":\"search_term_string\"}}],\"inLanguage\":\"es\"},{\"@type\":\"Organization\",\"@id\":\"https:\\\/\\\/contrastes.com.co\\\/web\\\/#organization\",\"name\":\"Contrastes\",\"url\":\"https:\\\/\\\/contrastes.com.co\\\/web\\\/\",\"logo\":{\"@type\":\"ImageObject\",\"inLanguage\":\"es\",\"@id\":\"https:\\\/\\\/contrastes.com.co\\\/web\\\/#\\\/schema\\\/logo\\\/image\\\/\",\"url\":\"https:\\\/\\\/contrastes.com.co\\\/web\\\/wp-content\\\/uploads\\\/2025\\\/04\\\/15CONTRASTES3.png\",\"contentUrl\":\"https:\\\/\\\/contrastes.com.co\\\/web\\\/wp-content\\\/uploads\\\/2025\\\/04\\\/15CONTRASTES3.png\",\"width\":1536,\"height\":231,\"caption\":\"Contrastes\"},\"image\":{\"@id\":\"https:\\\/\\\/contrastes.com.co\\\/web\\\/#\\\/schema\\\/logo\\\/image\\\/\"},\"sameAs\":[\"https:\\\/\\\/www.facebook.com\\\/guillo.pantoja.1\"]},{\"@type\":\"Person\",\"@id\":\"https:\\\/\\\/contrastes.com.co\\\/web\\\/#\\\/schema\\\/person\\\/62ef7a62dc4da6de450c71fc2e95ed02\",\"name\":\"Editor\",\"image\":{\"@type\":\"ImageObject\",\"inLanguage\":\"es\",\"@id\":\"https:\\\/\\\/secure.gravatar.com\\\/avatar\\\/7bbb4f718d74bbf600dc556253bb04fd7ac8593751d6e2e3b85432d98aefae80?s=96&d=mm&r=g\",\"url\":\"https:\\\/\\\/secure.gravatar.com\\\/avatar\\\/7bbb4f718d74bbf600dc556253bb04fd7ac8593751d6e2e3b85432d98aefae80?s=96&d=mm&r=g\",\"contentUrl\":\"https:\\\/\\\/secure.gravatar.com\\\/avatar\\\/7bbb4f718d74bbf600dc556253bb04fd7ac8593751d6e2e3b85432d98aefae80?s=96&d=mm&r=g\",\"caption\":\"Editor\"},\"sameAs\":[\"https:\\\/\\\/contrastes.com.co\\\/web\"],\"url\":\"https:\\\/\\\/contrastes.com.co\\\/web\\\/author\\\/jdbobadilla\\\/\"}]}<\/script>\n<!-- \/ Yoast SEO plugin. -->","yoast_head_json":{"title":"Alcald\u00eda de Soledad y Gobernaci\u00f3n del Atl\u00e1ntico firman pacto para prevenir riesgos sociales en fiestas decembrinas - Constrastes","description":"La Alcald\u00eda de Soledad y la Gobernaci\u00f3n del Atl\u00e1ntico firmaron el \u2018Pacto para la prevenci\u00f3n y reducci\u00f3n de heridos por balas perdidas, quemaduras con p\u00f3lvora e intoxicaci\u00f3n con alcohol adulterado y otras sustancias peligrosas\u2019 en \u00e9poca de Navidad y Fin de A\u00f1o.","robots":{"index":"index","follow":"follow","max-snippet":"max-snippet:-1","max-image-preview":"max-image-preview:large","max-video-preview":"max-video-preview:-1"},"canonical":"https:\/\/contrastes.com.co\/web\/2021\/11\/18\/alcaldia-de-soledad-y-gobernacion-del-atlantico-firman-pacto-para-prevenir-riesgos-sociales-en-fiestas-decembrinas\/","og_locale":"es_ES","og_type":"article","og_title":"Alcald\u00eda de Soledad y Gobernaci\u00f3n del Atl\u00e1ntico firman pacto para prevenir riesgos sociales en fiestas decembrinas - Constrastes","og_description":"La Alcald\u00eda de Soledad y la Gobernaci\u00f3n del Atl\u00e1ntico firmaron el \u2018Pacto para la prevenci\u00f3n y reducci\u00f3n de heridos por balas perdidas, quemaduras con p\u00f3lvora e intoxicaci\u00f3n con alcohol adulterado y otras sustancias peligrosas\u2019 en \u00e9poca de Navidad y Fin de A\u00f1o.","og_url":"https:\/\/contrastes.com.co\/web\/2021\/11\/18\/alcaldia-de-soledad-y-gobernacion-del-atlantico-firman-pacto-para-prevenir-riesgos-sociales-en-fiestas-decembrinas\/","og_site_name":"Constrastes","article_publisher":"https:\/\/www.facebook.com\/guillo.pantoja.1","article_published_time":"2021-11-18T16:34:54+00:00","author":"Editor","twitter_card":"summary_large_image","twitter_misc":{"Escrito por":"Editor","Tiempo de lectura":"1 minuto"},"schema":{"@context":"https:\/\/schema.org","@graph":[{"@type":"Article","@id":"https:\/\/contrastes.com.co\/web\/2021\/11\/18\/alcaldia-de-soledad-y-gobernacion-del-atlantico-firman-pacto-para-prevenir-riesgos-sociales-en-fiestas-decembrinas\/#article","isPartOf":{"@id":"https:\/\/contrastes.com.co\/web\/2021\/11\/18\/alcaldia-de-soledad-y-gobernacion-del-atlantico-firman-pacto-para-prevenir-riesgos-sociales-en-fiestas-decembrinas\/"},"author":{"name":"Editor","@id":"https:\/\/contrastes.com.co\/web\/#\/schema\/person\/62ef7a62dc4da6de450c71fc2e95ed02"},"headline":"Alcald\u00eda de Soledad y Gobernaci\u00f3n del Atl\u00e1ntico firman pacto para prevenir riesgos sociales en fiestas decembrinas","datePublished":"2021-11-18T16:34:54+00:00","mainEntityOfPage":{"@id":"https:\/\/contrastes.com.co\/web\/2021\/11\/18\/alcaldia-de-soledad-y-gobernacion-del-atlantico-firman-pacto-para-prevenir-riesgos-sociales-en-fiestas-decembrinas\/"},"wordCount":310,"commentCount":0,"publisher":{"@id":"https:\/\/contrastes.com.co\/web\/#organization"},"image":{"@id":"https:\/\/contrastes.com.co\/web\/2021\/11\/18\/alcaldia-de-soledad-y-gobernacion-del-atlantico-firman-pacto-para-prevenir-riesgos-sociales-en-fiestas-decembrinas\/#primaryimage"},"thumbnailUrl":"","keywords":["alcaldia de Soledad","elsa noguera","fiestas decembrinas","gobernaci\u00f3n del Atl\u00e1ntico","prevenci\u00f3n de riesgos sociales","Rodolfo Ucr\u00f3s Rosales"],"articleSection":["Locales","Seguridad Ciudadana"],"inLanguage":"es","potentialAction":[{"@type":"CommentAction","name":"Comment","target":["https:\/\/contrastes.com.co\/web\/2021\/11\/18\/alcaldia-de-soledad-y-gobernacion-del-atlantico-firman-pacto-para-prevenir-riesgos-sociales-en-fiestas-decembrinas\/#respond"]}]},{"@type":"WebPage","@id":"https:\/\/contrastes.com.co\/web\/2021\/11\/18\/alcaldia-de-soledad-y-gobernacion-del-atlantico-firman-pacto-para-prevenir-riesgos-sociales-en-fiestas-decembrinas\/","url":"https:\/\/contrastes.com.co\/web\/2021\/11\/18\/alcaldia-de-soledad-y-gobernacion-del-atlantico-firman-pacto-para-prevenir-riesgos-sociales-en-fiestas-decembrinas\/","name":"Alcald\u00eda de Soledad y Gobernaci\u00f3n del Atl\u00e1ntico firman pacto para prevenir riesgos sociales en fiestas decembrinas - Constrastes","isPartOf":{"@id":"https:\/\/contrastes.com.co\/web\/#website"},"primaryImageOfPage":{"@id":"https:\/\/contrastes.com.co\/web\/2021\/11\/18\/alcaldia-de-soledad-y-gobernacion-del-atlantico-firman-pacto-para-prevenir-riesgos-sociales-en-fiestas-decembrinas\/#primaryimage"},"image":{"@id":"https:\/\/contrastes.com.co\/web\/2021\/11\/18\/alcaldia-de-soledad-y-gobernacion-del-atlantico-firman-pacto-para-prevenir-riesgos-sociales-en-fiestas-decembrinas\/#primaryimage"},"thumbnailUrl":"","datePublished":"2021-11-18T16:34:54+00:00","description":"La Alcald\u00eda de Soledad y la Gobernaci\u00f3n del Atl\u00e1ntico firmaron el \u2018Pacto para la prevenci\u00f3n y reducci\u00f3n de heridos por balas perdidas, quemaduras con p\u00f3lvora e intoxicaci\u00f3n con alcohol adulterado y otras sustancias peligrosas\u2019 en \u00e9poca de Navidad y Fin de A\u00f1o.","breadcrumb":{"@id":"https:\/\/contrastes.com.co\/web\/2021\/11\/18\/alcaldia-de-soledad-y-gobernacion-del-atlantico-firman-pacto-para-prevenir-riesgos-sociales-en-fiestas-decembrinas\/#breadcrumb"},"inLanguage":"es","potentialAction":[{"@type":"ReadAction","target":["https:\/\/contrastes.com.co\/web\/2021\/11\/18\/alcaldia-de-soledad-y-gobernacion-del-atlantico-firman-pacto-para-prevenir-riesgos-sociales-en-fiestas-decembrinas\/"]}]},{"@type":"ImageObject","inLanguage":"es","@id":"https:\/\/contrastes.com.co\/web\/2021\/11\/18\/alcaldia-de-soledad-y-gobernacion-del-atlantico-firman-pacto-para-prevenir-riesgos-sociales-en-fiestas-decembrinas\/#primaryimage","url":"","contentUrl":""},{"@type":"BreadcrumbList","@id":"https:\/\/contrastes.com.co\/web\/2021\/11\/18\/alcaldia-de-soledad-y-gobernacion-del-atlantico-firman-pacto-para-prevenir-riesgos-sociales-en-fiestas-decembrinas\/#breadcrumb","itemListElement":[{"@type":"ListItem","position":1,"name":"Portada","item":"https:\/\/contrastes.com.co\/web\/"},{"@type":"ListItem","position":2,"name":"Alcald\u00eda de Soledad y Gobernaci\u00f3n del Atl\u00e1ntico firman pacto para prevenir riesgos sociales en fiestas decembrinas"}]},{"@type":"WebSite","@id":"https:\/\/contrastes.com.co\/web\/#website","url":"https:\/\/contrastes.com.co\/web\/","name":"Contrastes","description":"Periodismo de Conciencia","publisher":{"@id":"https:\/\/contrastes.com.co\/web\/#organization"},"potentialAction":[{"@type":"SearchAction","target":{"@type":"EntryPoint","urlTemplate":"https:\/\/contrastes.com.co\/web\/?s={search_term_string}"},"query-input":{"@type":"PropertyValueSpecification","valueRequired":true,"valueName":"search_term_string"}}],"inLanguage":"es"},{"@type":"Organization","@id":"https:\/\/contrastes.com.co\/web\/#organization","name":"Contrastes","url":"https:\/\/contrastes.com.co\/web\/","logo":{"@type":"ImageObject","inLanguage":"es","@id":"https:\/\/contrastes.com.co\/web\/#\/schema\/logo\/image\/","url":"https:\/\/contrastes.com.co\/web\/wp-content\/uploads\/2025\/04\/15CONTRASTES3.png","contentUrl":"https:\/\/contrastes.com.co\/web\/wp-content\/uploads\/2025\/04\/15CONTRASTES3.png","width":1536,"height":231,"caption":"Contrastes"},"image":{"@id":"https:\/\/contrastes.com.co\/web\/#\/schema\/logo\/image\/"},"sameAs":["https:\/\/www.facebook.com\/guillo.pantoja.1"]},{"@type":"Person","@id":"https:\/\/contrastes.com.co\/web\/#\/schema\/person\/62ef7a62dc4da6de450c71fc2e95ed02","name":"Editor","image":{"@type":"ImageObject","inLanguage":"es","@id":"https:\/\/secure.gravatar.com\/avatar\/7bbb4f718d74bbf600dc556253bb04fd7ac8593751d6e2e3b85432d98aefae80?s=96&d=mm&r=g","url":"https:\/\/secure.gravatar.com\/avatar\/7bbb4f718d74bbf600dc556253bb04fd7ac8593751d6e2e3b85432d98aefae80?s=96&d=mm&r=g","contentUrl":"https:\/\/secure.gravatar.com\/avatar\/7bbb4f718d74bbf600dc556253bb04fd7ac8593751d6e2e3b85432d98aefae80?s=96&d=mm&r=g","caption":"Editor"},"sameAs":["https:\/\/contrastes.com.co\/web"],"url":"https:\/\/contrastes.com.co\/web\/author\/jdbobadilla\/"}]}},"blog_post_layout_featured_media_urls":{"thumbnail":"","full":""},"categories_names":{"23":{"name":"Locales","link":"https:\/\/contrastes.com.co\/web\/category\/locales\/"},"53":{"name":"Seguridad Ciudadana","link":"https:\/\/contrastes.com.co\/web\/category\/seguridad-ciudadana\/"}},"tags_names":{"28":{"name":"alcaldia de Soledad","link":"https:\/\/contrastes.com.co\/web\/tag\/alcaldia-de-soledad\/"},"77":{"name":"elsa noguera","link":"https:\/\/contrastes.com.co\/web\/tag\/elsa-noguera\/"},"1780":{"name":"fiestas decembrinas","link":"https:\/\/contrastes.com.co\/web\/tag\/fiestas-decembrinas\/"},"15":{"name":"gobernaci\u00f3n del Atl\u00e1ntico","link":"https:\/\/contrastes.com.co\/web\/tag\/gobernacion-del-atlantico\/"},"4715":{"name":"prevenci\u00f3n de riesgos sociales","link":"https:\/\/contrastes.com.co\/web\/tag\/prevencion-de-riesgos-sociales\/"},"1879":{"name":"Rodolfo Ucr\u00f3s Rosales","link":"https:\/\/contrastes.com.co\/web\/tag\/rodolfo-ucros-rosales\/"}},"comments_number":"0","wpmagazine_modules_lite_featured_media_urls":{"thumbnail":"","cvmm-medium":"","cvmm-medium-plus":"","cvmm-portrait":"","cvmm-medium-square":"","cvmm-large":"","cvmm-small":"","full":""},"_links":{"self":[{"href":"https:\/\/contrastes.com.co\/web\/wp-json\/wp\/v2\/posts\/7951","targetHints":{"allow":["GET"]}}],"collection":[{"href":"https:\/\/contrastes.com.co\/web\/wp-json\/wp\/v2\/posts"}],"about":[{"href":"https:\/\/contrastes.com.co\/web\/wp-json\/wp\/v2\/types\/post"}],"author":[{"embeddable":true,"href":"https:\/\/contrastes.com.co\/web\/wp-json\/wp\/v2\/users\/1"}],"replies":[{"embeddable":true,"href":"https:\/\/contrastes.com.co\/web\/wp-json\/wp\/v2\/comments?post=7951"}],"version-history":[{"count":0,"href":"https:\/\/contrastes.com.co\/web\/wp-json\/wp\/v2\/posts\/7951\/revisions"}],"wp:attachment":[{"href":"https:\/\/contrastes.com.co\/web\/wp-json\/wp\/v2\/media?parent=7951"}],"wp:term":[{"taxonomy":"category","embeddable":true,"href":"https:\/\/contrastes.com.co\/web\/wp-json\/wp\/v2\/categories?post=7951"},{"taxonomy":"post_tag","embeddable":true,"href":"https:\/\/contrastes.com.co\/web\/wp-json\/wp\/v2\/tags?post=7951"}],"curies":[{"name":"wp","href":"https:\/\/api.w.org\/{rel}","templated":true}]}}