{"id":8099,"date":"2021-12-10T15:02:14","date_gmt":"2021-12-10T20:02:14","guid":{"rendered":"https:\/\/contrastes.com.co\/digital\/?p=8099"},"modified":"2021-12-10T15:02:14","modified_gmt":"2021-12-10T20:02:14","slug":"jezmi-barraza-oficializa-su-inscripcion-como-candidata-a-la-camara-de-representantes","status":"publish","type":"post","link":"https:\/\/contrastes.com.co\/web\/2021\/12\/10\/jezmi-barraza-oficializa-su-inscripcion-como-candidata-a-la-camara-de-representantes\/","title":{"rendered":"Jezmi Barraza oficializa su inscripci\u00f3n como candidata a la C\u00e1mara de Representantes"},"content":{"rendered":"<p><strong>Jezmi Barraza oficializa su inscripci\u00f3n como candidata a la C\u00e1mara de Representantes<\/strong><\/p>\n<blockquote><p><strong>La Representante Solede\u00f1a, actual Presidenta de la Comisi\u00f3n de la Mujer en el Congreso, quiere continuar trabajando por el Atl\u00e1ntico desde la C\u00e1mara de Representantes<\/strong><\/p><\/blockquote>\n<p><img decoding=\"async\" class=\"alignleft  wp-image-584\" src=\"https:\/\/contrastes.com.co\/digital\/wp-content\/uploads\/2020\/04\/l-capitular.png\" alt=\"l capitular\" width=\"61\" height=\"61\" \/>a joven <em>congresista Jezmi Barraza<\/em>, en compa\u00f1\u00eda de sus familiares, varios simpatizantes, mujeres y j\u00f3venes, inscribi\u00f3 hoy formalmente su candidatura para seguir representando al departamento del Atl\u00e1ntico en el Congreso de la Rep\u00fablica.<\/p>\n<p>La joven Representante, oriunda del municipio de Soledad, aspira a repetir curul para el periodo 2022-2026 y seguir impulsando la participaci\u00f3n pol\u00edtica de la mujer, que se ha convertido en una de las principales banderas de su gesti\u00f3n en la C\u00e1mara de Representantes.<\/p>\n<p>Barraza es actualmente la mujer m\u00e1s joven y la primera solede\u00f1a en llegar al <em>Congreso de la Rep\u00fablica<\/em> en representaci\u00f3n del Atl\u00e1ntico, gesti\u00f3n en la que tambi\u00e9n ha fungido como <strong>Vicepresidenta de la Comisi\u00f3n IV de Presupuesto del Congreso<\/strong> y como <strong>Presidenta de la Comisi\u00f3n Legal para la Equidad de la Mujer<\/strong>, cargo desde el que ha liderado y apalancado proyectos de ley para el beneficio de las colombianas y claro, de las mujeres atlanticenses.<\/p>\n<p>De igual forma ha acompa\u00f1ado m\u00e1s de 101 iniciativas legislativas, de las cuales m\u00e1s de 50 impactan de manera positiva al departamento del Atl\u00e1ntico. Destacan entre ellas: \u2018Homenaje a la Cultura Solede\u00f1a\u2019, que busca proteger la tradici\u00f3n musical y gastron\u00f3mica del municipio, respaldando a sus gestores culturales. El proyecto \u2018Comunidad Lactante\u2019 que fortalece las redes de apoyo a la lactancia e impacta positivamente la nutrici\u00f3n de la ni\u00f1ez colombiana, as\u00ed como un proyecto de ley de fomento al deporte con enfoque de g\u00e9nero, brindando mayores garant\u00edas para que las ni\u00f1as y j\u00f3venes participen y destaquen.<\/p>\n","protected":false},"excerpt":{"rendered":"<p>La joven congresista Jezmi Barraza, en compa\u00f1\u00eda de sus familiares, varios simpatizantes, mujeres y j\u00f3venes, inscribi\u00f3 hoy formalmente su candidatura para seguir representando al departamento del Atl\u00e1ntico en el Congreso de la Rep\u00fablica.<\/p>\n","protected":false},"author":1,"featured_media":8100,"comment_status":"open","ping_status":"open","sticky":false,"template":"","format":"standard","meta":{"footnotes":""},"categories":[4789,4790,101,203,24],"tags":[4788,607,106,4791,4792,4793,109],"class_list":["post-8099","post","type-post","status-publish","format-standard","has-post-thumbnail","hentry","category-congreso-de-la-republica","category-elecciones-2022","category-pais","category-politica","category-region","tag-congresista","tag-congreso-de-la-republica","tag-departamento-del-atlantico","tag-inscripcion-candidatura","tag-jezmi-barraza-arraut","tag-partido-liberal-colombiano","tag-representante-a-la-camara"],"yoast_head":"<!-- This site is optimized with the Yoast SEO plugin v27.7 - https:\/\/yoast.com\/product\/yoast-seo-wordpress\/ -->\n<title>Jezmi Barraza oficializa su inscripci\u00f3n como candidata a la C\u00e1mara de Representantes - Constrastes<\/title>\n<meta name=\"description\" content=\"La joven congresista Jezmi Barraza, en compa\u00f1\u00eda de sus familiares, varios simpatizantes, mujeres y j\u00f3venes, inscribi\u00f3 hoy formalmente su candidatura para seguir representando al departamento del Atl\u00e1ntico en el Congreso de la Rep\u00fablica.\" \/>\n<meta name=\"robots\" content=\"index, follow, max-snippet:-1, max-image-preview:large, max-video-preview:-1\" \/>\n<link rel=\"canonical\" href=\"https:\/\/contrastes.com.co\/web\/2021\/12\/10\/jezmi-barraza-oficializa-su-inscripcion-como-candidata-a-la-camara-de-representantes\/\" \/>\n<meta property=\"og:locale\" content=\"es_ES\" \/>\n<meta property=\"og:type\" content=\"article\" \/>\n<meta property=\"og:title\" content=\"Jezmi Barraza oficializa su inscripci\u00f3n como candidata a la C\u00e1mara de Representantes - Constrastes\" \/>\n<meta property=\"og:description\" content=\"La joven congresista Jezmi Barraza, en compa\u00f1\u00eda de sus familiares, varios simpatizantes, mujeres y j\u00f3venes, inscribi\u00f3 hoy formalmente su candidatura para seguir representando al departamento del Atl\u00e1ntico en el Congreso de la Rep\u00fablica.\" \/>\n<meta property=\"og:url\" content=\"https:\/\/contrastes.com.co\/web\/2021\/12\/10\/jezmi-barraza-oficializa-su-inscripcion-como-candidata-a-la-camara-de-representantes\/\" \/>\n<meta property=\"og:site_name\" content=\"Constrastes\" \/>\n<meta property=\"article:publisher\" content=\"https:\/\/www.facebook.com\/guillo.pantoja.1\" \/>\n<meta property=\"article:published_time\" content=\"2021-12-10T20:02:14+00:00\" \/>\n<meta name=\"author\" content=\"Editor\" \/>\n<meta name=\"twitter:card\" content=\"summary_large_image\" \/>\n<meta name=\"twitter:label1\" content=\"Escrito por\" \/>\n\t<meta name=\"twitter:data1\" content=\"Editor\" \/>\n\t<meta name=\"twitter:label2\" content=\"Tiempo de lectura\" \/>\n\t<meta name=\"twitter:data2\" content=\"2 minutos\" \/>\n<script type=\"application\/ld+json\" class=\"yoast-schema-graph\">{\"@context\":\"https:\\\/\\\/schema.org\",\"@graph\":[{\"@type\":\"Article\",\"@id\":\"https:\\\/\\\/contrastes.com.co\\\/web\\\/2021\\\/12\\\/10\\\/jezmi-barraza-oficializa-su-inscripcion-como-candidata-a-la-camara-de-representantes\\\/#article\",\"isPartOf\":{\"@id\":\"https:\\\/\\\/contrastes.com.co\\\/web\\\/2021\\\/12\\\/10\\\/jezmi-barraza-oficializa-su-inscripcion-como-candidata-a-la-camara-de-representantes\\\/\"},\"author\":{\"name\":\"Editor\",\"@id\":\"https:\\\/\\\/contrastes.com.co\\\/web\\\/#\\\/schema\\\/person\\\/62ef7a62dc4da6de450c71fc2e95ed02\"},\"headline\":\"Jezmi Barraza oficializa su inscripci\u00f3n como candidata a la C\u00e1mara de Representantes\",\"datePublished\":\"2021-12-10T20:02:14+00:00\",\"mainEntityOfPage\":{\"@id\":\"https:\\\/\\\/contrastes.com.co\\\/web\\\/2021\\\/12\\\/10\\\/jezmi-barraza-oficializa-su-inscripcion-como-candidata-a-la-camara-de-representantes\\\/\"},\"wordCount\":331,\"commentCount\":0,\"publisher\":{\"@id\":\"https:\\\/\\\/contrastes.com.co\\\/web\\\/#organization\"},\"image\":{\"@id\":\"https:\\\/\\\/contrastes.com.co\\\/web\\\/2021\\\/12\\\/10\\\/jezmi-barraza-oficializa-su-inscripcion-como-candidata-a-la-camara-de-representantes\\\/#primaryimage\"},\"thumbnailUrl\":\"\",\"keywords\":[\"congresista\",\"Congreso de la Rep\u00fablica\",\"Departamento del Atl\u00e1ntico\",\"inscripci\u00f3n candidatura\",\"Jezmi Barraza Arraut\",\"Partido Liberal Colombiano\",\"Representante a la C\u00e1mara\"],\"articleSection\":[\"Congreso de la Rep\u00fablica\",\"Elecciones 2022\",\"Pa\u00eds\",\"Pol\u00edtica\",\"Regi\u00f3n\"],\"inLanguage\":\"es\",\"potentialAction\":[{\"@type\":\"CommentAction\",\"name\":\"Comment\",\"target\":[\"https:\\\/\\\/contrastes.com.co\\\/web\\\/2021\\\/12\\\/10\\\/jezmi-barraza-oficializa-su-inscripcion-como-candidata-a-la-camara-de-representantes\\\/#respond\"]}]},{\"@type\":\"WebPage\",\"@id\":\"https:\\\/\\\/contrastes.com.co\\\/web\\\/2021\\\/12\\\/10\\\/jezmi-barraza-oficializa-su-inscripcion-como-candidata-a-la-camara-de-representantes\\\/\",\"url\":\"https:\\\/\\\/contrastes.com.co\\\/web\\\/2021\\\/12\\\/10\\\/jezmi-barraza-oficializa-su-inscripcion-como-candidata-a-la-camara-de-representantes\\\/\",\"name\":\"Jezmi Barraza oficializa su inscripci\u00f3n como candidata a la C\u00e1mara de Representantes - Constrastes\",\"isPartOf\":{\"@id\":\"https:\\\/\\\/contrastes.com.co\\\/web\\\/#website\"},\"primaryImageOfPage\":{\"@id\":\"https:\\\/\\\/contrastes.com.co\\\/web\\\/2021\\\/12\\\/10\\\/jezmi-barraza-oficializa-su-inscripcion-como-candidata-a-la-camara-de-representantes\\\/#primaryimage\"},\"image\":{\"@id\":\"https:\\\/\\\/contrastes.com.co\\\/web\\\/2021\\\/12\\\/10\\\/jezmi-barraza-oficializa-su-inscripcion-como-candidata-a-la-camara-de-representantes\\\/#primaryimage\"},\"thumbnailUrl\":\"\",\"datePublished\":\"2021-12-10T20:02:14+00:00\",\"description\":\"La joven congresista Jezmi Barraza, en compa\u00f1\u00eda de sus familiares, varios simpatizantes, mujeres y j\u00f3venes, inscribi\u00f3 hoy formalmente su candidatura para seguir representando al departamento del Atl\u00e1ntico en el Congreso de la Rep\u00fablica.\",\"breadcrumb\":{\"@id\":\"https:\\\/\\\/contrastes.com.co\\\/web\\\/2021\\\/12\\\/10\\\/jezmi-barraza-oficializa-su-inscripcion-como-candidata-a-la-camara-de-representantes\\\/#breadcrumb\"},\"inLanguage\":\"es\",\"potentialAction\":[{\"@type\":\"ReadAction\",\"target\":[\"https:\\\/\\\/contrastes.com.co\\\/web\\\/2021\\\/12\\\/10\\\/jezmi-barraza-oficializa-su-inscripcion-como-candidata-a-la-camara-de-representantes\\\/\"]}]},{\"@type\":\"ImageObject\",\"inLanguage\":\"es\",\"@id\":\"https:\\\/\\\/contrastes.com.co\\\/web\\\/2021\\\/12\\\/10\\\/jezmi-barraza-oficializa-su-inscripcion-como-candidata-a-la-camara-de-representantes\\\/#primaryimage\",\"url\":\"\",\"contentUrl\":\"\"},{\"@type\":\"BreadcrumbList\",\"@id\":\"https:\\\/\\\/contrastes.com.co\\\/web\\\/2021\\\/12\\\/10\\\/jezmi-barraza-oficializa-su-inscripcion-como-candidata-a-la-camara-de-representantes\\\/#breadcrumb\",\"itemListElement\":[{\"@type\":\"ListItem\",\"position\":1,\"name\":\"Portada\",\"item\":\"https:\\\/\\\/contrastes.com.co\\\/web\\\/\"},{\"@type\":\"ListItem\",\"position\":2,\"name\":\"Jezmi Barraza oficializa su inscripci\u00f3n como candidata a la C\u00e1mara de Representantes\"}]},{\"@type\":\"WebSite\",\"@id\":\"https:\\\/\\\/contrastes.com.co\\\/web\\\/#website\",\"url\":\"https:\\\/\\\/contrastes.com.co\\\/web\\\/\",\"name\":\"Contrastes\",\"description\":\"Periodismo de Conciencia\",\"publisher\":{\"@id\":\"https:\\\/\\\/contrastes.com.co\\\/web\\\/#organization\"},\"potentialAction\":[{\"@type\":\"SearchAction\",\"target\":{\"@type\":\"EntryPoint\",\"urlTemplate\":\"https:\\\/\\\/contrastes.com.co\\\/web\\\/?s={search_term_string}\"},\"query-input\":{\"@type\":\"PropertyValueSpecification\",\"valueRequired\":true,\"valueName\":\"search_term_string\"}}],\"inLanguage\":\"es\"},{\"@type\":\"Organization\",\"@id\":\"https:\\\/\\\/contrastes.com.co\\\/web\\\/#organization\",\"name\":\"Contrastes\",\"url\":\"https:\\\/\\\/contrastes.com.co\\\/web\\\/\",\"logo\":{\"@type\":\"ImageObject\",\"inLanguage\":\"es\",\"@id\":\"https:\\\/\\\/contrastes.com.co\\\/web\\\/#\\\/schema\\\/logo\\\/image\\\/\",\"url\":\"https:\\\/\\\/contrastes.com.co\\\/web\\\/wp-content\\\/uploads\\\/2025\\\/04\\\/15CONTRASTES3.png\",\"contentUrl\":\"https:\\\/\\\/contrastes.com.co\\\/web\\\/wp-content\\\/uploads\\\/2025\\\/04\\\/15CONTRASTES3.png\",\"width\":1536,\"height\":231,\"caption\":\"Contrastes\"},\"image\":{\"@id\":\"https:\\\/\\\/contrastes.com.co\\\/web\\\/#\\\/schema\\\/logo\\\/image\\\/\"},\"sameAs\":[\"https:\\\/\\\/www.facebook.com\\\/guillo.pantoja.1\"]},{\"@type\":\"Person\",\"@id\":\"https:\\\/\\\/contrastes.com.co\\\/web\\\/#\\\/schema\\\/person\\\/62ef7a62dc4da6de450c71fc2e95ed02\",\"name\":\"Editor\",\"image\":{\"@type\":\"ImageObject\",\"inLanguage\":\"es\",\"@id\":\"https:\\\/\\\/secure.gravatar.com\\\/avatar\\\/7bbb4f718d74bbf600dc556253bb04fd7ac8593751d6e2e3b85432d98aefae80?s=96&d=mm&r=g\",\"url\":\"https:\\\/\\\/secure.gravatar.com\\\/avatar\\\/7bbb4f718d74bbf600dc556253bb04fd7ac8593751d6e2e3b85432d98aefae80?s=96&d=mm&r=g\",\"contentUrl\":\"https:\\\/\\\/secure.gravatar.com\\\/avatar\\\/7bbb4f718d74bbf600dc556253bb04fd7ac8593751d6e2e3b85432d98aefae80?s=96&d=mm&r=g\",\"caption\":\"Editor\"},\"sameAs\":[\"https:\\\/\\\/contrastes.com.co\\\/web\"],\"url\":\"https:\\\/\\\/contrastes.com.co\\\/web\\\/author\\\/jdbobadilla\\\/\"}]}<\/script>\n<!-- \/ Yoast SEO plugin. -->","yoast_head_json":{"title":"Jezmi Barraza oficializa su inscripci\u00f3n como candidata a la C\u00e1mara de Representantes - Constrastes","description":"La joven congresista Jezmi Barraza, en compa\u00f1\u00eda de sus familiares, varios simpatizantes, mujeres y j\u00f3venes, inscribi\u00f3 hoy formalmente su candidatura para seguir representando al departamento del Atl\u00e1ntico en el Congreso de la Rep\u00fablica.","robots":{"index":"index","follow":"follow","max-snippet":"max-snippet:-1","max-image-preview":"max-image-preview:large","max-video-preview":"max-video-preview:-1"},"canonical":"https:\/\/contrastes.com.co\/web\/2021\/12\/10\/jezmi-barraza-oficializa-su-inscripcion-como-candidata-a-la-camara-de-representantes\/","og_locale":"es_ES","og_type":"article","og_title":"Jezmi Barraza oficializa su inscripci\u00f3n como candidata a la C\u00e1mara de Representantes - Constrastes","og_description":"La joven congresista Jezmi Barraza, en compa\u00f1\u00eda de sus familiares, varios simpatizantes, mujeres y j\u00f3venes, inscribi\u00f3 hoy formalmente su candidatura para seguir representando al departamento del Atl\u00e1ntico en el Congreso de la Rep\u00fablica.","og_url":"https:\/\/contrastes.com.co\/web\/2021\/12\/10\/jezmi-barraza-oficializa-su-inscripcion-como-candidata-a-la-camara-de-representantes\/","og_site_name":"Constrastes","article_publisher":"https:\/\/www.facebook.com\/guillo.pantoja.1","article_published_time":"2021-12-10T20:02:14+00:00","author":"Editor","twitter_card":"summary_large_image","twitter_misc":{"Escrito por":"Editor","Tiempo de lectura":"2 minutos"},"schema":{"@context":"https:\/\/schema.org","@graph":[{"@type":"Article","@id":"https:\/\/contrastes.com.co\/web\/2021\/12\/10\/jezmi-barraza-oficializa-su-inscripcion-como-candidata-a-la-camara-de-representantes\/#article","isPartOf":{"@id":"https:\/\/contrastes.com.co\/web\/2021\/12\/10\/jezmi-barraza-oficializa-su-inscripcion-como-candidata-a-la-camara-de-representantes\/"},"author":{"name":"Editor","@id":"https:\/\/contrastes.com.co\/web\/#\/schema\/person\/62ef7a62dc4da6de450c71fc2e95ed02"},"headline":"Jezmi Barraza oficializa su inscripci\u00f3n como candidata a la C\u00e1mara de Representantes","datePublished":"2021-12-10T20:02:14+00:00","mainEntityOfPage":{"@id":"https:\/\/contrastes.com.co\/web\/2021\/12\/10\/jezmi-barraza-oficializa-su-inscripcion-como-candidata-a-la-camara-de-representantes\/"},"wordCount":331,"commentCount":0,"publisher":{"@id":"https:\/\/contrastes.com.co\/web\/#organization"},"image":{"@id":"https:\/\/contrastes.com.co\/web\/2021\/12\/10\/jezmi-barraza-oficializa-su-inscripcion-como-candidata-a-la-camara-de-representantes\/#primaryimage"},"thumbnailUrl":"","keywords":["congresista","Congreso de la Rep\u00fablica","Departamento del Atl\u00e1ntico","inscripci\u00f3n candidatura","Jezmi Barraza Arraut","Partido Liberal Colombiano","Representante a la C\u00e1mara"],"articleSection":["Congreso de la Rep\u00fablica","Elecciones 2022","Pa\u00eds","Pol\u00edtica","Regi\u00f3n"],"inLanguage":"es","potentialAction":[{"@type":"CommentAction","name":"Comment","target":["https:\/\/contrastes.com.co\/web\/2021\/12\/10\/jezmi-barraza-oficializa-su-inscripcion-como-candidata-a-la-camara-de-representantes\/#respond"]}]},{"@type":"WebPage","@id":"https:\/\/contrastes.com.co\/web\/2021\/12\/10\/jezmi-barraza-oficializa-su-inscripcion-como-candidata-a-la-camara-de-representantes\/","url":"https:\/\/contrastes.com.co\/web\/2021\/12\/10\/jezmi-barraza-oficializa-su-inscripcion-como-candidata-a-la-camara-de-representantes\/","name":"Jezmi Barraza oficializa su inscripci\u00f3n como candidata a la C\u00e1mara de Representantes - Constrastes","isPartOf":{"@id":"https:\/\/contrastes.com.co\/web\/#website"},"primaryImageOfPage":{"@id":"https:\/\/contrastes.com.co\/web\/2021\/12\/10\/jezmi-barraza-oficializa-su-inscripcion-como-candidata-a-la-camara-de-representantes\/#primaryimage"},"image":{"@id":"https:\/\/contrastes.com.co\/web\/2021\/12\/10\/jezmi-barraza-oficializa-su-inscripcion-como-candidata-a-la-camara-de-representantes\/#primaryimage"},"thumbnailUrl":"","datePublished":"2021-12-10T20:02:14+00:00","description":"La joven congresista Jezmi Barraza, en compa\u00f1\u00eda de sus familiares, varios simpatizantes, mujeres y j\u00f3venes, inscribi\u00f3 hoy formalmente su candidatura para seguir representando al departamento del Atl\u00e1ntico en el Congreso de la Rep\u00fablica.","breadcrumb":{"@id":"https:\/\/contrastes.com.co\/web\/2021\/12\/10\/jezmi-barraza-oficializa-su-inscripcion-como-candidata-a-la-camara-de-representantes\/#breadcrumb"},"inLanguage":"es","potentialAction":[{"@type":"ReadAction","target":["https:\/\/contrastes.com.co\/web\/2021\/12\/10\/jezmi-barraza-oficializa-su-inscripcion-como-candidata-a-la-camara-de-representantes\/"]}]},{"@type":"ImageObject","inLanguage":"es","@id":"https:\/\/contrastes.com.co\/web\/2021\/12\/10\/jezmi-barraza-oficializa-su-inscripcion-como-candidata-a-la-camara-de-representantes\/#primaryimage","url":"","contentUrl":""},{"@type":"BreadcrumbList","@id":"https:\/\/contrastes.com.co\/web\/2021\/12\/10\/jezmi-barraza-oficializa-su-inscripcion-como-candidata-a-la-camara-de-representantes\/#breadcrumb","itemListElement":[{"@type":"ListItem","position":1,"name":"Portada","item":"https:\/\/contrastes.com.co\/web\/"},{"@type":"ListItem","position":2,"name":"Jezmi Barraza oficializa su inscripci\u00f3n como candidata a la C\u00e1mara de Representantes"}]},{"@type":"WebSite","@id":"https:\/\/contrastes.com.co\/web\/#website","url":"https:\/\/contrastes.com.co\/web\/","name":"Contrastes","description":"Periodismo de Conciencia","publisher":{"@id":"https:\/\/contrastes.com.co\/web\/#organization"},"potentialAction":[{"@type":"SearchAction","target":{"@type":"EntryPoint","urlTemplate":"https:\/\/contrastes.com.co\/web\/?s={search_term_string}"},"query-input":{"@type":"PropertyValueSpecification","valueRequired":true,"valueName":"search_term_string"}}],"inLanguage":"es"},{"@type":"Organization","@id":"https:\/\/contrastes.com.co\/web\/#organization","name":"Contrastes","url":"https:\/\/contrastes.com.co\/web\/","logo":{"@type":"ImageObject","inLanguage":"es","@id":"https:\/\/contrastes.com.co\/web\/#\/schema\/logo\/image\/","url":"https:\/\/contrastes.com.co\/web\/wp-content\/uploads\/2025\/04\/15CONTRASTES3.png","contentUrl":"https:\/\/contrastes.com.co\/web\/wp-content\/uploads\/2025\/04\/15CONTRASTES3.png","width":1536,"height":231,"caption":"Contrastes"},"image":{"@id":"https:\/\/contrastes.com.co\/web\/#\/schema\/logo\/image\/"},"sameAs":["https:\/\/www.facebook.com\/guillo.pantoja.1"]},{"@type":"Person","@id":"https:\/\/contrastes.com.co\/web\/#\/schema\/person\/62ef7a62dc4da6de450c71fc2e95ed02","name":"Editor","image":{"@type":"ImageObject","inLanguage":"es","@id":"https:\/\/secure.gravatar.com\/avatar\/7bbb4f718d74bbf600dc556253bb04fd7ac8593751d6e2e3b85432d98aefae80?s=96&d=mm&r=g","url":"https:\/\/secure.gravatar.com\/avatar\/7bbb4f718d74bbf600dc556253bb04fd7ac8593751d6e2e3b85432d98aefae80?s=96&d=mm&r=g","contentUrl":"https:\/\/secure.gravatar.com\/avatar\/7bbb4f718d74bbf600dc556253bb04fd7ac8593751d6e2e3b85432d98aefae80?s=96&d=mm&r=g","caption":"Editor"},"sameAs":["https:\/\/contrastes.com.co\/web"],"url":"https:\/\/contrastes.com.co\/web\/author\/jdbobadilla\/"}]}},"blog_post_layout_featured_media_urls":{"thumbnail":"","full":""},"categories_names":{"4789":{"name":"Congreso de la Rep\u00fablica","link":"https:\/\/contrastes.com.co\/web\/category\/congreso-de-la-republica\/"},"4790":{"name":"Elecciones 2022","link":"https:\/\/contrastes.com.co\/web\/category\/elecciones-2022\/"},"101":{"name":"Pa\u00eds","link":"https:\/\/contrastes.com.co\/web\/category\/pais\/"},"203":{"name":"Pol\u00edtica","link":"https:\/\/contrastes.com.co\/web\/category\/politica\/"},"24":{"name":"Regi\u00f3n","link":"https:\/\/contrastes.com.co\/web\/category\/region\/"}},"tags_names":{"4788":{"name":"congresista","link":"https:\/\/contrastes.com.co\/web\/tag\/congresista\/"},"607":{"name":"Congreso de la Rep\u00fablica","link":"https:\/\/contrastes.com.co\/web\/tag\/congreso-de-la-republica\/"},"106":{"name":"Departamento del Atl\u00e1ntico","link":"https:\/\/contrastes.com.co\/web\/tag\/departamento-del-atlantico\/"},"4791":{"name":"inscripci\u00f3n candidatura","link":"https:\/\/contrastes.com.co\/web\/tag\/inscripcion-candidatura\/"},"4792":{"name":"Jezmi Barraza Arraut","link":"https:\/\/contrastes.com.co\/web\/tag\/jezmi-barraza-arraut\/"},"4793":{"name":"Partido Liberal Colombiano","link":"https:\/\/contrastes.com.co\/web\/tag\/partido-liberal-colombiano\/"},"109":{"name":"Representante a la C\u00e1mara","link":"https:\/\/contrastes.com.co\/web\/tag\/representante-a-la-camara\/"}},"comments_number":"0","wpmagazine_modules_lite_featured_media_urls":{"thumbnail":"","cvmm-medium":"","cvmm-medium-plus":"","cvmm-portrait":"","cvmm-medium-square":"","cvmm-large":"","cvmm-small":"","full":""},"_links":{"self":[{"href":"https:\/\/contrastes.com.co\/web\/wp-json\/wp\/v2\/posts\/8099","targetHints":{"allow":["GET"]}}],"collection":[{"href":"https:\/\/contrastes.com.co\/web\/wp-json\/wp\/v2\/posts"}],"about":[{"href":"https:\/\/contrastes.com.co\/web\/wp-json\/wp\/v2\/types\/post"}],"author":[{"embeddable":true,"href":"https:\/\/contrastes.com.co\/web\/wp-json\/wp\/v2\/users\/1"}],"replies":[{"embeddable":true,"href":"https:\/\/contrastes.com.co\/web\/wp-json\/wp\/v2\/comments?post=8099"}],"version-history":[{"count":0,"href":"https:\/\/contrastes.com.co\/web\/wp-json\/wp\/v2\/posts\/8099\/revisions"}],"wp:attachment":[{"href":"https:\/\/contrastes.com.co\/web\/wp-json\/wp\/v2\/media?parent=8099"}],"wp:term":[{"taxonomy":"category","embeddable":true,"href":"https:\/\/contrastes.com.co\/web\/wp-json\/wp\/v2\/categories?post=8099"},{"taxonomy":"post_tag","embeddable":true,"href":"https:\/\/contrastes.com.co\/web\/wp-json\/wp\/v2\/tags?post=8099"}],"curies":[{"name":"wp","href":"https:\/\/api.w.org\/{rel}","templated":true}]}}