{"id":8309,"date":"2022-02-13T22:18:38","date_gmt":"2022-02-14T03:18:38","guid":{"rendered":"https:\/\/contrastes.com.co\/digital\/?p=8309"},"modified":"2022-02-13T22:18:38","modified_gmt":"2022-02-14T03:18:38","slug":"concejo-municipal-de-soledad-inicia-primer-periodo-de-sesiones-extraordinarias","status":"publish","type":"post","link":"https:\/\/contrastes.com.co\/web\/2022\/02\/13\/concejo-municipal-de-soledad-inicia-primer-periodo-de-sesiones-extraordinarias\/","title":{"rendered":"Concejo Municipal de Soledad inicia periodo de sesiones extraordinarias"},"content":{"rendered":"<p><strong>Concejo Municipal de Soledad inicia primer periodo de sesiones extraordinarias<\/strong><\/p>\n<blockquote><p><strong>Las plenarias fueron convocadas por el se\u00f1or Alcalde Rodolfo Ucros Rosales, a trav\u00e9s del decreto 023 del 9 de febrero de 2022 con el fin de discutir en el cabildo una serie de importantes Proyectos de Acuerdo con miras a su aprobaci\u00f3n por parte del ayuntamiento local.\u00a0<\/strong><\/p><\/blockquote>\n<p><strong>Soledad.-<\/strong> De manera presencial y con aforo reducido en las barras, inici\u00f3 este s\u00e1bado 12 de febrero un periodo de sesiones extraordinarias por parte del Concejo Municipal de Soledad.<\/p>\n<p>Como es de rigor, las plenarias -de car\u00e1cter extraordinarias- fueron convocadas por el se\u00f1or Alcalde Rodolfo Ucros Rosales, a trav\u00e9s del decreto 023 del 9 de febrero de 2022 con el fin de discutir en el cabildo una serie de importantes Proyectos de Acuerdo con miras a su aprobaci\u00f3n por parte del ayuntamiento local, entre ellas \u00abmedidas tributarias temporales\u00bb en la localidad, luego de la correspondiente distribuci\u00f3n a comisi\u00f3n y la asignaci\u00f3n de ponente a estos actos administrativos.<\/p>\n\n<p>Cabe se\u00f1alar que la mesa directiva del Concejo Municipal de Soledad para el periodo 2022 es presidida por la concejal Cielo Racedo Ib\u00e1\u00f1ez del Partido Liberal; el primer vicepresidente es el concejal Luis Carlos Riquet Alem\u00e1n, del partido de la U y el segundo vicepresidente el concejal Emilio Vega F\u00e1bregas por el partido Colombia Renaciente.<\/p>\n","protected":false},"excerpt":{"rendered":"<p>De manera presencial y con aforo reducido en las barras, inici\u00f3 este s\u00e1bado 12 de febrero un periodo de sesiones extraordinarias por parte del Concejo Municipal de Soledad.<\/p>\n","protected":false},"author":1,"featured_media":8310,"comment_status":"open","ping_status":"open","sticky":false,"template":"","format":"standard","meta":{"footnotes":""},"categories":[4956,23,203],"tags":[173,4953,4954,4955,471,51,4957,108,4910,4958,4959,1879,4960,4961],"class_list":["post-8309","post","type-post","status-publish","format-standard","has-post-thumbnail","hentry","category-concejo-municipal-de-soledad","category-locales","category-politica","tag-alcalde-de-soledad","tag-cielo-racedo-ibanez","tag-concejal-emilio-vega-fabregas","tag-concejal-luis-carlos-riquet-aleman","tag-concejo-municipal-de-soledad","tag-municipio-de-soledad","tag-partido-colombia-renaciente","tag-partido-de-la-u","tag-partido-liberal","tag-presidente-del-concejo-de-soledad-2022","tag-primer-vicepresidente-del-concejo-de-soledad-2022","tag-rodolfo-ucros-rosales","tag-segundo-vicepresidente-de-soledad-2022","tag-sesiones-extraordinarias"],"yoast_head":"<!-- This site is optimized with the Yoast SEO plugin v27.7 - https:\/\/yoast.com\/product\/yoast-seo-wordpress\/ -->\n<title>Concejo Municipal de Soledad inicia periodo de sesiones extraordinarias - Constrastes<\/title>\n<meta name=\"description\" content=\"De manera presencial y con aforo reducido en las barras, inici\u00f3 este s\u00e1bado 12 de febrero un periodo de sesiones extraordinarias por parte del Concejo Municipal de Soledad.\" \/>\n<meta name=\"robots\" content=\"index, follow, max-snippet:-1, max-image-preview:large, max-video-preview:-1\" \/>\n<link rel=\"canonical\" href=\"https:\/\/contrastes.com.co\/web\/2022\/02\/13\/concejo-municipal-de-soledad-inicia-primer-periodo-de-sesiones-extraordinarias\/\" \/>\n<meta property=\"og:locale\" content=\"es_ES\" \/>\n<meta property=\"og:type\" content=\"article\" \/>\n<meta property=\"og:title\" content=\"Concejo Municipal de Soledad inicia periodo de sesiones extraordinarias - Constrastes\" \/>\n<meta property=\"og:description\" content=\"De manera presencial y con aforo reducido en las barras, inici\u00f3 este s\u00e1bado 12 de febrero un periodo de sesiones extraordinarias por parte del Concejo Municipal de Soledad.\" \/>\n<meta property=\"og:url\" content=\"https:\/\/contrastes.com.co\/web\/2022\/02\/13\/concejo-municipal-de-soledad-inicia-primer-periodo-de-sesiones-extraordinarias\/\" \/>\n<meta property=\"og:site_name\" content=\"Constrastes\" \/>\n<meta property=\"article:publisher\" content=\"https:\/\/www.facebook.com\/guillo.pantoja.1\" \/>\n<meta property=\"article:published_time\" content=\"2022-02-14T03:18:38+00:00\" \/>\n<meta name=\"author\" content=\"Editor\" \/>\n<meta name=\"twitter:card\" content=\"summary_large_image\" \/>\n<meta name=\"twitter:label1\" content=\"Escrito por\" \/>\n\t<meta name=\"twitter:data1\" content=\"Editor\" \/>\n\t<meta name=\"twitter:label2\" content=\"Tiempo de lectura\" \/>\n\t<meta name=\"twitter:data2\" content=\"1 minuto\" \/>\n<script type=\"application\/ld+json\" class=\"yoast-schema-graph\">{\"@context\":\"https:\\\/\\\/schema.org\",\"@graph\":[{\"@type\":\"Article\",\"@id\":\"https:\\\/\\\/contrastes.com.co\\\/web\\\/2022\\\/02\\\/13\\\/concejo-municipal-de-soledad-inicia-primer-periodo-de-sesiones-extraordinarias\\\/#article\",\"isPartOf\":{\"@id\":\"https:\\\/\\\/contrastes.com.co\\\/web\\\/2022\\\/02\\\/13\\\/concejo-municipal-de-soledad-inicia-primer-periodo-de-sesiones-extraordinarias\\\/\"},\"author\":{\"name\":\"Editor\",\"@id\":\"https:\\\/\\\/contrastes.com.co\\\/web\\\/#\\\/schema\\\/person\\\/62ef7a62dc4da6de450c71fc2e95ed02\"},\"headline\":\"Concejo Municipal de Soledad inicia periodo de sesiones extraordinarias\",\"datePublished\":\"2022-02-14T03:18:38+00:00\",\"mainEntityOfPage\":{\"@id\":\"https:\\\/\\\/contrastes.com.co\\\/web\\\/2022\\\/02\\\/13\\\/concejo-municipal-de-soledad-inicia-primer-periodo-de-sesiones-extraordinarias\\\/\"},\"wordCount\":240,\"commentCount\":0,\"publisher\":{\"@id\":\"https:\\\/\\\/contrastes.com.co\\\/web\\\/#organization\"},\"image\":{\"@id\":\"https:\\\/\\\/contrastes.com.co\\\/web\\\/2022\\\/02\\\/13\\\/concejo-municipal-de-soledad-inicia-primer-periodo-de-sesiones-extraordinarias\\\/#primaryimage\"},\"thumbnailUrl\":\"\",\"keywords\":[\"alcalde de Soledad\",\"Cielo Racedo Ib\u00e1\u00f1ez\",\"concejal Emilio Vega F\u00e1bregas\",\"concejal Luis Carlos Riquet Alem\u00e1n\",\"Concejo Municipal de Soledad\",\"municipio de soledad\",\"partido Colombia Renaciente\",\"Partido de la U\",\"Partido Liberal\",\"presidente del concejo de soledad 2022\",\"primer vicepresidente del Concejo de Soledad 2022\",\"Rodolfo Ucr\u00f3s Rosales\",\"segundo vicepresidente de Soledad 2022\",\"sesiones extraordinarias\"],\"articleSection\":[\"Concejo Municipal de Soledad\",\"Locales\",\"Pol\u00edtica\"],\"inLanguage\":\"es\",\"potentialAction\":[{\"@type\":\"CommentAction\",\"name\":\"Comment\",\"target\":[\"https:\\\/\\\/contrastes.com.co\\\/web\\\/2022\\\/02\\\/13\\\/concejo-municipal-de-soledad-inicia-primer-periodo-de-sesiones-extraordinarias\\\/#respond\"]}]},{\"@type\":\"WebPage\",\"@id\":\"https:\\\/\\\/contrastes.com.co\\\/web\\\/2022\\\/02\\\/13\\\/concejo-municipal-de-soledad-inicia-primer-periodo-de-sesiones-extraordinarias\\\/\",\"url\":\"https:\\\/\\\/contrastes.com.co\\\/web\\\/2022\\\/02\\\/13\\\/concejo-municipal-de-soledad-inicia-primer-periodo-de-sesiones-extraordinarias\\\/\",\"name\":\"Concejo Municipal de Soledad inicia periodo de sesiones extraordinarias - Constrastes\",\"isPartOf\":{\"@id\":\"https:\\\/\\\/contrastes.com.co\\\/web\\\/#website\"},\"primaryImageOfPage\":{\"@id\":\"https:\\\/\\\/contrastes.com.co\\\/web\\\/2022\\\/02\\\/13\\\/concejo-municipal-de-soledad-inicia-primer-periodo-de-sesiones-extraordinarias\\\/#primaryimage\"},\"image\":{\"@id\":\"https:\\\/\\\/contrastes.com.co\\\/web\\\/2022\\\/02\\\/13\\\/concejo-municipal-de-soledad-inicia-primer-periodo-de-sesiones-extraordinarias\\\/#primaryimage\"},\"thumbnailUrl\":\"\",\"datePublished\":\"2022-02-14T03:18:38+00:00\",\"description\":\"De manera presencial y con aforo reducido en las barras, inici\u00f3 este s\u00e1bado 12 de febrero un periodo de sesiones extraordinarias por parte del Concejo Municipal de Soledad.\",\"breadcrumb\":{\"@id\":\"https:\\\/\\\/contrastes.com.co\\\/web\\\/2022\\\/02\\\/13\\\/concejo-municipal-de-soledad-inicia-primer-periodo-de-sesiones-extraordinarias\\\/#breadcrumb\"},\"inLanguage\":\"es\",\"potentialAction\":[{\"@type\":\"ReadAction\",\"target\":[\"https:\\\/\\\/contrastes.com.co\\\/web\\\/2022\\\/02\\\/13\\\/concejo-municipal-de-soledad-inicia-primer-periodo-de-sesiones-extraordinarias\\\/\"]}]},{\"@type\":\"ImageObject\",\"inLanguage\":\"es\",\"@id\":\"https:\\\/\\\/contrastes.com.co\\\/web\\\/2022\\\/02\\\/13\\\/concejo-municipal-de-soledad-inicia-primer-periodo-de-sesiones-extraordinarias\\\/#primaryimage\",\"url\":\"\",\"contentUrl\":\"\"},{\"@type\":\"BreadcrumbList\",\"@id\":\"https:\\\/\\\/contrastes.com.co\\\/web\\\/2022\\\/02\\\/13\\\/concejo-municipal-de-soledad-inicia-primer-periodo-de-sesiones-extraordinarias\\\/#breadcrumb\",\"itemListElement\":[{\"@type\":\"ListItem\",\"position\":1,\"name\":\"Portada\",\"item\":\"https:\\\/\\\/contrastes.com.co\\\/web\\\/\"},{\"@type\":\"ListItem\",\"position\":2,\"name\":\"Concejo Municipal de Soledad inicia periodo de sesiones extraordinarias\"}]},{\"@type\":\"WebSite\",\"@id\":\"https:\\\/\\\/contrastes.com.co\\\/web\\\/#website\",\"url\":\"https:\\\/\\\/contrastes.com.co\\\/web\\\/\",\"name\":\"Contrastes\",\"description\":\"Periodismo de Conciencia\",\"publisher\":{\"@id\":\"https:\\\/\\\/contrastes.com.co\\\/web\\\/#organization\"},\"potentialAction\":[{\"@type\":\"SearchAction\",\"target\":{\"@type\":\"EntryPoint\",\"urlTemplate\":\"https:\\\/\\\/contrastes.com.co\\\/web\\\/?s={search_term_string}\"},\"query-input\":{\"@type\":\"PropertyValueSpecification\",\"valueRequired\":true,\"valueName\":\"search_term_string\"}}],\"inLanguage\":\"es\"},{\"@type\":\"Organization\",\"@id\":\"https:\\\/\\\/contrastes.com.co\\\/web\\\/#organization\",\"name\":\"Contrastes\",\"url\":\"https:\\\/\\\/contrastes.com.co\\\/web\\\/\",\"logo\":{\"@type\":\"ImageObject\",\"inLanguage\":\"es\",\"@id\":\"https:\\\/\\\/contrastes.com.co\\\/web\\\/#\\\/schema\\\/logo\\\/image\\\/\",\"url\":\"https:\\\/\\\/contrastes.com.co\\\/web\\\/wp-content\\\/uploads\\\/2025\\\/04\\\/15CONTRASTES3.png\",\"contentUrl\":\"https:\\\/\\\/contrastes.com.co\\\/web\\\/wp-content\\\/uploads\\\/2025\\\/04\\\/15CONTRASTES3.png\",\"width\":1536,\"height\":231,\"caption\":\"Contrastes\"},\"image\":{\"@id\":\"https:\\\/\\\/contrastes.com.co\\\/web\\\/#\\\/schema\\\/logo\\\/image\\\/\"},\"sameAs\":[\"https:\\\/\\\/www.facebook.com\\\/guillo.pantoja.1\"]},{\"@type\":\"Person\",\"@id\":\"https:\\\/\\\/contrastes.com.co\\\/web\\\/#\\\/schema\\\/person\\\/62ef7a62dc4da6de450c71fc2e95ed02\",\"name\":\"Editor\",\"image\":{\"@type\":\"ImageObject\",\"inLanguage\":\"es\",\"@id\":\"https:\\\/\\\/secure.gravatar.com\\\/avatar\\\/7bbb4f718d74bbf600dc556253bb04fd7ac8593751d6e2e3b85432d98aefae80?s=96&d=mm&r=g\",\"url\":\"https:\\\/\\\/secure.gravatar.com\\\/avatar\\\/7bbb4f718d74bbf600dc556253bb04fd7ac8593751d6e2e3b85432d98aefae80?s=96&d=mm&r=g\",\"contentUrl\":\"https:\\\/\\\/secure.gravatar.com\\\/avatar\\\/7bbb4f718d74bbf600dc556253bb04fd7ac8593751d6e2e3b85432d98aefae80?s=96&d=mm&r=g\",\"caption\":\"Editor\"},\"sameAs\":[\"https:\\\/\\\/contrastes.com.co\\\/web\"],\"url\":\"https:\\\/\\\/contrastes.com.co\\\/web\\\/author\\\/jdbobadilla\\\/\"}]}<\/script>\n<!-- \/ Yoast SEO plugin. -->","yoast_head_json":{"title":"Concejo Municipal de Soledad inicia periodo de sesiones extraordinarias - Constrastes","description":"De manera presencial y con aforo reducido en las barras, inici\u00f3 este s\u00e1bado 12 de febrero un periodo de sesiones extraordinarias por parte del Concejo Municipal de Soledad.","robots":{"index":"index","follow":"follow","max-snippet":"max-snippet:-1","max-image-preview":"max-image-preview:large","max-video-preview":"max-video-preview:-1"},"canonical":"https:\/\/contrastes.com.co\/web\/2022\/02\/13\/concejo-municipal-de-soledad-inicia-primer-periodo-de-sesiones-extraordinarias\/","og_locale":"es_ES","og_type":"article","og_title":"Concejo Municipal de Soledad inicia periodo de sesiones extraordinarias - Constrastes","og_description":"De manera presencial y con aforo reducido en las barras, inici\u00f3 este s\u00e1bado 12 de febrero un periodo de sesiones extraordinarias por parte del Concejo Municipal de Soledad.","og_url":"https:\/\/contrastes.com.co\/web\/2022\/02\/13\/concejo-municipal-de-soledad-inicia-primer-periodo-de-sesiones-extraordinarias\/","og_site_name":"Constrastes","article_publisher":"https:\/\/www.facebook.com\/guillo.pantoja.1","article_published_time":"2022-02-14T03:18:38+00:00","author":"Editor","twitter_card":"summary_large_image","twitter_misc":{"Escrito por":"Editor","Tiempo de lectura":"1 minuto"},"schema":{"@context":"https:\/\/schema.org","@graph":[{"@type":"Article","@id":"https:\/\/contrastes.com.co\/web\/2022\/02\/13\/concejo-municipal-de-soledad-inicia-primer-periodo-de-sesiones-extraordinarias\/#article","isPartOf":{"@id":"https:\/\/contrastes.com.co\/web\/2022\/02\/13\/concejo-municipal-de-soledad-inicia-primer-periodo-de-sesiones-extraordinarias\/"},"author":{"name":"Editor","@id":"https:\/\/contrastes.com.co\/web\/#\/schema\/person\/62ef7a62dc4da6de450c71fc2e95ed02"},"headline":"Concejo Municipal de Soledad inicia periodo de sesiones extraordinarias","datePublished":"2022-02-14T03:18:38+00:00","mainEntityOfPage":{"@id":"https:\/\/contrastes.com.co\/web\/2022\/02\/13\/concejo-municipal-de-soledad-inicia-primer-periodo-de-sesiones-extraordinarias\/"},"wordCount":240,"commentCount":0,"publisher":{"@id":"https:\/\/contrastes.com.co\/web\/#organization"},"image":{"@id":"https:\/\/contrastes.com.co\/web\/2022\/02\/13\/concejo-municipal-de-soledad-inicia-primer-periodo-de-sesiones-extraordinarias\/#primaryimage"},"thumbnailUrl":"","keywords":["alcalde de Soledad","Cielo Racedo Ib\u00e1\u00f1ez","concejal Emilio Vega F\u00e1bregas","concejal Luis Carlos Riquet Alem\u00e1n","Concejo Municipal de Soledad","municipio de soledad","partido Colombia Renaciente","Partido de la U","Partido Liberal","presidente del concejo de soledad 2022","primer vicepresidente del Concejo de Soledad 2022","Rodolfo Ucr\u00f3s Rosales","segundo vicepresidente de Soledad 2022","sesiones extraordinarias"],"articleSection":["Concejo Municipal de Soledad","Locales","Pol\u00edtica"],"inLanguage":"es","potentialAction":[{"@type":"CommentAction","name":"Comment","target":["https:\/\/contrastes.com.co\/web\/2022\/02\/13\/concejo-municipal-de-soledad-inicia-primer-periodo-de-sesiones-extraordinarias\/#respond"]}]},{"@type":"WebPage","@id":"https:\/\/contrastes.com.co\/web\/2022\/02\/13\/concejo-municipal-de-soledad-inicia-primer-periodo-de-sesiones-extraordinarias\/","url":"https:\/\/contrastes.com.co\/web\/2022\/02\/13\/concejo-municipal-de-soledad-inicia-primer-periodo-de-sesiones-extraordinarias\/","name":"Concejo Municipal de Soledad inicia periodo de sesiones extraordinarias - Constrastes","isPartOf":{"@id":"https:\/\/contrastes.com.co\/web\/#website"},"primaryImageOfPage":{"@id":"https:\/\/contrastes.com.co\/web\/2022\/02\/13\/concejo-municipal-de-soledad-inicia-primer-periodo-de-sesiones-extraordinarias\/#primaryimage"},"image":{"@id":"https:\/\/contrastes.com.co\/web\/2022\/02\/13\/concejo-municipal-de-soledad-inicia-primer-periodo-de-sesiones-extraordinarias\/#primaryimage"},"thumbnailUrl":"","datePublished":"2022-02-14T03:18:38+00:00","description":"De manera presencial y con aforo reducido en las barras, inici\u00f3 este s\u00e1bado 12 de febrero un periodo de sesiones extraordinarias por parte del Concejo Municipal de Soledad.","breadcrumb":{"@id":"https:\/\/contrastes.com.co\/web\/2022\/02\/13\/concejo-municipal-de-soledad-inicia-primer-periodo-de-sesiones-extraordinarias\/#breadcrumb"},"inLanguage":"es","potentialAction":[{"@type":"ReadAction","target":["https:\/\/contrastes.com.co\/web\/2022\/02\/13\/concejo-municipal-de-soledad-inicia-primer-periodo-de-sesiones-extraordinarias\/"]}]},{"@type":"ImageObject","inLanguage":"es","@id":"https:\/\/contrastes.com.co\/web\/2022\/02\/13\/concejo-municipal-de-soledad-inicia-primer-periodo-de-sesiones-extraordinarias\/#primaryimage","url":"","contentUrl":""},{"@type":"BreadcrumbList","@id":"https:\/\/contrastes.com.co\/web\/2022\/02\/13\/concejo-municipal-de-soledad-inicia-primer-periodo-de-sesiones-extraordinarias\/#breadcrumb","itemListElement":[{"@type":"ListItem","position":1,"name":"Portada","item":"https:\/\/contrastes.com.co\/web\/"},{"@type":"ListItem","position":2,"name":"Concejo Municipal de Soledad inicia periodo de sesiones extraordinarias"}]},{"@type":"WebSite","@id":"https:\/\/contrastes.com.co\/web\/#website","url":"https:\/\/contrastes.com.co\/web\/","name":"Contrastes","description":"Periodismo de Conciencia","publisher":{"@id":"https:\/\/contrastes.com.co\/web\/#organization"},"potentialAction":[{"@type":"SearchAction","target":{"@type":"EntryPoint","urlTemplate":"https:\/\/contrastes.com.co\/web\/?s={search_term_string}"},"query-input":{"@type":"PropertyValueSpecification","valueRequired":true,"valueName":"search_term_string"}}],"inLanguage":"es"},{"@type":"Organization","@id":"https:\/\/contrastes.com.co\/web\/#organization","name":"Contrastes","url":"https:\/\/contrastes.com.co\/web\/","logo":{"@type":"ImageObject","inLanguage":"es","@id":"https:\/\/contrastes.com.co\/web\/#\/schema\/logo\/image\/","url":"https:\/\/contrastes.com.co\/web\/wp-content\/uploads\/2025\/04\/15CONTRASTES3.png","contentUrl":"https:\/\/contrastes.com.co\/web\/wp-content\/uploads\/2025\/04\/15CONTRASTES3.png","width":1536,"height":231,"caption":"Contrastes"},"image":{"@id":"https:\/\/contrastes.com.co\/web\/#\/schema\/logo\/image\/"},"sameAs":["https:\/\/www.facebook.com\/guillo.pantoja.1"]},{"@type":"Person","@id":"https:\/\/contrastes.com.co\/web\/#\/schema\/person\/62ef7a62dc4da6de450c71fc2e95ed02","name":"Editor","image":{"@type":"ImageObject","inLanguage":"es","@id":"https:\/\/secure.gravatar.com\/avatar\/7bbb4f718d74bbf600dc556253bb04fd7ac8593751d6e2e3b85432d98aefae80?s=96&d=mm&r=g","url":"https:\/\/secure.gravatar.com\/avatar\/7bbb4f718d74bbf600dc556253bb04fd7ac8593751d6e2e3b85432d98aefae80?s=96&d=mm&r=g","contentUrl":"https:\/\/secure.gravatar.com\/avatar\/7bbb4f718d74bbf600dc556253bb04fd7ac8593751d6e2e3b85432d98aefae80?s=96&d=mm&r=g","caption":"Editor"},"sameAs":["https:\/\/contrastes.com.co\/web"],"url":"https:\/\/contrastes.com.co\/web\/author\/jdbobadilla\/"}]}},"blog_post_layout_featured_media_urls":{"thumbnail":"","full":""},"categories_names":{"4956":{"name":"Concejo Municipal de Soledad","link":"https:\/\/contrastes.com.co\/web\/category\/concejo-municipal-de-soledad\/"},"23":{"name":"Locales","link":"https:\/\/contrastes.com.co\/web\/category\/locales\/"},"203":{"name":"Pol\u00edtica","link":"https:\/\/contrastes.com.co\/web\/category\/politica\/"}},"tags_names":{"173":{"name":"alcalde de Soledad","link":"https:\/\/contrastes.com.co\/web\/tag\/alcalde-de-soledad\/"},"4953":{"name":"Cielo Racedo Ib\u00e1\u00f1ez","link":"https:\/\/contrastes.com.co\/web\/tag\/cielo-racedo-ibanez\/"},"4954":{"name":"concejal Emilio Vega F\u00e1bregas","link":"https:\/\/contrastes.com.co\/web\/tag\/concejal-emilio-vega-fabregas\/"},"4955":{"name":"concejal Luis Carlos Riquet Alem\u00e1n","link":"https:\/\/contrastes.com.co\/web\/tag\/concejal-luis-carlos-riquet-aleman\/"},"471":{"name":"Concejo Municipal de Soledad","link":"https:\/\/contrastes.com.co\/web\/tag\/concejo-municipal-de-soledad\/"},"51":{"name":"municipio de soledad","link":"https:\/\/contrastes.com.co\/web\/tag\/municipio-de-soledad\/"},"4957":{"name":"partido Colombia Renaciente","link":"https:\/\/contrastes.com.co\/web\/tag\/partido-colombia-renaciente\/"},"108":{"name":"Partido de la U","link":"https:\/\/contrastes.com.co\/web\/tag\/partido-de-la-u\/"},"4910":{"name":"Partido Liberal","link":"https:\/\/contrastes.com.co\/web\/tag\/partido-liberal\/"},"4958":{"name":"presidente del concejo de soledad 2022","link":"https:\/\/contrastes.com.co\/web\/tag\/presidente-del-concejo-de-soledad-2022\/"},"4959":{"name":"primer vicepresidente del Concejo de Soledad 2022","link":"https:\/\/contrastes.com.co\/web\/tag\/primer-vicepresidente-del-concejo-de-soledad-2022\/"},"1879":{"name":"Rodolfo Ucr\u00f3s Rosales","link":"https:\/\/contrastes.com.co\/web\/tag\/rodolfo-ucros-rosales\/"},"4960":{"name":"segundo vicepresidente de Soledad 2022","link":"https:\/\/contrastes.com.co\/web\/tag\/segundo-vicepresidente-de-soledad-2022\/"},"4961":{"name":"sesiones extraordinarias","link":"https:\/\/contrastes.com.co\/web\/tag\/sesiones-extraordinarias\/"}},"comments_number":"0","wpmagazine_modules_lite_featured_media_urls":{"thumbnail":"","cvmm-medium":"","cvmm-medium-plus":"","cvmm-portrait":"","cvmm-medium-square":"","cvmm-large":"","cvmm-small":"","full":""},"_links":{"self":[{"href":"https:\/\/contrastes.com.co\/web\/wp-json\/wp\/v2\/posts\/8309","targetHints":{"allow":["GET"]}}],"collection":[{"href":"https:\/\/contrastes.com.co\/web\/wp-json\/wp\/v2\/posts"}],"about":[{"href":"https:\/\/contrastes.com.co\/web\/wp-json\/wp\/v2\/types\/post"}],"author":[{"embeddable":true,"href":"https:\/\/contrastes.com.co\/web\/wp-json\/wp\/v2\/users\/1"}],"replies":[{"embeddable":true,"href":"https:\/\/contrastes.com.co\/web\/wp-json\/wp\/v2\/comments?post=8309"}],"version-history":[{"count":0,"href":"https:\/\/contrastes.com.co\/web\/wp-json\/wp\/v2\/posts\/8309\/revisions"}],"wp:attachment":[{"href":"https:\/\/contrastes.com.co\/web\/wp-json\/wp\/v2\/media?parent=8309"}],"wp:term":[{"taxonomy":"category","embeddable":true,"href":"https:\/\/contrastes.com.co\/web\/wp-json\/wp\/v2\/categories?post=8309"},{"taxonomy":"post_tag","embeddable":true,"href":"https:\/\/contrastes.com.co\/web\/wp-json\/wp\/v2\/tags?post=8309"}],"curies":[{"name":"wp","href":"https:\/\/api.w.org\/{rel}","templated":true}]}}