{"id":8328,"date":"2022-02-20T13:06:19","date_gmt":"2022-02-20T18:06:19","guid":{"rendered":"https:\/\/contrastes.com.co\/digital\/?p=8328"},"modified":"2022-02-20T13:06:19","modified_gmt":"2022-02-20T18:06:19","slug":"el-presidente-ivan-duque-le-da-via-libre-al-uso-de-la-cannabis-medicinal","status":"publish","type":"post","link":"https:\/\/contrastes.com.co\/web\/2022\/02\/20\/el-presidente-ivan-duque-le-da-via-libre-al-uso-de-la-cannabis-medicinal\/","title":{"rendered":"El Presidente Iv\u00e1n Duque le da v\u00eda libre al uso de la cannabis medicinal"},"content":{"rendered":"<p>El siguiente es el texto de la declaraci\u00f3n entregada la ma\u00f1ana de este domingo por el Presidente Iv\u00e1n Duque M\u00e1rquez, sobre reglamentaci\u00f3n y uso industrial de cannabis medicinal:<\/p>\n<p>\u201cNos encontramos en la Casa de Nari\u00f1o. Me acompa\u00f1an el se\u00f1or Ministro de Salud, Fernando Ruiz G\u00f3mez; el Ministro de Justicia, Wilson Ruiz Orejuela, y el se\u00f1or Viceministro de Agricultura y Desarrollo Rural, el doctor Juan Gonzalo Botero.<\/p>\n<p>Queremos informarle al pa\u00eds que se ha tomado una nueva decisi\u00f3n en materia de la reglamentaci\u00f3n del uso de cannabis medicinal y tambi\u00e9n su desarrollo industrial.<\/p>\n<p>Quiero en primer lugar destacar que el a\u00f1o pasado se firm\u00f3 el Decreto 811 del 2021, que defini\u00f3 no solamente los protocolos y los mecanismos para la exportaci\u00f3n de flor seca de cannabis, sino que tambi\u00e9n les dio alcance a los usos industriales del mismo.<\/p>\n<p>Quiero, en este sentido, informar que con los ministerios hemos sacado adelante la Resoluci\u00f3n 227 del a\u00f1o 2022. Esta resoluci\u00f3n permite define y establece todos los mecanismos y procedimientos para el uso industrial del cannabis en sectores como alimentos, bebidas y tambi\u00e9n usos textiles, definiendo, por supuesto, que estos usos tienen que ver con el componente no psicoactivo, es decir, Colombia tambi\u00e9n se sit\u00faa hoy a la vanguardia de la reglamentaci\u00f3n del uso del cannabis medicinal y, por supuesto, sus derivaciones de usos industriales.<\/p>\n<p>Esto establece tambi\u00e9n, por supuesto, que se definir\u00e1n cupos y tarifas, y las reglamentaciones de cupos y tarifas deben estar concluidas antes de un mes.<\/p>\n<p>Pero el mensaje de fondo es que con esta Resoluci\u00f3n 227 del a\u00f1o 2022 Colombia da un paso muy importante. Se ubica no solamente la vanguardia regulatoria en Am\u00e9rica Latina y el Caribe, sino que precisa estos usos de alcance industrial.<\/p>\n<p>Esto permitir\u00e1 que en el sector de alimentos, que en el sector de textiles, que en el sector de bebidas, que sean alcoh\u00f3licas y no alcoh\u00f3licas, se pueda hacer uso de los componentes no psicoactivos y, por lo tanto, tambi\u00e9n ofrecer para el mercado nacional y extranjero productos que est\u00e1n siendo demandados.<\/p>\n<p>Creemos que esta articulaci\u00f3n de los ministerios es de alta relevancia y quiero entonces informarle al pa\u00eds que una vez m\u00e1s damos un mensaje para que esta industria del cannabis medicinal florezca en el pa\u00eds.<\/p>\n<p>Quiero tambi\u00e9n destacar que ya se ha avanzado en los cr\u00e9ditos para peque\u00f1os y medianos productores, y que sus cr\u00e9ditos a trav\u00e9s del Banco Agrario siguen desarroll\u00e1ndose, donde tambi\u00e9n se les facilitan a los productores de cannabis medicinal todos los temas de manejo de divisas, todos los temas de monetizaci\u00f3n y comercializaci\u00f3n desde Colombia.<\/p>\n<p>Con esto, una de las promesas nuestras en campa\u00f1a, de darle un alcance din\u00e1mico empresarial, emprendedor, al cannabis medicinal, adquiere una nueva etapa, un nuevo momento y Colombia, por lo tanto, se posiciona internacionalmente en este mercado\u201d.<\/p>\n","protected":false},"excerpt":{"rendered":"<p>El siguiente es el texto de la declaraci\u00f3n entregada la ma\u00f1ana de este domingo por el Presidente Iv\u00e1n Duque M\u00e1rquez, sobre reglamentaci\u00f3n y uso industrial de cannabis medicinal: \u201cNos encontramos en la Casa de Nari\u00f1o. Me acompa\u00f1an el se\u00f1or Ministro de Salud, Fernando Ruiz G\u00f3mez; el Ministro de Justicia, Wilson Ruiz Orejuela, y el se\u00f1or [&hellip;]<\/p>\n","protected":false},"author":1,"featured_media":8329,"comment_status":"open","ping_status":"open","sticky":false,"template":"","format":"standard","meta":{"footnotes":""},"categories":[23,101,25],"tags":[4991,291,4962,308],"class_list":["post-8328","post","type-post","status-publish","format-standard","has-post-thumbnail","hentry","category-locales","category-pais","category-salud","tag-cannabis","tag-colombia","tag-duque","tag-salud"],"yoast_head":"<!-- This site is optimized with the Yoast SEO plugin v27.7 - https:\/\/yoast.com\/product\/yoast-seo-wordpress\/ -->\n<title>El Presidente Iv\u00e1n Duque le da v\u00eda libre al uso de la cannabis medicinal - Constrastes<\/title>\n<meta name=\"robots\" content=\"index, follow, max-snippet:-1, max-image-preview:large, max-video-preview:-1\" \/>\n<link rel=\"canonical\" href=\"https:\/\/contrastes.com.co\/web\/2022\/02\/20\/el-presidente-ivan-duque-le-da-via-libre-al-uso-de-la-cannabis-medicinal\/\" \/>\n<meta property=\"og:locale\" content=\"es_ES\" \/>\n<meta property=\"og:type\" content=\"article\" \/>\n<meta property=\"og:title\" content=\"El Presidente Iv\u00e1n Duque le da v\u00eda libre al uso de la cannabis medicinal - Constrastes\" \/>\n<meta property=\"og:description\" content=\"El siguiente es el texto de la declaraci\u00f3n entregada la ma\u00f1ana de este domingo por el Presidente Iv\u00e1n Duque M\u00e1rquez, sobre reglamentaci\u00f3n y uso industrial de cannabis medicinal: \u201cNos encontramos en la Casa de Nari\u00f1o. Me acompa\u00f1an el se\u00f1or Ministro de Salud, Fernando Ruiz G\u00f3mez; el Ministro de Justicia, Wilson Ruiz Orejuela, y el se\u00f1or [&hellip;]\" \/>\n<meta property=\"og:url\" content=\"https:\/\/contrastes.com.co\/web\/2022\/02\/20\/el-presidente-ivan-duque-le-da-via-libre-al-uso-de-la-cannabis-medicinal\/\" \/>\n<meta property=\"og:site_name\" content=\"Constrastes\" \/>\n<meta property=\"article:publisher\" content=\"https:\/\/www.facebook.com\/guillo.pantoja.1\" \/>\n<meta property=\"article:published_time\" content=\"2022-02-20T18:06:19+00:00\" \/>\n<meta name=\"author\" content=\"Editor\" \/>\n<meta name=\"twitter:card\" content=\"summary_large_image\" \/>\n<meta name=\"twitter:label1\" content=\"Escrito por\" \/>\n\t<meta name=\"twitter:data1\" content=\"Editor\" \/>\n\t<meta name=\"twitter:label2\" content=\"Tiempo de lectura\" \/>\n\t<meta name=\"twitter:data2\" content=\"3 minutos\" \/>\n<script type=\"application\/ld+json\" class=\"yoast-schema-graph\">{\"@context\":\"https:\\\/\\\/schema.org\",\"@graph\":[{\"@type\":\"Article\",\"@id\":\"https:\\\/\\\/contrastes.com.co\\\/web\\\/2022\\\/02\\\/20\\\/el-presidente-ivan-duque-le-da-via-libre-al-uso-de-la-cannabis-medicinal\\\/#article\",\"isPartOf\":{\"@id\":\"https:\\\/\\\/contrastes.com.co\\\/web\\\/2022\\\/02\\\/20\\\/el-presidente-ivan-duque-le-da-via-libre-al-uso-de-la-cannabis-medicinal\\\/\"},\"author\":{\"name\":\"Editor\",\"@id\":\"https:\\\/\\\/contrastes.com.co\\\/web\\\/#\\\/schema\\\/person\\\/62ef7a62dc4da6de450c71fc2e95ed02\"},\"headline\":\"El Presidente Iv\u00e1n Duque le da v\u00eda libre al uso de la cannabis medicinal\",\"datePublished\":\"2022-02-20T18:06:19+00:00\",\"mainEntityOfPage\":{\"@id\":\"https:\\\/\\\/contrastes.com.co\\\/web\\\/2022\\\/02\\\/20\\\/el-presidente-ivan-duque-le-da-via-libre-al-uso-de-la-cannabis-medicinal\\\/\"},\"wordCount\":523,\"commentCount\":0,\"publisher\":{\"@id\":\"https:\\\/\\\/contrastes.com.co\\\/web\\\/#organization\"},\"image\":{\"@id\":\"https:\\\/\\\/contrastes.com.co\\\/web\\\/2022\\\/02\\\/20\\\/el-presidente-ivan-duque-le-da-via-libre-al-uso-de-la-cannabis-medicinal\\\/#primaryimage\"},\"thumbnailUrl\":\"\",\"keywords\":[\"cannabis\",\"Colombia\",\"duque\",\"Salud\"],\"articleSection\":[\"Locales\",\"Pa\u00eds\",\"Salud\"],\"inLanguage\":\"es\",\"potentialAction\":[{\"@type\":\"CommentAction\",\"name\":\"Comment\",\"target\":[\"https:\\\/\\\/contrastes.com.co\\\/web\\\/2022\\\/02\\\/20\\\/el-presidente-ivan-duque-le-da-via-libre-al-uso-de-la-cannabis-medicinal\\\/#respond\"]}]},{\"@type\":\"WebPage\",\"@id\":\"https:\\\/\\\/contrastes.com.co\\\/web\\\/2022\\\/02\\\/20\\\/el-presidente-ivan-duque-le-da-via-libre-al-uso-de-la-cannabis-medicinal\\\/\",\"url\":\"https:\\\/\\\/contrastes.com.co\\\/web\\\/2022\\\/02\\\/20\\\/el-presidente-ivan-duque-le-da-via-libre-al-uso-de-la-cannabis-medicinal\\\/\",\"name\":\"El Presidente Iv\u00e1n Duque le da v\u00eda libre al uso de la cannabis medicinal - Constrastes\",\"isPartOf\":{\"@id\":\"https:\\\/\\\/contrastes.com.co\\\/web\\\/#website\"},\"primaryImageOfPage\":{\"@id\":\"https:\\\/\\\/contrastes.com.co\\\/web\\\/2022\\\/02\\\/20\\\/el-presidente-ivan-duque-le-da-via-libre-al-uso-de-la-cannabis-medicinal\\\/#primaryimage\"},\"image\":{\"@id\":\"https:\\\/\\\/contrastes.com.co\\\/web\\\/2022\\\/02\\\/20\\\/el-presidente-ivan-duque-le-da-via-libre-al-uso-de-la-cannabis-medicinal\\\/#primaryimage\"},\"thumbnailUrl\":\"\",\"datePublished\":\"2022-02-20T18:06:19+00:00\",\"breadcrumb\":{\"@id\":\"https:\\\/\\\/contrastes.com.co\\\/web\\\/2022\\\/02\\\/20\\\/el-presidente-ivan-duque-le-da-via-libre-al-uso-de-la-cannabis-medicinal\\\/#breadcrumb\"},\"inLanguage\":\"es\",\"potentialAction\":[{\"@type\":\"ReadAction\",\"target\":[\"https:\\\/\\\/contrastes.com.co\\\/web\\\/2022\\\/02\\\/20\\\/el-presidente-ivan-duque-le-da-via-libre-al-uso-de-la-cannabis-medicinal\\\/\"]}]},{\"@type\":\"ImageObject\",\"inLanguage\":\"es\",\"@id\":\"https:\\\/\\\/contrastes.com.co\\\/web\\\/2022\\\/02\\\/20\\\/el-presidente-ivan-duque-le-da-via-libre-al-uso-de-la-cannabis-medicinal\\\/#primaryimage\",\"url\":\"\",\"contentUrl\":\"\"},{\"@type\":\"BreadcrumbList\",\"@id\":\"https:\\\/\\\/contrastes.com.co\\\/web\\\/2022\\\/02\\\/20\\\/el-presidente-ivan-duque-le-da-via-libre-al-uso-de-la-cannabis-medicinal\\\/#breadcrumb\",\"itemListElement\":[{\"@type\":\"ListItem\",\"position\":1,\"name\":\"Portada\",\"item\":\"https:\\\/\\\/contrastes.com.co\\\/web\\\/\"},{\"@type\":\"ListItem\",\"position\":2,\"name\":\"El Presidente Iv\u00e1n Duque le da v\u00eda libre al uso de la cannabis medicinal\"}]},{\"@type\":\"WebSite\",\"@id\":\"https:\\\/\\\/contrastes.com.co\\\/web\\\/#website\",\"url\":\"https:\\\/\\\/contrastes.com.co\\\/web\\\/\",\"name\":\"Contrastes\",\"description\":\"Periodismo de Conciencia\",\"publisher\":{\"@id\":\"https:\\\/\\\/contrastes.com.co\\\/web\\\/#organization\"},\"potentialAction\":[{\"@type\":\"SearchAction\",\"target\":{\"@type\":\"EntryPoint\",\"urlTemplate\":\"https:\\\/\\\/contrastes.com.co\\\/web\\\/?s={search_term_string}\"},\"query-input\":{\"@type\":\"PropertyValueSpecification\",\"valueRequired\":true,\"valueName\":\"search_term_string\"}}],\"inLanguage\":\"es\"},{\"@type\":\"Organization\",\"@id\":\"https:\\\/\\\/contrastes.com.co\\\/web\\\/#organization\",\"name\":\"Contrastes\",\"url\":\"https:\\\/\\\/contrastes.com.co\\\/web\\\/\",\"logo\":{\"@type\":\"ImageObject\",\"inLanguage\":\"es\",\"@id\":\"https:\\\/\\\/contrastes.com.co\\\/web\\\/#\\\/schema\\\/logo\\\/image\\\/\",\"url\":\"https:\\\/\\\/contrastes.com.co\\\/web\\\/wp-content\\\/uploads\\\/2025\\\/04\\\/15CONTRASTES3.png\",\"contentUrl\":\"https:\\\/\\\/contrastes.com.co\\\/web\\\/wp-content\\\/uploads\\\/2025\\\/04\\\/15CONTRASTES3.png\",\"width\":1536,\"height\":231,\"caption\":\"Contrastes\"},\"image\":{\"@id\":\"https:\\\/\\\/contrastes.com.co\\\/web\\\/#\\\/schema\\\/logo\\\/image\\\/\"},\"sameAs\":[\"https:\\\/\\\/www.facebook.com\\\/guillo.pantoja.1\"]},{\"@type\":\"Person\",\"@id\":\"https:\\\/\\\/contrastes.com.co\\\/web\\\/#\\\/schema\\\/person\\\/62ef7a62dc4da6de450c71fc2e95ed02\",\"name\":\"Editor\",\"image\":{\"@type\":\"ImageObject\",\"inLanguage\":\"es\",\"@id\":\"https:\\\/\\\/secure.gravatar.com\\\/avatar\\\/7bbb4f718d74bbf600dc556253bb04fd7ac8593751d6e2e3b85432d98aefae80?s=96&d=mm&r=g\",\"url\":\"https:\\\/\\\/secure.gravatar.com\\\/avatar\\\/7bbb4f718d74bbf600dc556253bb04fd7ac8593751d6e2e3b85432d98aefae80?s=96&d=mm&r=g\",\"contentUrl\":\"https:\\\/\\\/secure.gravatar.com\\\/avatar\\\/7bbb4f718d74bbf600dc556253bb04fd7ac8593751d6e2e3b85432d98aefae80?s=96&d=mm&r=g\",\"caption\":\"Editor\"},\"sameAs\":[\"https:\\\/\\\/contrastes.com.co\\\/web\"],\"url\":\"https:\\\/\\\/contrastes.com.co\\\/web\\\/author\\\/jdbobadilla\\\/\"}]}<\/script>\n<!-- \/ Yoast SEO plugin. -->","yoast_head_json":{"title":"El Presidente Iv\u00e1n Duque le da v\u00eda libre al uso de la cannabis medicinal - Constrastes","robots":{"index":"index","follow":"follow","max-snippet":"max-snippet:-1","max-image-preview":"max-image-preview:large","max-video-preview":"max-video-preview:-1"},"canonical":"https:\/\/contrastes.com.co\/web\/2022\/02\/20\/el-presidente-ivan-duque-le-da-via-libre-al-uso-de-la-cannabis-medicinal\/","og_locale":"es_ES","og_type":"article","og_title":"El Presidente Iv\u00e1n Duque le da v\u00eda libre al uso de la cannabis medicinal - Constrastes","og_description":"El siguiente es el texto de la declaraci\u00f3n entregada la ma\u00f1ana de este domingo por el Presidente Iv\u00e1n Duque M\u00e1rquez, sobre reglamentaci\u00f3n y uso industrial de cannabis medicinal: \u201cNos encontramos en la Casa de Nari\u00f1o. Me acompa\u00f1an el se\u00f1or Ministro de Salud, Fernando Ruiz G\u00f3mez; el Ministro de Justicia, Wilson Ruiz Orejuela, y el se\u00f1or [&hellip;]","og_url":"https:\/\/contrastes.com.co\/web\/2022\/02\/20\/el-presidente-ivan-duque-le-da-via-libre-al-uso-de-la-cannabis-medicinal\/","og_site_name":"Constrastes","article_publisher":"https:\/\/www.facebook.com\/guillo.pantoja.1","article_published_time":"2022-02-20T18:06:19+00:00","author":"Editor","twitter_card":"summary_large_image","twitter_misc":{"Escrito por":"Editor","Tiempo de lectura":"3 minutos"},"schema":{"@context":"https:\/\/schema.org","@graph":[{"@type":"Article","@id":"https:\/\/contrastes.com.co\/web\/2022\/02\/20\/el-presidente-ivan-duque-le-da-via-libre-al-uso-de-la-cannabis-medicinal\/#article","isPartOf":{"@id":"https:\/\/contrastes.com.co\/web\/2022\/02\/20\/el-presidente-ivan-duque-le-da-via-libre-al-uso-de-la-cannabis-medicinal\/"},"author":{"name":"Editor","@id":"https:\/\/contrastes.com.co\/web\/#\/schema\/person\/62ef7a62dc4da6de450c71fc2e95ed02"},"headline":"El Presidente Iv\u00e1n Duque le da v\u00eda libre al uso de la cannabis medicinal","datePublished":"2022-02-20T18:06:19+00:00","mainEntityOfPage":{"@id":"https:\/\/contrastes.com.co\/web\/2022\/02\/20\/el-presidente-ivan-duque-le-da-via-libre-al-uso-de-la-cannabis-medicinal\/"},"wordCount":523,"commentCount":0,"publisher":{"@id":"https:\/\/contrastes.com.co\/web\/#organization"},"image":{"@id":"https:\/\/contrastes.com.co\/web\/2022\/02\/20\/el-presidente-ivan-duque-le-da-via-libre-al-uso-de-la-cannabis-medicinal\/#primaryimage"},"thumbnailUrl":"","keywords":["cannabis","Colombia","duque","Salud"],"articleSection":["Locales","Pa\u00eds","Salud"],"inLanguage":"es","potentialAction":[{"@type":"CommentAction","name":"Comment","target":["https:\/\/contrastes.com.co\/web\/2022\/02\/20\/el-presidente-ivan-duque-le-da-via-libre-al-uso-de-la-cannabis-medicinal\/#respond"]}]},{"@type":"WebPage","@id":"https:\/\/contrastes.com.co\/web\/2022\/02\/20\/el-presidente-ivan-duque-le-da-via-libre-al-uso-de-la-cannabis-medicinal\/","url":"https:\/\/contrastes.com.co\/web\/2022\/02\/20\/el-presidente-ivan-duque-le-da-via-libre-al-uso-de-la-cannabis-medicinal\/","name":"El Presidente Iv\u00e1n Duque le da v\u00eda libre al uso de la cannabis medicinal - Constrastes","isPartOf":{"@id":"https:\/\/contrastes.com.co\/web\/#website"},"primaryImageOfPage":{"@id":"https:\/\/contrastes.com.co\/web\/2022\/02\/20\/el-presidente-ivan-duque-le-da-via-libre-al-uso-de-la-cannabis-medicinal\/#primaryimage"},"image":{"@id":"https:\/\/contrastes.com.co\/web\/2022\/02\/20\/el-presidente-ivan-duque-le-da-via-libre-al-uso-de-la-cannabis-medicinal\/#primaryimage"},"thumbnailUrl":"","datePublished":"2022-02-20T18:06:19+00:00","breadcrumb":{"@id":"https:\/\/contrastes.com.co\/web\/2022\/02\/20\/el-presidente-ivan-duque-le-da-via-libre-al-uso-de-la-cannabis-medicinal\/#breadcrumb"},"inLanguage":"es","potentialAction":[{"@type":"ReadAction","target":["https:\/\/contrastes.com.co\/web\/2022\/02\/20\/el-presidente-ivan-duque-le-da-via-libre-al-uso-de-la-cannabis-medicinal\/"]}]},{"@type":"ImageObject","inLanguage":"es","@id":"https:\/\/contrastes.com.co\/web\/2022\/02\/20\/el-presidente-ivan-duque-le-da-via-libre-al-uso-de-la-cannabis-medicinal\/#primaryimage","url":"","contentUrl":""},{"@type":"BreadcrumbList","@id":"https:\/\/contrastes.com.co\/web\/2022\/02\/20\/el-presidente-ivan-duque-le-da-via-libre-al-uso-de-la-cannabis-medicinal\/#breadcrumb","itemListElement":[{"@type":"ListItem","position":1,"name":"Portada","item":"https:\/\/contrastes.com.co\/web\/"},{"@type":"ListItem","position":2,"name":"El Presidente Iv\u00e1n Duque le da v\u00eda libre al uso de la cannabis medicinal"}]},{"@type":"WebSite","@id":"https:\/\/contrastes.com.co\/web\/#website","url":"https:\/\/contrastes.com.co\/web\/","name":"Contrastes","description":"Periodismo de Conciencia","publisher":{"@id":"https:\/\/contrastes.com.co\/web\/#organization"},"potentialAction":[{"@type":"SearchAction","target":{"@type":"EntryPoint","urlTemplate":"https:\/\/contrastes.com.co\/web\/?s={search_term_string}"},"query-input":{"@type":"PropertyValueSpecification","valueRequired":true,"valueName":"search_term_string"}}],"inLanguage":"es"},{"@type":"Organization","@id":"https:\/\/contrastes.com.co\/web\/#organization","name":"Contrastes","url":"https:\/\/contrastes.com.co\/web\/","logo":{"@type":"ImageObject","inLanguage":"es","@id":"https:\/\/contrastes.com.co\/web\/#\/schema\/logo\/image\/","url":"https:\/\/contrastes.com.co\/web\/wp-content\/uploads\/2025\/04\/15CONTRASTES3.png","contentUrl":"https:\/\/contrastes.com.co\/web\/wp-content\/uploads\/2025\/04\/15CONTRASTES3.png","width":1536,"height":231,"caption":"Contrastes"},"image":{"@id":"https:\/\/contrastes.com.co\/web\/#\/schema\/logo\/image\/"},"sameAs":["https:\/\/www.facebook.com\/guillo.pantoja.1"]},{"@type":"Person","@id":"https:\/\/contrastes.com.co\/web\/#\/schema\/person\/62ef7a62dc4da6de450c71fc2e95ed02","name":"Editor","image":{"@type":"ImageObject","inLanguage":"es","@id":"https:\/\/secure.gravatar.com\/avatar\/7bbb4f718d74bbf600dc556253bb04fd7ac8593751d6e2e3b85432d98aefae80?s=96&d=mm&r=g","url":"https:\/\/secure.gravatar.com\/avatar\/7bbb4f718d74bbf600dc556253bb04fd7ac8593751d6e2e3b85432d98aefae80?s=96&d=mm&r=g","contentUrl":"https:\/\/secure.gravatar.com\/avatar\/7bbb4f718d74bbf600dc556253bb04fd7ac8593751d6e2e3b85432d98aefae80?s=96&d=mm&r=g","caption":"Editor"},"sameAs":["https:\/\/contrastes.com.co\/web"],"url":"https:\/\/contrastes.com.co\/web\/author\/jdbobadilla\/"}]}},"blog_post_layout_featured_media_urls":{"thumbnail":"","full":""},"categories_names":{"23":{"name":"Locales","link":"https:\/\/contrastes.com.co\/web\/category\/locales\/"},"101":{"name":"Pa\u00eds","link":"https:\/\/contrastes.com.co\/web\/category\/pais\/"},"25":{"name":"Salud","link":"https:\/\/contrastes.com.co\/web\/category\/salud\/"}},"tags_names":{"4991":{"name":"cannabis","link":"https:\/\/contrastes.com.co\/web\/tag\/cannabis\/"},"291":{"name":"Colombia","link":"https:\/\/contrastes.com.co\/web\/tag\/colombia\/"},"4962":{"name":"duque","link":"https:\/\/contrastes.com.co\/web\/tag\/duque\/"},"308":{"name":"Salud","link":"https:\/\/contrastes.com.co\/web\/tag\/salud\/"}},"comments_number":"0","wpmagazine_modules_lite_featured_media_urls":{"thumbnail":"","cvmm-medium":"","cvmm-medium-plus":"","cvmm-portrait":"","cvmm-medium-square":"","cvmm-large":"","cvmm-small":"","full":""},"_links":{"self":[{"href":"https:\/\/contrastes.com.co\/web\/wp-json\/wp\/v2\/posts\/8328","targetHints":{"allow":["GET"]}}],"collection":[{"href":"https:\/\/contrastes.com.co\/web\/wp-json\/wp\/v2\/posts"}],"about":[{"href":"https:\/\/contrastes.com.co\/web\/wp-json\/wp\/v2\/types\/post"}],"author":[{"embeddable":true,"href":"https:\/\/contrastes.com.co\/web\/wp-json\/wp\/v2\/users\/1"}],"replies":[{"embeddable":true,"href":"https:\/\/contrastes.com.co\/web\/wp-json\/wp\/v2\/comments?post=8328"}],"version-history":[{"count":0,"href":"https:\/\/contrastes.com.co\/web\/wp-json\/wp\/v2\/posts\/8328\/revisions"}],"wp:attachment":[{"href":"https:\/\/contrastes.com.co\/web\/wp-json\/wp\/v2\/media?parent=8328"}],"wp:term":[{"taxonomy":"category","embeddable":true,"href":"https:\/\/contrastes.com.co\/web\/wp-json\/wp\/v2\/categories?post=8328"},{"taxonomy":"post_tag","embeddable":true,"href":"https:\/\/contrastes.com.co\/web\/wp-json\/wp\/v2\/tags?post=8328"}],"curies":[{"name":"wp","href":"https:\/\/api.w.org\/{rel}","templated":true}]}}