{"id":8436,"date":"2022-03-16T17:14:13","date_gmt":"2022-03-16T22:14:13","guid":{"rendered":"https:\/\/contrastes.com.co\/digital\/?p=8436"},"modified":"2022-03-16T17:14:13","modified_gmt":"2022-03-16T22:14:13","slug":"colombiano-que-lucho-en-ucrania-quede-inconsciente-tras-bombardeo-ruso","status":"publish","type":"post","link":"https:\/\/contrastes.com.co\/web\/2022\/03\/16\/colombiano-que-lucho-en-ucrania-quede-inconsciente-tras-bombardeo-ruso\/","title":{"rendered":"Colombiano que luch\u00f3 en Ucrania: \u201cqued\u00e9 inconsciente tras bombardeo ruso\u201d"},"content":{"rendered":"<p><strong>Colombiano que luch\u00f3 en Ucrania: \u201cqued\u00e9 inconsciente tras bombardeo ruso\u201d<\/strong><\/p>\n<blockquote><p><strong>El exmilitar colombiano Mart\u00edn R\u00edos lleg\u00f3 a Ucrania hace 12 d\u00edas para hacer frente a la invasi\u00f3n rusa. Tras un bombardeo ruso a la base militar de Yavoriv, se regres\u00f3 a Polonia con un mensaje para los colombianos que est\u00e1n pensando en ir a Ucrania: \u201cno regalen su vida en una guerra que no vale la pena\u201d.<\/strong><\/p><\/blockquote>\n<h5><a href=\"https:\/\/www.elespectador.com\/mundo\/mas-paises\/colombiano-que-lucho-en-ucrania-quede-inconsciente-tras-bombardeo-ruso-noticias-hoy\/\">elespectador.com<\/a><\/h5>\n<p><img decoding=\"async\" class=\"alignleft  wp-image-1523\" src=\"https:\/\/contrastes.com.co\/digital\/wp-content\/uploads\/2020\/06\/h-capitular.png\" alt=\"h capitular\" width=\"70\" height=\"63\" \/>ace dos d\u00edas, las autoridades ucranianas informaron sobre el ataque a una base militar de Yavoriv, al oeste de Ucrania y a unos 20 kil\u00f3metros de la frontera polaca. M\u00e1s de 20 misiles cayeron en la zona, matando a 35 personas e hiriendo a 134. El ataque dej\u00f3 claro que el oeste de Ucrania, que hab\u00eda permanecido en gran parte a salvo, era vulnerable, especialmente a los misiles de largo alcance. En ese escenario estaba el colombiano Mart\u00edn R\u00edos, que lleg\u00f3 a Ucrania hace 12 d\u00edas para hacer frente a la invasi\u00f3n rusa.<\/p>\n<p>\u201cSent\u00ed el impacto, porque se movi\u00f3 todo el edificio, literal se movi\u00f3. Yo estaba en b\u00f3xer, me puse las botas, un esqueleto, me terci\u00e9 el fusil y saqu\u00e9 a mi compa\u00f1ero\u201d, cont\u00f3 R\u00edos a Noticias Caracol. \u201cLuego de que vi que todos hab\u00edan salido, pude salir yo corriendo, y cuando impact\u00f3 el primer misil, el choque me arroj\u00f3 un poco hacia adelante y ca\u00ed en un charco, fueron segundos en los que qued\u00e9 inconsciente\u201d, agreg\u00f3 el colombiano que tiene experiencia militar, pues ya estuvo en Mal\u00ed y otras zonas de conflicto.<\/p>\n<p>Segundos despu\u00e9s, R\u00edos recuper\u00f3 la consciencia. Se levant\u00f3 y, armado con un fusil, se prepar\u00f3 para un posible ataque en tierra por parte de los rusos. \u201cMe integro al bosque para correr y salvaguardarme en alguna trinchera, alg\u00fan hueco que encuentre, y lo siguiente es que siguen llegando misiles\u201d, sostuvo. Luego de varios impactos, se regres\u00f3 a lo que quedaba de la base, recogi\u00f3 provisiones y se resguard\u00f3.<\/p>\n<blockquote class=\"twitter-tweet\" data-width=\"550\" data-dnt=\"true\">\n<p lang=\"es\" dir=\"ltr\">Colombiano cuenta c\u00f3mo sobrevivi\u00f3 a bombardeo en Ucrania en el que murieron 35 personas.<\/p>\n<p>\u201cCuando yo sent\u00ed el impacto se movi\u00f3 todo el edificio\u201d, relata Mart\u00edn R\u00edos, quien lleg\u00f3 a ese pa\u00eds hace 12 d\u00edas. Ahora est\u00e1 en un campamento de refugiados <a href=\"https:\/\/t.co\/k1NhZsen6A\">https:\/\/t.co\/k1NhZsen6A<\/a> <a href=\"https:\/\/t.co\/W8USLRaZsS\">pic.twitter.com\/W8USLRaZsS<\/a><\/p>\n<p>&mdash; Noticias Caracol (@NoticiasCaracol) <a href=\"https:\/\/twitter.com\/NoticiasCaracol\/status\/1504058386547187718?ref_src=twsrc%5Etfw\">March 16, 2022<\/a><\/p><\/blockquote>\n<p><script async src=\"https:\/\/platform.twitter.com\/widgets.js\" charset=\"utf-8\"><\/script><\/p>\n<p>&nbsp;<\/p>\n<p>\u201cSolamente ten\u00edamos un cartucho por proveedor, no ten\u00edamos casco ni ten\u00edamos protectores, no ten\u00edamos nada. La unidad con la que yo estaba parec\u00edan boy scouts\u201d, dijo el colombiano. Luego del ataque, R\u00edos decidi\u00f3 regresar a Polonia con un mensaje para los colombianos que est\u00e1n pensando en ir a Ucrania: \u201cno regalen su vida en una guerra que no vale la pena\u201d.<\/p>\n<p>Tras los ataques en Yavoriv, el presidente ucraniano, Volodimir Zelenski, volvi\u00f3 a reclamar a la OTAN una zona de exclusi\u00f3n a\u00e9rea sobre su pa\u00eds. \u201cSi no cierran nuestro cielo, es solo cuesti\u00f3n de tiempo que los cohetes rusos caigan sobre su territorio, sobre el territorio de la OTAN\u201d, asegur\u00f3 en un mensaje en v\u00eddeo. Sin embargo, este lunes, un funcionario de defensa de EE. UU. sostuvo que los misiles que devastaron esa base militar, fueron lanzados desde aviones que volaban en el espacio a\u00e9reo ruso, precisando que una zona de exclusi\u00f3n a\u00e9rea no habr\u00eda impedido el ataque.<\/p>\n","protected":false},"excerpt":{"rendered":"<p>El exmilitar colombiano Mart\u00edn R\u00edos lleg\u00f3 a Ucrania hace 12 d\u00edas para hacer frente a la invasi\u00f3n rusa. Tras un bombardeo ruso a la base militar de Yavoriv, se regres\u00f3 a Polonia con un mensaje para los colombianos que est\u00e1n pensando en ir a Ucrania: \u201cno regalen su vida en una guerra que no vale la pena\u201d.<\/p>\n","protected":false},"author":1,"featured_media":8438,"comment_status":"open","ping_status":"open","sticky":false,"template":"","format":"standard","meta":{"footnotes":""},"categories":[88],"tags":[5050,5051,5052,5053,5054],"class_list":["post-8436","post","type-post","status-publish","format-standard","has-post-thumbnail","hentry","category-mundo","tag-bombardeos","tag-combates","tag-ex-militar","tag-guerra-en-ucrania","tag-rusia-invade-ucrania"],"yoast_head":"<!-- This site is optimized with the Yoast SEO plugin v27.7 - https:\/\/yoast.com\/product\/yoast-seo-wordpress\/ -->\n<title>Colombiano que luch\u00f3 en Ucrania: \u201cqued\u00e9 inconsciente tras bombardeo ruso\u201d - Constrastes<\/title>\n<meta name=\"description\" content=\"El exmilitar colombiano Mart\u00edn R\u00edos lleg\u00f3 a Ucrania hace 12 d\u00edas para hacer frente a la invasi\u00f3n rusa. Tras un bombardeo ruso a la base militar de Yavoriv, se regres\u00f3 a Polonia con un mensaje para los colombianos que est\u00e1n pensando en ir a Ucrania: \u201cno regalen su vida en una guerra que no vale la pena\u201d.\" \/>\n<meta name=\"robots\" content=\"index, follow, max-snippet:-1, max-image-preview:large, max-video-preview:-1\" \/>\n<link rel=\"canonical\" href=\"https:\/\/contrastes.com.co\/web\/2022\/03\/16\/colombiano-que-lucho-en-ucrania-quede-inconsciente-tras-bombardeo-ruso\/\" \/>\n<meta property=\"og:locale\" content=\"es_ES\" \/>\n<meta property=\"og:type\" content=\"article\" \/>\n<meta property=\"og:title\" content=\"Colombiano que luch\u00f3 en Ucrania: \u201cqued\u00e9 inconsciente tras bombardeo ruso\u201d - Constrastes\" \/>\n<meta property=\"og:description\" content=\"El exmilitar colombiano Mart\u00edn R\u00edos lleg\u00f3 a Ucrania hace 12 d\u00edas para hacer frente a la invasi\u00f3n rusa. Tras un bombardeo ruso a la base militar de Yavoriv, se regres\u00f3 a Polonia con un mensaje para los colombianos que est\u00e1n pensando en ir a Ucrania: \u201cno regalen su vida en una guerra que no vale la pena\u201d.\" \/>\n<meta property=\"og:url\" content=\"https:\/\/contrastes.com.co\/web\/2022\/03\/16\/colombiano-que-lucho-en-ucrania-quede-inconsciente-tras-bombardeo-ruso\/\" \/>\n<meta property=\"og:site_name\" content=\"Constrastes\" \/>\n<meta property=\"article:publisher\" content=\"https:\/\/www.facebook.com\/guillo.pantoja.1\" \/>\n<meta property=\"article:published_time\" content=\"2022-03-16T22:14:13+00:00\" \/>\n<meta name=\"author\" content=\"Editor\" \/>\n<meta name=\"twitter:card\" content=\"summary_large_image\" \/>\n<meta name=\"twitter:label1\" content=\"Escrito por\" \/>\n\t<meta name=\"twitter:data1\" content=\"Editor\" \/>\n\t<meta name=\"twitter:label2\" content=\"Tiempo de lectura\" \/>\n\t<meta name=\"twitter:data2\" content=\"3 minutos\" \/>\n<script type=\"application\/ld+json\" class=\"yoast-schema-graph\">{\"@context\":\"https:\\\/\\\/schema.org\",\"@graph\":[{\"@type\":\"Article\",\"@id\":\"https:\\\/\\\/contrastes.com.co\\\/web\\\/2022\\\/03\\\/16\\\/colombiano-que-lucho-en-ucrania-quede-inconsciente-tras-bombardeo-ruso\\\/#article\",\"isPartOf\":{\"@id\":\"https:\\\/\\\/contrastes.com.co\\\/web\\\/2022\\\/03\\\/16\\\/colombiano-que-lucho-en-ucrania-quede-inconsciente-tras-bombardeo-ruso\\\/\"},\"author\":{\"name\":\"Editor\",\"@id\":\"https:\\\/\\\/contrastes.com.co\\\/web\\\/#\\\/schema\\\/person\\\/62ef7a62dc4da6de450c71fc2e95ed02\"},\"headline\":\"Colombiano que luch\u00f3 en Ucrania: \u201cqued\u00e9 inconsciente tras bombardeo ruso\u201d\",\"datePublished\":\"2022-03-16T22:14:13+00:00\",\"mainEntityOfPage\":{\"@id\":\"https:\\\/\\\/contrastes.com.co\\\/web\\\/2022\\\/03\\\/16\\\/colombiano-que-lucho-en-ucrania-quede-inconsciente-tras-bombardeo-ruso\\\/\"},\"wordCount\":551,\"commentCount\":0,\"publisher\":{\"@id\":\"https:\\\/\\\/contrastes.com.co\\\/web\\\/#organization\"},\"image\":{\"@id\":\"https:\\\/\\\/contrastes.com.co\\\/web\\\/2022\\\/03\\\/16\\\/colombiano-que-lucho-en-ucrania-quede-inconsciente-tras-bombardeo-ruso\\\/#primaryimage\"},\"thumbnailUrl\":\"\",\"keywords\":[\"bombardeos\",\"combates\",\"ex militar\",\"Guerra en Ucrania\",\"Rusia invade Ucrania\"],\"articleSection\":[\"Mundo\"],\"inLanguage\":\"es\",\"potentialAction\":[{\"@type\":\"CommentAction\",\"name\":\"Comment\",\"target\":[\"https:\\\/\\\/contrastes.com.co\\\/web\\\/2022\\\/03\\\/16\\\/colombiano-que-lucho-en-ucrania-quede-inconsciente-tras-bombardeo-ruso\\\/#respond\"]}]},{\"@type\":\"WebPage\",\"@id\":\"https:\\\/\\\/contrastes.com.co\\\/web\\\/2022\\\/03\\\/16\\\/colombiano-que-lucho-en-ucrania-quede-inconsciente-tras-bombardeo-ruso\\\/\",\"url\":\"https:\\\/\\\/contrastes.com.co\\\/web\\\/2022\\\/03\\\/16\\\/colombiano-que-lucho-en-ucrania-quede-inconsciente-tras-bombardeo-ruso\\\/\",\"name\":\"Colombiano que luch\u00f3 en Ucrania: \u201cqued\u00e9 inconsciente tras bombardeo ruso\u201d - Constrastes\",\"isPartOf\":{\"@id\":\"https:\\\/\\\/contrastes.com.co\\\/web\\\/#website\"},\"primaryImageOfPage\":{\"@id\":\"https:\\\/\\\/contrastes.com.co\\\/web\\\/2022\\\/03\\\/16\\\/colombiano-que-lucho-en-ucrania-quede-inconsciente-tras-bombardeo-ruso\\\/#primaryimage\"},\"image\":{\"@id\":\"https:\\\/\\\/contrastes.com.co\\\/web\\\/2022\\\/03\\\/16\\\/colombiano-que-lucho-en-ucrania-quede-inconsciente-tras-bombardeo-ruso\\\/#primaryimage\"},\"thumbnailUrl\":\"\",\"datePublished\":\"2022-03-16T22:14:13+00:00\",\"description\":\"El exmilitar colombiano Mart\u00edn R\u00edos lleg\u00f3 a Ucrania hace 12 d\u00edas para hacer frente a la invasi\u00f3n rusa. Tras un bombardeo ruso a la base militar de Yavoriv, se regres\u00f3 a Polonia con un mensaje para los colombianos que est\u00e1n pensando en ir a Ucrania: \u201cno regalen su vida en una guerra que no vale la pena\u201d.\",\"breadcrumb\":{\"@id\":\"https:\\\/\\\/contrastes.com.co\\\/web\\\/2022\\\/03\\\/16\\\/colombiano-que-lucho-en-ucrania-quede-inconsciente-tras-bombardeo-ruso\\\/#breadcrumb\"},\"inLanguage\":\"es\",\"potentialAction\":[{\"@type\":\"ReadAction\",\"target\":[\"https:\\\/\\\/contrastes.com.co\\\/web\\\/2022\\\/03\\\/16\\\/colombiano-que-lucho-en-ucrania-quede-inconsciente-tras-bombardeo-ruso\\\/\"]}]},{\"@type\":\"ImageObject\",\"inLanguage\":\"es\",\"@id\":\"https:\\\/\\\/contrastes.com.co\\\/web\\\/2022\\\/03\\\/16\\\/colombiano-que-lucho-en-ucrania-quede-inconsciente-tras-bombardeo-ruso\\\/#primaryimage\",\"url\":\"\",\"contentUrl\":\"\"},{\"@type\":\"BreadcrumbList\",\"@id\":\"https:\\\/\\\/contrastes.com.co\\\/web\\\/2022\\\/03\\\/16\\\/colombiano-que-lucho-en-ucrania-quede-inconsciente-tras-bombardeo-ruso\\\/#breadcrumb\",\"itemListElement\":[{\"@type\":\"ListItem\",\"position\":1,\"name\":\"Portada\",\"item\":\"https:\\\/\\\/contrastes.com.co\\\/web\\\/\"},{\"@type\":\"ListItem\",\"position\":2,\"name\":\"Colombiano que luch\u00f3 en Ucrania: \u201cqued\u00e9 inconsciente tras bombardeo ruso\u201d\"}]},{\"@type\":\"WebSite\",\"@id\":\"https:\\\/\\\/contrastes.com.co\\\/web\\\/#website\",\"url\":\"https:\\\/\\\/contrastes.com.co\\\/web\\\/\",\"name\":\"Contrastes\",\"description\":\"Periodismo de Conciencia\",\"publisher\":{\"@id\":\"https:\\\/\\\/contrastes.com.co\\\/web\\\/#organization\"},\"potentialAction\":[{\"@type\":\"SearchAction\",\"target\":{\"@type\":\"EntryPoint\",\"urlTemplate\":\"https:\\\/\\\/contrastes.com.co\\\/web\\\/?s={search_term_string}\"},\"query-input\":{\"@type\":\"PropertyValueSpecification\",\"valueRequired\":true,\"valueName\":\"search_term_string\"}}],\"inLanguage\":\"es\"},{\"@type\":\"Organization\",\"@id\":\"https:\\\/\\\/contrastes.com.co\\\/web\\\/#organization\",\"name\":\"Contrastes\",\"url\":\"https:\\\/\\\/contrastes.com.co\\\/web\\\/\",\"logo\":{\"@type\":\"ImageObject\",\"inLanguage\":\"es\",\"@id\":\"https:\\\/\\\/contrastes.com.co\\\/web\\\/#\\\/schema\\\/logo\\\/image\\\/\",\"url\":\"https:\\\/\\\/contrastes.com.co\\\/web\\\/wp-content\\\/uploads\\\/2025\\\/04\\\/15CONTRASTES3.png\",\"contentUrl\":\"https:\\\/\\\/contrastes.com.co\\\/web\\\/wp-content\\\/uploads\\\/2025\\\/04\\\/15CONTRASTES3.png\",\"width\":1536,\"height\":231,\"caption\":\"Contrastes\"},\"image\":{\"@id\":\"https:\\\/\\\/contrastes.com.co\\\/web\\\/#\\\/schema\\\/logo\\\/image\\\/\"},\"sameAs\":[\"https:\\\/\\\/www.facebook.com\\\/guillo.pantoja.1\"]},{\"@type\":\"Person\",\"@id\":\"https:\\\/\\\/contrastes.com.co\\\/web\\\/#\\\/schema\\\/person\\\/62ef7a62dc4da6de450c71fc2e95ed02\",\"name\":\"Editor\",\"image\":{\"@type\":\"ImageObject\",\"inLanguage\":\"es\",\"@id\":\"https:\\\/\\\/secure.gravatar.com\\\/avatar\\\/7bbb4f718d74bbf600dc556253bb04fd7ac8593751d6e2e3b85432d98aefae80?s=96&d=mm&r=g\",\"url\":\"https:\\\/\\\/secure.gravatar.com\\\/avatar\\\/7bbb4f718d74bbf600dc556253bb04fd7ac8593751d6e2e3b85432d98aefae80?s=96&d=mm&r=g\",\"contentUrl\":\"https:\\\/\\\/secure.gravatar.com\\\/avatar\\\/7bbb4f718d74bbf600dc556253bb04fd7ac8593751d6e2e3b85432d98aefae80?s=96&d=mm&r=g\",\"caption\":\"Editor\"},\"sameAs\":[\"https:\\\/\\\/contrastes.com.co\\\/web\"],\"url\":\"https:\\\/\\\/contrastes.com.co\\\/web\\\/author\\\/jdbobadilla\\\/\"}]}<\/script>\n<!-- \/ Yoast SEO plugin. -->","yoast_head_json":{"title":"Colombiano que luch\u00f3 en Ucrania: \u201cqued\u00e9 inconsciente tras bombardeo ruso\u201d - Constrastes","description":"El exmilitar colombiano Mart\u00edn R\u00edos lleg\u00f3 a Ucrania hace 12 d\u00edas para hacer frente a la invasi\u00f3n rusa. Tras un bombardeo ruso a la base militar de Yavoriv, se regres\u00f3 a Polonia con un mensaje para los colombianos que est\u00e1n pensando en ir a Ucrania: \u201cno regalen su vida en una guerra que no vale la pena\u201d.","robots":{"index":"index","follow":"follow","max-snippet":"max-snippet:-1","max-image-preview":"max-image-preview:large","max-video-preview":"max-video-preview:-1"},"canonical":"https:\/\/contrastes.com.co\/web\/2022\/03\/16\/colombiano-que-lucho-en-ucrania-quede-inconsciente-tras-bombardeo-ruso\/","og_locale":"es_ES","og_type":"article","og_title":"Colombiano que luch\u00f3 en Ucrania: \u201cqued\u00e9 inconsciente tras bombardeo ruso\u201d - Constrastes","og_description":"El exmilitar colombiano Mart\u00edn R\u00edos lleg\u00f3 a Ucrania hace 12 d\u00edas para hacer frente a la invasi\u00f3n rusa. Tras un bombardeo ruso a la base militar de Yavoriv, se regres\u00f3 a Polonia con un mensaje para los colombianos que est\u00e1n pensando en ir a Ucrania: \u201cno regalen su vida en una guerra que no vale la pena\u201d.","og_url":"https:\/\/contrastes.com.co\/web\/2022\/03\/16\/colombiano-que-lucho-en-ucrania-quede-inconsciente-tras-bombardeo-ruso\/","og_site_name":"Constrastes","article_publisher":"https:\/\/www.facebook.com\/guillo.pantoja.1","article_published_time":"2022-03-16T22:14:13+00:00","author":"Editor","twitter_card":"summary_large_image","twitter_misc":{"Escrito por":"Editor","Tiempo de lectura":"3 minutos"},"schema":{"@context":"https:\/\/schema.org","@graph":[{"@type":"Article","@id":"https:\/\/contrastes.com.co\/web\/2022\/03\/16\/colombiano-que-lucho-en-ucrania-quede-inconsciente-tras-bombardeo-ruso\/#article","isPartOf":{"@id":"https:\/\/contrastes.com.co\/web\/2022\/03\/16\/colombiano-que-lucho-en-ucrania-quede-inconsciente-tras-bombardeo-ruso\/"},"author":{"name":"Editor","@id":"https:\/\/contrastes.com.co\/web\/#\/schema\/person\/62ef7a62dc4da6de450c71fc2e95ed02"},"headline":"Colombiano que luch\u00f3 en Ucrania: \u201cqued\u00e9 inconsciente tras bombardeo ruso\u201d","datePublished":"2022-03-16T22:14:13+00:00","mainEntityOfPage":{"@id":"https:\/\/contrastes.com.co\/web\/2022\/03\/16\/colombiano-que-lucho-en-ucrania-quede-inconsciente-tras-bombardeo-ruso\/"},"wordCount":551,"commentCount":0,"publisher":{"@id":"https:\/\/contrastes.com.co\/web\/#organization"},"image":{"@id":"https:\/\/contrastes.com.co\/web\/2022\/03\/16\/colombiano-que-lucho-en-ucrania-quede-inconsciente-tras-bombardeo-ruso\/#primaryimage"},"thumbnailUrl":"","keywords":["bombardeos","combates","ex militar","Guerra en Ucrania","Rusia invade Ucrania"],"articleSection":["Mundo"],"inLanguage":"es","potentialAction":[{"@type":"CommentAction","name":"Comment","target":["https:\/\/contrastes.com.co\/web\/2022\/03\/16\/colombiano-que-lucho-en-ucrania-quede-inconsciente-tras-bombardeo-ruso\/#respond"]}]},{"@type":"WebPage","@id":"https:\/\/contrastes.com.co\/web\/2022\/03\/16\/colombiano-que-lucho-en-ucrania-quede-inconsciente-tras-bombardeo-ruso\/","url":"https:\/\/contrastes.com.co\/web\/2022\/03\/16\/colombiano-que-lucho-en-ucrania-quede-inconsciente-tras-bombardeo-ruso\/","name":"Colombiano que luch\u00f3 en Ucrania: \u201cqued\u00e9 inconsciente tras bombardeo ruso\u201d - Constrastes","isPartOf":{"@id":"https:\/\/contrastes.com.co\/web\/#website"},"primaryImageOfPage":{"@id":"https:\/\/contrastes.com.co\/web\/2022\/03\/16\/colombiano-que-lucho-en-ucrania-quede-inconsciente-tras-bombardeo-ruso\/#primaryimage"},"image":{"@id":"https:\/\/contrastes.com.co\/web\/2022\/03\/16\/colombiano-que-lucho-en-ucrania-quede-inconsciente-tras-bombardeo-ruso\/#primaryimage"},"thumbnailUrl":"","datePublished":"2022-03-16T22:14:13+00:00","description":"El exmilitar colombiano Mart\u00edn R\u00edos lleg\u00f3 a Ucrania hace 12 d\u00edas para hacer frente a la invasi\u00f3n rusa. Tras un bombardeo ruso a la base militar de Yavoriv, se regres\u00f3 a Polonia con un mensaje para los colombianos que est\u00e1n pensando en ir a Ucrania: \u201cno regalen su vida en una guerra que no vale la pena\u201d.","breadcrumb":{"@id":"https:\/\/contrastes.com.co\/web\/2022\/03\/16\/colombiano-que-lucho-en-ucrania-quede-inconsciente-tras-bombardeo-ruso\/#breadcrumb"},"inLanguage":"es","potentialAction":[{"@type":"ReadAction","target":["https:\/\/contrastes.com.co\/web\/2022\/03\/16\/colombiano-que-lucho-en-ucrania-quede-inconsciente-tras-bombardeo-ruso\/"]}]},{"@type":"ImageObject","inLanguage":"es","@id":"https:\/\/contrastes.com.co\/web\/2022\/03\/16\/colombiano-que-lucho-en-ucrania-quede-inconsciente-tras-bombardeo-ruso\/#primaryimage","url":"","contentUrl":""},{"@type":"BreadcrumbList","@id":"https:\/\/contrastes.com.co\/web\/2022\/03\/16\/colombiano-que-lucho-en-ucrania-quede-inconsciente-tras-bombardeo-ruso\/#breadcrumb","itemListElement":[{"@type":"ListItem","position":1,"name":"Portada","item":"https:\/\/contrastes.com.co\/web\/"},{"@type":"ListItem","position":2,"name":"Colombiano que luch\u00f3 en Ucrania: \u201cqued\u00e9 inconsciente tras bombardeo ruso\u201d"}]},{"@type":"WebSite","@id":"https:\/\/contrastes.com.co\/web\/#website","url":"https:\/\/contrastes.com.co\/web\/","name":"Contrastes","description":"Periodismo de Conciencia","publisher":{"@id":"https:\/\/contrastes.com.co\/web\/#organization"},"potentialAction":[{"@type":"SearchAction","target":{"@type":"EntryPoint","urlTemplate":"https:\/\/contrastes.com.co\/web\/?s={search_term_string}"},"query-input":{"@type":"PropertyValueSpecification","valueRequired":true,"valueName":"search_term_string"}}],"inLanguage":"es"},{"@type":"Organization","@id":"https:\/\/contrastes.com.co\/web\/#organization","name":"Contrastes","url":"https:\/\/contrastes.com.co\/web\/","logo":{"@type":"ImageObject","inLanguage":"es","@id":"https:\/\/contrastes.com.co\/web\/#\/schema\/logo\/image\/","url":"https:\/\/contrastes.com.co\/web\/wp-content\/uploads\/2025\/04\/15CONTRASTES3.png","contentUrl":"https:\/\/contrastes.com.co\/web\/wp-content\/uploads\/2025\/04\/15CONTRASTES3.png","width":1536,"height":231,"caption":"Contrastes"},"image":{"@id":"https:\/\/contrastes.com.co\/web\/#\/schema\/logo\/image\/"},"sameAs":["https:\/\/www.facebook.com\/guillo.pantoja.1"]},{"@type":"Person","@id":"https:\/\/contrastes.com.co\/web\/#\/schema\/person\/62ef7a62dc4da6de450c71fc2e95ed02","name":"Editor","image":{"@type":"ImageObject","inLanguage":"es","@id":"https:\/\/secure.gravatar.com\/avatar\/7bbb4f718d74bbf600dc556253bb04fd7ac8593751d6e2e3b85432d98aefae80?s=96&d=mm&r=g","url":"https:\/\/secure.gravatar.com\/avatar\/7bbb4f718d74bbf600dc556253bb04fd7ac8593751d6e2e3b85432d98aefae80?s=96&d=mm&r=g","contentUrl":"https:\/\/secure.gravatar.com\/avatar\/7bbb4f718d74bbf600dc556253bb04fd7ac8593751d6e2e3b85432d98aefae80?s=96&d=mm&r=g","caption":"Editor"},"sameAs":["https:\/\/contrastes.com.co\/web"],"url":"https:\/\/contrastes.com.co\/web\/author\/jdbobadilla\/"}]}},"blog_post_layout_featured_media_urls":{"thumbnail":"","full":""},"categories_names":{"88":{"name":"Mundo","link":"https:\/\/contrastes.com.co\/web\/category\/mundo\/"}},"tags_names":{"5050":{"name":"bombardeos","link":"https:\/\/contrastes.com.co\/web\/tag\/bombardeos\/"},"5051":{"name":"combates","link":"https:\/\/contrastes.com.co\/web\/tag\/combates\/"},"5052":{"name":"ex militar","link":"https:\/\/contrastes.com.co\/web\/tag\/ex-militar\/"},"5053":{"name":"Guerra en Ucrania","link":"https:\/\/contrastes.com.co\/web\/tag\/guerra-en-ucrania\/"},"5054":{"name":"Rusia invade Ucrania","link":"https:\/\/contrastes.com.co\/web\/tag\/rusia-invade-ucrania\/"}},"comments_number":"0","wpmagazine_modules_lite_featured_media_urls":{"thumbnail":"","cvmm-medium":"","cvmm-medium-plus":"","cvmm-portrait":"","cvmm-medium-square":"","cvmm-large":"","cvmm-small":"","full":""},"_links":{"self":[{"href":"https:\/\/contrastes.com.co\/web\/wp-json\/wp\/v2\/posts\/8436","targetHints":{"allow":["GET"]}}],"collection":[{"href":"https:\/\/contrastes.com.co\/web\/wp-json\/wp\/v2\/posts"}],"about":[{"href":"https:\/\/contrastes.com.co\/web\/wp-json\/wp\/v2\/types\/post"}],"author":[{"embeddable":true,"href":"https:\/\/contrastes.com.co\/web\/wp-json\/wp\/v2\/users\/1"}],"replies":[{"embeddable":true,"href":"https:\/\/contrastes.com.co\/web\/wp-json\/wp\/v2\/comments?post=8436"}],"version-history":[{"count":0,"href":"https:\/\/contrastes.com.co\/web\/wp-json\/wp\/v2\/posts\/8436\/revisions"}],"wp:attachment":[{"href":"https:\/\/contrastes.com.co\/web\/wp-json\/wp\/v2\/media?parent=8436"}],"wp:term":[{"taxonomy":"category","embeddable":true,"href":"https:\/\/contrastes.com.co\/web\/wp-json\/wp\/v2\/categories?post=8436"},{"taxonomy":"post_tag","embeddable":true,"href":"https:\/\/contrastes.com.co\/web\/wp-json\/wp\/v2\/tags?post=8436"}],"curies":[{"name":"wp","href":"https:\/\/api.w.org\/{rel}","templated":true}]}}