{"id":8455,"date":"2022-02-03T11:30:13","date_gmt":"2022-02-03T16:30:13","guid":{"rendered":"https:\/\/contrastes.com.co\/digital\/?p=8455"},"modified":"2022-02-03T11:30:13","modified_gmt":"2022-02-03T16:30:13","slug":"el-padre-humberto-brum-parroco-del-templo-de-san-antonio-de-padua-fue-declarado-hijo-adoptivo-de-soledad","status":"publish","type":"post","link":"https:\/\/contrastes.com.co\/web\/2022\/02\/03\/el-padre-humberto-brum-parroco-del-templo-de-san-antonio-de-padua-fue-declarado-hijo-adoptivo-de-soledad\/","title":{"rendered":"El Padre Humberto Brum, p\u00e1rroco del templo de San Antonio de Padua fue declarado hijo adoptivo de Soledad\u00a0"},"content":{"rendered":"<blockquote><p><strong>El Padre Humberto Brum, p\u00e1rroco del templo de San Antonio de Padua fue declarado hijo adoptivo de Soledad\u00a0<\/strong><\/p><\/blockquote>\n<p><img decoding=\"async\" class=\"alignleft wp-image-845\" src=\"https:\/\/contrastes.com.co\/digital\/wp-content\/uploads\/2020\/05\/e-capitular.png\" alt=\"e capitular\" width=\"64\" height=\"64\" \/>n un sentido y muy emotivo acto desarrollado en el <strong>templo de San Antonio de Padua<\/strong>, patrono de la localidad, el <strong>alcalde de Soledad, Rodolfo Ucr\u00f3s Rosales<\/strong>, otorg\u00f3 un reconocimiento especial, nombr\u00e1ndo hijo adoptivo de Soledad al padre <strong>Humberto Brum<\/strong>, quien por los \u00faltimos siete a\u00f1os se desempe\u00f1\u00f3 como p\u00e1rroco de esa congregaci\u00f3n, la de mayor influencia en la municipalidad.<\/p>\n<p>El mandatario local exalt\u00f3 su servicio a la comunidad durante su per\u00edodo como p\u00e1rroco de la iglesia de San Antonio de Padua, adem\u00e1s de sus 47 a\u00f1os de vida sacerdotal.<\/p>\n<p><iframe style=\"border: none; overflow: hidden;\" src=\"https:\/\/www.facebook.com\/plugins\/video.php?height=314&amp;href=https%3A%2F%2Fwww.facebook.com%2Fsoledadalcaldia%2Fvideos%2F667601481249926%2F&amp;show_text=false&amp;width=560&amp;t=0\" width=\"560\" height=\"314\" frameborder=\"0\" scrolling=\"no\" allowfullscreen=\"allowfullscreen\"><\/iframe><\/p>\n<p>Es de resaltar que el padre <strong>Humberto Brum<\/strong> culmina su vida como p\u00e1rroco y a partir de ahora estar\u00e1 descansando en la casa sacerdotal de la <strong>Arquidi\u00f3cesis de Barranquilla<\/strong>.<\/p>\n","protected":false},"excerpt":{"rendered":"<p>En un sentido y muy emotivo acto desarrollado en el templo de San Antonio de Padua, patrono de la localidad, el alcalde de Soledad, Rodolfo Ucr\u00f3s Rosales, otorg\u00f3 un reconocimiento especial, nombr\u00e1ndo hijo adoptivo de Soledad al padre Humberto Brum, quien por los \u00faltimos siete a\u00f1os se desempe\u00f1\u00f3 como p\u00e1rroco de esa congregaci\u00f3n, la de mayor influencia en la municipalidad<\/p>\n","protected":false},"author":1,"featured_media":8457,"comment_status":"open","ping_status":"open","sticky":false,"template":"","format":"standard","meta":{"footnotes":""},"categories":[23,158],"tags":[173,4928,51,4929,4930,1768,1879,4931],"class_list":["post-8455","post","type-post","status-publish","format-standard","has-post-thumbnail","hentry","category-locales","category-personajes","tag-alcalde-de-soledad","tag-hijo-adoptivo-de-soledad","tag-municipio-de-soledad","tag-padre-humberto-blum","tag-parroco","tag-reconocimiento","tag-rodolfo-ucros-rosales","tag-templo-de-san-antonio-de-padua"],"yoast_head":"<!-- This site is optimized with the Yoast SEO plugin v27.7 - https:\/\/yoast.com\/product\/yoast-seo-wordpress\/ -->\n<title>El Padre Humberto Brum, p\u00e1rroco del templo de San Antonio de Padua fue declarado hijo adoptivo de Soledad\u00a0 - Constrastes<\/title>\n<meta name=\"description\" content=\"En un sentido y muy emotivo acto desarrollado en el templo de San Antonio de Padua, patrono de la localidad, el alcalde de Soledad, Rodolfo Ucr\u00f3s Rosales, otorg\u00f3 un reconocimiento especial, nombr\u00e1ndo hijo adoptivo de Soledad al padre Humberto Brum, quien por los \u00faltimos siete a\u00f1os se desempe\u00f1\u00f3 como p\u00e1rroco de esa congregaci\u00f3n, la de mayor influencia en la municipalidad\" \/>\n<meta name=\"robots\" content=\"index, follow, max-snippet:-1, max-image-preview:large, max-video-preview:-1\" \/>\n<link rel=\"canonical\" href=\"https:\/\/contrastes.com.co\/web\/2022\/02\/03\/el-padre-humberto-brum-parroco-del-templo-de-san-antonio-de-padua-fue-declarado-hijo-adoptivo-de-soledad\/\" \/>\n<meta property=\"og:locale\" content=\"es_ES\" \/>\n<meta property=\"og:type\" content=\"article\" \/>\n<meta property=\"og:title\" content=\"El Padre Humberto Brum, p\u00e1rroco del templo de San Antonio de Padua fue declarado hijo adoptivo de Soledad\u00a0 - Constrastes\" \/>\n<meta property=\"og:description\" content=\"En un sentido y muy emotivo acto desarrollado en el templo de San Antonio de Padua, patrono de la localidad, el alcalde de Soledad, Rodolfo Ucr\u00f3s Rosales, otorg\u00f3 un reconocimiento especial, nombr\u00e1ndo hijo adoptivo de Soledad al padre Humberto Brum, quien por los \u00faltimos siete a\u00f1os se desempe\u00f1\u00f3 como p\u00e1rroco de esa congregaci\u00f3n, la de mayor influencia en la municipalidad\" \/>\n<meta property=\"og:url\" content=\"https:\/\/contrastes.com.co\/web\/2022\/02\/03\/el-padre-humberto-brum-parroco-del-templo-de-san-antonio-de-padua-fue-declarado-hijo-adoptivo-de-soledad\/\" \/>\n<meta property=\"og:site_name\" content=\"Constrastes\" \/>\n<meta property=\"article:publisher\" content=\"https:\/\/www.facebook.com\/guillo.pantoja.1\" \/>\n<meta property=\"article:published_time\" content=\"2022-02-03T16:30:13+00:00\" \/>\n<meta name=\"author\" content=\"Editor\" \/>\n<meta name=\"twitter:card\" content=\"summary_large_image\" \/>\n<meta name=\"twitter:label1\" content=\"Escrito por\" \/>\n\t<meta name=\"twitter:data1\" content=\"Editor\" \/>\n\t<meta name=\"twitter:label2\" content=\"Tiempo de lectura\" \/>\n\t<meta name=\"twitter:data2\" content=\"1 minuto\" \/>\n<script type=\"application\/ld+json\" class=\"yoast-schema-graph\">{\"@context\":\"https:\\\/\\\/schema.org\",\"@graph\":[{\"@type\":\"Article\",\"@id\":\"https:\\\/\\\/contrastes.com.co\\\/web\\\/2022\\\/02\\\/03\\\/el-padre-humberto-brum-parroco-del-templo-de-san-antonio-de-padua-fue-declarado-hijo-adoptivo-de-soledad\\\/#article\",\"isPartOf\":{\"@id\":\"https:\\\/\\\/contrastes.com.co\\\/web\\\/2022\\\/02\\\/03\\\/el-padre-humberto-brum-parroco-del-templo-de-san-antonio-de-padua-fue-declarado-hijo-adoptivo-de-soledad\\\/\"},\"author\":{\"name\":\"Editor\",\"@id\":\"https:\\\/\\\/contrastes.com.co\\\/web\\\/#\\\/schema\\\/person\\\/62ef7a62dc4da6de450c71fc2e95ed02\"},\"headline\":\"El Padre Humberto Brum, p\u00e1rroco del templo de San Antonio de Padua fue declarado hijo adoptivo de Soledad\u00a0\",\"datePublished\":\"2022-02-03T16:30:13+00:00\",\"mainEntityOfPage\":{\"@id\":\"https:\\\/\\\/contrastes.com.co\\\/web\\\/2022\\\/02\\\/03\\\/el-padre-humberto-brum-parroco-del-templo-de-san-antonio-de-padua-fue-declarado-hijo-adoptivo-de-soledad\\\/\"},\"wordCount\":167,\"commentCount\":0,\"publisher\":{\"@id\":\"https:\\\/\\\/contrastes.com.co\\\/web\\\/#organization\"},\"image\":{\"@id\":\"https:\\\/\\\/contrastes.com.co\\\/web\\\/2022\\\/02\\\/03\\\/el-padre-humberto-brum-parroco-del-templo-de-san-antonio-de-padua-fue-declarado-hijo-adoptivo-de-soledad\\\/#primaryimage\"},\"thumbnailUrl\":\"\",\"keywords\":[\"alcalde de Soledad\",\"hijo adoptivo de Soledad\",\"municipio de soledad\",\"Padre Humberto Blum\",\"p\u00e1rroco\",\"reconocimiento\",\"Rodolfo Ucr\u00f3s Rosales\",\"Templo de San Antonio de Padua\"],\"articleSection\":[\"Locales\",\"Personajes\"],\"inLanguage\":\"es\",\"potentialAction\":[{\"@type\":\"CommentAction\",\"name\":\"Comment\",\"target\":[\"https:\\\/\\\/contrastes.com.co\\\/web\\\/2022\\\/02\\\/03\\\/el-padre-humberto-brum-parroco-del-templo-de-san-antonio-de-padua-fue-declarado-hijo-adoptivo-de-soledad\\\/#respond\"]}]},{\"@type\":\"WebPage\",\"@id\":\"https:\\\/\\\/contrastes.com.co\\\/web\\\/2022\\\/02\\\/03\\\/el-padre-humberto-brum-parroco-del-templo-de-san-antonio-de-padua-fue-declarado-hijo-adoptivo-de-soledad\\\/\",\"url\":\"https:\\\/\\\/contrastes.com.co\\\/web\\\/2022\\\/02\\\/03\\\/el-padre-humberto-brum-parroco-del-templo-de-san-antonio-de-padua-fue-declarado-hijo-adoptivo-de-soledad\\\/\",\"name\":\"El Padre Humberto Brum, p\u00e1rroco del templo de San Antonio de Padua fue declarado hijo adoptivo de Soledad\u00a0 - Constrastes\",\"isPartOf\":{\"@id\":\"https:\\\/\\\/contrastes.com.co\\\/web\\\/#website\"},\"primaryImageOfPage\":{\"@id\":\"https:\\\/\\\/contrastes.com.co\\\/web\\\/2022\\\/02\\\/03\\\/el-padre-humberto-brum-parroco-del-templo-de-san-antonio-de-padua-fue-declarado-hijo-adoptivo-de-soledad\\\/#primaryimage\"},\"image\":{\"@id\":\"https:\\\/\\\/contrastes.com.co\\\/web\\\/2022\\\/02\\\/03\\\/el-padre-humberto-brum-parroco-del-templo-de-san-antonio-de-padua-fue-declarado-hijo-adoptivo-de-soledad\\\/#primaryimage\"},\"thumbnailUrl\":\"\",\"datePublished\":\"2022-02-03T16:30:13+00:00\",\"description\":\"En un sentido y muy emotivo acto desarrollado en el templo de San Antonio de Padua, patrono de la localidad, el alcalde de Soledad, Rodolfo Ucr\u00f3s Rosales, otorg\u00f3 un reconocimiento especial, nombr\u00e1ndo hijo adoptivo de Soledad al padre Humberto Brum, quien por los \u00faltimos siete a\u00f1os se desempe\u00f1\u00f3 como p\u00e1rroco de esa congregaci\u00f3n, la de mayor influencia en la municipalidad\",\"breadcrumb\":{\"@id\":\"https:\\\/\\\/contrastes.com.co\\\/web\\\/2022\\\/02\\\/03\\\/el-padre-humberto-brum-parroco-del-templo-de-san-antonio-de-padua-fue-declarado-hijo-adoptivo-de-soledad\\\/#breadcrumb\"},\"inLanguage\":\"es\",\"potentialAction\":[{\"@type\":\"ReadAction\",\"target\":[\"https:\\\/\\\/contrastes.com.co\\\/web\\\/2022\\\/02\\\/03\\\/el-padre-humberto-brum-parroco-del-templo-de-san-antonio-de-padua-fue-declarado-hijo-adoptivo-de-soledad\\\/\"]}]},{\"@type\":\"ImageObject\",\"inLanguage\":\"es\",\"@id\":\"https:\\\/\\\/contrastes.com.co\\\/web\\\/2022\\\/02\\\/03\\\/el-padre-humberto-brum-parroco-del-templo-de-san-antonio-de-padua-fue-declarado-hijo-adoptivo-de-soledad\\\/#primaryimage\",\"url\":\"\",\"contentUrl\":\"\"},{\"@type\":\"BreadcrumbList\",\"@id\":\"https:\\\/\\\/contrastes.com.co\\\/web\\\/2022\\\/02\\\/03\\\/el-padre-humberto-brum-parroco-del-templo-de-san-antonio-de-padua-fue-declarado-hijo-adoptivo-de-soledad\\\/#breadcrumb\",\"itemListElement\":[{\"@type\":\"ListItem\",\"position\":1,\"name\":\"Portada\",\"item\":\"https:\\\/\\\/contrastes.com.co\\\/web\\\/\"},{\"@type\":\"ListItem\",\"position\":2,\"name\":\"El Padre Humberto Brum, p\u00e1rroco del templo de San Antonio de Padua fue declarado hijo adoptivo de Soledad\u00a0\"}]},{\"@type\":\"WebSite\",\"@id\":\"https:\\\/\\\/contrastes.com.co\\\/web\\\/#website\",\"url\":\"https:\\\/\\\/contrastes.com.co\\\/web\\\/\",\"name\":\"Contrastes\",\"description\":\"Periodismo de Conciencia\",\"publisher\":{\"@id\":\"https:\\\/\\\/contrastes.com.co\\\/web\\\/#organization\"},\"potentialAction\":[{\"@type\":\"SearchAction\",\"target\":{\"@type\":\"EntryPoint\",\"urlTemplate\":\"https:\\\/\\\/contrastes.com.co\\\/web\\\/?s={search_term_string}\"},\"query-input\":{\"@type\":\"PropertyValueSpecification\",\"valueRequired\":true,\"valueName\":\"search_term_string\"}}],\"inLanguage\":\"es\"},{\"@type\":\"Organization\",\"@id\":\"https:\\\/\\\/contrastes.com.co\\\/web\\\/#organization\",\"name\":\"Contrastes\",\"url\":\"https:\\\/\\\/contrastes.com.co\\\/web\\\/\",\"logo\":{\"@type\":\"ImageObject\",\"inLanguage\":\"es\",\"@id\":\"https:\\\/\\\/contrastes.com.co\\\/web\\\/#\\\/schema\\\/logo\\\/image\\\/\",\"url\":\"https:\\\/\\\/contrastes.com.co\\\/web\\\/wp-content\\\/uploads\\\/2025\\\/04\\\/15CONTRASTES3.png\",\"contentUrl\":\"https:\\\/\\\/contrastes.com.co\\\/web\\\/wp-content\\\/uploads\\\/2025\\\/04\\\/15CONTRASTES3.png\",\"width\":1536,\"height\":231,\"caption\":\"Contrastes\"},\"image\":{\"@id\":\"https:\\\/\\\/contrastes.com.co\\\/web\\\/#\\\/schema\\\/logo\\\/image\\\/\"},\"sameAs\":[\"https:\\\/\\\/www.facebook.com\\\/guillo.pantoja.1\"]},{\"@type\":\"Person\",\"@id\":\"https:\\\/\\\/contrastes.com.co\\\/web\\\/#\\\/schema\\\/person\\\/62ef7a62dc4da6de450c71fc2e95ed02\",\"name\":\"Editor\",\"image\":{\"@type\":\"ImageObject\",\"inLanguage\":\"es\",\"@id\":\"https:\\\/\\\/secure.gravatar.com\\\/avatar\\\/7bbb4f718d74bbf600dc556253bb04fd7ac8593751d6e2e3b85432d98aefae80?s=96&d=mm&r=g\",\"url\":\"https:\\\/\\\/secure.gravatar.com\\\/avatar\\\/7bbb4f718d74bbf600dc556253bb04fd7ac8593751d6e2e3b85432d98aefae80?s=96&d=mm&r=g\",\"contentUrl\":\"https:\\\/\\\/secure.gravatar.com\\\/avatar\\\/7bbb4f718d74bbf600dc556253bb04fd7ac8593751d6e2e3b85432d98aefae80?s=96&d=mm&r=g\",\"caption\":\"Editor\"},\"sameAs\":[\"https:\\\/\\\/contrastes.com.co\\\/web\"],\"url\":\"https:\\\/\\\/contrastes.com.co\\\/web\\\/author\\\/jdbobadilla\\\/\"}]}<\/script>\n<!-- \/ Yoast SEO plugin. -->","yoast_head_json":{"title":"El Padre Humberto Brum, p\u00e1rroco del templo de San Antonio de Padua fue declarado hijo adoptivo de Soledad\u00a0 - Constrastes","description":"En un sentido y muy emotivo acto desarrollado en el templo de San Antonio de Padua, patrono de la localidad, el alcalde de Soledad, Rodolfo Ucr\u00f3s Rosales, otorg\u00f3 un reconocimiento especial, nombr\u00e1ndo hijo adoptivo de Soledad al padre Humberto Brum, quien por los \u00faltimos siete a\u00f1os se desempe\u00f1\u00f3 como p\u00e1rroco de esa congregaci\u00f3n, la de mayor influencia en la municipalidad","robots":{"index":"index","follow":"follow","max-snippet":"max-snippet:-1","max-image-preview":"max-image-preview:large","max-video-preview":"max-video-preview:-1"},"canonical":"https:\/\/contrastes.com.co\/web\/2022\/02\/03\/el-padre-humberto-brum-parroco-del-templo-de-san-antonio-de-padua-fue-declarado-hijo-adoptivo-de-soledad\/","og_locale":"es_ES","og_type":"article","og_title":"El Padre Humberto Brum, p\u00e1rroco del templo de San Antonio de Padua fue declarado hijo adoptivo de Soledad\u00a0 - Constrastes","og_description":"En un sentido y muy emotivo acto desarrollado en el templo de San Antonio de Padua, patrono de la localidad, el alcalde de Soledad, Rodolfo Ucr\u00f3s Rosales, otorg\u00f3 un reconocimiento especial, nombr\u00e1ndo hijo adoptivo de Soledad al padre Humberto Brum, quien por los \u00faltimos siete a\u00f1os se desempe\u00f1\u00f3 como p\u00e1rroco de esa congregaci\u00f3n, la de mayor influencia en la municipalidad","og_url":"https:\/\/contrastes.com.co\/web\/2022\/02\/03\/el-padre-humberto-brum-parroco-del-templo-de-san-antonio-de-padua-fue-declarado-hijo-adoptivo-de-soledad\/","og_site_name":"Constrastes","article_publisher":"https:\/\/www.facebook.com\/guillo.pantoja.1","article_published_time":"2022-02-03T16:30:13+00:00","author":"Editor","twitter_card":"summary_large_image","twitter_misc":{"Escrito por":"Editor","Tiempo de lectura":"1 minuto"},"schema":{"@context":"https:\/\/schema.org","@graph":[{"@type":"Article","@id":"https:\/\/contrastes.com.co\/web\/2022\/02\/03\/el-padre-humberto-brum-parroco-del-templo-de-san-antonio-de-padua-fue-declarado-hijo-adoptivo-de-soledad\/#article","isPartOf":{"@id":"https:\/\/contrastes.com.co\/web\/2022\/02\/03\/el-padre-humberto-brum-parroco-del-templo-de-san-antonio-de-padua-fue-declarado-hijo-adoptivo-de-soledad\/"},"author":{"name":"Editor","@id":"https:\/\/contrastes.com.co\/web\/#\/schema\/person\/62ef7a62dc4da6de450c71fc2e95ed02"},"headline":"El Padre Humberto Brum, p\u00e1rroco del templo de San Antonio de Padua fue declarado hijo adoptivo de Soledad\u00a0","datePublished":"2022-02-03T16:30:13+00:00","mainEntityOfPage":{"@id":"https:\/\/contrastes.com.co\/web\/2022\/02\/03\/el-padre-humberto-brum-parroco-del-templo-de-san-antonio-de-padua-fue-declarado-hijo-adoptivo-de-soledad\/"},"wordCount":167,"commentCount":0,"publisher":{"@id":"https:\/\/contrastes.com.co\/web\/#organization"},"image":{"@id":"https:\/\/contrastes.com.co\/web\/2022\/02\/03\/el-padre-humberto-brum-parroco-del-templo-de-san-antonio-de-padua-fue-declarado-hijo-adoptivo-de-soledad\/#primaryimage"},"thumbnailUrl":"","keywords":["alcalde de Soledad","hijo adoptivo de Soledad","municipio de soledad","Padre Humberto Blum","p\u00e1rroco","reconocimiento","Rodolfo Ucr\u00f3s Rosales","Templo de San Antonio de Padua"],"articleSection":["Locales","Personajes"],"inLanguage":"es","potentialAction":[{"@type":"CommentAction","name":"Comment","target":["https:\/\/contrastes.com.co\/web\/2022\/02\/03\/el-padre-humberto-brum-parroco-del-templo-de-san-antonio-de-padua-fue-declarado-hijo-adoptivo-de-soledad\/#respond"]}]},{"@type":"WebPage","@id":"https:\/\/contrastes.com.co\/web\/2022\/02\/03\/el-padre-humberto-brum-parroco-del-templo-de-san-antonio-de-padua-fue-declarado-hijo-adoptivo-de-soledad\/","url":"https:\/\/contrastes.com.co\/web\/2022\/02\/03\/el-padre-humberto-brum-parroco-del-templo-de-san-antonio-de-padua-fue-declarado-hijo-adoptivo-de-soledad\/","name":"El Padre Humberto Brum, p\u00e1rroco del templo de San Antonio de Padua fue declarado hijo adoptivo de Soledad\u00a0 - Constrastes","isPartOf":{"@id":"https:\/\/contrastes.com.co\/web\/#website"},"primaryImageOfPage":{"@id":"https:\/\/contrastes.com.co\/web\/2022\/02\/03\/el-padre-humberto-brum-parroco-del-templo-de-san-antonio-de-padua-fue-declarado-hijo-adoptivo-de-soledad\/#primaryimage"},"image":{"@id":"https:\/\/contrastes.com.co\/web\/2022\/02\/03\/el-padre-humberto-brum-parroco-del-templo-de-san-antonio-de-padua-fue-declarado-hijo-adoptivo-de-soledad\/#primaryimage"},"thumbnailUrl":"","datePublished":"2022-02-03T16:30:13+00:00","description":"En un sentido y muy emotivo acto desarrollado en el templo de San Antonio de Padua, patrono de la localidad, el alcalde de Soledad, Rodolfo Ucr\u00f3s Rosales, otorg\u00f3 un reconocimiento especial, nombr\u00e1ndo hijo adoptivo de Soledad al padre Humberto Brum, quien por los \u00faltimos siete a\u00f1os se desempe\u00f1\u00f3 como p\u00e1rroco de esa congregaci\u00f3n, la de mayor influencia en la municipalidad","breadcrumb":{"@id":"https:\/\/contrastes.com.co\/web\/2022\/02\/03\/el-padre-humberto-brum-parroco-del-templo-de-san-antonio-de-padua-fue-declarado-hijo-adoptivo-de-soledad\/#breadcrumb"},"inLanguage":"es","potentialAction":[{"@type":"ReadAction","target":["https:\/\/contrastes.com.co\/web\/2022\/02\/03\/el-padre-humberto-brum-parroco-del-templo-de-san-antonio-de-padua-fue-declarado-hijo-adoptivo-de-soledad\/"]}]},{"@type":"ImageObject","inLanguage":"es","@id":"https:\/\/contrastes.com.co\/web\/2022\/02\/03\/el-padre-humberto-brum-parroco-del-templo-de-san-antonio-de-padua-fue-declarado-hijo-adoptivo-de-soledad\/#primaryimage","url":"","contentUrl":""},{"@type":"BreadcrumbList","@id":"https:\/\/contrastes.com.co\/web\/2022\/02\/03\/el-padre-humberto-brum-parroco-del-templo-de-san-antonio-de-padua-fue-declarado-hijo-adoptivo-de-soledad\/#breadcrumb","itemListElement":[{"@type":"ListItem","position":1,"name":"Portada","item":"https:\/\/contrastes.com.co\/web\/"},{"@type":"ListItem","position":2,"name":"El Padre Humberto Brum, p\u00e1rroco del templo de San Antonio de Padua fue declarado hijo adoptivo de Soledad\u00a0"}]},{"@type":"WebSite","@id":"https:\/\/contrastes.com.co\/web\/#website","url":"https:\/\/contrastes.com.co\/web\/","name":"Contrastes","description":"Periodismo de Conciencia","publisher":{"@id":"https:\/\/contrastes.com.co\/web\/#organization"},"potentialAction":[{"@type":"SearchAction","target":{"@type":"EntryPoint","urlTemplate":"https:\/\/contrastes.com.co\/web\/?s={search_term_string}"},"query-input":{"@type":"PropertyValueSpecification","valueRequired":true,"valueName":"search_term_string"}}],"inLanguage":"es"},{"@type":"Organization","@id":"https:\/\/contrastes.com.co\/web\/#organization","name":"Contrastes","url":"https:\/\/contrastes.com.co\/web\/","logo":{"@type":"ImageObject","inLanguage":"es","@id":"https:\/\/contrastes.com.co\/web\/#\/schema\/logo\/image\/","url":"https:\/\/contrastes.com.co\/web\/wp-content\/uploads\/2025\/04\/15CONTRASTES3.png","contentUrl":"https:\/\/contrastes.com.co\/web\/wp-content\/uploads\/2025\/04\/15CONTRASTES3.png","width":1536,"height":231,"caption":"Contrastes"},"image":{"@id":"https:\/\/contrastes.com.co\/web\/#\/schema\/logo\/image\/"},"sameAs":["https:\/\/www.facebook.com\/guillo.pantoja.1"]},{"@type":"Person","@id":"https:\/\/contrastes.com.co\/web\/#\/schema\/person\/62ef7a62dc4da6de450c71fc2e95ed02","name":"Editor","image":{"@type":"ImageObject","inLanguage":"es","@id":"https:\/\/secure.gravatar.com\/avatar\/7bbb4f718d74bbf600dc556253bb04fd7ac8593751d6e2e3b85432d98aefae80?s=96&d=mm&r=g","url":"https:\/\/secure.gravatar.com\/avatar\/7bbb4f718d74bbf600dc556253bb04fd7ac8593751d6e2e3b85432d98aefae80?s=96&d=mm&r=g","contentUrl":"https:\/\/secure.gravatar.com\/avatar\/7bbb4f718d74bbf600dc556253bb04fd7ac8593751d6e2e3b85432d98aefae80?s=96&d=mm&r=g","caption":"Editor"},"sameAs":["https:\/\/contrastes.com.co\/web"],"url":"https:\/\/contrastes.com.co\/web\/author\/jdbobadilla\/"}]}},"blog_post_layout_featured_media_urls":{"thumbnail":"","full":""},"categories_names":{"23":{"name":"Locales","link":"https:\/\/contrastes.com.co\/web\/category\/locales\/"},"158":{"name":"Personajes","link":"https:\/\/contrastes.com.co\/web\/category\/personajes\/"}},"tags_names":{"173":{"name":"alcalde de Soledad","link":"https:\/\/contrastes.com.co\/web\/tag\/alcalde-de-soledad\/"},"4928":{"name":"hijo adoptivo de Soledad","link":"https:\/\/contrastes.com.co\/web\/tag\/hijo-adoptivo-de-soledad\/"},"51":{"name":"municipio de soledad","link":"https:\/\/contrastes.com.co\/web\/tag\/municipio-de-soledad\/"},"4929":{"name":"Padre Humberto Blum","link":"https:\/\/contrastes.com.co\/web\/tag\/padre-humberto-blum\/"},"4930":{"name":"p\u00e1rroco","link":"https:\/\/contrastes.com.co\/web\/tag\/parroco\/"},"1768":{"name":"reconocimiento","link":"https:\/\/contrastes.com.co\/web\/tag\/reconocimiento\/"},"1879":{"name":"Rodolfo Ucr\u00f3s Rosales","link":"https:\/\/contrastes.com.co\/web\/tag\/rodolfo-ucros-rosales\/"},"4931":{"name":"Templo de San Antonio de Padua","link":"https:\/\/contrastes.com.co\/web\/tag\/templo-de-san-antonio-de-padua\/"}},"comments_number":"0","wpmagazine_modules_lite_featured_media_urls":{"thumbnail":"","cvmm-medium":"","cvmm-medium-plus":"","cvmm-portrait":"","cvmm-medium-square":"","cvmm-large":"","cvmm-small":"","full":""},"_links":{"self":[{"href":"https:\/\/contrastes.com.co\/web\/wp-json\/wp\/v2\/posts\/8455","targetHints":{"allow":["GET"]}}],"collection":[{"href":"https:\/\/contrastes.com.co\/web\/wp-json\/wp\/v2\/posts"}],"about":[{"href":"https:\/\/contrastes.com.co\/web\/wp-json\/wp\/v2\/types\/post"}],"author":[{"embeddable":true,"href":"https:\/\/contrastes.com.co\/web\/wp-json\/wp\/v2\/users\/1"}],"replies":[{"embeddable":true,"href":"https:\/\/contrastes.com.co\/web\/wp-json\/wp\/v2\/comments?post=8455"}],"version-history":[{"count":0,"href":"https:\/\/contrastes.com.co\/web\/wp-json\/wp\/v2\/posts\/8455\/revisions"}],"wp:attachment":[{"href":"https:\/\/contrastes.com.co\/web\/wp-json\/wp\/v2\/media?parent=8455"}],"wp:term":[{"taxonomy":"category","embeddable":true,"href":"https:\/\/contrastes.com.co\/web\/wp-json\/wp\/v2\/categories?post=8455"},{"taxonomy":"post_tag","embeddable":true,"href":"https:\/\/contrastes.com.co\/web\/wp-json\/wp\/v2\/tags?post=8455"}],"curies":[{"name":"wp","href":"https:\/\/api.w.org\/{rel}","templated":true}]}}