{"id":8547,"date":"2022-03-22T10:07:40","date_gmt":"2022-03-22T15:07:40","guid":{"rendered":"https:\/\/contrastes.com.co\/digital\/?p=8547"},"modified":"2022-03-22T10:07:40","modified_gmt":"2022-03-22T15:07:40","slug":"por-carnaval-soledad-y-malambo-decretan-dias-civicos-el-lunes-28-y-el-martes-29-de-marzo","status":"publish","type":"post","link":"https:\/\/contrastes.com.co\/web\/2022\/03\/22\/por-carnaval-soledad-y-malambo-decretan-dias-civicos-el-lunes-28-y-el-martes-29-de-marzo\/","title":{"rendered":"Por Carnaval, Soledad y Malambo decretan d\u00edas c\u00edvicos el lunes 28 y el martes 29 de marzo"},"content":{"rendered":"<p><strong>*Por Carnaval decretan el lunes 28 y martes 29 de marzo d\u00edas c\u00edvicos tanto en Soledad como en Malambo<\/strong><\/p>\n<blockquote><p><strong>*En entrevista exclusiva con Madrigal Noticias, el secretario de Cultura de Soledad, Domingo Amar\u00eds indic\u00f3 que se tienen programadas dos actividades en la reci\u00e9n inaugurada Plaza Central de la localidad durante los d\u00edas viernes 25 y lunes 28 de marzo.<\/strong><\/p><\/blockquote>\n<p><img decoding=\"async\" class=\"alignleft wp-image-8524\" src=\"https:\/\/contrastes.com.co\/digital\/wp-content\/uploads\/2022\/03\/l-capitular.png\" alt=\"l capitular\" width=\"52\" height=\"52\" \/>as alcald\u00edas de Soledad y Malambo declararon d\u00edas c\u00edvicos tanto el lunes 28 como el martes 29 de marzo, fechas en las que se estar\u00e1 celebrando el carnaval en Barranquilla y a la cual se suman, de igual manera, estos dos municipios que forman parte del \u00e1rea metropolitana.<\/p>\n<p>Por lo anterior no se prestar\u00e1 atenci\u00f3n al p\u00fablico en ambas administraciones como tampoco se dictar\u00e1n clases en los colegios p\u00fablicos durante esas fechas.<\/p>\n<p>De igual manera, ambos actos administrativos piden a la comunidad \u201cdisfrutar estas reconocidas y tradicionales fiestas en paz y completo orden para convertirlas en el espacio \u00fanico de tiempo en el cual reine la integraci\u00f3n familiar, la tolerancia y la sana convivencia\u201d al tiempo que hacen un llamado a la ciudadan\u00eda en el sentido de acatar las normas de bioseguridad que han sido emanadas por el Ministerio de Salud.<\/p>\n<p>Cabe se\u00f1alar que para tomar esta decisi\u00f3n, los mandatarios municipales se basan en el art\u00edculo 70 de la Constituci\u00f3n Pol\u00edtica de Colombia que se\u00f1ala como un deber del Estado promover y fomentar el acceso a la cultura de toda la comunidad en igualdad de oportunidades; y en ese sentido reconocer que la cultura en sus diversas manifestaciones es fundamento de la nacionalidad; lo que indudablemente aplica para el Carnaval de Barranquilla, al ser esta la fiesta folcl\u00f3rica y cultural m\u00e1s importante de Colombia y contando para ello con las designaciones de Patrimonio Cultural de la Naci\u00f3n y Obra Maestra del Patrimonio Oral e Inmaterial de la Humanidad, t\u00edtulos otorgados por el Congreso de la rep\u00fablica y por la UNESCO respectivamente.<\/p>\n<p>En el caso de Soledad, el decreto especifica que el carnaval de la localidad es una manifestaci\u00f3n cultural de gran arraigo en la comunidad a la cual se le ha otorgado significado en el colectivo social creando tejido social y fortaleciendo m\u00faltiples expresiones de la cultura e identidad solede\u00f1a.<\/p>\n<p><iframe title=\"Por Carnaval, Soledad y Malambo decretan d\u00edas c\u00edvicos el lunes 28 y el martes 29 de marzo\" width=\"640\" height=\"360\" src=\"https:\/\/www.youtube.com\/embed\/JuTzT_joRUg?feature=oembed\" frameborder=\"0\" allow=\"accelerometer; autoplay; clipboard-write; encrypted-media; gyroscope; picture-in-picture; web-share\" referrerpolicy=\"strict-origin-when-cross-origin\" allowfullscreen><\/iframe><\/p>\n<p>En tal sentido, y en entrevista exclusiva con Madrigal Noticias, el secretario de Cultura de Soledad, Domingo Amar\u00eds indic\u00f3 que se tienen programadas dos actividades en la reci\u00e9n inaugurada Plaza Central de la localidad durante los d\u00edas viernes 25 y lunes 28 de marzo, de manera que este viernes 25 se escenificar\u00e1 el encuentro teatral Festicomedia, as\u00ed como una muestra de danzas folcl\u00f3ricas; mientras que para el lunes 28 de marzo se desarrollar\u00e1 un homenaje a los m\u00fasicos y artistas solede\u00f1os.<\/p>\n<p style=\"margin: 12px auto 6px auto; font-family: Helvetica,Arial,Sans-serif; font-style: normal; font-variant: normal; font-weight: normal; font-size: 14px; line-height: normal; font-size-adjust: none; font-stretch: normal; -x-system-font: none; display: block;\"><a style=\"text-decoration: underline;\" title=\"View Decreto d\u00edas c\u00edvicos en Soledad on Scribd\" href=\"https:\/\/www.scribd.com\/document\/566043020\/Decreto-dias-civicos-en-Soledad#from_embed\">Decreto d\u00edas c\u00edvicos en Soledad<\/a> by <a style=\"text-decoration: underline;\" title=\"View ContrastesRadio Guillopantoja's profile on Scribd\" href=\"https:\/\/es.scribd.com\/user\/494259418\/ContrastesRadio-Guillopantoja#from_embed\">ContrastesRadio Guillopantoja<\/a> on Scribd<\/p>\n<p><iframe id=\"doc_93580\" class=\"scribd_iframe_embed\" title=\"Decreto d\u00edas c\u00edvicos en Soledad\" src=\"https:\/\/es.scribd.com\/embeds\/566043020\/content?start_page=1&amp;view_mode=scroll&amp;access_key=key-X4UgJwxY75kzUNSE1QMj\" width=\"100%\" height=\"600\" frameborder=\"0\" scrolling=\"no\" data-auto-height=\"false\" data-aspect-ratio=\"0.7068965517241379\"><\/iframe><\/p>\n","protected":false},"excerpt":{"rendered":"<p>Las alcald\u00edas de Soledad y Malambo declararon d\u00edas c\u00edvicos tanto el lunes 28 como el martes 29 de marzo, fechas en las que se estar\u00e1 celebrando el carnaval en Barranquilla y a la cual se suman, de igual manera, estos dos municipios que forman parte del \u00e1rea metropolitana.\u00a0\u00a0<\/p>\n","protected":false},"author":1,"featured_media":8548,"comment_status":"open","ping_status":"open","sticky":false,"template":"","format":"standard","meta":{"footnotes":""},"categories":[1796,104,2169,23,24],"tags":[1120,28,5058,5059,4651,3905],"class_list":["post-8547","post","type-post","status-publish","format-standard","has-post-thumbnail","hentry","category-carnaval","category-cultura","category-eventos","category-locales","category-region","tag-alcaldia-de-malambo","tag-alcaldia-de-soledad","tag-carnaval-2022","tag-dias-civicos","tag-post-pandemia","tag-presencialidad"],"yoast_head":"<!-- This site is optimized with the Yoast SEO plugin v27.7 - https:\/\/yoast.com\/product\/yoast-seo-wordpress\/ -->\n<title>Por Carnaval, Soledad y Malambo decretan d\u00edas c\u00edvicos el lunes 28 y el martes 29 de marzo - Constrastes<\/title>\n<meta name=\"description\" content=\"Las alcald\u00edas de Soledad y Malambo declararon d\u00edas c\u00edvicos tanto el lunes 28 como el martes 29 de marzo, fechas en las que se estar\u00e1 celebrando el carnaval en Barranquilla y a la cual se suman, de igual manera, estos dos municipios que forman parte del \u00e1rea metropolitana.\u00a0\u00a0\" \/>\n<meta name=\"robots\" content=\"index, follow, max-snippet:-1, max-image-preview:large, max-video-preview:-1\" \/>\n<link rel=\"canonical\" href=\"https:\/\/contrastes.com.co\/web\/2022\/03\/22\/por-carnaval-soledad-y-malambo-decretan-dias-civicos-el-lunes-28-y-el-martes-29-de-marzo\/\" \/>\n<meta property=\"og:locale\" content=\"es_ES\" \/>\n<meta property=\"og:type\" content=\"article\" \/>\n<meta property=\"og:title\" content=\"Por Carnaval, Soledad y Malambo decretan d\u00edas c\u00edvicos el lunes 28 y el martes 29 de marzo - Constrastes\" \/>\n<meta property=\"og:description\" content=\"Las alcald\u00edas de Soledad y Malambo declararon d\u00edas c\u00edvicos tanto el lunes 28 como el martes 29 de marzo, fechas en las que se estar\u00e1 celebrando el carnaval en Barranquilla y a la cual se suman, de igual manera, estos dos municipios que forman parte del \u00e1rea metropolitana.\u00a0\u00a0\" \/>\n<meta property=\"og:url\" content=\"https:\/\/contrastes.com.co\/web\/2022\/03\/22\/por-carnaval-soledad-y-malambo-decretan-dias-civicos-el-lunes-28-y-el-martes-29-de-marzo\/\" \/>\n<meta property=\"og:site_name\" content=\"Constrastes\" \/>\n<meta property=\"article:publisher\" content=\"https:\/\/www.facebook.com\/guillo.pantoja.1\" \/>\n<meta property=\"article:published_time\" content=\"2022-03-22T15:07:40+00:00\" \/>\n<meta name=\"author\" content=\"Editor\" \/>\n<meta name=\"twitter:card\" content=\"summary_large_image\" \/>\n<meta name=\"twitter:label1\" content=\"Escrito por\" \/>\n\t<meta name=\"twitter:data1\" content=\"Editor\" \/>\n\t<meta name=\"twitter:label2\" content=\"Tiempo de lectura\" \/>\n\t<meta name=\"twitter:data2\" content=\"2 minutos\" \/>\n<script type=\"application\/ld+json\" class=\"yoast-schema-graph\">{\"@context\":\"https:\\\/\\\/schema.org\",\"@graph\":[{\"@type\":\"Article\",\"@id\":\"https:\\\/\\\/contrastes.com.co\\\/web\\\/2022\\\/03\\\/22\\\/por-carnaval-soledad-y-malambo-decretan-dias-civicos-el-lunes-28-y-el-martes-29-de-marzo\\\/#article\",\"isPartOf\":{\"@id\":\"https:\\\/\\\/contrastes.com.co\\\/web\\\/2022\\\/03\\\/22\\\/por-carnaval-soledad-y-malambo-decretan-dias-civicos-el-lunes-28-y-el-martes-29-de-marzo\\\/\"},\"author\":{\"name\":\"Editor\",\"@id\":\"https:\\\/\\\/contrastes.com.co\\\/web\\\/#\\\/schema\\\/person\\\/62ef7a62dc4da6de450c71fc2e95ed02\"},\"headline\":\"Por Carnaval, Soledad y Malambo decretan d\u00edas c\u00edvicos el lunes 28 y el martes 29 de marzo\",\"datePublished\":\"2022-03-22T15:07:40+00:00\",\"mainEntityOfPage\":{\"@id\":\"https:\\\/\\\/contrastes.com.co\\\/web\\\/2022\\\/03\\\/22\\\/por-carnaval-soledad-y-malambo-decretan-dias-civicos-el-lunes-28-y-el-martes-29-de-marzo\\\/\"},\"wordCount\":512,\"commentCount\":0,\"publisher\":{\"@id\":\"https:\\\/\\\/contrastes.com.co\\\/web\\\/#organization\"},\"image\":{\"@id\":\"https:\\\/\\\/contrastes.com.co\\\/web\\\/2022\\\/03\\\/22\\\/por-carnaval-soledad-y-malambo-decretan-dias-civicos-el-lunes-28-y-el-martes-29-de-marzo\\\/#primaryimage\"},\"thumbnailUrl\":\"\",\"keywords\":[\"alcaldia de malambo\",\"alcaldia de Soledad\",\"carnaval 2022\",\"d\u00edas c\u00edvicos\",\"post pandemia\",\"presencialidad\"],\"articleSection\":[\"Carnaval\",\"Cultura\",\"Eventos\",\"Locales\",\"Regi\u00f3n\"],\"inLanguage\":\"es\",\"potentialAction\":[{\"@type\":\"CommentAction\",\"name\":\"Comment\",\"target\":[\"https:\\\/\\\/contrastes.com.co\\\/web\\\/2022\\\/03\\\/22\\\/por-carnaval-soledad-y-malambo-decretan-dias-civicos-el-lunes-28-y-el-martes-29-de-marzo\\\/#respond\"]}]},{\"@type\":\"WebPage\",\"@id\":\"https:\\\/\\\/contrastes.com.co\\\/web\\\/2022\\\/03\\\/22\\\/por-carnaval-soledad-y-malambo-decretan-dias-civicos-el-lunes-28-y-el-martes-29-de-marzo\\\/\",\"url\":\"https:\\\/\\\/contrastes.com.co\\\/web\\\/2022\\\/03\\\/22\\\/por-carnaval-soledad-y-malambo-decretan-dias-civicos-el-lunes-28-y-el-martes-29-de-marzo\\\/\",\"name\":\"Por Carnaval, Soledad y Malambo decretan d\u00edas c\u00edvicos el lunes 28 y el martes 29 de marzo - Constrastes\",\"isPartOf\":{\"@id\":\"https:\\\/\\\/contrastes.com.co\\\/web\\\/#website\"},\"primaryImageOfPage\":{\"@id\":\"https:\\\/\\\/contrastes.com.co\\\/web\\\/2022\\\/03\\\/22\\\/por-carnaval-soledad-y-malambo-decretan-dias-civicos-el-lunes-28-y-el-martes-29-de-marzo\\\/#primaryimage\"},\"image\":{\"@id\":\"https:\\\/\\\/contrastes.com.co\\\/web\\\/2022\\\/03\\\/22\\\/por-carnaval-soledad-y-malambo-decretan-dias-civicos-el-lunes-28-y-el-martes-29-de-marzo\\\/#primaryimage\"},\"thumbnailUrl\":\"\",\"datePublished\":\"2022-03-22T15:07:40+00:00\",\"description\":\"Las alcald\u00edas de Soledad y Malambo declararon d\u00edas c\u00edvicos tanto el lunes 28 como el martes 29 de marzo, fechas en las que se estar\u00e1 celebrando el carnaval en Barranquilla y a la cual se suman, de igual manera, estos dos municipios que forman parte del \u00e1rea metropolitana.\u00a0\u00a0\",\"breadcrumb\":{\"@id\":\"https:\\\/\\\/contrastes.com.co\\\/web\\\/2022\\\/03\\\/22\\\/por-carnaval-soledad-y-malambo-decretan-dias-civicos-el-lunes-28-y-el-martes-29-de-marzo\\\/#breadcrumb\"},\"inLanguage\":\"es\",\"potentialAction\":[{\"@type\":\"ReadAction\",\"target\":[\"https:\\\/\\\/contrastes.com.co\\\/web\\\/2022\\\/03\\\/22\\\/por-carnaval-soledad-y-malambo-decretan-dias-civicos-el-lunes-28-y-el-martes-29-de-marzo\\\/\"]}]},{\"@type\":\"ImageObject\",\"inLanguage\":\"es\",\"@id\":\"https:\\\/\\\/contrastes.com.co\\\/web\\\/2022\\\/03\\\/22\\\/por-carnaval-soledad-y-malambo-decretan-dias-civicos-el-lunes-28-y-el-martes-29-de-marzo\\\/#primaryimage\",\"url\":\"\",\"contentUrl\":\"\"},{\"@type\":\"BreadcrumbList\",\"@id\":\"https:\\\/\\\/contrastes.com.co\\\/web\\\/2022\\\/03\\\/22\\\/por-carnaval-soledad-y-malambo-decretan-dias-civicos-el-lunes-28-y-el-martes-29-de-marzo\\\/#breadcrumb\",\"itemListElement\":[{\"@type\":\"ListItem\",\"position\":1,\"name\":\"Portada\",\"item\":\"https:\\\/\\\/contrastes.com.co\\\/web\\\/\"},{\"@type\":\"ListItem\",\"position\":2,\"name\":\"Por Carnaval, Soledad y Malambo decretan d\u00edas c\u00edvicos el lunes 28 y el martes 29 de marzo\"}]},{\"@type\":\"WebSite\",\"@id\":\"https:\\\/\\\/contrastes.com.co\\\/web\\\/#website\",\"url\":\"https:\\\/\\\/contrastes.com.co\\\/web\\\/\",\"name\":\"Contrastes\",\"description\":\"Periodismo de Conciencia\",\"publisher\":{\"@id\":\"https:\\\/\\\/contrastes.com.co\\\/web\\\/#organization\"},\"potentialAction\":[{\"@type\":\"SearchAction\",\"target\":{\"@type\":\"EntryPoint\",\"urlTemplate\":\"https:\\\/\\\/contrastes.com.co\\\/web\\\/?s={search_term_string}\"},\"query-input\":{\"@type\":\"PropertyValueSpecification\",\"valueRequired\":true,\"valueName\":\"search_term_string\"}}],\"inLanguage\":\"es\"},{\"@type\":\"Organization\",\"@id\":\"https:\\\/\\\/contrastes.com.co\\\/web\\\/#organization\",\"name\":\"Contrastes\",\"url\":\"https:\\\/\\\/contrastes.com.co\\\/web\\\/\",\"logo\":{\"@type\":\"ImageObject\",\"inLanguage\":\"es\",\"@id\":\"https:\\\/\\\/contrastes.com.co\\\/web\\\/#\\\/schema\\\/logo\\\/image\\\/\",\"url\":\"https:\\\/\\\/contrastes.com.co\\\/web\\\/wp-content\\\/uploads\\\/2025\\\/04\\\/15CONTRASTES3.png\",\"contentUrl\":\"https:\\\/\\\/contrastes.com.co\\\/web\\\/wp-content\\\/uploads\\\/2025\\\/04\\\/15CONTRASTES3.png\",\"width\":1536,\"height\":231,\"caption\":\"Contrastes\"},\"image\":{\"@id\":\"https:\\\/\\\/contrastes.com.co\\\/web\\\/#\\\/schema\\\/logo\\\/image\\\/\"},\"sameAs\":[\"https:\\\/\\\/www.facebook.com\\\/guillo.pantoja.1\"]},{\"@type\":\"Person\",\"@id\":\"https:\\\/\\\/contrastes.com.co\\\/web\\\/#\\\/schema\\\/person\\\/62ef7a62dc4da6de450c71fc2e95ed02\",\"name\":\"Editor\",\"image\":{\"@type\":\"ImageObject\",\"inLanguage\":\"es\",\"@id\":\"https:\\\/\\\/secure.gravatar.com\\\/avatar\\\/7bbb4f718d74bbf600dc556253bb04fd7ac8593751d6e2e3b85432d98aefae80?s=96&d=mm&r=g\",\"url\":\"https:\\\/\\\/secure.gravatar.com\\\/avatar\\\/7bbb4f718d74bbf600dc556253bb04fd7ac8593751d6e2e3b85432d98aefae80?s=96&d=mm&r=g\",\"contentUrl\":\"https:\\\/\\\/secure.gravatar.com\\\/avatar\\\/7bbb4f718d74bbf600dc556253bb04fd7ac8593751d6e2e3b85432d98aefae80?s=96&d=mm&r=g\",\"caption\":\"Editor\"},\"sameAs\":[\"https:\\\/\\\/contrastes.com.co\\\/web\"],\"url\":\"https:\\\/\\\/contrastes.com.co\\\/web\\\/author\\\/jdbobadilla\\\/\"}]}<\/script>\n<!-- \/ Yoast SEO plugin. -->","yoast_head_json":{"title":"Por Carnaval, Soledad y Malambo decretan d\u00edas c\u00edvicos el lunes 28 y el martes 29 de marzo - Constrastes","description":"Las alcald\u00edas de Soledad y Malambo declararon d\u00edas c\u00edvicos tanto el lunes 28 como el martes 29 de marzo, fechas en las que se estar\u00e1 celebrando el carnaval en Barranquilla y a la cual se suman, de igual manera, estos dos municipios que forman parte del \u00e1rea metropolitana.\u00a0\u00a0","robots":{"index":"index","follow":"follow","max-snippet":"max-snippet:-1","max-image-preview":"max-image-preview:large","max-video-preview":"max-video-preview:-1"},"canonical":"https:\/\/contrastes.com.co\/web\/2022\/03\/22\/por-carnaval-soledad-y-malambo-decretan-dias-civicos-el-lunes-28-y-el-martes-29-de-marzo\/","og_locale":"es_ES","og_type":"article","og_title":"Por Carnaval, Soledad y Malambo decretan d\u00edas c\u00edvicos el lunes 28 y el martes 29 de marzo - Constrastes","og_description":"Las alcald\u00edas de Soledad y Malambo declararon d\u00edas c\u00edvicos tanto el lunes 28 como el martes 29 de marzo, fechas en las que se estar\u00e1 celebrando el carnaval en Barranquilla y a la cual se suman, de igual manera, estos dos municipios que forman parte del \u00e1rea metropolitana.\u00a0\u00a0","og_url":"https:\/\/contrastes.com.co\/web\/2022\/03\/22\/por-carnaval-soledad-y-malambo-decretan-dias-civicos-el-lunes-28-y-el-martes-29-de-marzo\/","og_site_name":"Constrastes","article_publisher":"https:\/\/www.facebook.com\/guillo.pantoja.1","article_published_time":"2022-03-22T15:07:40+00:00","author":"Editor","twitter_card":"summary_large_image","twitter_misc":{"Escrito por":"Editor","Tiempo de lectura":"2 minutos"},"schema":{"@context":"https:\/\/schema.org","@graph":[{"@type":"Article","@id":"https:\/\/contrastes.com.co\/web\/2022\/03\/22\/por-carnaval-soledad-y-malambo-decretan-dias-civicos-el-lunes-28-y-el-martes-29-de-marzo\/#article","isPartOf":{"@id":"https:\/\/contrastes.com.co\/web\/2022\/03\/22\/por-carnaval-soledad-y-malambo-decretan-dias-civicos-el-lunes-28-y-el-martes-29-de-marzo\/"},"author":{"name":"Editor","@id":"https:\/\/contrastes.com.co\/web\/#\/schema\/person\/62ef7a62dc4da6de450c71fc2e95ed02"},"headline":"Por Carnaval, Soledad y Malambo decretan d\u00edas c\u00edvicos el lunes 28 y el martes 29 de marzo","datePublished":"2022-03-22T15:07:40+00:00","mainEntityOfPage":{"@id":"https:\/\/contrastes.com.co\/web\/2022\/03\/22\/por-carnaval-soledad-y-malambo-decretan-dias-civicos-el-lunes-28-y-el-martes-29-de-marzo\/"},"wordCount":512,"commentCount":0,"publisher":{"@id":"https:\/\/contrastes.com.co\/web\/#organization"},"image":{"@id":"https:\/\/contrastes.com.co\/web\/2022\/03\/22\/por-carnaval-soledad-y-malambo-decretan-dias-civicos-el-lunes-28-y-el-martes-29-de-marzo\/#primaryimage"},"thumbnailUrl":"","keywords":["alcaldia de malambo","alcaldia de Soledad","carnaval 2022","d\u00edas c\u00edvicos","post pandemia","presencialidad"],"articleSection":["Carnaval","Cultura","Eventos","Locales","Regi\u00f3n"],"inLanguage":"es","potentialAction":[{"@type":"CommentAction","name":"Comment","target":["https:\/\/contrastes.com.co\/web\/2022\/03\/22\/por-carnaval-soledad-y-malambo-decretan-dias-civicos-el-lunes-28-y-el-martes-29-de-marzo\/#respond"]}]},{"@type":"WebPage","@id":"https:\/\/contrastes.com.co\/web\/2022\/03\/22\/por-carnaval-soledad-y-malambo-decretan-dias-civicos-el-lunes-28-y-el-martes-29-de-marzo\/","url":"https:\/\/contrastes.com.co\/web\/2022\/03\/22\/por-carnaval-soledad-y-malambo-decretan-dias-civicos-el-lunes-28-y-el-martes-29-de-marzo\/","name":"Por Carnaval, Soledad y Malambo decretan d\u00edas c\u00edvicos el lunes 28 y el martes 29 de marzo - Constrastes","isPartOf":{"@id":"https:\/\/contrastes.com.co\/web\/#website"},"primaryImageOfPage":{"@id":"https:\/\/contrastes.com.co\/web\/2022\/03\/22\/por-carnaval-soledad-y-malambo-decretan-dias-civicos-el-lunes-28-y-el-martes-29-de-marzo\/#primaryimage"},"image":{"@id":"https:\/\/contrastes.com.co\/web\/2022\/03\/22\/por-carnaval-soledad-y-malambo-decretan-dias-civicos-el-lunes-28-y-el-martes-29-de-marzo\/#primaryimage"},"thumbnailUrl":"","datePublished":"2022-03-22T15:07:40+00:00","description":"Las alcald\u00edas de Soledad y Malambo declararon d\u00edas c\u00edvicos tanto el lunes 28 como el martes 29 de marzo, fechas en las que se estar\u00e1 celebrando el carnaval en Barranquilla y a la cual se suman, de igual manera, estos dos municipios que forman parte del \u00e1rea metropolitana.\u00a0\u00a0","breadcrumb":{"@id":"https:\/\/contrastes.com.co\/web\/2022\/03\/22\/por-carnaval-soledad-y-malambo-decretan-dias-civicos-el-lunes-28-y-el-martes-29-de-marzo\/#breadcrumb"},"inLanguage":"es","potentialAction":[{"@type":"ReadAction","target":["https:\/\/contrastes.com.co\/web\/2022\/03\/22\/por-carnaval-soledad-y-malambo-decretan-dias-civicos-el-lunes-28-y-el-martes-29-de-marzo\/"]}]},{"@type":"ImageObject","inLanguage":"es","@id":"https:\/\/contrastes.com.co\/web\/2022\/03\/22\/por-carnaval-soledad-y-malambo-decretan-dias-civicos-el-lunes-28-y-el-martes-29-de-marzo\/#primaryimage","url":"","contentUrl":""},{"@type":"BreadcrumbList","@id":"https:\/\/contrastes.com.co\/web\/2022\/03\/22\/por-carnaval-soledad-y-malambo-decretan-dias-civicos-el-lunes-28-y-el-martes-29-de-marzo\/#breadcrumb","itemListElement":[{"@type":"ListItem","position":1,"name":"Portada","item":"https:\/\/contrastes.com.co\/web\/"},{"@type":"ListItem","position":2,"name":"Por Carnaval, Soledad y Malambo decretan d\u00edas c\u00edvicos el lunes 28 y el martes 29 de marzo"}]},{"@type":"WebSite","@id":"https:\/\/contrastes.com.co\/web\/#website","url":"https:\/\/contrastes.com.co\/web\/","name":"Contrastes","description":"Periodismo de Conciencia","publisher":{"@id":"https:\/\/contrastes.com.co\/web\/#organization"},"potentialAction":[{"@type":"SearchAction","target":{"@type":"EntryPoint","urlTemplate":"https:\/\/contrastes.com.co\/web\/?s={search_term_string}"},"query-input":{"@type":"PropertyValueSpecification","valueRequired":true,"valueName":"search_term_string"}}],"inLanguage":"es"},{"@type":"Organization","@id":"https:\/\/contrastes.com.co\/web\/#organization","name":"Contrastes","url":"https:\/\/contrastes.com.co\/web\/","logo":{"@type":"ImageObject","inLanguage":"es","@id":"https:\/\/contrastes.com.co\/web\/#\/schema\/logo\/image\/","url":"https:\/\/contrastes.com.co\/web\/wp-content\/uploads\/2025\/04\/15CONTRASTES3.png","contentUrl":"https:\/\/contrastes.com.co\/web\/wp-content\/uploads\/2025\/04\/15CONTRASTES3.png","width":1536,"height":231,"caption":"Contrastes"},"image":{"@id":"https:\/\/contrastes.com.co\/web\/#\/schema\/logo\/image\/"},"sameAs":["https:\/\/www.facebook.com\/guillo.pantoja.1"]},{"@type":"Person","@id":"https:\/\/contrastes.com.co\/web\/#\/schema\/person\/62ef7a62dc4da6de450c71fc2e95ed02","name":"Editor","image":{"@type":"ImageObject","inLanguage":"es","@id":"https:\/\/secure.gravatar.com\/avatar\/7bbb4f718d74bbf600dc556253bb04fd7ac8593751d6e2e3b85432d98aefae80?s=96&d=mm&r=g","url":"https:\/\/secure.gravatar.com\/avatar\/7bbb4f718d74bbf600dc556253bb04fd7ac8593751d6e2e3b85432d98aefae80?s=96&d=mm&r=g","contentUrl":"https:\/\/secure.gravatar.com\/avatar\/7bbb4f718d74bbf600dc556253bb04fd7ac8593751d6e2e3b85432d98aefae80?s=96&d=mm&r=g","caption":"Editor"},"sameAs":["https:\/\/contrastes.com.co\/web"],"url":"https:\/\/contrastes.com.co\/web\/author\/jdbobadilla\/"}]}},"blog_post_layout_featured_media_urls":{"thumbnail":"","full":""},"categories_names":{"1796":{"name":"Carnaval","link":"https:\/\/contrastes.com.co\/web\/category\/carnaval\/"},"104":{"name":"Cultura","link":"https:\/\/contrastes.com.co\/web\/category\/cultura\/"},"2169":{"name":"Eventos","link":"https:\/\/contrastes.com.co\/web\/category\/eventos\/"},"23":{"name":"Locales","link":"https:\/\/contrastes.com.co\/web\/category\/locales\/"},"24":{"name":"Regi\u00f3n","link":"https:\/\/contrastes.com.co\/web\/category\/region\/"}},"tags_names":{"1120":{"name":"alcaldia de malambo","link":"https:\/\/contrastes.com.co\/web\/tag\/alcaldia-de-malambo\/"},"28":{"name":"alcaldia de Soledad","link":"https:\/\/contrastes.com.co\/web\/tag\/alcaldia-de-soledad\/"},"5058":{"name":"carnaval 2022","link":"https:\/\/contrastes.com.co\/web\/tag\/carnaval-2022\/"},"5059":{"name":"d\u00edas c\u00edvicos","link":"https:\/\/contrastes.com.co\/web\/tag\/dias-civicos\/"},"4651":{"name":"post pandemia","link":"https:\/\/contrastes.com.co\/web\/tag\/post-pandemia\/"},"3905":{"name":"presencialidad","link":"https:\/\/contrastes.com.co\/web\/tag\/presencialidad\/"}},"comments_number":"0","wpmagazine_modules_lite_featured_media_urls":{"thumbnail":"","cvmm-medium":"","cvmm-medium-plus":"","cvmm-portrait":"","cvmm-medium-square":"","cvmm-large":"","cvmm-small":"","full":""},"_links":{"self":[{"href":"https:\/\/contrastes.com.co\/web\/wp-json\/wp\/v2\/posts\/8547","targetHints":{"allow":["GET"]}}],"collection":[{"href":"https:\/\/contrastes.com.co\/web\/wp-json\/wp\/v2\/posts"}],"about":[{"href":"https:\/\/contrastes.com.co\/web\/wp-json\/wp\/v2\/types\/post"}],"author":[{"embeddable":true,"href":"https:\/\/contrastes.com.co\/web\/wp-json\/wp\/v2\/users\/1"}],"replies":[{"embeddable":true,"href":"https:\/\/contrastes.com.co\/web\/wp-json\/wp\/v2\/comments?post=8547"}],"version-history":[{"count":0,"href":"https:\/\/contrastes.com.co\/web\/wp-json\/wp\/v2\/posts\/8547\/revisions"}],"wp:attachment":[{"href":"https:\/\/contrastes.com.co\/web\/wp-json\/wp\/v2\/media?parent=8547"}],"wp:term":[{"taxonomy":"category","embeddable":true,"href":"https:\/\/contrastes.com.co\/web\/wp-json\/wp\/v2\/categories?post=8547"},{"taxonomy":"post_tag","embeddable":true,"href":"https:\/\/contrastes.com.co\/web\/wp-json\/wp\/v2\/tags?post=8547"}],"curies":[{"name":"wp","href":"https:\/\/api.w.org\/{rel}","templated":true}]}}