{"id":8563,"date":"2022-03-22T11:11:57","date_gmt":"2022-03-22T16:11:57","guid":{"rendered":"https:\/\/contrastes.com.co\/digital\/?p=8563"},"modified":"2022-03-22T11:11:57","modified_gmt":"2022-03-22T16:11:57","slug":"soledadvivelafiesta-segundo-especial-ex-reinas-del-carnaval-de-soledad","status":"publish","type":"post","link":"https:\/\/contrastes.com.co\/web\/2022\/03\/22\/soledadvivelafiesta-segundo-especial-ex-reinas-del-carnaval-de-soledad\/","title":{"rendered":"#SoledadVivelaFiesta Segundo especial: \u201cEx reinas del Carnaval de Soledad\u201d"},"content":{"rendered":"<blockquote><p><strong>Hoy, en la agenda cultural #SoledadVivelaFiesta el turno es para aquellos rostros que hacen grande nuestra cultura: \u00a1las reinas que viven en el coraz\u00f3n de los solede\u00f1os!<\/strong><\/p><\/blockquote>\n<p>Vive en el centro comercial Carnaval la proyecci\u00f3n del segundo especial \u201cEx reinas del Carnaval de Soledad\u201d. Sigue la transmisi\u00f3n en vivo a trav\u00e9s de la p\u00e1gina de Facebook de la Secretar\u00eda de Cultura de Soledad desde las 5:00 p.m.<\/p>\n","protected":false},"excerpt":{"rendered":"<p>Hoy, en la agenda cultural #SoledadVivelaFiesta el turno es para aquellos rostros que hacen grande nuestra cultura: \u00a1las reinas que viven en el coraz\u00f3n de los solede\u00f1os! Vive en el centro comercial Carnaval la proyecci\u00f3n del segundo especial \u201cEx reinas del Carnaval de Soledad\u201d. Sigue la transmisi\u00f3n en vivo a trav\u00e9s de la p\u00e1gina de Facebook de la Secretar\u00eda de Cultura de Soledad desde las 5:00 p.m<\/p>\n","protected":false},"author":1,"featured_media":8564,"comment_status":"open","ping_status":"open","sticky":false,"template":"","format":"standard","meta":{"footnotes":""},"categories":[1796,2169,23],"tags":[5064,4777,1725,51,5065,436],"class_list":["post-8563","post","type-post","status-publish","format-standard","has-post-thumbnail","hentry","category-carnaval","category-eventos","category-locales","tag-soledadvivelafiesta","tag-carnaval-de-soledad-2022","tag-centro-comercial-carnaval","tag-municipio-de-soledad","tag-reinas-del-carnaval","tag-secretaria-de-cultura-de-soledad"],"yoast_head":"<!-- This site is optimized with the Yoast SEO plugin v27.7 - https:\/\/yoast.com\/product\/yoast-seo-wordpress\/ -->\n<title>#SoledadVivelaFiesta Segundo especial: \u201cEx reinas del Carnaval de Soledad\u201d - Constrastes<\/title>\n<meta name=\"description\" content=\"Hoy, en la agenda cultural #SoledadVivelaFiesta el turno es para aquellos rostros que hacen grande nuestra cultura: \u00a1las reinas que viven en el coraz\u00f3n de los solede\u00f1os! Vive en el centro comercial Carnaval la proyecci\u00f3n del segundo especial \u201cEx reinas del Carnaval de Soledad\u201d. Sigue la transmisi\u00f3n en vivo a trav\u00e9s de la p\u00e1gina de Facebook de la Secretar\u00eda de Cultura de Soledad desde las 5:00 p.m\" \/>\n<meta name=\"robots\" content=\"index, follow, max-snippet:-1, max-image-preview:large, max-video-preview:-1\" \/>\n<link rel=\"canonical\" href=\"https:\/\/contrastes.com.co\/web\/2022\/03\/22\/soledadvivelafiesta-segundo-especial-ex-reinas-del-carnaval-de-soledad\/\" \/>\n<meta property=\"og:locale\" content=\"es_ES\" \/>\n<meta property=\"og:type\" content=\"article\" \/>\n<meta property=\"og:title\" content=\"#SoledadVivelaFiesta Segundo especial: \u201cEx reinas del Carnaval de Soledad\u201d - Constrastes\" \/>\n<meta property=\"og:description\" content=\"Hoy, en la agenda cultural #SoledadVivelaFiesta el turno es para aquellos rostros que hacen grande nuestra cultura: \u00a1las reinas que viven en el coraz\u00f3n de los solede\u00f1os! Vive en el centro comercial Carnaval la proyecci\u00f3n del segundo especial \u201cEx reinas del Carnaval de Soledad\u201d. Sigue la transmisi\u00f3n en vivo a trav\u00e9s de la p\u00e1gina de Facebook de la Secretar\u00eda de Cultura de Soledad desde las 5:00 p.m\" \/>\n<meta property=\"og:url\" content=\"https:\/\/contrastes.com.co\/web\/2022\/03\/22\/soledadvivelafiesta-segundo-especial-ex-reinas-del-carnaval-de-soledad\/\" \/>\n<meta property=\"og:site_name\" content=\"Constrastes\" \/>\n<meta property=\"article:publisher\" content=\"https:\/\/www.facebook.com\/guillo.pantoja.1\" \/>\n<meta property=\"article:published_time\" content=\"2022-03-22T16:11:57+00:00\" \/>\n<meta name=\"author\" content=\"Editor\" \/>\n<meta name=\"twitter:card\" content=\"summary_large_image\" \/>\n<meta name=\"twitter:label1\" content=\"Escrito por\" \/>\n\t<meta name=\"twitter:data1\" content=\"Editor\" \/>\n<script type=\"application\/ld+json\" class=\"yoast-schema-graph\">{\"@context\":\"https:\\\/\\\/schema.org\",\"@graph\":[{\"@type\":\"Article\",\"@id\":\"https:\\\/\\\/contrastes.com.co\\\/web\\\/2022\\\/03\\\/22\\\/soledadvivelafiesta-segundo-especial-ex-reinas-del-carnaval-de-soledad\\\/#article\",\"isPartOf\":{\"@id\":\"https:\\\/\\\/contrastes.com.co\\\/web\\\/2022\\\/03\\\/22\\\/soledadvivelafiesta-segundo-especial-ex-reinas-del-carnaval-de-soledad\\\/\"},\"author\":{\"name\":\"Editor\",\"@id\":\"https:\\\/\\\/contrastes.com.co\\\/web\\\/#\\\/schema\\\/person\\\/62ef7a62dc4da6de450c71fc2e95ed02\"},\"headline\":\"#SoledadVivelaFiesta Segundo especial: \u201cEx reinas del Carnaval de Soledad\u201d\",\"datePublished\":\"2022-03-22T16:11:57+00:00\",\"mainEntityOfPage\":{\"@id\":\"https:\\\/\\\/contrastes.com.co\\\/web\\\/2022\\\/03\\\/22\\\/soledadvivelafiesta-segundo-especial-ex-reinas-del-carnaval-de-soledad\\\/\"},\"wordCount\":83,\"commentCount\":0,\"publisher\":{\"@id\":\"https:\\\/\\\/contrastes.com.co\\\/web\\\/#organization\"},\"image\":{\"@id\":\"https:\\\/\\\/contrastes.com.co\\\/web\\\/2022\\\/03\\\/22\\\/soledadvivelafiesta-segundo-especial-ex-reinas-del-carnaval-de-soledad\\\/#primaryimage\"},\"thumbnailUrl\":\"\",\"keywords\":[\"#SoledadVivelaFiesta\",\"Carnaval de Soledad 2022\",\"Centro Comercial Carnaval\",\"municipio de soledad\",\"Reinas del Carnaval\",\"secretar\u00eda de Cultura de Soledad\"],\"articleSection\":[\"Carnaval\",\"Eventos\",\"Locales\"],\"inLanguage\":\"es\",\"potentialAction\":[{\"@type\":\"CommentAction\",\"name\":\"Comment\",\"target\":[\"https:\\\/\\\/contrastes.com.co\\\/web\\\/2022\\\/03\\\/22\\\/soledadvivelafiesta-segundo-especial-ex-reinas-del-carnaval-de-soledad\\\/#respond\"]}]},{\"@type\":\"WebPage\",\"@id\":\"https:\\\/\\\/contrastes.com.co\\\/web\\\/2022\\\/03\\\/22\\\/soledadvivelafiesta-segundo-especial-ex-reinas-del-carnaval-de-soledad\\\/\",\"url\":\"https:\\\/\\\/contrastes.com.co\\\/web\\\/2022\\\/03\\\/22\\\/soledadvivelafiesta-segundo-especial-ex-reinas-del-carnaval-de-soledad\\\/\",\"name\":\"#SoledadVivelaFiesta Segundo especial: \u201cEx reinas del Carnaval de Soledad\u201d - Constrastes\",\"isPartOf\":{\"@id\":\"https:\\\/\\\/contrastes.com.co\\\/web\\\/#website\"},\"primaryImageOfPage\":{\"@id\":\"https:\\\/\\\/contrastes.com.co\\\/web\\\/2022\\\/03\\\/22\\\/soledadvivelafiesta-segundo-especial-ex-reinas-del-carnaval-de-soledad\\\/#primaryimage\"},\"image\":{\"@id\":\"https:\\\/\\\/contrastes.com.co\\\/web\\\/2022\\\/03\\\/22\\\/soledadvivelafiesta-segundo-especial-ex-reinas-del-carnaval-de-soledad\\\/#primaryimage\"},\"thumbnailUrl\":\"\",\"datePublished\":\"2022-03-22T16:11:57+00:00\",\"description\":\"Hoy, en la agenda cultural #SoledadVivelaFiesta el turno es para aquellos rostros que hacen grande nuestra cultura: \u00a1las reinas que viven en el coraz\u00f3n de los solede\u00f1os! Vive en el centro comercial Carnaval la proyecci\u00f3n del segundo especial \u201cEx reinas del Carnaval de Soledad\u201d. Sigue la transmisi\u00f3n en vivo a trav\u00e9s de la p\u00e1gina de Facebook de la Secretar\u00eda de Cultura de Soledad desde las 5:00 p.m\",\"breadcrumb\":{\"@id\":\"https:\\\/\\\/contrastes.com.co\\\/web\\\/2022\\\/03\\\/22\\\/soledadvivelafiesta-segundo-especial-ex-reinas-del-carnaval-de-soledad\\\/#breadcrumb\"},\"inLanguage\":\"es\",\"potentialAction\":[{\"@type\":\"ReadAction\",\"target\":[\"https:\\\/\\\/contrastes.com.co\\\/web\\\/2022\\\/03\\\/22\\\/soledadvivelafiesta-segundo-especial-ex-reinas-del-carnaval-de-soledad\\\/\"]}]},{\"@type\":\"ImageObject\",\"inLanguage\":\"es\",\"@id\":\"https:\\\/\\\/contrastes.com.co\\\/web\\\/2022\\\/03\\\/22\\\/soledadvivelafiesta-segundo-especial-ex-reinas-del-carnaval-de-soledad\\\/#primaryimage\",\"url\":\"\",\"contentUrl\":\"\"},{\"@type\":\"BreadcrumbList\",\"@id\":\"https:\\\/\\\/contrastes.com.co\\\/web\\\/2022\\\/03\\\/22\\\/soledadvivelafiesta-segundo-especial-ex-reinas-del-carnaval-de-soledad\\\/#breadcrumb\",\"itemListElement\":[{\"@type\":\"ListItem\",\"position\":1,\"name\":\"Portada\",\"item\":\"https:\\\/\\\/contrastes.com.co\\\/web\\\/\"},{\"@type\":\"ListItem\",\"position\":2,\"name\":\"#SoledadVivelaFiesta Segundo especial: \u201cEx reinas del Carnaval de Soledad\u201d\"}]},{\"@type\":\"WebSite\",\"@id\":\"https:\\\/\\\/contrastes.com.co\\\/web\\\/#website\",\"url\":\"https:\\\/\\\/contrastes.com.co\\\/web\\\/\",\"name\":\"Contrastes\",\"description\":\"Periodismo de Conciencia\",\"publisher\":{\"@id\":\"https:\\\/\\\/contrastes.com.co\\\/web\\\/#organization\"},\"potentialAction\":[{\"@type\":\"SearchAction\",\"target\":{\"@type\":\"EntryPoint\",\"urlTemplate\":\"https:\\\/\\\/contrastes.com.co\\\/web\\\/?s={search_term_string}\"},\"query-input\":{\"@type\":\"PropertyValueSpecification\",\"valueRequired\":true,\"valueName\":\"search_term_string\"}}],\"inLanguage\":\"es\"},{\"@type\":\"Organization\",\"@id\":\"https:\\\/\\\/contrastes.com.co\\\/web\\\/#organization\",\"name\":\"Contrastes\",\"url\":\"https:\\\/\\\/contrastes.com.co\\\/web\\\/\",\"logo\":{\"@type\":\"ImageObject\",\"inLanguage\":\"es\",\"@id\":\"https:\\\/\\\/contrastes.com.co\\\/web\\\/#\\\/schema\\\/logo\\\/image\\\/\",\"url\":\"https:\\\/\\\/contrastes.com.co\\\/web\\\/wp-content\\\/uploads\\\/2025\\\/04\\\/15CONTRASTES3.png\",\"contentUrl\":\"https:\\\/\\\/contrastes.com.co\\\/web\\\/wp-content\\\/uploads\\\/2025\\\/04\\\/15CONTRASTES3.png\",\"width\":1536,\"height\":231,\"caption\":\"Contrastes\"},\"image\":{\"@id\":\"https:\\\/\\\/contrastes.com.co\\\/web\\\/#\\\/schema\\\/logo\\\/image\\\/\"},\"sameAs\":[\"https:\\\/\\\/www.facebook.com\\\/guillo.pantoja.1\"]},{\"@type\":\"Person\",\"@id\":\"https:\\\/\\\/contrastes.com.co\\\/web\\\/#\\\/schema\\\/person\\\/62ef7a62dc4da6de450c71fc2e95ed02\",\"name\":\"Editor\",\"image\":{\"@type\":\"ImageObject\",\"inLanguage\":\"es\",\"@id\":\"https:\\\/\\\/secure.gravatar.com\\\/avatar\\\/7bbb4f718d74bbf600dc556253bb04fd7ac8593751d6e2e3b85432d98aefae80?s=96&d=mm&r=g\",\"url\":\"https:\\\/\\\/secure.gravatar.com\\\/avatar\\\/7bbb4f718d74bbf600dc556253bb04fd7ac8593751d6e2e3b85432d98aefae80?s=96&d=mm&r=g\",\"contentUrl\":\"https:\\\/\\\/secure.gravatar.com\\\/avatar\\\/7bbb4f718d74bbf600dc556253bb04fd7ac8593751d6e2e3b85432d98aefae80?s=96&d=mm&r=g\",\"caption\":\"Editor\"},\"sameAs\":[\"https:\\\/\\\/contrastes.com.co\\\/web\"],\"url\":\"https:\\\/\\\/contrastes.com.co\\\/web\\\/author\\\/jdbobadilla\\\/\"}]}<\/script>\n<!-- \/ Yoast SEO plugin. -->","yoast_head_json":{"title":"#SoledadVivelaFiesta Segundo especial: \u201cEx reinas del Carnaval de Soledad\u201d - Constrastes","description":"Hoy, en la agenda cultural #SoledadVivelaFiesta el turno es para aquellos rostros que hacen grande nuestra cultura: \u00a1las reinas que viven en el coraz\u00f3n de los solede\u00f1os! Vive en el centro comercial Carnaval la proyecci\u00f3n del segundo especial \u201cEx reinas del Carnaval de Soledad\u201d. Sigue la transmisi\u00f3n en vivo a trav\u00e9s de la p\u00e1gina de Facebook de la Secretar\u00eda de Cultura de Soledad desde las 5:00 p.m","robots":{"index":"index","follow":"follow","max-snippet":"max-snippet:-1","max-image-preview":"max-image-preview:large","max-video-preview":"max-video-preview:-1"},"canonical":"https:\/\/contrastes.com.co\/web\/2022\/03\/22\/soledadvivelafiesta-segundo-especial-ex-reinas-del-carnaval-de-soledad\/","og_locale":"es_ES","og_type":"article","og_title":"#SoledadVivelaFiesta Segundo especial: \u201cEx reinas del Carnaval de Soledad\u201d - Constrastes","og_description":"Hoy, en la agenda cultural #SoledadVivelaFiesta el turno es para aquellos rostros que hacen grande nuestra cultura: \u00a1las reinas que viven en el coraz\u00f3n de los solede\u00f1os! Vive en el centro comercial Carnaval la proyecci\u00f3n del segundo especial \u201cEx reinas del Carnaval de Soledad\u201d. Sigue la transmisi\u00f3n en vivo a trav\u00e9s de la p\u00e1gina de Facebook de la Secretar\u00eda de Cultura de Soledad desde las 5:00 p.m","og_url":"https:\/\/contrastes.com.co\/web\/2022\/03\/22\/soledadvivelafiesta-segundo-especial-ex-reinas-del-carnaval-de-soledad\/","og_site_name":"Constrastes","article_publisher":"https:\/\/www.facebook.com\/guillo.pantoja.1","article_published_time":"2022-03-22T16:11:57+00:00","author":"Editor","twitter_card":"summary_large_image","twitter_misc":{"Escrito por":"Editor"},"schema":{"@context":"https:\/\/schema.org","@graph":[{"@type":"Article","@id":"https:\/\/contrastes.com.co\/web\/2022\/03\/22\/soledadvivelafiesta-segundo-especial-ex-reinas-del-carnaval-de-soledad\/#article","isPartOf":{"@id":"https:\/\/contrastes.com.co\/web\/2022\/03\/22\/soledadvivelafiesta-segundo-especial-ex-reinas-del-carnaval-de-soledad\/"},"author":{"name":"Editor","@id":"https:\/\/contrastes.com.co\/web\/#\/schema\/person\/62ef7a62dc4da6de450c71fc2e95ed02"},"headline":"#SoledadVivelaFiesta Segundo especial: \u201cEx reinas del Carnaval de Soledad\u201d","datePublished":"2022-03-22T16:11:57+00:00","mainEntityOfPage":{"@id":"https:\/\/contrastes.com.co\/web\/2022\/03\/22\/soledadvivelafiesta-segundo-especial-ex-reinas-del-carnaval-de-soledad\/"},"wordCount":83,"commentCount":0,"publisher":{"@id":"https:\/\/contrastes.com.co\/web\/#organization"},"image":{"@id":"https:\/\/contrastes.com.co\/web\/2022\/03\/22\/soledadvivelafiesta-segundo-especial-ex-reinas-del-carnaval-de-soledad\/#primaryimage"},"thumbnailUrl":"","keywords":["#SoledadVivelaFiesta","Carnaval de Soledad 2022","Centro Comercial Carnaval","municipio de soledad","Reinas del Carnaval","secretar\u00eda de Cultura de Soledad"],"articleSection":["Carnaval","Eventos","Locales"],"inLanguage":"es","potentialAction":[{"@type":"CommentAction","name":"Comment","target":["https:\/\/contrastes.com.co\/web\/2022\/03\/22\/soledadvivelafiesta-segundo-especial-ex-reinas-del-carnaval-de-soledad\/#respond"]}]},{"@type":"WebPage","@id":"https:\/\/contrastes.com.co\/web\/2022\/03\/22\/soledadvivelafiesta-segundo-especial-ex-reinas-del-carnaval-de-soledad\/","url":"https:\/\/contrastes.com.co\/web\/2022\/03\/22\/soledadvivelafiesta-segundo-especial-ex-reinas-del-carnaval-de-soledad\/","name":"#SoledadVivelaFiesta Segundo especial: \u201cEx reinas del Carnaval de Soledad\u201d - Constrastes","isPartOf":{"@id":"https:\/\/contrastes.com.co\/web\/#website"},"primaryImageOfPage":{"@id":"https:\/\/contrastes.com.co\/web\/2022\/03\/22\/soledadvivelafiesta-segundo-especial-ex-reinas-del-carnaval-de-soledad\/#primaryimage"},"image":{"@id":"https:\/\/contrastes.com.co\/web\/2022\/03\/22\/soledadvivelafiesta-segundo-especial-ex-reinas-del-carnaval-de-soledad\/#primaryimage"},"thumbnailUrl":"","datePublished":"2022-03-22T16:11:57+00:00","description":"Hoy, en la agenda cultural #SoledadVivelaFiesta el turno es para aquellos rostros que hacen grande nuestra cultura: \u00a1las reinas que viven en el coraz\u00f3n de los solede\u00f1os! Vive en el centro comercial Carnaval la proyecci\u00f3n del segundo especial \u201cEx reinas del Carnaval de Soledad\u201d. Sigue la transmisi\u00f3n en vivo a trav\u00e9s de la p\u00e1gina de Facebook de la Secretar\u00eda de Cultura de Soledad desde las 5:00 p.m","breadcrumb":{"@id":"https:\/\/contrastes.com.co\/web\/2022\/03\/22\/soledadvivelafiesta-segundo-especial-ex-reinas-del-carnaval-de-soledad\/#breadcrumb"},"inLanguage":"es","potentialAction":[{"@type":"ReadAction","target":["https:\/\/contrastes.com.co\/web\/2022\/03\/22\/soledadvivelafiesta-segundo-especial-ex-reinas-del-carnaval-de-soledad\/"]}]},{"@type":"ImageObject","inLanguage":"es","@id":"https:\/\/contrastes.com.co\/web\/2022\/03\/22\/soledadvivelafiesta-segundo-especial-ex-reinas-del-carnaval-de-soledad\/#primaryimage","url":"","contentUrl":""},{"@type":"BreadcrumbList","@id":"https:\/\/contrastes.com.co\/web\/2022\/03\/22\/soledadvivelafiesta-segundo-especial-ex-reinas-del-carnaval-de-soledad\/#breadcrumb","itemListElement":[{"@type":"ListItem","position":1,"name":"Portada","item":"https:\/\/contrastes.com.co\/web\/"},{"@type":"ListItem","position":2,"name":"#SoledadVivelaFiesta Segundo especial: \u201cEx reinas del Carnaval de Soledad\u201d"}]},{"@type":"WebSite","@id":"https:\/\/contrastes.com.co\/web\/#website","url":"https:\/\/contrastes.com.co\/web\/","name":"Contrastes","description":"Periodismo de Conciencia","publisher":{"@id":"https:\/\/contrastes.com.co\/web\/#organization"},"potentialAction":[{"@type":"SearchAction","target":{"@type":"EntryPoint","urlTemplate":"https:\/\/contrastes.com.co\/web\/?s={search_term_string}"},"query-input":{"@type":"PropertyValueSpecification","valueRequired":true,"valueName":"search_term_string"}}],"inLanguage":"es"},{"@type":"Organization","@id":"https:\/\/contrastes.com.co\/web\/#organization","name":"Contrastes","url":"https:\/\/contrastes.com.co\/web\/","logo":{"@type":"ImageObject","inLanguage":"es","@id":"https:\/\/contrastes.com.co\/web\/#\/schema\/logo\/image\/","url":"https:\/\/contrastes.com.co\/web\/wp-content\/uploads\/2025\/04\/15CONTRASTES3.png","contentUrl":"https:\/\/contrastes.com.co\/web\/wp-content\/uploads\/2025\/04\/15CONTRASTES3.png","width":1536,"height":231,"caption":"Contrastes"},"image":{"@id":"https:\/\/contrastes.com.co\/web\/#\/schema\/logo\/image\/"},"sameAs":["https:\/\/www.facebook.com\/guillo.pantoja.1"]},{"@type":"Person","@id":"https:\/\/contrastes.com.co\/web\/#\/schema\/person\/62ef7a62dc4da6de450c71fc2e95ed02","name":"Editor","image":{"@type":"ImageObject","inLanguage":"es","@id":"https:\/\/secure.gravatar.com\/avatar\/7bbb4f718d74bbf600dc556253bb04fd7ac8593751d6e2e3b85432d98aefae80?s=96&d=mm&r=g","url":"https:\/\/secure.gravatar.com\/avatar\/7bbb4f718d74bbf600dc556253bb04fd7ac8593751d6e2e3b85432d98aefae80?s=96&d=mm&r=g","contentUrl":"https:\/\/secure.gravatar.com\/avatar\/7bbb4f718d74bbf600dc556253bb04fd7ac8593751d6e2e3b85432d98aefae80?s=96&d=mm&r=g","caption":"Editor"},"sameAs":["https:\/\/contrastes.com.co\/web"],"url":"https:\/\/contrastes.com.co\/web\/author\/jdbobadilla\/"}]}},"blog_post_layout_featured_media_urls":{"thumbnail":"","full":""},"categories_names":{"1796":{"name":"Carnaval","link":"https:\/\/contrastes.com.co\/web\/category\/carnaval\/"},"2169":{"name":"Eventos","link":"https:\/\/contrastes.com.co\/web\/category\/eventos\/"},"23":{"name":"Locales","link":"https:\/\/contrastes.com.co\/web\/category\/locales\/"}},"tags_names":{"5064":{"name":"#SoledadVivelaFiesta","link":"https:\/\/contrastes.com.co\/web\/tag\/soledadvivelafiesta\/"},"4777":{"name":"Carnaval de Soledad 2022","link":"https:\/\/contrastes.com.co\/web\/tag\/carnaval-de-soledad-2022\/"},"1725":{"name":"Centro Comercial Carnaval","link":"https:\/\/contrastes.com.co\/web\/tag\/centro-comercial-carnaval\/"},"51":{"name":"municipio de soledad","link":"https:\/\/contrastes.com.co\/web\/tag\/municipio-de-soledad\/"},"5065":{"name":"Reinas del Carnaval","link":"https:\/\/contrastes.com.co\/web\/tag\/reinas-del-carnaval\/"},"436":{"name":"secretar\u00eda de Cultura de Soledad","link":"https:\/\/contrastes.com.co\/web\/tag\/secretaria-de-cultura-de-soledad\/"}},"comments_number":"0","wpmagazine_modules_lite_featured_media_urls":{"thumbnail":"","cvmm-medium":"","cvmm-medium-plus":"","cvmm-portrait":"","cvmm-medium-square":"","cvmm-large":"","cvmm-small":"","full":""},"_links":{"self":[{"href":"https:\/\/contrastes.com.co\/web\/wp-json\/wp\/v2\/posts\/8563","targetHints":{"allow":["GET"]}}],"collection":[{"href":"https:\/\/contrastes.com.co\/web\/wp-json\/wp\/v2\/posts"}],"about":[{"href":"https:\/\/contrastes.com.co\/web\/wp-json\/wp\/v2\/types\/post"}],"author":[{"embeddable":true,"href":"https:\/\/contrastes.com.co\/web\/wp-json\/wp\/v2\/users\/1"}],"replies":[{"embeddable":true,"href":"https:\/\/contrastes.com.co\/web\/wp-json\/wp\/v2\/comments?post=8563"}],"version-history":[{"count":0,"href":"https:\/\/contrastes.com.co\/web\/wp-json\/wp\/v2\/posts\/8563\/revisions"}],"wp:attachment":[{"href":"https:\/\/contrastes.com.co\/web\/wp-json\/wp\/v2\/media?parent=8563"}],"wp:term":[{"taxonomy":"category","embeddable":true,"href":"https:\/\/contrastes.com.co\/web\/wp-json\/wp\/v2\/categories?post=8563"},{"taxonomy":"post_tag","embeddable":true,"href":"https:\/\/contrastes.com.co\/web\/wp-json\/wp\/v2\/tags?post=8563"}],"curies":[{"name":"wp","href":"https:\/\/api.w.org\/{rel}","templated":true}]}}