{"id":8649,"date":"2022-03-30T09:37:10","date_gmt":"2022-03-30T14:37:10","guid":{"rendered":"https:\/\/contrastes.com.co\/digital\/?p=8649"},"modified":"2022-03-30T09:37:10","modified_gmt":"2022-03-30T14:37:10","slug":"con-uniformes-de-policia-intentaron-asaltar-camion-de-valores-en-country-plaza-uno-fue-abatido","status":"publish","type":"post","link":"https:\/\/contrastes.com.co\/web\/2022\/03\/30\/con-uniformes-de-policia-intentaron-asaltar-camion-de-valores-en-country-plaza-uno-fue-abatido\/","title":{"rendered":"Con uniformes de Polic\u00eda intentaron asaltar cami\u00f3n de valores en Country Plaza: uno fue abatido"},"content":{"rendered":"<p><strong>*Delincuentes con uniformes de Polic\u00eda intentaron asaltar cami\u00f3n de valores en Country Plaza: uno fue abatido<\/strong><\/p>\n<blockquote><p><strong>Dentro del hecho, registrado en la madrugada de este mi\u00e9rcoles, cabe destacar que los antisociales se movilizaban en dos veh\u00edculos particulares y seg\u00fan las autoridades, ten\u00edan uniformes alusivos a la Polic\u00eda Nacional.<\/strong><\/p><\/blockquote>\n<p><img decoding=\"async\" class=\"alignleft  wp-image-8524\" src=\"https:\/\/contrastes.com.co\/digital\/wp-content\/uploads\/2022\/03\/l-capitular.png\" alt=\"l capitular\" width=\"81\" height=\"81\" \/>uego de intentar asaltar un cami\u00f3n de valores en el Centro Comercial Country Plaza, un presunto delincuente fue abatido por escoltas del se\u00f1alado veh\u00edculo perteneciente a la empresa Atlas. Dentro del hecho, registrado en la madrugada de este mi\u00e9rcoles, cabe destacar que los antisociales se movilizaban en dos veh\u00edculos particulares y seg\u00fan las autoridades, ten\u00edan uniformes alusivos a la Polic\u00eda Nacional.<\/p>\n<p>Conforme a lo se\u00f1alado en el reporte de la Polic\u00eda Metropolitana de Barranquilla, el presunto delincuente abatido y cinco hombres m\u00e1s intentaron asaltar el cami\u00f3n en el centro comercial Country Plaza donde la empresa Atlas estaba surtiendo el dinero del cajero Bancolombia que ubicado en ese sitio.<\/p>\n<p>Los presuntos delincuentes se enfrentaron a bala con los escoltas de Atlas y en ese intercambio de disparos, fue neutralizado uno de los antisociales.<\/p>\n","protected":false},"excerpt":{"rendered":"<p>Dentro del hecho, registrado en la madrugada de este mi\u00e9rcoles, cabe destacar que los antisociales se movilizaban en dos veh\u00edculos particulares y seg\u00fan las autoridades, ten\u00edan uniformes alusivos a la Polic\u00eda Nacional.<\/p>\n","protected":false},"author":1,"featured_media":8650,"comment_status":"open","ping_status":"open","sticky":false,"template":"","format":"standard","meta":{"footnotes":""},"categories":[172,24],"tags":[1488,311,5104,5105,5106],"class_list":["post-8649","post","type-post","status-publish","format-standard","has-post-thumbnail","hentry","category-judicial","category-region","tag-atraco","tag-barranquilla","tag-camion-de-valores","tag-centro-comercial-villa-country","tag-vestidos-de-policia"],"yoast_head":"<!-- This site is optimized with the Yoast SEO plugin v27.7 - https:\/\/yoast.com\/product\/yoast-seo-wordpress\/ -->\n<title>Con uniformes de Polic\u00eda intentaron asaltar cami\u00f3n de valores en Country Plaza: uno fue abatido - Constrastes<\/title>\n<meta name=\"description\" content=\"Dentro del hecho, registrado en la madrugada de este mi\u00e9rcoles, cabe destacar que los antisociales se movilizaban en dos veh\u00edculos particulares y seg\u00fan las autoridades, ten\u00edan uniformes alusivos a la Polic\u00eda Nacional.\" \/>\n<meta name=\"robots\" content=\"index, follow, max-snippet:-1, max-image-preview:large, max-video-preview:-1\" \/>\n<link rel=\"canonical\" href=\"https:\/\/contrastes.com.co\/web\/2022\/03\/30\/con-uniformes-de-policia-intentaron-asaltar-camion-de-valores-en-country-plaza-uno-fue-abatido\/\" \/>\n<meta property=\"og:locale\" content=\"es_ES\" \/>\n<meta property=\"og:type\" content=\"article\" \/>\n<meta property=\"og:title\" content=\"Con uniformes de Polic\u00eda intentaron asaltar cami\u00f3n de valores en Country Plaza: uno fue abatido - Constrastes\" \/>\n<meta property=\"og:description\" content=\"Dentro del hecho, registrado en la madrugada de este mi\u00e9rcoles, cabe destacar que los antisociales se movilizaban en dos veh\u00edculos particulares y seg\u00fan las autoridades, ten\u00edan uniformes alusivos a la Polic\u00eda Nacional.\" \/>\n<meta property=\"og:url\" content=\"https:\/\/contrastes.com.co\/web\/2022\/03\/30\/con-uniformes-de-policia-intentaron-asaltar-camion-de-valores-en-country-plaza-uno-fue-abatido\/\" \/>\n<meta property=\"og:site_name\" content=\"Constrastes\" \/>\n<meta property=\"article:publisher\" content=\"https:\/\/www.facebook.com\/guillo.pantoja.1\" \/>\n<meta property=\"article:published_time\" content=\"2022-03-30T14:37:10+00:00\" \/>\n<meta name=\"author\" content=\"Editor\" \/>\n<meta name=\"twitter:card\" content=\"summary_large_image\" \/>\n<meta name=\"twitter:label1\" content=\"Escrito por\" \/>\n\t<meta name=\"twitter:data1\" content=\"Editor\" \/>\n\t<meta name=\"twitter:label2\" content=\"Tiempo de lectura\" \/>\n\t<meta name=\"twitter:data2\" content=\"1 minuto\" \/>\n<script type=\"application\/ld+json\" class=\"yoast-schema-graph\">{\"@context\":\"https:\\\/\\\/schema.org\",\"@graph\":[{\"@type\":\"Article\",\"@id\":\"https:\\\/\\\/contrastes.com.co\\\/web\\\/2022\\\/03\\\/30\\\/con-uniformes-de-policia-intentaron-asaltar-camion-de-valores-en-country-plaza-uno-fue-abatido\\\/#article\",\"isPartOf\":{\"@id\":\"https:\\\/\\\/contrastes.com.co\\\/web\\\/2022\\\/03\\\/30\\\/con-uniformes-de-policia-intentaron-asaltar-camion-de-valores-en-country-plaza-uno-fue-abatido\\\/\"},\"author\":{\"name\":\"Editor\",\"@id\":\"https:\\\/\\\/contrastes.com.co\\\/web\\\/#\\\/schema\\\/person\\\/62ef7a62dc4da6de450c71fc2e95ed02\"},\"headline\":\"Con uniformes de Polic\u00eda intentaron asaltar cami\u00f3n de valores en Country Plaza: uno fue abatido\",\"datePublished\":\"2022-03-30T14:37:10+00:00\",\"mainEntityOfPage\":{\"@id\":\"https:\\\/\\\/contrastes.com.co\\\/web\\\/2022\\\/03\\\/30\\\/con-uniformes-de-policia-intentaron-asaltar-camion-de-valores-en-country-plaza-uno-fue-abatido\\\/\"},\"wordCount\":216,\"commentCount\":0,\"publisher\":{\"@id\":\"https:\\\/\\\/contrastes.com.co\\\/web\\\/#organization\"},\"image\":{\"@id\":\"https:\\\/\\\/contrastes.com.co\\\/web\\\/2022\\\/03\\\/30\\\/con-uniformes-de-policia-intentaron-asaltar-camion-de-valores-en-country-plaza-uno-fue-abatido\\\/#primaryimage\"},\"thumbnailUrl\":\"\",\"keywords\":[\"atraco\",\"Barranquilla\",\"cami\u00f3n de valores\",\"Centro Comercial Villa Country\",\"vestidos de polic\u00eda\"],\"articleSection\":[\"Judicial\",\"Regi\u00f3n\"],\"inLanguage\":\"es\",\"potentialAction\":[{\"@type\":\"CommentAction\",\"name\":\"Comment\",\"target\":[\"https:\\\/\\\/contrastes.com.co\\\/web\\\/2022\\\/03\\\/30\\\/con-uniformes-de-policia-intentaron-asaltar-camion-de-valores-en-country-plaza-uno-fue-abatido\\\/#respond\"]}]},{\"@type\":\"WebPage\",\"@id\":\"https:\\\/\\\/contrastes.com.co\\\/web\\\/2022\\\/03\\\/30\\\/con-uniformes-de-policia-intentaron-asaltar-camion-de-valores-en-country-plaza-uno-fue-abatido\\\/\",\"url\":\"https:\\\/\\\/contrastes.com.co\\\/web\\\/2022\\\/03\\\/30\\\/con-uniformes-de-policia-intentaron-asaltar-camion-de-valores-en-country-plaza-uno-fue-abatido\\\/\",\"name\":\"Con uniformes de Polic\u00eda intentaron asaltar cami\u00f3n de valores en Country Plaza: uno fue abatido - Constrastes\",\"isPartOf\":{\"@id\":\"https:\\\/\\\/contrastes.com.co\\\/web\\\/#website\"},\"primaryImageOfPage\":{\"@id\":\"https:\\\/\\\/contrastes.com.co\\\/web\\\/2022\\\/03\\\/30\\\/con-uniformes-de-policia-intentaron-asaltar-camion-de-valores-en-country-plaza-uno-fue-abatido\\\/#primaryimage\"},\"image\":{\"@id\":\"https:\\\/\\\/contrastes.com.co\\\/web\\\/2022\\\/03\\\/30\\\/con-uniformes-de-policia-intentaron-asaltar-camion-de-valores-en-country-plaza-uno-fue-abatido\\\/#primaryimage\"},\"thumbnailUrl\":\"\",\"datePublished\":\"2022-03-30T14:37:10+00:00\",\"description\":\"Dentro del hecho, registrado en la madrugada de este mi\u00e9rcoles, cabe destacar que los antisociales se movilizaban en dos veh\u00edculos particulares y seg\u00fan las autoridades, ten\u00edan uniformes alusivos a la Polic\u00eda Nacional.\",\"breadcrumb\":{\"@id\":\"https:\\\/\\\/contrastes.com.co\\\/web\\\/2022\\\/03\\\/30\\\/con-uniformes-de-policia-intentaron-asaltar-camion-de-valores-en-country-plaza-uno-fue-abatido\\\/#breadcrumb\"},\"inLanguage\":\"es\",\"potentialAction\":[{\"@type\":\"ReadAction\",\"target\":[\"https:\\\/\\\/contrastes.com.co\\\/web\\\/2022\\\/03\\\/30\\\/con-uniformes-de-policia-intentaron-asaltar-camion-de-valores-en-country-plaza-uno-fue-abatido\\\/\"]}]},{\"@type\":\"ImageObject\",\"inLanguage\":\"es\",\"@id\":\"https:\\\/\\\/contrastes.com.co\\\/web\\\/2022\\\/03\\\/30\\\/con-uniformes-de-policia-intentaron-asaltar-camion-de-valores-en-country-plaza-uno-fue-abatido\\\/#primaryimage\",\"url\":\"\",\"contentUrl\":\"\"},{\"@type\":\"BreadcrumbList\",\"@id\":\"https:\\\/\\\/contrastes.com.co\\\/web\\\/2022\\\/03\\\/30\\\/con-uniformes-de-policia-intentaron-asaltar-camion-de-valores-en-country-plaza-uno-fue-abatido\\\/#breadcrumb\",\"itemListElement\":[{\"@type\":\"ListItem\",\"position\":1,\"name\":\"Portada\",\"item\":\"https:\\\/\\\/contrastes.com.co\\\/web\\\/\"},{\"@type\":\"ListItem\",\"position\":2,\"name\":\"Con uniformes de Polic\u00eda intentaron asaltar cami\u00f3n de valores en Country Plaza: uno fue abatido\"}]},{\"@type\":\"WebSite\",\"@id\":\"https:\\\/\\\/contrastes.com.co\\\/web\\\/#website\",\"url\":\"https:\\\/\\\/contrastes.com.co\\\/web\\\/\",\"name\":\"Contrastes\",\"description\":\"Periodismo de Conciencia\",\"publisher\":{\"@id\":\"https:\\\/\\\/contrastes.com.co\\\/web\\\/#organization\"},\"potentialAction\":[{\"@type\":\"SearchAction\",\"target\":{\"@type\":\"EntryPoint\",\"urlTemplate\":\"https:\\\/\\\/contrastes.com.co\\\/web\\\/?s={search_term_string}\"},\"query-input\":{\"@type\":\"PropertyValueSpecification\",\"valueRequired\":true,\"valueName\":\"search_term_string\"}}],\"inLanguage\":\"es\"},{\"@type\":\"Organization\",\"@id\":\"https:\\\/\\\/contrastes.com.co\\\/web\\\/#organization\",\"name\":\"Contrastes\",\"url\":\"https:\\\/\\\/contrastes.com.co\\\/web\\\/\",\"logo\":{\"@type\":\"ImageObject\",\"inLanguage\":\"es\",\"@id\":\"https:\\\/\\\/contrastes.com.co\\\/web\\\/#\\\/schema\\\/logo\\\/image\\\/\",\"url\":\"https:\\\/\\\/contrastes.com.co\\\/web\\\/wp-content\\\/uploads\\\/2025\\\/04\\\/15CONTRASTES3.png\",\"contentUrl\":\"https:\\\/\\\/contrastes.com.co\\\/web\\\/wp-content\\\/uploads\\\/2025\\\/04\\\/15CONTRASTES3.png\",\"width\":1536,\"height\":231,\"caption\":\"Contrastes\"},\"image\":{\"@id\":\"https:\\\/\\\/contrastes.com.co\\\/web\\\/#\\\/schema\\\/logo\\\/image\\\/\"},\"sameAs\":[\"https:\\\/\\\/www.facebook.com\\\/guillo.pantoja.1\"]},{\"@type\":\"Person\",\"@id\":\"https:\\\/\\\/contrastes.com.co\\\/web\\\/#\\\/schema\\\/person\\\/62ef7a62dc4da6de450c71fc2e95ed02\",\"name\":\"Editor\",\"image\":{\"@type\":\"ImageObject\",\"inLanguage\":\"es\",\"@id\":\"https:\\\/\\\/secure.gravatar.com\\\/avatar\\\/7bbb4f718d74bbf600dc556253bb04fd7ac8593751d6e2e3b85432d98aefae80?s=96&d=mm&r=g\",\"url\":\"https:\\\/\\\/secure.gravatar.com\\\/avatar\\\/7bbb4f718d74bbf600dc556253bb04fd7ac8593751d6e2e3b85432d98aefae80?s=96&d=mm&r=g\",\"contentUrl\":\"https:\\\/\\\/secure.gravatar.com\\\/avatar\\\/7bbb4f718d74bbf600dc556253bb04fd7ac8593751d6e2e3b85432d98aefae80?s=96&d=mm&r=g\",\"caption\":\"Editor\"},\"sameAs\":[\"https:\\\/\\\/contrastes.com.co\\\/web\"],\"url\":\"https:\\\/\\\/contrastes.com.co\\\/web\\\/author\\\/jdbobadilla\\\/\"}]}<\/script>\n<!-- \/ Yoast SEO plugin. -->","yoast_head_json":{"title":"Con uniformes de Polic\u00eda intentaron asaltar cami\u00f3n de valores en Country Plaza: uno fue abatido - Constrastes","description":"Dentro del hecho, registrado en la madrugada de este mi\u00e9rcoles, cabe destacar que los antisociales se movilizaban en dos veh\u00edculos particulares y seg\u00fan las autoridades, ten\u00edan uniformes alusivos a la Polic\u00eda Nacional.","robots":{"index":"index","follow":"follow","max-snippet":"max-snippet:-1","max-image-preview":"max-image-preview:large","max-video-preview":"max-video-preview:-1"},"canonical":"https:\/\/contrastes.com.co\/web\/2022\/03\/30\/con-uniformes-de-policia-intentaron-asaltar-camion-de-valores-en-country-plaza-uno-fue-abatido\/","og_locale":"es_ES","og_type":"article","og_title":"Con uniformes de Polic\u00eda intentaron asaltar cami\u00f3n de valores en Country Plaza: uno fue abatido - Constrastes","og_description":"Dentro del hecho, registrado en la madrugada de este mi\u00e9rcoles, cabe destacar que los antisociales se movilizaban en dos veh\u00edculos particulares y seg\u00fan las autoridades, ten\u00edan uniformes alusivos a la Polic\u00eda Nacional.","og_url":"https:\/\/contrastes.com.co\/web\/2022\/03\/30\/con-uniformes-de-policia-intentaron-asaltar-camion-de-valores-en-country-plaza-uno-fue-abatido\/","og_site_name":"Constrastes","article_publisher":"https:\/\/www.facebook.com\/guillo.pantoja.1","article_published_time":"2022-03-30T14:37:10+00:00","author":"Editor","twitter_card":"summary_large_image","twitter_misc":{"Escrito por":"Editor","Tiempo de lectura":"1 minuto"},"schema":{"@context":"https:\/\/schema.org","@graph":[{"@type":"Article","@id":"https:\/\/contrastes.com.co\/web\/2022\/03\/30\/con-uniformes-de-policia-intentaron-asaltar-camion-de-valores-en-country-plaza-uno-fue-abatido\/#article","isPartOf":{"@id":"https:\/\/contrastes.com.co\/web\/2022\/03\/30\/con-uniformes-de-policia-intentaron-asaltar-camion-de-valores-en-country-plaza-uno-fue-abatido\/"},"author":{"name":"Editor","@id":"https:\/\/contrastes.com.co\/web\/#\/schema\/person\/62ef7a62dc4da6de450c71fc2e95ed02"},"headline":"Con uniformes de Polic\u00eda intentaron asaltar cami\u00f3n de valores en Country Plaza: uno fue abatido","datePublished":"2022-03-30T14:37:10+00:00","mainEntityOfPage":{"@id":"https:\/\/contrastes.com.co\/web\/2022\/03\/30\/con-uniformes-de-policia-intentaron-asaltar-camion-de-valores-en-country-plaza-uno-fue-abatido\/"},"wordCount":216,"commentCount":0,"publisher":{"@id":"https:\/\/contrastes.com.co\/web\/#organization"},"image":{"@id":"https:\/\/contrastes.com.co\/web\/2022\/03\/30\/con-uniformes-de-policia-intentaron-asaltar-camion-de-valores-en-country-plaza-uno-fue-abatido\/#primaryimage"},"thumbnailUrl":"","keywords":["atraco","Barranquilla","cami\u00f3n de valores","Centro Comercial Villa Country","vestidos de polic\u00eda"],"articleSection":["Judicial","Regi\u00f3n"],"inLanguage":"es","potentialAction":[{"@type":"CommentAction","name":"Comment","target":["https:\/\/contrastes.com.co\/web\/2022\/03\/30\/con-uniformes-de-policia-intentaron-asaltar-camion-de-valores-en-country-plaza-uno-fue-abatido\/#respond"]}]},{"@type":"WebPage","@id":"https:\/\/contrastes.com.co\/web\/2022\/03\/30\/con-uniformes-de-policia-intentaron-asaltar-camion-de-valores-en-country-plaza-uno-fue-abatido\/","url":"https:\/\/contrastes.com.co\/web\/2022\/03\/30\/con-uniformes-de-policia-intentaron-asaltar-camion-de-valores-en-country-plaza-uno-fue-abatido\/","name":"Con uniformes de Polic\u00eda intentaron asaltar cami\u00f3n de valores en Country Plaza: uno fue abatido - Constrastes","isPartOf":{"@id":"https:\/\/contrastes.com.co\/web\/#website"},"primaryImageOfPage":{"@id":"https:\/\/contrastes.com.co\/web\/2022\/03\/30\/con-uniformes-de-policia-intentaron-asaltar-camion-de-valores-en-country-plaza-uno-fue-abatido\/#primaryimage"},"image":{"@id":"https:\/\/contrastes.com.co\/web\/2022\/03\/30\/con-uniformes-de-policia-intentaron-asaltar-camion-de-valores-en-country-plaza-uno-fue-abatido\/#primaryimage"},"thumbnailUrl":"","datePublished":"2022-03-30T14:37:10+00:00","description":"Dentro del hecho, registrado en la madrugada de este mi\u00e9rcoles, cabe destacar que los antisociales se movilizaban en dos veh\u00edculos particulares y seg\u00fan las autoridades, ten\u00edan uniformes alusivos a la Polic\u00eda Nacional.","breadcrumb":{"@id":"https:\/\/contrastes.com.co\/web\/2022\/03\/30\/con-uniformes-de-policia-intentaron-asaltar-camion-de-valores-en-country-plaza-uno-fue-abatido\/#breadcrumb"},"inLanguage":"es","potentialAction":[{"@type":"ReadAction","target":["https:\/\/contrastes.com.co\/web\/2022\/03\/30\/con-uniformes-de-policia-intentaron-asaltar-camion-de-valores-en-country-plaza-uno-fue-abatido\/"]}]},{"@type":"ImageObject","inLanguage":"es","@id":"https:\/\/contrastes.com.co\/web\/2022\/03\/30\/con-uniformes-de-policia-intentaron-asaltar-camion-de-valores-en-country-plaza-uno-fue-abatido\/#primaryimage","url":"","contentUrl":""},{"@type":"BreadcrumbList","@id":"https:\/\/contrastes.com.co\/web\/2022\/03\/30\/con-uniformes-de-policia-intentaron-asaltar-camion-de-valores-en-country-plaza-uno-fue-abatido\/#breadcrumb","itemListElement":[{"@type":"ListItem","position":1,"name":"Portada","item":"https:\/\/contrastes.com.co\/web\/"},{"@type":"ListItem","position":2,"name":"Con uniformes de Polic\u00eda intentaron asaltar cami\u00f3n de valores en Country Plaza: uno fue abatido"}]},{"@type":"WebSite","@id":"https:\/\/contrastes.com.co\/web\/#website","url":"https:\/\/contrastes.com.co\/web\/","name":"Contrastes","description":"Periodismo de Conciencia","publisher":{"@id":"https:\/\/contrastes.com.co\/web\/#organization"},"potentialAction":[{"@type":"SearchAction","target":{"@type":"EntryPoint","urlTemplate":"https:\/\/contrastes.com.co\/web\/?s={search_term_string}"},"query-input":{"@type":"PropertyValueSpecification","valueRequired":true,"valueName":"search_term_string"}}],"inLanguage":"es"},{"@type":"Organization","@id":"https:\/\/contrastes.com.co\/web\/#organization","name":"Contrastes","url":"https:\/\/contrastes.com.co\/web\/","logo":{"@type":"ImageObject","inLanguage":"es","@id":"https:\/\/contrastes.com.co\/web\/#\/schema\/logo\/image\/","url":"https:\/\/contrastes.com.co\/web\/wp-content\/uploads\/2025\/04\/15CONTRASTES3.png","contentUrl":"https:\/\/contrastes.com.co\/web\/wp-content\/uploads\/2025\/04\/15CONTRASTES3.png","width":1536,"height":231,"caption":"Contrastes"},"image":{"@id":"https:\/\/contrastes.com.co\/web\/#\/schema\/logo\/image\/"},"sameAs":["https:\/\/www.facebook.com\/guillo.pantoja.1"]},{"@type":"Person","@id":"https:\/\/contrastes.com.co\/web\/#\/schema\/person\/62ef7a62dc4da6de450c71fc2e95ed02","name":"Editor","image":{"@type":"ImageObject","inLanguage":"es","@id":"https:\/\/secure.gravatar.com\/avatar\/7bbb4f718d74bbf600dc556253bb04fd7ac8593751d6e2e3b85432d98aefae80?s=96&d=mm&r=g","url":"https:\/\/secure.gravatar.com\/avatar\/7bbb4f718d74bbf600dc556253bb04fd7ac8593751d6e2e3b85432d98aefae80?s=96&d=mm&r=g","contentUrl":"https:\/\/secure.gravatar.com\/avatar\/7bbb4f718d74bbf600dc556253bb04fd7ac8593751d6e2e3b85432d98aefae80?s=96&d=mm&r=g","caption":"Editor"},"sameAs":["https:\/\/contrastes.com.co\/web"],"url":"https:\/\/contrastes.com.co\/web\/author\/jdbobadilla\/"}]}},"blog_post_layout_featured_media_urls":{"thumbnail":"","full":""},"categories_names":{"172":{"name":"Judicial","link":"https:\/\/contrastes.com.co\/web\/category\/judicial\/"},"24":{"name":"Regi\u00f3n","link":"https:\/\/contrastes.com.co\/web\/category\/region\/"}},"tags_names":{"1488":{"name":"atraco","link":"https:\/\/contrastes.com.co\/web\/tag\/atraco\/"},"311":{"name":"Barranquilla","link":"https:\/\/contrastes.com.co\/web\/tag\/barranquilla\/"},"5104":{"name":"cami\u00f3n de valores","link":"https:\/\/contrastes.com.co\/web\/tag\/camion-de-valores\/"},"5105":{"name":"Centro Comercial Villa Country","link":"https:\/\/contrastes.com.co\/web\/tag\/centro-comercial-villa-country\/"},"5106":{"name":"vestidos de polic\u00eda","link":"https:\/\/contrastes.com.co\/web\/tag\/vestidos-de-policia\/"}},"comments_number":"0","wpmagazine_modules_lite_featured_media_urls":{"thumbnail":"","cvmm-medium":"","cvmm-medium-plus":"","cvmm-portrait":"","cvmm-medium-square":"","cvmm-large":"","cvmm-small":"","full":""},"_links":{"self":[{"href":"https:\/\/contrastes.com.co\/web\/wp-json\/wp\/v2\/posts\/8649","targetHints":{"allow":["GET"]}}],"collection":[{"href":"https:\/\/contrastes.com.co\/web\/wp-json\/wp\/v2\/posts"}],"about":[{"href":"https:\/\/contrastes.com.co\/web\/wp-json\/wp\/v2\/types\/post"}],"author":[{"embeddable":true,"href":"https:\/\/contrastes.com.co\/web\/wp-json\/wp\/v2\/users\/1"}],"replies":[{"embeddable":true,"href":"https:\/\/contrastes.com.co\/web\/wp-json\/wp\/v2\/comments?post=8649"}],"version-history":[{"count":0,"href":"https:\/\/contrastes.com.co\/web\/wp-json\/wp\/v2\/posts\/8649\/revisions"}],"wp:attachment":[{"href":"https:\/\/contrastes.com.co\/web\/wp-json\/wp\/v2\/media?parent=8649"}],"wp:term":[{"taxonomy":"category","embeddable":true,"href":"https:\/\/contrastes.com.co\/web\/wp-json\/wp\/v2\/categories?post=8649"},{"taxonomy":"post_tag","embeddable":true,"href":"https:\/\/contrastes.com.co\/web\/wp-json\/wp\/v2\/tags?post=8649"}],"curies":[{"name":"wp","href":"https:\/\/api.w.org\/{rel}","templated":true}]}}