{"id":8774,"date":"2022-04-06T12:41:49","date_gmt":"2022-04-06T17:41:49","guid":{"rendered":"https:\/\/contrastes.com.co\/digital\/?p=8774"},"modified":"2022-04-06T12:41:49","modified_gmt":"2022-04-06T17:41:49","slug":"descuento-del-derecho-a-transito-en-barranquilla-se-extendio-hasta-el-31-de-mayo","status":"publish","type":"post","link":"https:\/\/contrastes.com.co\/web\/2022\/04\/06\/descuento-del-derecho-a-transito-en-barranquilla-se-extendio-hasta-el-31-de-mayo\/","title":{"rendered":"Descuento del derecho a tr\u00e1nsito en Barranquilla se extendi\u00f3 hasta el 31 de mayo"},"content":{"rendered":"<p><strong>*Descuento del derecho a tr\u00e1nsito en Barranquilla se extendi\u00f3 hasta el 31 de mayo<\/strong><\/p>\n<blockquote><p><strong>Los propietarios de veh\u00edculos matriculados en Barranquilla que aprovechen este beneficio tendr\u00e1n dos meses m\u00e1s para cancelar su Derecho de Tr\u00e1nsito 2022, por un valor de $195.300, con descuento ya incluido.<\/strong><\/p><\/blockquote>\n<p><img decoding=\"async\" class=\"alignleft  wp-image-8524\" src=\"https:\/\/contrastes.com.co\/digital\/wp-content\/uploads\/2022\/03\/l-capitular.png\" alt=\"l capitular\" width=\"53\" height=\"53\" \/>a <strong>Secretar\u00eda de Tr\u00e1nsito y Seguridad de Barranquilla<\/strong> anunci\u00f3 que se extiende el derecho a tr\u00e1nsito en Barranquilla hasta el pr\u00f3ximo 31 de mayo, por lo que los barranquilleros podr\u00e1n tener una rebaja de 10% hasta esa fecha.<\/p>\n<p>\u201cLos propietarios de veh\u00edculos matriculados en Barranquilla que aprovechen este beneficio tendr\u00e1n dos meses m\u00e1s para cancelar su Derecho de Tr\u00e1nsito 2022, por un valor de $195.300, con descuento ya incluido. El valor del Derecho de Tr\u00e1nsito sin el descuento es de $217.000\u201d, indicaron desde la Secretar\u00eda de Tr\u00e1nsito y Seguridad de Barranquilla.<\/p>\n<p>Para los veh\u00edculos el\u00e9ctricos o cero emisiones, h\u00edbridos el\u00e9ctricos, motocicletas, motociclos, mototriciclos y similares, la tasa de derecho de tr\u00e1nsito 2022 con descuento ya incluido, tiene un valor de $97.650. Sin rebaja es de $108.500.<\/p>\n<p><strong><em>\u00bfC\u00f3mo hacer los pagos?<\/em><\/strong><\/p>\n<p>El pago se puede realizar a trav\u00e9s de su p\u00e1gina web barranquilla.gov.co\/transito\/ en el \u00edtem pagos en l\u00ednea. All\u00ed el usuario selecciona luego la opci\u00f3n \u201cpago derechos de tr\u00e1nsito\u201d y despu\u00e9s los botones de \u201cliquidar, imprimir y\/o pagar\u201d.<\/p>\n<p>Tambi\u00e9n puede pagar en los bancos Davivienda ubicados en las sedes de la Secretar\u00eda de Tr\u00e1nsito y Seguridad Vial o en cualquier Davivienda del pa\u00eds, descargando el estado de la cuenta de la p\u00e1gina web de la secretar\u00eda.<\/p>\n","protected":false},"excerpt":{"rendered":"<p>La Secretar\u00eda de Tr\u00e1nsito y Seguridad de Barranquilla anunci\u00f3 que se extiende el derecho a tr\u00e1nsito en Barranquilla hasta el pr\u00f3ximo 31 de mayo, por lo que los barranquilleros podr\u00e1n tener una rebaja de 10% hasta esa fecha.<\/p>\n","protected":false},"author":1,"featured_media":8775,"comment_status":"open","ping_status":"open","sticky":false,"template":"","format":"standard","meta":{"footnotes":""},"categories":[4969,24,664],"tags":[311,5204,262,5205],"class_list":["post-8774","post","type-post","status-publish","format-standard","has-post-thumbnail","hentry","category-impuestos","category-region","category-transporte","tag-barranquilla","tag-derecho-a-transito","tag-descuento","tag-secretaria-de-transito-y-seguridad-de-barranquilla"],"yoast_head":"<!-- This site is optimized with the Yoast SEO plugin v27.7 - https:\/\/yoast.com\/product\/yoast-seo-wordpress\/ -->\n<title>Descuento del derecho a tr\u00e1nsito en Barranquilla se extendi\u00f3 hasta el 31 de mayo - Constrastes<\/title>\n<meta name=\"description\" content=\"La Secretar\u00eda de Tr\u00e1nsito y Seguridad de Barranquilla anunci\u00f3 que se extiende el derecho a tr\u00e1nsito en Barranquilla hasta el pr\u00f3ximo 31 de mayo, por lo que los barranquilleros podr\u00e1n tener una rebaja de 10% hasta esa fecha.\" \/>\n<meta name=\"robots\" content=\"index, follow, max-snippet:-1, max-image-preview:large, max-video-preview:-1\" \/>\n<link rel=\"canonical\" href=\"https:\/\/contrastes.com.co\/web\/2022\/04\/06\/descuento-del-derecho-a-transito-en-barranquilla-se-extendio-hasta-el-31-de-mayo\/\" \/>\n<meta property=\"og:locale\" content=\"es_ES\" \/>\n<meta property=\"og:type\" content=\"article\" \/>\n<meta property=\"og:title\" content=\"Descuento del derecho a tr\u00e1nsito en Barranquilla se extendi\u00f3 hasta el 31 de mayo - Constrastes\" \/>\n<meta property=\"og:description\" content=\"La Secretar\u00eda de Tr\u00e1nsito y Seguridad de Barranquilla anunci\u00f3 que se extiende el derecho a tr\u00e1nsito en Barranquilla hasta el pr\u00f3ximo 31 de mayo, por lo que los barranquilleros podr\u00e1n tener una rebaja de 10% hasta esa fecha.\" \/>\n<meta property=\"og:url\" content=\"https:\/\/contrastes.com.co\/web\/2022\/04\/06\/descuento-del-derecho-a-transito-en-barranquilla-se-extendio-hasta-el-31-de-mayo\/\" \/>\n<meta property=\"og:site_name\" content=\"Constrastes\" \/>\n<meta property=\"article:publisher\" content=\"https:\/\/www.facebook.com\/guillo.pantoja.1\" \/>\n<meta property=\"article:published_time\" content=\"2022-04-06T17:41:49+00:00\" \/>\n<meta name=\"author\" content=\"Editor\" \/>\n<meta name=\"twitter:card\" content=\"summary_large_image\" \/>\n<meta name=\"twitter:label1\" content=\"Escrito por\" \/>\n\t<meta name=\"twitter:data1\" content=\"Editor\" \/>\n\t<meta name=\"twitter:label2\" content=\"Tiempo de lectura\" \/>\n\t<meta name=\"twitter:data2\" content=\"1 minuto\" \/>\n<script type=\"application\/ld+json\" class=\"yoast-schema-graph\">{\"@context\":\"https:\\\/\\\/schema.org\",\"@graph\":[{\"@type\":\"Article\",\"@id\":\"https:\\\/\\\/contrastes.com.co\\\/web\\\/2022\\\/04\\\/06\\\/descuento-del-derecho-a-transito-en-barranquilla-se-extendio-hasta-el-31-de-mayo\\\/#article\",\"isPartOf\":{\"@id\":\"https:\\\/\\\/contrastes.com.co\\\/web\\\/2022\\\/04\\\/06\\\/descuento-del-derecho-a-transito-en-barranquilla-se-extendio-hasta-el-31-de-mayo\\\/\"},\"author\":{\"name\":\"Editor\",\"@id\":\"https:\\\/\\\/contrastes.com.co\\\/web\\\/#\\\/schema\\\/person\\\/62ef7a62dc4da6de450c71fc2e95ed02\"},\"headline\":\"Descuento del derecho a tr\u00e1nsito en Barranquilla se extendi\u00f3 hasta el 31 de mayo\",\"datePublished\":\"2022-04-06T17:41:49+00:00\",\"mainEntityOfPage\":{\"@id\":\"https:\\\/\\\/contrastes.com.co\\\/web\\\/2022\\\/04\\\/06\\\/descuento-del-derecho-a-transito-en-barranquilla-se-extendio-hasta-el-31-de-mayo\\\/\"},\"wordCount\":293,\"commentCount\":0,\"publisher\":{\"@id\":\"https:\\\/\\\/contrastes.com.co\\\/web\\\/#organization\"},\"image\":{\"@id\":\"https:\\\/\\\/contrastes.com.co\\\/web\\\/2022\\\/04\\\/06\\\/descuento-del-derecho-a-transito-en-barranquilla-se-extendio-hasta-el-31-de-mayo\\\/#primaryimage\"},\"thumbnailUrl\":\"\",\"keywords\":[\"Barranquilla\",\"derecho a tr\u00e1nsito\",\"descuento\",\"Secretar\u00eda de Tr\u00e1nsito y Seguridad de Barranquilla\"],\"articleSection\":[\"Impuestos\",\"Regi\u00f3n\",\"Transporte\"],\"inLanguage\":\"es\",\"potentialAction\":[{\"@type\":\"CommentAction\",\"name\":\"Comment\",\"target\":[\"https:\\\/\\\/contrastes.com.co\\\/web\\\/2022\\\/04\\\/06\\\/descuento-del-derecho-a-transito-en-barranquilla-se-extendio-hasta-el-31-de-mayo\\\/#respond\"]}]},{\"@type\":\"WebPage\",\"@id\":\"https:\\\/\\\/contrastes.com.co\\\/web\\\/2022\\\/04\\\/06\\\/descuento-del-derecho-a-transito-en-barranquilla-se-extendio-hasta-el-31-de-mayo\\\/\",\"url\":\"https:\\\/\\\/contrastes.com.co\\\/web\\\/2022\\\/04\\\/06\\\/descuento-del-derecho-a-transito-en-barranquilla-se-extendio-hasta-el-31-de-mayo\\\/\",\"name\":\"Descuento del derecho a tr\u00e1nsito en Barranquilla se extendi\u00f3 hasta el 31 de mayo - Constrastes\",\"isPartOf\":{\"@id\":\"https:\\\/\\\/contrastes.com.co\\\/web\\\/#website\"},\"primaryImageOfPage\":{\"@id\":\"https:\\\/\\\/contrastes.com.co\\\/web\\\/2022\\\/04\\\/06\\\/descuento-del-derecho-a-transito-en-barranquilla-se-extendio-hasta-el-31-de-mayo\\\/#primaryimage\"},\"image\":{\"@id\":\"https:\\\/\\\/contrastes.com.co\\\/web\\\/2022\\\/04\\\/06\\\/descuento-del-derecho-a-transito-en-barranquilla-se-extendio-hasta-el-31-de-mayo\\\/#primaryimage\"},\"thumbnailUrl\":\"\",\"datePublished\":\"2022-04-06T17:41:49+00:00\",\"description\":\"La Secretar\u00eda de Tr\u00e1nsito y Seguridad de Barranquilla anunci\u00f3 que se extiende el derecho a tr\u00e1nsito en Barranquilla hasta el pr\u00f3ximo 31 de mayo, por lo que los barranquilleros podr\u00e1n tener una rebaja de 10% hasta esa fecha.\",\"breadcrumb\":{\"@id\":\"https:\\\/\\\/contrastes.com.co\\\/web\\\/2022\\\/04\\\/06\\\/descuento-del-derecho-a-transito-en-barranquilla-se-extendio-hasta-el-31-de-mayo\\\/#breadcrumb\"},\"inLanguage\":\"es\",\"potentialAction\":[{\"@type\":\"ReadAction\",\"target\":[\"https:\\\/\\\/contrastes.com.co\\\/web\\\/2022\\\/04\\\/06\\\/descuento-del-derecho-a-transito-en-barranquilla-se-extendio-hasta-el-31-de-mayo\\\/\"]}]},{\"@type\":\"ImageObject\",\"inLanguage\":\"es\",\"@id\":\"https:\\\/\\\/contrastes.com.co\\\/web\\\/2022\\\/04\\\/06\\\/descuento-del-derecho-a-transito-en-barranquilla-se-extendio-hasta-el-31-de-mayo\\\/#primaryimage\",\"url\":\"\",\"contentUrl\":\"\"},{\"@type\":\"BreadcrumbList\",\"@id\":\"https:\\\/\\\/contrastes.com.co\\\/web\\\/2022\\\/04\\\/06\\\/descuento-del-derecho-a-transito-en-barranquilla-se-extendio-hasta-el-31-de-mayo\\\/#breadcrumb\",\"itemListElement\":[{\"@type\":\"ListItem\",\"position\":1,\"name\":\"Portada\",\"item\":\"https:\\\/\\\/contrastes.com.co\\\/web\\\/\"},{\"@type\":\"ListItem\",\"position\":2,\"name\":\"Descuento del derecho a tr\u00e1nsito en Barranquilla se extendi\u00f3 hasta el 31 de mayo\"}]},{\"@type\":\"WebSite\",\"@id\":\"https:\\\/\\\/contrastes.com.co\\\/web\\\/#website\",\"url\":\"https:\\\/\\\/contrastes.com.co\\\/web\\\/\",\"name\":\"Contrastes\",\"description\":\"Periodismo de Conciencia\",\"publisher\":{\"@id\":\"https:\\\/\\\/contrastes.com.co\\\/web\\\/#organization\"},\"potentialAction\":[{\"@type\":\"SearchAction\",\"target\":{\"@type\":\"EntryPoint\",\"urlTemplate\":\"https:\\\/\\\/contrastes.com.co\\\/web\\\/?s={search_term_string}\"},\"query-input\":{\"@type\":\"PropertyValueSpecification\",\"valueRequired\":true,\"valueName\":\"search_term_string\"}}],\"inLanguage\":\"es\"},{\"@type\":\"Organization\",\"@id\":\"https:\\\/\\\/contrastes.com.co\\\/web\\\/#organization\",\"name\":\"Contrastes\",\"url\":\"https:\\\/\\\/contrastes.com.co\\\/web\\\/\",\"logo\":{\"@type\":\"ImageObject\",\"inLanguage\":\"es\",\"@id\":\"https:\\\/\\\/contrastes.com.co\\\/web\\\/#\\\/schema\\\/logo\\\/image\\\/\",\"url\":\"https:\\\/\\\/contrastes.com.co\\\/web\\\/wp-content\\\/uploads\\\/2025\\\/04\\\/15CONTRASTES3.png\",\"contentUrl\":\"https:\\\/\\\/contrastes.com.co\\\/web\\\/wp-content\\\/uploads\\\/2025\\\/04\\\/15CONTRASTES3.png\",\"width\":1536,\"height\":231,\"caption\":\"Contrastes\"},\"image\":{\"@id\":\"https:\\\/\\\/contrastes.com.co\\\/web\\\/#\\\/schema\\\/logo\\\/image\\\/\"},\"sameAs\":[\"https:\\\/\\\/www.facebook.com\\\/guillo.pantoja.1\"]},{\"@type\":\"Person\",\"@id\":\"https:\\\/\\\/contrastes.com.co\\\/web\\\/#\\\/schema\\\/person\\\/62ef7a62dc4da6de450c71fc2e95ed02\",\"name\":\"Editor\",\"image\":{\"@type\":\"ImageObject\",\"inLanguage\":\"es\",\"@id\":\"https:\\\/\\\/secure.gravatar.com\\\/avatar\\\/7bbb4f718d74bbf600dc556253bb04fd7ac8593751d6e2e3b85432d98aefae80?s=96&d=mm&r=g\",\"url\":\"https:\\\/\\\/secure.gravatar.com\\\/avatar\\\/7bbb4f718d74bbf600dc556253bb04fd7ac8593751d6e2e3b85432d98aefae80?s=96&d=mm&r=g\",\"contentUrl\":\"https:\\\/\\\/secure.gravatar.com\\\/avatar\\\/7bbb4f718d74bbf600dc556253bb04fd7ac8593751d6e2e3b85432d98aefae80?s=96&d=mm&r=g\",\"caption\":\"Editor\"},\"sameAs\":[\"https:\\\/\\\/contrastes.com.co\\\/web\"],\"url\":\"https:\\\/\\\/contrastes.com.co\\\/web\\\/author\\\/jdbobadilla\\\/\"}]}<\/script>\n<!-- \/ Yoast SEO plugin. -->","yoast_head_json":{"title":"Descuento del derecho a tr\u00e1nsito en Barranquilla se extendi\u00f3 hasta el 31 de mayo - Constrastes","description":"La Secretar\u00eda de Tr\u00e1nsito y Seguridad de Barranquilla anunci\u00f3 que se extiende el derecho a tr\u00e1nsito en Barranquilla hasta el pr\u00f3ximo 31 de mayo, por lo que los barranquilleros podr\u00e1n tener una rebaja de 10% hasta esa fecha.","robots":{"index":"index","follow":"follow","max-snippet":"max-snippet:-1","max-image-preview":"max-image-preview:large","max-video-preview":"max-video-preview:-1"},"canonical":"https:\/\/contrastes.com.co\/web\/2022\/04\/06\/descuento-del-derecho-a-transito-en-barranquilla-se-extendio-hasta-el-31-de-mayo\/","og_locale":"es_ES","og_type":"article","og_title":"Descuento del derecho a tr\u00e1nsito en Barranquilla se extendi\u00f3 hasta el 31 de mayo - Constrastes","og_description":"La Secretar\u00eda de Tr\u00e1nsito y Seguridad de Barranquilla anunci\u00f3 que se extiende el derecho a tr\u00e1nsito en Barranquilla hasta el pr\u00f3ximo 31 de mayo, por lo que los barranquilleros podr\u00e1n tener una rebaja de 10% hasta esa fecha.","og_url":"https:\/\/contrastes.com.co\/web\/2022\/04\/06\/descuento-del-derecho-a-transito-en-barranquilla-se-extendio-hasta-el-31-de-mayo\/","og_site_name":"Constrastes","article_publisher":"https:\/\/www.facebook.com\/guillo.pantoja.1","article_published_time":"2022-04-06T17:41:49+00:00","author":"Editor","twitter_card":"summary_large_image","twitter_misc":{"Escrito por":"Editor","Tiempo de lectura":"1 minuto"},"schema":{"@context":"https:\/\/schema.org","@graph":[{"@type":"Article","@id":"https:\/\/contrastes.com.co\/web\/2022\/04\/06\/descuento-del-derecho-a-transito-en-barranquilla-se-extendio-hasta-el-31-de-mayo\/#article","isPartOf":{"@id":"https:\/\/contrastes.com.co\/web\/2022\/04\/06\/descuento-del-derecho-a-transito-en-barranquilla-se-extendio-hasta-el-31-de-mayo\/"},"author":{"name":"Editor","@id":"https:\/\/contrastes.com.co\/web\/#\/schema\/person\/62ef7a62dc4da6de450c71fc2e95ed02"},"headline":"Descuento del derecho a tr\u00e1nsito en Barranquilla se extendi\u00f3 hasta el 31 de mayo","datePublished":"2022-04-06T17:41:49+00:00","mainEntityOfPage":{"@id":"https:\/\/contrastes.com.co\/web\/2022\/04\/06\/descuento-del-derecho-a-transito-en-barranquilla-se-extendio-hasta-el-31-de-mayo\/"},"wordCount":293,"commentCount":0,"publisher":{"@id":"https:\/\/contrastes.com.co\/web\/#organization"},"image":{"@id":"https:\/\/contrastes.com.co\/web\/2022\/04\/06\/descuento-del-derecho-a-transito-en-barranquilla-se-extendio-hasta-el-31-de-mayo\/#primaryimage"},"thumbnailUrl":"","keywords":["Barranquilla","derecho a tr\u00e1nsito","descuento","Secretar\u00eda de Tr\u00e1nsito y Seguridad de Barranquilla"],"articleSection":["Impuestos","Regi\u00f3n","Transporte"],"inLanguage":"es","potentialAction":[{"@type":"CommentAction","name":"Comment","target":["https:\/\/contrastes.com.co\/web\/2022\/04\/06\/descuento-del-derecho-a-transito-en-barranquilla-se-extendio-hasta-el-31-de-mayo\/#respond"]}]},{"@type":"WebPage","@id":"https:\/\/contrastes.com.co\/web\/2022\/04\/06\/descuento-del-derecho-a-transito-en-barranquilla-se-extendio-hasta-el-31-de-mayo\/","url":"https:\/\/contrastes.com.co\/web\/2022\/04\/06\/descuento-del-derecho-a-transito-en-barranquilla-se-extendio-hasta-el-31-de-mayo\/","name":"Descuento del derecho a tr\u00e1nsito en Barranquilla se extendi\u00f3 hasta el 31 de mayo - Constrastes","isPartOf":{"@id":"https:\/\/contrastes.com.co\/web\/#website"},"primaryImageOfPage":{"@id":"https:\/\/contrastes.com.co\/web\/2022\/04\/06\/descuento-del-derecho-a-transito-en-barranquilla-se-extendio-hasta-el-31-de-mayo\/#primaryimage"},"image":{"@id":"https:\/\/contrastes.com.co\/web\/2022\/04\/06\/descuento-del-derecho-a-transito-en-barranquilla-se-extendio-hasta-el-31-de-mayo\/#primaryimage"},"thumbnailUrl":"","datePublished":"2022-04-06T17:41:49+00:00","description":"La Secretar\u00eda de Tr\u00e1nsito y Seguridad de Barranquilla anunci\u00f3 que se extiende el derecho a tr\u00e1nsito en Barranquilla hasta el pr\u00f3ximo 31 de mayo, por lo que los barranquilleros podr\u00e1n tener una rebaja de 10% hasta esa fecha.","breadcrumb":{"@id":"https:\/\/contrastes.com.co\/web\/2022\/04\/06\/descuento-del-derecho-a-transito-en-barranquilla-se-extendio-hasta-el-31-de-mayo\/#breadcrumb"},"inLanguage":"es","potentialAction":[{"@type":"ReadAction","target":["https:\/\/contrastes.com.co\/web\/2022\/04\/06\/descuento-del-derecho-a-transito-en-barranquilla-se-extendio-hasta-el-31-de-mayo\/"]}]},{"@type":"ImageObject","inLanguage":"es","@id":"https:\/\/contrastes.com.co\/web\/2022\/04\/06\/descuento-del-derecho-a-transito-en-barranquilla-se-extendio-hasta-el-31-de-mayo\/#primaryimage","url":"","contentUrl":""},{"@type":"BreadcrumbList","@id":"https:\/\/contrastes.com.co\/web\/2022\/04\/06\/descuento-del-derecho-a-transito-en-barranquilla-se-extendio-hasta-el-31-de-mayo\/#breadcrumb","itemListElement":[{"@type":"ListItem","position":1,"name":"Portada","item":"https:\/\/contrastes.com.co\/web\/"},{"@type":"ListItem","position":2,"name":"Descuento del derecho a tr\u00e1nsito en Barranquilla se extendi\u00f3 hasta el 31 de mayo"}]},{"@type":"WebSite","@id":"https:\/\/contrastes.com.co\/web\/#website","url":"https:\/\/contrastes.com.co\/web\/","name":"Contrastes","description":"Periodismo de Conciencia","publisher":{"@id":"https:\/\/contrastes.com.co\/web\/#organization"},"potentialAction":[{"@type":"SearchAction","target":{"@type":"EntryPoint","urlTemplate":"https:\/\/contrastes.com.co\/web\/?s={search_term_string}"},"query-input":{"@type":"PropertyValueSpecification","valueRequired":true,"valueName":"search_term_string"}}],"inLanguage":"es"},{"@type":"Organization","@id":"https:\/\/contrastes.com.co\/web\/#organization","name":"Contrastes","url":"https:\/\/contrastes.com.co\/web\/","logo":{"@type":"ImageObject","inLanguage":"es","@id":"https:\/\/contrastes.com.co\/web\/#\/schema\/logo\/image\/","url":"https:\/\/contrastes.com.co\/web\/wp-content\/uploads\/2025\/04\/15CONTRASTES3.png","contentUrl":"https:\/\/contrastes.com.co\/web\/wp-content\/uploads\/2025\/04\/15CONTRASTES3.png","width":1536,"height":231,"caption":"Contrastes"},"image":{"@id":"https:\/\/contrastes.com.co\/web\/#\/schema\/logo\/image\/"},"sameAs":["https:\/\/www.facebook.com\/guillo.pantoja.1"]},{"@type":"Person","@id":"https:\/\/contrastes.com.co\/web\/#\/schema\/person\/62ef7a62dc4da6de450c71fc2e95ed02","name":"Editor","image":{"@type":"ImageObject","inLanguage":"es","@id":"https:\/\/secure.gravatar.com\/avatar\/7bbb4f718d74bbf600dc556253bb04fd7ac8593751d6e2e3b85432d98aefae80?s=96&d=mm&r=g","url":"https:\/\/secure.gravatar.com\/avatar\/7bbb4f718d74bbf600dc556253bb04fd7ac8593751d6e2e3b85432d98aefae80?s=96&d=mm&r=g","contentUrl":"https:\/\/secure.gravatar.com\/avatar\/7bbb4f718d74bbf600dc556253bb04fd7ac8593751d6e2e3b85432d98aefae80?s=96&d=mm&r=g","caption":"Editor"},"sameAs":["https:\/\/contrastes.com.co\/web"],"url":"https:\/\/contrastes.com.co\/web\/author\/jdbobadilla\/"}]}},"blog_post_layout_featured_media_urls":{"thumbnail":"","full":""},"categories_names":{"4969":{"name":"Impuestos","link":"https:\/\/contrastes.com.co\/web\/category\/impuestos\/"},"24":{"name":"Regi\u00f3n","link":"https:\/\/contrastes.com.co\/web\/category\/region\/"},"664":{"name":"Transporte","link":"https:\/\/contrastes.com.co\/web\/category\/transporte\/"}},"tags_names":{"311":{"name":"Barranquilla","link":"https:\/\/contrastes.com.co\/web\/tag\/barranquilla\/"},"5204":{"name":"derecho a tr\u00e1nsito","link":"https:\/\/contrastes.com.co\/web\/tag\/derecho-a-transito\/"},"262":{"name":"descuento","link":"https:\/\/contrastes.com.co\/web\/tag\/descuento\/"},"5205":{"name":"Secretar\u00eda de Tr\u00e1nsito y Seguridad de Barranquilla","link":"https:\/\/contrastes.com.co\/web\/tag\/secretaria-de-transito-y-seguridad-de-barranquilla\/"}},"comments_number":"0","wpmagazine_modules_lite_featured_media_urls":{"thumbnail":"","cvmm-medium":"","cvmm-medium-plus":"","cvmm-portrait":"","cvmm-medium-square":"","cvmm-large":"","cvmm-small":"","full":""},"_links":{"self":[{"href":"https:\/\/contrastes.com.co\/web\/wp-json\/wp\/v2\/posts\/8774","targetHints":{"allow":["GET"]}}],"collection":[{"href":"https:\/\/contrastes.com.co\/web\/wp-json\/wp\/v2\/posts"}],"about":[{"href":"https:\/\/contrastes.com.co\/web\/wp-json\/wp\/v2\/types\/post"}],"author":[{"embeddable":true,"href":"https:\/\/contrastes.com.co\/web\/wp-json\/wp\/v2\/users\/1"}],"replies":[{"embeddable":true,"href":"https:\/\/contrastes.com.co\/web\/wp-json\/wp\/v2\/comments?post=8774"}],"version-history":[{"count":0,"href":"https:\/\/contrastes.com.co\/web\/wp-json\/wp\/v2\/posts\/8774\/revisions"}],"wp:attachment":[{"href":"https:\/\/contrastes.com.co\/web\/wp-json\/wp\/v2\/media?parent=8774"}],"wp:term":[{"taxonomy":"category","embeddable":true,"href":"https:\/\/contrastes.com.co\/web\/wp-json\/wp\/v2\/categories?post=8774"},{"taxonomy":"post_tag","embeddable":true,"href":"https:\/\/contrastes.com.co\/web\/wp-json\/wp\/v2\/tags?post=8774"}],"curies":[{"name":"wp","href":"https:\/\/api.w.org\/{rel}","templated":true}]}}