{"id":8780,"date":"2022-04-06T12:52:31","date_gmt":"2022-04-06T17:52:31","guid":{"rendered":"https:\/\/contrastes.com.co\/digital\/?p=8780"},"modified":"2022-04-06T12:52:31","modified_gmt":"2022-04-06T17:52:31","slug":"condenan-por-intento-de-feminicidio-a-barrista-que-golpeo-a-su-pareja-y-le-arranco-el-pelo","status":"publish","type":"post","link":"https:\/\/contrastes.com.co\/web\/2022\/04\/06\/condenan-por-intento-de-feminicidio-a-barrista-que-golpeo-a-su-pareja-y-le-arranco-el-pelo\/","title":{"rendered":"Condenan por intento de feminicidio a barrista que golpe\u00f3 a su pareja y le arranc\u00f3 el pelo"},"content":{"rendered":"<p><strong>*Condenan por intento de feminicidio a barrista que golpe\u00f3 a su pareja y le arranc\u00f3 el pelo<\/strong><\/p>\n<blockquote><p><strong>Con esta decisi\u00f3n, la v\u00edctima, quien adem\u00e1s tiene tres hijos con Castro Maldonado, espera recuperar su tranquilidad.<\/strong><\/p><\/blockquote>\n<p><img decoding=\"async\" class=\"alignleft  wp-image-8518\" src=\"https:\/\/contrastes.com.co\/digital\/wp-content\/uploads\/2022\/03\/c-capitular.png\" alt=\"c capitular\" width=\"81\" height=\"81\" \/>uatro a\u00f1os esper\u00f3 Kenede Susana Vega para que la justicia la ayudara a resarcir parte del da\u00f1o que sufri\u00f3 a manos de su expareja, quien la atac\u00f3 con un cuchillo en medio de una discusi\u00f3n porque ella no quer\u00eda sostener m\u00e1s encuentros sexuales con \u00e9l.<\/p>\n<p>Los hechos, que se registraron en 2018 en el barrio las Gaviotas, al suroccidente de Barranquilla, finalmente vieron la luz de la justicia, luego de que el Juzgado Primero Penal del Circuito de Soledad emitiera este martes un fallo contra el procesado Armando Jos\u00e9 Castro Maldonado por tentativa de feminicidio.<\/p>\n<p>Con esta decisi\u00f3n, Kenede, quien adem\u00e1s tiene tres hijos con Castro Maldonado, espera recuperar su tranquilidad.<\/p>\n<p>\u201cEs una noticia muy emotiva. Fueron casi cuatro a\u00f1os de lucha, de l\u00e1grimas, de incertidumbre, muchas veces me sent\u00eda perdida. Siempre estaba ah\u00ed como ese sinsabor de si habr\u00e1 justicia o no. Gracias a Dios hoy se logr\u00f3 algo por lo que tanto tiempo se trabaj\u00f3, se luch\u00f3 y se or\u00f3\u201d, indic\u00f3 la mujer.<\/p>\n<p>La audiencia donde se conocer\u00e1 el tiempo de la pena ser\u00e1 de manera virtual este 29 de abril. Por ahora el hombre se encuentra en la C\u00e1rcel Distrital El Bosque.<\/p>\n","protected":false},"excerpt":{"rendered":"<p>Cuatro a\u00f1os esper\u00f3 Kenede Susana Vega para que la justicia la ayudara a resarcir parte del da\u00f1o que sufri\u00f3 a manos de su expareja, quien la atac\u00f3 con un cuchillo en medio de una discusi\u00f3n porque ella no quer\u00eda sostener m\u00e1s encuentros sexuales con \u00e9l.<\/p>\n","protected":false},"author":1,"featured_media":8781,"comment_status":"open","ping_status":"open","sticky":false,"template":"","format":"standard","meta":{"footnotes":""},"categories":[172,23],"tags":[5208,5209,5210,1232],"class_list":["post-8780","post","type-post","status-publish","format-standard","has-post-thumbnail","hentry","category-judicial","category-locales","tag-barrista-del-junior","tag-condena","tag-intento-de-feminicidio","tag-violencia-intrafamiliar"],"yoast_head":"<!-- This site is optimized with the Yoast SEO plugin v27.7 - https:\/\/yoast.com\/product\/yoast-seo-wordpress\/ -->\n<title>Condenan por intento de feminicidio a barrista que golpe\u00f3 a su pareja y le arranc\u00f3 el pelo - Constrastes<\/title>\n<meta name=\"description\" content=\"Cuatro a\u00f1os esper\u00f3 Kenede Susana Vega para que la justicia la ayudara a resarcir parte del da\u00f1o que sufri\u00f3 a manos de su expareja, quien la atac\u00f3 con un cuchillo en medio de una discusi\u00f3n porque ella no quer\u00eda sostener m\u00e1s encuentros sexuales con \u00e9l.\" \/>\n<meta name=\"robots\" content=\"index, follow, max-snippet:-1, max-image-preview:large, max-video-preview:-1\" \/>\n<link rel=\"canonical\" href=\"https:\/\/contrastes.com.co\/web\/2022\/04\/06\/condenan-por-intento-de-feminicidio-a-barrista-que-golpeo-a-su-pareja-y-le-arranco-el-pelo\/\" \/>\n<meta property=\"og:locale\" content=\"es_ES\" \/>\n<meta property=\"og:type\" content=\"article\" \/>\n<meta property=\"og:title\" content=\"Condenan por intento de feminicidio a barrista que golpe\u00f3 a su pareja y le arranc\u00f3 el pelo - Constrastes\" \/>\n<meta property=\"og:description\" content=\"Cuatro a\u00f1os esper\u00f3 Kenede Susana Vega para que la justicia la ayudara a resarcir parte del da\u00f1o que sufri\u00f3 a manos de su expareja, quien la atac\u00f3 con un cuchillo en medio de una discusi\u00f3n porque ella no quer\u00eda sostener m\u00e1s encuentros sexuales con \u00e9l.\" \/>\n<meta property=\"og:url\" content=\"https:\/\/contrastes.com.co\/web\/2022\/04\/06\/condenan-por-intento-de-feminicidio-a-barrista-que-golpeo-a-su-pareja-y-le-arranco-el-pelo\/\" \/>\n<meta property=\"og:site_name\" content=\"Constrastes\" \/>\n<meta property=\"article:publisher\" content=\"https:\/\/www.facebook.com\/guillo.pantoja.1\" \/>\n<meta property=\"article:published_time\" content=\"2022-04-06T17:52:31+00:00\" \/>\n<meta name=\"author\" content=\"Editor\" \/>\n<meta name=\"twitter:card\" content=\"summary_large_image\" \/>\n<meta name=\"twitter:label1\" content=\"Escrito por\" \/>\n\t<meta name=\"twitter:data1\" content=\"Editor\" \/>\n\t<meta name=\"twitter:label2\" content=\"Tiempo de lectura\" \/>\n\t<meta name=\"twitter:data2\" content=\"1 minuto\" \/>\n<script type=\"application\/ld+json\" class=\"yoast-schema-graph\">{\"@context\":\"https:\\\/\\\/schema.org\",\"@graph\":[{\"@type\":\"Article\",\"@id\":\"https:\\\/\\\/contrastes.com.co\\\/web\\\/2022\\\/04\\\/06\\\/condenan-por-intento-de-feminicidio-a-barrista-que-golpeo-a-su-pareja-y-le-arranco-el-pelo\\\/#article\",\"isPartOf\":{\"@id\":\"https:\\\/\\\/contrastes.com.co\\\/web\\\/2022\\\/04\\\/06\\\/condenan-por-intento-de-feminicidio-a-barrista-que-golpeo-a-su-pareja-y-le-arranco-el-pelo\\\/\"},\"author\":{\"name\":\"Editor\",\"@id\":\"https:\\\/\\\/contrastes.com.co\\\/web\\\/#\\\/schema\\\/person\\\/62ef7a62dc4da6de450c71fc2e95ed02\"},\"headline\":\"Condenan por intento de feminicidio a barrista que golpe\u00f3 a su pareja y le arranc\u00f3 el pelo\",\"datePublished\":\"2022-04-06T17:52:31+00:00\",\"mainEntityOfPage\":{\"@id\":\"https:\\\/\\\/contrastes.com.co\\\/web\\\/2022\\\/04\\\/06\\\/condenan-por-intento-de-feminicidio-a-barrista-que-golpeo-a-su-pareja-y-le-arranco-el-pelo\\\/\"},\"wordCount\":258,\"commentCount\":0,\"publisher\":{\"@id\":\"https:\\\/\\\/contrastes.com.co\\\/web\\\/#organization\"},\"image\":{\"@id\":\"https:\\\/\\\/contrastes.com.co\\\/web\\\/2022\\\/04\\\/06\\\/condenan-por-intento-de-feminicidio-a-barrista-que-golpeo-a-su-pareja-y-le-arranco-el-pelo\\\/#primaryimage\"},\"thumbnailUrl\":\"\",\"keywords\":[\"barrista del Junior\",\"condena\",\"intento de feminicidio\",\"violencia intrafamiliar\"],\"articleSection\":[\"Judicial\",\"Locales\"],\"inLanguage\":\"es\",\"potentialAction\":[{\"@type\":\"CommentAction\",\"name\":\"Comment\",\"target\":[\"https:\\\/\\\/contrastes.com.co\\\/web\\\/2022\\\/04\\\/06\\\/condenan-por-intento-de-feminicidio-a-barrista-que-golpeo-a-su-pareja-y-le-arranco-el-pelo\\\/#respond\"]}]},{\"@type\":\"WebPage\",\"@id\":\"https:\\\/\\\/contrastes.com.co\\\/web\\\/2022\\\/04\\\/06\\\/condenan-por-intento-de-feminicidio-a-barrista-que-golpeo-a-su-pareja-y-le-arranco-el-pelo\\\/\",\"url\":\"https:\\\/\\\/contrastes.com.co\\\/web\\\/2022\\\/04\\\/06\\\/condenan-por-intento-de-feminicidio-a-barrista-que-golpeo-a-su-pareja-y-le-arranco-el-pelo\\\/\",\"name\":\"Condenan por intento de feminicidio a barrista que golpe\u00f3 a su pareja y le arranc\u00f3 el pelo - Constrastes\",\"isPartOf\":{\"@id\":\"https:\\\/\\\/contrastes.com.co\\\/web\\\/#website\"},\"primaryImageOfPage\":{\"@id\":\"https:\\\/\\\/contrastes.com.co\\\/web\\\/2022\\\/04\\\/06\\\/condenan-por-intento-de-feminicidio-a-barrista-que-golpeo-a-su-pareja-y-le-arranco-el-pelo\\\/#primaryimage\"},\"image\":{\"@id\":\"https:\\\/\\\/contrastes.com.co\\\/web\\\/2022\\\/04\\\/06\\\/condenan-por-intento-de-feminicidio-a-barrista-que-golpeo-a-su-pareja-y-le-arranco-el-pelo\\\/#primaryimage\"},\"thumbnailUrl\":\"\",\"datePublished\":\"2022-04-06T17:52:31+00:00\",\"description\":\"Cuatro a\u00f1os esper\u00f3 Kenede Susana Vega para que la justicia la ayudara a resarcir parte del da\u00f1o que sufri\u00f3 a manos de su expareja, quien la atac\u00f3 con un cuchillo en medio de una discusi\u00f3n porque ella no quer\u00eda sostener m\u00e1s encuentros sexuales con \u00e9l.\",\"breadcrumb\":{\"@id\":\"https:\\\/\\\/contrastes.com.co\\\/web\\\/2022\\\/04\\\/06\\\/condenan-por-intento-de-feminicidio-a-barrista-que-golpeo-a-su-pareja-y-le-arranco-el-pelo\\\/#breadcrumb\"},\"inLanguage\":\"es\",\"potentialAction\":[{\"@type\":\"ReadAction\",\"target\":[\"https:\\\/\\\/contrastes.com.co\\\/web\\\/2022\\\/04\\\/06\\\/condenan-por-intento-de-feminicidio-a-barrista-que-golpeo-a-su-pareja-y-le-arranco-el-pelo\\\/\"]}]},{\"@type\":\"ImageObject\",\"inLanguage\":\"es\",\"@id\":\"https:\\\/\\\/contrastes.com.co\\\/web\\\/2022\\\/04\\\/06\\\/condenan-por-intento-de-feminicidio-a-barrista-que-golpeo-a-su-pareja-y-le-arranco-el-pelo\\\/#primaryimage\",\"url\":\"\",\"contentUrl\":\"\"},{\"@type\":\"BreadcrumbList\",\"@id\":\"https:\\\/\\\/contrastes.com.co\\\/web\\\/2022\\\/04\\\/06\\\/condenan-por-intento-de-feminicidio-a-barrista-que-golpeo-a-su-pareja-y-le-arranco-el-pelo\\\/#breadcrumb\",\"itemListElement\":[{\"@type\":\"ListItem\",\"position\":1,\"name\":\"Portada\",\"item\":\"https:\\\/\\\/contrastes.com.co\\\/web\\\/\"},{\"@type\":\"ListItem\",\"position\":2,\"name\":\"Condenan por intento de feminicidio a barrista que golpe\u00f3 a su pareja y le arranc\u00f3 el pelo\"}]},{\"@type\":\"WebSite\",\"@id\":\"https:\\\/\\\/contrastes.com.co\\\/web\\\/#website\",\"url\":\"https:\\\/\\\/contrastes.com.co\\\/web\\\/\",\"name\":\"Contrastes\",\"description\":\"Periodismo de Conciencia\",\"publisher\":{\"@id\":\"https:\\\/\\\/contrastes.com.co\\\/web\\\/#organization\"},\"potentialAction\":[{\"@type\":\"SearchAction\",\"target\":{\"@type\":\"EntryPoint\",\"urlTemplate\":\"https:\\\/\\\/contrastes.com.co\\\/web\\\/?s={search_term_string}\"},\"query-input\":{\"@type\":\"PropertyValueSpecification\",\"valueRequired\":true,\"valueName\":\"search_term_string\"}}],\"inLanguage\":\"es\"},{\"@type\":\"Organization\",\"@id\":\"https:\\\/\\\/contrastes.com.co\\\/web\\\/#organization\",\"name\":\"Contrastes\",\"url\":\"https:\\\/\\\/contrastes.com.co\\\/web\\\/\",\"logo\":{\"@type\":\"ImageObject\",\"inLanguage\":\"es\",\"@id\":\"https:\\\/\\\/contrastes.com.co\\\/web\\\/#\\\/schema\\\/logo\\\/image\\\/\",\"url\":\"https:\\\/\\\/contrastes.com.co\\\/web\\\/wp-content\\\/uploads\\\/2025\\\/04\\\/15CONTRASTES3.png\",\"contentUrl\":\"https:\\\/\\\/contrastes.com.co\\\/web\\\/wp-content\\\/uploads\\\/2025\\\/04\\\/15CONTRASTES3.png\",\"width\":1536,\"height\":231,\"caption\":\"Contrastes\"},\"image\":{\"@id\":\"https:\\\/\\\/contrastes.com.co\\\/web\\\/#\\\/schema\\\/logo\\\/image\\\/\"},\"sameAs\":[\"https:\\\/\\\/www.facebook.com\\\/guillo.pantoja.1\"]},{\"@type\":\"Person\",\"@id\":\"https:\\\/\\\/contrastes.com.co\\\/web\\\/#\\\/schema\\\/person\\\/62ef7a62dc4da6de450c71fc2e95ed02\",\"name\":\"Editor\",\"image\":{\"@type\":\"ImageObject\",\"inLanguage\":\"es\",\"@id\":\"https:\\\/\\\/secure.gravatar.com\\\/avatar\\\/7bbb4f718d74bbf600dc556253bb04fd7ac8593751d6e2e3b85432d98aefae80?s=96&d=mm&r=g\",\"url\":\"https:\\\/\\\/secure.gravatar.com\\\/avatar\\\/7bbb4f718d74bbf600dc556253bb04fd7ac8593751d6e2e3b85432d98aefae80?s=96&d=mm&r=g\",\"contentUrl\":\"https:\\\/\\\/secure.gravatar.com\\\/avatar\\\/7bbb4f718d74bbf600dc556253bb04fd7ac8593751d6e2e3b85432d98aefae80?s=96&d=mm&r=g\",\"caption\":\"Editor\"},\"sameAs\":[\"https:\\\/\\\/contrastes.com.co\\\/web\"],\"url\":\"https:\\\/\\\/contrastes.com.co\\\/web\\\/author\\\/jdbobadilla\\\/\"}]}<\/script>\n<!-- \/ Yoast SEO plugin. -->","yoast_head_json":{"title":"Condenan por intento de feminicidio a barrista que golpe\u00f3 a su pareja y le arranc\u00f3 el pelo - Constrastes","description":"Cuatro a\u00f1os esper\u00f3 Kenede Susana Vega para que la justicia la ayudara a resarcir parte del da\u00f1o que sufri\u00f3 a manos de su expareja, quien la atac\u00f3 con un cuchillo en medio de una discusi\u00f3n porque ella no quer\u00eda sostener m\u00e1s encuentros sexuales con \u00e9l.","robots":{"index":"index","follow":"follow","max-snippet":"max-snippet:-1","max-image-preview":"max-image-preview:large","max-video-preview":"max-video-preview:-1"},"canonical":"https:\/\/contrastes.com.co\/web\/2022\/04\/06\/condenan-por-intento-de-feminicidio-a-barrista-que-golpeo-a-su-pareja-y-le-arranco-el-pelo\/","og_locale":"es_ES","og_type":"article","og_title":"Condenan por intento de feminicidio a barrista que golpe\u00f3 a su pareja y le arranc\u00f3 el pelo - Constrastes","og_description":"Cuatro a\u00f1os esper\u00f3 Kenede Susana Vega para que la justicia la ayudara a resarcir parte del da\u00f1o que sufri\u00f3 a manos de su expareja, quien la atac\u00f3 con un cuchillo en medio de una discusi\u00f3n porque ella no quer\u00eda sostener m\u00e1s encuentros sexuales con \u00e9l.","og_url":"https:\/\/contrastes.com.co\/web\/2022\/04\/06\/condenan-por-intento-de-feminicidio-a-barrista-que-golpeo-a-su-pareja-y-le-arranco-el-pelo\/","og_site_name":"Constrastes","article_publisher":"https:\/\/www.facebook.com\/guillo.pantoja.1","article_published_time":"2022-04-06T17:52:31+00:00","author":"Editor","twitter_card":"summary_large_image","twitter_misc":{"Escrito por":"Editor","Tiempo de lectura":"1 minuto"},"schema":{"@context":"https:\/\/schema.org","@graph":[{"@type":"Article","@id":"https:\/\/contrastes.com.co\/web\/2022\/04\/06\/condenan-por-intento-de-feminicidio-a-barrista-que-golpeo-a-su-pareja-y-le-arranco-el-pelo\/#article","isPartOf":{"@id":"https:\/\/contrastes.com.co\/web\/2022\/04\/06\/condenan-por-intento-de-feminicidio-a-barrista-que-golpeo-a-su-pareja-y-le-arranco-el-pelo\/"},"author":{"name":"Editor","@id":"https:\/\/contrastes.com.co\/web\/#\/schema\/person\/62ef7a62dc4da6de450c71fc2e95ed02"},"headline":"Condenan por intento de feminicidio a barrista que golpe\u00f3 a su pareja y le arranc\u00f3 el pelo","datePublished":"2022-04-06T17:52:31+00:00","mainEntityOfPage":{"@id":"https:\/\/contrastes.com.co\/web\/2022\/04\/06\/condenan-por-intento-de-feminicidio-a-barrista-que-golpeo-a-su-pareja-y-le-arranco-el-pelo\/"},"wordCount":258,"commentCount":0,"publisher":{"@id":"https:\/\/contrastes.com.co\/web\/#organization"},"image":{"@id":"https:\/\/contrastes.com.co\/web\/2022\/04\/06\/condenan-por-intento-de-feminicidio-a-barrista-que-golpeo-a-su-pareja-y-le-arranco-el-pelo\/#primaryimage"},"thumbnailUrl":"","keywords":["barrista del Junior","condena","intento de feminicidio","violencia intrafamiliar"],"articleSection":["Judicial","Locales"],"inLanguage":"es","potentialAction":[{"@type":"CommentAction","name":"Comment","target":["https:\/\/contrastes.com.co\/web\/2022\/04\/06\/condenan-por-intento-de-feminicidio-a-barrista-que-golpeo-a-su-pareja-y-le-arranco-el-pelo\/#respond"]}]},{"@type":"WebPage","@id":"https:\/\/contrastes.com.co\/web\/2022\/04\/06\/condenan-por-intento-de-feminicidio-a-barrista-que-golpeo-a-su-pareja-y-le-arranco-el-pelo\/","url":"https:\/\/contrastes.com.co\/web\/2022\/04\/06\/condenan-por-intento-de-feminicidio-a-barrista-que-golpeo-a-su-pareja-y-le-arranco-el-pelo\/","name":"Condenan por intento de feminicidio a barrista que golpe\u00f3 a su pareja y le arranc\u00f3 el pelo - Constrastes","isPartOf":{"@id":"https:\/\/contrastes.com.co\/web\/#website"},"primaryImageOfPage":{"@id":"https:\/\/contrastes.com.co\/web\/2022\/04\/06\/condenan-por-intento-de-feminicidio-a-barrista-que-golpeo-a-su-pareja-y-le-arranco-el-pelo\/#primaryimage"},"image":{"@id":"https:\/\/contrastes.com.co\/web\/2022\/04\/06\/condenan-por-intento-de-feminicidio-a-barrista-que-golpeo-a-su-pareja-y-le-arranco-el-pelo\/#primaryimage"},"thumbnailUrl":"","datePublished":"2022-04-06T17:52:31+00:00","description":"Cuatro a\u00f1os esper\u00f3 Kenede Susana Vega para que la justicia la ayudara a resarcir parte del da\u00f1o que sufri\u00f3 a manos de su expareja, quien la atac\u00f3 con un cuchillo en medio de una discusi\u00f3n porque ella no quer\u00eda sostener m\u00e1s encuentros sexuales con \u00e9l.","breadcrumb":{"@id":"https:\/\/contrastes.com.co\/web\/2022\/04\/06\/condenan-por-intento-de-feminicidio-a-barrista-que-golpeo-a-su-pareja-y-le-arranco-el-pelo\/#breadcrumb"},"inLanguage":"es","potentialAction":[{"@type":"ReadAction","target":["https:\/\/contrastes.com.co\/web\/2022\/04\/06\/condenan-por-intento-de-feminicidio-a-barrista-que-golpeo-a-su-pareja-y-le-arranco-el-pelo\/"]}]},{"@type":"ImageObject","inLanguage":"es","@id":"https:\/\/contrastes.com.co\/web\/2022\/04\/06\/condenan-por-intento-de-feminicidio-a-barrista-que-golpeo-a-su-pareja-y-le-arranco-el-pelo\/#primaryimage","url":"","contentUrl":""},{"@type":"BreadcrumbList","@id":"https:\/\/contrastes.com.co\/web\/2022\/04\/06\/condenan-por-intento-de-feminicidio-a-barrista-que-golpeo-a-su-pareja-y-le-arranco-el-pelo\/#breadcrumb","itemListElement":[{"@type":"ListItem","position":1,"name":"Portada","item":"https:\/\/contrastes.com.co\/web\/"},{"@type":"ListItem","position":2,"name":"Condenan por intento de feminicidio a barrista que golpe\u00f3 a su pareja y le arranc\u00f3 el pelo"}]},{"@type":"WebSite","@id":"https:\/\/contrastes.com.co\/web\/#website","url":"https:\/\/contrastes.com.co\/web\/","name":"Contrastes","description":"Periodismo de Conciencia","publisher":{"@id":"https:\/\/contrastes.com.co\/web\/#organization"},"potentialAction":[{"@type":"SearchAction","target":{"@type":"EntryPoint","urlTemplate":"https:\/\/contrastes.com.co\/web\/?s={search_term_string}"},"query-input":{"@type":"PropertyValueSpecification","valueRequired":true,"valueName":"search_term_string"}}],"inLanguage":"es"},{"@type":"Organization","@id":"https:\/\/contrastes.com.co\/web\/#organization","name":"Contrastes","url":"https:\/\/contrastes.com.co\/web\/","logo":{"@type":"ImageObject","inLanguage":"es","@id":"https:\/\/contrastes.com.co\/web\/#\/schema\/logo\/image\/","url":"https:\/\/contrastes.com.co\/web\/wp-content\/uploads\/2025\/04\/15CONTRASTES3.png","contentUrl":"https:\/\/contrastes.com.co\/web\/wp-content\/uploads\/2025\/04\/15CONTRASTES3.png","width":1536,"height":231,"caption":"Contrastes"},"image":{"@id":"https:\/\/contrastes.com.co\/web\/#\/schema\/logo\/image\/"},"sameAs":["https:\/\/www.facebook.com\/guillo.pantoja.1"]},{"@type":"Person","@id":"https:\/\/contrastes.com.co\/web\/#\/schema\/person\/62ef7a62dc4da6de450c71fc2e95ed02","name":"Editor","image":{"@type":"ImageObject","inLanguage":"es","@id":"https:\/\/secure.gravatar.com\/avatar\/7bbb4f718d74bbf600dc556253bb04fd7ac8593751d6e2e3b85432d98aefae80?s=96&d=mm&r=g","url":"https:\/\/secure.gravatar.com\/avatar\/7bbb4f718d74bbf600dc556253bb04fd7ac8593751d6e2e3b85432d98aefae80?s=96&d=mm&r=g","contentUrl":"https:\/\/secure.gravatar.com\/avatar\/7bbb4f718d74bbf600dc556253bb04fd7ac8593751d6e2e3b85432d98aefae80?s=96&d=mm&r=g","caption":"Editor"},"sameAs":["https:\/\/contrastes.com.co\/web"],"url":"https:\/\/contrastes.com.co\/web\/author\/jdbobadilla\/"}]}},"blog_post_layout_featured_media_urls":{"thumbnail":"","full":""},"categories_names":{"172":{"name":"Judicial","link":"https:\/\/contrastes.com.co\/web\/category\/judicial\/"},"23":{"name":"Locales","link":"https:\/\/contrastes.com.co\/web\/category\/locales\/"}},"tags_names":{"5208":{"name":"barrista del Junior","link":"https:\/\/contrastes.com.co\/web\/tag\/barrista-del-junior\/"},"5209":{"name":"condena","link":"https:\/\/contrastes.com.co\/web\/tag\/condena\/"},"5210":{"name":"intento de feminicidio","link":"https:\/\/contrastes.com.co\/web\/tag\/intento-de-feminicidio\/"},"1232":{"name":"violencia intrafamiliar","link":"https:\/\/contrastes.com.co\/web\/tag\/violencia-intrafamiliar\/"}},"comments_number":"0","wpmagazine_modules_lite_featured_media_urls":{"thumbnail":"","cvmm-medium":"","cvmm-medium-plus":"","cvmm-portrait":"","cvmm-medium-square":"","cvmm-large":"","cvmm-small":"","full":""},"_links":{"self":[{"href":"https:\/\/contrastes.com.co\/web\/wp-json\/wp\/v2\/posts\/8780","targetHints":{"allow":["GET"]}}],"collection":[{"href":"https:\/\/contrastes.com.co\/web\/wp-json\/wp\/v2\/posts"}],"about":[{"href":"https:\/\/contrastes.com.co\/web\/wp-json\/wp\/v2\/types\/post"}],"author":[{"embeddable":true,"href":"https:\/\/contrastes.com.co\/web\/wp-json\/wp\/v2\/users\/1"}],"replies":[{"embeddable":true,"href":"https:\/\/contrastes.com.co\/web\/wp-json\/wp\/v2\/comments?post=8780"}],"version-history":[{"count":0,"href":"https:\/\/contrastes.com.co\/web\/wp-json\/wp\/v2\/posts\/8780\/revisions"}],"wp:attachment":[{"href":"https:\/\/contrastes.com.co\/web\/wp-json\/wp\/v2\/media?parent=8780"}],"wp:term":[{"taxonomy":"category","embeddable":true,"href":"https:\/\/contrastes.com.co\/web\/wp-json\/wp\/v2\/categories?post=8780"},{"taxonomy":"post_tag","embeddable":true,"href":"https:\/\/contrastes.com.co\/web\/wp-json\/wp\/v2\/tags?post=8780"}],"curies":[{"name":"wp","href":"https:\/\/api.w.org\/{rel}","templated":true}]}}