{"id":8794,"date":"2022-04-07T10:25:36","date_gmt":"2022-04-07T15:25:36","guid":{"rendered":"https:\/\/contrastes.com.co\/digital\/?p=8794"},"modified":"2022-04-07T10:25:36","modified_gmt":"2022-04-07T15:25:36","slug":"en-soledad-disparan-contra-el-vehiculo-de-la-gerente-del-hospital-de-malambo","status":"publish","type":"post","link":"https:\/\/contrastes.com.co\/web\/2022\/04\/07\/en-soledad-disparan-contra-el-vehiculo-de-la-gerente-del-hospital-de-malambo\/","title":{"rendered":"En Soledad, disparan contra el veh\u00edculo de la gerente del Hospital de Malambo"},"content":{"rendered":"<p><strong>En Soledad, disparan contra el veh\u00edculo de la gerente del Hospital de Malambo<\/strong><\/p>\n<blockquote><p><strong>El hecho se produjo la noche del mi\u00e9rcoles en el barrio El Tuc\u00e1n de Soledad; el veh\u00edculo de la gerente de Hospital de Malambo, Eimy Camargo, no ten\u00eda ocupantes cuando dispararon.<\/strong><\/p><\/blockquote>\n<p>La Polic\u00eda Metropolitana de Barranquilla se pronunci\u00f3 a ra\u00edz del ataque a bala del que fue objeto la camioneta de la gerente local de Malambo, Eimy Camargo, en la noche del mi\u00e9rcoles en la calle 29 con carrera 28 del barrio El Tuc\u00e1n en el municipio de Soledad.<\/p>\n<p>\u00abLa Polic\u00eda Metropolitana de Barranquilla ha dispuesto de un equipo especial investigativo para esclarecer los hechos que se presentaron en el barrio El Tuc\u00e1n del municipio de Soledad, donde impactaron un veh\u00edculo donde no se encontraba ning\u00fan ocupante. Este veh\u00edculo pertenece a la gerente del Hospital Local de Malambo. Nos encontramos en esas averiguaciones con CTI para esclarecer este hecho\u00bb, dijo el coronel \u00d3scar Daza, comandante operativo de la Polic\u00eda Metropolitana de Barranquilla.<\/p>\n<p>Testigos indicaron que al veh\u00edculo le hicieron tres disparos unos hombres que se movilizaban en una motocicleta, quienes lograron darse a la huida.<\/p>\n<p>Hay que recordar que en meses anteriores la gerente denunci\u00f3 amenazas de muerte.<\/p>\n","protected":false},"excerpt":{"rendered":"<p>La Polic\u00eda Metropolitana de Barranquilla se pronunci\u00f3 a ra\u00edz del ataque a bala del que fue objeto la camioneta de la gerente local de Malambo, Eimy Camargo, en la noche del mi\u00e9rcoles en la calle 29 con carrera 28 del barrio El Tuc\u00e1n en el municipio de Soledad.<\/p>\n","protected":false},"author":1,"featured_media":8795,"comment_status":"open","ping_status":"open","sticky":false,"template":"","format":"standard","meta":{"footnotes":""},"categories":[172,23],"tags":[5217,5218,5219,5220,5221],"class_list":["post-8794","post","type-post","status-publish","format-standard","has-post-thumbnail","hentry","category-judicial","category-locales","tag-barrio-el-tucan","tag-disparos","tag-eimy-camargo","tag-gerente-de-hospital-de-malambo","tag-municipio-de-soledad-vehiculo"],"yoast_head":"<!-- This site is optimized with the Yoast SEO plugin v27.7 - https:\/\/yoast.com\/product\/yoast-seo-wordpress\/ -->\n<title>En Soledad, disparan contra el veh\u00edculo de la gerente del Hospital de Malambo - Constrastes<\/title>\n<meta name=\"description\" content=\"La Polic\u00eda Metropolitana de Barranquilla se pronunci\u00f3 a ra\u00edz del ataque a bala del que fue objeto la camioneta de la gerente local de Malambo, Eimy Camargo, en la noche del mi\u00e9rcoles en la calle 29 con carrera 28 del barrio El Tuc\u00e1n en el municipio de Soledad.\" \/>\n<meta name=\"robots\" content=\"index, follow, max-snippet:-1, max-image-preview:large, max-video-preview:-1\" \/>\n<link rel=\"canonical\" href=\"https:\/\/contrastes.com.co\/web\/2022\/04\/07\/en-soledad-disparan-contra-el-vehiculo-de-la-gerente-del-hospital-de-malambo\/\" \/>\n<meta property=\"og:locale\" content=\"es_ES\" \/>\n<meta property=\"og:type\" content=\"article\" \/>\n<meta property=\"og:title\" content=\"En Soledad, disparan contra el veh\u00edculo de la gerente del Hospital de Malambo - Constrastes\" \/>\n<meta property=\"og:description\" content=\"La Polic\u00eda Metropolitana de Barranquilla se pronunci\u00f3 a ra\u00edz del ataque a bala del que fue objeto la camioneta de la gerente local de Malambo, Eimy Camargo, en la noche del mi\u00e9rcoles en la calle 29 con carrera 28 del barrio El Tuc\u00e1n en el municipio de Soledad.\" \/>\n<meta property=\"og:url\" content=\"https:\/\/contrastes.com.co\/web\/2022\/04\/07\/en-soledad-disparan-contra-el-vehiculo-de-la-gerente-del-hospital-de-malambo\/\" \/>\n<meta property=\"og:site_name\" content=\"Constrastes\" \/>\n<meta property=\"article:publisher\" content=\"https:\/\/www.facebook.com\/guillo.pantoja.1\" \/>\n<meta property=\"article:published_time\" content=\"2022-04-07T15:25:36+00:00\" \/>\n<meta name=\"author\" content=\"Editor\" \/>\n<meta name=\"twitter:card\" content=\"summary_large_image\" \/>\n<meta name=\"twitter:label1\" content=\"Escrito por\" \/>\n\t<meta name=\"twitter:data1\" content=\"Editor\" \/>\n\t<meta name=\"twitter:label2\" content=\"Tiempo de lectura\" \/>\n\t<meta name=\"twitter:data2\" content=\"1 minuto\" \/>\n<script type=\"application\/ld+json\" class=\"yoast-schema-graph\">{\"@context\":\"https:\\\/\\\/schema.org\",\"@graph\":[{\"@type\":\"Article\",\"@id\":\"https:\\\/\\\/contrastes.com.co\\\/web\\\/2022\\\/04\\\/07\\\/en-soledad-disparan-contra-el-vehiculo-de-la-gerente-del-hospital-de-malambo\\\/#article\",\"isPartOf\":{\"@id\":\"https:\\\/\\\/contrastes.com.co\\\/web\\\/2022\\\/04\\\/07\\\/en-soledad-disparan-contra-el-vehiculo-de-la-gerente-del-hospital-de-malambo\\\/\"},\"author\":{\"name\":\"Editor\",\"@id\":\"https:\\\/\\\/contrastes.com.co\\\/web\\\/#\\\/schema\\\/person\\\/62ef7a62dc4da6de450c71fc2e95ed02\"},\"headline\":\"En Soledad, disparan contra el veh\u00edculo de la gerente del Hospital de Malambo\",\"datePublished\":\"2022-04-07T15:25:36+00:00\",\"mainEntityOfPage\":{\"@id\":\"https:\\\/\\\/contrastes.com.co\\\/web\\\/2022\\\/04\\\/07\\\/en-soledad-disparan-contra-el-vehiculo-de-la-gerente-del-hospital-de-malambo\\\/\"},\"wordCount\":229,\"commentCount\":0,\"publisher\":{\"@id\":\"https:\\\/\\\/contrastes.com.co\\\/web\\\/#organization\"},\"image\":{\"@id\":\"https:\\\/\\\/contrastes.com.co\\\/web\\\/2022\\\/04\\\/07\\\/en-soledad-disparan-contra-el-vehiculo-de-la-gerente-del-hospital-de-malambo\\\/#primaryimage\"},\"thumbnailUrl\":\"\",\"keywords\":[\"barrio El Tuc\u00e1n\",\"disparos\",\"Eimy Camargo\",\"gerente de Hospital de Malambo\",\"municipio de Soledad; veh\u00edculo\"],\"articleSection\":[\"Judicial\",\"Locales\"],\"inLanguage\":\"es\",\"potentialAction\":[{\"@type\":\"CommentAction\",\"name\":\"Comment\",\"target\":[\"https:\\\/\\\/contrastes.com.co\\\/web\\\/2022\\\/04\\\/07\\\/en-soledad-disparan-contra-el-vehiculo-de-la-gerente-del-hospital-de-malambo\\\/#respond\"]}]},{\"@type\":\"WebPage\",\"@id\":\"https:\\\/\\\/contrastes.com.co\\\/web\\\/2022\\\/04\\\/07\\\/en-soledad-disparan-contra-el-vehiculo-de-la-gerente-del-hospital-de-malambo\\\/\",\"url\":\"https:\\\/\\\/contrastes.com.co\\\/web\\\/2022\\\/04\\\/07\\\/en-soledad-disparan-contra-el-vehiculo-de-la-gerente-del-hospital-de-malambo\\\/\",\"name\":\"En Soledad, disparan contra el veh\u00edculo de la gerente del Hospital de Malambo - Constrastes\",\"isPartOf\":{\"@id\":\"https:\\\/\\\/contrastes.com.co\\\/web\\\/#website\"},\"primaryImageOfPage\":{\"@id\":\"https:\\\/\\\/contrastes.com.co\\\/web\\\/2022\\\/04\\\/07\\\/en-soledad-disparan-contra-el-vehiculo-de-la-gerente-del-hospital-de-malambo\\\/#primaryimage\"},\"image\":{\"@id\":\"https:\\\/\\\/contrastes.com.co\\\/web\\\/2022\\\/04\\\/07\\\/en-soledad-disparan-contra-el-vehiculo-de-la-gerente-del-hospital-de-malambo\\\/#primaryimage\"},\"thumbnailUrl\":\"\",\"datePublished\":\"2022-04-07T15:25:36+00:00\",\"description\":\"La Polic\u00eda Metropolitana de Barranquilla se pronunci\u00f3 a ra\u00edz del ataque a bala del que fue objeto la camioneta de la gerente local de Malambo, Eimy Camargo, en la noche del mi\u00e9rcoles en la calle 29 con carrera 28 del barrio El Tuc\u00e1n en el municipio de Soledad.\",\"breadcrumb\":{\"@id\":\"https:\\\/\\\/contrastes.com.co\\\/web\\\/2022\\\/04\\\/07\\\/en-soledad-disparan-contra-el-vehiculo-de-la-gerente-del-hospital-de-malambo\\\/#breadcrumb\"},\"inLanguage\":\"es\",\"potentialAction\":[{\"@type\":\"ReadAction\",\"target\":[\"https:\\\/\\\/contrastes.com.co\\\/web\\\/2022\\\/04\\\/07\\\/en-soledad-disparan-contra-el-vehiculo-de-la-gerente-del-hospital-de-malambo\\\/\"]}]},{\"@type\":\"ImageObject\",\"inLanguage\":\"es\",\"@id\":\"https:\\\/\\\/contrastes.com.co\\\/web\\\/2022\\\/04\\\/07\\\/en-soledad-disparan-contra-el-vehiculo-de-la-gerente-del-hospital-de-malambo\\\/#primaryimage\",\"url\":\"\",\"contentUrl\":\"\"},{\"@type\":\"BreadcrumbList\",\"@id\":\"https:\\\/\\\/contrastes.com.co\\\/web\\\/2022\\\/04\\\/07\\\/en-soledad-disparan-contra-el-vehiculo-de-la-gerente-del-hospital-de-malambo\\\/#breadcrumb\",\"itemListElement\":[{\"@type\":\"ListItem\",\"position\":1,\"name\":\"Portada\",\"item\":\"https:\\\/\\\/contrastes.com.co\\\/web\\\/\"},{\"@type\":\"ListItem\",\"position\":2,\"name\":\"En Soledad, disparan contra el veh\u00edculo de la gerente del Hospital de Malambo\"}]},{\"@type\":\"WebSite\",\"@id\":\"https:\\\/\\\/contrastes.com.co\\\/web\\\/#website\",\"url\":\"https:\\\/\\\/contrastes.com.co\\\/web\\\/\",\"name\":\"Contrastes\",\"description\":\"Periodismo de Conciencia\",\"publisher\":{\"@id\":\"https:\\\/\\\/contrastes.com.co\\\/web\\\/#organization\"},\"potentialAction\":[{\"@type\":\"SearchAction\",\"target\":{\"@type\":\"EntryPoint\",\"urlTemplate\":\"https:\\\/\\\/contrastes.com.co\\\/web\\\/?s={search_term_string}\"},\"query-input\":{\"@type\":\"PropertyValueSpecification\",\"valueRequired\":true,\"valueName\":\"search_term_string\"}}],\"inLanguage\":\"es\"},{\"@type\":\"Organization\",\"@id\":\"https:\\\/\\\/contrastes.com.co\\\/web\\\/#organization\",\"name\":\"Contrastes\",\"url\":\"https:\\\/\\\/contrastes.com.co\\\/web\\\/\",\"logo\":{\"@type\":\"ImageObject\",\"inLanguage\":\"es\",\"@id\":\"https:\\\/\\\/contrastes.com.co\\\/web\\\/#\\\/schema\\\/logo\\\/image\\\/\",\"url\":\"https:\\\/\\\/contrastes.com.co\\\/web\\\/wp-content\\\/uploads\\\/2025\\\/04\\\/15CONTRASTES3.png\",\"contentUrl\":\"https:\\\/\\\/contrastes.com.co\\\/web\\\/wp-content\\\/uploads\\\/2025\\\/04\\\/15CONTRASTES3.png\",\"width\":1536,\"height\":231,\"caption\":\"Contrastes\"},\"image\":{\"@id\":\"https:\\\/\\\/contrastes.com.co\\\/web\\\/#\\\/schema\\\/logo\\\/image\\\/\"},\"sameAs\":[\"https:\\\/\\\/www.facebook.com\\\/guillo.pantoja.1\"]},{\"@type\":\"Person\",\"@id\":\"https:\\\/\\\/contrastes.com.co\\\/web\\\/#\\\/schema\\\/person\\\/62ef7a62dc4da6de450c71fc2e95ed02\",\"name\":\"Editor\",\"image\":{\"@type\":\"ImageObject\",\"inLanguage\":\"es\",\"@id\":\"https:\\\/\\\/secure.gravatar.com\\\/avatar\\\/7bbb4f718d74bbf600dc556253bb04fd7ac8593751d6e2e3b85432d98aefae80?s=96&d=mm&r=g\",\"url\":\"https:\\\/\\\/secure.gravatar.com\\\/avatar\\\/7bbb4f718d74bbf600dc556253bb04fd7ac8593751d6e2e3b85432d98aefae80?s=96&d=mm&r=g\",\"contentUrl\":\"https:\\\/\\\/secure.gravatar.com\\\/avatar\\\/7bbb4f718d74bbf600dc556253bb04fd7ac8593751d6e2e3b85432d98aefae80?s=96&d=mm&r=g\",\"caption\":\"Editor\"},\"sameAs\":[\"https:\\\/\\\/contrastes.com.co\\\/web\"],\"url\":\"https:\\\/\\\/contrastes.com.co\\\/web\\\/author\\\/jdbobadilla\\\/\"}]}<\/script>\n<!-- \/ Yoast SEO plugin. -->","yoast_head_json":{"title":"En Soledad, disparan contra el veh\u00edculo de la gerente del Hospital de Malambo - Constrastes","description":"La Polic\u00eda Metropolitana de Barranquilla se pronunci\u00f3 a ra\u00edz del ataque a bala del que fue objeto la camioneta de la gerente local de Malambo, Eimy Camargo, en la noche del mi\u00e9rcoles en la calle 29 con carrera 28 del barrio El Tuc\u00e1n en el municipio de Soledad.","robots":{"index":"index","follow":"follow","max-snippet":"max-snippet:-1","max-image-preview":"max-image-preview:large","max-video-preview":"max-video-preview:-1"},"canonical":"https:\/\/contrastes.com.co\/web\/2022\/04\/07\/en-soledad-disparan-contra-el-vehiculo-de-la-gerente-del-hospital-de-malambo\/","og_locale":"es_ES","og_type":"article","og_title":"En Soledad, disparan contra el veh\u00edculo de la gerente del Hospital de Malambo - Constrastes","og_description":"La Polic\u00eda Metropolitana de Barranquilla se pronunci\u00f3 a ra\u00edz del ataque a bala del que fue objeto la camioneta de la gerente local de Malambo, Eimy Camargo, en la noche del mi\u00e9rcoles en la calle 29 con carrera 28 del barrio El Tuc\u00e1n en el municipio de Soledad.","og_url":"https:\/\/contrastes.com.co\/web\/2022\/04\/07\/en-soledad-disparan-contra-el-vehiculo-de-la-gerente-del-hospital-de-malambo\/","og_site_name":"Constrastes","article_publisher":"https:\/\/www.facebook.com\/guillo.pantoja.1","article_published_time":"2022-04-07T15:25:36+00:00","author":"Editor","twitter_card":"summary_large_image","twitter_misc":{"Escrito por":"Editor","Tiempo de lectura":"1 minuto"},"schema":{"@context":"https:\/\/schema.org","@graph":[{"@type":"Article","@id":"https:\/\/contrastes.com.co\/web\/2022\/04\/07\/en-soledad-disparan-contra-el-vehiculo-de-la-gerente-del-hospital-de-malambo\/#article","isPartOf":{"@id":"https:\/\/contrastes.com.co\/web\/2022\/04\/07\/en-soledad-disparan-contra-el-vehiculo-de-la-gerente-del-hospital-de-malambo\/"},"author":{"name":"Editor","@id":"https:\/\/contrastes.com.co\/web\/#\/schema\/person\/62ef7a62dc4da6de450c71fc2e95ed02"},"headline":"En Soledad, disparan contra el veh\u00edculo de la gerente del Hospital de Malambo","datePublished":"2022-04-07T15:25:36+00:00","mainEntityOfPage":{"@id":"https:\/\/contrastes.com.co\/web\/2022\/04\/07\/en-soledad-disparan-contra-el-vehiculo-de-la-gerente-del-hospital-de-malambo\/"},"wordCount":229,"commentCount":0,"publisher":{"@id":"https:\/\/contrastes.com.co\/web\/#organization"},"image":{"@id":"https:\/\/contrastes.com.co\/web\/2022\/04\/07\/en-soledad-disparan-contra-el-vehiculo-de-la-gerente-del-hospital-de-malambo\/#primaryimage"},"thumbnailUrl":"","keywords":["barrio El Tuc\u00e1n","disparos","Eimy Camargo","gerente de Hospital de Malambo","municipio de Soledad; veh\u00edculo"],"articleSection":["Judicial","Locales"],"inLanguage":"es","potentialAction":[{"@type":"CommentAction","name":"Comment","target":["https:\/\/contrastes.com.co\/web\/2022\/04\/07\/en-soledad-disparan-contra-el-vehiculo-de-la-gerente-del-hospital-de-malambo\/#respond"]}]},{"@type":"WebPage","@id":"https:\/\/contrastes.com.co\/web\/2022\/04\/07\/en-soledad-disparan-contra-el-vehiculo-de-la-gerente-del-hospital-de-malambo\/","url":"https:\/\/contrastes.com.co\/web\/2022\/04\/07\/en-soledad-disparan-contra-el-vehiculo-de-la-gerente-del-hospital-de-malambo\/","name":"En Soledad, disparan contra el veh\u00edculo de la gerente del Hospital de Malambo - Constrastes","isPartOf":{"@id":"https:\/\/contrastes.com.co\/web\/#website"},"primaryImageOfPage":{"@id":"https:\/\/contrastes.com.co\/web\/2022\/04\/07\/en-soledad-disparan-contra-el-vehiculo-de-la-gerente-del-hospital-de-malambo\/#primaryimage"},"image":{"@id":"https:\/\/contrastes.com.co\/web\/2022\/04\/07\/en-soledad-disparan-contra-el-vehiculo-de-la-gerente-del-hospital-de-malambo\/#primaryimage"},"thumbnailUrl":"","datePublished":"2022-04-07T15:25:36+00:00","description":"La Polic\u00eda Metropolitana de Barranquilla se pronunci\u00f3 a ra\u00edz del ataque a bala del que fue objeto la camioneta de la gerente local de Malambo, Eimy Camargo, en la noche del mi\u00e9rcoles en la calle 29 con carrera 28 del barrio El Tuc\u00e1n en el municipio de Soledad.","breadcrumb":{"@id":"https:\/\/contrastes.com.co\/web\/2022\/04\/07\/en-soledad-disparan-contra-el-vehiculo-de-la-gerente-del-hospital-de-malambo\/#breadcrumb"},"inLanguage":"es","potentialAction":[{"@type":"ReadAction","target":["https:\/\/contrastes.com.co\/web\/2022\/04\/07\/en-soledad-disparan-contra-el-vehiculo-de-la-gerente-del-hospital-de-malambo\/"]}]},{"@type":"ImageObject","inLanguage":"es","@id":"https:\/\/contrastes.com.co\/web\/2022\/04\/07\/en-soledad-disparan-contra-el-vehiculo-de-la-gerente-del-hospital-de-malambo\/#primaryimage","url":"","contentUrl":""},{"@type":"BreadcrumbList","@id":"https:\/\/contrastes.com.co\/web\/2022\/04\/07\/en-soledad-disparan-contra-el-vehiculo-de-la-gerente-del-hospital-de-malambo\/#breadcrumb","itemListElement":[{"@type":"ListItem","position":1,"name":"Portada","item":"https:\/\/contrastes.com.co\/web\/"},{"@type":"ListItem","position":2,"name":"En Soledad, disparan contra el veh\u00edculo de la gerente del Hospital de Malambo"}]},{"@type":"WebSite","@id":"https:\/\/contrastes.com.co\/web\/#website","url":"https:\/\/contrastes.com.co\/web\/","name":"Contrastes","description":"Periodismo de Conciencia","publisher":{"@id":"https:\/\/contrastes.com.co\/web\/#organization"},"potentialAction":[{"@type":"SearchAction","target":{"@type":"EntryPoint","urlTemplate":"https:\/\/contrastes.com.co\/web\/?s={search_term_string}"},"query-input":{"@type":"PropertyValueSpecification","valueRequired":true,"valueName":"search_term_string"}}],"inLanguage":"es"},{"@type":"Organization","@id":"https:\/\/contrastes.com.co\/web\/#organization","name":"Contrastes","url":"https:\/\/contrastes.com.co\/web\/","logo":{"@type":"ImageObject","inLanguage":"es","@id":"https:\/\/contrastes.com.co\/web\/#\/schema\/logo\/image\/","url":"https:\/\/contrastes.com.co\/web\/wp-content\/uploads\/2025\/04\/15CONTRASTES3.png","contentUrl":"https:\/\/contrastes.com.co\/web\/wp-content\/uploads\/2025\/04\/15CONTRASTES3.png","width":1536,"height":231,"caption":"Contrastes"},"image":{"@id":"https:\/\/contrastes.com.co\/web\/#\/schema\/logo\/image\/"},"sameAs":["https:\/\/www.facebook.com\/guillo.pantoja.1"]},{"@type":"Person","@id":"https:\/\/contrastes.com.co\/web\/#\/schema\/person\/62ef7a62dc4da6de450c71fc2e95ed02","name":"Editor","image":{"@type":"ImageObject","inLanguage":"es","@id":"https:\/\/secure.gravatar.com\/avatar\/7bbb4f718d74bbf600dc556253bb04fd7ac8593751d6e2e3b85432d98aefae80?s=96&d=mm&r=g","url":"https:\/\/secure.gravatar.com\/avatar\/7bbb4f718d74bbf600dc556253bb04fd7ac8593751d6e2e3b85432d98aefae80?s=96&d=mm&r=g","contentUrl":"https:\/\/secure.gravatar.com\/avatar\/7bbb4f718d74bbf600dc556253bb04fd7ac8593751d6e2e3b85432d98aefae80?s=96&d=mm&r=g","caption":"Editor"},"sameAs":["https:\/\/contrastes.com.co\/web"],"url":"https:\/\/contrastes.com.co\/web\/author\/jdbobadilla\/"}]}},"blog_post_layout_featured_media_urls":{"thumbnail":"","full":""},"categories_names":{"172":{"name":"Judicial","link":"https:\/\/contrastes.com.co\/web\/category\/judicial\/"},"23":{"name":"Locales","link":"https:\/\/contrastes.com.co\/web\/category\/locales\/"}},"tags_names":{"5217":{"name":"barrio El Tuc\u00e1n","link":"https:\/\/contrastes.com.co\/web\/tag\/barrio-el-tucan\/"},"5218":{"name":"disparos","link":"https:\/\/contrastes.com.co\/web\/tag\/disparos\/"},"5219":{"name":"Eimy Camargo","link":"https:\/\/contrastes.com.co\/web\/tag\/eimy-camargo\/"},"5220":{"name":"gerente de Hospital de Malambo","link":"https:\/\/contrastes.com.co\/web\/tag\/gerente-de-hospital-de-malambo\/"},"5221":{"name":"municipio de Soledad; veh\u00edculo","link":"https:\/\/contrastes.com.co\/web\/tag\/municipio-de-soledad-vehiculo\/"}},"comments_number":"0","wpmagazine_modules_lite_featured_media_urls":{"thumbnail":"","cvmm-medium":"","cvmm-medium-plus":"","cvmm-portrait":"","cvmm-medium-square":"","cvmm-large":"","cvmm-small":"","full":""},"_links":{"self":[{"href":"https:\/\/contrastes.com.co\/web\/wp-json\/wp\/v2\/posts\/8794","targetHints":{"allow":["GET"]}}],"collection":[{"href":"https:\/\/contrastes.com.co\/web\/wp-json\/wp\/v2\/posts"}],"about":[{"href":"https:\/\/contrastes.com.co\/web\/wp-json\/wp\/v2\/types\/post"}],"author":[{"embeddable":true,"href":"https:\/\/contrastes.com.co\/web\/wp-json\/wp\/v2\/users\/1"}],"replies":[{"embeddable":true,"href":"https:\/\/contrastes.com.co\/web\/wp-json\/wp\/v2\/comments?post=8794"}],"version-history":[{"count":0,"href":"https:\/\/contrastes.com.co\/web\/wp-json\/wp\/v2\/posts\/8794\/revisions"}],"wp:attachment":[{"href":"https:\/\/contrastes.com.co\/web\/wp-json\/wp\/v2\/media?parent=8794"}],"wp:term":[{"taxonomy":"category","embeddable":true,"href":"https:\/\/contrastes.com.co\/web\/wp-json\/wp\/v2\/categories?post=8794"},{"taxonomy":"post_tag","embeddable":true,"href":"https:\/\/contrastes.com.co\/web\/wp-json\/wp\/v2\/tags?post=8794"}],"curies":[{"name":"wp","href":"https:\/\/api.w.org\/{rel}","templated":true}]}}