{"id":8860,"date":"2022-04-12T11:52:18","date_gmt":"2022-04-12T16:52:18","guid":{"rendered":"https:\/\/contrastes.com.co\/digital\/?p=8860"},"modified":"2022-04-12T11:52:18","modified_gmt":"2022-04-12T16:52:18","slug":"tres-crimenes-en-hechos-aislados-en-barranquilla-todos-fueron-a-bala","status":"publish","type":"post","link":"https:\/\/contrastes.com.co\/web\/2022\/04\/12\/tres-crimenes-en-hechos-aislados-en-barranquilla-todos-fueron-a-bala\/","title":{"rendered":"Tres cr\u00edmenes en hechos aislados en Barranquilla: todos fueron a bala"},"content":{"rendered":"<p><strong>Tres cr\u00edmenes en hechos aislados en Barranquilla: todos fueron a bala<\/strong><\/p>\n<blockquote><p><strong>Tres homicidios se registraron este lunes santo en los barrios Lucero, Las Cayenas y Ciudad Modesto de la capital del Atl\u00e1ntico<\/strong><\/p><\/blockquote>\n<p><img decoding=\"async\" class=\"alignleft  wp-image-8619\" src=\"https:\/\/contrastes.com.co\/digital\/wp-content\/uploads\/2022\/03\/t-capitular.png\" alt=\"t capitular\" width=\"68\" height=\"68\" \/>res cr\u00edmenes se registraron en la noche del Lunes Santo en tres lugares distintos de Barranquilla. Uno de ellos ocurri\u00f3 en la calle 52 con carrera 33, barrio Lucero, donde un hombre a pie ingres\u00f3 a una vivienda y mat\u00f3 a una persona. El cuerpo del hombre qued\u00f3 tendido en la sala del inmueble hasta donde lleg\u00f3 el CTI a realizar la inspecci\u00f3n del cuerpo. El sicario posteriormente sali\u00f3 de la vivienda y huy\u00f3 en una motocicleta.<\/p>\n<p>Por otro lado, en la calle 48F con carrera 9sur, barrio Las Cayenas, un joven, quien respond\u00eda al nombre de Cristian Javier Carre\u00f1o Rodr\u00edguez, fue ultimado a bala en medio de una ri\u00f1a en v\u00eda p\u00fablica. El joven fue llevado a la Cl\u00ednica Los Almendros, donde se confirm\u00f3 su deceso.<\/p>\n<p>Por \u00faltimo, en la calle 84A con carrera 13, barrio Ciudad Modesto, en el suroccidente de Barranquilla, fue asesinado a bala un adolescente de 17 a\u00f1os, tambi\u00e9n en medio de una ri\u00f1a.<\/p>\n<p>El menor de edad llevado al Camino La Manga, donde los m\u00e9dicos de turno confirmaron que hab\u00eda llegado sin signos vitales.<\/p>\n","protected":false},"excerpt":{"rendered":"<p>Tres cr\u00edmenes se registraron en la noche del Lunes Santo en tres lugares distintos de Barranquilla. Uno de ellos ocurri\u00f3 en la calle 52 con carrera 33, barrio Lucero, donde un hombre a pie ingres\u00f3 a una vivienda y mat\u00f3 a una persona. El cuerpo del hombre qued\u00f3 tendido en la sala del inmueble hasta donde lleg\u00f3 el CTI a realizar la inspecci\u00f3n del cuerpo. El sicario posteriormente sali\u00f3 de la vivienda y huy\u00f3 en una motocicleta.<\/p>\n","protected":false},"author":1,"featured_media":8861,"comment_status":"open","ping_status":"open","sticky":false,"template":"","format":"standard","meta":{"footnotes":""},"categories":[172,24],"tags":[311,5256,5257,5258,5259],"class_list":["post-8860","post","type-post","status-publish","format-standard","has-post-thumbnail","hentry","category-judicial","category-region","tag-barranquilla","tag-barrio-ciudad-modesto","tag-barrio-las-cayenas","tag-barrio-lucero","tag-homicidios"],"yoast_head":"<!-- This site is optimized with the Yoast SEO plugin v27.7 - https:\/\/yoast.com\/product\/yoast-seo-wordpress\/ -->\n<title>Tres cr\u00edmenes en hechos aislados en Barranquilla: todos fueron a bala - Constrastes<\/title>\n<meta name=\"description\" content=\"Tres cr\u00edmenes se registraron en la noche del Lunes Santo en tres lugares distintos de Barranquilla. Uno de ellos ocurri\u00f3 en la calle 52 con carrera 33, barrio Lucero, donde un hombre a pie ingres\u00f3 a una vivienda y mat\u00f3 a una persona. El cuerpo del hombre qued\u00f3 tendido en la sala del inmueble hasta donde lleg\u00f3 el CTI a realizar la inspecci\u00f3n del cuerpo. El sicario posteriormente sali\u00f3 de la vivienda y huy\u00f3 en una motocicleta.\" \/>\n<meta name=\"robots\" content=\"index, follow, max-snippet:-1, max-image-preview:large, max-video-preview:-1\" \/>\n<link rel=\"canonical\" href=\"https:\/\/contrastes.com.co\/web\/2022\/04\/12\/tres-crimenes-en-hechos-aislados-en-barranquilla-todos-fueron-a-bala\/\" \/>\n<meta property=\"og:locale\" content=\"es_ES\" \/>\n<meta property=\"og:type\" content=\"article\" \/>\n<meta property=\"og:title\" content=\"Tres cr\u00edmenes en hechos aislados en Barranquilla: todos fueron a bala - Constrastes\" \/>\n<meta property=\"og:description\" content=\"Tres cr\u00edmenes se registraron en la noche del Lunes Santo en tres lugares distintos de Barranquilla. Uno de ellos ocurri\u00f3 en la calle 52 con carrera 33, barrio Lucero, donde un hombre a pie ingres\u00f3 a una vivienda y mat\u00f3 a una persona. El cuerpo del hombre qued\u00f3 tendido en la sala del inmueble hasta donde lleg\u00f3 el CTI a realizar la inspecci\u00f3n del cuerpo. El sicario posteriormente sali\u00f3 de la vivienda y huy\u00f3 en una motocicleta.\" \/>\n<meta property=\"og:url\" content=\"https:\/\/contrastes.com.co\/web\/2022\/04\/12\/tres-crimenes-en-hechos-aislados-en-barranquilla-todos-fueron-a-bala\/\" \/>\n<meta property=\"og:site_name\" content=\"Constrastes\" \/>\n<meta property=\"article:publisher\" content=\"https:\/\/www.facebook.com\/guillo.pantoja.1\" \/>\n<meta property=\"article:published_time\" content=\"2022-04-12T16:52:18+00:00\" \/>\n<meta name=\"author\" content=\"Editor\" \/>\n<meta name=\"twitter:card\" content=\"summary_large_image\" \/>\n<meta name=\"twitter:label1\" content=\"Escrito por\" \/>\n\t<meta name=\"twitter:data1\" content=\"Editor\" \/>\n\t<meta name=\"twitter:label2\" content=\"Tiempo de lectura\" \/>\n\t<meta name=\"twitter:data2\" content=\"1 minuto\" \/>\n<script type=\"application\/ld+json\" class=\"yoast-schema-graph\">{\"@context\":\"https:\\\/\\\/schema.org\",\"@graph\":[{\"@type\":\"Article\",\"@id\":\"https:\\\/\\\/contrastes.com.co\\\/web\\\/2022\\\/04\\\/12\\\/tres-crimenes-en-hechos-aislados-en-barranquilla-todos-fueron-a-bala\\\/#article\",\"isPartOf\":{\"@id\":\"https:\\\/\\\/contrastes.com.co\\\/web\\\/2022\\\/04\\\/12\\\/tres-crimenes-en-hechos-aislados-en-barranquilla-todos-fueron-a-bala\\\/\"},\"author\":{\"name\":\"Editor\",\"@id\":\"https:\\\/\\\/contrastes.com.co\\\/web\\\/#\\\/schema\\\/person\\\/62ef7a62dc4da6de450c71fc2e95ed02\"},\"headline\":\"Tres cr\u00edmenes en hechos aislados en Barranquilla: todos fueron a bala\",\"datePublished\":\"2022-04-12T16:52:18+00:00\",\"mainEntityOfPage\":{\"@id\":\"https:\\\/\\\/contrastes.com.co\\\/web\\\/2022\\\/04\\\/12\\\/tres-crimenes-en-hechos-aislados-en-barranquilla-todos-fueron-a-bala\\\/\"},\"wordCount\":236,\"commentCount\":0,\"publisher\":{\"@id\":\"https:\\\/\\\/contrastes.com.co\\\/web\\\/#organization\"},\"image\":{\"@id\":\"https:\\\/\\\/contrastes.com.co\\\/web\\\/2022\\\/04\\\/12\\\/tres-crimenes-en-hechos-aislados-en-barranquilla-todos-fueron-a-bala\\\/#primaryimage\"},\"thumbnailUrl\":\"\",\"keywords\":[\"Barranquilla\",\"barrio Ciudad Modesto\",\"barrio Las Cayenas\",\"Barrio Lucero\",\"homicidios\"],\"articleSection\":[\"Judicial\",\"Regi\u00f3n\"],\"inLanguage\":\"es\",\"potentialAction\":[{\"@type\":\"CommentAction\",\"name\":\"Comment\",\"target\":[\"https:\\\/\\\/contrastes.com.co\\\/web\\\/2022\\\/04\\\/12\\\/tres-crimenes-en-hechos-aislados-en-barranquilla-todos-fueron-a-bala\\\/#respond\"]}]},{\"@type\":\"WebPage\",\"@id\":\"https:\\\/\\\/contrastes.com.co\\\/web\\\/2022\\\/04\\\/12\\\/tres-crimenes-en-hechos-aislados-en-barranquilla-todos-fueron-a-bala\\\/\",\"url\":\"https:\\\/\\\/contrastes.com.co\\\/web\\\/2022\\\/04\\\/12\\\/tres-crimenes-en-hechos-aislados-en-barranquilla-todos-fueron-a-bala\\\/\",\"name\":\"Tres cr\u00edmenes en hechos aislados en Barranquilla: todos fueron a bala - Constrastes\",\"isPartOf\":{\"@id\":\"https:\\\/\\\/contrastes.com.co\\\/web\\\/#website\"},\"primaryImageOfPage\":{\"@id\":\"https:\\\/\\\/contrastes.com.co\\\/web\\\/2022\\\/04\\\/12\\\/tres-crimenes-en-hechos-aislados-en-barranquilla-todos-fueron-a-bala\\\/#primaryimage\"},\"image\":{\"@id\":\"https:\\\/\\\/contrastes.com.co\\\/web\\\/2022\\\/04\\\/12\\\/tres-crimenes-en-hechos-aislados-en-barranquilla-todos-fueron-a-bala\\\/#primaryimage\"},\"thumbnailUrl\":\"\",\"datePublished\":\"2022-04-12T16:52:18+00:00\",\"description\":\"Tres cr\u00edmenes se registraron en la noche del Lunes Santo en tres lugares distintos de Barranquilla. Uno de ellos ocurri\u00f3 en la calle 52 con carrera 33, barrio Lucero, donde un hombre a pie ingres\u00f3 a una vivienda y mat\u00f3 a una persona. El cuerpo del hombre qued\u00f3 tendido en la sala del inmueble hasta donde lleg\u00f3 el CTI a realizar la inspecci\u00f3n del cuerpo. El sicario posteriormente sali\u00f3 de la vivienda y huy\u00f3 en una motocicleta.\",\"breadcrumb\":{\"@id\":\"https:\\\/\\\/contrastes.com.co\\\/web\\\/2022\\\/04\\\/12\\\/tres-crimenes-en-hechos-aislados-en-barranquilla-todos-fueron-a-bala\\\/#breadcrumb\"},\"inLanguage\":\"es\",\"potentialAction\":[{\"@type\":\"ReadAction\",\"target\":[\"https:\\\/\\\/contrastes.com.co\\\/web\\\/2022\\\/04\\\/12\\\/tres-crimenes-en-hechos-aislados-en-barranquilla-todos-fueron-a-bala\\\/\"]}]},{\"@type\":\"ImageObject\",\"inLanguage\":\"es\",\"@id\":\"https:\\\/\\\/contrastes.com.co\\\/web\\\/2022\\\/04\\\/12\\\/tres-crimenes-en-hechos-aislados-en-barranquilla-todos-fueron-a-bala\\\/#primaryimage\",\"url\":\"\",\"contentUrl\":\"\"},{\"@type\":\"BreadcrumbList\",\"@id\":\"https:\\\/\\\/contrastes.com.co\\\/web\\\/2022\\\/04\\\/12\\\/tres-crimenes-en-hechos-aislados-en-barranquilla-todos-fueron-a-bala\\\/#breadcrumb\",\"itemListElement\":[{\"@type\":\"ListItem\",\"position\":1,\"name\":\"Portada\",\"item\":\"https:\\\/\\\/contrastes.com.co\\\/web\\\/\"},{\"@type\":\"ListItem\",\"position\":2,\"name\":\"Tres cr\u00edmenes en hechos aislados en Barranquilla: todos fueron a bala\"}]},{\"@type\":\"WebSite\",\"@id\":\"https:\\\/\\\/contrastes.com.co\\\/web\\\/#website\",\"url\":\"https:\\\/\\\/contrastes.com.co\\\/web\\\/\",\"name\":\"Contrastes\",\"description\":\"Periodismo de Conciencia\",\"publisher\":{\"@id\":\"https:\\\/\\\/contrastes.com.co\\\/web\\\/#organization\"},\"potentialAction\":[{\"@type\":\"SearchAction\",\"target\":{\"@type\":\"EntryPoint\",\"urlTemplate\":\"https:\\\/\\\/contrastes.com.co\\\/web\\\/?s={search_term_string}\"},\"query-input\":{\"@type\":\"PropertyValueSpecification\",\"valueRequired\":true,\"valueName\":\"search_term_string\"}}],\"inLanguage\":\"es\"},{\"@type\":\"Organization\",\"@id\":\"https:\\\/\\\/contrastes.com.co\\\/web\\\/#organization\",\"name\":\"Contrastes\",\"url\":\"https:\\\/\\\/contrastes.com.co\\\/web\\\/\",\"logo\":{\"@type\":\"ImageObject\",\"inLanguage\":\"es\",\"@id\":\"https:\\\/\\\/contrastes.com.co\\\/web\\\/#\\\/schema\\\/logo\\\/image\\\/\",\"url\":\"https:\\\/\\\/contrastes.com.co\\\/web\\\/wp-content\\\/uploads\\\/2025\\\/04\\\/15CONTRASTES3.png\",\"contentUrl\":\"https:\\\/\\\/contrastes.com.co\\\/web\\\/wp-content\\\/uploads\\\/2025\\\/04\\\/15CONTRASTES3.png\",\"width\":1536,\"height\":231,\"caption\":\"Contrastes\"},\"image\":{\"@id\":\"https:\\\/\\\/contrastes.com.co\\\/web\\\/#\\\/schema\\\/logo\\\/image\\\/\"},\"sameAs\":[\"https:\\\/\\\/www.facebook.com\\\/guillo.pantoja.1\"]},{\"@type\":\"Person\",\"@id\":\"https:\\\/\\\/contrastes.com.co\\\/web\\\/#\\\/schema\\\/person\\\/62ef7a62dc4da6de450c71fc2e95ed02\",\"name\":\"Editor\",\"image\":{\"@type\":\"ImageObject\",\"inLanguage\":\"es\",\"@id\":\"https:\\\/\\\/secure.gravatar.com\\\/avatar\\\/7bbb4f718d74bbf600dc556253bb04fd7ac8593751d6e2e3b85432d98aefae80?s=96&d=mm&r=g\",\"url\":\"https:\\\/\\\/secure.gravatar.com\\\/avatar\\\/7bbb4f718d74bbf600dc556253bb04fd7ac8593751d6e2e3b85432d98aefae80?s=96&d=mm&r=g\",\"contentUrl\":\"https:\\\/\\\/secure.gravatar.com\\\/avatar\\\/7bbb4f718d74bbf600dc556253bb04fd7ac8593751d6e2e3b85432d98aefae80?s=96&d=mm&r=g\",\"caption\":\"Editor\"},\"sameAs\":[\"https:\\\/\\\/contrastes.com.co\\\/web\"],\"url\":\"https:\\\/\\\/contrastes.com.co\\\/web\\\/author\\\/jdbobadilla\\\/\"}]}<\/script>\n<!-- \/ Yoast SEO plugin. -->","yoast_head_json":{"title":"Tres cr\u00edmenes en hechos aislados en Barranquilla: todos fueron a bala - Constrastes","description":"Tres cr\u00edmenes se registraron en la noche del Lunes Santo en tres lugares distintos de Barranquilla. Uno de ellos ocurri\u00f3 en la calle 52 con carrera 33, barrio Lucero, donde un hombre a pie ingres\u00f3 a una vivienda y mat\u00f3 a una persona. El cuerpo del hombre qued\u00f3 tendido en la sala del inmueble hasta donde lleg\u00f3 el CTI a realizar la inspecci\u00f3n del cuerpo. El sicario posteriormente sali\u00f3 de la vivienda y huy\u00f3 en una motocicleta.","robots":{"index":"index","follow":"follow","max-snippet":"max-snippet:-1","max-image-preview":"max-image-preview:large","max-video-preview":"max-video-preview:-1"},"canonical":"https:\/\/contrastes.com.co\/web\/2022\/04\/12\/tres-crimenes-en-hechos-aislados-en-barranquilla-todos-fueron-a-bala\/","og_locale":"es_ES","og_type":"article","og_title":"Tres cr\u00edmenes en hechos aislados en Barranquilla: todos fueron a bala - Constrastes","og_description":"Tres cr\u00edmenes se registraron en la noche del Lunes Santo en tres lugares distintos de Barranquilla. Uno de ellos ocurri\u00f3 en la calle 52 con carrera 33, barrio Lucero, donde un hombre a pie ingres\u00f3 a una vivienda y mat\u00f3 a una persona. El cuerpo del hombre qued\u00f3 tendido en la sala del inmueble hasta donde lleg\u00f3 el CTI a realizar la inspecci\u00f3n del cuerpo. El sicario posteriormente sali\u00f3 de la vivienda y huy\u00f3 en una motocicleta.","og_url":"https:\/\/contrastes.com.co\/web\/2022\/04\/12\/tres-crimenes-en-hechos-aislados-en-barranquilla-todos-fueron-a-bala\/","og_site_name":"Constrastes","article_publisher":"https:\/\/www.facebook.com\/guillo.pantoja.1","article_published_time":"2022-04-12T16:52:18+00:00","author":"Editor","twitter_card":"summary_large_image","twitter_misc":{"Escrito por":"Editor","Tiempo de lectura":"1 minuto"},"schema":{"@context":"https:\/\/schema.org","@graph":[{"@type":"Article","@id":"https:\/\/contrastes.com.co\/web\/2022\/04\/12\/tres-crimenes-en-hechos-aislados-en-barranquilla-todos-fueron-a-bala\/#article","isPartOf":{"@id":"https:\/\/contrastes.com.co\/web\/2022\/04\/12\/tres-crimenes-en-hechos-aislados-en-barranquilla-todos-fueron-a-bala\/"},"author":{"name":"Editor","@id":"https:\/\/contrastes.com.co\/web\/#\/schema\/person\/62ef7a62dc4da6de450c71fc2e95ed02"},"headline":"Tres cr\u00edmenes en hechos aislados en Barranquilla: todos fueron a bala","datePublished":"2022-04-12T16:52:18+00:00","mainEntityOfPage":{"@id":"https:\/\/contrastes.com.co\/web\/2022\/04\/12\/tres-crimenes-en-hechos-aislados-en-barranquilla-todos-fueron-a-bala\/"},"wordCount":236,"commentCount":0,"publisher":{"@id":"https:\/\/contrastes.com.co\/web\/#organization"},"image":{"@id":"https:\/\/contrastes.com.co\/web\/2022\/04\/12\/tres-crimenes-en-hechos-aislados-en-barranquilla-todos-fueron-a-bala\/#primaryimage"},"thumbnailUrl":"","keywords":["Barranquilla","barrio Ciudad Modesto","barrio Las Cayenas","Barrio Lucero","homicidios"],"articleSection":["Judicial","Regi\u00f3n"],"inLanguage":"es","potentialAction":[{"@type":"CommentAction","name":"Comment","target":["https:\/\/contrastes.com.co\/web\/2022\/04\/12\/tres-crimenes-en-hechos-aislados-en-barranquilla-todos-fueron-a-bala\/#respond"]}]},{"@type":"WebPage","@id":"https:\/\/contrastes.com.co\/web\/2022\/04\/12\/tres-crimenes-en-hechos-aislados-en-barranquilla-todos-fueron-a-bala\/","url":"https:\/\/contrastes.com.co\/web\/2022\/04\/12\/tres-crimenes-en-hechos-aislados-en-barranquilla-todos-fueron-a-bala\/","name":"Tres cr\u00edmenes en hechos aislados en Barranquilla: todos fueron a bala - Constrastes","isPartOf":{"@id":"https:\/\/contrastes.com.co\/web\/#website"},"primaryImageOfPage":{"@id":"https:\/\/contrastes.com.co\/web\/2022\/04\/12\/tres-crimenes-en-hechos-aislados-en-barranquilla-todos-fueron-a-bala\/#primaryimage"},"image":{"@id":"https:\/\/contrastes.com.co\/web\/2022\/04\/12\/tres-crimenes-en-hechos-aislados-en-barranquilla-todos-fueron-a-bala\/#primaryimage"},"thumbnailUrl":"","datePublished":"2022-04-12T16:52:18+00:00","description":"Tres cr\u00edmenes se registraron en la noche del Lunes Santo en tres lugares distintos de Barranquilla. Uno de ellos ocurri\u00f3 en la calle 52 con carrera 33, barrio Lucero, donde un hombre a pie ingres\u00f3 a una vivienda y mat\u00f3 a una persona. El cuerpo del hombre qued\u00f3 tendido en la sala del inmueble hasta donde lleg\u00f3 el CTI a realizar la inspecci\u00f3n del cuerpo. El sicario posteriormente sali\u00f3 de la vivienda y huy\u00f3 en una motocicleta.","breadcrumb":{"@id":"https:\/\/contrastes.com.co\/web\/2022\/04\/12\/tres-crimenes-en-hechos-aislados-en-barranquilla-todos-fueron-a-bala\/#breadcrumb"},"inLanguage":"es","potentialAction":[{"@type":"ReadAction","target":["https:\/\/contrastes.com.co\/web\/2022\/04\/12\/tres-crimenes-en-hechos-aislados-en-barranquilla-todos-fueron-a-bala\/"]}]},{"@type":"ImageObject","inLanguage":"es","@id":"https:\/\/contrastes.com.co\/web\/2022\/04\/12\/tres-crimenes-en-hechos-aislados-en-barranquilla-todos-fueron-a-bala\/#primaryimage","url":"","contentUrl":""},{"@type":"BreadcrumbList","@id":"https:\/\/contrastes.com.co\/web\/2022\/04\/12\/tres-crimenes-en-hechos-aislados-en-barranquilla-todos-fueron-a-bala\/#breadcrumb","itemListElement":[{"@type":"ListItem","position":1,"name":"Portada","item":"https:\/\/contrastes.com.co\/web\/"},{"@type":"ListItem","position":2,"name":"Tres cr\u00edmenes en hechos aislados en Barranquilla: todos fueron a bala"}]},{"@type":"WebSite","@id":"https:\/\/contrastes.com.co\/web\/#website","url":"https:\/\/contrastes.com.co\/web\/","name":"Contrastes","description":"Periodismo de Conciencia","publisher":{"@id":"https:\/\/contrastes.com.co\/web\/#organization"},"potentialAction":[{"@type":"SearchAction","target":{"@type":"EntryPoint","urlTemplate":"https:\/\/contrastes.com.co\/web\/?s={search_term_string}"},"query-input":{"@type":"PropertyValueSpecification","valueRequired":true,"valueName":"search_term_string"}}],"inLanguage":"es"},{"@type":"Organization","@id":"https:\/\/contrastes.com.co\/web\/#organization","name":"Contrastes","url":"https:\/\/contrastes.com.co\/web\/","logo":{"@type":"ImageObject","inLanguage":"es","@id":"https:\/\/contrastes.com.co\/web\/#\/schema\/logo\/image\/","url":"https:\/\/contrastes.com.co\/web\/wp-content\/uploads\/2025\/04\/15CONTRASTES3.png","contentUrl":"https:\/\/contrastes.com.co\/web\/wp-content\/uploads\/2025\/04\/15CONTRASTES3.png","width":1536,"height":231,"caption":"Contrastes"},"image":{"@id":"https:\/\/contrastes.com.co\/web\/#\/schema\/logo\/image\/"},"sameAs":["https:\/\/www.facebook.com\/guillo.pantoja.1"]},{"@type":"Person","@id":"https:\/\/contrastes.com.co\/web\/#\/schema\/person\/62ef7a62dc4da6de450c71fc2e95ed02","name":"Editor","image":{"@type":"ImageObject","inLanguage":"es","@id":"https:\/\/secure.gravatar.com\/avatar\/7bbb4f718d74bbf600dc556253bb04fd7ac8593751d6e2e3b85432d98aefae80?s=96&d=mm&r=g","url":"https:\/\/secure.gravatar.com\/avatar\/7bbb4f718d74bbf600dc556253bb04fd7ac8593751d6e2e3b85432d98aefae80?s=96&d=mm&r=g","contentUrl":"https:\/\/secure.gravatar.com\/avatar\/7bbb4f718d74bbf600dc556253bb04fd7ac8593751d6e2e3b85432d98aefae80?s=96&d=mm&r=g","caption":"Editor"},"sameAs":["https:\/\/contrastes.com.co\/web"],"url":"https:\/\/contrastes.com.co\/web\/author\/jdbobadilla\/"}]}},"blog_post_layout_featured_media_urls":{"thumbnail":"","full":""},"categories_names":{"172":{"name":"Judicial","link":"https:\/\/contrastes.com.co\/web\/category\/judicial\/"},"24":{"name":"Regi\u00f3n","link":"https:\/\/contrastes.com.co\/web\/category\/region\/"}},"tags_names":{"311":{"name":"Barranquilla","link":"https:\/\/contrastes.com.co\/web\/tag\/barranquilla\/"},"5256":{"name":"barrio Ciudad Modesto","link":"https:\/\/contrastes.com.co\/web\/tag\/barrio-ciudad-modesto\/"},"5257":{"name":"barrio Las Cayenas","link":"https:\/\/contrastes.com.co\/web\/tag\/barrio-las-cayenas\/"},"5258":{"name":"Barrio Lucero","link":"https:\/\/contrastes.com.co\/web\/tag\/barrio-lucero\/"},"5259":{"name":"homicidios","link":"https:\/\/contrastes.com.co\/web\/tag\/homicidios\/"}},"comments_number":"0","wpmagazine_modules_lite_featured_media_urls":{"thumbnail":"","cvmm-medium":"","cvmm-medium-plus":"","cvmm-portrait":"","cvmm-medium-square":"","cvmm-large":"","cvmm-small":"","full":""},"_links":{"self":[{"href":"https:\/\/contrastes.com.co\/web\/wp-json\/wp\/v2\/posts\/8860","targetHints":{"allow":["GET"]}}],"collection":[{"href":"https:\/\/contrastes.com.co\/web\/wp-json\/wp\/v2\/posts"}],"about":[{"href":"https:\/\/contrastes.com.co\/web\/wp-json\/wp\/v2\/types\/post"}],"author":[{"embeddable":true,"href":"https:\/\/contrastes.com.co\/web\/wp-json\/wp\/v2\/users\/1"}],"replies":[{"embeddable":true,"href":"https:\/\/contrastes.com.co\/web\/wp-json\/wp\/v2\/comments?post=8860"}],"version-history":[{"count":0,"href":"https:\/\/contrastes.com.co\/web\/wp-json\/wp\/v2\/posts\/8860\/revisions"}],"wp:attachment":[{"href":"https:\/\/contrastes.com.co\/web\/wp-json\/wp\/v2\/media?parent=8860"}],"wp:term":[{"taxonomy":"category","embeddable":true,"href":"https:\/\/contrastes.com.co\/web\/wp-json\/wp\/v2\/categories?post=8860"},{"taxonomy":"post_tag","embeddable":true,"href":"https:\/\/contrastes.com.co\/web\/wp-json\/wp\/v2\/tags?post=8860"}],"curies":[{"name":"wp","href":"https:\/\/api.w.org\/{rel}","templated":true}]}}