{"id":8869,"date":"2022-04-13T12:07:38","date_gmt":"2022-04-13T17:07:38","guid":{"rendered":"https:\/\/contrastes.com.co\/digital\/?p=8869"},"modified":"2022-04-13T12:07:38","modified_gmt":"2022-04-13T17:07:38","slug":"8869-2","status":"publish","type":"post","link":"https:\/\/contrastes.com.co\/web\/2022\/04\/13\/8869-2\/","title":{"rendered":"Junior recibe a Fluminense buscando la cabeza del grupo en la Copa Sudamericana"},"content":{"rendered":"<p><strong>*Junior recibe a Fluminense buscando la cabeza del grupo en la Sudamericana<\/strong><\/p>\n<blockquote><p><strong>Los rojiblancos se miden al compromiso, buscando romper la seguidilla de empates con un triunfo que los ponga l\u00edderes del grupo, en la Copa Sudamericana<\/strong><\/p><\/blockquote>\n<p><img decoding=\"async\" class=\"alignleft wp-image-8657\" src=\"https:\/\/contrastes.com.co\/digital\/wp-content\/uploads\/2022\/03\/u-capitular.png\" alt=\"u capitular\" width=\"48\" height=\"48\" \/>n duro examen afrontar\u00e1 la noche de este mi\u00e9rcoles el entrenador Juan Cruz Real. Luego de dos empates poco convincentes ante el <strong>Uni\u00f3n de Santa Fe<\/strong> y el <strong>Deportivo Cali<\/strong>, ahora los barranquilleros tendr\u00e1n que disputar la victoria ante el encopetado <strong>Fluminense de R\u00edo de Janeiro<\/strong>, uno de los grandes y tradicionales de Brasil.<\/p>\n<p>Adem\u00e1s, el partido les brinda una gran oportunidad, tomar la punta del grupo con un triunfo, debido a que ayer Uni\u00f3n de Santa Fe venci\u00f3 a Oriente Petrolero y con los tres puntos de hoy los \u2018Tiburones\u2019 se podr\u00edan trepar a lo m\u00e1s alto de su zona. Algo importante, teniendo en cuenta que en la <strong>Copa Sudamericana<\/strong> solo pasa uno por grupo.<\/p>\n<p>Durante la previa del partido, el entrenador Cruz Real se\u00f1al\u00f3 que han venido trabajando para llegar en buenas condiciones para este duelo tan importante.<\/p>\n<p>\u201cHan sido tres meses muy duros porque hay mucha secuencia de partidos seguidos, poco tiempo para entrenar. Pero conforme porque el equipo ha logrado los objetivos de clasificar en Sudamericana, sumamos en Argentina y en liga somos quintos\u201d, manifest\u00f3.<\/p>\n<p><strong>Junior tendr\u00e1 dos bajas fundamentales. El lesionado Homer Mart\u00ednez, quien ser\u00e1 intervenido quir\u00fargicamente en las pr\u00f3ximas horas y el venezolano Luis \u2018Cariaco\u2019 Gonz\u00e1lez, quien se pierde el partido por expulsi\u00f3n en la fecha anterior.<\/strong><\/p>\n<p>As\u00ed las cosas, los Tiburones jugar\u00edan con Sebasti\u00e1n Viera; Fabi\u00e1n Vi\u00e1fara, Danny Rosero, Jorge Arias, Gabriel Fuentes; Didier Moreno, Yesus Cabrera, Fabi\u00e1n Sambueza, Freddy Hinestroza, Edwin Cetr\u00e9 y Miguel \u00c1ngel Borja.<\/p>\n<p>En cuanto al visitante, hay que decir que Fluminense llega de ganar la Copa Carioca ante su m\u00e1ximo rival, el Flamengo.<\/p>\n<p>Los brasile\u00f1os vienen confiados de poder marcar la diferencia y cuentan con un inspirado Germ\u00e1n Ezequiel Cano.<\/p>\n<p>El \u2018Flu\u2019 gan\u00f3 la fecha anterior, as\u00ed que ganando tomar\u00eda buena ventaja sobre todos los dem\u00e1s elencos del grupo.<\/p>\n<p>Los cariocas formaron con F\u00e1bio, David Duarte, Manoel, Braz, Cristiano, Samuel Xavier, Andr\u00e9, Yago, Paulo Ganso, Germ\u00e1n Cano y Jhon Arias.<\/p>\n<p>El partido se jugar\u00e1 en el estadio Metropolitano Roberto Mel\u00e9ndez, desde las 7:30 de la noche.<\/p>\n","protected":false},"excerpt":{"rendered":"<p>Un duro examen afrontar\u00e1 la noche de este mi\u00e9rcoles el entrenador Juan Cruz Real. Luego de dos empates poco convincentes ante el Uni\u00f3n de Santa Fe y el Deportivo Cali, ahora los barranquilleros tendr\u00e1n que disputar la victoria ante el encopetado Fluminense de R\u00edo de Janeiro, uno de los grandes y tradicionales de Brasil.\u00a0<\/p>\n","protected":false},"author":1,"featured_media":8870,"comment_status":"open","ping_status":"open","sticky":false,"template":"","format":"standard","meta":{"footnotes":""},"categories":[151,5048,88,101],"tags":[1326,5267,5268,5269,1245],"class_list":["post-8869","post","type-post","status-publish","format-standard","has-post-thumbnail","hentry","category-deportes","category-futbol","category-mundo","category-pais","tag-copa-sudamericana","tag-estadio-metropolitano-roberto-melendez","tag-fluminense","tag-fluminense-de-rio-de-janeiro","tag-junior-de-barranquilla"],"yoast_head":"<!-- This site is optimized with the Yoast SEO plugin v27.7 - https:\/\/yoast.com\/product\/yoast-seo-wordpress\/ -->\n<title>Junior recibe a Fluminense buscando la cabeza del grupo en la Copa Sudamericana - Constrastes<\/title>\n<meta name=\"description\" content=\"Un duro examen afrontar\u00e1 la noche de este mi\u00e9rcoles el entrenador Juan Cruz Real. Luego de dos empates poco convincentes ante el Uni\u00f3n de Santa Fe y el Deportivo Cali, ahora los barranquilleros tendr\u00e1n que disputar la victoria ante el encopetado Fluminense de R\u00edo de Janeiro, uno de los grandes y tradicionales de Brasil.\u00a0\" \/>\n<meta name=\"robots\" content=\"index, follow, max-snippet:-1, max-image-preview:large, max-video-preview:-1\" \/>\n<link rel=\"canonical\" href=\"https:\/\/contrastes.com.co\/web\/2022\/04\/13\/8869-2\/\" \/>\n<meta property=\"og:locale\" content=\"es_ES\" \/>\n<meta property=\"og:type\" content=\"article\" \/>\n<meta property=\"og:title\" content=\"Junior recibe a Fluminense buscando la cabeza del grupo en la Copa Sudamericana - Constrastes\" \/>\n<meta property=\"og:description\" content=\"Un duro examen afrontar\u00e1 la noche de este mi\u00e9rcoles el entrenador Juan Cruz Real. Luego de dos empates poco convincentes ante el Uni\u00f3n de Santa Fe y el Deportivo Cali, ahora los barranquilleros tendr\u00e1n que disputar la victoria ante el encopetado Fluminense de R\u00edo de Janeiro, uno de los grandes y tradicionales de Brasil.\u00a0\" \/>\n<meta property=\"og:url\" content=\"https:\/\/contrastes.com.co\/web\/2022\/04\/13\/8869-2\/\" \/>\n<meta property=\"og:site_name\" content=\"Constrastes\" \/>\n<meta property=\"article:publisher\" content=\"https:\/\/www.facebook.com\/guillo.pantoja.1\" \/>\n<meta property=\"article:published_time\" content=\"2022-04-13T17:07:38+00:00\" \/>\n<meta name=\"author\" content=\"Editor\" \/>\n<meta name=\"twitter:card\" content=\"summary_large_image\" \/>\n<meta name=\"twitter:label1\" content=\"Escrito por\" \/>\n\t<meta name=\"twitter:data1\" content=\"Editor\" \/>\n\t<meta name=\"twitter:label2\" content=\"Tiempo de lectura\" \/>\n\t<meta name=\"twitter:data2\" content=\"2 minutos\" \/>\n<script type=\"application\/ld+json\" class=\"yoast-schema-graph\">{\"@context\":\"https:\\\/\\\/schema.org\",\"@graph\":[{\"@type\":\"Article\",\"@id\":\"https:\\\/\\\/contrastes.com.co\\\/web\\\/2022\\\/04\\\/13\\\/8869-2\\\/#article\",\"isPartOf\":{\"@id\":\"https:\\\/\\\/contrastes.com.co\\\/web\\\/2022\\\/04\\\/13\\\/8869-2\\\/\"},\"author\":{\"name\":\"Editor\",\"@id\":\"https:\\\/\\\/contrastes.com.co\\\/web\\\/#\\\/schema\\\/person\\\/62ef7a62dc4da6de450c71fc2e95ed02\"},\"headline\":\"Junior recibe a Fluminense buscando la cabeza del grupo en la Copa Sudamericana\",\"datePublished\":\"2022-04-13T17:07:38+00:00\",\"mainEntityOfPage\":{\"@id\":\"https:\\\/\\\/contrastes.com.co\\\/web\\\/2022\\\/04\\\/13\\\/8869-2\\\/\"},\"wordCount\":415,\"commentCount\":0,\"publisher\":{\"@id\":\"https:\\\/\\\/contrastes.com.co\\\/web\\\/#organization\"},\"image\":{\"@id\":\"https:\\\/\\\/contrastes.com.co\\\/web\\\/2022\\\/04\\\/13\\\/8869-2\\\/#primaryimage\"},\"thumbnailUrl\":\"\",\"keywords\":[\"Copa Sudamericana\",\"estadio Metropolitano Roberto Mel\u00e9ndez\",\"Fluminense\",\"Fluminense de R\u00edo de Janeiro\",\"Junior de Barranquilla\"],\"articleSection\":[\"Deportes\",\"F\u00fatbol\",\"Mundo\",\"Pa\u00eds\"],\"inLanguage\":\"es\",\"potentialAction\":[{\"@type\":\"CommentAction\",\"name\":\"Comment\",\"target\":[\"https:\\\/\\\/contrastes.com.co\\\/web\\\/2022\\\/04\\\/13\\\/8869-2\\\/#respond\"]}]},{\"@type\":\"WebPage\",\"@id\":\"https:\\\/\\\/contrastes.com.co\\\/web\\\/2022\\\/04\\\/13\\\/8869-2\\\/\",\"url\":\"https:\\\/\\\/contrastes.com.co\\\/web\\\/2022\\\/04\\\/13\\\/8869-2\\\/\",\"name\":\"Junior recibe a Fluminense buscando la cabeza del grupo en la Copa Sudamericana - Constrastes\",\"isPartOf\":{\"@id\":\"https:\\\/\\\/contrastes.com.co\\\/web\\\/#website\"},\"primaryImageOfPage\":{\"@id\":\"https:\\\/\\\/contrastes.com.co\\\/web\\\/2022\\\/04\\\/13\\\/8869-2\\\/#primaryimage\"},\"image\":{\"@id\":\"https:\\\/\\\/contrastes.com.co\\\/web\\\/2022\\\/04\\\/13\\\/8869-2\\\/#primaryimage\"},\"thumbnailUrl\":\"\",\"datePublished\":\"2022-04-13T17:07:38+00:00\",\"description\":\"Un duro examen afrontar\u00e1 la noche de este mi\u00e9rcoles el entrenador Juan Cruz Real. Luego de dos empates poco convincentes ante el Uni\u00f3n de Santa Fe y el Deportivo Cali, ahora los barranquilleros tendr\u00e1n que disputar la victoria ante el encopetado Fluminense de R\u00edo de Janeiro, uno de los grandes y tradicionales de Brasil.\u00a0\",\"breadcrumb\":{\"@id\":\"https:\\\/\\\/contrastes.com.co\\\/web\\\/2022\\\/04\\\/13\\\/8869-2\\\/#breadcrumb\"},\"inLanguage\":\"es\",\"potentialAction\":[{\"@type\":\"ReadAction\",\"target\":[\"https:\\\/\\\/contrastes.com.co\\\/web\\\/2022\\\/04\\\/13\\\/8869-2\\\/\"]}]},{\"@type\":\"ImageObject\",\"inLanguage\":\"es\",\"@id\":\"https:\\\/\\\/contrastes.com.co\\\/web\\\/2022\\\/04\\\/13\\\/8869-2\\\/#primaryimage\",\"url\":\"\",\"contentUrl\":\"\"},{\"@type\":\"BreadcrumbList\",\"@id\":\"https:\\\/\\\/contrastes.com.co\\\/web\\\/2022\\\/04\\\/13\\\/8869-2\\\/#breadcrumb\",\"itemListElement\":[{\"@type\":\"ListItem\",\"position\":1,\"name\":\"Portada\",\"item\":\"https:\\\/\\\/contrastes.com.co\\\/web\\\/\"},{\"@type\":\"ListItem\",\"position\":2,\"name\":\"Junior recibe a Fluminense buscando la cabeza del grupo en la Copa Sudamericana\"}]},{\"@type\":\"WebSite\",\"@id\":\"https:\\\/\\\/contrastes.com.co\\\/web\\\/#website\",\"url\":\"https:\\\/\\\/contrastes.com.co\\\/web\\\/\",\"name\":\"Contrastes\",\"description\":\"Periodismo de Conciencia\",\"publisher\":{\"@id\":\"https:\\\/\\\/contrastes.com.co\\\/web\\\/#organization\"},\"potentialAction\":[{\"@type\":\"SearchAction\",\"target\":{\"@type\":\"EntryPoint\",\"urlTemplate\":\"https:\\\/\\\/contrastes.com.co\\\/web\\\/?s={search_term_string}\"},\"query-input\":{\"@type\":\"PropertyValueSpecification\",\"valueRequired\":true,\"valueName\":\"search_term_string\"}}],\"inLanguage\":\"es\"},{\"@type\":\"Organization\",\"@id\":\"https:\\\/\\\/contrastes.com.co\\\/web\\\/#organization\",\"name\":\"Contrastes\",\"url\":\"https:\\\/\\\/contrastes.com.co\\\/web\\\/\",\"logo\":{\"@type\":\"ImageObject\",\"inLanguage\":\"es\",\"@id\":\"https:\\\/\\\/contrastes.com.co\\\/web\\\/#\\\/schema\\\/logo\\\/image\\\/\",\"url\":\"https:\\\/\\\/contrastes.com.co\\\/web\\\/wp-content\\\/uploads\\\/2025\\\/04\\\/15CONTRASTES3.png\",\"contentUrl\":\"https:\\\/\\\/contrastes.com.co\\\/web\\\/wp-content\\\/uploads\\\/2025\\\/04\\\/15CONTRASTES3.png\",\"width\":1536,\"height\":231,\"caption\":\"Contrastes\"},\"image\":{\"@id\":\"https:\\\/\\\/contrastes.com.co\\\/web\\\/#\\\/schema\\\/logo\\\/image\\\/\"},\"sameAs\":[\"https:\\\/\\\/www.facebook.com\\\/guillo.pantoja.1\"]},{\"@type\":\"Person\",\"@id\":\"https:\\\/\\\/contrastes.com.co\\\/web\\\/#\\\/schema\\\/person\\\/62ef7a62dc4da6de450c71fc2e95ed02\",\"name\":\"Editor\",\"image\":{\"@type\":\"ImageObject\",\"inLanguage\":\"es\",\"@id\":\"https:\\\/\\\/secure.gravatar.com\\\/avatar\\\/7bbb4f718d74bbf600dc556253bb04fd7ac8593751d6e2e3b85432d98aefae80?s=96&d=mm&r=g\",\"url\":\"https:\\\/\\\/secure.gravatar.com\\\/avatar\\\/7bbb4f718d74bbf600dc556253bb04fd7ac8593751d6e2e3b85432d98aefae80?s=96&d=mm&r=g\",\"contentUrl\":\"https:\\\/\\\/secure.gravatar.com\\\/avatar\\\/7bbb4f718d74bbf600dc556253bb04fd7ac8593751d6e2e3b85432d98aefae80?s=96&d=mm&r=g\",\"caption\":\"Editor\"},\"sameAs\":[\"https:\\\/\\\/contrastes.com.co\\\/web\"],\"url\":\"https:\\\/\\\/contrastes.com.co\\\/web\\\/author\\\/jdbobadilla\\\/\"}]}<\/script>\n<!-- \/ Yoast SEO plugin. -->","yoast_head_json":{"title":"Junior recibe a Fluminense buscando la cabeza del grupo en la Copa Sudamericana - Constrastes","description":"Un duro examen afrontar\u00e1 la noche de este mi\u00e9rcoles el entrenador Juan Cruz Real. Luego de dos empates poco convincentes ante el Uni\u00f3n de Santa Fe y el Deportivo Cali, ahora los barranquilleros tendr\u00e1n que disputar la victoria ante el encopetado Fluminense de R\u00edo de Janeiro, uno de los grandes y tradicionales de Brasil.\u00a0","robots":{"index":"index","follow":"follow","max-snippet":"max-snippet:-1","max-image-preview":"max-image-preview:large","max-video-preview":"max-video-preview:-1"},"canonical":"https:\/\/contrastes.com.co\/web\/2022\/04\/13\/8869-2\/","og_locale":"es_ES","og_type":"article","og_title":"Junior recibe a Fluminense buscando la cabeza del grupo en la Copa Sudamericana - Constrastes","og_description":"Un duro examen afrontar\u00e1 la noche de este mi\u00e9rcoles el entrenador Juan Cruz Real. Luego de dos empates poco convincentes ante el Uni\u00f3n de Santa Fe y el Deportivo Cali, ahora los barranquilleros tendr\u00e1n que disputar la victoria ante el encopetado Fluminense de R\u00edo de Janeiro, uno de los grandes y tradicionales de Brasil.\u00a0","og_url":"https:\/\/contrastes.com.co\/web\/2022\/04\/13\/8869-2\/","og_site_name":"Constrastes","article_publisher":"https:\/\/www.facebook.com\/guillo.pantoja.1","article_published_time":"2022-04-13T17:07:38+00:00","author":"Editor","twitter_card":"summary_large_image","twitter_misc":{"Escrito por":"Editor","Tiempo de lectura":"2 minutos"},"schema":{"@context":"https:\/\/schema.org","@graph":[{"@type":"Article","@id":"https:\/\/contrastes.com.co\/web\/2022\/04\/13\/8869-2\/#article","isPartOf":{"@id":"https:\/\/contrastes.com.co\/web\/2022\/04\/13\/8869-2\/"},"author":{"name":"Editor","@id":"https:\/\/contrastes.com.co\/web\/#\/schema\/person\/62ef7a62dc4da6de450c71fc2e95ed02"},"headline":"Junior recibe a Fluminense buscando la cabeza del grupo en la Copa Sudamericana","datePublished":"2022-04-13T17:07:38+00:00","mainEntityOfPage":{"@id":"https:\/\/contrastes.com.co\/web\/2022\/04\/13\/8869-2\/"},"wordCount":415,"commentCount":0,"publisher":{"@id":"https:\/\/contrastes.com.co\/web\/#organization"},"image":{"@id":"https:\/\/contrastes.com.co\/web\/2022\/04\/13\/8869-2\/#primaryimage"},"thumbnailUrl":"","keywords":["Copa Sudamericana","estadio Metropolitano Roberto Mel\u00e9ndez","Fluminense","Fluminense de R\u00edo de Janeiro","Junior de Barranquilla"],"articleSection":["Deportes","F\u00fatbol","Mundo","Pa\u00eds"],"inLanguage":"es","potentialAction":[{"@type":"CommentAction","name":"Comment","target":["https:\/\/contrastes.com.co\/web\/2022\/04\/13\/8869-2\/#respond"]}]},{"@type":"WebPage","@id":"https:\/\/contrastes.com.co\/web\/2022\/04\/13\/8869-2\/","url":"https:\/\/contrastes.com.co\/web\/2022\/04\/13\/8869-2\/","name":"Junior recibe a Fluminense buscando la cabeza del grupo en la Copa Sudamericana - Constrastes","isPartOf":{"@id":"https:\/\/contrastes.com.co\/web\/#website"},"primaryImageOfPage":{"@id":"https:\/\/contrastes.com.co\/web\/2022\/04\/13\/8869-2\/#primaryimage"},"image":{"@id":"https:\/\/contrastes.com.co\/web\/2022\/04\/13\/8869-2\/#primaryimage"},"thumbnailUrl":"","datePublished":"2022-04-13T17:07:38+00:00","description":"Un duro examen afrontar\u00e1 la noche de este mi\u00e9rcoles el entrenador Juan Cruz Real. Luego de dos empates poco convincentes ante el Uni\u00f3n de Santa Fe y el Deportivo Cali, ahora los barranquilleros tendr\u00e1n que disputar la victoria ante el encopetado Fluminense de R\u00edo de Janeiro, uno de los grandes y tradicionales de Brasil.\u00a0","breadcrumb":{"@id":"https:\/\/contrastes.com.co\/web\/2022\/04\/13\/8869-2\/#breadcrumb"},"inLanguage":"es","potentialAction":[{"@type":"ReadAction","target":["https:\/\/contrastes.com.co\/web\/2022\/04\/13\/8869-2\/"]}]},{"@type":"ImageObject","inLanguage":"es","@id":"https:\/\/contrastes.com.co\/web\/2022\/04\/13\/8869-2\/#primaryimage","url":"","contentUrl":""},{"@type":"BreadcrumbList","@id":"https:\/\/contrastes.com.co\/web\/2022\/04\/13\/8869-2\/#breadcrumb","itemListElement":[{"@type":"ListItem","position":1,"name":"Portada","item":"https:\/\/contrastes.com.co\/web\/"},{"@type":"ListItem","position":2,"name":"Junior recibe a Fluminense buscando la cabeza del grupo en la Copa Sudamericana"}]},{"@type":"WebSite","@id":"https:\/\/contrastes.com.co\/web\/#website","url":"https:\/\/contrastes.com.co\/web\/","name":"Contrastes","description":"Periodismo de Conciencia","publisher":{"@id":"https:\/\/contrastes.com.co\/web\/#organization"},"potentialAction":[{"@type":"SearchAction","target":{"@type":"EntryPoint","urlTemplate":"https:\/\/contrastes.com.co\/web\/?s={search_term_string}"},"query-input":{"@type":"PropertyValueSpecification","valueRequired":true,"valueName":"search_term_string"}}],"inLanguage":"es"},{"@type":"Organization","@id":"https:\/\/contrastes.com.co\/web\/#organization","name":"Contrastes","url":"https:\/\/contrastes.com.co\/web\/","logo":{"@type":"ImageObject","inLanguage":"es","@id":"https:\/\/contrastes.com.co\/web\/#\/schema\/logo\/image\/","url":"https:\/\/contrastes.com.co\/web\/wp-content\/uploads\/2025\/04\/15CONTRASTES3.png","contentUrl":"https:\/\/contrastes.com.co\/web\/wp-content\/uploads\/2025\/04\/15CONTRASTES3.png","width":1536,"height":231,"caption":"Contrastes"},"image":{"@id":"https:\/\/contrastes.com.co\/web\/#\/schema\/logo\/image\/"},"sameAs":["https:\/\/www.facebook.com\/guillo.pantoja.1"]},{"@type":"Person","@id":"https:\/\/contrastes.com.co\/web\/#\/schema\/person\/62ef7a62dc4da6de450c71fc2e95ed02","name":"Editor","image":{"@type":"ImageObject","inLanguage":"es","@id":"https:\/\/secure.gravatar.com\/avatar\/7bbb4f718d74bbf600dc556253bb04fd7ac8593751d6e2e3b85432d98aefae80?s=96&d=mm&r=g","url":"https:\/\/secure.gravatar.com\/avatar\/7bbb4f718d74bbf600dc556253bb04fd7ac8593751d6e2e3b85432d98aefae80?s=96&d=mm&r=g","contentUrl":"https:\/\/secure.gravatar.com\/avatar\/7bbb4f718d74bbf600dc556253bb04fd7ac8593751d6e2e3b85432d98aefae80?s=96&d=mm&r=g","caption":"Editor"},"sameAs":["https:\/\/contrastes.com.co\/web"],"url":"https:\/\/contrastes.com.co\/web\/author\/jdbobadilla\/"}]}},"blog_post_layout_featured_media_urls":{"thumbnail":"","full":""},"categories_names":{"151":{"name":"Deportes","link":"https:\/\/contrastes.com.co\/web\/category\/deportes\/"},"5048":{"name":"F\u00fatbol","link":"https:\/\/contrastes.com.co\/web\/category\/futbol\/"},"88":{"name":"Mundo","link":"https:\/\/contrastes.com.co\/web\/category\/mundo\/"},"101":{"name":"Pa\u00eds","link":"https:\/\/contrastes.com.co\/web\/category\/pais\/"}},"tags_names":{"1326":{"name":"Copa Sudamericana","link":"https:\/\/contrastes.com.co\/web\/tag\/copa-sudamericana\/"},"5267":{"name":"estadio Metropolitano Roberto Mel\u00e9ndez","link":"https:\/\/contrastes.com.co\/web\/tag\/estadio-metropolitano-roberto-melendez\/"},"5268":{"name":"Fluminense","link":"https:\/\/contrastes.com.co\/web\/tag\/fluminense\/"},"5269":{"name":"Fluminense de R\u00edo de Janeiro","link":"https:\/\/contrastes.com.co\/web\/tag\/fluminense-de-rio-de-janeiro\/"},"1245":{"name":"Junior de Barranquilla","link":"https:\/\/contrastes.com.co\/web\/tag\/junior-de-barranquilla\/"}},"comments_number":"0","wpmagazine_modules_lite_featured_media_urls":{"thumbnail":"","cvmm-medium":"","cvmm-medium-plus":"","cvmm-portrait":"","cvmm-medium-square":"","cvmm-large":"","cvmm-small":"","full":""},"_links":{"self":[{"href":"https:\/\/contrastes.com.co\/web\/wp-json\/wp\/v2\/posts\/8869","targetHints":{"allow":["GET"]}}],"collection":[{"href":"https:\/\/contrastes.com.co\/web\/wp-json\/wp\/v2\/posts"}],"about":[{"href":"https:\/\/contrastes.com.co\/web\/wp-json\/wp\/v2\/types\/post"}],"author":[{"embeddable":true,"href":"https:\/\/contrastes.com.co\/web\/wp-json\/wp\/v2\/users\/1"}],"replies":[{"embeddable":true,"href":"https:\/\/contrastes.com.co\/web\/wp-json\/wp\/v2\/comments?post=8869"}],"version-history":[{"count":0,"href":"https:\/\/contrastes.com.co\/web\/wp-json\/wp\/v2\/posts\/8869\/revisions"}],"wp:attachment":[{"href":"https:\/\/contrastes.com.co\/web\/wp-json\/wp\/v2\/media?parent=8869"}],"wp:term":[{"taxonomy":"category","embeddable":true,"href":"https:\/\/contrastes.com.co\/web\/wp-json\/wp\/v2\/categories?post=8869"},{"taxonomy":"post_tag","embeddable":true,"href":"https:\/\/contrastes.com.co\/web\/wp-json\/wp\/v2\/tags?post=8869"}],"curies":[{"name":"wp","href":"https:\/\/api.w.org\/{rel}","templated":true}]}}