{"id":8881,"date":"2022-04-18T16:59:54","date_gmt":"2022-04-18T21:59:54","guid":{"rendered":"https:\/\/contrastes.com.co\/digital\/?p=8881"},"modified":"2022-04-18T16:59:54","modified_gmt":"2022-04-18T21:59:54","slug":"programas-de-convivencia-ciudadana-benefician-a-600-jovenes-soledenos","status":"publish","type":"post","link":"https:\/\/contrastes.com.co\/web\/2022\/04\/18\/programas-de-convivencia-ciudadana-benefician-a-600-jovenes-soledenos\/","title":{"rendered":"Programas de convivencia ciudadana benefician a 600 j\u00f3venes solede\u00f1os"},"content":{"rendered":"<p><strong>*Programas de convivencia ciudadana benefician a 600 j\u00f3venes solede\u00f1os<\/strong><\/p>\n<blockquote><p><strong>El programa, liderado por la Secretar\u00eda del Interior del departamento a cargo de Yesid Turbay, se desarrolla en 17 instituciones educativas con el objetivo de fortalecer los h\u00e1bitos de la sana convivencia.<\/strong><\/p><\/blockquote>\n<p><img decoding=\"async\" class=\"alignleft  wp-image-8882\" src=\"https:\/\/contrastes.com.co\/digital\/wp-content\/uploads\/2022\/04\/6-capitular.png\" alt=\"6 capitular\" width=\"74\" height=\"74\" \/>00 j\u00f3venes solede\u00f1os, de un total de 1.100, que cursan estudios en 17 instituciones educativas de zonas con alta vulnerabilidad de los municipios de Soledad, Palmar de Varela y Santo Tom\u00e1s se benefician con la estrategia para la promoci\u00f3n de la convivencia ciudadana, la prevenci\u00f3n y resoluci\u00f3n asertiva de conflictos desde el sistema familiar implementado por la Secretar\u00eda del Interior del departamento con el objetivo de fortalecer los h\u00e1bitos de sana convivencia.<\/p>\n<p>\u201cLos estudiantes de grados 10 y 11 recibieron la formaci\u00f3n a trav\u00e9s de estos talleres de convivencia que trajo la Gobernaci\u00f3n a nuestra instituci\u00f3n. Es un proceso muy hermoso en el que nuestros ni\u00f1os y j\u00f3venes aprendieron sobre convivencia, c\u00f3mo comportarse en el aula de clases y en sus casas para tratar de cambiar el entorno y, de esta manera, mejorar el ambiente escolar y en el hogar\u201d, dijo Joaqu\u00edn Castro, rector de la Instituci\u00f3n Educativa Antonio Ram\u00f3n Moreno de Soledad, durante la clausura del programa.<\/p>\n<p>La prevenci\u00f3n en materia de convivencia y la implementaci\u00f3n de planes y programas en este tema tiene como fin la consolidaci\u00f3n de unos municipios seguros y protectores de derechos, libres de violencias, amenaza de violencias, despojo intencional por parte de otros, en contra de la vida, la integridad f\u00edsica, la libertad y el patrimonio y dem\u00e1s bienes jur\u00eddicamente tutelados, para garantizar las condiciones necesarias de vida digna y de igualdad efectiva ante la ley.<\/p>\n<p>Con este proyecto, la Secretar\u00eda del Interior del departamento busca implementar acciones que promuevan la sana convivencia entre los distintos actores sociales, a trav\u00e9s del fortalecimiento de mecanismos de participaci\u00f3n ciudadana y de m\u00e9todos alternativos de resoluci\u00f3n de conflictos.<\/p>\n<p>El programa est\u00e1 dirigido a poblaci\u00f3n vulnerable (con bajos ingresos econ\u00f3micos, vivienda en zonas de dif\u00edcil acceso o en barrios de alto riesgo de inseguridad) para que puedan participar, manifestar inconformidades, utilizar los mecanismos que la ley provee para ellos y lograr adecuadas transformaciones sociales, a trav\u00e9s de la intervenci\u00f3n comunitaria.<\/p>\n<p>Al final de los talleres, se realiza un encuentro para la prevenci\u00f3n y la resoluci\u00f3n asertiva de conflictos con actividades l\u00fadicas y simb\u00f3licas, en las que los participantes expresan los conocimientos aprendidos. Es decir, por medio de expresiones art\u00edsticas, los estudiantes se encargan de multiplicar y llevar a la pr\u00e1ctica los recursos aprendidos para la construcci\u00f3n de paz y cultura de no violencia en lugares estrat\u00e9gicos de cada municipio.<\/p>\n<p>En Soledad, se benefician 600 estudiantes; en Palmar de Varela, 250 estudiantes; igual n\u00famero en Santo Tom\u00e1s, para un total de 1.100 estudiantes.<\/p>\n","protected":false},"excerpt":{"rendered":"<p>600 j\u00f3venes solede\u00f1os, de un total de 1.100, que cursan estudios en 17 instituciones educativas de zonas con alta vulnerabilidad de los municipios de Soledad, Palmar de Varela y Santo Tom\u00e1s se benefician con la estrategia para la promoci\u00f3n de la convivencia ciudadana, la prevenci\u00f3n y resoluci\u00f3n asertiva de conflictos desde el sistema familiar implementado por la Secretar\u00eda del Interior del departamento con el objetivo de fortalecer los h\u00e1bitos de sana convivencia.<\/p>\n","protected":false},"author":1,"featured_media":8883,"comment_status":"open","ping_status":"open","sticky":false,"template":"","format":"standard","meta":{"footnotes":""},"categories":[207,1034,23,24],"tags":[5278,15,5279,51],"class_list":["post-8881","post","type-post","status-publish","format-standard","has-post-thumbnail","hentry","category-educacion","category-juventud","category-locales","category-region","tag-convivencia-ciudadana","tag-gobernacion-del-atlantico","tag-jovenes-soledenos","tag-municipio-de-soledad"],"yoast_head":"<!-- This site is optimized with the Yoast SEO plugin v27.7 - https:\/\/yoast.com\/product\/yoast-seo-wordpress\/ -->\n<title>Programas de convivencia ciudadana benefician a 600 j\u00f3venes solede\u00f1os - Constrastes<\/title>\n<meta name=\"description\" content=\"600 j\u00f3venes solede\u00f1os, de un total de 1.100, que cursan estudios en 17 instituciones educativas de zonas con alta vulnerabilidad de los municipios de Soledad, Palmar de Varela y Santo Tom\u00e1s se benefician con la estrategia para la promoci\u00f3n de la convivencia ciudadana, la prevenci\u00f3n y resoluci\u00f3n asertiva de conflictos desde el sistema familiar implementado por la Secretar\u00eda del Interior del departamento con el objetivo de fortalecer los h\u00e1bitos de sana convivencia.\" \/>\n<meta name=\"robots\" content=\"index, follow, max-snippet:-1, max-image-preview:large, max-video-preview:-1\" \/>\n<link rel=\"canonical\" href=\"https:\/\/contrastes.com.co\/web\/2022\/04\/18\/programas-de-convivencia-ciudadana-benefician-a-600-jovenes-soledenos\/\" \/>\n<meta property=\"og:locale\" content=\"es_ES\" \/>\n<meta property=\"og:type\" content=\"article\" \/>\n<meta property=\"og:title\" content=\"Programas de convivencia ciudadana benefician a 600 j\u00f3venes solede\u00f1os - Constrastes\" \/>\n<meta property=\"og:description\" content=\"600 j\u00f3venes solede\u00f1os, de un total de 1.100, que cursan estudios en 17 instituciones educativas de zonas con alta vulnerabilidad de los municipios de Soledad, Palmar de Varela y Santo Tom\u00e1s se benefician con la estrategia para la promoci\u00f3n de la convivencia ciudadana, la prevenci\u00f3n y resoluci\u00f3n asertiva de conflictos desde el sistema familiar implementado por la Secretar\u00eda del Interior del departamento con el objetivo de fortalecer los h\u00e1bitos de sana convivencia.\" \/>\n<meta property=\"og:url\" content=\"https:\/\/contrastes.com.co\/web\/2022\/04\/18\/programas-de-convivencia-ciudadana-benefician-a-600-jovenes-soledenos\/\" \/>\n<meta property=\"og:site_name\" content=\"Constrastes\" \/>\n<meta property=\"article:publisher\" content=\"https:\/\/www.facebook.com\/guillo.pantoja.1\" \/>\n<meta property=\"article:published_time\" content=\"2022-04-18T21:59:54+00:00\" \/>\n<meta name=\"author\" content=\"Editor\" \/>\n<meta name=\"twitter:card\" content=\"summary_large_image\" \/>\n<meta name=\"twitter:label1\" content=\"Escrito por\" \/>\n\t<meta name=\"twitter:data1\" content=\"Editor\" \/>\n\t<meta name=\"twitter:label2\" content=\"Tiempo de lectura\" \/>\n\t<meta name=\"twitter:data2\" content=\"2 minutos\" \/>\n<script type=\"application\/ld+json\" class=\"yoast-schema-graph\">{\"@context\":\"https:\\\/\\\/schema.org\",\"@graph\":[{\"@type\":\"Article\",\"@id\":\"https:\\\/\\\/contrastes.com.co\\\/web\\\/2022\\\/04\\\/18\\\/programas-de-convivencia-ciudadana-benefician-a-600-jovenes-soledenos\\\/#article\",\"isPartOf\":{\"@id\":\"https:\\\/\\\/contrastes.com.co\\\/web\\\/2022\\\/04\\\/18\\\/programas-de-convivencia-ciudadana-benefician-a-600-jovenes-soledenos\\\/\"},\"author\":{\"name\":\"Editor\",\"@id\":\"https:\\\/\\\/contrastes.com.co\\\/web\\\/#\\\/schema\\\/person\\\/62ef7a62dc4da6de450c71fc2e95ed02\"},\"headline\":\"Programas de convivencia ciudadana benefician a 600 j\u00f3venes solede\u00f1os\",\"datePublished\":\"2022-04-18T21:59:54+00:00\",\"mainEntityOfPage\":{\"@id\":\"https:\\\/\\\/contrastes.com.co\\\/web\\\/2022\\\/04\\\/18\\\/programas-de-convivencia-ciudadana-benefician-a-600-jovenes-soledenos\\\/\"},\"wordCount\":503,\"commentCount\":0,\"publisher\":{\"@id\":\"https:\\\/\\\/contrastes.com.co\\\/web\\\/#organization\"},\"image\":{\"@id\":\"https:\\\/\\\/contrastes.com.co\\\/web\\\/2022\\\/04\\\/18\\\/programas-de-convivencia-ciudadana-benefician-a-600-jovenes-soledenos\\\/#primaryimage\"},\"thumbnailUrl\":\"\",\"keywords\":[\"convivencia ciudadana\",\"gobernaci\u00f3n del Atl\u00e1ntico\",\"j\u00f3venes solede\u00f1os\",\"municipio de soledad\"],\"articleSection\":[\"Educaci\u00f3n\",\"Juventud\",\"Locales\",\"Regi\u00f3n\"],\"inLanguage\":\"es\",\"potentialAction\":[{\"@type\":\"CommentAction\",\"name\":\"Comment\",\"target\":[\"https:\\\/\\\/contrastes.com.co\\\/web\\\/2022\\\/04\\\/18\\\/programas-de-convivencia-ciudadana-benefician-a-600-jovenes-soledenos\\\/#respond\"]}]},{\"@type\":\"WebPage\",\"@id\":\"https:\\\/\\\/contrastes.com.co\\\/web\\\/2022\\\/04\\\/18\\\/programas-de-convivencia-ciudadana-benefician-a-600-jovenes-soledenos\\\/\",\"url\":\"https:\\\/\\\/contrastes.com.co\\\/web\\\/2022\\\/04\\\/18\\\/programas-de-convivencia-ciudadana-benefician-a-600-jovenes-soledenos\\\/\",\"name\":\"Programas de convivencia ciudadana benefician a 600 j\u00f3venes solede\u00f1os - Constrastes\",\"isPartOf\":{\"@id\":\"https:\\\/\\\/contrastes.com.co\\\/web\\\/#website\"},\"primaryImageOfPage\":{\"@id\":\"https:\\\/\\\/contrastes.com.co\\\/web\\\/2022\\\/04\\\/18\\\/programas-de-convivencia-ciudadana-benefician-a-600-jovenes-soledenos\\\/#primaryimage\"},\"image\":{\"@id\":\"https:\\\/\\\/contrastes.com.co\\\/web\\\/2022\\\/04\\\/18\\\/programas-de-convivencia-ciudadana-benefician-a-600-jovenes-soledenos\\\/#primaryimage\"},\"thumbnailUrl\":\"\",\"datePublished\":\"2022-04-18T21:59:54+00:00\",\"description\":\"600 j\u00f3venes solede\u00f1os, de un total de 1.100, que cursan estudios en 17 instituciones educativas de zonas con alta vulnerabilidad de los municipios de Soledad, Palmar de Varela y Santo Tom\u00e1s se benefician con la estrategia para la promoci\u00f3n de la convivencia ciudadana, la prevenci\u00f3n y resoluci\u00f3n asertiva de conflictos desde el sistema familiar implementado por la Secretar\u00eda del Interior del departamento con el objetivo de fortalecer los h\u00e1bitos de sana convivencia.\",\"breadcrumb\":{\"@id\":\"https:\\\/\\\/contrastes.com.co\\\/web\\\/2022\\\/04\\\/18\\\/programas-de-convivencia-ciudadana-benefician-a-600-jovenes-soledenos\\\/#breadcrumb\"},\"inLanguage\":\"es\",\"potentialAction\":[{\"@type\":\"ReadAction\",\"target\":[\"https:\\\/\\\/contrastes.com.co\\\/web\\\/2022\\\/04\\\/18\\\/programas-de-convivencia-ciudadana-benefician-a-600-jovenes-soledenos\\\/\"]}]},{\"@type\":\"ImageObject\",\"inLanguage\":\"es\",\"@id\":\"https:\\\/\\\/contrastes.com.co\\\/web\\\/2022\\\/04\\\/18\\\/programas-de-convivencia-ciudadana-benefician-a-600-jovenes-soledenos\\\/#primaryimage\",\"url\":\"\",\"contentUrl\":\"\"},{\"@type\":\"BreadcrumbList\",\"@id\":\"https:\\\/\\\/contrastes.com.co\\\/web\\\/2022\\\/04\\\/18\\\/programas-de-convivencia-ciudadana-benefician-a-600-jovenes-soledenos\\\/#breadcrumb\",\"itemListElement\":[{\"@type\":\"ListItem\",\"position\":1,\"name\":\"Portada\",\"item\":\"https:\\\/\\\/contrastes.com.co\\\/web\\\/\"},{\"@type\":\"ListItem\",\"position\":2,\"name\":\"Programas de convivencia ciudadana benefician a 600 j\u00f3venes solede\u00f1os\"}]},{\"@type\":\"WebSite\",\"@id\":\"https:\\\/\\\/contrastes.com.co\\\/web\\\/#website\",\"url\":\"https:\\\/\\\/contrastes.com.co\\\/web\\\/\",\"name\":\"Contrastes\",\"description\":\"Periodismo de Conciencia\",\"publisher\":{\"@id\":\"https:\\\/\\\/contrastes.com.co\\\/web\\\/#organization\"},\"potentialAction\":[{\"@type\":\"SearchAction\",\"target\":{\"@type\":\"EntryPoint\",\"urlTemplate\":\"https:\\\/\\\/contrastes.com.co\\\/web\\\/?s={search_term_string}\"},\"query-input\":{\"@type\":\"PropertyValueSpecification\",\"valueRequired\":true,\"valueName\":\"search_term_string\"}}],\"inLanguage\":\"es\"},{\"@type\":\"Organization\",\"@id\":\"https:\\\/\\\/contrastes.com.co\\\/web\\\/#organization\",\"name\":\"Contrastes\",\"url\":\"https:\\\/\\\/contrastes.com.co\\\/web\\\/\",\"logo\":{\"@type\":\"ImageObject\",\"inLanguage\":\"es\",\"@id\":\"https:\\\/\\\/contrastes.com.co\\\/web\\\/#\\\/schema\\\/logo\\\/image\\\/\",\"url\":\"https:\\\/\\\/contrastes.com.co\\\/web\\\/wp-content\\\/uploads\\\/2025\\\/04\\\/15CONTRASTES3.png\",\"contentUrl\":\"https:\\\/\\\/contrastes.com.co\\\/web\\\/wp-content\\\/uploads\\\/2025\\\/04\\\/15CONTRASTES3.png\",\"width\":1536,\"height\":231,\"caption\":\"Contrastes\"},\"image\":{\"@id\":\"https:\\\/\\\/contrastes.com.co\\\/web\\\/#\\\/schema\\\/logo\\\/image\\\/\"},\"sameAs\":[\"https:\\\/\\\/www.facebook.com\\\/guillo.pantoja.1\"]},{\"@type\":\"Person\",\"@id\":\"https:\\\/\\\/contrastes.com.co\\\/web\\\/#\\\/schema\\\/person\\\/62ef7a62dc4da6de450c71fc2e95ed02\",\"name\":\"Editor\",\"image\":{\"@type\":\"ImageObject\",\"inLanguage\":\"es\",\"@id\":\"https:\\\/\\\/secure.gravatar.com\\\/avatar\\\/7bbb4f718d74bbf600dc556253bb04fd7ac8593751d6e2e3b85432d98aefae80?s=96&d=mm&r=g\",\"url\":\"https:\\\/\\\/secure.gravatar.com\\\/avatar\\\/7bbb4f718d74bbf600dc556253bb04fd7ac8593751d6e2e3b85432d98aefae80?s=96&d=mm&r=g\",\"contentUrl\":\"https:\\\/\\\/secure.gravatar.com\\\/avatar\\\/7bbb4f718d74bbf600dc556253bb04fd7ac8593751d6e2e3b85432d98aefae80?s=96&d=mm&r=g\",\"caption\":\"Editor\"},\"sameAs\":[\"https:\\\/\\\/contrastes.com.co\\\/web\"],\"url\":\"https:\\\/\\\/contrastes.com.co\\\/web\\\/author\\\/jdbobadilla\\\/\"}]}<\/script>\n<!-- \/ Yoast SEO plugin. -->","yoast_head_json":{"title":"Programas de convivencia ciudadana benefician a 600 j\u00f3venes solede\u00f1os - Constrastes","description":"600 j\u00f3venes solede\u00f1os, de un total de 1.100, que cursan estudios en 17 instituciones educativas de zonas con alta vulnerabilidad de los municipios de Soledad, Palmar de Varela y Santo Tom\u00e1s se benefician con la estrategia para la promoci\u00f3n de la convivencia ciudadana, la prevenci\u00f3n y resoluci\u00f3n asertiva de conflictos desde el sistema familiar implementado por la Secretar\u00eda del Interior del departamento con el objetivo de fortalecer los h\u00e1bitos de sana convivencia.","robots":{"index":"index","follow":"follow","max-snippet":"max-snippet:-1","max-image-preview":"max-image-preview:large","max-video-preview":"max-video-preview:-1"},"canonical":"https:\/\/contrastes.com.co\/web\/2022\/04\/18\/programas-de-convivencia-ciudadana-benefician-a-600-jovenes-soledenos\/","og_locale":"es_ES","og_type":"article","og_title":"Programas de convivencia ciudadana benefician a 600 j\u00f3venes solede\u00f1os - Constrastes","og_description":"600 j\u00f3venes solede\u00f1os, de un total de 1.100, que cursan estudios en 17 instituciones educativas de zonas con alta vulnerabilidad de los municipios de Soledad, Palmar de Varela y Santo Tom\u00e1s se benefician con la estrategia para la promoci\u00f3n de la convivencia ciudadana, la prevenci\u00f3n y resoluci\u00f3n asertiva de conflictos desde el sistema familiar implementado por la Secretar\u00eda del Interior del departamento con el objetivo de fortalecer los h\u00e1bitos de sana convivencia.","og_url":"https:\/\/contrastes.com.co\/web\/2022\/04\/18\/programas-de-convivencia-ciudadana-benefician-a-600-jovenes-soledenos\/","og_site_name":"Constrastes","article_publisher":"https:\/\/www.facebook.com\/guillo.pantoja.1","article_published_time":"2022-04-18T21:59:54+00:00","author":"Editor","twitter_card":"summary_large_image","twitter_misc":{"Escrito por":"Editor","Tiempo de lectura":"2 minutos"},"schema":{"@context":"https:\/\/schema.org","@graph":[{"@type":"Article","@id":"https:\/\/contrastes.com.co\/web\/2022\/04\/18\/programas-de-convivencia-ciudadana-benefician-a-600-jovenes-soledenos\/#article","isPartOf":{"@id":"https:\/\/contrastes.com.co\/web\/2022\/04\/18\/programas-de-convivencia-ciudadana-benefician-a-600-jovenes-soledenos\/"},"author":{"name":"Editor","@id":"https:\/\/contrastes.com.co\/web\/#\/schema\/person\/62ef7a62dc4da6de450c71fc2e95ed02"},"headline":"Programas de convivencia ciudadana benefician a 600 j\u00f3venes solede\u00f1os","datePublished":"2022-04-18T21:59:54+00:00","mainEntityOfPage":{"@id":"https:\/\/contrastes.com.co\/web\/2022\/04\/18\/programas-de-convivencia-ciudadana-benefician-a-600-jovenes-soledenos\/"},"wordCount":503,"commentCount":0,"publisher":{"@id":"https:\/\/contrastes.com.co\/web\/#organization"},"image":{"@id":"https:\/\/contrastes.com.co\/web\/2022\/04\/18\/programas-de-convivencia-ciudadana-benefician-a-600-jovenes-soledenos\/#primaryimage"},"thumbnailUrl":"","keywords":["convivencia ciudadana","gobernaci\u00f3n del Atl\u00e1ntico","j\u00f3venes solede\u00f1os","municipio de soledad"],"articleSection":["Educaci\u00f3n","Juventud","Locales","Regi\u00f3n"],"inLanguage":"es","potentialAction":[{"@type":"CommentAction","name":"Comment","target":["https:\/\/contrastes.com.co\/web\/2022\/04\/18\/programas-de-convivencia-ciudadana-benefician-a-600-jovenes-soledenos\/#respond"]}]},{"@type":"WebPage","@id":"https:\/\/contrastes.com.co\/web\/2022\/04\/18\/programas-de-convivencia-ciudadana-benefician-a-600-jovenes-soledenos\/","url":"https:\/\/contrastes.com.co\/web\/2022\/04\/18\/programas-de-convivencia-ciudadana-benefician-a-600-jovenes-soledenos\/","name":"Programas de convivencia ciudadana benefician a 600 j\u00f3venes solede\u00f1os - Constrastes","isPartOf":{"@id":"https:\/\/contrastes.com.co\/web\/#website"},"primaryImageOfPage":{"@id":"https:\/\/contrastes.com.co\/web\/2022\/04\/18\/programas-de-convivencia-ciudadana-benefician-a-600-jovenes-soledenos\/#primaryimage"},"image":{"@id":"https:\/\/contrastes.com.co\/web\/2022\/04\/18\/programas-de-convivencia-ciudadana-benefician-a-600-jovenes-soledenos\/#primaryimage"},"thumbnailUrl":"","datePublished":"2022-04-18T21:59:54+00:00","description":"600 j\u00f3venes solede\u00f1os, de un total de 1.100, que cursan estudios en 17 instituciones educativas de zonas con alta vulnerabilidad de los municipios de Soledad, Palmar de Varela y Santo Tom\u00e1s se benefician con la estrategia para la promoci\u00f3n de la convivencia ciudadana, la prevenci\u00f3n y resoluci\u00f3n asertiva de conflictos desde el sistema familiar implementado por la Secretar\u00eda del Interior del departamento con el objetivo de fortalecer los h\u00e1bitos de sana convivencia.","breadcrumb":{"@id":"https:\/\/contrastes.com.co\/web\/2022\/04\/18\/programas-de-convivencia-ciudadana-benefician-a-600-jovenes-soledenos\/#breadcrumb"},"inLanguage":"es","potentialAction":[{"@type":"ReadAction","target":["https:\/\/contrastes.com.co\/web\/2022\/04\/18\/programas-de-convivencia-ciudadana-benefician-a-600-jovenes-soledenos\/"]}]},{"@type":"ImageObject","inLanguage":"es","@id":"https:\/\/contrastes.com.co\/web\/2022\/04\/18\/programas-de-convivencia-ciudadana-benefician-a-600-jovenes-soledenos\/#primaryimage","url":"","contentUrl":""},{"@type":"BreadcrumbList","@id":"https:\/\/contrastes.com.co\/web\/2022\/04\/18\/programas-de-convivencia-ciudadana-benefician-a-600-jovenes-soledenos\/#breadcrumb","itemListElement":[{"@type":"ListItem","position":1,"name":"Portada","item":"https:\/\/contrastes.com.co\/web\/"},{"@type":"ListItem","position":2,"name":"Programas de convivencia ciudadana benefician a 600 j\u00f3venes solede\u00f1os"}]},{"@type":"WebSite","@id":"https:\/\/contrastes.com.co\/web\/#website","url":"https:\/\/contrastes.com.co\/web\/","name":"Contrastes","description":"Periodismo de Conciencia","publisher":{"@id":"https:\/\/contrastes.com.co\/web\/#organization"},"potentialAction":[{"@type":"SearchAction","target":{"@type":"EntryPoint","urlTemplate":"https:\/\/contrastes.com.co\/web\/?s={search_term_string}"},"query-input":{"@type":"PropertyValueSpecification","valueRequired":true,"valueName":"search_term_string"}}],"inLanguage":"es"},{"@type":"Organization","@id":"https:\/\/contrastes.com.co\/web\/#organization","name":"Contrastes","url":"https:\/\/contrastes.com.co\/web\/","logo":{"@type":"ImageObject","inLanguage":"es","@id":"https:\/\/contrastes.com.co\/web\/#\/schema\/logo\/image\/","url":"https:\/\/contrastes.com.co\/web\/wp-content\/uploads\/2025\/04\/15CONTRASTES3.png","contentUrl":"https:\/\/contrastes.com.co\/web\/wp-content\/uploads\/2025\/04\/15CONTRASTES3.png","width":1536,"height":231,"caption":"Contrastes"},"image":{"@id":"https:\/\/contrastes.com.co\/web\/#\/schema\/logo\/image\/"},"sameAs":["https:\/\/www.facebook.com\/guillo.pantoja.1"]},{"@type":"Person","@id":"https:\/\/contrastes.com.co\/web\/#\/schema\/person\/62ef7a62dc4da6de450c71fc2e95ed02","name":"Editor","image":{"@type":"ImageObject","inLanguage":"es","@id":"https:\/\/secure.gravatar.com\/avatar\/7bbb4f718d74bbf600dc556253bb04fd7ac8593751d6e2e3b85432d98aefae80?s=96&d=mm&r=g","url":"https:\/\/secure.gravatar.com\/avatar\/7bbb4f718d74bbf600dc556253bb04fd7ac8593751d6e2e3b85432d98aefae80?s=96&d=mm&r=g","contentUrl":"https:\/\/secure.gravatar.com\/avatar\/7bbb4f718d74bbf600dc556253bb04fd7ac8593751d6e2e3b85432d98aefae80?s=96&d=mm&r=g","caption":"Editor"},"sameAs":["https:\/\/contrastes.com.co\/web"],"url":"https:\/\/contrastes.com.co\/web\/author\/jdbobadilla\/"}]}},"blog_post_layout_featured_media_urls":{"thumbnail":"","full":""},"categories_names":{"207":{"name":"Educaci\u00f3n","link":"https:\/\/contrastes.com.co\/web\/category\/educacion\/"},"1034":{"name":"Juventud","link":"https:\/\/contrastes.com.co\/web\/category\/juventud\/"},"23":{"name":"Locales","link":"https:\/\/contrastes.com.co\/web\/category\/locales\/"},"24":{"name":"Regi\u00f3n","link":"https:\/\/contrastes.com.co\/web\/category\/region\/"}},"tags_names":{"5278":{"name":"convivencia ciudadana","link":"https:\/\/contrastes.com.co\/web\/tag\/convivencia-ciudadana\/"},"15":{"name":"gobernaci\u00f3n del Atl\u00e1ntico","link":"https:\/\/contrastes.com.co\/web\/tag\/gobernacion-del-atlantico\/"},"5279":{"name":"j\u00f3venes solede\u00f1os","link":"https:\/\/contrastes.com.co\/web\/tag\/jovenes-soledenos\/"},"51":{"name":"municipio de soledad","link":"https:\/\/contrastes.com.co\/web\/tag\/municipio-de-soledad\/"}},"comments_number":"0","wpmagazine_modules_lite_featured_media_urls":{"thumbnail":"","cvmm-medium":"","cvmm-medium-plus":"","cvmm-portrait":"","cvmm-medium-square":"","cvmm-large":"","cvmm-small":"","full":""},"_links":{"self":[{"href":"https:\/\/contrastes.com.co\/web\/wp-json\/wp\/v2\/posts\/8881","targetHints":{"allow":["GET"]}}],"collection":[{"href":"https:\/\/contrastes.com.co\/web\/wp-json\/wp\/v2\/posts"}],"about":[{"href":"https:\/\/contrastes.com.co\/web\/wp-json\/wp\/v2\/types\/post"}],"author":[{"embeddable":true,"href":"https:\/\/contrastes.com.co\/web\/wp-json\/wp\/v2\/users\/1"}],"replies":[{"embeddable":true,"href":"https:\/\/contrastes.com.co\/web\/wp-json\/wp\/v2\/comments?post=8881"}],"version-history":[{"count":0,"href":"https:\/\/contrastes.com.co\/web\/wp-json\/wp\/v2\/posts\/8881\/revisions"}],"wp:attachment":[{"href":"https:\/\/contrastes.com.co\/web\/wp-json\/wp\/v2\/media?parent=8881"}],"wp:term":[{"taxonomy":"category","embeddable":true,"href":"https:\/\/contrastes.com.co\/web\/wp-json\/wp\/v2\/categories?post=8881"},{"taxonomy":"post_tag","embeddable":true,"href":"https:\/\/contrastes.com.co\/web\/wp-json\/wp\/v2\/tags?post=8881"}],"curies":[{"name":"wp","href":"https:\/\/api.w.org\/{rel}","templated":true}]}}