{"id":8917,"date":"2022-04-19T14:41:13","date_gmt":"2022-04-19T19:41:13","guid":{"rendered":"https:\/\/contrastes.com.co\/digital\/?p=8917"},"modified":"2022-04-19T14:41:13","modified_gmt":"2022-04-19T19:41:13","slug":"lluvias-con-vendavales-en-gran-parte-del-pais-pronostica-ideam-para-las-proximas-72-horas","status":"publish","type":"post","link":"https:\/\/contrastes.com.co\/web\/2022\/04\/19\/lluvias-con-vendavales-en-gran-parte-del-pais-pronostica-ideam-para-las-proximas-72-horas\/","title":{"rendered":"Lluvias con vendavales en gran parte del pa\u00eds pronostica Ideam para las pr\u00f3ximas 72 horas"},"content":{"rendered":"<p><strong>Lluvias con vendavales en gran parte del pa\u00eds pronostica Ideam para las pr\u00f3ximas 72 horas<\/strong><\/p>\n<blockquote><p><strong>Se espera aumento de la nubosidad y lluvias entre moderadas y fuertes, en las regiones Pac\u00edfica, Caribe, Andina, Orinoquia y Amazonia, las m\u00e1s fuertes durante la tarde, noche y madrugada, y acompa\u00f1adas de actividad el\u00e9ctrica en momentos de lluvia intensa, granizadas y\/o vendavales, disminuyendo paulatinamente hacia el jueves 21.<\/strong><\/p><\/blockquote>\n<p><img decoding=\"async\" class=\"alignleft  wp-image-8918\" src=\"https:\/\/contrastes.com.co\/digital\/wp-content\/uploads\/2022\/04\/p-capitular.png\" alt=\"p capitular\" width=\"50\" height=\"51\" \/>ara los pr\u00f3ximos tres d\u00edas el Ideam pronostica abundante nubosidad en el territorio nacional como consecuencia de la primera temporada de mayores lluvias del a\u00f1o. Contin\u00faa activa la ZCIT (Zona de Convergencia Intertropical), que incrementa las lluvias en la regi\u00f3n Pac\u00edfica y un sistema de baja presi\u00f3n hacia el centro-occidente de la zona mar\u00edtima del Caribe, as\u00ed como una importante perturbaci\u00f3n de los vientos en altura, todo ello unido al ingreso de humedad procedente de la Amazon\u00eda brasile\u00f1a.<\/p>\n<p>Por lo anterior, se espera aumento de la nubosidad y lluvias entre moderadas y fuertes, en las regiones Pac\u00edfica, Caribe, Andina, Orinoquia y Amazonia, las m\u00e1s fuertes durante la tarde, noche y madrugada, y acompa\u00f1adas de actividad el\u00e9ctrica en momentos de lluvia intensa, granizadas y\/o vendavales, disminuyendo paulatinamente hacia el jueves 21.<\/p>\n<p>Se emite alerta naranja por tiempo lluvioso sobre la zona mar\u00edtima del Pac\u00edfico.<\/p>\n","protected":false},"excerpt":{"rendered":"<p>Para los pr\u00f3ximos tres d\u00edas el Ideam pronostica abundante nubosidad en el territorio nacional como consecuencia de la primera temporada de mayores lluvias del a\u00f1o. Contin\u00faa activa la ZCIT (Zona de Convergencia Intertropical), que incrementa las lluvias en la regi\u00f3n Pac\u00edfica y un<\/p>\n","protected":false},"author":1,"featured_media":8919,"comment_status":"open","ping_status":"open","sticky":false,"template":"","format":"standard","meta":{"footnotes":""},"categories":[57,101,24],"tags":[294,357,1599,359,1093],"class_list":["post-8917","post","type-post","status-publish","format-standard","has-post-thumbnail","hentry","category-emergencias-y-desastres","category-pais","category-region","tag-ideam","tag-lluvias","tag-pronosticos-de-lluvia","tag-temporada-invernal","tag-vendavales"],"yoast_head":"<!-- This site is optimized with the Yoast SEO plugin v27.7 - https:\/\/yoast.com\/product\/yoast-seo-wordpress\/ -->\n<title>Lluvias con vendavales en gran parte del pa\u00eds pronostica Ideam para las pr\u00f3ximas 72 horas - Constrastes<\/title>\n<meta name=\"description\" content=\"Para los pr\u00f3ximos tres d\u00edas el Ideam pronostica abundante nubosidad en el territorio nacional como consecuencia de la primera temporada de mayores lluvias del a\u00f1o. Contin\u00faa activa la ZCIT (Zona de Convergencia Intertropical), que incrementa las lluvias en la regi\u00f3n Pac\u00edfica y un\" \/>\n<meta name=\"robots\" content=\"index, follow, max-snippet:-1, max-image-preview:large, max-video-preview:-1\" \/>\n<link rel=\"canonical\" href=\"https:\/\/contrastes.com.co\/web\/2022\/04\/19\/lluvias-con-vendavales-en-gran-parte-del-pais-pronostica-ideam-para-las-proximas-72-horas\/\" \/>\n<meta property=\"og:locale\" content=\"es_ES\" \/>\n<meta property=\"og:type\" content=\"article\" \/>\n<meta property=\"og:title\" content=\"Lluvias con vendavales en gran parte del pa\u00eds pronostica Ideam para las pr\u00f3ximas 72 horas - Constrastes\" \/>\n<meta property=\"og:description\" content=\"Para los pr\u00f3ximos tres d\u00edas el Ideam pronostica abundante nubosidad en el territorio nacional como consecuencia de la primera temporada de mayores lluvias del a\u00f1o. Contin\u00faa activa la ZCIT (Zona de Convergencia Intertropical), que incrementa las lluvias en la regi\u00f3n Pac\u00edfica y un\" \/>\n<meta property=\"og:url\" content=\"https:\/\/contrastes.com.co\/web\/2022\/04\/19\/lluvias-con-vendavales-en-gran-parte-del-pais-pronostica-ideam-para-las-proximas-72-horas\/\" \/>\n<meta property=\"og:site_name\" content=\"Constrastes\" \/>\n<meta property=\"article:publisher\" content=\"https:\/\/www.facebook.com\/guillo.pantoja.1\" \/>\n<meta property=\"article:published_time\" content=\"2022-04-19T19:41:13+00:00\" \/>\n<meta name=\"author\" content=\"Editor\" \/>\n<meta name=\"twitter:card\" content=\"summary_large_image\" \/>\n<meta name=\"twitter:label1\" content=\"Escrito por\" \/>\n\t<meta name=\"twitter:data1\" content=\"Editor\" \/>\n\t<meta name=\"twitter:label2\" content=\"Tiempo de lectura\" \/>\n\t<meta name=\"twitter:data2\" content=\"1 minuto\" \/>\n<script type=\"application\/ld+json\" class=\"yoast-schema-graph\">{\"@context\":\"https:\\\/\\\/schema.org\",\"@graph\":[{\"@type\":\"Article\",\"@id\":\"https:\\\/\\\/contrastes.com.co\\\/web\\\/2022\\\/04\\\/19\\\/lluvias-con-vendavales-en-gran-parte-del-pais-pronostica-ideam-para-las-proximas-72-horas\\\/#article\",\"isPartOf\":{\"@id\":\"https:\\\/\\\/contrastes.com.co\\\/web\\\/2022\\\/04\\\/19\\\/lluvias-con-vendavales-en-gran-parte-del-pais-pronostica-ideam-para-las-proximas-72-horas\\\/\"},\"author\":{\"name\":\"Editor\",\"@id\":\"https:\\\/\\\/contrastes.com.co\\\/web\\\/#\\\/schema\\\/person\\\/62ef7a62dc4da6de450c71fc2e95ed02\"},\"headline\":\"Lluvias con vendavales en gran parte del pa\u00eds pronostica Ideam para las pr\u00f3ximas 72 horas\",\"datePublished\":\"2022-04-19T19:41:13+00:00\",\"mainEntityOfPage\":{\"@id\":\"https:\\\/\\\/contrastes.com.co\\\/web\\\/2022\\\/04\\\/19\\\/lluvias-con-vendavales-en-gran-parte-del-pais-pronostica-ideam-para-las-proximas-72-horas\\\/\"},\"wordCount\":245,\"commentCount\":0,\"publisher\":{\"@id\":\"https:\\\/\\\/contrastes.com.co\\\/web\\\/#organization\"},\"image\":{\"@id\":\"https:\\\/\\\/contrastes.com.co\\\/web\\\/2022\\\/04\\\/19\\\/lluvias-con-vendavales-en-gran-parte-del-pais-pronostica-ideam-para-las-proximas-72-horas\\\/#primaryimage\"},\"thumbnailUrl\":\"\",\"keywords\":[\"IDEAM\",\"lluvias\",\"pron\u00f3sticos de lluvia\",\"temporada invernal\",\"vendavales\"],\"articleSection\":[\"Emergencias y desastres\",\"Pa\u00eds\",\"Regi\u00f3n\"],\"inLanguage\":\"es\",\"potentialAction\":[{\"@type\":\"CommentAction\",\"name\":\"Comment\",\"target\":[\"https:\\\/\\\/contrastes.com.co\\\/web\\\/2022\\\/04\\\/19\\\/lluvias-con-vendavales-en-gran-parte-del-pais-pronostica-ideam-para-las-proximas-72-horas\\\/#respond\"]}]},{\"@type\":\"WebPage\",\"@id\":\"https:\\\/\\\/contrastes.com.co\\\/web\\\/2022\\\/04\\\/19\\\/lluvias-con-vendavales-en-gran-parte-del-pais-pronostica-ideam-para-las-proximas-72-horas\\\/\",\"url\":\"https:\\\/\\\/contrastes.com.co\\\/web\\\/2022\\\/04\\\/19\\\/lluvias-con-vendavales-en-gran-parte-del-pais-pronostica-ideam-para-las-proximas-72-horas\\\/\",\"name\":\"Lluvias con vendavales en gran parte del pa\u00eds pronostica Ideam para las pr\u00f3ximas 72 horas - Constrastes\",\"isPartOf\":{\"@id\":\"https:\\\/\\\/contrastes.com.co\\\/web\\\/#website\"},\"primaryImageOfPage\":{\"@id\":\"https:\\\/\\\/contrastes.com.co\\\/web\\\/2022\\\/04\\\/19\\\/lluvias-con-vendavales-en-gran-parte-del-pais-pronostica-ideam-para-las-proximas-72-horas\\\/#primaryimage\"},\"image\":{\"@id\":\"https:\\\/\\\/contrastes.com.co\\\/web\\\/2022\\\/04\\\/19\\\/lluvias-con-vendavales-en-gran-parte-del-pais-pronostica-ideam-para-las-proximas-72-horas\\\/#primaryimage\"},\"thumbnailUrl\":\"\",\"datePublished\":\"2022-04-19T19:41:13+00:00\",\"description\":\"Para los pr\u00f3ximos tres d\u00edas el Ideam pronostica abundante nubosidad en el territorio nacional como consecuencia de la primera temporada de mayores lluvias del a\u00f1o. Contin\u00faa activa la ZCIT (Zona de Convergencia Intertropical), que incrementa las lluvias en la regi\u00f3n Pac\u00edfica y un\",\"breadcrumb\":{\"@id\":\"https:\\\/\\\/contrastes.com.co\\\/web\\\/2022\\\/04\\\/19\\\/lluvias-con-vendavales-en-gran-parte-del-pais-pronostica-ideam-para-las-proximas-72-horas\\\/#breadcrumb\"},\"inLanguage\":\"es\",\"potentialAction\":[{\"@type\":\"ReadAction\",\"target\":[\"https:\\\/\\\/contrastes.com.co\\\/web\\\/2022\\\/04\\\/19\\\/lluvias-con-vendavales-en-gran-parte-del-pais-pronostica-ideam-para-las-proximas-72-horas\\\/\"]}]},{\"@type\":\"ImageObject\",\"inLanguage\":\"es\",\"@id\":\"https:\\\/\\\/contrastes.com.co\\\/web\\\/2022\\\/04\\\/19\\\/lluvias-con-vendavales-en-gran-parte-del-pais-pronostica-ideam-para-las-proximas-72-horas\\\/#primaryimage\",\"url\":\"\",\"contentUrl\":\"\"},{\"@type\":\"BreadcrumbList\",\"@id\":\"https:\\\/\\\/contrastes.com.co\\\/web\\\/2022\\\/04\\\/19\\\/lluvias-con-vendavales-en-gran-parte-del-pais-pronostica-ideam-para-las-proximas-72-horas\\\/#breadcrumb\",\"itemListElement\":[{\"@type\":\"ListItem\",\"position\":1,\"name\":\"Portada\",\"item\":\"https:\\\/\\\/contrastes.com.co\\\/web\\\/\"},{\"@type\":\"ListItem\",\"position\":2,\"name\":\"Lluvias con vendavales en gran parte del pa\u00eds pronostica Ideam para las pr\u00f3ximas 72 horas\"}]},{\"@type\":\"WebSite\",\"@id\":\"https:\\\/\\\/contrastes.com.co\\\/web\\\/#website\",\"url\":\"https:\\\/\\\/contrastes.com.co\\\/web\\\/\",\"name\":\"Contrastes\",\"description\":\"Periodismo de Conciencia\",\"publisher\":{\"@id\":\"https:\\\/\\\/contrastes.com.co\\\/web\\\/#organization\"},\"potentialAction\":[{\"@type\":\"SearchAction\",\"target\":{\"@type\":\"EntryPoint\",\"urlTemplate\":\"https:\\\/\\\/contrastes.com.co\\\/web\\\/?s={search_term_string}\"},\"query-input\":{\"@type\":\"PropertyValueSpecification\",\"valueRequired\":true,\"valueName\":\"search_term_string\"}}],\"inLanguage\":\"es\"},{\"@type\":\"Organization\",\"@id\":\"https:\\\/\\\/contrastes.com.co\\\/web\\\/#organization\",\"name\":\"Contrastes\",\"url\":\"https:\\\/\\\/contrastes.com.co\\\/web\\\/\",\"logo\":{\"@type\":\"ImageObject\",\"inLanguage\":\"es\",\"@id\":\"https:\\\/\\\/contrastes.com.co\\\/web\\\/#\\\/schema\\\/logo\\\/image\\\/\",\"url\":\"https:\\\/\\\/contrastes.com.co\\\/web\\\/wp-content\\\/uploads\\\/2025\\\/04\\\/15CONTRASTES3.png\",\"contentUrl\":\"https:\\\/\\\/contrastes.com.co\\\/web\\\/wp-content\\\/uploads\\\/2025\\\/04\\\/15CONTRASTES3.png\",\"width\":1536,\"height\":231,\"caption\":\"Contrastes\"},\"image\":{\"@id\":\"https:\\\/\\\/contrastes.com.co\\\/web\\\/#\\\/schema\\\/logo\\\/image\\\/\"},\"sameAs\":[\"https:\\\/\\\/www.facebook.com\\\/guillo.pantoja.1\"]},{\"@type\":\"Person\",\"@id\":\"https:\\\/\\\/contrastes.com.co\\\/web\\\/#\\\/schema\\\/person\\\/62ef7a62dc4da6de450c71fc2e95ed02\",\"name\":\"Editor\",\"image\":{\"@type\":\"ImageObject\",\"inLanguage\":\"es\",\"@id\":\"https:\\\/\\\/secure.gravatar.com\\\/avatar\\\/7bbb4f718d74bbf600dc556253bb04fd7ac8593751d6e2e3b85432d98aefae80?s=96&d=mm&r=g\",\"url\":\"https:\\\/\\\/secure.gravatar.com\\\/avatar\\\/7bbb4f718d74bbf600dc556253bb04fd7ac8593751d6e2e3b85432d98aefae80?s=96&d=mm&r=g\",\"contentUrl\":\"https:\\\/\\\/secure.gravatar.com\\\/avatar\\\/7bbb4f718d74bbf600dc556253bb04fd7ac8593751d6e2e3b85432d98aefae80?s=96&d=mm&r=g\",\"caption\":\"Editor\"},\"sameAs\":[\"https:\\\/\\\/contrastes.com.co\\\/web\"],\"url\":\"https:\\\/\\\/contrastes.com.co\\\/web\\\/author\\\/jdbobadilla\\\/\"}]}<\/script>\n<!-- \/ Yoast SEO plugin. -->","yoast_head_json":{"title":"Lluvias con vendavales en gran parte del pa\u00eds pronostica Ideam para las pr\u00f3ximas 72 horas - Constrastes","description":"Para los pr\u00f3ximos tres d\u00edas el Ideam pronostica abundante nubosidad en el territorio nacional como consecuencia de la primera temporada de mayores lluvias del a\u00f1o. Contin\u00faa activa la ZCIT (Zona de Convergencia Intertropical), que incrementa las lluvias en la regi\u00f3n Pac\u00edfica y un","robots":{"index":"index","follow":"follow","max-snippet":"max-snippet:-1","max-image-preview":"max-image-preview:large","max-video-preview":"max-video-preview:-1"},"canonical":"https:\/\/contrastes.com.co\/web\/2022\/04\/19\/lluvias-con-vendavales-en-gran-parte-del-pais-pronostica-ideam-para-las-proximas-72-horas\/","og_locale":"es_ES","og_type":"article","og_title":"Lluvias con vendavales en gran parte del pa\u00eds pronostica Ideam para las pr\u00f3ximas 72 horas - Constrastes","og_description":"Para los pr\u00f3ximos tres d\u00edas el Ideam pronostica abundante nubosidad en el territorio nacional como consecuencia de la primera temporada de mayores lluvias del a\u00f1o. Contin\u00faa activa la ZCIT (Zona de Convergencia Intertropical), que incrementa las lluvias en la regi\u00f3n Pac\u00edfica y un","og_url":"https:\/\/contrastes.com.co\/web\/2022\/04\/19\/lluvias-con-vendavales-en-gran-parte-del-pais-pronostica-ideam-para-las-proximas-72-horas\/","og_site_name":"Constrastes","article_publisher":"https:\/\/www.facebook.com\/guillo.pantoja.1","article_published_time":"2022-04-19T19:41:13+00:00","author":"Editor","twitter_card":"summary_large_image","twitter_misc":{"Escrito por":"Editor","Tiempo de lectura":"1 minuto"},"schema":{"@context":"https:\/\/schema.org","@graph":[{"@type":"Article","@id":"https:\/\/contrastes.com.co\/web\/2022\/04\/19\/lluvias-con-vendavales-en-gran-parte-del-pais-pronostica-ideam-para-las-proximas-72-horas\/#article","isPartOf":{"@id":"https:\/\/contrastes.com.co\/web\/2022\/04\/19\/lluvias-con-vendavales-en-gran-parte-del-pais-pronostica-ideam-para-las-proximas-72-horas\/"},"author":{"name":"Editor","@id":"https:\/\/contrastes.com.co\/web\/#\/schema\/person\/62ef7a62dc4da6de450c71fc2e95ed02"},"headline":"Lluvias con vendavales en gran parte del pa\u00eds pronostica Ideam para las pr\u00f3ximas 72 horas","datePublished":"2022-04-19T19:41:13+00:00","mainEntityOfPage":{"@id":"https:\/\/contrastes.com.co\/web\/2022\/04\/19\/lluvias-con-vendavales-en-gran-parte-del-pais-pronostica-ideam-para-las-proximas-72-horas\/"},"wordCount":245,"commentCount":0,"publisher":{"@id":"https:\/\/contrastes.com.co\/web\/#organization"},"image":{"@id":"https:\/\/contrastes.com.co\/web\/2022\/04\/19\/lluvias-con-vendavales-en-gran-parte-del-pais-pronostica-ideam-para-las-proximas-72-horas\/#primaryimage"},"thumbnailUrl":"","keywords":["IDEAM","lluvias","pron\u00f3sticos de lluvia","temporada invernal","vendavales"],"articleSection":["Emergencias y desastres","Pa\u00eds","Regi\u00f3n"],"inLanguage":"es","potentialAction":[{"@type":"CommentAction","name":"Comment","target":["https:\/\/contrastes.com.co\/web\/2022\/04\/19\/lluvias-con-vendavales-en-gran-parte-del-pais-pronostica-ideam-para-las-proximas-72-horas\/#respond"]}]},{"@type":"WebPage","@id":"https:\/\/contrastes.com.co\/web\/2022\/04\/19\/lluvias-con-vendavales-en-gran-parte-del-pais-pronostica-ideam-para-las-proximas-72-horas\/","url":"https:\/\/contrastes.com.co\/web\/2022\/04\/19\/lluvias-con-vendavales-en-gran-parte-del-pais-pronostica-ideam-para-las-proximas-72-horas\/","name":"Lluvias con vendavales en gran parte del pa\u00eds pronostica Ideam para las pr\u00f3ximas 72 horas - Constrastes","isPartOf":{"@id":"https:\/\/contrastes.com.co\/web\/#website"},"primaryImageOfPage":{"@id":"https:\/\/contrastes.com.co\/web\/2022\/04\/19\/lluvias-con-vendavales-en-gran-parte-del-pais-pronostica-ideam-para-las-proximas-72-horas\/#primaryimage"},"image":{"@id":"https:\/\/contrastes.com.co\/web\/2022\/04\/19\/lluvias-con-vendavales-en-gran-parte-del-pais-pronostica-ideam-para-las-proximas-72-horas\/#primaryimage"},"thumbnailUrl":"","datePublished":"2022-04-19T19:41:13+00:00","description":"Para los pr\u00f3ximos tres d\u00edas el Ideam pronostica abundante nubosidad en el territorio nacional como consecuencia de la primera temporada de mayores lluvias del a\u00f1o. Contin\u00faa activa la ZCIT (Zona de Convergencia Intertropical), que incrementa las lluvias en la regi\u00f3n Pac\u00edfica y un","breadcrumb":{"@id":"https:\/\/contrastes.com.co\/web\/2022\/04\/19\/lluvias-con-vendavales-en-gran-parte-del-pais-pronostica-ideam-para-las-proximas-72-horas\/#breadcrumb"},"inLanguage":"es","potentialAction":[{"@type":"ReadAction","target":["https:\/\/contrastes.com.co\/web\/2022\/04\/19\/lluvias-con-vendavales-en-gran-parte-del-pais-pronostica-ideam-para-las-proximas-72-horas\/"]}]},{"@type":"ImageObject","inLanguage":"es","@id":"https:\/\/contrastes.com.co\/web\/2022\/04\/19\/lluvias-con-vendavales-en-gran-parte-del-pais-pronostica-ideam-para-las-proximas-72-horas\/#primaryimage","url":"","contentUrl":""},{"@type":"BreadcrumbList","@id":"https:\/\/contrastes.com.co\/web\/2022\/04\/19\/lluvias-con-vendavales-en-gran-parte-del-pais-pronostica-ideam-para-las-proximas-72-horas\/#breadcrumb","itemListElement":[{"@type":"ListItem","position":1,"name":"Portada","item":"https:\/\/contrastes.com.co\/web\/"},{"@type":"ListItem","position":2,"name":"Lluvias con vendavales en gran parte del pa\u00eds pronostica Ideam para las pr\u00f3ximas 72 horas"}]},{"@type":"WebSite","@id":"https:\/\/contrastes.com.co\/web\/#website","url":"https:\/\/contrastes.com.co\/web\/","name":"Contrastes","description":"Periodismo de Conciencia","publisher":{"@id":"https:\/\/contrastes.com.co\/web\/#organization"},"potentialAction":[{"@type":"SearchAction","target":{"@type":"EntryPoint","urlTemplate":"https:\/\/contrastes.com.co\/web\/?s={search_term_string}"},"query-input":{"@type":"PropertyValueSpecification","valueRequired":true,"valueName":"search_term_string"}}],"inLanguage":"es"},{"@type":"Organization","@id":"https:\/\/contrastes.com.co\/web\/#organization","name":"Contrastes","url":"https:\/\/contrastes.com.co\/web\/","logo":{"@type":"ImageObject","inLanguage":"es","@id":"https:\/\/contrastes.com.co\/web\/#\/schema\/logo\/image\/","url":"https:\/\/contrastes.com.co\/web\/wp-content\/uploads\/2025\/04\/15CONTRASTES3.png","contentUrl":"https:\/\/contrastes.com.co\/web\/wp-content\/uploads\/2025\/04\/15CONTRASTES3.png","width":1536,"height":231,"caption":"Contrastes"},"image":{"@id":"https:\/\/contrastes.com.co\/web\/#\/schema\/logo\/image\/"},"sameAs":["https:\/\/www.facebook.com\/guillo.pantoja.1"]},{"@type":"Person","@id":"https:\/\/contrastes.com.co\/web\/#\/schema\/person\/62ef7a62dc4da6de450c71fc2e95ed02","name":"Editor","image":{"@type":"ImageObject","inLanguage":"es","@id":"https:\/\/secure.gravatar.com\/avatar\/7bbb4f718d74bbf600dc556253bb04fd7ac8593751d6e2e3b85432d98aefae80?s=96&d=mm&r=g","url":"https:\/\/secure.gravatar.com\/avatar\/7bbb4f718d74bbf600dc556253bb04fd7ac8593751d6e2e3b85432d98aefae80?s=96&d=mm&r=g","contentUrl":"https:\/\/secure.gravatar.com\/avatar\/7bbb4f718d74bbf600dc556253bb04fd7ac8593751d6e2e3b85432d98aefae80?s=96&d=mm&r=g","caption":"Editor"},"sameAs":["https:\/\/contrastes.com.co\/web"],"url":"https:\/\/contrastes.com.co\/web\/author\/jdbobadilla\/"}]}},"blog_post_layout_featured_media_urls":{"thumbnail":"","full":""},"categories_names":{"57":{"name":"Emergencias y desastres","link":"https:\/\/contrastes.com.co\/web\/category\/emergencias-y-desastres\/"},"101":{"name":"Pa\u00eds","link":"https:\/\/contrastes.com.co\/web\/category\/pais\/"},"24":{"name":"Regi\u00f3n","link":"https:\/\/contrastes.com.co\/web\/category\/region\/"}},"tags_names":{"294":{"name":"IDEAM","link":"https:\/\/contrastes.com.co\/web\/tag\/ideam\/"},"357":{"name":"lluvias","link":"https:\/\/contrastes.com.co\/web\/tag\/lluvias\/"},"1599":{"name":"pron\u00f3sticos de lluvia","link":"https:\/\/contrastes.com.co\/web\/tag\/pronosticos-de-lluvia\/"},"359":{"name":"temporada invernal","link":"https:\/\/contrastes.com.co\/web\/tag\/temporada-invernal\/"},"1093":{"name":"vendavales","link":"https:\/\/contrastes.com.co\/web\/tag\/vendavales\/"}},"comments_number":"0","wpmagazine_modules_lite_featured_media_urls":{"thumbnail":"","cvmm-medium":"","cvmm-medium-plus":"","cvmm-portrait":"","cvmm-medium-square":"","cvmm-large":"","cvmm-small":"","full":""},"_links":{"self":[{"href":"https:\/\/contrastes.com.co\/web\/wp-json\/wp\/v2\/posts\/8917","targetHints":{"allow":["GET"]}}],"collection":[{"href":"https:\/\/contrastes.com.co\/web\/wp-json\/wp\/v2\/posts"}],"about":[{"href":"https:\/\/contrastes.com.co\/web\/wp-json\/wp\/v2\/types\/post"}],"author":[{"embeddable":true,"href":"https:\/\/contrastes.com.co\/web\/wp-json\/wp\/v2\/users\/1"}],"replies":[{"embeddable":true,"href":"https:\/\/contrastes.com.co\/web\/wp-json\/wp\/v2\/comments?post=8917"}],"version-history":[{"count":0,"href":"https:\/\/contrastes.com.co\/web\/wp-json\/wp\/v2\/posts\/8917\/revisions"}],"wp:attachment":[{"href":"https:\/\/contrastes.com.co\/web\/wp-json\/wp\/v2\/media?parent=8917"}],"wp:term":[{"taxonomy":"category","embeddable":true,"href":"https:\/\/contrastes.com.co\/web\/wp-json\/wp\/v2\/categories?post=8917"},{"taxonomy":"post_tag","embeddable":true,"href":"https:\/\/contrastes.com.co\/web\/wp-json\/wp\/v2\/tags?post=8917"}],"curies":[{"name":"wp","href":"https:\/\/api.w.org\/{rel}","templated":true}]}}