{"id":9051,"date":"2022-04-26T17:21:40","date_gmt":"2022-04-26T22:21:40","guid":{"rendered":"https:\/\/contrastes.com.co\/digital\/?p=9051"},"modified":"2022-04-26T17:21:40","modified_gmt":"2022-04-26T22:21:40","slug":"estabilizan-estructuras-que-soportaran-senderos-y-ciclorrutas-sobre-mallorquin","status":"publish","type":"post","link":"https:\/\/contrastes.com.co\/web\/2022\/04\/26\/estabilizan-estructuras-que-soportaran-senderos-y-ciclorrutas-sobre-mallorquin\/","title":{"rendered":"Estabilizan estructuras que soportar\u00e1n senderos y ciclorrutas sobre Mallorqu\u00edn"},"content":{"rendered":"<p><strong>*Empez\u00f3 estabilizaci\u00f3n de estructuras que soportar\u00e1n senderos y ciclorrutas sobre Mallorqu\u00edn<\/strong><\/p>\n<blockquote><p><strong>\u201cYa se han instalado m\u00e1s de 500 pilotes. Aqu\u00ed tendremos un mirador en altura, zona para hacer deportes n\u00e1uticos, zona de grader\u00edas donde se podr\u00e1n hacer actividades culturales, entre otros espacios para el goce de las familias\u201d<\/strong><\/p><\/blockquote>\n<p><img decoding=\"async\" class=\"alignleft  wp-image-8524\" src=\"https:\/\/contrastes.com.co\/digital\/wp-content\/uploads\/2022\/03\/l-capitular.png\" alt=\"l capitular\" width=\"54\" height=\"54\" \/>a construcci\u00f3n del <strong>Ecoparque de la ci\u00e9naga de Mallorqu\u00ed<\/strong>n alcanz\u00f3 una etapa decisiva que lo acerca cada vez m\u00e1s a ser una realidad: la instalaci\u00f3n de los pilotes, que avanza a buen ritmo, ha permitido que empiece la estabilizaci\u00f3n de las estructuras sobre las cuales ir\u00e1n las plataformas donde las personas podr\u00e1n caminar y disfrutar del avistamiento de aves migratorias, as\u00ed como espect\u00e1culos naturales.<\/p>\n<p>Estas estructuras palaf\u00edticas permitir\u00e1n explorar la que el alcalde Jaime Pumarejo llama \u201cla esquina m\u00e1s m\u00e1gica de Colombia\u201d, donde el mar Caribe y el r\u00edo Magdalena ba\u00f1an a Barranquilla.<\/p>\n<p>De acuerdo con el mandatario, se estima que dentro de un mes se empiecen a armar las plataformas que soportar\u00e1n las ciclorrutas y los senderos peatonales que conforman la primera etapa de la recuperaci\u00f3n integral de la ci\u00e9naga de Mallorqu\u00edn.<\/p>\n<p>\u201cLo que estamos haciendo es trabajando para recuperar y reintegrar a nuestro territorio la ci\u00e9naga de Mallorqu\u00edn, un lugar que muchos hab\u00edan olvidado o no sab\u00edan que exist\u00eda. Ya se han instalado m\u00e1s de 500 pilotes. Aqu\u00ed tendremos un mirador en altura, zona para hacer deportes n\u00e1uticos, zona de grader\u00edas donde se podr\u00e1n hacer actividades culturales, entre otros espacios para el goce de las familias\u201d, indic\u00f3.<\/p>\n<p>Durante la inspecci\u00f3n de los trabajos, el mandatario recorri\u00f3 la majestuosidad y grandeza de este cuerpo de agua en el que se podr\u00e1n practicar distintas actividades recreativas como paseo en lancha, velero, kayak o kite surf.<\/p>\n<p>\u201cEsta ci\u00e9naga ser\u00e1 espectacular para este tipo de pr\u00e1cticas. Va a haber bastante recreaci\u00f3n n\u00e1utica. Es algo que no era usual y est\u00e1 solo a 10 minutos de Barranquilla\u201d, asegur\u00f3 el alcalde, quien estuvo acompa\u00f1ado por el <strong>gerente de Ciudad, Carlos Acosta; el gerente de ADI, Alberto Salah, y el secretario de Obras P\u00fablicas, Rafael Lafont<\/strong>.<\/p>\n<p>La recuperaci\u00f3n integral de la ci\u00e9naga de Mallorqu\u00edn impulsar\u00e1 el desarrollo del ecoturismo y el conservacionismo, de la mano de la visi\u00f3n de convertir a Barranquilla en la primera biodiverciudad del pa\u00eds, un camino que permitir\u00e1 la generaci\u00f3n de empleo sostenible.<\/p>\n<p>El proyecto cubre un \u00e1rea aproximada de 980 hect\u00e1reas que abarca toda la ci\u00e9naga de Mallorqu\u00edn, una parte del <strong>tajamar occidental, la playa de Puerto Mocho, el corregimiento de La Playa y el barrio Las Flore<\/strong>s.<\/p>\n","protected":false},"excerpt":{"rendered":"<p>La construcci\u00f3n del Ecoparque de la ci\u00e9naga de Mallorqu\u00edn alcanz\u00f3 una etapa decisiva que lo acerca cada vez m\u00e1s a ser una realidad: la instalaci\u00f3n de los pilotes, que avanza a buen ritmo, ha permitido que empiece la estabilizaci\u00f3n de las estructuras sobre las cuales ir\u00e1n las plataformas donde las personas podr\u00e1n caminar y disfrutar del avistamiento de aves migratorias, as\u00ed como espect\u00e1culos naturales.<\/p>\n","protected":false},"author":1,"featured_media":9052,"comment_status":"open","ping_status":"open","sticky":false,"template":"","format":"standard","meta":{"footnotes":""},"categories":[11,59,3542,24,996],"tags":[4447,1584,12,5391,267,5392,5393,5394,437,5395,5396,5397,1217,462,5398],"class_list":["post-9051","post","type-post","status-publish","format-standard","has-post-thumbnail","hentry","category-infraestructura","category-medio-ambiente","category-obras-publicas","category-region","category-turismo","tag-alberto-salah","tag-alcalde-de-barranquilla","tag-alcaldia-de-barranquilla","tag-carlos-acosta-gerente-de-adi","tag-distrito-de-barranquilla","tag-ecoparque-de-la-cienaga-de-mallorqui","tag-el-corregimiento-de-la-playa-y-el-barrio-las-flore","tag-gerente-de-ciudad","tag-jaime-pumerejo","tag-la-playa-de-puerto-mocho","tag-mar-caribe","tag-rafael-lafont","tag-rio-magdalena","tag-secretario-de-obras-publicas","tag-tajamar-occidental"],"yoast_head":"<!-- This site is optimized with the Yoast SEO plugin v27.7 - https:\/\/yoast.com\/product\/yoast-seo-wordpress\/ -->\n<title>Estabilizan estructuras que soportar\u00e1n senderos y ciclorrutas sobre Mallorqu\u00edn - Constrastes<\/title>\n<meta name=\"description\" content=\"La construcci\u00f3n del Ecoparque de la ci\u00e9naga de Mallorqu\u00edn alcanz\u00f3 una etapa decisiva que lo acerca cada vez m\u00e1s a ser una realidad: la instalaci\u00f3n de los pilotes, que avanza a buen ritmo, ha permitido que empiece la estabilizaci\u00f3n de las estructuras sobre las cuales ir\u00e1n las plataformas donde las personas podr\u00e1n caminar y disfrutar del avistamiento de aves migratorias, as\u00ed como espect\u00e1culos naturales.\" \/>\n<meta name=\"robots\" content=\"index, follow, max-snippet:-1, max-image-preview:large, max-video-preview:-1\" \/>\n<link rel=\"canonical\" href=\"https:\/\/contrastes.com.co\/web\/2022\/04\/26\/estabilizan-estructuras-que-soportaran-senderos-y-ciclorrutas-sobre-mallorquin\/\" \/>\n<meta property=\"og:locale\" content=\"es_ES\" \/>\n<meta property=\"og:type\" content=\"article\" \/>\n<meta property=\"og:title\" content=\"Estabilizan estructuras que soportar\u00e1n senderos y ciclorrutas sobre Mallorqu\u00edn - Constrastes\" \/>\n<meta property=\"og:description\" content=\"La construcci\u00f3n del Ecoparque de la ci\u00e9naga de Mallorqu\u00edn alcanz\u00f3 una etapa decisiva que lo acerca cada vez m\u00e1s a ser una realidad: la instalaci\u00f3n de los pilotes, que avanza a buen ritmo, ha permitido que empiece la estabilizaci\u00f3n de las estructuras sobre las cuales ir\u00e1n las plataformas donde las personas podr\u00e1n caminar y disfrutar del avistamiento de aves migratorias, as\u00ed como espect\u00e1culos naturales.\" \/>\n<meta property=\"og:url\" content=\"https:\/\/contrastes.com.co\/web\/2022\/04\/26\/estabilizan-estructuras-que-soportaran-senderos-y-ciclorrutas-sobre-mallorquin\/\" \/>\n<meta property=\"og:site_name\" content=\"Constrastes\" \/>\n<meta property=\"article:publisher\" content=\"https:\/\/www.facebook.com\/guillo.pantoja.1\" \/>\n<meta property=\"article:published_time\" content=\"2022-04-26T22:21:40+00:00\" \/>\n<meta name=\"author\" content=\"Editor\" \/>\n<meta name=\"twitter:card\" content=\"summary_large_image\" \/>\n<meta name=\"twitter:label1\" content=\"Escrito por\" \/>\n\t<meta name=\"twitter:data1\" content=\"Editor\" \/>\n\t<meta name=\"twitter:label2\" content=\"Tiempo de lectura\" \/>\n\t<meta name=\"twitter:data2\" content=\"2 minutos\" \/>\n<script type=\"application\/ld+json\" class=\"yoast-schema-graph\">{\"@context\":\"https:\\\/\\\/schema.org\",\"@graph\":[{\"@type\":\"Article\",\"@id\":\"https:\\\/\\\/contrastes.com.co\\\/web\\\/2022\\\/04\\\/26\\\/estabilizan-estructuras-que-soportaran-senderos-y-ciclorrutas-sobre-mallorquin\\\/#article\",\"isPartOf\":{\"@id\":\"https:\\\/\\\/contrastes.com.co\\\/web\\\/2022\\\/04\\\/26\\\/estabilizan-estructuras-que-soportaran-senderos-y-ciclorrutas-sobre-mallorquin\\\/\"},\"author\":{\"name\":\"Editor\",\"@id\":\"https:\\\/\\\/contrastes.com.co\\\/web\\\/#\\\/schema\\\/person\\\/62ef7a62dc4da6de450c71fc2e95ed02\"},\"headline\":\"Estabilizan estructuras que soportar\u00e1n senderos y ciclorrutas sobre Mallorqu\u00edn\",\"datePublished\":\"2022-04-26T22:21:40+00:00\",\"mainEntityOfPage\":{\"@id\":\"https:\\\/\\\/contrastes.com.co\\\/web\\\/2022\\\/04\\\/26\\\/estabilizan-estructuras-que-soportaran-senderos-y-ciclorrutas-sobre-mallorquin\\\/\"},\"wordCount\":475,\"commentCount\":0,\"publisher\":{\"@id\":\"https:\\\/\\\/contrastes.com.co\\\/web\\\/#organization\"},\"image\":{\"@id\":\"https:\\\/\\\/contrastes.com.co\\\/web\\\/2022\\\/04\\\/26\\\/estabilizan-estructuras-que-soportaran-senderos-y-ciclorrutas-sobre-mallorquin\\\/#primaryimage\"},\"thumbnailUrl\":\"\",\"keywords\":[\"Alberto Salah\",\"alcalde de Barranquilla\",\"alcald\u00eda de Barranquilla\",\"Carlos Acosta; gerente de ADI\",\"distrito de barranquilla\",\"Ecoparque de la ci\u00e9naga de Mallorqu\u00ed\",\"el corregimiento de La Playa y el barrio Las Flore\",\"gerente de Ciudad\",\"Jaime Pumerejo\",\"la playa de Puerto Mocho\",\"mar Caribe\",\"Rafael Lafont\",\"r\u00edo Magdalena\",\"Secretario de Obras P\u00fablicas\",\"tajamar occidental\"],\"articleSection\":[\"Infraestructura\",\"Medio Ambiente\",\"Obras P\u00fablicas\",\"Regi\u00f3n\",\"Turismo\"],\"inLanguage\":\"es\",\"potentialAction\":[{\"@type\":\"CommentAction\",\"name\":\"Comment\",\"target\":[\"https:\\\/\\\/contrastes.com.co\\\/web\\\/2022\\\/04\\\/26\\\/estabilizan-estructuras-que-soportaran-senderos-y-ciclorrutas-sobre-mallorquin\\\/#respond\"]}]},{\"@type\":\"WebPage\",\"@id\":\"https:\\\/\\\/contrastes.com.co\\\/web\\\/2022\\\/04\\\/26\\\/estabilizan-estructuras-que-soportaran-senderos-y-ciclorrutas-sobre-mallorquin\\\/\",\"url\":\"https:\\\/\\\/contrastes.com.co\\\/web\\\/2022\\\/04\\\/26\\\/estabilizan-estructuras-que-soportaran-senderos-y-ciclorrutas-sobre-mallorquin\\\/\",\"name\":\"Estabilizan estructuras que soportar\u00e1n senderos y ciclorrutas sobre Mallorqu\u00edn - Constrastes\",\"isPartOf\":{\"@id\":\"https:\\\/\\\/contrastes.com.co\\\/web\\\/#website\"},\"primaryImageOfPage\":{\"@id\":\"https:\\\/\\\/contrastes.com.co\\\/web\\\/2022\\\/04\\\/26\\\/estabilizan-estructuras-que-soportaran-senderos-y-ciclorrutas-sobre-mallorquin\\\/#primaryimage\"},\"image\":{\"@id\":\"https:\\\/\\\/contrastes.com.co\\\/web\\\/2022\\\/04\\\/26\\\/estabilizan-estructuras-que-soportaran-senderos-y-ciclorrutas-sobre-mallorquin\\\/#primaryimage\"},\"thumbnailUrl\":\"\",\"datePublished\":\"2022-04-26T22:21:40+00:00\",\"description\":\"La construcci\u00f3n del Ecoparque de la ci\u00e9naga de Mallorqu\u00edn alcanz\u00f3 una etapa decisiva que lo acerca cada vez m\u00e1s a ser una realidad: la instalaci\u00f3n de los pilotes, que avanza a buen ritmo, ha permitido que empiece la estabilizaci\u00f3n de las estructuras sobre las cuales ir\u00e1n las plataformas donde las personas podr\u00e1n caminar y disfrutar del avistamiento de aves migratorias, as\u00ed como espect\u00e1culos naturales.\",\"breadcrumb\":{\"@id\":\"https:\\\/\\\/contrastes.com.co\\\/web\\\/2022\\\/04\\\/26\\\/estabilizan-estructuras-que-soportaran-senderos-y-ciclorrutas-sobre-mallorquin\\\/#breadcrumb\"},\"inLanguage\":\"es\",\"potentialAction\":[{\"@type\":\"ReadAction\",\"target\":[\"https:\\\/\\\/contrastes.com.co\\\/web\\\/2022\\\/04\\\/26\\\/estabilizan-estructuras-que-soportaran-senderos-y-ciclorrutas-sobre-mallorquin\\\/\"]}]},{\"@type\":\"ImageObject\",\"inLanguage\":\"es\",\"@id\":\"https:\\\/\\\/contrastes.com.co\\\/web\\\/2022\\\/04\\\/26\\\/estabilizan-estructuras-que-soportaran-senderos-y-ciclorrutas-sobre-mallorquin\\\/#primaryimage\",\"url\":\"\",\"contentUrl\":\"\"},{\"@type\":\"BreadcrumbList\",\"@id\":\"https:\\\/\\\/contrastes.com.co\\\/web\\\/2022\\\/04\\\/26\\\/estabilizan-estructuras-que-soportaran-senderos-y-ciclorrutas-sobre-mallorquin\\\/#breadcrumb\",\"itemListElement\":[{\"@type\":\"ListItem\",\"position\":1,\"name\":\"Portada\",\"item\":\"https:\\\/\\\/contrastes.com.co\\\/web\\\/\"},{\"@type\":\"ListItem\",\"position\":2,\"name\":\"Estabilizan estructuras que soportar\u00e1n senderos y ciclorrutas sobre Mallorqu\u00edn\"}]},{\"@type\":\"WebSite\",\"@id\":\"https:\\\/\\\/contrastes.com.co\\\/web\\\/#website\",\"url\":\"https:\\\/\\\/contrastes.com.co\\\/web\\\/\",\"name\":\"Contrastes\",\"description\":\"Periodismo de Conciencia\",\"publisher\":{\"@id\":\"https:\\\/\\\/contrastes.com.co\\\/web\\\/#organization\"},\"potentialAction\":[{\"@type\":\"SearchAction\",\"target\":{\"@type\":\"EntryPoint\",\"urlTemplate\":\"https:\\\/\\\/contrastes.com.co\\\/web\\\/?s={search_term_string}\"},\"query-input\":{\"@type\":\"PropertyValueSpecification\",\"valueRequired\":true,\"valueName\":\"search_term_string\"}}],\"inLanguage\":\"es\"},{\"@type\":\"Organization\",\"@id\":\"https:\\\/\\\/contrastes.com.co\\\/web\\\/#organization\",\"name\":\"Contrastes\",\"url\":\"https:\\\/\\\/contrastes.com.co\\\/web\\\/\",\"logo\":{\"@type\":\"ImageObject\",\"inLanguage\":\"es\",\"@id\":\"https:\\\/\\\/contrastes.com.co\\\/web\\\/#\\\/schema\\\/logo\\\/image\\\/\",\"url\":\"https:\\\/\\\/contrastes.com.co\\\/web\\\/wp-content\\\/uploads\\\/2025\\\/04\\\/15CONTRASTES3.png\",\"contentUrl\":\"https:\\\/\\\/contrastes.com.co\\\/web\\\/wp-content\\\/uploads\\\/2025\\\/04\\\/15CONTRASTES3.png\",\"width\":1536,\"height\":231,\"caption\":\"Contrastes\"},\"image\":{\"@id\":\"https:\\\/\\\/contrastes.com.co\\\/web\\\/#\\\/schema\\\/logo\\\/image\\\/\"},\"sameAs\":[\"https:\\\/\\\/www.facebook.com\\\/guillo.pantoja.1\"]},{\"@type\":\"Person\",\"@id\":\"https:\\\/\\\/contrastes.com.co\\\/web\\\/#\\\/schema\\\/person\\\/62ef7a62dc4da6de450c71fc2e95ed02\",\"name\":\"Editor\",\"image\":{\"@type\":\"ImageObject\",\"inLanguage\":\"es\",\"@id\":\"https:\\\/\\\/secure.gravatar.com\\\/avatar\\\/7bbb4f718d74bbf600dc556253bb04fd7ac8593751d6e2e3b85432d98aefae80?s=96&d=mm&r=g\",\"url\":\"https:\\\/\\\/secure.gravatar.com\\\/avatar\\\/7bbb4f718d74bbf600dc556253bb04fd7ac8593751d6e2e3b85432d98aefae80?s=96&d=mm&r=g\",\"contentUrl\":\"https:\\\/\\\/secure.gravatar.com\\\/avatar\\\/7bbb4f718d74bbf600dc556253bb04fd7ac8593751d6e2e3b85432d98aefae80?s=96&d=mm&r=g\",\"caption\":\"Editor\"},\"sameAs\":[\"https:\\\/\\\/contrastes.com.co\\\/web\"],\"url\":\"https:\\\/\\\/contrastes.com.co\\\/web\\\/author\\\/jdbobadilla\\\/\"}]}<\/script>\n<!-- \/ Yoast SEO plugin. -->","yoast_head_json":{"title":"Estabilizan estructuras que soportar\u00e1n senderos y ciclorrutas sobre Mallorqu\u00edn - Constrastes","description":"La construcci\u00f3n del Ecoparque de la ci\u00e9naga de Mallorqu\u00edn alcanz\u00f3 una etapa decisiva que lo acerca cada vez m\u00e1s a ser una realidad: la instalaci\u00f3n de los pilotes, que avanza a buen ritmo, ha permitido que empiece la estabilizaci\u00f3n de las estructuras sobre las cuales ir\u00e1n las plataformas donde las personas podr\u00e1n caminar y disfrutar del avistamiento de aves migratorias, as\u00ed como espect\u00e1culos naturales.","robots":{"index":"index","follow":"follow","max-snippet":"max-snippet:-1","max-image-preview":"max-image-preview:large","max-video-preview":"max-video-preview:-1"},"canonical":"https:\/\/contrastes.com.co\/web\/2022\/04\/26\/estabilizan-estructuras-que-soportaran-senderos-y-ciclorrutas-sobre-mallorquin\/","og_locale":"es_ES","og_type":"article","og_title":"Estabilizan estructuras que soportar\u00e1n senderos y ciclorrutas sobre Mallorqu\u00edn - Constrastes","og_description":"La construcci\u00f3n del Ecoparque de la ci\u00e9naga de Mallorqu\u00edn alcanz\u00f3 una etapa decisiva que lo acerca cada vez m\u00e1s a ser una realidad: la instalaci\u00f3n de los pilotes, que avanza a buen ritmo, ha permitido que empiece la estabilizaci\u00f3n de las estructuras sobre las cuales ir\u00e1n las plataformas donde las personas podr\u00e1n caminar y disfrutar del avistamiento de aves migratorias, as\u00ed como espect\u00e1culos naturales.","og_url":"https:\/\/contrastes.com.co\/web\/2022\/04\/26\/estabilizan-estructuras-que-soportaran-senderos-y-ciclorrutas-sobre-mallorquin\/","og_site_name":"Constrastes","article_publisher":"https:\/\/www.facebook.com\/guillo.pantoja.1","article_published_time":"2022-04-26T22:21:40+00:00","author":"Editor","twitter_card":"summary_large_image","twitter_misc":{"Escrito por":"Editor","Tiempo de lectura":"2 minutos"},"schema":{"@context":"https:\/\/schema.org","@graph":[{"@type":"Article","@id":"https:\/\/contrastes.com.co\/web\/2022\/04\/26\/estabilizan-estructuras-que-soportaran-senderos-y-ciclorrutas-sobre-mallorquin\/#article","isPartOf":{"@id":"https:\/\/contrastes.com.co\/web\/2022\/04\/26\/estabilizan-estructuras-que-soportaran-senderos-y-ciclorrutas-sobre-mallorquin\/"},"author":{"name":"Editor","@id":"https:\/\/contrastes.com.co\/web\/#\/schema\/person\/62ef7a62dc4da6de450c71fc2e95ed02"},"headline":"Estabilizan estructuras que soportar\u00e1n senderos y ciclorrutas sobre Mallorqu\u00edn","datePublished":"2022-04-26T22:21:40+00:00","mainEntityOfPage":{"@id":"https:\/\/contrastes.com.co\/web\/2022\/04\/26\/estabilizan-estructuras-que-soportaran-senderos-y-ciclorrutas-sobre-mallorquin\/"},"wordCount":475,"commentCount":0,"publisher":{"@id":"https:\/\/contrastes.com.co\/web\/#organization"},"image":{"@id":"https:\/\/contrastes.com.co\/web\/2022\/04\/26\/estabilizan-estructuras-que-soportaran-senderos-y-ciclorrutas-sobre-mallorquin\/#primaryimage"},"thumbnailUrl":"","keywords":["Alberto Salah","alcalde de Barranquilla","alcald\u00eda de Barranquilla","Carlos Acosta; gerente de ADI","distrito de barranquilla","Ecoparque de la ci\u00e9naga de Mallorqu\u00ed","el corregimiento de La Playa y el barrio Las Flore","gerente de Ciudad","Jaime Pumerejo","la playa de Puerto Mocho","mar Caribe","Rafael Lafont","r\u00edo Magdalena","Secretario de Obras P\u00fablicas","tajamar occidental"],"articleSection":["Infraestructura","Medio Ambiente","Obras P\u00fablicas","Regi\u00f3n","Turismo"],"inLanguage":"es","potentialAction":[{"@type":"CommentAction","name":"Comment","target":["https:\/\/contrastes.com.co\/web\/2022\/04\/26\/estabilizan-estructuras-que-soportaran-senderos-y-ciclorrutas-sobre-mallorquin\/#respond"]}]},{"@type":"WebPage","@id":"https:\/\/contrastes.com.co\/web\/2022\/04\/26\/estabilizan-estructuras-que-soportaran-senderos-y-ciclorrutas-sobre-mallorquin\/","url":"https:\/\/contrastes.com.co\/web\/2022\/04\/26\/estabilizan-estructuras-que-soportaran-senderos-y-ciclorrutas-sobre-mallorquin\/","name":"Estabilizan estructuras que soportar\u00e1n senderos y ciclorrutas sobre Mallorqu\u00edn - Constrastes","isPartOf":{"@id":"https:\/\/contrastes.com.co\/web\/#website"},"primaryImageOfPage":{"@id":"https:\/\/contrastes.com.co\/web\/2022\/04\/26\/estabilizan-estructuras-que-soportaran-senderos-y-ciclorrutas-sobre-mallorquin\/#primaryimage"},"image":{"@id":"https:\/\/contrastes.com.co\/web\/2022\/04\/26\/estabilizan-estructuras-que-soportaran-senderos-y-ciclorrutas-sobre-mallorquin\/#primaryimage"},"thumbnailUrl":"","datePublished":"2022-04-26T22:21:40+00:00","description":"La construcci\u00f3n del Ecoparque de la ci\u00e9naga de Mallorqu\u00edn alcanz\u00f3 una etapa decisiva que lo acerca cada vez m\u00e1s a ser una realidad: la instalaci\u00f3n de los pilotes, que avanza a buen ritmo, ha permitido que empiece la estabilizaci\u00f3n de las estructuras sobre las cuales ir\u00e1n las plataformas donde las personas podr\u00e1n caminar y disfrutar del avistamiento de aves migratorias, as\u00ed como espect\u00e1culos naturales.","breadcrumb":{"@id":"https:\/\/contrastes.com.co\/web\/2022\/04\/26\/estabilizan-estructuras-que-soportaran-senderos-y-ciclorrutas-sobre-mallorquin\/#breadcrumb"},"inLanguage":"es","potentialAction":[{"@type":"ReadAction","target":["https:\/\/contrastes.com.co\/web\/2022\/04\/26\/estabilizan-estructuras-que-soportaran-senderos-y-ciclorrutas-sobre-mallorquin\/"]}]},{"@type":"ImageObject","inLanguage":"es","@id":"https:\/\/contrastes.com.co\/web\/2022\/04\/26\/estabilizan-estructuras-que-soportaran-senderos-y-ciclorrutas-sobre-mallorquin\/#primaryimage","url":"","contentUrl":""},{"@type":"BreadcrumbList","@id":"https:\/\/contrastes.com.co\/web\/2022\/04\/26\/estabilizan-estructuras-que-soportaran-senderos-y-ciclorrutas-sobre-mallorquin\/#breadcrumb","itemListElement":[{"@type":"ListItem","position":1,"name":"Portada","item":"https:\/\/contrastes.com.co\/web\/"},{"@type":"ListItem","position":2,"name":"Estabilizan estructuras que soportar\u00e1n senderos y ciclorrutas sobre Mallorqu\u00edn"}]},{"@type":"WebSite","@id":"https:\/\/contrastes.com.co\/web\/#website","url":"https:\/\/contrastes.com.co\/web\/","name":"Contrastes","description":"Periodismo de Conciencia","publisher":{"@id":"https:\/\/contrastes.com.co\/web\/#organization"},"potentialAction":[{"@type":"SearchAction","target":{"@type":"EntryPoint","urlTemplate":"https:\/\/contrastes.com.co\/web\/?s={search_term_string}"},"query-input":{"@type":"PropertyValueSpecification","valueRequired":true,"valueName":"search_term_string"}}],"inLanguage":"es"},{"@type":"Organization","@id":"https:\/\/contrastes.com.co\/web\/#organization","name":"Contrastes","url":"https:\/\/contrastes.com.co\/web\/","logo":{"@type":"ImageObject","inLanguage":"es","@id":"https:\/\/contrastes.com.co\/web\/#\/schema\/logo\/image\/","url":"https:\/\/contrastes.com.co\/web\/wp-content\/uploads\/2025\/04\/15CONTRASTES3.png","contentUrl":"https:\/\/contrastes.com.co\/web\/wp-content\/uploads\/2025\/04\/15CONTRASTES3.png","width":1536,"height":231,"caption":"Contrastes"},"image":{"@id":"https:\/\/contrastes.com.co\/web\/#\/schema\/logo\/image\/"},"sameAs":["https:\/\/www.facebook.com\/guillo.pantoja.1"]},{"@type":"Person","@id":"https:\/\/contrastes.com.co\/web\/#\/schema\/person\/62ef7a62dc4da6de450c71fc2e95ed02","name":"Editor","image":{"@type":"ImageObject","inLanguage":"es","@id":"https:\/\/secure.gravatar.com\/avatar\/7bbb4f718d74bbf600dc556253bb04fd7ac8593751d6e2e3b85432d98aefae80?s=96&d=mm&r=g","url":"https:\/\/secure.gravatar.com\/avatar\/7bbb4f718d74bbf600dc556253bb04fd7ac8593751d6e2e3b85432d98aefae80?s=96&d=mm&r=g","contentUrl":"https:\/\/secure.gravatar.com\/avatar\/7bbb4f718d74bbf600dc556253bb04fd7ac8593751d6e2e3b85432d98aefae80?s=96&d=mm&r=g","caption":"Editor"},"sameAs":["https:\/\/contrastes.com.co\/web"],"url":"https:\/\/contrastes.com.co\/web\/author\/jdbobadilla\/"}]}},"blog_post_layout_featured_media_urls":{"thumbnail":"","full":""},"categories_names":{"11":{"name":"Infraestructura","link":"https:\/\/contrastes.com.co\/web\/category\/infraestructura\/"},"59":{"name":"Medio Ambiente","link":"https:\/\/contrastes.com.co\/web\/category\/medio-ambiente\/"},"3542":{"name":"Obras P\u00fablicas","link":"https:\/\/contrastes.com.co\/web\/category\/obras-publicas\/"},"24":{"name":"Regi\u00f3n","link":"https:\/\/contrastes.com.co\/web\/category\/region\/"},"996":{"name":"Turismo","link":"https:\/\/contrastes.com.co\/web\/category\/turismo\/"}},"tags_names":{"4447":{"name":"Alberto Salah","link":"https:\/\/contrastes.com.co\/web\/tag\/alberto-salah\/"},"1584":{"name":"alcalde de Barranquilla","link":"https:\/\/contrastes.com.co\/web\/tag\/alcalde-de-barranquilla\/"},"12":{"name":"alcald\u00eda de Barranquilla","link":"https:\/\/contrastes.com.co\/web\/tag\/alcaldia-de-barranquilla\/"},"5391":{"name":"Carlos Acosta; gerente de ADI","link":"https:\/\/contrastes.com.co\/web\/tag\/carlos-acosta-gerente-de-adi\/"},"267":{"name":"distrito de barranquilla","link":"https:\/\/contrastes.com.co\/web\/tag\/distrito-de-barranquilla\/"},"5392":{"name":"Ecoparque de la ci\u00e9naga de Mallorqu\u00ed","link":"https:\/\/contrastes.com.co\/web\/tag\/ecoparque-de-la-cienaga-de-mallorqui\/"},"5393":{"name":"el corregimiento de La Playa y el barrio Las Flore","link":"https:\/\/contrastes.com.co\/web\/tag\/el-corregimiento-de-la-playa-y-el-barrio-las-flore\/"},"5394":{"name":"gerente de Ciudad","link":"https:\/\/contrastes.com.co\/web\/tag\/gerente-de-ciudad\/"},"437":{"name":"Jaime Pumerejo","link":"https:\/\/contrastes.com.co\/web\/tag\/jaime-pumerejo\/"},"5395":{"name":"la playa de Puerto Mocho","link":"https:\/\/contrastes.com.co\/web\/tag\/la-playa-de-puerto-mocho\/"},"5396":{"name":"mar Caribe","link":"https:\/\/contrastes.com.co\/web\/tag\/mar-caribe\/"},"5397":{"name":"Rafael Lafont","link":"https:\/\/contrastes.com.co\/web\/tag\/rafael-lafont\/"},"1217":{"name":"r\u00edo Magdalena","link":"https:\/\/contrastes.com.co\/web\/tag\/rio-magdalena\/"},"462":{"name":"Secretario de Obras P\u00fablicas","link":"https:\/\/contrastes.com.co\/web\/tag\/secretario-de-obras-publicas\/"},"5398":{"name":"tajamar occidental","link":"https:\/\/contrastes.com.co\/web\/tag\/tajamar-occidental\/"}},"comments_number":"0","wpmagazine_modules_lite_featured_media_urls":{"thumbnail":"","cvmm-medium":"","cvmm-medium-plus":"","cvmm-portrait":"","cvmm-medium-square":"","cvmm-large":"","cvmm-small":"","full":""},"_links":{"self":[{"href":"https:\/\/contrastes.com.co\/web\/wp-json\/wp\/v2\/posts\/9051","targetHints":{"allow":["GET"]}}],"collection":[{"href":"https:\/\/contrastes.com.co\/web\/wp-json\/wp\/v2\/posts"}],"about":[{"href":"https:\/\/contrastes.com.co\/web\/wp-json\/wp\/v2\/types\/post"}],"author":[{"embeddable":true,"href":"https:\/\/contrastes.com.co\/web\/wp-json\/wp\/v2\/users\/1"}],"replies":[{"embeddable":true,"href":"https:\/\/contrastes.com.co\/web\/wp-json\/wp\/v2\/comments?post=9051"}],"version-history":[{"count":0,"href":"https:\/\/contrastes.com.co\/web\/wp-json\/wp\/v2\/posts\/9051\/revisions"}],"wp:attachment":[{"href":"https:\/\/contrastes.com.co\/web\/wp-json\/wp\/v2\/media?parent=9051"}],"wp:term":[{"taxonomy":"category","embeddable":true,"href":"https:\/\/contrastes.com.co\/web\/wp-json\/wp\/v2\/categories?post=9051"},{"taxonomy":"post_tag","embeddable":true,"href":"https:\/\/contrastes.com.co\/web\/wp-json\/wp\/v2\/tags?post=9051"}],"curies":[{"name":"wp","href":"https:\/\/api.w.org\/{rel}","templated":true}]}}