{"id":9080,"date":"2022-04-27T16:55:51","date_gmt":"2022-04-27T21:55:51","guid":{"rendered":"https:\/\/contrastes.com.co\/digital\/?p=9080"},"modified":"2022-04-27T16:55:51","modified_gmt":"2022-04-27T21:55:51","slug":"redada-contra-narcotrafico-9-capturados-en-barranquilla-solicitados-en-extradicion","status":"publish","type":"post","link":"https:\/\/contrastes.com.co\/web\/2022\/04\/27\/redada-contra-narcotrafico-9-capturados-en-barranquilla-solicitados-en-extradicion\/","title":{"rendered":"Redada contra narcotr\u00e1fico: 9 capturados en Barranquilla, solicitados en extradici\u00f3n"},"content":{"rendered":"<p><strong>*Redada contra narcotr\u00e1fico: 9 capturados en Barranquilla, solicitados en extradici\u00f3n<\/strong><\/p>\n<blockquote><p><strong>\u00abUtilizando empresas fachada y mediante la desviaci\u00f3n de dineros que recib\u00edan como supuestos adelantos por las exportaciones de mercanc\u00edas legales, ingresaban divisas al pa\u00eds en donde testaferros lavaban el dinero\u00bb<\/strong><\/p><\/blockquote>\n<p><img decoding=\"async\" class=\"alignleft  wp-image-8524\" src=\"https:\/\/contrastes.com.co\/digital\/wp-content\/uploads\/2022\/03\/l-capitular.png\" alt=\"l capitular\" width=\"53\" height=\"53\" \/>a <strong>Polic\u00eda Antinarc\u00f3ticos, en coordinaci\u00f3n con la DEA<\/strong>, realiz\u00f3 un operativo simult\u00e1neo en <strong>Barranquilla, Soledad, Santa Marta, Ibagu\u00e9, Bogot\u00e1 y Manizales<\/strong> que permiti\u00f3 la captura de 14 personas que est\u00e1n solicitadas en extradici\u00f3n por una <strong>corte de Massachusetts en Estados Unidos<\/strong> por narcotr\u00e1fico.<\/p>\n<p>Seg\u00fan la Polic\u00eda Antinarc\u00f3ticos, la organizaci\u00f3n narcotraficante \u00abutilizando empresas fachada y mediante la desviaci\u00f3n de dineros que recib\u00edan como supuestos adelantos por las exportaciones de mercanc\u00edas legales, ingresaban divisas al pa\u00eds en donde testaferros lavaban el dinero\u00bb.<\/p>\n<p>\u00abLas autoridades de polic\u00eda aseguraron los puntos estrat\u00e9gicos de movilidad de los miembros de esta organizaci\u00f3n liderada por Abdul Har, conocido como \u201cEl se\u00f1or de los anillos\u201d por su pasi\u00f3n por las joyas en oro y piedras preciosas\u00bb, indic\u00f3 la Polic\u00eda.<\/p>\n<p>Las investigaciones adelantadas durante dos a\u00f1os en donde se incaut\u00f3 gran cantidad de clorhidrato de coca\u00edna en los puertos condujeron a las autoridades hasta los due\u00f1os de estas sustancias y su responsabilidad dentro de la organizaci\u00f3n.<\/p>\n<p>\u00abUna vez se tienen los datos de estas personas, se intercambia la informaci\u00f3n con las agencias internacionales que luchan contra este fen\u00f3meno en el mundo y la DEA ya ten\u00eda en el radar algunas pistas de las rutas y los enlaces en los Estados Unidos, la Unidad de Informaci\u00f3n y An\u00e1lisis Financiero UIAF ten\u00eda las cuentas de estos empresarios buscando un resultado comprometedor con actividades ilegales\u00bb, inform\u00f3 la Polic\u00eda Antinarc\u00f3ticos en un comunicado.<\/p>\n<p>Seg\u00fan la Polic\u00eda, el presunto jefe de la organizaci\u00f3n se hab\u00eda tomado un tiempo durante la pandemia del Covid-19 para dise\u00f1ar la estrategia para recibir el dinero producto del narcotr\u00e1fico.<\/p>\n<p>\u00abEl dinero que recib\u00edan producto del narcotr\u00e1fico era ingresado al pa\u00eds mediante pagos adelantados por exportaciones que no exist\u00edan, es decir, que mediante la creaci\u00f3n de empresas fachadas con registros mercantiles adulterados, pactaban pagos, ya que el dinero nunca era enviado en grandes cantidades. La orden que imparti\u00f3 Abdul a sus empleados era que todos deber\u00edan figurar en las falsas empresas y recibir el dinero, de estos dep\u00f3sitos les entregaba a cambio un porcentaje\u00bb, indic\u00f3 la Polic\u00eda.<\/p>\n<p>Adem\u00e1s, de acuerdo con las autoridades, \u00aben el desarrollo de este plan de \u201cnarcos\u201d incluyeron a dos personas o \u201cBroker\u201d expertos en el manejo de operaciones a trav\u00e9s de la intermediaci\u00f3n de compra y venta de valores o t\u00edtulos financieros. Su capacidad era tan elevada que hab\u00edan ingresado al negocio de monedas virtuales incrementando sus ingresos\u00bb.<\/p>\n<p>Por su parte, en otro lugar del pa\u00eds se encontraban los comerciantes y transportadores de los alcaloides, se encargaban presuntamente de pagar la suma de dinero a personas que intermediaban para llevar la droga hasta los puertos del caribe colombiano.<\/p>\n<p>\u00abUn integrante que se mov\u00eda por las principales ciudades del pa\u00eds, se encargaba de reclutar peque\u00f1as empresas para asociarlas a su red a cambio de recibir dinero desde el exterior, su habilidad se destacaba en el poder de convencimiento, de manera sencilla consegu\u00eda una red de giros entre amigos y familiares en donde los \u201cBrokers\u201d enviaban el dinero\u00bb, dijo la Polic\u00eda.<\/p>\n","protected":false},"excerpt":{"rendered":"<p>La Polic\u00eda Antinarc\u00f3ticos, en coordinaci\u00f3n con la DEA, realiz\u00f3 un operativo simult\u00e1neo en Barranquilla, Soledad, Santa Marta, Ibagu\u00e9, Bogot\u00e1 y Manizales que permiti\u00f3 la captura de 14 personas que est\u00e1n solicitadas en extradici\u00f3n por una corte de Massachusetts en Estados Unidos por narcotr\u00e1fico.<\/p>\n","protected":false},"author":1,"featured_media":9081,"comment_status":"open","ping_status":"open","sticky":false,"template":"","format":"standard","meta":{"footnotes":""},"categories":[172,24],"tags":[311,1665,5413,5414,5415,5416],"class_list":["post-9080","post","type-post","status-publish","format-standard","has-post-thumbnail","hentry","category-judicial","category-region","tag-barranquilla","tag-capturados","tag-coordinacion-con-la-dea","tag-policia-antinarcoticos","tag-redada-contra-narcotrafico","tag-solicitados-en-extradicion"],"yoast_head":"<!-- This site is optimized with the Yoast SEO plugin v27.7 - https:\/\/yoast.com\/product\/yoast-seo-wordpress\/ -->\n<title>Redada contra narcotr\u00e1fico: 9 capturados en Barranquilla, solicitados en extradici\u00f3n - Constrastes<\/title>\n<meta name=\"description\" content=\"La Polic\u00eda Antinarc\u00f3ticos, en coordinaci\u00f3n con la DEA, realiz\u00f3 un operativo simult\u00e1neo en Barranquilla, Soledad, Santa Marta, Ibagu\u00e9, Bogot\u00e1 y Manizales que permiti\u00f3 la captura de 14 personas que est\u00e1n solicitadas en extradici\u00f3n por una corte de Massachusetts en Estados Unidos por narcotr\u00e1fico.\" \/>\n<meta name=\"robots\" content=\"index, follow, max-snippet:-1, max-image-preview:large, max-video-preview:-1\" \/>\n<link rel=\"canonical\" href=\"https:\/\/contrastes.com.co\/web\/2022\/04\/27\/redada-contra-narcotrafico-9-capturados-en-barranquilla-solicitados-en-extradicion\/\" \/>\n<meta property=\"og:locale\" content=\"es_ES\" \/>\n<meta property=\"og:type\" content=\"article\" \/>\n<meta property=\"og:title\" content=\"Redada contra narcotr\u00e1fico: 9 capturados en Barranquilla, solicitados en extradici\u00f3n - Constrastes\" \/>\n<meta property=\"og:description\" content=\"La Polic\u00eda Antinarc\u00f3ticos, en coordinaci\u00f3n con la DEA, realiz\u00f3 un operativo simult\u00e1neo en Barranquilla, Soledad, Santa Marta, Ibagu\u00e9, Bogot\u00e1 y Manizales que permiti\u00f3 la captura de 14 personas que est\u00e1n solicitadas en extradici\u00f3n por una corte de Massachusetts en Estados Unidos por narcotr\u00e1fico.\" \/>\n<meta property=\"og:url\" content=\"https:\/\/contrastes.com.co\/web\/2022\/04\/27\/redada-contra-narcotrafico-9-capturados-en-barranquilla-solicitados-en-extradicion\/\" \/>\n<meta property=\"og:site_name\" content=\"Constrastes\" \/>\n<meta property=\"article:publisher\" content=\"https:\/\/www.facebook.com\/guillo.pantoja.1\" \/>\n<meta property=\"article:published_time\" content=\"2022-04-27T21:55:51+00:00\" \/>\n<meta name=\"author\" content=\"Editor\" \/>\n<meta name=\"twitter:card\" content=\"summary_large_image\" \/>\n<meta name=\"twitter:label1\" content=\"Escrito por\" \/>\n\t<meta name=\"twitter:data1\" content=\"Editor\" \/>\n\t<meta name=\"twitter:label2\" content=\"Tiempo de lectura\" \/>\n\t<meta name=\"twitter:data2\" content=\"3 minutos\" \/>\n<script type=\"application\/ld+json\" class=\"yoast-schema-graph\">{\"@context\":\"https:\\\/\\\/schema.org\",\"@graph\":[{\"@type\":\"Article\",\"@id\":\"https:\\\/\\\/contrastes.com.co\\\/web\\\/2022\\\/04\\\/27\\\/redada-contra-narcotrafico-9-capturados-en-barranquilla-solicitados-en-extradicion\\\/#article\",\"isPartOf\":{\"@id\":\"https:\\\/\\\/contrastes.com.co\\\/web\\\/2022\\\/04\\\/27\\\/redada-contra-narcotrafico-9-capturados-en-barranquilla-solicitados-en-extradicion\\\/\"},\"author\":{\"name\":\"Editor\",\"@id\":\"https:\\\/\\\/contrastes.com.co\\\/web\\\/#\\\/schema\\\/person\\\/62ef7a62dc4da6de450c71fc2e95ed02\"},\"headline\":\"Redada contra narcotr\u00e1fico: 9 capturados en Barranquilla, solicitados en extradici\u00f3n\",\"datePublished\":\"2022-04-27T21:55:51+00:00\",\"mainEntityOfPage\":{\"@id\":\"https:\\\/\\\/contrastes.com.co\\\/web\\\/2022\\\/04\\\/27\\\/redada-contra-narcotrafico-9-capturados-en-barranquilla-solicitados-en-extradicion\\\/\"},\"wordCount\":607,\"commentCount\":0,\"publisher\":{\"@id\":\"https:\\\/\\\/contrastes.com.co\\\/web\\\/#organization\"},\"image\":{\"@id\":\"https:\\\/\\\/contrastes.com.co\\\/web\\\/2022\\\/04\\\/27\\\/redada-contra-narcotrafico-9-capturados-en-barranquilla-solicitados-en-extradicion\\\/#primaryimage\"},\"thumbnailUrl\":\"\",\"keywords\":[\"Barranquilla\",\"capturados\",\"coordinaci\u00f3n con la DEA\",\"Polic\u00eda Antinarc\u00f3ticos\",\"Redada contra narcotr\u00e1fico\",\"solicitados en extradici\u00f3n\"],\"articleSection\":[\"Judicial\",\"Regi\u00f3n\"],\"inLanguage\":\"es\",\"potentialAction\":[{\"@type\":\"CommentAction\",\"name\":\"Comment\",\"target\":[\"https:\\\/\\\/contrastes.com.co\\\/web\\\/2022\\\/04\\\/27\\\/redada-contra-narcotrafico-9-capturados-en-barranquilla-solicitados-en-extradicion\\\/#respond\"]}]},{\"@type\":\"WebPage\",\"@id\":\"https:\\\/\\\/contrastes.com.co\\\/web\\\/2022\\\/04\\\/27\\\/redada-contra-narcotrafico-9-capturados-en-barranquilla-solicitados-en-extradicion\\\/\",\"url\":\"https:\\\/\\\/contrastes.com.co\\\/web\\\/2022\\\/04\\\/27\\\/redada-contra-narcotrafico-9-capturados-en-barranquilla-solicitados-en-extradicion\\\/\",\"name\":\"Redada contra narcotr\u00e1fico: 9 capturados en Barranquilla, solicitados en extradici\u00f3n - Constrastes\",\"isPartOf\":{\"@id\":\"https:\\\/\\\/contrastes.com.co\\\/web\\\/#website\"},\"primaryImageOfPage\":{\"@id\":\"https:\\\/\\\/contrastes.com.co\\\/web\\\/2022\\\/04\\\/27\\\/redada-contra-narcotrafico-9-capturados-en-barranquilla-solicitados-en-extradicion\\\/#primaryimage\"},\"image\":{\"@id\":\"https:\\\/\\\/contrastes.com.co\\\/web\\\/2022\\\/04\\\/27\\\/redada-contra-narcotrafico-9-capturados-en-barranquilla-solicitados-en-extradicion\\\/#primaryimage\"},\"thumbnailUrl\":\"\",\"datePublished\":\"2022-04-27T21:55:51+00:00\",\"description\":\"La Polic\u00eda Antinarc\u00f3ticos, en coordinaci\u00f3n con la DEA, realiz\u00f3 un operativo simult\u00e1neo en Barranquilla, Soledad, Santa Marta, Ibagu\u00e9, Bogot\u00e1 y Manizales que permiti\u00f3 la captura de 14 personas que est\u00e1n solicitadas en extradici\u00f3n por una corte de Massachusetts en Estados Unidos por narcotr\u00e1fico.\",\"breadcrumb\":{\"@id\":\"https:\\\/\\\/contrastes.com.co\\\/web\\\/2022\\\/04\\\/27\\\/redada-contra-narcotrafico-9-capturados-en-barranquilla-solicitados-en-extradicion\\\/#breadcrumb\"},\"inLanguage\":\"es\",\"potentialAction\":[{\"@type\":\"ReadAction\",\"target\":[\"https:\\\/\\\/contrastes.com.co\\\/web\\\/2022\\\/04\\\/27\\\/redada-contra-narcotrafico-9-capturados-en-barranquilla-solicitados-en-extradicion\\\/\"]}]},{\"@type\":\"ImageObject\",\"inLanguage\":\"es\",\"@id\":\"https:\\\/\\\/contrastes.com.co\\\/web\\\/2022\\\/04\\\/27\\\/redada-contra-narcotrafico-9-capturados-en-barranquilla-solicitados-en-extradicion\\\/#primaryimage\",\"url\":\"\",\"contentUrl\":\"\"},{\"@type\":\"BreadcrumbList\",\"@id\":\"https:\\\/\\\/contrastes.com.co\\\/web\\\/2022\\\/04\\\/27\\\/redada-contra-narcotrafico-9-capturados-en-barranquilla-solicitados-en-extradicion\\\/#breadcrumb\",\"itemListElement\":[{\"@type\":\"ListItem\",\"position\":1,\"name\":\"Portada\",\"item\":\"https:\\\/\\\/contrastes.com.co\\\/web\\\/\"},{\"@type\":\"ListItem\",\"position\":2,\"name\":\"Redada contra narcotr\u00e1fico: 9 capturados en Barranquilla, solicitados en extradici\u00f3n\"}]},{\"@type\":\"WebSite\",\"@id\":\"https:\\\/\\\/contrastes.com.co\\\/web\\\/#website\",\"url\":\"https:\\\/\\\/contrastes.com.co\\\/web\\\/\",\"name\":\"Contrastes\",\"description\":\"Periodismo de Conciencia\",\"publisher\":{\"@id\":\"https:\\\/\\\/contrastes.com.co\\\/web\\\/#organization\"},\"potentialAction\":[{\"@type\":\"SearchAction\",\"target\":{\"@type\":\"EntryPoint\",\"urlTemplate\":\"https:\\\/\\\/contrastes.com.co\\\/web\\\/?s={search_term_string}\"},\"query-input\":{\"@type\":\"PropertyValueSpecification\",\"valueRequired\":true,\"valueName\":\"search_term_string\"}}],\"inLanguage\":\"es\"},{\"@type\":\"Organization\",\"@id\":\"https:\\\/\\\/contrastes.com.co\\\/web\\\/#organization\",\"name\":\"Contrastes\",\"url\":\"https:\\\/\\\/contrastes.com.co\\\/web\\\/\",\"logo\":{\"@type\":\"ImageObject\",\"inLanguage\":\"es\",\"@id\":\"https:\\\/\\\/contrastes.com.co\\\/web\\\/#\\\/schema\\\/logo\\\/image\\\/\",\"url\":\"https:\\\/\\\/contrastes.com.co\\\/web\\\/wp-content\\\/uploads\\\/2025\\\/04\\\/15CONTRASTES3.png\",\"contentUrl\":\"https:\\\/\\\/contrastes.com.co\\\/web\\\/wp-content\\\/uploads\\\/2025\\\/04\\\/15CONTRASTES3.png\",\"width\":1536,\"height\":231,\"caption\":\"Contrastes\"},\"image\":{\"@id\":\"https:\\\/\\\/contrastes.com.co\\\/web\\\/#\\\/schema\\\/logo\\\/image\\\/\"},\"sameAs\":[\"https:\\\/\\\/www.facebook.com\\\/guillo.pantoja.1\"]},{\"@type\":\"Person\",\"@id\":\"https:\\\/\\\/contrastes.com.co\\\/web\\\/#\\\/schema\\\/person\\\/62ef7a62dc4da6de450c71fc2e95ed02\",\"name\":\"Editor\",\"image\":{\"@type\":\"ImageObject\",\"inLanguage\":\"es\",\"@id\":\"https:\\\/\\\/secure.gravatar.com\\\/avatar\\\/7bbb4f718d74bbf600dc556253bb04fd7ac8593751d6e2e3b85432d98aefae80?s=96&d=mm&r=g\",\"url\":\"https:\\\/\\\/secure.gravatar.com\\\/avatar\\\/7bbb4f718d74bbf600dc556253bb04fd7ac8593751d6e2e3b85432d98aefae80?s=96&d=mm&r=g\",\"contentUrl\":\"https:\\\/\\\/secure.gravatar.com\\\/avatar\\\/7bbb4f718d74bbf600dc556253bb04fd7ac8593751d6e2e3b85432d98aefae80?s=96&d=mm&r=g\",\"caption\":\"Editor\"},\"sameAs\":[\"https:\\\/\\\/contrastes.com.co\\\/web\"],\"url\":\"https:\\\/\\\/contrastes.com.co\\\/web\\\/author\\\/jdbobadilla\\\/\"}]}<\/script>\n<!-- \/ Yoast SEO plugin. -->","yoast_head_json":{"title":"Redada contra narcotr\u00e1fico: 9 capturados en Barranquilla, solicitados en extradici\u00f3n - Constrastes","description":"La Polic\u00eda Antinarc\u00f3ticos, en coordinaci\u00f3n con la DEA, realiz\u00f3 un operativo simult\u00e1neo en Barranquilla, Soledad, Santa Marta, Ibagu\u00e9, Bogot\u00e1 y Manizales que permiti\u00f3 la captura de 14 personas que est\u00e1n solicitadas en extradici\u00f3n por una corte de Massachusetts en Estados Unidos por narcotr\u00e1fico.","robots":{"index":"index","follow":"follow","max-snippet":"max-snippet:-1","max-image-preview":"max-image-preview:large","max-video-preview":"max-video-preview:-1"},"canonical":"https:\/\/contrastes.com.co\/web\/2022\/04\/27\/redada-contra-narcotrafico-9-capturados-en-barranquilla-solicitados-en-extradicion\/","og_locale":"es_ES","og_type":"article","og_title":"Redada contra narcotr\u00e1fico: 9 capturados en Barranquilla, solicitados en extradici\u00f3n - Constrastes","og_description":"La Polic\u00eda Antinarc\u00f3ticos, en coordinaci\u00f3n con la DEA, realiz\u00f3 un operativo simult\u00e1neo en Barranquilla, Soledad, Santa Marta, Ibagu\u00e9, Bogot\u00e1 y Manizales que permiti\u00f3 la captura de 14 personas que est\u00e1n solicitadas en extradici\u00f3n por una corte de Massachusetts en Estados Unidos por narcotr\u00e1fico.","og_url":"https:\/\/contrastes.com.co\/web\/2022\/04\/27\/redada-contra-narcotrafico-9-capturados-en-barranquilla-solicitados-en-extradicion\/","og_site_name":"Constrastes","article_publisher":"https:\/\/www.facebook.com\/guillo.pantoja.1","article_published_time":"2022-04-27T21:55:51+00:00","author":"Editor","twitter_card":"summary_large_image","twitter_misc":{"Escrito por":"Editor","Tiempo de lectura":"3 minutos"},"schema":{"@context":"https:\/\/schema.org","@graph":[{"@type":"Article","@id":"https:\/\/contrastes.com.co\/web\/2022\/04\/27\/redada-contra-narcotrafico-9-capturados-en-barranquilla-solicitados-en-extradicion\/#article","isPartOf":{"@id":"https:\/\/contrastes.com.co\/web\/2022\/04\/27\/redada-contra-narcotrafico-9-capturados-en-barranquilla-solicitados-en-extradicion\/"},"author":{"name":"Editor","@id":"https:\/\/contrastes.com.co\/web\/#\/schema\/person\/62ef7a62dc4da6de450c71fc2e95ed02"},"headline":"Redada contra narcotr\u00e1fico: 9 capturados en Barranquilla, solicitados en extradici\u00f3n","datePublished":"2022-04-27T21:55:51+00:00","mainEntityOfPage":{"@id":"https:\/\/contrastes.com.co\/web\/2022\/04\/27\/redada-contra-narcotrafico-9-capturados-en-barranquilla-solicitados-en-extradicion\/"},"wordCount":607,"commentCount":0,"publisher":{"@id":"https:\/\/contrastes.com.co\/web\/#organization"},"image":{"@id":"https:\/\/contrastes.com.co\/web\/2022\/04\/27\/redada-contra-narcotrafico-9-capturados-en-barranquilla-solicitados-en-extradicion\/#primaryimage"},"thumbnailUrl":"","keywords":["Barranquilla","capturados","coordinaci\u00f3n con la DEA","Polic\u00eda Antinarc\u00f3ticos","Redada contra narcotr\u00e1fico","solicitados en extradici\u00f3n"],"articleSection":["Judicial","Regi\u00f3n"],"inLanguage":"es","potentialAction":[{"@type":"CommentAction","name":"Comment","target":["https:\/\/contrastes.com.co\/web\/2022\/04\/27\/redada-contra-narcotrafico-9-capturados-en-barranquilla-solicitados-en-extradicion\/#respond"]}]},{"@type":"WebPage","@id":"https:\/\/contrastes.com.co\/web\/2022\/04\/27\/redada-contra-narcotrafico-9-capturados-en-barranquilla-solicitados-en-extradicion\/","url":"https:\/\/contrastes.com.co\/web\/2022\/04\/27\/redada-contra-narcotrafico-9-capturados-en-barranquilla-solicitados-en-extradicion\/","name":"Redada contra narcotr\u00e1fico: 9 capturados en Barranquilla, solicitados en extradici\u00f3n - Constrastes","isPartOf":{"@id":"https:\/\/contrastes.com.co\/web\/#website"},"primaryImageOfPage":{"@id":"https:\/\/contrastes.com.co\/web\/2022\/04\/27\/redada-contra-narcotrafico-9-capturados-en-barranquilla-solicitados-en-extradicion\/#primaryimage"},"image":{"@id":"https:\/\/contrastes.com.co\/web\/2022\/04\/27\/redada-contra-narcotrafico-9-capturados-en-barranquilla-solicitados-en-extradicion\/#primaryimage"},"thumbnailUrl":"","datePublished":"2022-04-27T21:55:51+00:00","description":"La Polic\u00eda Antinarc\u00f3ticos, en coordinaci\u00f3n con la DEA, realiz\u00f3 un operativo simult\u00e1neo en Barranquilla, Soledad, Santa Marta, Ibagu\u00e9, Bogot\u00e1 y Manizales que permiti\u00f3 la captura de 14 personas que est\u00e1n solicitadas en extradici\u00f3n por una corte de Massachusetts en Estados Unidos por narcotr\u00e1fico.","breadcrumb":{"@id":"https:\/\/contrastes.com.co\/web\/2022\/04\/27\/redada-contra-narcotrafico-9-capturados-en-barranquilla-solicitados-en-extradicion\/#breadcrumb"},"inLanguage":"es","potentialAction":[{"@type":"ReadAction","target":["https:\/\/contrastes.com.co\/web\/2022\/04\/27\/redada-contra-narcotrafico-9-capturados-en-barranquilla-solicitados-en-extradicion\/"]}]},{"@type":"ImageObject","inLanguage":"es","@id":"https:\/\/contrastes.com.co\/web\/2022\/04\/27\/redada-contra-narcotrafico-9-capturados-en-barranquilla-solicitados-en-extradicion\/#primaryimage","url":"","contentUrl":""},{"@type":"BreadcrumbList","@id":"https:\/\/contrastes.com.co\/web\/2022\/04\/27\/redada-contra-narcotrafico-9-capturados-en-barranquilla-solicitados-en-extradicion\/#breadcrumb","itemListElement":[{"@type":"ListItem","position":1,"name":"Portada","item":"https:\/\/contrastes.com.co\/web\/"},{"@type":"ListItem","position":2,"name":"Redada contra narcotr\u00e1fico: 9 capturados en Barranquilla, solicitados en extradici\u00f3n"}]},{"@type":"WebSite","@id":"https:\/\/contrastes.com.co\/web\/#website","url":"https:\/\/contrastes.com.co\/web\/","name":"Contrastes","description":"Periodismo de Conciencia","publisher":{"@id":"https:\/\/contrastes.com.co\/web\/#organization"},"potentialAction":[{"@type":"SearchAction","target":{"@type":"EntryPoint","urlTemplate":"https:\/\/contrastes.com.co\/web\/?s={search_term_string}"},"query-input":{"@type":"PropertyValueSpecification","valueRequired":true,"valueName":"search_term_string"}}],"inLanguage":"es"},{"@type":"Organization","@id":"https:\/\/contrastes.com.co\/web\/#organization","name":"Contrastes","url":"https:\/\/contrastes.com.co\/web\/","logo":{"@type":"ImageObject","inLanguage":"es","@id":"https:\/\/contrastes.com.co\/web\/#\/schema\/logo\/image\/","url":"https:\/\/contrastes.com.co\/web\/wp-content\/uploads\/2025\/04\/15CONTRASTES3.png","contentUrl":"https:\/\/contrastes.com.co\/web\/wp-content\/uploads\/2025\/04\/15CONTRASTES3.png","width":1536,"height":231,"caption":"Contrastes"},"image":{"@id":"https:\/\/contrastes.com.co\/web\/#\/schema\/logo\/image\/"},"sameAs":["https:\/\/www.facebook.com\/guillo.pantoja.1"]},{"@type":"Person","@id":"https:\/\/contrastes.com.co\/web\/#\/schema\/person\/62ef7a62dc4da6de450c71fc2e95ed02","name":"Editor","image":{"@type":"ImageObject","inLanguage":"es","@id":"https:\/\/secure.gravatar.com\/avatar\/7bbb4f718d74bbf600dc556253bb04fd7ac8593751d6e2e3b85432d98aefae80?s=96&d=mm&r=g","url":"https:\/\/secure.gravatar.com\/avatar\/7bbb4f718d74bbf600dc556253bb04fd7ac8593751d6e2e3b85432d98aefae80?s=96&d=mm&r=g","contentUrl":"https:\/\/secure.gravatar.com\/avatar\/7bbb4f718d74bbf600dc556253bb04fd7ac8593751d6e2e3b85432d98aefae80?s=96&d=mm&r=g","caption":"Editor"},"sameAs":["https:\/\/contrastes.com.co\/web"],"url":"https:\/\/contrastes.com.co\/web\/author\/jdbobadilla\/"}]}},"blog_post_layout_featured_media_urls":{"thumbnail":"","full":""},"categories_names":{"172":{"name":"Judicial","link":"https:\/\/contrastes.com.co\/web\/category\/judicial\/"},"24":{"name":"Regi\u00f3n","link":"https:\/\/contrastes.com.co\/web\/category\/region\/"}},"tags_names":{"311":{"name":"Barranquilla","link":"https:\/\/contrastes.com.co\/web\/tag\/barranquilla\/"},"1665":{"name":"capturados","link":"https:\/\/contrastes.com.co\/web\/tag\/capturados\/"},"5413":{"name":"coordinaci\u00f3n con la DEA","link":"https:\/\/contrastes.com.co\/web\/tag\/coordinacion-con-la-dea\/"},"5414":{"name":"Polic\u00eda Antinarc\u00f3ticos","link":"https:\/\/contrastes.com.co\/web\/tag\/policia-antinarcoticos\/"},"5415":{"name":"Redada contra narcotr\u00e1fico","link":"https:\/\/contrastes.com.co\/web\/tag\/redada-contra-narcotrafico\/"},"5416":{"name":"solicitados en extradici\u00f3n","link":"https:\/\/contrastes.com.co\/web\/tag\/solicitados-en-extradicion\/"}},"comments_number":"0","wpmagazine_modules_lite_featured_media_urls":{"thumbnail":"","cvmm-medium":"","cvmm-medium-plus":"","cvmm-portrait":"","cvmm-medium-square":"","cvmm-large":"","cvmm-small":"","full":""},"_links":{"self":[{"href":"https:\/\/contrastes.com.co\/web\/wp-json\/wp\/v2\/posts\/9080","targetHints":{"allow":["GET"]}}],"collection":[{"href":"https:\/\/contrastes.com.co\/web\/wp-json\/wp\/v2\/posts"}],"about":[{"href":"https:\/\/contrastes.com.co\/web\/wp-json\/wp\/v2\/types\/post"}],"author":[{"embeddable":true,"href":"https:\/\/contrastes.com.co\/web\/wp-json\/wp\/v2\/users\/1"}],"replies":[{"embeddable":true,"href":"https:\/\/contrastes.com.co\/web\/wp-json\/wp\/v2\/comments?post=9080"}],"version-history":[{"count":0,"href":"https:\/\/contrastes.com.co\/web\/wp-json\/wp\/v2\/posts\/9080\/revisions"}],"wp:attachment":[{"href":"https:\/\/contrastes.com.co\/web\/wp-json\/wp\/v2\/media?parent=9080"}],"wp:term":[{"taxonomy":"category","embeddable":true,"href":"https:\/\/contrastes.com.co\/web\/wp-json\/wp\/v2\/categories?post=9080"},{"taxonomy":"post_tag","embeddable":true,"href":"https:\/\/contrastes.com.co\/web\/wp-json\/wp\/v2\/tags?post=9080"}],"curies":[{"name":"wp","href":"https:\/\/api.w.org\/{rel}","templated":true}]}}