{"id":924,"date":"2020-05-13T11:33:41","date_gmt":"2020-05-13T16:33:41","guid":{"rendered":"https:\/\/contrastes.com.co\/digital\/?p=924"},"modified":"2020-05-13T11:33:41","modified_gmt":"2020-05-13T16:33:41","slug":"eficazmente-conversaciones-con-ines-maria-dautt-hoy-la-disenadora-diana-rolando","status":"publish","type":"post","link":"https:\/\/contrastes.com.co\/web\/2020\/05\/13\/eficazmente-conversaciones-con-ines-maria-dautt-hoy-la-disenadora-diana-rolando\/","title":{"rendered":"Eficazmente, conversaciones con Ines Mar\u00eda Dautt: Hoy la dise\u00f1adora Diana Rolando"},"content":{"rendered":"<blockquote><p><strong>Tal y como lo plantea en su introducci\u00f3n, Eficazmente, es una cita semanal con l\u00edderes extraordinarios para inspirar a quienes est\u00e1n luchando por hacer realidad sus sue\u00f1os. <\/strong><\/p><\/blockquote>\n<p><img decoding=\"async\" class=\"alignleft size-full wp-image-926\" src=\"https:\/\/contrastes.com.co\/digital\/wp-content\/uploads\/2020\/05\/comillas.png\" alt=\"comillas\" width=\"100\" height=\"100\" \/>Reconocida como una de las mejores dise\u00f1adoras de trajes t\u00edpicos en Colombia. Diana Rolando es un inspirador ejemplo de fe en s\u00ed misma, disciplina y pasi\u00f3n. Ella es nuestra primera invitada y nos revela: c\u00f3mo dio un salto cu\u00e1ntico a su vida logrando construir una s\u00f3lida empresa sin capital y sin estudios universitarios. Ella es la prueba viviente de que cuando se quiere se puede\u00bb: Ines Mar\u00eda Dautt.<\/p>\n<p><strong>Eficazmente, conversaciones para el \u00e9xito<\/strong>, es un programa de entrevistas tipo podcast, realizado, con su particular estilo innovador, por la comunicadora solede\u00f1a Ines Mar\u00eda Dautt, en el que se plantea una forma diferente de abordar los temas demostrando que la mente eficaz es capaz de utilizar sus destrezas y competencias para una adecuada toma de decisiones. \u00abPensar eficazmente es buscar alcanzar los objetivos propuestos buscando la soluci\u00f3n a los problemas, ajustando el enfoque y adapt\u00e1ndose a los cambios\u00bb, es la linea de pensamiento que plantea esta propuesta motivadora.<\/p>\n<p>Tal y como lo plantea en su introducci\u00f3n, <strong>Eficazmente<\/strong>, es una cita semanal con l\u00edderes extraordinarios para inspirar a quienes est\u00e1n luchando por hacer realidad sus sue\u00f1os. Para iniciar la primera temporada la elecci\u00f3n no pudo ser m\u00e1s acertada, Ines Mar\u00eda Dautt escogi\u00f3 a una de las mejores dise\u00f1adoras de trajes t\u00edpicos en Colombia, la solede\u00f1a Diana Rolando, quien es un inspirador ejemplo de fe en s\u00ed misma, adem\u00e1s de conjugar en cada uno de sus trabajos la disciplina y pasi\u00f3n que le ha imprimido a todas las etapas de su vida. Ella es la primera invitada de Eficazmente revelando c\u00f3mo dio un salto cu\u00e1ntico a su vida logrando construir una s\u00f3lida empresa sin capital y sin estudios universitarios. Ella es la prueba viviente de que cuando se quiere se puede.<\/p>\n<p>En estos dif\u00edciles tiempos de pandemia, Diana Rolando se adapt\u00f3 al teletrabajo y traslado sus maquinas a las casas de sus empleados; pasando de los canutillos y las lentejuelas a la tela anti fluidos y ya ha fabricado m\u00e1s de 10 mil tapabocas. Este es un ejemplo de adaptaci\u00f3n al cambio; y de pensar y actuar eficazmente.<\/p>\n<p>Contrastes.co les brindar\u00e1 semanalmente estos podcast creados y conducidos por nuestra entra\u00f1able amiga y colega Ines Mar\u00eda Dautt.<\/p>\n<p><iframe src=\"https:\/\/co.ivoox.com\/es\/player_ej_50680878_2_1.html?data=lpWjmpWce5mhhpywj5eXaZS1kZWah5yncZKhhpywj5WRaZi3jpWah5yncYa3k4qvqKiJh5SZo5ja0ZDIpdOf1tOY1cbQuNCfxNqSpZiJhZLi1c7Q0ZDFb9XpjNvWxsaJd6ehhpywj6rKrcTV29LS0NnJcYarpJKh&amp;\" width=\"100%\" height=\"200\" frameborder=\"0\" scrolling=\"no\" allowfullscreen=\"allowfullscreen\"><\/iframe><\/p>\n<p>&nbsp;<\/p>\n","protected":false},"excerpt":{"rendered":"<p>Tal y como lo plantea en su introducci\u00f3n, Eficazmente, es una cita semanal con l\u00edderes extraordinarios para inspirar a quienes est\u00e1n luchando por hacer realidad sus sue\u00f1os. Reconocida como una de las mejores dise\u00f1adoras de trajes t\u00edpicos en Colombia. Diana Rolando es un inspirador ejemplo de fe en s\u00ed misma, disciplina y pasi\u00f3n. Ella es [&hellip;]<\/p>\n","protected":false},"author":1,"featured_media":918,"comment_status":"open","ping_status":"open","sticky":false,"template":"","format":"standard","meta":{"footnotes":""},"categories":[140,277,158],"tags":[297,298,299,300,301],"class_list":["post-924","post","type-post","status-publish","format-standard","has-post-thumbnail","hentry","category-moda","category-opinion","category-personajes","tag-diana-rolando","tag-eficazmente","tag-entrevistas","tag-ines-maria-dautt","tag-podcast"],"yoast_head":"<!-- This site is optimized with the Yoast SEO plugin v27.7 - https:\/\/yoast.com\/product\/yoast-seo-wordpress\/ -->\n<title>Eficazmente, conversaciones con Ines Mar\u00eda Dautt: Hoy la dise\u00f1adora Diana Rolando - Constrastes<\/title>\n<meta name=\"robots\" content=\"index, follow, max-snippet:-1, max-image-preview:large, max-video-preview:-1\" \/>\n<link rel=\"canonical\" href=\"https:\/\/contrastes.com.co\/web\/2020\/05\/13\/eficazmente-conversaciones-con-ines-maria-dautt-hoy-la-disenadora-diana-rolando\/\" \/>\n<meta property=\"og:locale\" content=\"es_ES\" \/>\n<meta property=\"og:type\" content=\"article\" \/>\n<meta property=\"og:title\" content=\"Eficazmente, conversaciones con Ines Mar\u00eda Dautt: Hoy la dise\u00f1adora Diana Rolando - Constrastes\" \/>\n<meta property=\"og:description\" content=\"Tal y como lo plantea en su introducci\u00f3n, Eficazmente, es una cita semanal con l\u00edderes extraordinarios para inspirar a quienes est\u00e1n luchando por hacer realidad sus sue\u00f1os. Reconocida como una de las mejores dise\u00f1adoras de trajes t\u00edpicos en Colombia. Diana Rolando es un inspirador ejemplo de fe en s\u00ed misma, disciplina y pasi\u00f3n. Ella es [&hellip;]\" \/>\n<meta property=\"og:url\" content=\"https:\/\/contrastes.com.co\/web\/2020\/05\/13\/eficazmente-conversaciones-con-ines-maria-dautt-hoy-la-disenadora-diana-rolando\/\" \/>\n<meta property=\"og:site_name\" content=\"Constrastes\" \/>\n<meta property=\"article:publisher\" content=\"https:\/\/www.facebook.com\/guillo.pantoja.1\" \/>\n<meta property=\"article:published_time\" content=\"2020-05-13T16:33:41+00:00\" \/>\n<meta name=\"author\" content=\"Editor\" \/>\n<meta name=\"twitter:card\" content=\"summary_large_image\" \/>\n<meta name=\"twitter:label1\" content=\"Escrito por\" \/>\n\t<meta name=\"twitter:data1\" content=\"Editor\" \/>\n\t<meta name=\"twitter:label2\" content=\"Tiempo de lectura\" \/>\n\t<meta name=\"twitter:data2\" content=\"2 minutos\" \/>\n<script type=\"application\/ld+json\" class=\"yoast-schema-graph\">{\"@context\":\"https:\\\/\\\/schema.org\",\"@graph\":[{\"@type\":\"Article\",\"@id\":\"https:\\\/\\\/contrastes.com.co\\\/web\\\/2020\\\/05\\\/13\\\/eficazmente-conversaciones-con-ines-maria-dautt-hoy-la-disenadora-diana-rolando\\\/#article\",\"isPartOf\":{\"@id\":\"https:\\\/\\\/contrastes.com.co\\\/web\\\/2020\\\/05\\\/13\\\/eficazmente-conversaciones-con-ines-maria-dautt-hoy-la-disenadora-diana-rolando\\\/\"},\"author\":{\"name\":\"Editor\",\"@id\":\"https:\\\/\\\/contrastes.com.co\\\/web\\\/#\\\/schema\\\/person\\\/62ef7a62dc4da6de450c71fc2e95ed02\"},\"headline\":\"Eficazmente, conversaciones con Ines Mar\u00eda Dautt: Hoy la dise\u00f1adora Diana Rolando\",\"datePublished\":\"2020-05-13T16:33:41+00:00\",\"mainEntityOfPage\":{\"@id\":\"https:\\\/\\\/contrastes.com.co\\\/web\\\/2020\\\/05\\\/13\\\/eficazmente-conversaciones-con-ines-maria-dautt-hoy-la-disenadora-diana-rolando\\\/\"},\"wordCount\":438,\"commentCount\":0,\"publisher\":{\"@id\":\"https:\\\/\\\/contrastes.com.co\\\/web\\\/#organization\"},\"image\":{\"@id\":\"https:\\\/\\\/contrastes.com.co\\\/web\\\/2020\\\/05\\\/13\\\/eficazmente-conversaciones-con-ines-maria-dautt-hoy-la-disenadora-diana-rolando\\\/#primaryimage\"},\"thumbnailUrl\":\"\",\"keywords\":[\"Diana Rolando\",\"Eficazmente\",\"entrevistas\",\"Ines Mar\u00eda Dautt\",\"podcast\"],\"articleSection\":[\"Moda\",\"Opini\u00f3n\",\"Personajes\"],\"inLanguage\":\"es\",\"potentialAction\":[{\"@type\":\"CommentAction\",\"name\":\"Comment\",\"target\":[\"https:\\\/\\\/contrastes.com.co\\\/web\\\/2020\\\/05\\\/13\\\/eficazmente-conversaciones-con-ines-maria-dautt-hoy-la-disenadora-diana-rolando\\\/#respond\"]}]},{\"@type\":\"WebPage\",\"@id\":\"https:\\\/\\\/contrastes.com.co\\\/web\\\/2020\\\/05\\\/13\\\/eficazmente-conversaciones-con-ines-maria-dautt-hoy-la-disenadora-diana-rolando\\\/\",\"url\":\"https:\\\/\\\/contrastes.com.co\\\/web\\\/2020\\\/05\\\/13\\\/eficazmente-conversaciones-con-ines-maria-dautt-hoy-la-disenadora-diana-rolando\\\/\",\"name\":\"Eficazmente, conversaciones con Ines Mar\u00eda Dautt: Hoy la dise\u00f1adora Diana Rolando - Constrastes\",\"isPartOf\":{\"@id\":\"https:\\\/\\\/contrastes.com.co\\\/web\\\/#website\"},\"primaryImageOfPage\":{\"@id\":\"https:\\\/\\\/contrastes.com.co\\\/web\\\/2020\\\/05\\\/13\\\/eficazmente-conversaciones-con-ines-maria-dautt-hoy-la-disenadora-diana-rolando\\\/#primaryimage\"},\"image\":{\"@id\":\"https:\\\/\\\/contrastes.com.co\\\/web\\\/2020\\\/05\\\/13\\\/eficazmente-conversaciones-con-ines-maria-dautt-hoy-la-disenadora-diana-rolando\\\/#primaryimage\"},\"thumbnailUrl\":\"\",\"datePublished\":\"2020-05-13T16:33:41+00:00\",\"breadcrumb\":{\"@id\":\"https:\\\/\\\/contrastes.com.co\\\/web\\\/2020\\\/05\\\/13\\\/eficazmente-conversaciones-con-ines-maria-dautt-hoy-la-disenadora-diana-rolando\\\/#breadcrumb\"},\"inLanguage\":\"es\",\"potentialAction\":[{\"@type\":\"ReadAction\",\"target\":[\"https:\\\/\\\/contrastes.com.co\\\/web\\\/2020\\\/05\\\/13\\\/eficazmente-conversaciones-con-ines-maria-dautt-hoy-la-disenadora-diana-rolando\\\/\"]}]},{\"@type\":\"ImageObject\",\"inLanguage\":\"es\",\"@id\":\"https:\\\/\\\/contrastes.com.co\\\/web\\\/2020\\\/05\\\/13\\\/eficazmente-conversaciones-con-ines-maria-dautt-hoy-la-disenadora-diana-rolando\\\/#primaryimage\",\"url\":\"\",\"contentUrl\":\"\"},{\"@type\":\"BreadcrumbList\",\"@id\":\"https:\\\/\\\/contrastes.com.co\\\/web\\\/2020\\\/05\\\/13\\\/eficazmente-conversaciones-con-ines-maria-dautt-hoy-la-disenadora-diana-rolando\\\/#breadcrumb\",\"itemListElement\":[{\"@type\":\"ListItem\",\"position\":1,\"name\":\"Portada\",\"item\":\"https:\\\/\\\/contrastes.com.co\\\/web\\\/\"},{\"@type\":\"ListItem\",\"position\":2,\"name\":\"Eficazmente, conversaciones con Ines Mar\u00eda Dautt: Hoy la dise\u00f1adora Diana Rolando\"}]},{\"@type\":\"WebSite\",\"@id\":\"https:\\\/\\\/contrastes.com.co\\\/web\\\/#website\",\"url\":\"https:\\\/\\\/contrastes.com.co\\\/web\\\/\",\"name\":\"Contrastes\",\"description\":\"Periodismo de Conciencia\",\"publisher\":{\"@id\":\"https:\\\/\\\/contrastes.com.co\\\/web\\\/#organization\"},\"potentialAction\":[{\"@type\":\"SearchAction\",\"target\":{\"@type\":\"EntryPoint\",\"urlTemplate\":\"https:\\\/\\\/contrastes.com.co\\\/web\\\/?s={search_term_string}\"},\"query-input\":{\"@type\":\"PropertyValueSpecification\",\"valueRequired\":true,\"valueName\":\"search_term_string\"}}],\"inLanguage\":\"es\"},{\"@type\":\"Organization\",\"@id\":\"https:\\\/\\\/contrastes.com.co\\\/web\\\/#organization\",\"name\":\"Contrastes\",\"url\":\"https:\\\/\\\/contrastes.com.co\\\/web\\\/\",\"logo\":{\"@type\":\"ImageObject\",\"inLanguage\":\"es\",\"@id\":\"https:\\\/\\\/contrastes.com.co\\\/web\\\/#\\\/schema\\\/logo\\\/image\\\/\",\"url\":\"https:\\\/\\\/contrastes.com.co\\\/web\\\/wp-content\\\/uploads\\\/2025\\\/04\\\/15CONTRASTES3.png\",\"contentUrl\":\"https:\\\/\\\/contrastes.com.co\\\/web\\\/wp-content\\\/uploads\\\/2025\\\/04\\\/15CONTRASTES3.png\",\"width\":1536,\"height\":231,\"caption\":\"Contrastes\"},\"image\":{\"@id\":\"https:\\\/\\\/contrastes.com.co\\\/web\\\/#\\\/schema\\\/logo\\\/image\\\/\"},\"sameAs\":[\"https:\\\/\\\/www.facebook.com\\\/guillo.pantoja.1\"]},{\"@type\":\"Person\",\"@id\":\"https:\\\/\\\/contrastes.com.co\\\/web\\\/#\\\/schema\\\/person\\\/62ef7a62dc4da6de450c71fc2e95ed02\",\"name\":\"Editor\",\"image\":{\"@type\":\"ImageObject\",\"inLanguage\":\"es\",\"@id\":\"https:\\\/\\\/secure.gravatar.com\\\/avatar\\\/7bbb4f718d74bbf600dc556253bb04fd7ac8593751d6e2e3b85432d98aefae80?s=96&d=mm&r=g\",\"url\":\"https:\\\/\\\/secure.gravatar.com\\\/avatar\\\/7bbb4f718d74bbf600dc556253bb04fd7ac8593751d6e2e3b85432d98aefae80?s=96&d=mm&r=g\",\"contentUrl\":\"https:\\\/\\\/secure.gravatar.com\\\/avatar\\\/7bbb4f718d74bbf600dc556253bb04fd7ac8593751d6e2e3b85432d98aefae80?s=96&d=mm&r=g\",\"caption\":\"Editor\"},\"sameAs\":[\"https:\\\/\\\/contrastes.com.co\\\/web\"],\"url\":\"https:\\\/\\\/contrastes.com.co\\\/web\\\/author\\\/jdbobadilla\\\/\"}]}<\/script>\n<!-- \/ Yoast SEO plugin. -->","yoast_head_json":{"title":"Eficazmente, conversaciones con Ines Mar\u00eda Dautt: Hoy la dise\u00f1adora Diana Rolando - Constrastes","robots":{"index":"index","follow":"follow","max-snippet":"max-snippet:-1","max-image-preview":"max-image-preview:large","max-video-preview":"max-video-preview:-1"},"canonical":"https:\/\/contrastes.com.co\/web\/2020\/05\/13\/eficazmente-conversaciones-con-ines-maria-dautt-hoy-la-disenadora-diana-rolando\/","og_locale":"es_ES","og_type":"article","og_title":"Eficazmente, conversaciones con Ines Mar\u00eda Dautt: Hoy la dise\u00f1adora Diana Rolando - Constrastes","og_description":"Tal y como lo plantea en su introducci\u00f3n, Eficazmente, es una cita semanal con l\u00edderes extraordinarios para inspirar a quienes est\u00e1n luchando por hacer realidad sus sue\u00f1os. Reconocida como una de las mejores dise\u00f1adoras de trajes t\u00edpicos en Colombia. Diana Rolando es un inspirador ejemplo de fe en s\u00ed misma, disciplina y pasi\u00f3n. Ella es [&hellip;]","og_url":"https:\/\/contrastes.com.co\/web\/2020\/05\/13\/eficazmente-conversaciones-con-ines-maria-dautt-hoy-la-disenadora-diana-rolando\/","og_site_name":"Constrastes","article_publisher":"https:\/\/www.facebook.com\/guillo.pantoja.1","article_published_time":"2020-05-13T16:33:41+00:00","author":"Editor","twitter_card":"summary_large_image","twitter_misc":{"Escrito por":"Editor","Tiempo de lectura":"2 minutos"},"schema":{"@context":"https:\/\/schema.org","@graph":[{"@type":"Article","@id":"https:\/\/contrastes.com.co\/web\/2020\/05\/13\/eficazmente-conversaciones-con-ines-maria-dautt-hoy-la-disenadora-diana-rolando\/#article","isPartOf":{"@id":"https:\/\/contrastes.com.co\/web\/2020\/05\/13\/eficazmente-conversaciones-con-ines-maria-dautt-hoy-la-disenadora-diana-rolando\/"},"author":{"name":"Editor","@id":"https:\/\/contrastes.com.co\/web\/#\/schema\/person\/62ef7a62dc4da6de450c71fc2e95ed02"},"headline":"Eficazmente, conversaciones con Ines Mar\u00eda Dautt: Hoy la dise\u00f1adora Diana Rolando","datePublished":"2020-05-13T16:33:41+00:00","mainEntityOfPage":{"@id":"https:\/\/contrastes.com.co\/web\/2020\/05\/13\/eficazmente-conversaciones-con-ines-maria-dautt-hoy-la-disenadora-diana-rolando\/"},"wordCount":438,"commentCount":0,"publisher":{"@id":"https:\/\/contrastes.com.co\/web\/#organization"},"image":{"@id":"https:\/\/contrastes.com.co\/web\/2020\/05\/13\/eficazmente-conversaciones-con-ines-maria-dautt-hoy-la-disenadora-diana-rolando\/#primaryimage"},"thumbnailUrl":"","keywords":["Diana Rolando","Eficazmente","entrevistas","Ines Mar\u00eda Dautt","podcast"],"articleSection":["Moda","Opini\u00f3n","Personajes"],"inLanguage":"es","potentialAction":[{"@type":"CommentAction","name":"Comment","target":["https:\/\/contrastes.com.co\/web\/2020\/05\/13\/eficazmente-conversaciones-con-ines-maria-dautt-hoy-la-disenadora-diana-rolando\/#respond"]}]},{"@type":"WebPage","@id":"https:\/\/contrastes.com.co\/web\/2020\/05\/13\/eficazmente-conversaciones-con-ines-maria-dautt-hoy-la-disenadora-diana-rolando\/","url":"https:\/\/contrastes.com.co\/web\/2020\/05\/13\/eficazmente-conversaciones-con-ines-maria-dautt-hoy-la-disenadora-diana-rolando\/","name":"Eficazmente, conversaciones con Ines Mar\u00eda Dautt: Hoy la dise\u00f1adora Diana Rolando - Constrastes","isPartOf":{"@id":"https:\/\/contrastes.com.co\/web\/#website"},"primaryImageOfPage":{"@id":"https:\/\/contrastes.com.co\/web\/2020\/05\/13\/eficazmente-conversaciones-con-ines-maria-dautt-hoy-la-disenadora-diana-rolando\/#primaryimage"},"image":{"@id":"https:\/\/contrastes.com.co\/web\/2020\/05\/13\/eficazmente-conversaciones-con-ines-maria-dautt-hoy-la-disenadora-diana-rolando\/#primaryimage"},"thumbnailUrl":"","datePublished":"2020-05-13T16:33:41+00:00","breadcrumb":{"@id":"https:\/\/contrastes.com.co\/web\/2020\/05\/13\/eficazmente-conversaciones-con-ines-maria-dautt-hoy-la-disenadora-diana-rolando\/#breadcrumb"},"inLanguage":"es","potentialAction":[{"@type":"ReadAction","target":["https:\/\/contrastes.com.co\/web\/2020\/05\/13\/eficazmente-conversaciones-con-ines-maria-dautt-hoy-la-disenadora-diana-rolando\/"]}]},{"@type":"ImageObject","inLanguage":"es","@id":"https:\/\/contrastes.com.co\/web\/2020\/05\/13\/eficazmente-conversaciones-con-ines-maria-dautt-hoy-la-disenadora-diana-rolando\/#primaryimage","url":"","contentUrl":""},{"@type":"BreadcrumbList","@id":"https:\/\/contrastes.com.co\/web\/2020\/05\/13\/eficazmente-conversaciones-con-ines-maria-dautt-hoy-la-disenadora-diana-rolando\/#breadcrumb","itemListElement":[{"@type":"ListItem","position":1,"name":"Portada","item":"https:\/\/contrastes.com.co\/web\/"},{"@type":"ListItem","position":2,"name":"Eficazmente, conversaciones con Ines Mar\u00eda Dautt: Hoy la dise\u00f1adora Diana Rolando"}]},{"@type":"WebSite","@id":"https:\/\/contrastes.com.co\/web\/#website","url":"https:\/\/contrastes.com.co\/web\/","name":"Contrastes","description":"Periodismo de Conciencia","publisher":{"@id":"https:\/\/contrastes.com.co\/web\/#organization"},"potentialAction":[{"@type":"SearchAction","target":{"@type":"EntryPoint","urlTemplate":"https:\/\/contrastes.com.co\/web\/?s={search_term_string}"},"query-input":{"@type":"PropertyValueSpecification","valueRequired":true,"valueName":"search_term_string"}}],"inLanguage":"es"},{"@type":"Organization","@id":"https:\/\/contrastes.com.co\/web\/#organization","name":"Contrastes","url":"https:\/\/contrastes.com.co\/web\/","logo":{"@type":"ImageObject","inLanguage":"es","@id":"https:\/\/contrastes.com.co\/web\/#\/schema\/logo\/image\/","url":"https:\/\/contrastes.com.co\/web\/wp-content\/uploads\/2025\/04\/15CONTRASTES3.png","contentUrl":"https:\/\/contrastes.com.co\/web\/wp-content\/uploads\/2025\/04\/15CONTRASTES3.png","width":1536,"height":231,"caption":"Contrastes"},"image":{"@id":"https:\/\/contrastes.com.co\/web\/#\/schema\/logo\/image\/"},"sameAs":["https:\/\/www.facebook.com\/guillo.pantoja.1"]},{"@type":"Person","@id":"https:\/\/contrastes.com.co\/web\/#\/schema\/person\/62ef7a62dc4da6de450c71fc2e95ed02","name":"Editor","image":{"@type":"ImageObject","inLanguage":"es","@id":"https:\/\/secure.gravatar.com\/avatar\/7bbb4f718d74bbf600dc556253bb04fd7ac8593751d6e2e3b85432d98aefae80?s=96&d=mm&r=g","url":"https:\/\/secure.gravatar.com\/avatar\/7bbb4f718d74bbf600dc556253bb04fd7ac8593751d6e2e3b85432d98aefae80?s=96&d=mm&r=g","contentUrl":"https:\/\/secure.gravatar.com\/avatar\/7bbb4f718d74bbf600dc556253bb04fd7ac8593751d6e2e3b85432d98aefae80?s=96&d=mm&r=g","caption":"Editor"},"sameAs":["https:\/\/contrastes.com.co\/web"],"url":"https:\/\/contrastes.com.co\/web\/author\/jdbobadilla\/"}]}},"blog_post_layout_featured_media_urls":{"thumbnail":"","full":""},"categories_names":{"140":{"name":"Moda","link":"https:\/\/contrastes.com.co\/web\/category\/moda\/"},"277":{"name":"Opini\u00f3n","link":"https:\/\/contrastes.com.co\/web\/category\/opinion\/"},"158":{"name":"Personajes","link":"https:\/\/contrastes.com.co\/web\/category\/personajes\/"}},"tags_names":{"297":{"name":"Diana Rolando","link":"https:\/\/contrastes.com.co\/web\/tag\/diana-rolando\/"},"298":{"name":"Eficazmente","link":"https:\/\/contrastes.com.co\/web\/tag\/eficazmente\/"},"299":{"name":"entrevistas","link":"https:\/\/contrastes.com.co\/web\/tag\/entrevistas\/"},"300":{"name":"Ines Mar\u00eda Dautt","link":"https:\/\/contrastes.com.co\/web\/tag\/ines-maria-dautt\/"},"301":{"name":"podcast","link":"https:\/\/contrastes.com.co\/web\/tag\/podcast\/"}},"comments_number":"0","wpmagazine_modules_lite_featured_media_urls":{"thumbnail":"","cvmm-medium":"","cvmm-medium-plus":"","cvmm-portrait":"","cvmm-medium-square":"","cvmm-large":"","cvmm-small":"","full":""},"_links":{"self":[{"href":"https:\/\/contrastes.com.co\/web\/wp-json\/wp\/v2\/posts\/924","targetHints":{"allow":["GET"]}}],"collection":[{"href":"https:\/\/contrastes.com.co\/web\/wp-json\/wp\/v2\/posts"}],"about":[{"href":"https:\/\/contrastes.com.co\/web\/wp-json\/wp\/v2\/types\/post"}],"author":[{"embeddable":true,"href":"https:\/\/contrastes.com.co\/web\/wp-json\/wp\/v2\/users\/1"}],"replies":[{"embeddable":true,"href":"https:\/\/contrastes.com.co\/web\/wp-json\/wp\/v2\/comments?post=924"}],"version-history":[{"count":0,"href":"https:\/\/contrastes.com.co\/web\/wp-json\/wp\/v2\/posts\/924\/revisions"}],"wp:attachment":[{"href":"https:\/\/contrastes.com.co\/web\/wp-json\/wp\/v2\/media?parent=924"}],"wp:term":[{"taxonomy":"category","embeddable":true,"href":"https:\/\/contrastes.com.co\/web\/wp-json\/wp\/v2\/categories?post=924"},{"taxonomy":"post_tag","embeddable":true,"href":"https:\/\/contrastes.com.co\/web\/wp-json\/wp\/v2\/tags?post=924"}],"curies":[{"name":"wp","href":"https:\/\/api.w.org\/{rel}","templated":true}]}}