{"id":9351,"date":"2022-05-10T13:12:54","date_gmt":"2022-05-10T18:12:54","guid":{"rendered":"https:\/\/contrastes.com.co\/digital\/?p=9351"},"modified":"2022-05-10T13:12:54","modified_gmt":"2022-05-10T18:12:54","slug":"barranquilla-ya-esta-aplicando-la-cuarta-dosis-de-la-vacuna-contra-el-covid-19","status":"publish","type":"post","link":"https:\/\/contrastes.com.co\/web\/2022\/05\/10\/barranquilla-ya-esta-aplicando-la-cuarta-dosis-de-la-vacuna-contra-el-covid-19\/","title":{"rendered":"Barranquilla ya est\u00e1 aplicando la cuarta dosis de la vacuna contra el COVID-19"},"content":{"rendered":"<p><strong>*Barranquilla ya est\u00e1 aplicando la cuarta dosis de la vacuna contra el COVID-19<\/strong><\/p>\n<blockquote><p><strong>M\u00e1s de 2.790.000 dosis de la vacuna contra el COVID-19 se han aplicado en Barranquilla hasta los primeros d\u00edas del mes de mayo de 2022.<\/strong><\/p><\/blockquote>\n<p><img decoding=\"async\" class=\"alignleft  wp-image-8529\" src=\"https:\/\/contrastes.com.co\/digital\/wp-content\/uploads\/2022\/03\/e-capitular.png\" alt=\"e capitular\" width=\"54\" height=\"54\" \/>l Distrito de Barranquilla habilit\u00f3 las dosis disponibles de la vacuna contra el COVID-19 para la poblaci\u00f3n de 50 a\u00f1os en adelante y con cuatro meses despu\u00e9s de su tercera dosis, despu\u00e9s del anuncio hecho por el Gobierno nacional.<\/p>\n<p>El <strong>secretario de Salud del Distrito, Humberto Mendoza Charris<\/strong>, anunci\u00f3 que en Barranquilla se encuentran disponibles m\u00e1s de 60 puntos fijos del programa regular de vacunaci\u00f3n para la aplicaci\u00f3n de la cuarta dosis de la vacuna contra el COVID-19.<\/p>\n<p>Atendiendo los lineamientos establecidos por el<strong> Ministerio de Salud y Protecci\u00f3n Social<\/strong>, esta segunda dosis de refuerzo de la vacuna contra el COVID-19 se aplicar\u00e1 cuatro meses despu\u00e9s de la primera dosis de refuerzo, de acuerdo con el esquema completo de vacunaci\u00f3n.<\/p>\n<p>Los puntos de vacunaci\u00f3n disponibles corresponden a los PASO y los CAMINO que atienden en horario de 7:00 a. m. a 3:30 p. m. y los puntos vacunadores de las IPS de la ciudad, que cuentan con diferentes horarios y jornada continua.<\/p>\n<p>\u201cLos mayores de 50 a\u00f1os pueden, desde ya, acudir a nuestros puntos de vacunaci\u00f3n del esquema regular, donde estaremos aplicando la segunda dosis de refuerzo\u201d, precis\u00f3 Mendoza Charris, al tiempo que recalc\u00f3 la importancia de mantener los niveles de protecci\u00f3n contra este virus, recordando que primeras, segundas y terceras dosis siguen aplic\u00e1ndose en Barranquilla en cualquiera de los puntos habilitados en la ciudad, independiente de la IPS, lugar o punto en el que inici\u00f3 su vacunaci\u00f3n.<\/p>\n<p>M\u00e1s de 2.790.000 dosis de la vacuna contra el COVID-19 se han aplicado en Barranquilla hasta los primeros d\u00edas del mes de mayo de 2022.<\/p>\n<p>La ciudad sigue mostrando las mejores coberturas en primeras y segundas dosis en Colombia, seg\u00fan su poblaci\u00f3n registrada de acuerdo con el DANE.<\/p>\n<p>De la misma manera, Barranquilla es l\u00edder en el pa\u00eds con las coberturas de vacunaci\u00f3n en ni\u00f1os de 3 a 11 a\u00f1os, motivo por el cual la autoridad en salud sigue haciendo llamado insistente a toda la poblaci\u00f3n a que cuiden y protejan la vida vacun\u00e1ndose y dando mayores seguridades en los procesos de normalizaci\u00f3n de los que hoy goza Barranquilla.<\/p>\n","protected":false},"excerpt":{"rendered":"<p>El Distrito de Barranquilla habilit\u00f3 las dosis disponibles de la vacuna contra el COVID-19 para la poblaci\u00f3n de 50 a\u00f1os en adelante y con cuatro meses despu\u00e9s de su tercera dosis, despu\u00e9s del anuncio hecho por el Gobierno nacional.<\/p>\n","protected":false},"author":1,"featured_media":9352,"comment_status":"open","ping_status":"open","sticky":false,"template":"","format":"standard","meta":{"footnotes":""},"categories":[73,24,25,2872],"tags":[1019,5636,5637,267,2009,1894,3004],"class_list":["post-9351","post","type-post","status-publish","format-standard","has-post-thumbnail","hentry","category-coronavirus","category-region","category-salud","category-vacunacion","tag-comandante-del-sexto-distrito-de-la-policia","tag-covid-19-vacuna","tag-cuarta-dosis","tag-distrito-de-barranquilla","tag-humberto-mendoza-charris","tag-ministerio-de-salud-y-proteccion-social","tag-secretario-de-salud-del-distrito"],"yoast_head":"<!-- This site is optimized with the Yoast SEO plugin v27.7 - https:\/\/yoast.com\/product\/yoast-seo-wordpress\/ -->\n<title>Barranquilla ya est\u00e1 aplicando la cuarta dosis de la vacuna contra el COVID-19 - Constrastes<\/title>\n<meta name=\"description\" content=\"El Distrito de Barranquilla habilit\u00f3 las dosis disponibles de la vacuna contra el COVID-19 para la poblaci\u00f3n de 50 a\u00f1os en adelante y con cuatro meses despu\u00e9s de su tercera dosis, despu\u00e9s del anuncio hecho por el Gobierno nacional.\" \/>\n<meta name=\"robots\" content=\"index, follow, max-snippet:-1, max-image-preview:large, max-video-preview:-1\" \/>\n<link rel=\"canonical\" href=\"https:\/\/contrastes.com.co\/web\/2022\/05\/10\/barranquilla-ya-esta-aplicando-la-cuarta-dosis-de-la-vacuna-contra-el-covid-19\/\" \/>\n<meta property=\"og:locale\" content=\"es_ES\" \/>\n<meta property=\"og:type\" content=\"article\" \/>\n<meta property=\"og:title\" content=\"Barranquilla ya est\u00e1 aplicando la cuarta dosis de la vacuna contra el COVID-19 - Constrastes\" \/>\n<meta property=\"og:description\" content=\"El Distrito de Barranquilla habilit\u00f3 las dosis disponibles de la vacuna contra el COVID-19 para la poblaci\u00f3n de 50 a\u00f1os en adelante y con cuatro meses despu\u00e9s de su tercera dosis, despu\u00e9s del anuncio hecho por el Gobierno nacional.\" \/>\n<meta property=\"og:url\" content=\"https:\/\/contrastes.com.co\/web\/2022\/05\/10\/barranquilla-ya-esta-aplicando-la-cuarta-dosis-de-la-vacuna-contra-el-covid-19\/\" \/>\n<meta property=\"og:site_name\" content=\"Constrastes\" \/>\n<meta property=\"article:publisher\" content=\"https:\/\/www.facebook.com\/guillo.pantoja.1\" \/>\n<meta property=\"article:published_time\" content=\"2022-05-10T18:12:54+00:00\" \/>\n<meta name=\"author\" content=\"Editor\" \/>\n<meta name=\"twitter:card\" content=\"summary_large_image\" \/>\n<meta name=\"twitter:label1\" content=\"Escrito por\" \/>\n\t<meta name=\"twitter:data1\" content=\"Editor\" \/>\n\t<meta name=\"twitter:label2\" content=\"Tiempo de lectura\" \/>\n\t<meta name=\"twitter:data2\" content=\"2 minutos\" \/>\n<script type=\"application\/ld+json\" class=\"yoast-schema-graph\">{\"@context\":\"https:\\\/\\\/schema.org\",\"@graph\":[{\"@type\":\"Article\",\"@id\":\"https:\\\/\\\/contrastes.com.co\\\/web\\\/2022\\\/05\\\/10\\\/barranquilla-ya-esta-aplicando-la-cuarta-dosis-de-la-vacuna-contra-el-covid-19\\\/#article\",\"isPartOf\":{\"@id\":\"https:\\\/\\\/contrastes.com.co\\\/web\\\/2022\\\/05\\\/10\\\/barranquilla-ya-esta-aplicando-la-cuarta-dosis-de-la-vacuna-contra-el-covid-19\\\/\"},\"author\":{\"name\":\"Editor\",\"@id\":\"https:\\\/\\\/contrastes.com.co\\\/web\\\/#\\\/schema\\\/person\\\/62ef7a62dc4da6de450c71fc2e95ed02\"},\"headline\":\"Barranquilla ya est\u00e1 aplicando la cuarta dosis de la vacuna contra el COVID-19\",\"datePublished\":\"2022-05-10T18:12:54+00:00\",\"mainEntityOfPage\":{\"@id\":\"https:\\\/\\\/contrastes.com.co\\\/web\\\/2022\\\/05\\\/10\\\/barranquilla-ya-esta-aplicando-la-cuarta-dosis-de-la-vacuna-contra-el-covid-19\\\/\"},\"wordCount\":417,\"commentCount\":0,\"publisher\":{\"@id\":\"https:\\\/\\\/contrastes.com.co\\\/web\\\/#organization\"},\"image\":{\"@id\":\"https:\\\/\\\/contrastes.com.co\\\/web\\\/2022\\\/05\\\/10\\\/barranquilla-ya-esta-aplicando-la-cuarta-dosis-de-la-vacuna-contra-el-covid-19\\\/#primaryimage\"},\"thumbnailUrl\":\"\",\"keywords\":[\"comandante del Sexto Distrito de la Polic\u00eda\",\"covid-19 vacuna\",\"cuarta dosis\",\"distrito de barranquilla\",\"Humberto Mendoza Charris\",\"Ministerio de Salud y Protecci\u00f3n Social\",\"secretario de Salud del Distrito\"],\"articleSection\":[\"Coronavirus\",\"Regi\u00f3n\",\"Salud\",\"Vacunaci\u00f3n\"],\"inLanguage\":\"es\",\"potentialAction\":[{\"@type\":\"CommentAction\",\"name\":\"Comment\",\"target\":[\"https:\\\/\\\/contrastes.com.co\\\/web\\\/2022\\\/05\\\/10\\\/barranquilla-ya-esta-aplicando-la-cuarta-dosis-de-la-vacuna-contra-el-covid-19\\\/#respond\"]}]},{\"@type\":\"WebPage\",\"@id\":\"https:\\\/\\\/contrastes.com.co\\\/web\\\/2022\\\/05\\\/10\\\/barranquilla-ya-esta-aplicando-la-cuarta-dosis-de-la-vacuna-contra-el-covid-19\\\/\",\"url\":\"https:\\\/\\\/contrastes.com.co\\\/web\\\/2022\\\/05\\\/10\\\/barranquilla-ya-esta-aplicando-la-cuarta-dosis-de-la-vacuna-contra-el-covid-19\\\/\",\"name\":\"Barranquilla ya est\u00e1 aplicando la cuarta dosis de la vacuna contra el COVID-19 - Constrastes\",\"isPartOf\":{\"@id\":\"https:\\\/\\\/contrastes.com.co\\\/web\\\/#website\"},\"primaryImageOfPage\":{\"@id\":\"https:\\\/\\\/contrastes.com.co\\\/web\\\/2022\\\/05\\\/10\\\/barranquilla-ya-esta-aplicando-la-cuarta-dosis-de-la-vacuna-contra-el-covid-19\\\/#primaryimage\"},\"image\":{\"@id\":\"https:\\\/\\\/contrastes.com.co\\\/web\\\/2022\\\/05\\\/10\\\/barranquilla-ya-esta-aplicando-la-cuarta-dosis-de-la-vacuna-contra-el-covid-19\\\/#primaryimage\"},\"thumbnailUrl\":\"\",\"datePublished\":\"2022-05-10T18:12:54+00:00\",\"description\":\"El Distrito de Barranquilla habilit\u00f3 las dosis disponibles de la vacuna contra el COVID-19 para la poblaci\u00f3n de 50 a\u00f1os en adelante y con cuatro meses despu\u00e9s de su tercera dosis, despu\u00e9s del anuncio hecho por el Gobierno nacional.\",\"breadcrumb\":{\"@id\":\"https:\\\/\\\/contrastes.com.co\\\/web\\\/2022\\\/05\\\/10\\\/barranquilla-ya-esta-aplicando-la-cuarta-dosis-de-la-vacuna-contra-el-covid-19\\\/#breadcrumb\"},\"inLanguage\":\"es\",\"potentialAction\":[{\"@type\":\"ReadAction\",\"target\":[\"https:\\\/\\\/contrastes.com.co\\\/web\\\/2022\\\/05\\\/10\\\/barranquilla-ya-esta-aplicando-la-cuarta-dosis-de-la-vacuna-contra-el-covid-19\\\/\"]}]},{\"@type\":\"ImageObject\",\"inLanguage\":\"es\",\"@id\":\"https:\\\/\\\/contrastes.com.co\\\/web\\\/2022\\\/05\\\/10\\\/barranquilla-ya-esta-aplicando-la-cuarta-dosis-de-la-vacuna-contra-el-covid-19\\\/#primaryimage\",\"url\":\"\",\"contentUrl\":\"\"},{\"@type\":\"BreadcrumbList\",\"@id\":\"https:\\\/\\\/contrastes.com.co\\\/web\\\/2022\\\/05\\\/10\\\/barranquilla-ya-esta-aplicando-la-cuarta-dosis-de-la-vacuna-contra-el-covid-19\\\/#breadcrumb\",\"itemListElement\":[{\"@type\":\"ListItem\",\"position\":1,\"name\":\"Portada\",\"item\":\"https:\\\/\\\/contrastes.com.co\\\/web\\\/\"},{\"@type\":\"ListItem\",\"position\":2,\"name\":\"Barranquilla ya est\u00e1 aplicando la cuarta dosis de la vacuna contra el COVID-19\"}]},{\"@type\":\"WebSite\",\"@id\":\"https:\\\/\\\/contrastes.com.co\\\/web\\\/#website\",\"url\":\"https:\\\/\\\/contrastes.com.co\\\/web\\\/\",\"name\":\"Contrastes\",\"description\":\"Periodismo de Conciencia\",\"publisher\":{\"@id\":\"https:\\\/\\\/contrastes.com.co\\\/web\\\/#organization\"},\"potentialAction\":[{\"@type\":\"SearchAction\",\"target\":{\"@type\":\"EntryPoint\",\"urlTemplate\":\"https:\\\/\\\/contrastes.com.co\\\/web\\\/?s={search_term_string}\"},\"query-input\":{\"@type\":\"PropertyValueSpecification\",\"valueRequired\":true,\"valueName\":\"search_term_string\"}}],\"inLanguage\":\"es\"},{\"@type\":\"Organization\",\"@id\":\"https:\\\/\\\/contrastes.com.co\\\/web\\\/#organization\",\"name\":\"Contrastes\",\"url\":\"https:\\\/\\\/contrastes.com.co\\\/web\\\/\",\"logo\":{\"@type\":\"ImageObject\",\"inLanguage\":\"es\",\"@id\":\"https:\\\/\\\/contrastes.com.co\\\/web\\\/#\\\/schema\\\/logo\\\/image\\\/\",\"url\":\"https:\\\/\\\/contrastes.com.co\\\/web\\\/wp-content\\\/uploads\\\/2025\\\/04\\\/15CONTRASTES3.png\",\"contentUrl\":\"https:\\\/\\\/contrastes.com.co\\\/web\\\/wp-content\\\/uploads\\\/2025\\\/04\\\/15CONTRASTES3.png\",\"width\":1536,\"height\":231,\"caption\":\"Contrastes\"},\"image\":{\"@id\":\"https:\\\/\\\/contrastes.com.co\\\/web\\\/#\\\/schema\\\/logo\\\/image\\\/\"},\"sameAs\":[\"https:\\\/\\\/www.facebook.com\\\/guillo.pantoja.1\"]},{\"@type\":\"Person\",\"@id\":\"https:\\\/\\\/contrastes.com.co\\\/web\\\/#\\\/schema\\\/person\\\/62ef7a62dc4da6de450c71fc2e95ed02\",\"name\":\"Editor\",\"image\":{\"@type\":\"ImageObject\",\"inLanguage\":\"es\",\"@id\":\"https:\\\/\\\/secure.gravatar.com\\\/avatar\\\/7bbb4f718d74bbf600dc556253bb04fd7ac8593751d6e2e3b85432d98aefae80?s=96&d=mm&r=g\",\"url\":\"https:\\\/\\\/secure.gravatar.com\\\/avatar\\\/7bbb4f718d74bbf600dc556253bb04fd7ac8593751d6e2e3b85432d98aefae80?s=96&d=mm&r=g\",\"contentUrl\":\"https:\\\/\\\/secure.gravatar.com\\\/avatar\\\/7bbb4f718d74bbf600dc556253bb04fd7ac8593751d6e2e3b85432d98aefae80?s=96&d=mm&r=g\",\"caption\":\"Editor\"},\"sameAs\":[\"https:\\\/\\\/contrastes.com.co\\\/web\"],\"url\":\"https:\\\/\\\/contrastes.com.co\\\/web\\\/author\\\/jdbobadilla\\\/\"}]}<\/script>\n<!-- \/ Yoast SEO plugin. -->","yoast_head_json":{"title":"Barranquilla ya est\u00e1 aplicando la cuarta dosis de la vacuna contra el COVID-19 - Constrastes","description":"El Distrito de Barranquilla habilit\u00f3 las dosis disponibles de la vacuna contra el COVID-19 para la poblaci\u00f3n de 50 a\u00f1os en adelante y con cuatro meses despu\u00e9s de su tercera dosis, despu\u00e9s del anuncio hecho por el Gobierno nacional.","robots":{"index":"index","follow":"follow","max-snippet":"max-snippet:-1","max-image-preview":"max-image-preview:large","max-video-preview":"max-video-preview:-1"},"canonical":"https:\/\/contrastes.com.co\/web\/2022\/05\/10\/barranquilla-ya-esta-aplicando-la-cuarta-dosis-de-la-vacuna-contra-el-covid-19\/","og_locale":"es_ES","og_type":"article","og_title":"Barranquilla ya est\u00e1 aplicando la cuarta dosis de la vacuna contra el COVID-19 - Constrastes","og_description":"El Distrito de Barranquilla habilit\u00f3 las dosis disponibles de la vacuna contra el COVID-19 para la poblaci\u00f3n de 50 a\u00f1os en adelante y con cuatro meses despu\u00e9s de su tercera dosis, despu\u00e9s del anuncio hecho por el Gobierno nacional.","og_url":"https:\/\/contrastes.com.co\/web\/2022\/05\/10\/barranquilla-ya-esta-aplicando-la-cuarta-dosis-de-la-vacuna-contra-el-covid-19\/","og_site_name":"Constrastes","article_publisher":"https:\/\/www.facebook.com\/guillo.pantoja.1","article_published_time":"2022-05-10T18:12:54+00:00","author":"Editor","twitter_card":"summary_large_image","twitter_misc":{"Escrito por":"Editor","Tiempo de lectura":"2 minutos"},"schema":{"@context":"https:\/\/schema.org","@graph":[{"@type":"Article","@id":"https:\/\/contrastes.com.co\/web\/2022\/05\/10\/barranquilla-ya-esta-aplicando-la-cuarta-dosis-de-la-vacuna-contra-el-covid-19\/#article","isPartOf":{"@id":"https:\/\/contrastes.com.co\/web\/2022\/05\/10\/barranquilla-ya-esta-aplicando-la-cuarta-dosis-de-la-vacuna-contra-el-covid-19\/"},"author":{"name":"Editor","@id":"https:\/\/contrastes.com.co\/web\/#\/schema\/person\/62ef7a62dc4da6de450c71fc2e95ed02"},"headline":"Barranquilla ya est\u00e1 aplicando la cuarta dosis de la vacuna contra el COVID-19","datePublished":"2022-05-10T18:12:54+00:00","mainEntityOfPage":{"@id":"https:\/\/contrastes.com.co\/web\/2022\/05\/10\/barranquilla-ya-esta-aplicando-la-cuarta-dosis-de-la-vacuna-contra-el-covid-19\/"},"wordCount":417,"commentCount":0,"publisher":{"@id":"https:\/\/contrastes.com.co\/web\/#organization"},"image":{"@id":"https:\/\/contrastes.com.co\/web\/2022\/05\/10\/barranquilla-ya-esta-aplicando-la-cuarta-dosis-de-la-vacuna-contra-el-covid-19\/#primaryimage"},"thumbnailUrl":"","keywords":["comandante del Sexto Distrito de la Polic\u00eda","covid-19 vacuna","cuarta dosis","distrito de barranquilla","Humberto Mendoza Charris","Ministerio de Salud y Protecci\u00f3n Social","secretario de Salud del Distrito"],"articleSection":["Coronavirus","Regi\u00f3n","Salud","Vacunaci\u00f3n"],"inLanguage":"es","potentialAction":[{"@type":"CommentAction","name":"Comment","target":["https:\/\/contrastes.com.co\/web\/2022\/05\/10\/barranquilla-ya-esta-aplicando-la-cuarta-dosis-de-la-vacuna-contra-el-covid-19\/#respond"]}]},{"@type":"WebPage","@id":"https:\/\/contrastes.com.co\/web\/2022\/05\/10\/barranquilla-ya-esta-aplicando-la-cuarta-dosis-de-la-vacuna-contra-el-covid-19\/","url":"https:\/\/contrastes.com.co\/web\/2022\/05\/10\/barranquilla-ya-esta-aplicando-la-cuarta-dosis-de-la-vacuna-contra-el-covid-19\/","name":"Barranquilla ya est\u00e1 aplicando la cuarta dosis de la vacuna contra el COVID-19 - Constrastes","isPartOf":{"@id":"https:\/\/contrastes.com.co\/web\/#website"},"primaryImageOfPage":{"@id":"https:\/\/contrastes.com.co\/web\/2022\/05\/10\/barranquilla-ya-esta-aplicando-la-cuarta-dosis-de-la-vacuna-contra-el-covid-19\/#primaryimage"},"image":{"@id":"https:\/\/contrastes.com.co\/web\/2022\/05\/10\/barranquilla-ya-esta-aplicando-la-cuarta-dosis-de-la-vacuna-contra-el-covid-19\/#primaryimage"},"thumbnailUrl":"","datePublished":"2022-05-10T18:12:54+00:00","description":"El Distrito de Barranquilla habilit\u00f3 las dosis disponibles de la vacuna contra el COVID-19 para la poblaci\u00f3n de 50 a\u00f1os en adelante y con cuatro meses despu\u00e9s de su tercera dosis, despu\u00e9s del anuncio hecho por el Gobierno nacional.","breadcrumb":{"@id":"https:\/\/contrastes.com.co\/web\/2022\/05\/10\/barranquilla-ya-esta-aplicando-la-cuarta-dosis-de-la-vacuna-contra-el-covid-19\/#breadcrumb"},"inLanguage":"es","potentialAction":[{"@type":"ReadAction","target":["https:\/\/contrastes.com.co\/web\/2022\/05\/10\/barranquilla-ya-esta-aplicando-la-cuarta-dosis-de-la-vacuna-contra-el-covid-19\/"]}]},{"@type":"ImageObject","inLanguage":"es","@id":"https:\/\/contrastes.com.co\/web\/2022\/05\/10\/barranquilla-ya-esta-aplicando-la-cuarta-dosis-de-la-vacuna-contra-el-covid-19\/#primaryimage","url":"","contentUrl":""},{"@type":"BreadcrumbList","@id":"https:\/\/contrastes.com.co\/web\/2022\/05\/10\/barranquilla-ya-esta-aplicando-la-cuarta-dosis-de-la-vacuna-contra-el-covid-19\/#breadcrumb","itemListElement":[{"@type":"ListItem","position":1,"name":"Portada","item":"https:\/\/contrastes.com.co\/web\/"},{"@type":"ListItem","position":2,"name":"Barranquilla ya est\u00e1 aplicando la cuarta dosis de la vacuna contra el COVID-19"}]},{"@type":"WebSite","@id":"https:\/\/contrastes.com.co\/web\/#website","url":"https:\/\/contrastes.com.co\/web\/","name":"Contrastes","description":"Periodismo de Conciencia","publisher":{"@id":"https:\/\/contrastes.com.co\/web\/#organization"},"potentialAction":[{"@type":"SearchAction","target":{"@type":"EntryPoint","urlTemplate":"https:\/\/contrastes.com.co\/web\/?s={search_term_string}"},"query-input":{"@type":"PropertyValueSpecification","valueRequired":true,"valueName":"search_term_string"}}],"inLanguage":"es"},{"@type":"Organization","@id":"https:\/\/contrastes.com.co\/web\/#organization","name":"Contrastes","url":"https:\/\/contrastes.com.co\/web\/","logo":{"@type":"ImageObject","inLanguage":"es","@id":"https:\/\/contrastes.com.co\/web\/#\/schema\/logo\/image\/","url":"https:\/\/contrastes.com.co\/web\/wp-content\/uploads\/2025\/04\/15CONTRASTES3.png","contentUrl":"https:\/\/contrastes.com.co\/web\/wp-content\/uploads\/2025\/04\/15CONTRASTES3.png","width":1536,"height":231,"caption":"Contrastes"},"image":{"@id":"https:\/\/contrastes.com.co\/web\/#\/schema\/logo\/image\/"},"sameAs":["https:\/\/www.facebook.com\/guillo.pantoja.1"]},{"@type":"Person","@id":"https:\/\/contrastes.com.co\/web\/#\/schema\/person\/62ef7a62dc4da6de450c71fc2e95ed02","name":"Editor","image":{"@type":"ImageObject","inLanguage":"es","@id":"https:\/\/secure.gravatar.com\/avatar\/7bbb4f718d74bbf600dc556253bb04fd7ac8593751d6e2e3b85432d98aefae80?s=96&d=mm&r=g","url":"https:\/\/secure.gravatar.com\/avatar\/7bbb4f718d74bbf600dc556253bb04fd7ac8593751d6e2e3b85432d98aefae80?s=96&d=mm&r=g","contentUrl":"https:\/\/secure.gravatar.com\/avatar\/7bbb4f718d74bbf600dc556253bb04fd7ac8593751d6e2e3b85432d98aefae80?s=96&d=mm&r=g","caption":"Editor"},"sameAs":["https:\/\/contrastes.com.co\/web"],"url":"https:\/\/contrastes.com.co\/web\/author\/jdbobadilla\/"}]}},"blog_post_layout_featured_media_urls":{"thumbnail":"","full":""},"categories_names":{"73":{"name":"Coronavirus","link":"https:\/\/contrastes.com.co\/web\/category\/coronavirus\/"},"24":{"name":"Regi\u00f3n","link":"https:\/\/contrastes.com.co\/web\/category\/region\/"},"25":{"name":"Salud","link":"https:\/\/contrastes.com.co\/web\/category\/salud\/"},"2872":{"name":"Vacunaci\u00f3n","link":"https:\/\/contrastes.com.co\/web\/category\/vacunacion\/"}},"tags_names":{"1019":{"name":"comandante del Sexto Distrito de la Polic\u00eda","link":"https:\/\/contrastes.com.co\/web\/tag\/comandante-del-sexto-distrito-de-la-policia\/"},"5636":{"name":"covid-19 vacuna","link":"https:\/\/contrastes.com.co\/web\/tag\/covid-19-vacuna\/"},"5637":{"name":"cuarta dosis","link":"https:\/\/contrastes.com.co\/web\/tag\/cuarta-dosis\/"},"267":{"name":"distrito de barranquilla","link":"https:\/\/contrastes.com.co\/web\/tag\/distrito-de-barranquilla\/"},"2009":{"name":"Humberto Mendoza Charris","link":"https:\/\/contrastes.com.co\/web\/tag\/humberto-mendoza-charris\/"},"1894":{"name":"Ministerio de Salud y Protecci\u00f3n Social","link":"https:\/\/contrastes.com.co\/web\/tag\/ministerio-de-salud-y-proteccion-social\/"},"3004":{"name":"secretario de Salud del Distrito","link":"https:\/\/contrastes.com.co\/web\/tag\/secretario-de-salud-del-distrito\/"}},"comments_number":"0","wpmagazine_modules_lite_featured_media_urls":{"thumbnail":"","cvmm-medium":"","cvmm-medium-plus":"","cvmm-portrait":"","cvmm-medium-square":"","cvmm-large":"","cvmm-small":"","full":""},"_links":{"self":[{"href":"https:\/\/contrastes.com.co\/web\/wp-json\/wp\/v2\/posts\/9351","targetHints":{"allow":["GET"]}}],"collection":[{"href":"https:\/\/contrastes.com.co\/web\/wp-json\/wp\/v2\/posts"}],"about":[{"href":"https:\/\/contrastes.com.co\/web\/wp-json\/wp\/v2\/types\/post"}],"author":[{"embeddable":true,"href":"https:\/\/contrastes.com.co\/web\/wp-json\/wp\/v2\/users\/1"}],"replies":[{"embeddable":true,"href":"https:\/\/contrastes.com.co\/web\/wp-json\/wp\/v2\/comments?post=9351"}],"version-history":[{"count":0,"href":"https:\/\/contrastes.com.co\/web\/wp-json\/wp\/v2\/posts\/9351\/revisions"}],"wp:attachment":[{"href":"https:\/\/contrastes.com.co\/web\/wp-json\/wp\/v2\/media?parent=9351"}],"wp:term":[{"taxonomy":"category","embeddable":true,"href":"https:\/\/contrastes.com.co\/web\/wp-json\/wp\/v2\/categories?post=9351"},{"taxonomy":"post_tag","embeddable":true,"href":"https:\/\/contrastes.com.co\/web\/wp-json\/wp\/v2\/tags?post=9351"}],"curies":[{"name":"wp","href":"https:\/\/api.w.org\/{rel}","templated":true}]}}