{"id":9383,"date":"2022-05-12T14:03:23","date_gmt":"2022-05-12T19:03:23","guid":{"rendered":"https:\/\/contrastes.com.co\/digital\/?p=9383"},"modified":"2022-05-12T14:03:23","modified_gmt":"2022-05-12T19:03:23","slug":"el-departamento-del-atlantico-afianza-relaciones-con-italia","status":"publish","type":"post","link":"https:\/\/contrastes.com.co\/web\/2022\/05\/12\/el-departamento-del-atlantico-afianza-relaciones-con-italia\/","title":{"rendered":"El departamento del Atl\u00e1ntico afianza relaciones con Italia"},"content":{"rendered":"<p><strong>*El departamento del Atl\u00e1ntico afianza relaciones con Italia<\/strong><\/p>\n<blockquote><p><strong>La gobernadora del Atl\u00e1ntico, Elsa Noguera,\u00a0 particip\u00f3 este mi\u00e9rcoles en el \u00abForo Econ\u00f3mico Italia-Caribe Colombiano\u00bb, donde present\u00f3 la estrategia &#8216;Atl\u00e1ntico a Toda Marcha&#8217;.<\/strong><\/p><\/blockquote>\n<p><img decoding=\"async\" class=\"alignleft  wp-image-8758\" src=\"https:\/\/contrastes.com.co\/digital\/wp-content\/uploads\/2022\/04\/d-capitular.png\" alt=\"\" width=\"52\" height=\"52\" \/>urante su intervenci\u00f3n, la mandataria destac\u00f3 las acciones de la estrategia dirigidas a reactivar la econom\u00eda y asegur\u00f3 que el Atl\u00e1ntico y Barranquilla ser\u00e1n el epicentro de las energ\u00edas renovables, uno de los tres sectores que se est\u00e1n promocionando para atraer m\u00e1s inversi\u00f3n y generar dinamismo econ\u00f3mico para el departamento.<\/p>\n<p>El evento, organizado por la <strong>C\u00e1mara de Comercio Italiana<\/strong>, cont\u00f3 con la participaci\u00f3n del <strong>embajador de Italia, Gherardo Amaduzzi<\/strong>; del <strong>presidente de la C\u00e1mara de Comercio Italiana, Jos\u00e9 Vargas<\/strong>; el <strong>director ejecutivo de la C\u00e1mara de Comercio Italiana, Angelo Gobbo<\/strong>, empresarios y delegaci\u00f3n italiana.<\/p>\n<p>El Foro present\u00f3 tambi\u00e9n casos de proyectos relevantes para el Caribe y la visi\u00f3n e intereses tanto del Gobierno italiano como del local.<\/p>\n","protected":false},"excerpt":{"rendered":"<p>Durante su intervenci\u00f3n, la mandataria destac\u00f3 las acciones de la estrategia dirigidas a reactivar la econom\u00eda y asegur\u00f3 que el Atl\u00e1ntico y Barranquilla ser\u00e1n el epicentro de las energ\u00edas renovables, uno de los tres sectores que se est\u00e1n promocionando para atraer m\u00e1s inversi\u00f3n y generar dinamismo econ\u00f3mico para el departamento.<\/p>\n","protected":false},"author":1,"featured_media":9384,"comment_status":"open","ping_status":"open","sticky":false,"template":"","format":"standard","meta":{"footnotes":""},"categories":[2169,2931,24],"tags":[5670,933,5671,5672,5673,77,5674,5675,5676,181,2563,579,5677],"class_list":["post-9383","post","type-post","status-publish","format-standard","has-post-thumbnail","hentry","category-eventos","category-liderazgo","category-region","tag-angelo-gobbo","tag-atlantico-a-toda-marcha","tag-camara-de-comercio-italiana","tag-director-ejecutivo-de-la-camara-de-comercio-italiana","tag-el-departamento-del-atlantico","tag-elsa-noguera","tag-embajador-de-italia","tag-foro-economico-italia-caribe-colombiano","tag-gherardo-amaduzzi","tag-gobernadora-del-atlantico","tag-italia","tag-jose-vargas","tag-presidente-de-la-camara-de-comercio-italiana"],"yoast_head":"<!-- This site is optimized with the Yoast SEO plugin v27.7 - https:\/\/yoast.com\/product\/yoast-seo-wordpress\/ -->\n<title>El departamento del Atl\u00e1ntico afianza relaciones con Italia - Constrastes<\/title>\n<meta name=\"description\" content=\"Durante su intervenci\u00f3n, la mandataria destac\u00f3 las acciones de la estrategia dirigidas a reactivar la econom\u00eda y asegur\u00f3 que el Atl\u00e1ntico y Barranquilla ser\u00e1n el epicentro de las energ\u00edas renovables, uno de los tres sectores que se est\u00e1n promocionando para atraer m\u00e1s inversi\u00f3n y generar dinamismo econ\u00f3mico para el departamento.\" \/>\n<meta name=\"robots\" content=\"index, follow, max-snippet:-1, max-image-preview:large, max-video-preview:-1\" \/>\n<link rel=\"canonical\" href=\"https:\/\/contrastes.com.co\/web\/2022\/05\/12\/el-departamento-del-atlantico-afianza-relaciones-con-italia\/\" \/>\n<meta property=\"og:locale\" content=\"es_ES\" \/>\n<meta property=\"og:type\" content=\"article\" \/>\n<meta property=\"og:title\" content=\"El departamento del Atl\u00e1ntico afianza relaciones con Italia - Constrastes\" \/>\n<meta property=\"og:description\" content=\"Durante su intervenci\u00f3n, la mandataria destac\u00f3 las acciones de la estrategia dirigidas a reactivar la econom\u00eda y asegur\u00f3 que el Atl\u00e1ntico y Barranquilla ser\u00e1n el epicentro de las energ\u00edas renovables, uno de los tres sectores que se est\u00e1n promocionando para atraer m\u00e1s inversi\u00f3n y generar dinamismo econ\u00f3mico para el departamento.\" \/>\n<meta property=\"og:url\" content=\"https:\/\/contrastes.com.co\/web\/2022\/05\/12\/el-departamento-del-atlantico-afianza-relaciones-con-italia\/\" \/>\n<meta property=\"og:site_name\" content=\"Constrastes\" \/>\n<meta property=\"article:publisher\" content=\"https:\/\/www.facebook.com\/guillo.pantoja.1\" \/>\n<meta property=\"article:published_time\" content=\"2022-05-12T19:03:23+00:00\" \/>\n<meta name=\"author\" content=\"Editor\" \/>\n<meta name=\"twitter:card\" content=\"summary_large_image\" \/>\n<meta name=\"twitter:label1\" content=\"Escrito por\" \/>\n\t<meta name=\"twitter:data1\" content=\"Editor\" \/>\n\t<meta name=\"twitter:label2\" content=\"Tiempo de lectura\" \/>\n\t<meta name=\"twitter:data2\" content=\"1 minuto\" \/>\n<script type=\"application\/ld+json\" class=\"yoast-schema-graph\">{\"@context\":\"https:\\\/\\\/schema.org\",\"@graph\":[{\"@type\":\"Article\",\"@id\":\"https:\\\/\\\/contrastes.com.co\\\/web\\\/2022\\\/05\\\/12\\\/el-departamento-del-atlantico-afianza-relaciones-con-italia\\\/#article\",\"isPartOf\":{\"@id\":\"https:\\\/\\\/contrastes.com.co\\\/web\\\/2022\\\/05\\\/12\\\/el-departamento-del-atlantico-afianza-relaciones-con-italia\\\/\"},\"author\":{\"name\":\"Editor\",\"@id\":\"https:\\\/\\\/contrastes.com.co\\\/web\\\/#\\\/schema\\\/person\\\/62ef7a62dc4da6de450c71fc2e95ed02\"},\"headline\":\"El departamento del Atl\u00e1ntico afianza relaciones con Italia\",\"datePublished\":\"2022-05-12T19:03:23+00:00\",\"mainEntityOfPage\":{\"@id\":\"https:\\\/\\\/contrastes.com.co\\\/web\\\/2022\\\/05\\\/12\\\/el-departamento-del-atlantico-afianza-relaciones-con-italia\\\/\"},\"wordCount\":178,\"commentCount\":0,\"publisher\":{\"@id\":\"https:\\\/\\\/contrastes.com.co\\\/web\\\/#organization\"},\"image\":{\"@id\":\"https:\\\/\\\/contrastes.com.co\\\/web\\\/2022\\\/05\\\/12\\\/el-departamento-del-atlantico-afianza-relaciones-con-italia\\\/#primaryimage\"},\"thumbnailUrl\":\"\",\"keywords\":[\"Angelo Gobbo\",\"Atl\u00e1ntico a toda marcha\",\"C\u00e1mara de Comercio Italiana\",\"director ejecutivo de la C\u00e1mara de Comercio Italiana\",\"El departamento del Atl\u00e1ntico\",\"elsa noguera\",\"embajador de Italia\",\"Foro Econ\u00f3mico Italia-Caribe Colombiano\",\"Gherardo Amaduzzi\",\"Gobernadora del Atl\u00e1ntico\",\"Italia\",\"Jos\u00e9 Vargas\",\"presidente de la C\u00e1mara de Comercio Italiana\"],\"articleSection\":[\"Eventos\",\"Liderazgo\",\"Regi\u00f3n\"],\"inLanguage\":\"es\",\"potentialAction\":[{\"@type\":\"CommentAction\",\"name\":\"Comment\",\"target\":[\"https:\\\/\\\/contrastes.com.co\\\/web\\\/2022\\\/05\\\/12\\\/el-departamento-del-atlantico-afianza-relaciones-con-italia\\\/#respond\"]}]},{\"@type\":\"WebPage\",\"@id\":\"https:\\\/\\\/contrastes.com.co\\\/web\\\/2022\\\/05\\\/12\\\/el-departamento-del-atlantico-afianza-relaciones-con-italia\\\/\",\"url\":\"https:\\\/\\\/contrastes.com.co\\\/web\\\/2022\\\/05\\\/12\\\/el-departamento-del-atlantico-afianza-relaciones-con-italia\\\/\",\"name\":\"El departamento del Atl\u00e1ntico afianza relaciones con Italia - Constrastes\",\"isPartOf\":{\"@id\":\"https:\\\/\\\/contrastes.com.co\\\/web\\\/#website\"},\"primaryImageOfPage\":{\"@id\":\"https:\\\/\\\/contrastes.com.co\\\/web\\\/2022\\\/05\\\/12\\\/el-departamento-del-atlantico-afianza-relaciones-con-italia\\\/#primaryimage\"},\"image\":{\"@id\":\"https:\\\/\\\/contrastes.com.co\\\/web\\\/2022\\\/05\\\/12\\\/el-departamento-del-atlantico-afianza-relaciones-con-italia\\\/#primaryimage\"},\"thumbnailUrl\":\"\",\"datePublished\":\"2022-05-12T19:03:23+00:00\",\"description\":\"Durante su intervenci\u00f3n, la mandataria destac\u00f3 las acciones de la estrategia dirigidas a reactivar la econom\u00eda y asegur\u00f3 que el Atl\u00e1ntico y Barranquilla ser\u00e1n el epicentro de las energ\u00edas renovables, uno de los tres sectores que se est\u00e1n promocionando para atraer m\u00e1s inversi\u00f3n y generar dinamismo econ\u00f3mico para el departamento.\",\"breadcrumb\":{\"@id\":\"https:\\\/\\\/contrastes.com.co\\\/web\\\/2022\\\/05\\\/12\\\/el-departamento-del-atlantico-afianza-relaciones-con-italia\\\/#breadcrumb\"},\"inLanguage\":\"es\",\"potentialAction\":[{\"@type\":\"ReadAction\",\"target\":[\"https:\\\/\\\/contrastes.com.co\\\/web\\\/2022\\\/05\\\/12\\\/el-departamento-del-atlantico-afianza-relaciones-con-italia\\\/\"]}]},{\"@type\":\"ImageObject\",\"inLanguage\":\"es\",\"@id\":\"https:\\\/\\\/contrastes.com.co\\\/web\\\/2022\\\/05\\\/12\\\/el-departamento-del-atlantico-afianza-relaciones-con-italia\\\/#primaryimage\",\"url\":\"\",\"contentUrl\":\"\"},{\"@type\":\"BreadcrumbList\",\"@id\":\"https:\\\/\\\/contrastes.com.co\\\/web\\\/2022\\\/05\\\/12\\\/el-departamento-del-atlantico-afianza-relaciones-con-italia\\\/#breadcrumb\",\"itemListElement\":[{\"@type\":\"ListItem\",\"position\":1,\"name\":\"Portada\",\"item\":\"https:\\\/\\\/contrastes.com.co\\\/web\\\/\"},{\"@type\":\"ListItem\",\"position\":2,\"name\":\"El departamento del Atl\u00e1ntico afianza relaciones con Italia\"}]},{\"@type\":\"WebSite\",\"@id\":\"https:\\\/\\\/contrastes.com.co\\\/web\\\/#website\",\"url\":\"https:\\\/\\\/contrastes.com.co\\\/web\\\/\",\"name\":\"Contrastes\",\"description\":\"Periodismo de Conciencia\",\"publisher\":{\"@id\":\"https:\\\/\\\/contrastes.com.co\\\/web\\\/#organization\"},\"potentialAction\":[{\"@type\":\"SearchAction\",\"target\":{\"@type\":\"EntryPoint\",\"urlTemplate\":\"https:\\\/\\\/contrastes.com.co\\\/web\\\/?s={search_term_string}\"},\"query-input\":{\"@type\":\"PropertyValueSpecification\",\"valueRequired\":true,\"valueName\":\"search_term_string\"}}],\"inLanguage\":\"es\"},{\"@type\":\"Organization\",\"@id\":\"https:\\\/\\\/contrastes.com.co\\\/web\\\/#organization\",\"name\":\"Contrastes\",\"url\":\"https:\\\/\\\/contrastes.com.co\\\/web\\\/\",\"logo\":{\"@type\":\"ImageObject\",\"inLanguage\":\"es\",\"@id\":\"https:\\\/\\\/contrastes.com.co\\\/web\\\/#\\\/schema\\\/logo\\\/image\\\/\",\"url\":\"https:\\\/\\\/contrastes.com.co\\\/web\\\/wp-content\\\/uploads\\\/2025\\\/04\\\/15CONTRASTES3.png\",\"contentUrl\":\"https:\\\/\\\/contrastes.com.co\\\/web\\\/wp-content\\\/uploads\\\/2025\\\/04\\\/15CONTRASTES3.png\",\"width\":1536,\"height\":231,\"caption\":\"Contrastes\"},\"image\":{\"@id\":\"https:\\\/\\\/contrastes.com.co\\\/web\\\/#\\\/schema\\\/logo\\\/image\\\/\"},\"sameAs\":[\"https:\\\/\\\/www.facebook.com\\\/guillo.pantoja.1\"]},{\"@type\":\"Person\",\"@id\":\"https:\\\/\\\/contrastes.com.co\\\/web\\\/#\\\/schema\\\/person\\\/62ef7a62dc4da6de450c71fc2e95ed02\",\"name\":\"Editor\",\"image\":{\"@type\":\"ImageObject\",\"inLanguage\":\"es\",\"@id\":\"https:\\\/\\\/secure.gravatar.com\\\/avatar\\\/7bbb4f718d74bbf600dc556253bb04fd7ac8593751d6e2e3b85432d98aefae80?s=96&d=mm&r=g\",\"url\":\"https:\\\/\\\/secure.gravatar.com\\\/avatar\\\/7bbb4f718d74bbf600dc556253bb04fd7ac8593751d6e2e3b85432d98aefae80?s=96&d=mm&r=g\",\"contentUrl\":\"https:\\\/\\\/secure.gravatar.com\\\/avatar\\\/7bbb4f718d74bbf600dc556253bb04fd7ac8593751d6e2e3b85432d98aefae80?s=96&d=mm&r=g\",\"caption\":\"Editor\"},\"sameAs\":[\"https:\\\/\\\/contrastes.com.co\\\/web\"],\"url\":\"https:\\\/\\\/contrastes.com.co\\\/web\\\/author\\\/jdbobadilla\\\/\"}]}<\/script>\n<!-- \/ Yoast SEO plugin. -->","yoast_head_json":{"title":"El departamento del Atl\u00e1ntico afianza relaciones con Italia - Constrastes","description":"Durante su intervenci\u00f3n, la mandataria destac\u00f3 las acciones de la estrategia dirigidas a reactivar la econom\u00eda y asegur\u00f3 que el Atl\u00e1ntico y Barranquilla ser\u00e1n el epicentro de las energ\u00edas renovables, uno de los tres sectores que se est\u00e1n promocionando para atraer m\u00e1s inversi\u00f3n y generar dinamismo econ\u00f3mico para el departamento.","robots":{"index":"index","follow":"follow","max-snippet":"max-snippet:-1","max-image-preview":"max-image-preview:large","max-video-preview":"max-video-preview:-1"},"canonical":"https:\/\/contrastes.com.co\/web\/2022\/05\/12\/el-departamento-del-atlantico-afianza-relaciones-con-italia\/","og_locale":"es_ES","og_type":"article","og_title":"El departamento del Atl\u00e1ntico afianza relaciones con Italia - Constrastes","og_description":"Durante su intervenci\u00f3n, la mandataria destac\u00f3 las acciones de la estrategia dirigidas a reactivar la econom\u00eda y asegur\u00f3 que el Atl\u00e1ntico y Barranquilla ser\u00e1n el epicentro de las energ\u00edas renovables, uno de los tres sectores que se est\u00e1n promocionando para atraer m\u00e1s inversi\u00f3n y generar dinamismo econ\u00f3mico para el departamento.","og_url":"https:\/\/contrastes.com.co\/web\/2022\/05\/12\/el-departamento-del-atlantico-afianza-relaciones-con-italia\/","og_site_name":"Constrastes","article_publisher":"https:\/\/www.facebook.com\/guillo.pantoja.1","article_published_time":"2022-05-12T19:03:23+00:00","author":"Editor","twitter_card":"summary_large_image","twitter_misc":{"Escrito por":"Editor","Tiempo de lectura":"1 minuto"},"schema":{"@context":"https:\/\/schema.org","@graph":[{"@type":"Article","@id":"https:\/\/contrastes.com.co\/web\/2022\/05\/12\/el-departamento-del-atlantico-afianza-relaciones-con-italia\/#article","isPartOf":{"@id":"https:\/\/contrastes.com.co\/web\/2022\/05\/12\/el-departamento-del-atlantico-afianza-relaciones-con-italia\/"},"author":{"name":"Editor","@id":"https:\/\/contrastes.com.co\/web\/#\/schema\/person\/62ef7a62dc4da6de450c71fc2e95ed02"},"headline":"El departamento del Atl\u00e1ntico afianza relaciones con Italia","datePublished":"2022-05-12T19:03:23+00:00","mainEntityOfPage":{"@id":"https:\/\/contrastes.com.co\/web\/2022\/05\/12\/el-departamento-del-atlantico-afianza-relaciones-con-italia\/"},"wordCount":178,"commentCount":0,"publisher":{"@id":"https:\/\/contrastes.com.co\/web\/#organization"},"image":{"@id":"https:\/\/contrastes.com.co\/web\/2022\/05\/12\/el-departamento-del-atlantico-afianza-relaciones-con-italia\/#primaryimage"},"thumbnailUrl":"","keywords":["Angelo Gobbo","Atl\u00e1ntico a toda marcha","C\u00e1mara de Comercio Italiana","director ejecutivo de la C\u00e1mara de Comercio Italiana","El departamento del Atl\u00e1ntico","elsa noguera","embajador de Italia","Foro Econ\u00f3mico Italia-Caribe Colombiano","Gherardo Amaduzzi","Gobernadora del Atl\u00e1ntico","Italia","Jos\u00e9 Vargas","presidente de la C\u00e1mara de Comercio Italiana"],"articleSection":["Eventos","Liderazgo","Regi\u00f3n"],"inLanguage":"es","potentialAction":[{"@type":"CommentAction","name":"Comment","target":["https:\/\/contrastes.com.co\/web\/2022\/05\/12\/el-departamento-del-atlantico-afianza-relaciones-con-italia\/#respond"]}]},{"@type":"WebPage","@id":"https:\/\/contrastes.com.co\/web\/2022\/05\/12\/el-departamento-del-atlantico-afianza-relaciones-con-italia\/","url":"https:\/\/contrastes.com.co\/web\/2022\/05\/12\/el-departamento-del-atlantico-afianza-relaciones-con-italia\/","name":"El departamento del Atl\u00e1ntico afianza relaciones con Italia - Constrastes","isPartOf":{"@id":"https:\/\/contrastes.com.co\/web\/#website"},"primaryImageOfPage":{"@id":"https:\/\/contrastes.com.co\/web\/2022\/05\/12\/el-departamento-del-atlantico-afianza-relaciones-con-italia\/#primaryimage"},"image":{"@id":"https:\/\/contrastes.com.co\/web\/2022\/05\/12\/el-departamento-del-atlantico-afianza-relaciones-con-italia\/#primaryimage"},"thumbnailUrl":"","datePublished":"2022-05-12T19:03:23+00:00","description":"Durante su intervenci\u00f3n, la mandataria destac\u00f3 las acciones de la estrategia dirigidas a reactivar la econom\u00eda y asegur\u00f3 que el Atl\u00e1ntico y Barranquilla ser\u00e1n el epicentro de las energ\u00edas renovables, uno de los tres sectores que se est\u00e1n promocionando para atraer m\u00e1s inversi\u00f3n y generar dinamismo econ\u00f3mico para el departamento.","breadcrumb":{"@id":"https:\/\/contrastes.com.co\/web\/2022\/05\/12\/el-departamento-del-atlantico-afianza-relaciones-con-italia\/#breadcrumb"},"inLanguage":"es","potentialAction":[{"@type":"ReadAction","target":["https:\/\/contrastes.com.co\/web\/2022\/05\/12\/el-departamento-del-atlantico-afianza-relaciones-con-italia\/"]}]},{"@type":"ImageObject","inLanguage":"es","@id":"https:\/\/contrastes.com.co\/web\/2022\/05\/12\/el-departamento-del-atlantico-afianza-relaciones-con-italia\/#primaryimage","url":"","contentUrl":""},{"@type":"BreadcrumbList","@id":"https:\/\/contrastes.com.co\/web\/2022\/05\/12\/el-departamento-del-atlantico-afianza-relaciones-con-italia\/#breadcrumb","itemListElement":[{"@type":"ListItem","position":1,"name":"Portada","item":"https:\/\/contrastes.com.co\/web\/"},{"@type":"ListItem","position":2,"name":"El departamento del Atl\u00e1ntico afianza relaciones con Italia"}]},{"@type":"WebSite","@id":"https:\/\/contrastes.com.co\/web\/#website","url":"https:\/\/contrastes.com.co\/web\/","name":"Contrastes","description":"Periodismo de Conciencia","publisher":{"@id":"https:\/\/contrastes.com.co\/web\/#organization"},"potentialAction":[{"@type":"SearchAction","target":{"@type":"EntryPoint","urlTemplate":"https:\/\/contrastes.com.co\/web\/?s={search_term_string}"},"query-input":{"@type":"PropertyValueSpecification","valueRequired":true,"valueName":"search_term_string"}}],"inLanguage":"es"},{"@type":"Organization","@id":"https:\/\/contrastes.com.co\/web\/#organization","name":"Contrastes","url":"https:\/\/contrastes.com.co\/web\/","logo":{"@type":"ImageObject","inLanguage":"es","@id":"https:\/\/contrastes.com.co\/web\/#\/schema\/logo\/image\/","url":"https:\/\/contrastes.com.co\/web\/wp-content\/uploads\/2025\/04\/15CONTRASTES3.png","contentUrl":"https:\/\/contrastes.com.co\/web\/wp-content\/uploads\/2025\/04\/15CONTRASTES3.png","width":1536,"height":231,"caption":"Contrastes"},"image":{"@id":"https:\/\/contrastes.com.co\/web\/#\/schema\/logo\/image\/"},"sameAs":["https:\/\/www.facebook.com\/guillo.pantoja.1"]},{"@type":"Person","@id":"https:\/\/contrastes.com.co\/web\/#\/schema\/person\/62ef7a62dc4da6de450c71fc2e95ed02","name":"Editor","image":{"@type":"ImageObject","inLanguage":"es","@id":"https:\/\/secure.gravatar.com\/avatar\/7bbb4f718d74bbf600dc556253bb04fd7ac8593751d6e2e3b85432d98aefae80?s=96&d=mm&r=g","url":"https:\/\/secure.gravatar.com\/avatar\/7bbb4f718d74bbf600dc556253bb04fd7ac8593751d6e2e3b85432d98aefae80?s=96&d=mm&r=g","contentUrl":"https:\/\/secure.gravatar.com\/avatar\/7bbb4f718d74bbf600dc556253bb04fd7ac8593751d6e2e3b85432d98aefae80?s=96&d=mm&r=g","caption":"Editor"},"sameAs":["https:\/\/contrastes.com.co\/web"],"url":"https:\/\/contrastes.com.co\/web\/author\/jdbobadilla\/"}]}},"blog_post_layout_featured_media_urls":{"thumbnail":"","full":""},"categories_names":{"2169":{"name":"Eventos","link":"https:\/\/contrastes.com.co\/web\/category\/eventos\/"},"2931":{"name":"Liderazgo","link":"https:\/\/contrastes.com.co\/web\/category\/liderazgo\/"},"24":{"name":"Regi\u00f3n","link":"https:\/\/contrastes.com.co\/web\/category\/region\/"}},"tags_names":{"5670":{"name":"Angelo Gobbo","link":"https:\/\/contrastes.com.co\/web\/tag\/angelo-gobbo\/"},"933":{"name":"Atl\u00e1ntico a toda marcha","link":"https:\/\/contrastes.com.co\/web\/tag\/atlantico-a-toda-marcha\/"},"5671":{"name":"C\u00e1mara de Comercio Italiana","link":"https:\/\/contrastes.com.co\/web\/tag\/camara-de-comercio-italiana\/"},"5672":{"name":"director ejecutivo de la C\u00e1mara de Comercio Italiana","link":"https:\/\/contrastes.com.co\/web\/tag\/director-ejecutivo-de-la-camara-de-comercio-italiana\/"},"5673":{"name":"El departamento del Atl\u00e1ntico","link":"https:\/\/contrastes.com.co\/web\/tag\/el-departamento-del-atlantico\/"},"77":{"name":"elsa noguera","link":"https:\/\/contrastes.com.co\/web\/tag\/elsa-noguera\/"},"5674":{"name":"embajador de Italia","link":"https:\/\/contrastes.com.co\/web\/tag\/embajador-de-italia\/"},"5675":{"name":"Foro Econ\u00f3mico Italia-Caribe Colombiano","link":"https:\/\/contrastes.com.co\/web\/tag\/foro-economico-italia-caribe-colombiano\/"},"5676":{"name":"Gherardo Amaduzzi","link":"https:\/\/contrastes.com.co\/web\/tag\/gherardo-amaduzzi\/"},"181":{"name":"Gobernadora del Atl\u00e1ntico","link":"https:\/\/contrastes.com.co\/web\/tag\/gobernadora-del-atlantico\/"},"2563":{"name":"Italia","link":"https:\/\/contrastes.com.co\/web\/tag\/italia\/"},"579":{"name":"Jos\u00e9 Vargas","link":"https:\/\/contrastes.com.co\/web\/tag\/jose-vargas\/"},"5677":{"name":"presidente de la C\u00e1mara de Comercio Italiana","link":"https:\/\/contrastes.com.co\/web\/tag\/presidente-de-la-camara-de-comercio-italiana\/"}},"comments_number":"0","wpmagazine_modules_lite_featured_media_urls":{"thumbnail":"","cvmm-medium":"","cvmm-medium-plus":"","cvmm-portrait":"","cvmm-medium-square":"","cvmm-large":"","cvmm-small":"","full":""},"_links":{"self":[{"href":"https:\/\/contrastes.com.co\/web\/wp-json\/wp\/v2\/posts\/9383","targetHints":{"allow":["GET"]}}],"collection":[{"href":"https:\/\/contrastes.com.co\/web\/wp-json\/wp\/v2\/posts"}],"about":[{"href":"https:\/\/contrastes.com.co\/web\/wp-json\/wp\/v2\/types\/post"}],"author":[{"embeddable":true,"href":"https:\/\/contrastes.com.co\/web\/wp-json\/wp\/v2\/users\/1"}],"replies":[{"embeddable":true,"href":"https:\/\/contrastes.com.co\/web\/wp-json\/wp\/v2\/comments?post=9383"}],"version-history":[{"count":0,"href":"https:\/\/contrastes.com.co\/web\/wp-json\/wp\/v2\/posts\/9383\/revisions"}],"wp:attachment":[{"href":"https:\/\/contrastes.com.co\/web\/wp-json\/wp\/v2\/media?parent=9383"}],"wp:term":[{"taxonomy":"category","embeddable":true,"href":"https:\/\/contrastes.com.co\/web\/wp-json\/wp\/v2\/categories?post=9383"},{"taxonomy":"post_tag","embeddable":true,"href":"https:\/\/contrastes.com.co\/web\/wp-json\/wp\/v2\/tags?post=9383"}],"curies":[{"name":"wp","href":"https:\/\/api.w.org\/{rel}","templated":true}]}}