{"id":9482,"date":"2022-05-17T20:35:16","date_gmt":"2022-05-18T01:35:16","guid":{"rendered":"https:\/\/contrastes.com.co\/digital\/?p=9482"},"modified":"2022-05-17T20:35:16","modified_gmt":"2022-05-18T01:35:16","slug":"asi-van-las-obras-de-pavimentacion-en-soledad-abren-primer-tramo-de-la-30","status":"publish","type":"post","link":"https:\/\/contrastes.com.co\/web\/2022\/05\/17\/asi-van-las-obras-de-pavimentacion-en-soledad-abren-primer-tramo-de-la-30\/","title":{"rendered":"As\u00ed van las obras de pavimentaci\u00f3n en Soledad: abren primer tramo de la 30"},"content":{"rendered":"<p><strong>Abren primer tramo pavimentado de la carrera 30 y socializan trabajos de rehabilitaci\u00f3n y mejoramiento de la malla v\u00edal en el barrio La Esperanza<\/strong><\/p>\n<blockquote><p><strong>La inauguraci\u00f3n de este tramo constituye el desembotellamiento de esta arteria, una de las principales v\u00edas de acceso de la ciudad.<\/strong><\/p><\/blockquote>\n<p><img decoding=\"async\" class=\"alignleft  wp-image-8529\" src=\"https:\/\/contrastes.com.co\/digital\/wp-content\/uploads\/2022\/03\/e-capitular.png\" alt=\"e capitular\" width=\"49\" height=\"49\" \/>n la ma\u00f1ana de hoy la alcald\u00eda de Soledad hizo apertura del primer tramo de pavimentaci\u00f3n de la carrera 30, comprendido entre la calle 30, a la altura de SAO en la entrada al barrio Hip\u00f3dromo, hasta la calle 27C, sector conocido como parque del Designado.<\/p>\n<p>En total se recuperaron 370 metros lineales de malla vial de la carrera 30 entre las calles 30 y 28. Los trabajos de infraestructura contemplaron la adecuaci\u00f3n de las redes de alcantarillado y acueducto, a cargo de la empresa Triple A subsanando un hist\u00f3rico problema de rebosamiento que enfrentaba ese sector.<\/p>\n<p>La inauguraci\u00f3n de este tramo constituye el desembotellamiento de esta arteria, una de las principales v\u00edas de acceso de la ciudad.<\/p>\n<p>El<strong> secretario de Obras P\u00fablicas de la Alcald\u00eda de Soledad, Jaider Molina Daza<\/strong>, explic\u00f3 que ya iniciaron obras en los tramos siguientes de la carrera 30 recordando que adem\u00e1s contin\u00faan los trabajos de pavimentaci\u00f3n en m\u00faltiples sectores de la ciudad y en la ma\u00f1ana de hoy se procedi\u00f3 a socializar en el barrio La Esperanza, zona centro de Soledad, el proyecto &#8216;Construcci\u00f3n, rehabilitaci\u00f3n y mejoramiento de la malla vial&#8217;.<\/p>\n<p><strong>El Plan de V\u00edas de Soledad<\/strong><\/p>\n<p>Es necesario destacar que, adem\u00e1s de las obras en El Hip\u00f3dromo, donde ser\u00e1 recuperada toda la carrera 30 desde La Arboleda con la calle 44 hasta El Porvenir, en la carrera 15, la Alcald\u00eda de Soledad viene ejecutando trabajos de pavimentaci\u00f3n en los barrios La Mar\u00eda y El Ferrocarril (banda oriental del municipio) como parte del programa de pavimentaci\u00f3n, construcci\u00f3n y mejoramiento de la red vial, que se desarrolla en varios sectores y cuyo fin es intervenir 20 mil metros lineales.<\/p>\n<p>En los barrios La Mar\u00eda y El Ferrocarril avanza la construcci\u00f3n de 1.080 metros lineales de v\u00edas en los tramos ubicados en la carrera 23, desde la calle 23 hasta la calle 30. As\u00ed mismo,; actualmente es intervenido el sector de Los Arrayanes, donde se avanza en la pavimentaci\u00f3n de 375 metros lineales.<\/p>\n","protected":false},"excerpt":{"rendered":"<p>En la ma\u00f1ana de hoy la alcald\u00eda de Soledad hizo apertura del primer tramo de pavimentaci\u00f3n de la carrera 30, comprendido entre la calle 30, a la altura de SAO en la entrada al barrio Hip\u00f3dromo, hasta la calle 27C, sector conocido como parque del Designado.<\/p>\n","protected":false},"author":1,"featured_media":9483,"comment_status":"open","ping_status":"open","sticky":false,"template":"","format":"standard","meta":{"footnotes":""},"categories":[11,23,3542],"tags":[28,5231,5759,2480,51,1879,5760],"class_list":["post-9482","post","type-post","status-publish","format-standard","has-post-thumbnail","hentry","category-infraestructura","category-locales","category-obras-publicas","tag-alcaldia-de-soledad","tag-carrera-30","tag-entrada-al-barrio-hipodromo","tag-jaider-molina-daza","tag-municipio-de-soledad","tag-rodolfo-ucros-rosales","tag-secretario-de-obras-publicas-de-la-alcaldia-de-soledad"],"yoast_head":"<!-- This site is optimized with the Yoast SEO plugin v27.7 - https:\/\/yoast.com\/product\/yoast-seo-wordpress\/ -->\n<title>As\u00ed van las obras de pavimentaci\u00f3n en Soledad: abren primer tramo de la 30 - Constrastes<\/title>\n<meta name=\"description\" content=\"En la ma\u00f1ana de hoy la alcald\u00eda de Soledad hizo apertura del primer tramo de pavimentaci\u00f3n de la carrera 30, comprendido entre la calle 30, a la altura de SAO en la entrada al barrio Hip\u00f3dromo, hasta la calle 27C, sector conocido como parque del Designado.\" \/>\n<meta name=\"robots\" content=\"index, follow, max-snippet:-1, max-image-preview:large, max-video-preview:-1\" \/>\n<link rel=\"canonical\" href=\"https:\/\/contrastes.com.co\/web\/2022\/05\/17\/asi-van-las-obras-de-pavimentacion-en-soledad-abren-primer-tramo-de-la-30\/\" \/>\n<meta property=\"og:locale\" content=\"es_ES\" \/>\n<meta property=\"og:type\" content=\"article\" \/>\n<meta property=\"og:title\" content=\"As\u00ed van las obras de pavimentaci\u00f3n en Soledad: abren primer tramo de la 30 - Constrastes\" \/>\n<meta property=\"og:description\" content=\"En la ma\u00f1ana de hoy la alcald\u00eda de Soledad hizo apertura del primer tramo de pavimentaci\u00f3n de la carrera 30, comprendido entre la calle 30, a la altura de SAO en la entrada al barrio Hip\u00f3dromo, hasta la calle 27C, sector conocido como parque del Designado.\" \/>\n<meta property=\"og:url\" content=\"https:\/\/contrastes.com.co\/web\/2022\/05\/17\/asi-van-las-obras-de-pavimentacion-en-soledad-abren-primer-tramo-de-la-30\/\" \/>\n<meta property=\"og:site_name\" content=\"Constrastes\" \/>\n<meta property=\"article:publisher\" content=\"https:\/\/www.facebook.com\/guillo.pantoja.1\" \/>\n<meta property=\"article:published_time\" content=\"2022-05-18T01:35:16+00:00\" \/>\n<meta name=\"author\" content=\"Editor\" \/>\n<meta name=\"twitter:card\" content=\"summary_large_image\" \/>\n<meta name=\"twitter:label1\" content=\"Escrito por\" \/>\n\t<meta name=\"twitter:data1\" content=\"Editor\" \/>\n\t<meta name=\"twitter:label2\" content=\"Tiempo de lectura\" \/>\n\t<meta name=\"twitter:data2\" content=\"2 minutos\" \/>\n<script type=\"application\/ld+json\" class=\"yoast-schema-graph\">{\"@context\":\"https:\\\/\\\/schema.org\",\"@graph\":[{\"@type\":\"Article\",\"@id\":\"https:\\\/\\\/contrastes.com.co\\\/web\\\/2022\\\/05\\\/17\\\/asi-van-las-obras-de-pavimentacion-en-soledad-abren-primer-tramo-de-la-30\\\/#article\",\"isPartOf\":{\"@id\":\"https:\\\/\\\/contrastes.com.co\\\/web\\\/2022\\\/05\\\/17\\\/asi-van-las-obras-de-pavimentacion-en-soledad-abren-primer-tramo-de-la-30\\\/\"},\"author\":{\"name\":\"Editor\",\"@id\":\"https:\\\/\\\/contrastes.com.co\\\/web\\\/#\\\/schema\\\/person\\\/62ef7a62dc4da6de450c71fc2e95ed02\"},\"headline\":\"As\u00ed van las obras de pavimentaci\u00f3n en Soledad: abren primer tramo de la 30\",\"datePublished\":\"2022-05-18T01:35:16+00:00\",\"mainEntityOfPage\":{\"@id\":\"https:\\\/\\\/contrastes.com.co\\\/web\\\/2022\\\/05\\\/17\\\/asi-van-las-obras-de-pavimentacion-en-soledad-abren-primer-tramo-de-la-30\\\/\"},\"wordCount\":402,\"commentCount\":0,\"publisher\":{\"@id\":\"https:\\\/\\\/contrastes.com.co\\\/web\\\/#organization\"},\"image\":{\"@id\":\"https:\\\/\\\/contrastes.com.co\\\/web\\\/2022\\\/05\\\/17\\\/asi-van-las-obras-de-pavimentacion-en-soledad-abren-primer-tramo-de-la-30\\\/#primaryimage\"},\"thumbnailUrl\":\"\",\"keywords\":[\"alcaldia de Soledad\",\"carrera 30\",\"entrada al barrio Hip\u00f3dromo\",\"Jaider Molina Daza\",\"municipio de soledad\",\"Rodolfo Ucr\u00f3s Rosales\",\"secretario de Obras P\u00fablicas de la Alcald\u00eda de Soledad\"],\"articleSection\":[\"Infraestructura\",\"Locales\",\"Obras P\u00fablicas\"],\"inLanguage\":\"es\",\"potentialAction\":[{\"@type\":\"CommentAction\",\"name\":\"Comment\",\"target\":[\"https:\\\/\\\/contrastes.com.co\\\/web\\\/2022\\\/05\\\/17\\\/asi-van-las-obras-de-pavimentacion-en-soledad-abren-primer-tramo-de-la-30\\\/#respond\"]}]},{\"@type\":\"WebPage\",\"@id\":\"https:\\\/\\\/contrastes.com.co\\\/web\\\/2022\\\/05\\\/17\\\/asi-van-las-obras-de-pavimentacion-en-soledad-abren-primer-tramo-de-la-30\\\/\",\"url\":\"https:\\\/\\\/contrastes.com.co\\\/web\\\/2022\\\/05\\\/17\\\/asi-van-las-obras-de-pavimentacion-en-soledad-abren-primer-tramo-de-la-30\\\/\",\"name\":\"As\u00ed van las obras de pavimentaci\u00f3n en Soledad: abren primer tramo de la 30 - Constrastes\",\"isPartOf\":{\"@id\":\"https:\\\/\\\/contrastes.com.co\\\/web\\\/#website\"},\"primaryImageOfPage\":{\"@id\":\"https:\\\/\\\/contrastes.com.co\\\/web\\\/2022\\\/05\\\/17\\\/asi-van-las-obras-de-pavimentacion-en-soledad-abren-primer-tramo-de-la-30\\\/#primaryimage\"},\"image\":{\"@id\":\"https:\\\/\\\/contrastes.com.co\\\/web\\\/2022\\\/05\\\/17\\\/asi-van-las-obras-de-pavimentacion-en-soledad-abren-primer-tramo-de-la-30\\\/#primaryimage\"},\"thumbnailUrl\":\"\",\"datePublished\":\"2022-05-18T01:35:16+00:00\",\"description\":\"En la ma\u00f1ana de hoy la alcald\u00eda de Soledad hizo apertura del primer tramo de pavimentaci\u00f3n de la carrera 30, comprendido entre la calle 30, a la altura de SAO en la entrada al barrio Hip\u00f3dromo, hasta la calle 27C, sector conocido como parque del Designado.\",\"breadcrumb\":{\"@id\":\"https:\\\/\\\/contrastes.com.co\\\/web\\\/2022\\\/05\\\/17\\\/asi-van-las-obras-de-pavimentacion-en-soledad-abren-primer-tramo-de-la-30\\\/#breadcrumb\"},\"inLanguage\":\"es\",\"potentialAction\":[{\"@type\":\"ReadAction\",\"target\":[\"https:\\\/\\\/contrastes.com.co\\\/web\\\/2022\\\/05\\\/17\\\/asi-van-las-obras-de-pavimentacion-en-soledad-abren-primer-tramo-de-la-30\\\/\"]}]},{\"@type\":\"ImageObject\",\"inLanguage\":\"es\",\"@id\":\"https:\\\/\\\/contrastes.com.co\\\/web\\\/2022\\\/05\\\/17\\\/asi-van-las-obras-de-pavimentacion-en-soledad-abren-primer-tramo-de-la-30\\\/#primaryimage\",\"url\":\"\",\"contentUrl\":\"\"},{\"@type\":\"BreadcrumbList\",\"@id\":\"https:\\\/\\\/contrastes.com.co\\\/web\\\/2022\\\/05\\\/17\\\/asi-van-las-obras-de-pavimentacion-en-soledad-abren-primer-tramo-de-la-30\\\/#breadcrumb\",\"itemListElement\":[{\"@type\":\"ListItem\",\"position\":1,\"name\":\"Portada\",\"item\":\"https:\\\/\\\/contrastes.com.co\\\/web\\\/\"},{\"@type\":\"ListItem\",\"position\":2,\"name\":\"As\u00ed van las obras de pavimentaci\u00f3n en Soledad: abren primer tramo de la 30\"}]},{\"@type\":\"WebSite\",\"@id\":\"https:\\\/\\\/contrastes.com.co\\\/web\\\/#website\",\"url\":\"https:\\\/\\\/contrastes.com.co\\\/web\\\/\",\"name\":\"Contrastes\",\"description\":\"Periodismo de Conciencia\",\"publisher\":{\"@id\":\"https:\\\/\\\/contrastes.com.co\\\/web\\\/#organization\"},\"potentialAction\":[{\"@type\":\"SearchAction\",\"target\":{\"@type\":\"EntryPoint\",\"urlTemplate\":\"https:\\\/\\\/contrastes.com.co\\\/web\\\/?s={search_term_string}\"},\"query-input\":{\"@type\":\"PropertyValueSpecification\",\"valueRequired\":true,\"valueName\":\"search_term_string\"}}],\"inLanguage\":\"es\"},{\"@type\":\"Organization\",\"@id\":\"https:\\\/\\\/contrastes.com.co\\\/web\\\/#organization\",\"name\":\"Contrastes\",\"url\":\"https:\\\/\\\/contrastes.com.co\\\/web\\\/\",\"logo\":{\"@type\":\"ImageObject\",\"inLanguage\":\"es\",\"@id\":\"https:\\\/\\\/contrastes.com.co\\\/web\\\/#\\\/schema\\\/logo\\\/image\\\/\",\"url\":\"https:\\\/\\\/contrastes.com.co\\\/web\\\/wp-content\\\/uploads\\\/2025\\\/04\\\/15CONTRASTES3.png\",\"contentUrl\":\"https:\\\/\\\/contrastes.com.co\\\/web\\\/wp-content\\\/uploads\\\/2025\\\/04\\\/15CONTRASTES3.png\",\"width\":1536,\"height\":231,\"caption\":\"Contrastes\"},\"image\":{\"@id\":\"https:\\\/\\\/contrastes.com.co\\\/web\\\/#\\\/schema\\\/logo\\\/image\\\/\"},\"sameAs\":[\"https:\\\/\\\/www.facebook.com\\\/guillo.pantoja.1\"]},{\"@type\":\"Person\",\"@id\":\"https:\\\/\\\/contrastes.com.co\\\/web\\\/#\\\/schema\\\/person\\\/62ef7a62dc4da6de450c71fc2e95ed02\",\"name\":\"Editor\",\"image\":{\"@type\":\"ImageObject\",\"inLanguage\":\"es\",\"@id\":\"https:\\\/\\\/secure.gravatar.com\\\/avatar\\\/7bbb4f718d74bbf600dc556253bb04fd7ac8593751d6e2e3b85432d98aefae80?s=96&d=mm&r=g\",\"url\":\"https:\\\/\\\/secure.gravatar.com\\\/avatar\\\/7bbb4f718d74bbf600dc556253bb04fd7ac8593751d6e2e3b85432d98aefae80?s=96&d=mm&r=g\",\"contentUrl\":\"https:\\\/\\\/secure.gravatar.com\\\/avatar\\\/7bbb4f718d74bbf600dc556253bb04fd7ac8593751d6e2e3b85432d98aefae80?s=96&d=mm&r=g\",\"caption\":\"Editor\"},\"sameAs\":[\"https:\\\/\\\/contrastes.com.co\\\/web\"],\"url\":\"https:\\\/\\\/contrastes.com.co\\\/web\\\/author\\\/jdbobadilla\\\/\"}]}<\/script>\n<!-- \/ Yoast SEO plugin. -->","yoast_head_json":{"title":"As\u00ed van las obras de pavimentaci\u00f3n en Soledad: abren primer tramo de la 30 - Constrastes","description":"En la ma\u00f1ana de hoy la alcald\u00eda de Soledad hizo apertura del primer tramo de pavimentaci\u00f3n de la carrera 30, comprendido entre la calle 30, a la altura de SAO en la entrada al barrio Hip\u00f3dromo, hasta la calle 27C, sector conocido como parque del Designado.","robots":{"index":"index","follow":"follow","max-snippet":"max-snippet:-1","max-image-preview":"max-image-preview:large","max-video-preview":"max-video-preview:-1"},"canonical":"https:\/\/contrastes.com.co\/web\/2022\/05\/17\/asi-van-las-obras-de-pavimentacion-en-soledad-abren-primer-tramo-de-la-30\/","og_locale":"es_ES","og_type":"article","og_title":"As\u00ed van las obras de pavimentaci\u00f3n en Soledad: abren primer tramo de la 30 - Constrastes","og_description":"En la ma\u00f1ana de hoy la alcald\u00eda de Soledad hizo apertura del primer tramo de pavimentaci\u00f3n de la carrera 30, comprendido entre la calle 30, a la altura de SAO en la entrada al barrio Hip\u00f3dromo, hasta la calle 27C, sector conocido como parque del Designado.","og_url":"https:\/\/contrastes.com.co\/web\/2022\/05\/17\/asi-van-las-obras-de-pavimentacion-en-soledad-abren-primer-tramo-de-la-30\/","og_site_name":"Constrastes","article_publisher":"https:\/\/www.facebook.com\/guillo.pantoja.1","article_published_time":"2022-05-18T01:35:16+00:00","author":"Editor","twitter_card":"summary_large_image","twitter_misc":{"Escrito por":"Editor","Tiempo de lectura":"2 minutos"},"schema":{"@context":"https:\/\/schema.org","@graph":[{"@type":"Article","@id":"https:\/\/contrastes.com.co\/web\/2022\/05\/17\/asi-van-las-obras-de-pavimentacion-en-soledad-abren-primer-tramo-de-la-30\/#article","isPartOf":{"@id":"https:\/\/contrastes.com.co\/web\/2022\/05\/17\/asi-van-las-obras-de-pavimentacion-en-soledad-abren-primer-tramo-de-la-30\/"},"author":{"name":"Editor","@id":"https:\/\/contrastes.com.co\/web\/#\/schema\/person\/62ef7a62dc4da6de450c71fc2e95ed02"},"headline":"As\u00ed van las obras de pavimentaci\u00f3n en Soledad: abren primer tramo de la 30","datePublished":"2022-05-18T01:35:16+00:00","mainEntityOfPage":{"@id":"https:\/\/contrastes.com.co\/web\/2022\/05\/17\/asi-van-las-obras-de-pavimentacion-en-soledad-abren-primer-tramo-de-la-30\/"},"wordCount":402,"commentCount":0,"publisher":{"@id":"https:\/\/contrastes.com.co\/web\/#organization"},"image":{"@id":"https:\/\/contrastes.com.co\/web\/2022\/05\/17\/asi-van-las-obras-de-pavimentacion-en-soledad-abren-primer-tramo-de-la-30\/#primaryimage"},"thumbnailUrl":"","keywords":["alcaldia de Soledad","carrera 30","entrada al barrio Hip\u00f3dromo","Jaider Molina Daza","municipio de soledad","Rodolfo Ucr\u00f3s Rosales","secretario de Obras P\u00fablicas de la Alcald\u00eda de Soledad"],"articleSection":["Infraestructura","Locales","Obras P\u00fablicas"],"inLanguage":"es","potentialAction":[{"@type":"CommentAction","name":"Comment","target":["https:\/\/contrastes.com.co\/web\/2022\/05\/17\/asi-van-las-obras-de-pavimentacion-en-soledad-abren-primer-tramo-de-la-30\/#respond"]}]},{"@type":"WebPage","@id":"https:\/\/contrastes.com.co\/web\/2022\/05\/17\/asi-van-las-obras-de-pavimentacion-en-soledad-abren-primer-tramo-de-la-30\/","url":"https:\/\/contrastes.com.co\/web\/2022\/05\/17\/asi-van-las-obras-de-pavimentacion-en-soledad-abren-primer-tramo-de-la-30\/","name":"As\u00ed van las obras de pavimentaci\u00f3n en Soledad: abren primer tramo de la 30 - Constrastes","isPartOf":{"@id":"https:\/\/contrastes.com.co\/web\/#website"},"primaryImageOfPage":{"@id":"https:\/\/contrastes.com.co\/web\/2022\/05\/17\/asi-van-las-obras-de-pavimentacion-en-soledad-abren-primer-tramo-de-la-30\/#primaryimage"},"image":{"@id":"https:\/\/contrastes.com.co\/web\/2022\/05\/17\/asi-van-las-obras-de-pavimentacion-en-soledad-abren-primer-tramo-de-la-30\/#primaryimage"},"thumbnailUrl":"","datePublished":"2022-05-18T01:35:16+00:00","description":"En la ma\u00f1ana de hoy la alcald\u00eda de Soledad hizo apertura del primer tramo de pavimentaci\u00f3n de la carrera 30, comprendido entre la calle 30, a la altura de SAO en la entrada al barrio Hip\u00f3dromo, hasta la calle 27C, sector conocido como parque del Designado.","breadcrumb":{"@id":"https:\/\/contrastes.com.co\/web\/2022\/05\/17\/asi-van-las-obras-de-pavimentacion-en-soledad-abren-primer-tramo-de-la-30\/#breadcrumb"},"inLanguage":"es","potentialAction":[{"@type":"ReadAction","target":["https:\/\/contrastes.com.co\/web\/2022\/05\/17\/asi-van-las-obras-de-pavimentacion-en-soledad-abren-primer-tramo-de-la-30\/"]}]},{"@type":"ImageObject","inLanguage":"es","@id":"https:\/\/contrastes.com.co\/web\/2022\/05\/17\/asi-van-las-obras-de-pavimentacion-en-soledad-abren-primer-tramo-de-la-30\/#primaryimage","url":"","contentUrl":""},{"@type":"BreadcrumbList","@id":"https:\/\/contrastes.com.co\/web\/2022\/05\/17\/asi-van-las-obras-de-pavimentacion-en-soledad-abren-primer-tramo-de-la-30\/#breadcrumb","itemListElement":[{"@type":"ListItem","position":1,"name":"Portada","item":"https:\/\/contrastes.com.co\/web\/"},{"@type":"ListItem","position":2,"name":"As\u00ed van las obras de pavimentaci\u00f3n en Soledad: abren primer tramo de la 30"}]},{"@type":"WebSite","@id":"https:\/\/contrastes.com.co\/web\/#website","url":"https:\/\/contrastes.com.co\/web\/","name":"Contrastes","description":"Periodismo de Conciencia","publisher":{"@id":"https:\/\/contrastes.com.co\/web\/#organization"},"potentialAction":[{"@type":"SearchAction","target":{"@type":"EntryPoint","urlTemplate":"https:\/\/contrastes.com.co\/web\/?s={search_term_string}"},"query-input":{"@type":"PropertyValueSpecification","valueRequired":true,"valueName":"search_term_string"}}],"inLanguage":"es"},{"@type":"Organization","@id":"https:\/\/contrastes.com.co\/web\/#organization","name":"Contrastes","url":"https:\/\/contrastes.com.co\/web\/","logo":{"@type":"ImageObject","inLanguage":"es","@id":"https:\/\/contrastes.com.co\/web\/#\/schema\/logo\/image\/","url":"https:\/\/contrastes.com.co\/web\/wp-content\/uploads\/2025\/04\/15CONTRASTES3.png","contentUrl":"https:\/\/contrastes.com.co\/web\/wp-content\/uploads\/2025\/04\/15CONTRASTES3.png","width":1536,"height":231,"caption":"Contrastes"},"image":{"@id":"https:\/\/contrastes.com.co\/web\/#\/schema\/logo\/image\/"},"sameAs":["https:\/\/www.facebook.com\/guillo.pantoja.1"]},{"@type":"Person","@id":"https:\/\/contrastes.com.co\/web\/#\/schema\/person\/62ef7a62dc4da6de450c71fc2e95ed02","name":"Editor","image":{"@type":"ImageObject","inLanguage":"es","@id":"https:\/\/secure.gravatar.com\/avatar\/7bbb4f718d74bbf600dc556253bb04fd7ac8593751d6e2e3b85432d98aefae80?s=96&d=mm&r=g","url":"https:\/\/secure.gravatar.com\/avatar\/7bbb4f718d74bbf600dc556253bb04fd7ac8593751d6e2e3b85432d98aefae80?s=96&d=mm&r=g","contentUrl":"https:\/\/secure.gravatar.com\/avatar\/7bbb4f718d74bbf600dc556253bb04fd7ac8593751d6e2e3b85432d98aefae80?s=96&d=mm&r=g","caption":"Editor"},"sameAs":["https:\/\/contrastes.com.co\/web"],"url":"https:\/\/contrastes.com.co\/web\/author\/jdbobadilla\/"}]}},"blog_post_layout_featured_media_urls":{"thumbnail":"","full":""},"categories_names":{"11":{"name":"Infraestructura","link":"https:\/\/contrastes.com.co\/web\/category\/infraestructura\/"},"23":{"name":"Locales","link":"https:\/\/contrastes.com.co\/web\/category\/locales\/"},"3542":{"name":"Obras P\u00fablicas","link":"https:\/\/contrastes.com.co\/web\/category\/obras-publicas\/"}},"tags_names":{"28":{"name":"alcaldia de Soledad","link":"https:\/\/contrastes.com.co\/web\/tag\/alcaldia-de-soledad\/"},"5231":{"name":"carrera 30","link":"https:\/\/contrastes.com.co\/web\/tag\/carrera-30\/"},"5759":{"name":"entrada al barrio Hip\u00f3dromo","link":"https:\/\/contrastes.com.co\/web\/tag\/entrada-al-barrio-hipodromo\/"},"2480":{"name":"Jaider Molina Daza","link":"https:\/\/contrastes.com.co\/web\/tag\/jaider-molina-daza\/"},"51":{"name":"municipio de soledad","link":"https:\/\/contrastes.com.co\/web\/tag\/municipio-de-soledad\/"},"1879":{"name":"Rodolfo Ucr\u00f3s Rosales","link":"https:\/\/contrastes.com.co\/web\/tag\/rodolfo-ucros-rosales\/"},"5760":{"name":"secretario de Obras P\u00fablicas de la Alcald\u00eda de Soledad","link":"https:\/\/contrastes.com.co\/web\/tag\/secretario-de-obras-publicas-de-la-alcaldia-de-soledad\/"}},"comments_number":"0","wpmagazine_modules_lite_featured_media_urls":{"thumbnail":"","cvmm-medium":"","cvmm-medium-plus":"","cvmm-portrait":"","cvmm-medium-square":"","cvmm-large":"","cvmm-small":"","full":""},"_links":{"self":[{"href":"https:\/\/contrastes.com.co\/web\/wp-json\/wp\/v2\/posts\/9482","targetHints":{"allow":["GET"]}}],"collection":[{"href":"https:\/\/contrastes.com.co\/web\/wp-json\/wp\/v2\/posts"}],"about":[{"href":"https:\/\/contrastes.com.co\/web\/wp-json\/wp\/v2\/types\/post"}],"author":[{"embeddable":true,"href":"https:\/\/contrastes.com.co\/web\/wp-json\/wp\/v2\/users\/1"}],"replies":[{"embeddable":true,"href":"https:\/\/contrastes.com.co\/web\/wp-json\/wp\/v2\/comments?post=9482"}],"version-history":[{"count":0,"href":"https:\/\/contrastes.com.co\/web\/wp-json\/wp\/v2\/posts\/9482\/revisions"}],"wp:attachment":[{"href":"https:\/\/contrastes.com.co\/web\/wp-json\/wp\/v2\/media?parent=9482"}],"wp:term":[{"taxonomy":"category","embeddable":true,"href":"https:\/\/contrastes.com.co\/web\/wp-json\/wp\/v2\/categories?post=9482"},{"taxonomy":"post_tag","embeddable":true,"href":"https:\/\/contrastes.com.co\/web\/wp-json\/wp\/v2\/tags?post=9482"}],"curies":[{"name":"wp","href":"https:\/\/api.w.org\/{rel}","templated":true}]}}