{"id":9520,"date":"2022-05-19T12:16:38","date_gmt":"2022-05-19T17:16:38","guid":{"rendered":"https:\/\/contrastes.com.co\/digital\/?p=9520"},"modified":"2022-05-19T12:16:38","modified_gmt":"2022-05-19T17:16:38","slug":"9520-2","status":"publish","type":"post","link":"https:\/\/contrastes.com.co\/web\/2022\/05\/19\/9520-2\/","title":{"rendered":""},"content":{"rendered":"<p><strong>*Joven quem\u00f3 a su propia hermana con aceite caliente mientras discut\u00edan en Barranquilla<\/strong><\/p>\n<p><img decoding=\"async\" class=\"alignleft  wp-image-8657\" src=\"https:\/\/contrastes.com.co\/digital\/wp-content\/uploads\/2022\/03\/u-capitular.png\" alt=\"u capitular\" width=\"50\" height=\"50\" \/>n hecho de violencia intrafamiliar se conoci\u00f3 en Barranquilla el cual involucra a dos hermanas. Hasta el paso la Manga, suroccidente de Barranquilla, termin\u00f3 hospitalizada la adolescente Karen Milena Saurith Gonz\u00e1lez, de 17 a\u00f1os, luego de ser quemada con aceite caliente por su propia hermana identificada como Lesbia Saurith, de 20 a\u00f1os.<\/p>\n<p>El hecho ocurri\u00f3 en medio de una fuerte discusi\u00f3n registrada dentro de la casa de las hermanas ubicada exactamente en el <strong>barrio Las Terrazas de Barranquilla<\/strong>.<\/p>\n<p>Tras el ataque con l\u00edquido caliente, la menor sufri\u00f3 quemaduras de primer grado en la espalda. Agentes de la Polic\u00eda fueron alertados sobre lo ocurrido y capturaron a la hermana de la adolescente por el delito de violencia intrafamiliar.<\/p>\n","protected":false},"excerpt":{"rendered":"<p>Un hecho de violencia intrafamiliar se conoci\u00f3 en Barranquilla el cual involucra a dos hermanas. Hasta el paso la Manga, suroccidente de Barranquilla, termin\u00f3 hospitalizada la adolescente Karen Milena Saurith Gonz\u00e1lez, de 17 a\u00f1os, luego de ser quemada con aceite caliente por su propia hermana identificada como Lesbia Saurith, de 20 a\u00f1os.<\/p>\n","protected":false},"author":1,"featured_media":9521,"comment_status":"open","ping_status":"open","sticky":false,"template":"","format":"standard","meta":{"footnotes":""},"categories":[172,23],"tags":[5792,311,5793,5234],"class_list":["post-9520","post","type-post","status-publish","format-standard","has-post-thumbnail","hentry","category-judicial","category-locales","tag-agresion","tag-barranquilla","tag-barrio-las-terrazas","tag-quemadura"],"yoast_head":"<!-- This site is optimized with the Yoast SEO plugin v27.7 - https:\/\/yoast.com\/product\/yoast-seo-wordpress\/ -->\n<title>- Constrastes<\/title>\n<meta name=\"description\" content=\"Un hecho de violencia intrafamiliar se conoci\u00f3 en Barranquilla el cual involucra a dos hermanas. Hasta el paso la Manga, suroccidente de Barranquilla, termin\u00f3 hospitalizada la adolescente Karen Milena Saurith Gonz\u00e1lez, de 17 a\u00f1os, luego de ser quemada con aceite caliente por su propia hermana identificada como Lesbia Saurith, de 20 a\u00f1os.\" \/>\n<meta name=\"robots\" content=\"index, follow, max-snippet:-1, max-image-preview:large, max-video-preview:-1\" \/>\n<link rel=\"canonical\" href=\"https:\/\/contrastes.com.co\/web\/2022\/05\/19\/9520-2\/\" \/>\n<meta property=\"og:locale\" content=\"es_ES\" \/>\n<meta property=\"og:type\" content=\"article\" \/>\n<meta property=\"og:title\" content=\"- Constrastes\" \/>\n<meta property=\"og:description\" content=\"Un hecho de violencia intrafamiliar se conoci\u00f3 en Barranquilla el cual involucra a dos hermanas. Hasta el paso la Manga, suroccidente de Barranquilla, termin\u00f3 hospitalizada la adolescente Karen Milena Saurith Gonz\u00e1lez, de 17 a\u00f1os, luego de ser quemada con aceite caliente por su propia hermana identificada como Lesbia Saurith, de 20 a\u00f1os.\" \/>\n<meta property=\"og:url\" content=\"https:\/\/contrastes.com.co\/web\/2022\/05\/19\/9520-2\/\" \/>\n<meta property=\"og:site_name\" content=\"Constrastes\" \/>\n<meta property=\"article:publisher\" content=\"https:\/\/www.facebook.com\/guillo.pantoja.1\" \/>\n<meta property=\"article:published_time\" content=\"2022-05-19T17:16:38+00:00\" \/>\n<meta name=\"author\" content=\"Editor\" \/>\n<meta name=\"twitter:card\" content=\"summary_large_image\" \/>\n<meta name=\"twitter:label1\" content=\"Escrito por\" \/>\n\t<meta name=\"twitter:data1\" content=\"Editor\" \/>\n\t<meta name=\"twitter:label2\" content=\"Tiempo de lectura\" \/>\n\t<meta name=\"twitter:data2\" content=\"1 minuto\" \/>\n<script type=\"application\/ld+json\" class=\"yoast-schema-graph\">{\"@context\":\"https:\\\/\\\/schema.org\",\"@graph\":[{\"@type\":\"Article\",\"@id\":\"https:\\\/\\\/contrastes.com.co\\\/web\\\/2022\\\/05\\\/19\\\/9520-2\\\/#article\",\"isPartOf\":{\"@id\":\"https:\\\/\\\/contrastes.com.co\\\/web\\\/2022\\\/05\\\/19\\\/9520-2\\\/\"},\"author\":{\"name\":\"Editor\",\"@id\":\"https:\\\/\\\/contrastes.com.co\\\/web\\\/#\\\/schema\\\/person\\\/62ef7a62dc4da6de450c71fc2e95ed02\"},\"headline\":\"Sin t\u00edtulo\",\"datePublished\":\"2022-05-19T17:16:38+00:00\",\"mainEntityOfPage\":{\"@id\":\"https:\\\/\\\/contrastes.com.co\\\/web\\\/2022\\\/05\\\/19\\\/9520-2\\\/\"},\"wordCount\":135,\"commentCount\":0,\"publisher\":{\"@id\":\"https:\\\/\\\/contrastes.com.co\\\/web\\\/#organization\"},\"image\":{\"@id\":\"https:\\\/\\\/contrastes.com.co\\\/web\\\/2022\\\/05\\\/19\\\/9520-2\\\/#primaryimage\"},\"thumbnailUrl\":\"\",\"keywords\":[\"agresi\u00f3n\",\"Barranquilla\",\"barrio Las Terrazas\",\"quemadura\"],\"articleSection\":[\"Judicial\",\"Locales\"],\"inLanguage\":\"es\",\"potentialAction\":[{\"@type\":\"CommentAction\",\"name\":\"Comment\",\"target\":[\"https:\\\/\\\/contrastes.com.co\\\/web\\\/2022\\\/05\\\/19\\\/9520-2\\\/#respond\"]}]},{\"@type\":\"WebPage\",\"@id\":\"https:\\\/\\\/contrastes.com.co\\\/web\\\/2022\\\/05\\\/19\\\/9520-2\\\/\",\"url\":\"https:\\\/\\\/contrastes.com.co\\\/web\\\/2022\\\/05\\\/19\\\/9520-2\\\/\",\"name\":\"- Constrastes\",\"isPartOf\":{\"@id\":\"https:\\\/\\\/contrastes.com.co\\\/web\\\/#website\"},\"primaryImageOfPage\":{\"@id\":\"https:\\\/\\\/contrastes.com.co\\\/web\\\/2022\\\/05\\\/19\\\/9520-2\\\/#primaryimage\"},\"image\":{\"@id\":\"https:\\\/\\\/contrastes.com.co\\\/web\\\/2022\\\/05\\\/19\\\/9520-2\\\/#primaryimage\"},\"thumbnailUrl\":\"\",\"datePublished\":\"2022-05-19T17:16:38+00:00\",\"description\":\"Un hecho de violencia intrafamiliar se conoci\u00f3 en Barranquilla el cual involucra a dos hermanas. Hasta el paso la Manga, suroccidente de Barranquilla, termin\u00f3 hospitalizada la adolescente Karen Milena Saurith Gonz\u00e1lez, de 17 a\u00f1os, luego de ser quemada con aceite caliente por su propia hermana identificada como Lesbia Saurith, de 20 a\u00f1os.\",\"inLanguage\":\"es\",\"potentialAction\":[{\"@type\":\"ReadAction\",\"target\":[\"https:\\\/\\\/contrastes.com.co\\\/web\\\/2022\\\/05\\\/19\\\/9520-2\\\/\"]}]},{\"@type\":\"ImageObject\",\"inLanguage\":\"es\",\"@id\":\"https:\\\/\\\/contrastes.com.co\\\/web\\\/2022\\\/05\\\/19\\\/9520-2\\\/#primaryimage\",\"url\":\"\",\"contentUrl\":\"\"},{\"@type\":\"WebSite\",\"@id\":\"https:\\\/\\\/contrastes.com.co\\\/web\\\/#website\",\"url\":\"https:\\\/\\\/contrastes.com.co\\\/web\\\/\",\"name\":\"Contrastes\",\"description\":\"Periodismo de Conciencia\",\"publisher\":{\"@id\":\"https:\\\/\\\/contrastes.com.co\\\/web\\\/#organization\"},\"potentialAction\":[{\"@type\":\"SearchAction\",\"target\":{\"@type\":\"EntryPoint\",\"urlTemplate\":\"https:\\\/\\\/contrastes.com.co\\\/web\\\/?s={search_term_string}\"},\"query-input\":{\"@type\":\"PropertyValueSpecification\",\"valueRequired\":true,\"valueName\":\"search_term_string\"}}],\"inLanguage\":\"es\"},{\"@type\":\"Organization\",\"@id\":\"https:\\\/\\\/contrastes.com.co\\\/web\\\/#organization\",\"name\":\"Contrastes\",\"url\":\"https:\\\/\\\/contrastes.com.co\\\/web\\\/\",\"logo\":{\"@type\":\"ImageObject\",\"inLanguage\":\"es\",\"@id\":\"https:\\\/\\\/contrastes.com.co\\\/web\\\/#\\\/schema\\\/logo\\\/image\\\/\",\"url\":\"https:\\\/\\\/contrastes.com.co\\\/web\\\/wp-content\\\/uploads\\\/2025\\\/04\\\/15CONTRASTES3.png\",\"contentUrl\":\"https:\\\/\\\/contrastes.com.co\\\/web\\\/wp-content\\\/uploads\\\/2025\\\/04\\\/15CONTRASTES3.png\",\"width\":1536,\"height\":231,\"caption\":\"Contrastes\"},\"image\":{\"@id\":\"https:\\\/\\\/contrastes.com.co\\\/web\\\/#\\\/schema\\\/logo\\\/image\\\/\"},\"sameAs\":[\"https:\\\/\\\/www.facebook.com\\\/guillo.pantoja.1\"]},{\"@type\":\"Person\",\"@id\":\"https:\\\/\\\/contrastes.com.co\\\/web\\\/#\\\/schema\\\/person\\\/62ef7a62dc4da6de450c71fc2e95ed02\",\"name\":\"Editor\",\"image\":{\"@type\":\"ImageObject\",\"inLanguage\":\"es\",\"@id\":\"https:\\\/\\\/secure.gravatar.com\\\/avatar\\\/7bbb4f718d74bbf600dc556253bb04fd7ac8593751d6e2e3b85432d98aefae80?s=96&d=mm&r=g\",\"url\":\"https:\\\/\\\/secure.gravatar.com\\\/avatar\\\/7bbb4f718d74bbf600dc556253bb04fd7ac8593751d6e2e3b85432d98aefae80?s=96&d=mm&r=g\",\"contentUrl\":\"https:\\\/\\\/secure.gravatar.com\\\/avatar\\\/7bbb4f718d74bbf600dc556253bb04fd7ac8593751d6e2e3b85432d98aefae80?s=96&d=mm&r=g\",\"caption\":\"Editor\"},\"sameAs\":[\"https:\\\/\\\/contrastes.com.co\\\/web\"],\"url\":\"https:\\\/\\\/contrastes.com.co\\\/web\\\/author\\\/jdbobadilla\\\/\"}]}<\/script>\n<!-- \/ Yoast SEO plugin. -->","yoast_head_json":{"title":"- Constrastes","description":"Un hecho de violencia intrafamiliar se conoci\u00f3 en Barranquilla el cual involucra a dos hermanas. Hasta el paso la Manga, suroccidente de Barranquilla, termin\u00f3 hospitalizada la adolescente Karen Milena Saurith Gonz\u00e1lez, de 17 a\u00f1os, luego de ser quemada con aceite caliente por su propia hermana identificada como Lesbia Saurith, de 20 a\u00f1os.","robots":{"index":"index","follow":"follow","max-snippet":"max-snippet:-1","max-image-preview":"max-image-preview:large","max-video-preview":"max-video-preview:-1"},"canonical":"https:\/\/contrastes.com.co\/web\/2022\/05\/19\/9520-2\/","og_locale":"es_ES","og_type":"article","og_title":"- Constrastes","og_description":"Un hecho de violencia intrafamiliar se conoci\u00f3 en Barranquilla el cual involucra a dos hermanas. Hasta el paso la Manga, suroccidente de Barranquilla, termin\u00f3 hospitalizada la adolescente Karen Milena Saurith Gonz\u00e1lez, de 17 a\u00f1os, luego de ser quemada con aceite caliente por su propia hermana identificada como Lesbia Saurith, de 20 a\u00f1os.","og_url":"https:\/\/contrastes.com.co\/web\/2022\/05\/19\/9520-2\/","og_site_name":"Constrastes","article_publisher":"https:\/\/www.facebook.com\/guillo.pantoja.1","article_published_time":"2022-05-19T17:16:38+00:00","author":"Editor","twitter_card":"summary_large_image","twitter_misc":{"Escrito por":"Editor","Tiempo de lectura":"1 minuto"},"schema":{"@context":"https:\/\/schema.org","@graph":[{"@type":"Article","@id":"https:\/\/contrastes.com.co\/web\/2022\/05\/19\/9520-2\/#article","isPartOf":{"@id":"https:\/\/contrastes.com.co\/web\/2022\/05\/19\/9520-2\/"},"author":{"name":"Editor","@id":"https:\/\/contrastes.com.co\/web\/#\/schema\/person\/62ef7a62dc4da6de450c71fc2e95ed02"},"headline":"Sin t\u00edtulo","datePublished":"2022-05-19T17:16:38+00:00","mainEntityOfPage":{"@id":"https:\/\/contrastes.com.co\/web\/2022\/05\/19\/9520-2\/"},"wordCount":135,"commentCount":0,"publisher":{"@id":"https:\/\/contrastes.com.co\/web\/#organization"},"image":{"@id":"https:\/\/contrastes.com.co\/web\/2022\/05\/19\/9520-2\/#primaryimage"},"thumbnailUrl":"","keywords":["agresi\u00f3n","Barranquilla","barrio Las Terrazas","quemadura"],"articleSection":["Judicial","Locales"],"inLanguage":"es","potentialAction":[{"@type":"CommentAction","name":"Comment","target":["https:\/\/contrastes.com.co\/web\/2022\/05\/19\/9520-2\/#respond"]}]},{"@type":"WebPage","@id":"https:\/\/contrastes.com.co\/web\/2022\/05\/19\/9520-2\/","url":"https:\/\/contrastes.com.co\/web\/2022\/05\/19\/9520-2\/","name":"- Constrastes","isPartOf":{"@id":"https:\/\/contrastes.com.co\/web\/#website"},"primaryImageOfPage":{"@id":"https:\/\/contrastes.com.co\/web\/2022\/05\/19\/9520-2\/#primaryimage"},"image":{"@id":"https:\/\/contrastes.com.co\/web\/2022\/05\/19\/9520-2\/#primaryimage"},"thumbnailUrl":"","datePublished":"2022-05-19T17:16:38+00:00","description":"Un hecho de violencia intrafamiliar se conoci\u00f3 en Barranquilla el cual involucra a dos hermanas. Hasta el paso la Manga, suroccidente de Barranquilla, termin\u00f3 hospitalizada la adolescente Karen Milena Saurith Gonz\u00e1lez, de 17 a\u00f1os, luego de ser quemada con aceite caliente por su propia hermana identificada como Lesbia Saurith, de 20 a\u00f1os.","inLanguage":"es","potentialAction":[{"@type":"ReadAction","target":["https:\/\/contrastes.com.co\/web\/2022\/05\/19\/9520-2\/"]}]},{"@type":"ImageObject","inLanguage":"es","@id":"https:\/\/contrastes.com.co\/web\/2022\/05\/19\/9520-2\/#primaryimage","url":"","contentUrl":""},{"@type":"WebSite","@id":"https:\/\/contrastes.com.co\/web\/#website","url":"https:\/\/contrastes.com.co\/web\/","name":"Contrastes","description":"Periodismo de Conciencia","publisher":{"@id":"https:\/\/contrastes.com.co\/web\/#organization"},"potentialAction":[{"@type":"SearchAction","target":{"@type":"EntryPoint","urlTemplate":"https:\/\/contrastes.com.co\/web\/?s={search_term_string}"},"query-input":{"@type":"PropertyValueSpecification","valueRequired":true,"valueName":"search_term_string"}}],"inLanguage":"es"},{"@type":"Organization","@id":"https:\/\/contrastes.com.co\/web\/#organization","name":"Contrastes","url":"https:\/\/contrastes.com.co\/web\/","logo":{"@type":"ImageObject","inLanguage":"es","@id":"https:\/\/contrastes.com.co\/web\/#\/schema\/logo\/image\/","url":"https:\/\/contrastes.com.co\/web\/wp-content\/uploads\/2025\/04\/15CONTRASTES3.png","contentUrl":"https:\/\/contrastes.com.co\/web\/wp-content\/uploads\/2025\/04\/15CONTRASTES3.png","width":1536,"height":231,"caption":"Contrastes"},"image":{"@id":"https:\/\/contrastes.com.co\/web\/#\/schema\/logo\/image\/"},"sameAs":["https:\/\/www.facebook.com\/guillo.pantoja.1"]},{"@type":"Person","@id":"https:\/\/contrastes.com.co\/web\/#\/schema\/person\/62ef7a62dc4da6de450c71fc2e95ed02","name":"Editor","image":{"@type":"ImageObject","inLanguage":"es","@id":"https:\/\/secure.gravatar.com\/avatar\/7bbb4f718d74bbf600dc556253bb04fd7ac8593751d6e2e3b85432d98aefae80?s=96&d=mm&r=g","url":"https:\/\/secure.gravatar.com\/avatar\/7bbb4f718d74bbf600dc556253bb04fd7ac8593751d6e2e3b85432d98aefae80?s=96&d=mm&r=g","contentUrl":"https:\/\/secure.gravatar.com\/avatar\/7bbb4f718d74bbf600dc556253bb04fd7ac8593751d6e2e3b85432d98aefae80?s=96&d=mm&r=g","caption":"Editor"},"sameAs":["https:\/\/contrastes.com.co\/web"],"url":"https:\/\/contrastes.com.co\/web\/author\/jdbobadilla\/"}]}},"blog_post_layout_featured_media_urls":{"thumbnail":"","full":""},"categories_names":{"172":{"name":"Judicial","link":"https:\/\/contrastes.com.co\/web\/category\/judicial\/"},"23":{"name":"Locales","link":"https:\/\/contrastes.com.co\/web\/category\/locales\/"}},"tags_names":{"5792":{"name":"agresi\u00f3n","link":"https:\/\/contrastes.com.co\/web\/tag\/agresion\/"},"311":{"name":"Barranquilla","link":"https:\/\/contrastes.com.co\/web\/tag\/barranquilla\/"},"5793":{"name":"barrio Las Terrazas","link":"https:\/\/contrastes.com.co\/web\/tag\/barrio-las-terrazas\/"},"5234":{"name":"quemadura","link":"https:\/\/contrastes.com.co\/web\/tag\/quemadura\/"}},"comments_number":"0","wpmagazine_modules_lite_featured_media_urls":{"thumbnail":"","cvmm-medium":"","cvmm-medium-plus":"","cvmm-portrait":"","cvmm-medium-square":"","cvmm-large":"","cvmm-small":"","full":""},"_links":{"self":[{"href":"https:\/\/contrastes.com.co\/web\/wp-json\/wp\/v2\/posts\/9520","targetHints":{"allow":["GET"]}}],"collection":[{"href":"https:\/\/contrastes.com.co\/web\/wp-json\/wp\/v2\/posts"}],"about":[{"href":"https:\/\/contrastes.com.co\/web\/wp-json\/wp\/v2\/types\/post"}],"author":[{"embeddable":true,"href":"https:\/\/contrastes.com.co\/web\/wp-json\/wp\/v2\/users\/1"}],"replies":[{"embeddable":true,"href":"https:\/\/contrastes.com.co\/web\/wp-json\/wp\/v2\/comments?post=9520"}],"version-history":[{"count":0,"href":"https:\/\/contrastes.com.co\/web\/wp-json\/wp\/v2\/posts\/9520\/revisions"}],"wp:attachment":[{"href":"https:\/\/contrastes.com.co\/web\/wp-json\/wp\/v2\/media?parent=9520"}],"wp:term":[{"taxonomy":"category","embeddable":true,"href":"https:\/\/contrastes.com.co\/web\/wp-json\/wp\/v2\/categories?post=9520"},{"taxonomy":"post_tag","embeddable":true,"href":"https:\/\/contrastes.com.co\/web\/wp-json\/wp\/v2\/tags?post=9520"}],"curies":[{"name":"wp","href":"https:\/\/api.w.org\/{rel}","templated":true}]}}