{"id":9673,"date":"2022-05-27T18:18:51","date_gmt":"2022-05-27T23:18:51","guid":{"rendered":"https:\/\/contrastes.com.co\/digital\/?p=9673"},"modified":"2022-05-27T18:18:51","modified_gmt":"2022-05-27T23:18:51","slug":"soledad-cambia-horario-de-ley-seca-de-acuerdo-con-modificacion-del-mininterior","status":"publish","type":"post","link":"https:\/\/contrastes.com.co\/web\/2022\/05\/27\/soledad-cambia-horario-de-ley-seca-de-acuerdo-con-modificacion-del-mininterior\/","title":{"rendered":"Soledad cambia horario de Ley Seca de acuerdo con modificaci\u00f3n del Mininterior"},"content":{"rendered":"<p><strong>*Soledad cambia horario de Ley Seca de acuerdo con modificaci\u00f3n del Ministerio del Interior<\/strong><\/p>\n<blockquote><p><strong>Se proh\u00edbe, adem\u00e1s, toda clase de propaganda, manifestaciones, comunicados y entrevistas de car\u00e1cter pol\u00edtico-electorales, a trav\u00e9s de radio, prensa y televisi\u00f3n, as\u00ed como la propaganda m\u00f3vil, est\u00e1tica y sonora durante el d\u00eda de elecciones, y las condiciones de seguridad en los sitios donde se permitir\u00e1 el derecho al sufragio.<\/strong><\/p><\/blockquote>\n<p><img decoding=\"async\" class=\"alignleft  wp-image-8758\" src=\"https:\/\/contrastes.com.co\/digital\/wp-content\/uploads\/2022\/04\/d-capitular.png\" alt=\"\" width=\"53\" height=\"53\" \/>e acuerdo con la modificaci\u00f3n realizada por el Ministerio del Interior al Decreto 830, relacionada con las medidas para los comicios para elegir presidente de la Rep\u00fablica, la Alcald\u00eda de Soledad cambi\u00f3 el horario de Ley Seca en el municipio.<\/p>\n<p>Ahora, <strong>de acuerdo con el Decreto municipal 066 del 26 de mayo del 2022<\/strong>, que modifica el art\u00edculo sexto del Decreto No.063, <strong>la Ley Seca regir\u00e1 desde las 6 de la tarde del s\u00e1bado, 28 de mayo, hasta las 12 del mediod\u00eda del lunes 30 de mayo<\/strong>, con el fin de mantener o restablecer el orden p\u00fablico conforme a lo dispuesto en el C\u00f3digo Electoral.<\/p>\n<p>Esta medida se refiere a la prohibici\u00f3n y restricci\u00f3n de venta y consumo de bebidas embriagantes antes, durante y despu\u00e9s de la jornada de elecciones, a realizarse el pr\u00f3ximo domingo 29 de mayo.<\/p>\n<p>Al respecto, la <strong>alcaldesa encargada Yesenia Ocampo Barrios<\/strong> expres\u00f3 que \u201cnuestra meta es garantizar una jornada electoral tranquila en nuestro ente territorial\u00bb.<\/p>\n<p>La funcionaria indic\u00f3 que mediante el Decreto se proh\u00edbe, adem\u00e1s, toda clase de propaganda, manifestaciones, comunicados y entrevistas de car\u00e1cter pol\u00edtico-electorales, a trav\u00e9s de radio, prensa y televisi\u00f3n, as\u00ed como la propaganda m\u00f3vil, est\u00e1tica y sonora durante el d\u00eda de elecciones, y las condiciones de seguridad en los sitios donde se permitir\u00e1 el derecho al sufragio.<\/p>\n","protected":false},"excerpt":{"rendered":"<p>De acuerdo con la modificaci\u00f3n realizada por el Ministerio del Interior al Decreto 830, relacionada con las medidas para los comicios para elegir presidente de la Rep\u00fablica, la Alcald\u00eda de Soledad cambi\u00f3 el horario de Ley Seca en el municipio.<\/p>\n","protected":false},"author":1,"featured_media":9674,"comment_status":"open","ping_status":"open","sticky":false,"template":"","format":"standard","meta":{"footnotes":""},"categories":[4790,172,23],"tags":[4873,556,50,5864,51],"class_list":["post-9673","post","type-post","status-publish","format-standard","has-post-thumbnail","hentry","category-elecciones-2022","category-judicial","category-locales","tag-elecciones-presidenciales-2022","tag-ley-seca","tag-ministerio-del-interior","tag-modificacion","tag-municipio-de-soledad"],"yoast_head":"<!-- This site is optimized with the Yoast SEO plugin v27.7 - https:\/\/yoast.com\/product\/yoast-seo-wordpress\/ -->\n<title>Soledad cambia horario de Ley Seca de acuerdo con modificaci\u00f3n del Mininterior - Constrastes<\/title>\n<meta name=\"description\" content=\"De acuerdo con la modificaci\u00f3n realizada por el Ministerio del Interior al Decreto 830, relacionada con las medidas para los comicios para elegir presidente de la Rep\u00fablica, la Alcald\u00eda de Soledad cambi\u00f3 el horario de Ley Seca en el municipio.\" \/>\n<meta name=\"robots\" content=\"index, follow, max-snippet:-1, max-image-preview:large, max-video-preview:-1\" \/>\n<link rel=\"canonical\" href=\"https:\/\/contrastes.com.co\/web\/2022\/05\/27\/soledad-cambia-horario-de-ley-seca-de-acuerdo-con-modificacion-del-mininterior\/\" \/>\n<meta property=\"og:locale\" content=\"es_ES\" \/>\n<meta property=\"og:type\" content=\"article\" \/>\n<meta property=\"og:title\" content=\"Soledad cambia horario de Ley Seca de acuerdo con modificaci\u00f3n del Mininterior - Constrastes\" \/>\n<meta property=\"og:description\" content=\"De acuerdo con la modificaci\u00f3n realizada por el Ministerio del Interior al Decreto 830, relacionada con las medidas para los comicios para elegir presidente de la Rep\u00fablica, la Alcald\u00eda de Soledad cambi\u00f3 el horario de Ley Seca en el municipio.\" \/>\n<meta property=\"og:url\" content=\"https:\/\/contrastes.com.co\/web\/2022\/05\/27\/soledad-cambia-horario-de-ley-seca-de-acuerdo-con-modificacion-del-mininterior\/\" \/>\n<meta property=\"og:site_name\" content=\"Constrastes\" \/>\n<meta property=\"article:publisher\" content=\"https:\/\/www.facebook.com\/guillo.pantoja.1\" \/>\n<meta property=\"article:published_time\" content=\"2022-05-27T23:18:51+00:00\" \/>\n<meta name=\"author\" content=\"Editor\" \/>\n<meta name=\"twitter:card\" content=\"summary_large_image\" \/>\n<meta name=\"twitter:label1\" content=\"Escrito por\" \/>\n\t<meta name=\"twitter:data1\" content=\"Editor\" \/>\n\t<meta name=\"twitter:label2\" content=\"Tiempo de lectura\" \/>\n\t<meta name=\"twitter:data2\" content=\"2 minutos\" \/>\n<script type=\"application\/ld+json\" class=\"yoast-schema-graph\">{\"@context\":\"https:\\\/\\\/schema.org\",\"@graph\":[{\"@type\":\"Article\",\"@id\":\"https:\\\/\\\/contrastes.com.co\\\/web\\\/2022\\\/05\\\/27\\\/soledad-cambia-horario-de-ley-seca-de-acuerdo-con-modificacion-del-mininterior\\\/#article\",\"isPartOf\":{\"@id\":\"https:\\\/\\\/contrastes.com.co\\\/web\\\/2022\\\/05\\\/27\\\/soledad-cambia-horario-de-ley-seca-de-acuerdo-con-modificacion-del-mininterior\\\/\"},\"author\":{\"name\":\"Editor\",\"@id\":\"https:\\\/\\\/contrastes.com.co\\\/web\\\/#\\\/schema\\\/person\\\/62ef7a62dc4da6de450c71fc2e95ed02\"},\"headline\":\"Soledad cambia horario de Ley Seca de acuerdo con modificaci\u00f3n del Mininterior\",\"datePublished\":\"2022-05-27T23:18:51+00:00\",\"mainEntityOfPage\":{\"@id\":\"https:\\\/\\\/contrastes.com.co\\\/web\\\/2022\\\/05\\\/27\\\/soledad-cambia-horario-de-ley-seca-de-acuerdo-con-modificacion-del-mininterior\\\/\"},\"wordCount\":314,\"commentCount\":0,\"publisher\":{\"@id\":\"https:\\\/\\\/contrastes.com.co\\\/web\\\/#organization\"},\"image\":{\"@id\":\"https:\\\/\\\/contrastes.com.co\\\/web\\\/2022\\\/05\\\/27\\\/soledad-cambia-horario-de-ley-seca-de-acuerdo-con-modificacion-del-mininterior\\\/#primaryimage\"},\"thumbnailUrl\":\"\",\"keywords\":[\"elecciones presidenciales 2022\",\"ley seca\",\"Ministerio del Interior\",\"modificaci\u00f3n\",\"municipio de soledad\"],\"articleSection\":[\"Elecciones 2022\",\"Judicial\",\"Locales\"],\"inLanguage\":\"es\",\"potentialAction\":[{\"@type\":\"CommentAction\",\"name\":\"Comment\",\"target\":[\"https:\\\/\\\/contrastes.com.co\\\/web\\\/2022\\\/05\\\/27\\\/soledad-cambia-horario-de-ley-seca-de-acuerdo-con-modificacion-del-mininterior\\\/#respond\"]}]},{\"@type\":\"WebPage\",\"@id\":\"https:\\\/\\\/contrastes.com.co\\\/web\\\/2022\\\/05\\\/27\\\/soledad-cambia-horario-de-ley-seca-de-acuerdo-con-modificacion-del-mininterior\\\/\",\"url\":\"https:\\\/\\\/contrastes.com.co\\\/web\\\/2022\\\/05\\\/27\\\/soledad-cambia-horario-de-ley-seca-de-acuerdo-con-modificacion-del-mininterior\\\/\",\"name\":\"Soledad cambia horario de Ley Seca de acuerdo con modificaci\u00f3n del Mininterior - Constrastes\",\"isPartOf\":{\"@id\":\"https:\\\/\\\/contrastes.com.co\\\/web\\\/#website\"},\"primaryImageOfPage\":{\"@id\":\"https:\\\/\\\/contrastes.com.co\\\/web\\\/2022\\\/05\\\/27\\\/soledad-cambia-horario-de-ley-seca-de-acuerdo-con-modificacion-del-mininterior\\\/#primaryimage\"},\"image\":{\"@id\":\"https:\\\/\\\/contrastes.com.co\\\/web\\\/2022\\\/05\\\/27\\\/soledad-cambia-horario-de-ley-seca-de-acuerdo-con-modificacion-del-mininterior\\\/#primaryimage\"},\"thumbnailUrl\":\"\",\"datePublished\":\"2022-05-27T23:18:51+00:00\",\"description\":\"De acuerdo con la modificaci\u00f3n realizada por el Ministerio del Interior al Decreto 830, relacionada con las medidas para los comicios para elegir presidente de la Rep\u00fablica, la Alcald\u00eda de Soledad cambi\u00f3 el horario de Ley Seca en el municipio.\",\"breadcrumb\":{\"@id\":\"https:\\\/\\\/contrastes.com.co\\\/web\\\/2022\\\/05\\\/27\\\/soledad-cambia-horario-de-ley-seca-de-acuerdo-con-modificacion-del-mininterior\\\/#breadcrumb\"},\"inLanguage\":\"es\",\"potentialAction\":[{\"@type\":\"ReadAction\",\"target\":[\"https:\\\/\\\/contrastes.com.co\\\/web\\\/2022\\\/05\\\/27\\\/soledad-cambia-horario-de-ley-seca-de-acuerdo-con-modificacion-del-mininterior\\\/\"]}]},{\"@type\":\"ImageObject\",\"inLanguage\":\"es\",\"@id\":\"https:\\\/\\\/contrastes.com.co\\\/web\\\/2022\\\/05\\\/27\\\/soledad-cambia-horario-de-ley-seca-de-acuerdo-con-modificacion-del-mininterior\\\/#primaryimage\",\"url\":\"\",\"contentUrl\":\"\"},{\"@type\":\"BreadcrumbList\",\"@id\":\"https:\\\/\\\/contrastes.com.co\\\/web\\\/2022\\\/05\\\/27\\\/soledad-cambia-horario-de-ley-seca-de-acuerdo-con-modificacion-del-mininterior\\\/#breadcrumb\",\"itemListElement\":[{\"@type\":\"ListItem\",\"position\":1,\"name\":\"Portada\",\"item\":\"https:\\\/\\\/contrastes.com.co\\\/web\\\/\"},{\"@type\":\"ListItem\",\"position\":2,\"name\":\"Soledad cambia horario de Ley Seca de acuerdo con modificaci\u00f3n del Mininterior\"}]},{\"@type\":\"WebSite\",\"@id\":\"https:\\\/\\\/contrastes.com.co\\\/web\\\/#website\",\"url\":\"https:\\\/\\\/contrastes.com.co\\\/web\\\/\",\"name\":\"Contrastes\",\"description\":\"Periodismo de Conciencia\",\"publisher\":{\"@id\":\"https:\\\/\\\/contrastes.com.co\\\/web\\\/#organization\"},\"potentialAction\":[{\"@type\":\"SearchAction\",\"target\":{\"@type\":\"EntryPoint\",\"urlTemplate\":\"https:\\\/\\\/contrastes.com.co\\\/web\\\/?s={search_term_string}\"},\"query-input\":{\"@type\":\"PropertyValueSpecification\",\"valueRequired\":true,\"valueName\":\"search_term_string\"}}],\"inLanguage\":\"es\"},{\"@type\":\"Organization\",\"@id\":\"https:\\\/\\\/contrastes.com.co\\\/web\\\/#organization\",\"name\":\"Contrastes\",\"url\":\"https:\\\/\\\/contrastes.com.co\\\/web\\\/\",\"logo\":{\"@type\":\"ImageObject\",\"inLanguage\":\"es\",\"@id\":\"https:\\\/\\\/contrastes.com.co\\\/web\\\/#\\\/schema\\\/logo\\\/image\\\/\",\"url\":\"https:\\\/\\\/contrastes.com.co\\\/web\\\/wp-content\\\/uploads\\\/2025\\\/04\\\/15CONTRASTES3.png\",\"contentUrl\":\"https:\\\/\\\/contrastes.com.co\\\/web\\\/wp-content\\\/uploads\\\/2025\\\/04\\\/15CONTRASTES3.png\",\"width\":1536,\"height\":231,\"caption\":\"Contrastes\"},\"image\":{\"@id\":\"https:\\\/\\\/contrastes.com.co\\\/web\\\/#\\\/schema\\\/logo\\\/image\\\/\"},\"sameAs\":[\"https:\\\/\\\/www.facebook.com\\\/guillo.pantoja.1\"]},{\"@type\":\"Person\",\"@id\":\"https:\\\/\\\/contrastes.com.co\\\/web\\\/#\\\/schema\\\/person\\\/62ef7a62dc4da6de450c71fc2e95ed02\",\"name\":\"Editor\",\"image\":{\"@type\":\"ImageObject\",\"inLanguage\":\"es\",\"@id\":\"https:\\\/\\\/secure.gravatar.com\\\/avatar\\\/7bbb4f718d74bbf600dc556253bb04fd7ac8593751d6e2e3b85432d98aefae80?s=96&d=mm&r=g\",\"url\":\"https:\\\/\\\/secure.gravatar.com\\\/avatar\\\/7bbb4f718d74bbf600dc556253bb04fd7ac8593751d6e2e3b85432d98aefae80?s=96&d=mm&r=g\",\"contentUrl\":\"https:\\\/\\\/secure.gravatar.com\\\/avatar\\\/7bbb4f718d74bbf600dc556253bb04fd7ac8593751d6e2e3b85432d98aefae80?s=96&d=mm&r=g\",\"caption\":\"Editor\"},\"sameAs\":[\"https:\\\/\\\/contrastes.com.co\\\/web\"],\"url\":\"https:\\\/\\\/contrastes.com.co\\\/web\\\/author\\\/jdbobadilla\\\/\"}]}<\/script>\n<!-- \/ Yoast SEO plugin. -->","yoast_head_json":{"title":"Soledad cambia horario de Ley Seca de acuerdo con modificaci\u00f3n del Mininterior - Constrastes","description":"De acuerdo con la modificaci\u00f3n realizada por el Ministerio del Interior al Decreto 830, relacionada con las medidas para los comicios para elegir presidente de la Rep\u00fablica, la Alcald\u00eda de Soledad cambi\u00f3 el horario de Ley Seca en el municipio.","robots":{"index":"index","follow":"follow","max-snippet":"max-snippet:-1","max-image-preview":"max-image-preview:large","max-video-preview":"max-video-preview:-1"},"canonical":"https:\/\/contrastes.com.co\/web\/2022\/05\/27\/soledad-cambia-horario-de-ley-seca-de-acuerdo-con-modificacion-del-mininterior\/","og_locale":"es_ES","og_type":"article","og_title":"Soledad cambia horario de Ley Seca de acuerdo con modificaci\u00f3n del Mininterior - Constrastes","og_description":"De acuerdo con la modificaci\u00f3n realizada por el Ministerio del Interior al Decreto 830, relacionada con las medidas para los comicios para elegir presidente de la Rep\u00fablica, la Alcald\u00eda de Soledad cambi\u00f3 el horario de Ley Seca en el municipio.","og_url":"https:\/\/contrastes.com.co\/web\/2022\/05\/27\/soledad-cambia-horario-de-ley-seca-de-acuerdo-con-modificacion-del-mininterior\/","og_site_name":"Constrastes","article_publisher":"https:\/\/www.facebook.com\/guillo.pantoja.1","article_published_time":"2022-05-27T23:18:51+00:00","author":"Editor","twitter_card":"summary_large_image","twitter_misc":{"Escrito por":"Editor","Tiempo de lectura":"2 minutos"},"schema":{"@context":"https:\/\/schema.org","@graph":[{"@type":"Article","@id":"https:\/\/contrastes.com.co\/web\/2022\/05\/27\/soledad-cambia-horario-de-ley-seca-de-acuerdo-con-modificacion-del-mininterior\/#article","isPartOf":{"@id":"https:\/\/contrastes.com.co\/web\/2022\/05\/27\/soledad-cambia-horario-de-ley-seca-de-acuerdo-con-modificacion-del-mininterior\/"},"author":{"name":"Editor","@id":"https:\/\/contrastes.com.co\/web\/#\/schema\/person\/62ef7a62dc4da6de450c71fc2e95ed02"},"headline":"Soledad cambia horario de Ley Seca de acuerdo con modificaci\u00f3n del Mininterior","datePublished":"2022-05-27T23:18:51+00:00","mainEntityOfPage":{"@id":"https:\/\/contrastes.com.co\/web\/2022\/05\/27\/soledad-cambia-horario-de-ley-seca-de-acuerdo-con-modificacion-del-mininterior\/"},"wordCount":314,"commentCount":0,"publisher":{"@id":"https:\/\/contrastes.com.co\/web\/#organization"},"image":{"@id":"https:\/\/contrastes.com.co\/web\/2022\/05\/27\/soledad-cambia-horario-de-ley-seca-de-acuerdo-con-modificacion-del-mininterior\/#primaryimage"},"thumbnailUrl":"","keywords":["elecciones presidenciales 2022","ley seca","Ministerio del Interior","modificaci\u00f3n","municipio de soledad"],"articleSection":["Elecciones 2022","Judicial","Locales"],"inLanguage":"es","potentialAction":[{"@type":"CommentAction","name":"Comment","target":["https:\/\/contrastes.com.co\/web\/2022\/05\/27\/soledad-cambia-horario-de-ley-seca-de-acuerdo-con-modificacion-del-mininterior\/#respond"]}]},{"@type":"WebPage","@id":"https:\/\/contrastes.com.co\/web\/2022\/05\/27\/soledad-cambia-horario-de-ley-seca-de-acuerdo-con-modificacion-del-mininterior\/","url":"https:\/\/contrastes.com.co\/web\/2022\/05\/27\/soledad-cambia-horario-de-ley-seca-de-acuerdo-con-modificacion-del-mininterior\/","name":"Soledad cambia horario de Ley Seca de acuerdo con modificaci\u00f3n del Mininterior - Constrastes","isPartOf":{"@id":"https:\/\/contrastes.com.co\/web\/#website"},"primaryImageOfPage":{"@id":"https:\/\/contrastes.com.co\/web\/2022\/05\/27\/soledad-cambia-horario-de-ley-seca-de-acuerdo-con-modificacion-del-mininterior\/#primaryimage"},"image":{"@id":"https:\/\/contrastes.com.co\/web\/2022\/05\/27\/soledad-cambia-horario-de-ley-seca-de-acuerdo-con-modificacion-del-mininterior\/#primaryimage"},"thumbnailUrl":"","datePublished":"2022-05-27T23:18:51+00:00","description":"De acuerdo con la modificaci\u00f3n realizada por el Ministerio del Interior al Decreto 830, relacionada con las medidas para los comicios para elegir presidente de la Rep\u00fablica, la Alcald\u00eda de Soledad cambi\u00f3 el horario de Ley Seca en el municipio.","breadcrumb":{"@id":"https:\/\/contrastes.com.co\/web\/2022\/05\/27\/soledad-cambia-horario-de-ley-seca-de-acuerdo-con-modificacion-del-mininterior\/#breadcrumb"},"inLanguage":"es","potentialAction":[{"@type":"ReadAction","target":["https:\/\/contrastes.com.co\/web\/2022\/05\/27\/soledad-cambia-horario-de-ley-seca-de-acuerdo-con-modificacion-del-mininterior\/"]}]},{"@type":"ImageObject","inLanguage":"es","@id":"https:\/\/contrastes.com.co\/web\/2022\/05\/27\/soledad-cambia-horario-de-ley-seca-de-acuerdo-con-modificacion-del-mininterior\/#primaryimage","url":"","contentUrl":""},{"@type":"BreadcrumbList","@id":"https:\/\/contrastes.com.co\/web\/2022\/05\/27\/soledad-cambia-horario-de-ley-seca-de-acuerdo-con-modificacion-del-mininterior\/#breadcrumb","itemListElement":[{"@type":"ListItem","position":1,"name":"Portada","item":"https:\/\/contrastes.com.co\/web\/"},{"@type":"ListItem","position":2,"name":"Soledad cambia horario de Ley Seca de acuerdo con modificaci\u00f3n del Mininterior"}]},{"@type":"WebSite","@id":"https:\/\/contrastes.com.co\/web\/#website","url":"https:\/\/contrastes.com.co\/web\/","name":"Contrastes","description":"Periodismo de Conciencia","publisher":{"@id":"https:\/\/contrastes.com.co\/web\/#organization"},"potentialAction":[{"@type":"SearchAction","target":{"@type":"EntryPoint","urlTemplate":"https:\/\/contrastes.com.co\/web\/?s={search_term_string}"},"query-input":{"@type":"PropertyValueSpecification","valueRequired":true,"valueName":"search_term_string"}}],"inLanguage":"es"},{"@type":"Organization","@id":"https:\/\/contrastes.com.co\/web\/#organization","name":"Contrastes","url":"https:\/\/contrastes.com.co\/web\/","logo":{"@type":"ImageObject","inLanguage":"es","@id":"https:\/\/contrastes.com.co\/web\/#\/schema\/logo\/image\/","url":"https:\/\/contrastes.com.co\/web\/wp-content\/uploads\/2025\/04\/15CONTRASTES3.png","contentUrl":"https:\/\/contrastes.com.co\/web\/wp-content\/uploads\/2025\/04\/15CONTRASTES3.png","width":1536,"height":231,"caption":"Contrastes"},"image":{"@id":"https:\/\/contrastes.com.co\/web\/#\/schema\/logo\/image\/"},"sameAs":["https:\/\/www.facebook.com\/guillo.pantoja.1"]},{"@type":"Person","@id":"https:\/\/contrastes.com.co\/web\/#\/schema\/person\/62ef7a62dc4da6de450c71fc2e95ed02","name":"Editor","image":{"@type":"ImageObject","inLanguage":"es","@id":"https:\/\/secure.gravatar.com\/avatar\/7bbb4f718d74bbf600dc556253bb04fd7ac8593751d6e2e3b85432d98aefae80?s=96&d=mm&r=g","url":"https:\/\/secure.gravatar.com\/avatar\/7bbb4f718d74bbf600dc556253bb04fd7ac8593751d6e2e3b85432d98aefae80?s=96&d=mm&r=g","contentUrl":"https:\/\/secure.gravatar.com\/avatar\/7bbb4f718d74bbf600dc556253bb04fd7ac8593751d6e2e3b85432d98aefae80?s=96&d=mm&r=g","caption":"Editor"},"sameAs":["https:\/\/contrastes.com.co\/web"],"url":"https:\/\/contrastes.com.co\/web\/author\/jdbobadilla\/"}]}},"blog_post_layout_featured_media_urls":{"thumbnail":"","full":""},"categories_names":{"4790":{"name":"Elecciones 2022","link":"https:\/\/contrastes.com.co\/web\/category\/elecciones-2022\/"},"172":{"name":"Judicial","link":"https:\/\/contrastes.com.co\/web\/category\/judicial\/"},"23":{"name":"Locales","link":"https:\/\/contrastes.com.co\/web\/category\/locales\/"}},"tags_names":{"4873":{"name":"elecciones presidenciales 2022","link":"https:\/\/contrastes.com.co\/web\/tag\/elecciones-presidenciales-2022\/"},"556":{"name":"ley seca","link":"https:\/\/contrastes.com.co\/web\/tag\/ley-seca\/"},"50":{"name":"Ministerio del Interior","link":"https:\/\/contrastes.com.co\/web\/tag\/ministerio-del-interior\/"},"5864":{"name":"modificaci\u00f3n","link":"https:\/\/contrastes.com.co\/web\/tag\/modificacion\/"},"51":{"name":"municipio de soledad","link":"https:\/\/contrastes.com.co\/web\/tag\/municipio-de-soledad\/"}},"comments_number":"0","wpmagazine_modules_lite_featured_media_urls":{"thumbnail":"","cvmm-medium":"","cvmm-medium-plus":"","cvmm-portrait":"","cvmm-medium-square":"","cvmm-large":"","cvmm-small":"","full":""},"_links":{"self":[{"href":"https:\/\/contrastes.com.co\/web\/wp-json\/wp\/v2\/posts\/9673","targetHints":{"allow":["GET"]}}],"collection":[{"href":"https:\/\/contrastes.com.co\/web\/wp-json\/wp\/v2\/posts"}],"about":[{"href":"https:\/\/contrastes.com.co\/web\/wp-json\/wp\/v2\/types\/post"}],"author":[{"embeddable":true,"href":"https:\/\/contrastes.com.co\/web\/wp-json\/wp\/v2\/users\/1"}],"replies":[{"embeddable":true,"href":"https:\/\/contrastes.com.co\/web\/wp-json\/wp\/v2\/comments?post=9673"}],"version-history":[{"count":0,"href":"https:\/\/contrastes.com.co\/web\/wp-json\/wp\/v2\/posts\/9673\/revisions"}],"wp:attachment":[{"href":"https:\/\/contrastes.com.co\/web\/wp-json\/wp\/v2\/media?parent=9673"}],"wp:term":[{"taxonomy":"category","embeddable":true,"href":"https:\/\/contrastes.com.co\/web\/wp-json\/wp\/v2\/categories?post=9673"},{"taxonomy":"post_tag","embeddable":true,"href":"https:\/\/contrastes.com.co\/web\/wp-json\/wp\/v2\/tags?post=9673"}],"curies":[{"name":"wp","href":"https:\/\/api.w.org\/{rel}","templated":true}]}}