{"id":9729,"date":"2022-06-01T19:12:43","date_gmt":"2022-06-02T00:12:43","guid":{"rendered":"https:\/\/contrastes.com.co\/digital\/?p=9729"},"modified":"2022-06-01T19:12:43","modified_gmt":"2022-06-02T00:12:43","slug":"rina-en-el-barrio-la-sierrita-dejo-un-muerto-con-arma-cortopunzante","status":"publish","type":"post","link":"https:\/\/contrastes.com.co\/web\/2022\/06\/01\/rina-en-el-barrio-la-sierrita-dejo-un-muerto-con-arma-cortopunzante\/","title":{"rendered":"Ri\u00f1a en el barrio La Sierrita dej\u00f3 un muerto con arma cortopunzante"},"content":{"rendered":"<p><strong>*Ri\u00f1a en el barrio La Sierrita dej\u00f3 un muerto con arma cortopunzante<\/strong><\/p>\n<blockquote><p><strong>Seg\u00fan la Mebar, \u00c1lvaro Jos\u00e9 fue asesinado con arma cortopunzante, en medio de una ri\u00f1a<\/strong><\/p><\/blockquote>\n<p><img decoding=\"async\" class=\"alignleft  wp-image-8683\" src=\"https:\/\/contrastes.com.co\/digital\/wp-content\/uploads\/2022\/03\/a-capitular.png\" alt=\"a capitular\" width=\"57\" height=\"57\" \/>lvaro Jos\u00e9 Orozco Sarmiento fue asesinado la tarde de este martes en el barrio La Sierrita de Barranquilla. El hecho, de acuerdo con la Polic\u00eda Metropolitana de Barranquilla, ocurri\u00f3 en la calle 54C con carrera 5A. Seg\u00fan la Mebar, \u00c1lvaro Jos\u00e9 fue asesinado con arma cortopunzante, en medio de una ri\u00f1a y fue trasladado a la Cl\u00ednica San Ignacio, donde falleci\u00f3 cuando recib\u00eda atenci\u00f3n m\u00e9dica.<\/p>\n","protected":false},"excerpt":{"rendered":"<p>\u00c1lvaro Jos\u00e9 Orozco Sarmiento fue asesinado la tarde de este martes en el barrio La Sierrita de Barranquilla. El hecho, de acuerdo con la Polic\u00eda Metropolitana de Barranquilla, ocurri\u00f3 en la calle 54C con carrera 5A. Seg\u00fan la Mebar, \u00c1lvaro Jos\u00e9 fue asesinado con arma cortopunzante, en medio de una ri\u00f1a y fue trasladado a la Cl\u00ednica San Ignacio, donde falleci\u00f3 cuando recib\u00eda atenci\u00f3n m\u00e9dica.<\/p>\n","protected":false},"author":1,"featured_media":9730,"comment_status":"open","ping_status":"open","sticky":false,"template":"","format":"standard","meta":{"footnotes":""},"categories":[172,24],"tags":[311,5886,1715,5127],"class_list":["post-9729","post","type-post","status-publish","format-standard","has-post-thumbnail","hentry","category-judicial","category-region","tag-barranquilla","tag-barrio-la-sierrita","tag-homicidio","tag-rina"],"yoast_head":"<!-- This site is optimized with the Yoast SEO plugin v27.7 - https:\/\/yoast.com\/product\/yoast-seo-wordpress\/ -->\n<title>Ri\u00f1a en el barrio La Sierrita dej\u00f3 un muerto con arma cortopunzante - Constrastes<\/title>\n<meta name=\"description\" content=\"\u00c1lvaro Jos\u00e9 Orozco Sarmiento fue asesinado la tarde de este martes en el barrio La Sierrita de Barranquilla. El hecho, de acuerdo con la Polic\u00eda Metropolitana de Barranquilla, ocurri\u00f3 en la calle 54C con carrera 5A. Seg\u00fan la Mebar, \u00c1lvaro Jos\u00e9 fue asesinado con arma cortopunzante, en medio de una ri\u00f1a y fue trasladado a la Cl\u00ednica San Ignacio, donde falleci\u00f3 cuando recib\u00eda atenci\u00f3n m\u00e9dica.\" \/>\n<meta name=\"robots\" content=\"index, follow, max-snippet:-1, max-image-preview:large, max-video-preview:-1\" \/>\n<link rel=\"canonical\" href=\"https:\/\/contrastes.com.co\/web\/2022\/06\/01\/rina-en-el-barrio-la-sierrita-dejo-un-muerto-con-arma-cortopunzante\/\" \/>\n<meta property=\"og:locale\" content=\"es_ES\" \/>\n<meta property=\"og:type\" content=\"article\" \/>\n<meta property=\"og:title\" content=\"Ri\u00f1a en el barrio La Sierrita dej\u00f3 un muerto con arma cortopunzante - Constrastes\" \/>\n<meta property=\"og:description\" content=\"\u00c1lvaro Jos\u00e9 Orozco Sarmiento fue asesinado la tarde de este martes en el barrio La Sierrita de Barranquilla. El hecho, de acuerdo con la Polic\u00eda Metropolitana de Barranquilla, ocurri\u00f3 en la calle 54C con carrera 5A. Seg\u00fan la Mebar, \u00c1lvaro Jos\u00e9 fue asesinado con arma cortopunzante, en medio de una ri\u00f1a y fue trasladado a la Cl\u00ednica San Ignacio, donde falleci\u00f3 cuando recib\u00eda atenci\u00f3n m\u00e9dica.\" \/>\n<meta property=\"og:url\" content=\"https:\/\/contrastes.com.co\/web\/2022\/06\/01\/rina-en-el-barrio-la-sierrita-dejo-un-muerto-con-arma-cortopunzante\/\" \/>\n<meta property=\"og:site_name\" content=\"Constrastes\" \/>\n<meta property=\"article:publisher\" content=\"https:\/\/www.facebook.com\/guillo.pantoja.1\" \/>\n<meta property=\"article:published_time\" content=\"2022-06-02T00:12:43+00:00\" \/>\n<meta name=\"author\" content=\"Editor\" \/>\n<meta name=\"twitter:card\" content=\"summary_large_image\" \/>\n<meta name=\"twitter:label1\" content=\"Escrito por\" \/>\n\t<meta name=\"twitter:data1\" content=\"Editor\" \/>\n\t<meta name=\"twitter:label2\" content=\"Tiempo de lectura\" \/>\n\t<meta name=\"twitter:data2\" content=\"1 minuto\" \/>\n<script type=\"application\/ld+json\" class=\"yoast-schema-graph\">{\"@context\":\"https:\\\/\\\/schema.org\",\"@graph\":[{\"@type\":\"Article\",\"@id\":\"https:\\\/\\\/contrastes.com.co\\\/web\\\/2022\\\/06\\\/01\\\/rina-en-el-barrio-la-sierrita-dejo-un-muerto-con-arma-cortopunzante\\\/#article\",\"isPartOf\":{\"@id\":\"https:\\\/\\\/contrastes.com.co\\\/web\\\/2022\\\/06\\\/01\\\/rina-en-el-barrio-la-sierrita-dejo-un-muerto-con-arma-cortopunzante\\\/\"},\"author\":{\"name\":\"Editor\",\"@id\":\"https:\\\/\\\/contrastes.com.co\\\/web\\\/#\\\/schema\\\/person\\\/62ef7a62dc4da6de450c71fc2e95ed02\"},\"headline\":\"Ri\u00f1a en el barrio La Sierrita dej\u00f3 un muerto con arma cortopunzante\",\"datePublished\":\"2022-06-02T00:12:43+00:00\",\"mainEntityOfPage\":{\"@id\":\"https:\\\/\\\/contrastes.com.co\\\/web\\\/2022\\\/06\\\/01\\\/rina-en-el-barrio-la-sierrita-dejo-un-muerto-con-arma-cortopunzante\\\/\"},\"wordCount\":115,\"commentCount\":0,\"publisher\":{\"@id\":\"https:\\\/\\\/contrastes.com.co\\\/web\\\/#organization\"},\"image\":{\"@id\":\"https:\\\/\\\/contrastes.com.co\\\/web\\\/2022\\\/06\\\/01\\\/rina-en-el-barrio-la-sierrita-dejo-un-muerto-con-arma-cortopunzante\\\/#primaryimage\"},\"thumbnailUrl\":\"\",\"keywords\":[\"Barranquilla\",\"barrio La Sierrita\",\"homicidio\",\"ri\u00f1a\"],\"articleSection\":[\"Judicial\",\"Regi\u00f3n\"],\"inLanguage\":\"es\",\"potentialAction\":[{\"@type\":\"CommentAction\",\"name\":\"Comment\",\"target\":[\"https:\\\/\\\/contrastes.com.co\\\/web\\\/2022\\\/06\\\/01\\\/rina-en-el-barrio-la-sierrita-dejo-un-muerto-con-arma-cortopunzante\\\/#respond\"]}]},{\"@type\":\"WebPage\",\"@id\":\"https:\\\/\\\/contrastes.com.co\\\/web\\\/2022\\\/06\\\/01\\\/rina-en-el-barrio-la-sierrita-dejo-un-muerto-con-arma-cortopunzante\\\/\",\"url\":\"https:\\\/\\\/contrastes.com.co\\\/web\\\/2022\\\/06\\\/01\\\/rina-en-el-barrio-la-sierrita-dejo-un-muerto-con-arma-cortopunzante\\\/\",\"name\":\"Ri\u00f1a en el barrio La Sierrita dej\u00f3 un muerto con arma cortopunzante - Constrastes\",\"isPartOf\":{\"@id\":\"https:\\\/\\\/contrastes.com.co\\\/web\\\/#website\"},\"primaryImageOfPage\":{\"@id\":\"https:\\\/\\\/contrastes.com.co\\\/web\\\/2022\\\/06\\\/01\\\/rina-en-el-barrio-la-sierrita-dejo-un-muerto-con-arma-cortopunzante\\\/#primaryimage\"},\"image\":{\"@id\":\"https:\\\/\\\/contrastes.com.co\\\/web\\\/2022\\\/06\\\/01\\\/rina-en-el-barrio-la-sierrita-dejo-un-muerto-con-arma-cortopunzante\\\/#primaryimage\"},\"thumbnailUrl\":\"\",\"datePublished\":\"2022-06-02T00:12:43+00:00\",\"description\":\"\u00c1lvaro Jos\u00e9 Orozco Sarmiento fue asesinado la tarde de este martes en el barrio La Sierrita de Barranquilla. El hecho, de acuerdo con la Polic\u00eda Metropolitana de Barranquilla, ocurri\u00f3 en la calle 54C con carrera 5A. Seg\u00fan la Mebar, \u00c1lvaro Jos\u00e9 fue asesinado con arma cortopunzante, en medio de una ri\u00f1a y fue trasladado a la Cl\u00ednica San Ignacio, donde falleci\u00f3 cuando recib\u00eda atenci\u00f3n m\u00e9dica.\",\"breadcrumb\":{\"@id\":\"https:\\\/\\\/contrastes.com.co\\\/web\\\/2022\\\/06\\\/01\\\/rina-en-el-barrio-la-sierrita-dejo-un-muerto-con-arma-cortopunzante\\\/#breadcrumb\"},\"inLanguage\":\"es\",\"potentialAction\":[{\"@type\":\"ReadAction\",\"target\":[\"https:\\\/\\\/contrastes.com.co\\\/web\\\/2022\\\/06\\\/01\\\/rina-en-el-barrio-la-sierrita-dejo-un-muerto-con-arma-cortopunzante\\\/\"]}]},{\"@type\":\"ImageObject\",\"inLanguage\":\"es\",\"@id\":\"https:\\\/\\\/contrastes.com.co\\\/web\\\/2022\\\/06\\\/01\\\/rina-en-el-barrio-la-sierrita-dejo-un-muerto-con-arma-cortopunzante\\\/#primaryimage\",\"url\":\"\",\"contentUrl\":\"\"},{\"@type\":\"BreadcrumbList\",\"@id\":\"https:\\\/\\\/contrastes.com.co\\\/web\\\/2022\\\/06\\\/01\\\/rina-en-el-barrio-la-sierrita-dejo-un-muerto-con-arma-cortopunzante\\\/#breadcrumb\",\"itemListElement\":[{\"@type\":\"ListItem\",\"position\":1,\"name\":\"Portada\",\"item\":\"https:\\\/\\\/contrastes.com.co\\\/web\\\/\"},{\"@type\":\"ListItem\",\"position\":2,\"name\":\"Ri\u00f1a en el barrio La Sierrita dej\u00f3 un muerto con arma cortopunzante\"}]},{\"@type\":\"WebSite\",\"@id\":\"https:\\\/\\\/contrastes.com.co\\\/web\\\/#website\",\"url\":\"https:\\\/\\\/contrastes.com.co\\\/web\\\/\",\"name\":\"Contrastes\",\"description\":\"Periodismo de Conciencia\",\"publisher\":{\"@id\":\"https:\\\/\\\/contrastes.com.co\\\/web\\\/#organization\"},\"potentialAction\":[{\"@type\":\"SearchAction\",\"target\":{\"@type\":\"EntryPoint\",\"urlTemplate\":\"https:\\\/\\\/contrastes.com.co\\\/web\\\/?s={search_term_string}\"},\"query-input\":{\"@type\":\"PropertyValueSpecification\",\"valueRequired\":true,\"valueName\":\"search_term_string\"}}],\"inLanguage\":\"es\"},{\"@type\":\"Organization\",\"@id\":\"https:\\\/\\\/contrastes.com.co\\\/web\\\/#organization\",\"name\":\"Contrastes\",\"url\":\"https:\\\/\\\/contrastes.com.co\\\/web\\\/\",\"logo\":{\"@type\":\"ImageObject\",\"inLanguage\":\"es\",\"@id\":\"https:\\\/\\\/contrastes.com.co\\\/web\\\/#\\\/schema\\\/logo\\\/image\\\/\",\"url\":\"https:\\\/\\\/contrastes.com.co\\\/web\\\/wp-content\\\/uploads\\\/2025\\\/04\\\/15CONTRASTES3.png\",\"contentUrl\":\"https:\\\/\\\/contrastes.com.co\\\/web\\\/wp-content\\\/uploads\\\/2025\\\/04\\\/15CONTRASTES3.png\",\"width\":1536,\"height\":231,\"caption\":\"Contrastes\"},\"image\":{\"@id\":\"https:\\\/\\\/contrastes.com.co\\\/web\\\/#\\\/schema\\\/logo\\\/image\\\/\"},\"sameAs\":[\"https:\\\/\\\/www.facebook.com\\\/guillo.pantoja.1\"]},{\"@type\":\"Person\",\"@id\":\"https:\\\/\\\/contrastes.com.co\\\/web\\\/#\\\/schema\\\/person\\\/62ef7a62dc4da6de450c71fc2e95ed02\",\"name\":\"Editor\",\"image\":{\"@type\":\"ImageObject\",\"inLanguage\":\"es\",\"@id\":\"https:\\\/\\\/secure.gravatar.com\\\/avatar\\\/7bbb4f718d74bbf600dc556253bb04fd7ac8593751d6e2e3b85432d98aefae80?s=96&d=mm&r=g\",\"url\":\"https:\\\/\\\/secure.gravatar.com\\\/avatar\\\/7bbb4f718d74bbf600dc556253bb04fd7ac8593751d6e2e3b85432d98aefae80?s=96&d=mm&r=g\",\"contentUrl\":\"https:\\\/\\\/secure.gravatar.com\\\/avatar\\\/7bbb4f718d74bbf600dc556253bb04fd7ac8593751d6e2e3b85432d98aefae80?s=96&d=mm&r=g\",\"caption\":\"Editor\"},\"sameAs\":[\"https:\\\/\\\/contrastes.com.co\\\/web\"],\"url\":\"https:\\\/\\\/contrastes.com.co\\\/web\\\/author\\\/jdbobadilla\\\/\"}]}<\/script>\n<!-- \/ Yoast SEO plugin. -->","yoast_head_json":{"title":"Ri\u00f1a en el barrio La Sierrita dej\u00f3 un muerto con arma cortopunzante - Constrastes","description":"\u00c1lvaro Jos\u00e9 Orozco Sarmiento fue asesinado la tarde de este martes en el barrio La Sierrita de Barranquilla. El hecho, de acuerdo con la Polic\u00eda Metropolitana de Barranquilla, ocurri\u00f3 en la calle 54C con carrera 5A. Seg\u00fan la Mebar, \u00c1lvaro Jos\u00e9 fue asesinado con arma cortopunzante, en medio de una ri\u00f1a y fue trasladado a la Cl\u00ednica San Ignacio, donde falleci\u00f3 cuando recib\u00eda atenci\u00f3n m\u00e9dica.","robots":{"index":"index","follow":"follow","max-snippet":"max-snippet:-1","max-image-preview":"max-image-preview:large","max-video-preview":"max-video-preview:-1"},"canonical":"https:\/\/contrastes.com.co\/web\/2022\/06\/01\/rina-en-el-barrio-la-sierrita-dejo-un-muerto-con-arma-cortopunzante\/","og_locale":"es_ES","og_type":"article","og_title":"Ri\u00f1a en el barrio La Sierrita dej\u00f3 un muerto con arma cortopunzante - Constrastes","og_description":"\u00c1lvaro Jos\u00e9 Orozco Sarmiento fue asesinado la tarde de este martes en el barrio La Sierrita de Barranquilla. El hecho, de acuerdo con la Polic\u00eda Metropolitana de Barranquilla, ocurri\u00f3 en la calle 54C con carrera 5A. Seg\u00fan la Mebar, \u00c1lvaro Jos\u00e9 fue asesinado con arma cortopunzante, en medio de una ri\u00f1a y fue trasladado a la Cl\u00ednica San Ignacio, donde falleci\u00f3 cuando recib\u00eda atenci\u00f3n m\u00e9dica.","og_url":"https:\/\/contrastes.com.co\/web\/2022\/06\/01\/rina-en-el-barrio-la-sierrita-dejo-un-muerto-con-arma-cortopunzante\/","og_site_name":"Constrastes","article_publisher":"https:\/\/www.facebook.com\/guillo.pantoja.1","article_published_time":"2022-06-02T00:12:43+00:00","author":"Editor","twitter_card":"summary_large_image","twitter_misc":{"Escrito por":"Editor","Tiempo de lectura":"1 minuto"},"schema":{"@context":"https:\/\/schema.org","@graph":[{"@type":"Article","@id":"https:\/\/contrastes.com.co\/web\/2022\/06\/01\/rina-en-el-barrio-la-sierrita-dejo-un-muerto-con-arma-cortopunzante\/#article","isPartOf":{"@id":"https:\/\/contrastes.com.co\/web\/2022\/06\/01\/rina-en-el-barrio-la-sierrita-dejo-un-muerto-con-arma-cortopunzante\/"},"author":{"name":"Editor","@id":"https:\/\/contrastes.com.co\/web\/#\/schema\/person\/62ef7a62dc4da6de450c71fc2e95ed02"},"headline":"Ri\u00f1a en el barrio La Sierrita dej\u00f3 un muerto con arma cortopunzante","datePublished":"2022-06-02T00:12:43+00:00","mainEntityOfPage":{"@id":"https:\/\/contrastes.com.co\/web\/2022\/06\/01\/rina-en-el-barrio-la-sierrita-dejo-un-muerto-con-arma-cortopunzante\/"},"wordCount":115,"commentCount":0,"publisher":{"@id":"https:\/\/contrastes.com.co\/web\/#organization"},"image":{"@id":"https:\/\/contrastes.com.co\/web\/2022\/06\/01\/rina-en-el-barrio-la-sierrita-dejo-un-muerto-con-arma-cortopunzante\/#primaryimage"},"thumbnailUrl":"","keywords":["Barranquilla","barrio La Sierrita","homicidio","ri\u00f1a"],"articleSection":["Judicial","Regi\u00f3n"],"inLanguage":"es","potentialAction":[{"@type":"CommentAction","name":"Comment","target":["https:\/\/contrastes.com.co\/web\/2022\/06\/01\/rina-en-el-barrio-la-sierrita-dejo-un-muerto-con-arma-cortopunzante\/#respond"]}]},{"@type":"WebPage","@id":"https:\/\/contrastes.com.co\/web\/2022\/06\/01\/rina-en-el-barrio-la-sierrita-dejo-un-muerto-con-arma-cortopunzante\/","url":"https:\/\/contrastes.com.co\/web\/2022\/06\/01\/rina-en-el-barrio-la-sierrita-dejo-un-muerto-con-arma-cortopunzante\/","name":"Ri\u00f1a en el barrio La Sierrita dej\u00f3 un muerto con arma cortopunzante - Constrastes","isPartOf":{"@id":"https:\/\/contrastes.com.co\/web\/#website"},"primaryImageOfPage":{"@id":"https:\/\/contrastes.com.co\/web\/2022\/06\/01\/rina-en-el-barrio-la-sierrita-dejo-un-muerto-con-arma-cortopunzante\/#primaryimage"},"image":{"@id":"https:\/\/contrastes.com.co\/web\/2022\/06\/01\/rina-en-el-barrio-la-sierrita-dejo-un-muerto-con-arma-cortopunzante\/#primaryimage"},"thumbnailUrl":"","datePublished":"2022-06-02T00:12:43+00:00","description":"\u00c1lvaro Jos\u00e9 Orozco Sarmiento fue asesinado la tarde de este martes en el barrio La Sierrita de Barranquilla. El hecho, de acuerdo con la Polic\u00eda Metropolitana de Barranquilla, ocurri\u00f3 en la calle 54C con carrera 5A. Seg\u00fan la Mebar, \u00c1lvaro Jos\u00e9 fue asesinado con arma cortopunzante, en medio de una ri\u00f1a y fue trasladado a la Cl\u00ednica San Ignacio, donde falleci\u00f3 cuando recib\u00eda atenci\u00f3n m\u00e9dica.","breadcrumb":{"@id":"https:\/\/contrastes.com.co\/web\/2022\/06\/01\/rina-en-el-barrio-la-sierrita-dejo-un-muerto-con-arma-cortopunzante\/#breadcrumb"},"inLanguage":"es","potentialAction":[{"@type":"ReadAction","target":["https:\/\/contrastes.com.co\/web\/2022\/06\/01\/rina-en-el-barrio-la-sierrita-dejo-un-muerto-con-arma-cortopunzante\/"]}]},{"@type":"ImageObject","inLanguage":"es","@id":"https:\/\/contrastes.com.co\/web\/2022\/06\/01\/rina-en-el-barrio-la-sierrita-dejo-un-muerto-con-arma-cortopunzante\/#primaryimage","url":"","contentUrl":""},{"@type":"BreadcrumbList","@id":"https:\/\/contrastes.com.co\/web\/2022\/06\/01\/rina-en-el-barrio-la-sierrita-dejo-un-muerto-con-arma-cortopunzante\/#breadcrumb","itemListElement":[{"@type":"ListItem","position":1,"name":"Portada","item":"https:\/\/contrastes.com.co\/web\/"},{"@type":"ListItem","position":2,"name":"Ri\u00f1a en el barrio La Sierrita dej\u00f3 un muerto con arma cortopunzante"}]},{"@type":"WebSite","@id":"https:\/\/contrastes.com.co\/web\/#website","url":"https:\/\/contrastes.com.co\/web\/","name":"Contrastes","description":"Periodismo de Conciencia","publisher":{"@id":"https:\/\/contrastes.com.co\/web\/#organization"},"potentialAction":[{"@type":"SearchAction","target":{"@type":"EntryPoint","urlTemplate":"https:\/\/contrastes.com.co\/web\/?s={search_term_string}"},"query-input":{"@type":"PropertyValueSpecification","valueRequired":true,"valueName":"search_term_string"}}],"inLanguage":"es"},{"@type":"Organization","@id":"https:\/\/contrastes.com.co\/web\/#organization","name":"Contrastes","url":"https:\/\/contrastes.com.co\/web\/","logo":{"@type":"ImageObject","inLanguage":"es","@id":"https:\/\/contrastes.com.co\/web\/#\/schema\/logo\/image\/","url":"https:\/\/contrastes.com.co\/web\/wp-content\/uploads\/2025\/04\/15CONTRASTES3.png","contentUrl":"https:\/\/contrastes.com.co\/web\/wp-content\/uploads\/2025\/04\/15CONTRASTES3.png","width":1536,"height":231,"caption":"Contrastes"},"image":{"@id":"https:\/\/contrastes.com.co\/web\/#\/schema\/logo\/image\/"},"sameAs":["https:\/\/www.facebook.com\/guillo.pantoja.1"]},{"@type":"Person","@id":"https:\/\/contrastes.com.co\/web\/#\/schema\/person\/62ef7a62dc4da6de450c71fc2e95ed02","name":"Editor","image":{"@type":"ImageObject","inLanguage":"es","@id":"https:\/\/secure.gravatar.com\/avatar\/7bbb4f718d74bbf600dc556253bb04fd7ac8593751d6e2e3b85432d98aefae80?s=96&d=mm&r=g","url":"https:\/\/secure.gravatar.com\/avatar\/7bbb4f718d74bbf600dc556253bb04fd7ac8593751d6e2e3b85432d98aefae80?s=96&d=mm&r=g","contentUrl":"https:\/\/secure.gravatar.com\/avatar\/7bbb4f718d74bbf600dc556253bb04fd7ac8593751d6e2e3b85432d98aefae80?s=96&d=mm&r=g","caption":"Editor"},"sameAs":["https:\/\/contrastes.com.co\/web"],"url":"https:\/\/contrastes.com.co\/web\/author\/jdbobadilla\/"}]}},"blog_post_layout_featured_media_urls":{"thumbnail":"","full":""},"categories_names":{"172":{"name":"Judicial","link":"https:\/\/contrastes.com.co\/web\/category\/judicial\/"},"24":{"name":"Regi\u00f3n","link":"https:\/\/contrastes.com.co\/web\/category\/region\/"}},"tags_names":{"311":{"name":"Barranquilla","link":"https:\/\/contrastes.com.co\/web\/tag\/barranquilla\/"},"5886":{"name":"barrio La Sierrita","link":"https:\/\/contrastes.com.co\/web\/tag\/barrio-la-sierrita\/"},"1715":{"name":"homicidio","link":"https:\/\/contrastes.com.co\/web\/tag\/homicidio\/"},"5127":{"name":"ri\u00f1a","link":"https:\/\/contrastes.com.co\/web\/tag\/rina\/"}},"comments_number":"0","wpmagazine_modules_lite_featured_media_urls":{"thumbnail":"","cvmm-medium":"","cvmm-medium-plus":"","cvmm-portrait":"","cvmm-medium-square":"","cvmm-large":"","cvmm-small":"","full":""},"_links":{"self":[{"href":"https:\/\/contrastes.com.co\/web\/wp-json\/wp\/v2\/posts\/9729","targetHints":{"allow":["GET"]}}],"collection":[{"href":"https:\/\/contrastes.com.co\/web\/wp-json\/wp\/v2\/posts"}],"about":[{"href":"https:\/\/contrastes.com.co\/web\/wp-json\/wp\/v2\/types\/post"}],"author":[{"embeddable":true,"href":"https:\/\/contrastes.com.co\/web\/wp-json\/wp\/v2\/users\/1"}],"replies":[{"embeddable":true,"href":"https:\/\/contrastes.com.co\/web\/wp-json\/wp\/v2\/comments?post=9729"}],"version-history":[{"count":0,"href":"https:\/\/contrastes.com.co\/web\/wp-json\/wp\/v2\/posts\/9729\/revisions"}],"wp:attachment":[{"href":"https:\/\/contrastes.com.co\/web\/wp-json\/wp\/v2\/media?parent=9729"}],"wp:term":[{"taxonomy":"category","embeddable":true,"href":"https:\/\/contrastes.com.co\/web\/wp-json\/wp\/v2\/categories?post=9729"},{"taxonomy":"post_tag","embeddable":true,"href":"https:\/\/contrastes.com.co\/web\/wp-json\/wp\/v2\/tags?post=9729"}],"curies":[{"name":"wp","href":"https:\/\/api.w.org\/{rel}","templated":true}]}}