{"id":9781,"date":"2022-06-03T14:40:30","date_gmt":"2022-06-03T19:40:30","guid":{"rendered":"https:\/\/contrastes.com.co\/digital\/?p=9781"},"modified":"2022-06-03T14:40:30","modified_gmt":"2022-06-03T19:40:30","slug":"26-vehiculos-y-281-motocicletas-han-sido-recuperadas-en-lo-que-va-corrido-del-2022","status":"publish","type":"post","link":"https:\/\/contrastes.com.co\/web\/2022\/06\/03\/26-vehiculos-y-281-motocicletas-han-sido-recuperadas-en-lo-que-va-corrido-del-2022\/","title":{"rendered":"26 veh\u00edculos y 281 motocicletas han sido recuperadas en lo que va corrido del 2022"},"content":{"rendered":"<p><strong><em>El balance de la Polic\u00eda Nacional en Soledad: 26 veh\u00edculos y 281 motocicletas han sido recuperadas en lo que va corrido del 2022<\/em><\/strong><\/p>\n<blockquote><p><strong>En las \u00faltimas 24 horas fueron recuperados dos motocarros que hab\u00edan sido hurtados<\/strong><\/p><\/blockquote>\n<p><img decoding=\"async\" class=\"alignleft  wp-image-8529\" src=\"https:\/\/contrastes.com.co\/digital\/wp-content\/uploads\/2022\/03\/e-capitular.png\" alt=\"e capitular\" width=\"50\" height=\"50\" \/>n desarrollo de la estrategia \u201cImplacables Contra el Delito\u201d La Polic\u00eda Metropolitana de Barranquilla, a trav\u00e9s del Comando del Sexto Distrito de Polic\u00eda Soledad, vienen realizando planes de control y prevenci\u00f3n para la contenci\u00f3n de la criminalidad en Soledad y Malambo, donde se cuenta con toda la oferta institucional trabajando d\u00eda y noche para garantizarle la tranquilidad a los habitantes de estos municipios,\u00a0 por lo que se presentan las siguientes resultados que se han obtenido en materia de seguridad.<\/p>\n<p>En la lucha contra el hampa se ha logrado la captura de lo que va corrido del a\u00f1o 2.022 de 444 personas por diferentes delitos de los cuales 428 fueron realizadas en flagrancia y 16 por orden judicial, dentro de los capturados 64 personas son de nacionalidad extranjera.<\/p>\n<p>En la lucha contra el tr\u00e1fico local de estupefacientes se han logrado la incautaci\u00f3n de 14.000 gramos de coca\u00edna representando un aumento del 41% en comparaci\u00f3n con el 2.021 donde a la fecha se hab\u00eda incautado 268 gramos de este alucin\u00f3geno, de igual forma se ha incautado 61.000 gramos de marihuana representando un aumento del 662%, con la incautaci\u00f3n de estas sustancias se logra a afectar las rentas criminales de los grupos delincuenciales en estos municipios.<\/p>\n<p>Contra el hurto a veh\u00edculos se han logrado grandes avances gracias a la oportuna denuncia de los ciudadanos, se han recuperado este a\u00f1o un total de 281 motocicletas, y 26 veh\u00edculos, los cuales han sido entregados a sus propietarios. En las \u00faltimas 24 horas se recuperaron dos motocarros, gracias a la activaci\u00f3n de los planes candados y a la r\u00e1pida reacci\u00f3n de nuestras patrullas del cuadrante, quienes en persecuci\u00f3n los delincuentes al sentirse acorralados han tenido que dejar abandonados los automotores, sus propietarios agradecen por la recuperaci\u00f3n\u00a0 de estos.<\/p>\n","protected":false},"excerpt":{"rendered":"<p>El balance de la Polic\u00eda Nacional en Soledad: 26 veh\u00edculos y 281 motocicletas han sido recuperadas en lo que va corrido del 2022 En las \u00faltimas 24 horas fueron recuperados dos motocarros que hab\u00edan sido hurtados n desarrollo de la estrategia \u201cImplacables Contra el Delito\u201d La Polic\u00eda Metropolitana de Barranquilla, a trav\u00e9s del Comando del [&hellip;]<\/p>\n","protected":false},"author":1,"featured_media":9782,"comment_status":"open","ping_status":"open","sticky":false,"template":"","format":"standard","meta":{"footnotes":""},"categories":[172,23],"tags":[5916,5768,5917,51,5918],"class_list":["post-9781","post","type-post","status-publish","format-standard","has-post-thumbnail","hentry","category-judicial","category-locales","tag-comando-del-sexto-distrito-de-policia-soledad","tag-estrategia-implacables-contra-el-delito","tag-motocicletas-recuperadas","tag-municipio-de-soledad","tag-vehiculos-recuperados"],"yoast_head":"<!-- This site is optimized with the Yoast SEO plugin v27.7 - https:\/\/yoast.com\/product\/yoast-seo-wordpress\/ -->\n<title>26 veh\u00edculos y 281 motocicletas han sido recuperadas en lo que va corrido del 2022 - Constrastes<\/title>\n<meta name=\"robots\" content=\"index, follow, max-snippet:-1, max-image-preview:large, max-video-preview:-1\" \/>\n<link rel=\"canonical\" href=\"https:\/\/contrastes.com.co\/web\/2022\/06\/03\/26-vehiculos-y-281-motocicletas-han-sido-recuperadas-en-lo-que-va-corrido-del-2022\/\" \/>\n<meta property=\"og:locale\" content=\"es_ES\" \/>\n<meta property=\"og:type\" content=\"article\" \/>\n<meta property=\"og:title\" content=\"26 veh\u00edculos y 281 motocicletas han sido recuperadas en lo que va corrido del 2022 - Constrastes\" \/>\n<meta property=\"og:description\" content=\"El balance de la Polic\u00eda Nacional en Soledad: 26 veh\u00edculos y 281 motocicletas han sido recuperadas en lo que va corrido del 2022 En las \u00faltimas 24 horas fueron recuperados dos motocarros que hab\u00edan sido hurtados n desarrollo de la estrategia \u201cImplacables Contra el Delito\u201d La Polic\u00eda Metropolitana de Barranquilla, a trav\u00e9s del Comando del [&hellip;]\" \/>\n<meta property=\"og:url\" content=\"https:\/\/contrastes.com.co\/web\/2022\/06\/03\/26-vehiculos-y-281-motocicletas-han-sido-recuperadas-en-lo-que-va-corrido-del-2022\/\" \/>\n<meta property=\"og:site_name\" content=\"Constrastes\" \/>\n<meta property=\"article:publisher\" content=\"https:\/\/www.facebook.com\/guillo.pantoja.1\" \/>\n<meta property=\"article:published_time\" content=\"2022-06-03T19:40:30+00:00\" \/>\n<meta name=\"author\" content=\"Editor\" \/>\n<meta name=\"twitter:card\" content=\"summary_large_image\" \/>\n<meta name=\"twitter:label1\" content=\"Escrito por\" \/>\n\t<meta name=\"twitter:data1\" content=\"Editor\" \/>\n\t<meta name=\"twitter:label2\" content=\"Tiempo de lectura\" \/>\n\t<meta name=\"twitter:data2\" content=\"2 minutos\" \/>\n<script type=\"application\/ld+json\" class=\"yoast-schema-graph\">{\"@context\":\"https:\\\/\\\/schema.org\",\"@graph\":[{\"@type\":\"Article\",\"@id\":\"https:\\\/\\\/contrastes.com.co\\\/web\\\/2022\\\/06\\\/03\\\/26-vehiculos-y-281-motocicletas-han-sido-recuperadas-en-lo-que-va-corrido-del-2022\\\/#article\",\"isPartOf\":{\"@id\":\"https:\\\/\\\/contrastes.com.co\\\/web\\\/2022\\\/06\\\/03\\\/26-vehiculos-y-281-motocicletas-han-sido-recuperadas-en-lo-que-va-corrido-del-2022\\\/\"},\"author\":{\"name\":\"Editor\",\"@id\":\"https:\\\/\\\/contrastes.com.co\\\/web\\\/#\\\/schema\\\/person\\\/62ef7a62dc4da6de450c71fc2e95ed02\"},\"headline\":\"26 veh\u00edculos y 281 motocicletas han sido recuperadas en lo que va corrido del 2022\",\"datePublished\":\"2022-06-03T19:40:30+00:00\",\"mainEntityOfPage\":{\"@id\":\"https:\\\/\\\/contrastes.com.co\\\/web\\\/2022\\\/06\\\/03\\\/26-vehiculos-y-281-motocicletas-han-sido-recuperadas-en-lo-que-va-corrido-del-2022\\\/\"},\"wordCount\":348,\"commentCount\":0,\"publisher\":{\"@id\":\"https:\\\/\\\/contrastes.com.co\\\/web\\\/#organization\"},\"image\":{\"@id\":\"https:\\\/\\\/contrastes.com.co\\\/web\\\/2022\\\/06\\\/03\\\/26-vehiculos-y-281-motocicletas-han-sido-recuperadas-en-lo-que-va-corrido-del-2022\\\/#primaryimage\"},\"thumbnailUrl\":\"\",\"keywords\":[\"Comando del Sexto Distrito de Polic\u00eda Soledad\",\"Estrategia \\\"Implacables Contra el Delito\\\"\",\"motocicletas recuperadas\",\"municipio de soledad\",\"veh\u00edculos recuperados\"],\"articleSection\":[\"Judicial\",\"Locales\"],\"inLanguage\":\"es\",\"potentialAction\":[{\"@type\":\"CommentAction\",\"name\":\"Comment\",\"target\":[\"https:\\\/\\\/contrastes.com.co\\\/web\\\/2022\\\/06\\\/03\\\/26-vehiculos-y-281-motocicletas-han-sido-recuperadas-en-lo-que-va-corrido-del-2022\\\/#respond\"]}]},{\"@type\":\"WebPage\",\"@id\":\"https:\\\/\\\/contrastes.com.co\\\/web\\\/2022\\\/06\\\/03\\\/26-vehiculos-y-281-motocicletas-han-sido-recuperadas-en-lo-que-va-corrido-del-2022\\\/\",\"url\":\"https:\\\/\\\/contrastes.com.co\\\/web\\\/2022\\\/06\\\/03\\\/26-vehiculos-y-281-motocicletas-han-sido-recuperadas-en-lo-que-va-corrido-del-2022\\\/\",\"name\":\"26 veh\u00edculos y 281 motocicletas han sido recuperadas en lo que va corrido del 2022 - Constrastes\",\"isPartOf\":{\"@id\":\"https:\\\/\\\/contrastes.com.co\\\/web\\\/#website\"},\"primaryImageOfPage\":{\"@id\":\"https:\\\/\\\/contrastes.com.co\\\/web\\\/2022\\\/06\\\/03\\\/26-vehiculos-y-281-motocicletas-han-sido-recuperadas-en-lo-que-va-corrido-del-2022\\\/#primaryimage\"},\"image\":{\"@id\":\"https:\\\/\\\/contrastes.com.co\\\/web\\\/2022\\\/06\\\/03\\\/26-vehiculos-y-281-motocicletas-han-sido-recuperadas-en-lo-que-va-corrido-del-2022\\\/#primaryimage\"},\"thumbnailUrl\":\"\",\"datePublished\":\"2022-06-03T19:40:30+00:00\",\"breadcrumb\":{\"@id\":\"https:\\\/\\\/contrastes.com.co\\\/web\\\/2022\\\/06\\\/03\\\/26-vehiculos-y-281-motocicletas-han-sido-recuperadas-en-lo-que-va-corrido-del-2022\\\/#breadcrumb\"},\"inLanguage\":\"es\",\"potentialAction\":[{\"@type\":\"ReadAction\",\"target\":[\"https:\\\/\\\/contrastes.com.co\\\/web\\\/2022\\\/06\\\/03\\\/26-vehiculos-y-281-motocicletas-han-sido-recuperadas-en-lo-que-va-corrido-del-2022\\\/\"]}]},{\"@type\":\"ImageObject\",\"inLanguage\":\"es\",\"@id\":\"https:\\\/\\\/contrastes.com.co\\\/web\\\/2022\\\/06\\\/03\\\/26-vehiculos-y-281-motocicletas-han-sido-recuperadas-en-lo-que-va-corrido-del-2022\\\/#primaryimage\",\"url\":\"\",\"contentUrl\":\"\"},{\"@type\":\"BreadcrumbList\",\"@id\":\"https:\\\/\\\/contrastes.com.co\\\/web\\\/2022\\\/06\\\/03\\\/26-vehiculos-y-281-motocicletas-han-sido-recuperadas-en-lo-que-va-corrido-del-2022\\\/#breadcrumb\",\"itemListElement\":[{\"@type\":\"ListItem\",\"position\":1,\"name\":\"Portada\",\"item\":\"https:\\\/\\\/contrastes.com.co\\\/web\\\/\"},{\"@type\":\"ListItem\",\"position\":2,\"name\":\"26 veh\u00edculos y 281 motocicletas han sido recuperadas en lo que va corrido del 2022\"}]},{\"@type\":\"WebSite\",\"@id\":\"https:\\\/\\\/contrastes.com.co\\\/web\\\/#website\",\"url\":\"https:\\\/\\\/contrastes.com.co\\\/web\\\/\",\"name\":\"Contrastes\",\"description\":\"Periodismo de Conciencia\",\"publisher\":{\"@id\":\"https:\\\/\\\/contrastes.com.co\\\/web\\\/#organization\"},\"potentialAction\":[{\"@type\":\"SearchAction\",\"target\":{\"@type\":\"EntryPoint\",\"urlTemplate\":\"https:\\\/\\\/contrastes.com.co\\\/web\\\/?s={search_term_string}\"},\"query-input\":{\"@type\":\"PropertyValueSpecification\",\"valueRequired\":true,\"valueName\":\"search_term_string\"}}],\"inLanguage\":\"es\"},{\"@type\":\"Organization\",\"@id\":\"https:\\\/\\\/contrastes.com.co\\\/web\\\/#organization\",\"name\":\"Contrastes\",\"url\":\"https:\\\/\\\/contrastes.com.co\\\/web\\\/\",\"logo\":{\"@type\":\"ImageObject\",\"inLanguage\":\"es\",\"@id\":\"https:\\\/\\\/contrastes.com.co\\\/web\\\/#\\\/schema\\\/logo\\\/image\\\/\",\"url\":\"https:\\\/\\\/contrastes.com.co\\\/web\\\/wp-content\\\/uploads\\\/2025\\\/04\\\/15CONTRASTES3.png\",\"contentUrl\":\"https:\\\/\\\/contrastes.com.co\\\/web\\\/wp-content\\\/uploads\\\/2025\\\/04\\\/15CONTRASTES3.png\",\"width\":1536,\"height\":231,\"caption\":\"Contrastes\"},\"image\":{\"@id\":\"https:\\\/\\\/contrastes.com.co\\\/web\\\/#\\\/schema\\\/logo\\\/image\\\/\"},\"sameAs\":[\"https:\\\/\\\/www.facebook.com\\\/guillo.pantoja.1\"]},{\"@type\":\"Person\",\"@id\":\"https:\\\/\\\/contrastes.com.co\\\/web\\\/#\\\/schema\\\/person\\\/62ef7a62dc4da6de450c71fc2e95ed02\",\"name\":\"Editor\",\"image\":{\"@type\":\"ImageObject\",\"inLanguage\":\"es\",\"@id\":\"https:\\\/\\\/secure.gravatar.com\\\/avatar\\\/7bbb4f718d74bbf600dc556253bb04fd7ac8593751d6e2e3b85432d98aefae80?s=96&d=mm&r=g\",\"url\":\"https:\\\/\\\/secure.gravatar.com\\\/avatar\\\/7bbb4f718d74bbf600dc556253bb04fd7ac8593751d6e2e3b85432d98aefae80?s=96&d=mm&r=g\",\"contentUrl\":\"https:\\\/\\\/secure.gravatar.com\\\/avatar\\\/7bbb4f718d74bbf600dc556253bb04fd7ac8593751d6e2e3b85432d98aefae80?s=96&d=mm&r=g\",\"caption\":\"Editor\"},\"sameAs\":[\"https:\\\/\\\/contrastes.com.co\\\/web\"],\"url\":\"https:\\\/\\\/contrastes.com.co\\\/web\\\/author\\\/jdbobadilla\\\/\"}]}<\/script>\n<!-- \/ Yoast SEO plugin. -->","yoast_head_json":{"title":"26 veh\u00edculos y 281 motocicletas han sido recuperadas en lo que va corrido del 2022 - Constrastes","robots":{"index":"index","follow":"follow","max-snippet":"max-snippet:-1","max-image-preview":"max-image-preview:large","max-video-preview":"max-video-preview:-1"},"canonical":"https:\/\/contrastes.com.co\/web\/2022\/06\/03\/26-vehiculos-y-281-motocicletas-han-sido-recuperadas-en-lo-que-va-corrido-del-2022\/","og_locale":"es_ES","og_type":"article","og_title":"26 veh\u00edculos y 281 motocicletas han sido recuperadas en lo que va corrido del 2022 - Constrastes","og_description":"El balance de la Polic\u00eda Nacional en Soledad: 26 veh\u00edculos y 281 motocicletas han sido recuperadas en lo que va corrido del 2022 En las \u00faltimas 24 horas fueron recuperados dos motocarros que hab\u00edan sido hurtados n desarrollo de la estrategia \u201cImplacables Contra el Delito\u201d La Polic\u00eda Metropolitana de Barranquilla, a trav\u00e9s del Comando del [&hellip;]","og_url":"https:\/\/contrastes.com.co\/web\/2022\/06\/03\/26-vehiculos-y-281-motocicletas-han-sido-recuperadas-en-lo-que-va-corrido-del-2022\/","og_site_name":"Constrastes","article_publisher":"https:\/\/www.facebook.com\/guillo.pantoja.1","article_published_time":"2022-06-03T19:40:30+00:00","author":"Editor","twitter_card":"summary_large_image","twitter_misc":{"Escrito por":"Editor","Tiempo de lectura":"2 minutos"},"schema":{"@context":"https:\/\/schema.org","@graph":[{"@type":"Article","@id":"https:\/\/contrastes.com.co\/web\/2022\/06\/03\/26-vehiculos-y-281-motocicletas-han-sido-recuperadas-en-lo-que-va-corrido-del-2022\/#article","isPartOf":{"@id":"https:\/\/contrastes.com.co\/web\/2022\/06\/03\/26-vehiculos-y-281-motocicletas-han-sido-recuperadas-en-lo-que-va-corrido-del-2022\/"},"author":{"name":"Editor","@id":"https:\/\/contrastes.com.co\/web\/#\/schema\/person\/62ef7a62dc4da6de450c71fc2e95ed02"},"headline":"26 veh\u00edculos y 281 motocicletas han sido recuperadas en lo que va corrido del 2022","datePublished":"2022-06-03T19:40:30+00:00","mainEntityOfPage":{"@id":"https:\/\/contrastes.com.co\/web\/2022\/06\/03\/26-vehiculos-y-281-motocicletas-han-sido-recuperadas-en-lo-que-va-corrido-del-2022\/"},"wordCount":348,"commentCount":0,"publisher":{"@id":"https:\/\/contrastes.com.co\/web\/#organization"},"image":{"@id":"https:\/\/contrastes.com.co\/web\/2022\/06\/03\/26-vehiculos-y-281-motocicletas-han-sido-recuperadas-en-lo-que-va-corrido-del-2022\/#primaryimage"},"thumbnailUrl":"","keywords":["Comando del Sexto Distrito de Polic\u00eda Soledad","Estrategia \"Implacables Contra el Delito\"","motocicletas recuperadas","municipio de soledad","veh\u00edculos recuperados"],"articleSection":["Judicial","Locales"],"inLanguage":"es","potentialAction":[{"@type":"CommentAction","name":"Comment","target":["https:\/\/contrastes.com.co\/web\/2022\/06\/03\/26-vehiculos-y-281-motocicletas-han-sido-recuperadas-en-lo-que-va-corrido-del-2022\/#respond"]}]},{"@type":"WebPage","@id":"https:\/\/contrastes.com.co\/web\/2022\/06\/03\/26-vehiculos-y-281-motocicletas-han-sido-recuperadas-en-lo-que-va-corrido-del-2022\/","url":"https:\/\/contrastes.com.co\/web\/2022\/06\/03\/26-vehiculos-y-281-motocicletas-han-sido-recuperadas-en-lo-que-va-corrido-del-2022\/","name":"26 veh\u00edculos y 281 motocicletas han sido recuperadas en lo que va corrido del 2022 - Constrastes","isPartOf":{"@id":"https:\/\/contrastes.com.co\/web\/#website"},"primaryImageOfPage":{"@id":"https:\/\/contrastes.com.co\/web\/2022\/06\/03\/26-vehiculos-y-281-motocicletas-han-sido-recuperadas-en-lo-que-va-corrido-del-2022\/#primaryimage"},"image":{"@id":"https:\/\/contrastes.com.co\/web\/2022\/06\/03\/26-vehiculos-y-281-motocicletas-han-sido-recuperadas-en-lo-que-va-corrido-del-2022\/#primaryimage"},"thumbnailUrl":"","datePublished":"2022-06-03T19:40:30+00:00","breadcrumb":{"@id":"https:\/\/contrastes.com.co\/web\/2022\/06\/03\/26-vehiculos-y-281-motocicletas-han-sido-recuperadas-en-lo-que-va-corrido-del-2022\/#breadcrumb"},"inLanguage":"es","potentialAction":[{"@type":"ReadAction","target":["https:\/\/contrastes.com.co\/web\/2022\/06\/03\/26-vehiculos-y-281-motocicletas-han-sido-recuperadas-en-lo-que-va-corrido-del-2022\/"]}]},{"@type":"ImageObject","inLanguage":"es","@id":"https:\/\/contrastes.com.co\/web\/2022\/06\/03\/26-vehiculos-y-281-motocicletas-han-sido-recuperadas-en-lo-que-va-corrido-del-2022\/#primaryimage","url":"","contentUrl":""},{"@type":"BreadcrumbList","@id":"https:\/\/contrastes.com.co\/web\/2022\/06\/03\/26-vehiculos-y-281-motocicletas-han-sido-recuperadas-en-lo-que-va-corrido-del-2022\/#breadcrumb","itemListElement":[{"@type":"ListItem","position":1,"name":"Portada","item":"https:\/\/contrastes.com.co\/web\/"},{"@type":"ListItem","position":2,"name":"26 veh\u00edculos y 281 motocicletas han sido recuperadas en lo que va corrido del 2022"}]},{"@type":"WebSite","@id":"https:\/\/contrastes.com.co\/web\/#website","url":"https:\/\/contrastes.com.co\/web\/","name":"Contrastes","description":"Periodismo de Conciencia","publisher":{"@id":"https:\/\/contrastes.com.co\/web\/#organization"},"potentialAction":[{"@type":"SearchAction","target":{"@type":"EntryPoint","urlTemplate":"https:\/\/contrastes.com.co\/web\/?s={search_term_string}"},"query-input":{"@type":"PropertyValueSpecification","valueRequired":true,"valueName":"search_term_string"}}],"inLanguage":"es"},{"@type":"Organization","@id":"https:\/\/contrastes.com.co\/web\/#organization","name":"Contrastes","url":"https:\/\/contrastes.com.co\/web\/","logo":{"@type":"ImageObject","inLanguage":"es","@id":"https:\/\/contrastes.com.co\/web\/#\/schema\/logo\/image\/","url":"https:\/\/contrastes.com.co\/web\/wp-content\/uploads\/2025\/04\/15CONTRASTES3.png","contentUrl":"https:\/\/contrastes.com.co\/web\/wp-content\/uploads\/2025\/04\/15CONTRASTES3.png","width":1536,"height":231,"caption":"Contrastes"},"image":{"@id":"https:\/\/contrastes.com.co\/web\/#\/schema\/logo\/image\/"},"sameAs":["https:\/\/www.facebook.com\/guillo.pantoja.1"]},{"@type":"Person","@id":"https:\/\/contrastes.com.co\/web\/#\/schema\/person\/62ef7a62dc4da6de450c71fc2e95ed02","name":"Editor","image":{"@type":"ImageObject","inLanguage":"es","@id":"https:\/\/secure.gravatar.com\/avatar\/7bbb4f718d74bbf600dc556253bb04fd7ac8593751d6e2e3b85432d98aefae80?s=96&d=mm&r=g","url":"https:\/\/secure.gravatar.com\/avatar\/7bbb4f718d74bbf600dc556253bb04fd7ac8593751d6e2e3b85432d98aefae80?s=96&d=mm&r=g","contentUrl":"https:\/\/secure.gravatar.com\/avatar\/7bbb4f718d74bbf600dc556253bb04fd7ac8593751d6e2e3b85432d98aefae80?s=96&d=mm&r=g","caption":"Editor"},"sameAs":["https:\/\/contrastes.com.co\/web"],"url":"https:\/\/contrastes.com.co\/web\/author\/jdbobadilla\/"}]}},"blog_post_layout_featured_media_urls":{"thumbnail":"","full":""},"categories_names":{"172":{"name":"Judicial","link":"https:\/\/contrastes.com.co\/web\/category\/judicial\/"},"23":{"name":"Locales","link":"https:\/\/contrastes.com.co\/web\/category\/locales\/"}},"tags_names":{"5916":{"name":"Comando del Sexto Distrito de Polic\u00eda Soledad","link":"https:\/\/contrastes.com.co\/web\/tag\/comando-del-sexto-distrito-de-policia-soledad\/"},"5768":{"name":"Estrategia \"Implacables Contra el Delito\"","link":"https:\/\/contrastes.com.co\/web\/tag\/estrategia-implacables-contra-el-delito\/"},"5917":{"name":"motocicletas recuperadas","link":"https:\/\/contrastes.com.co\/web\/tag\/motocicletas-recuperadas\/"},"51":{"name":"municipio de soledad","link":"https:\/\/contrastes.com.co\/web\/tag\/municipio-de-soledad\/"},"5918":{"name":"veh\u00edculos recuperados","link":"https:\/\/contrastes.com.co\/web\/tag\/vehiculos-recuperados\/"}},"comments_number":"0","wpmagazine_modules_lite_featured_media_urls":{"thumbnail":"","cvmm-medium":"","cvmm-medium-plus":"","cvmm-portrait":"","cvmm-medium-square":"","cvmm-large":"","cvmm-small":"","full":""},"_links":{"self":[{"href":"https:\/\/contrastes.com.co\/web\/wp-json\/wp\/v2\/posts\/9781","targetHints":{"allow":["GET"]}}],"collection":[{"href":"https:\/\/contrastes.com.co\/web\/wp-json\/wp\/v2\/posts"}],"about":[{"href":"https:\/\/contrastes.com.co\/web\/wp-json\/wp\/v2\/types\/post"}],"author":[{"embeddable":true,"href":"https:\/\/contrastes.com.co\/web\/wp-json\/wp\/v2\/users\/1"}],"replies":[{"embeddable":true,"href":"https:\/\/contrastes.com.co\/web\/wp-json\/wp\/v2\/comments?post=9781"}],"version-history":[{"count":0,"href":"https:\/\/contrastes.com.co\/web\/wp-json\/wp\/v2\/posts\/9781\/revisions"}],"wp:attachment":[{"href":"https:\/\/contrastes.com.co\/web\/wp-json\/wp\/v2\/media?parent=9781"}],"wp:term":[{"taxonomy":"category","embeddable":true,"href":"https:\/\/contrastes.com.co\/web\/wp-json\/wp\/v2\/categories?post=9781"},{"taxonomy":"post_tag","embeddable":true,"href":"https:\/\/contrastes.com.co\/web\/wp-json\/wp\/v2\/tags?post=9781"}],"curies":[{"name":"wp","href":"https:\/\/api.w.org\/{rel}","templated":true}]}}