{"id":981,"date":"2020-05-17T21:09:35","date_gmt":"2020-05-18T02:09:35","guid":{"rendered":"https:\/\/contrastes.com.co\/digital\/?p=981"},"modified":"2020-05-17T21:09:35","modified_gmt":"2020-05-18T02:09:35","slug":"colombia-supero-los-15-mil-contagiados-de-coronavirus-y-las-500-muertes","status":"publish","type":"post","link":"https:\/\/contrastes.com.co\/web\/2020\/05\/17\/colombia-supero-los-15-mil-contagiados-de-coronavirus-y-las-500-muertes\/","title":{"rendered":"Colombia super\u00f3 los 15 mil contagios y las 500 muertes"},"content":{"rendered":"<blockquote><p><strong>Colombia sum\u00f3 este domingo 635 casos nuevos de COVID-19 y lleg\u00f3 a 15.574 contagiados, mientras que 12 fallecimientos aumentaron a 574 el total de muertes en el pa\u00eds, inform\u00f3 el Ministerio de Salud.<\/strong><\/p><\/blockquote>\n<p><img decoding=\"async\" class=\"alignleft  wp-image-854\" src=\"https:\/\/contrastes.com.co\/digital\/wp-content\/uploads\/2020\/05\/s-capitular.png\" alt=\"s capitular\" width=\"67\" height=\"90\" \/>eg\u00fan el reporte diario, en Bogot\u00e1 est\u00e1n 239 de los nuevos enfermos y le siguen los departamentos de Atl\u00e1ntico (186), Valle del Cauca (75), Bol\u00edvar (70), Antioquia (16), Cundinamarca (13), C\u00f3rdoba (7) y Nari\u00f1o (5). El resto se encuentran en Meta y Magdalena (4), Amazonas y Cauca (3), La Guajira, Risaralda y Huila (2), y Norte de Santander, Caldas, Cesar y Choc\u00f3 (1).<\/p>\n<p>Sobre los fallecimientos, el Ministerio de Salud se\u00f1al\u00f3 que tres ocurrieron en Bogot\u00e1 y tres en Cartagena de Indias (Bol\u00edvar), as\u00ed como dos en Leticia, capital departamental del Amazonas, y dos en Boyac\u00e1, una de ellas en Cucaita y la otra en Paipa.<\/p>\n<p>Las otras dos v\u00edctimas mortales son un hombre que estaba en C\u00facuta, principal paso fronterizo del pa\u00eds con Venezuela y ubicada en Norte de Santander, y un adulto en Tumaco (Nari\u00f1o), segundo puerto de Colombia en el Pac\u00edfico.<\/p>\n<p>En las \u00faltimas 24 horas, a\u00f1adi\u00f3 el Ministerio de Salud, se procesaron 6.303 pruebas y se recuperaron 164 pacientes, para un total de 3.751 personas que han superado la enfermedad.<\/p>\n<p>En cuanto a los principales focos de la pandemia en Colombia, Bogot\u00e1 es el primero con 5.521 contagios, seguido del Atl\u00e1ntico que con el reporte de hoy lleg\u00f3 a 1.746 y super\u00f3 los 1.745 del Valle del Cauca.<\/p>\n<p>Tambi\u00e9n tienen cifras altas de contagios los departamentos de Bol\u00edvar (1.343), Amazonas (1.007), Meta (949), Antioquia (534), Nari\u00f1o (494), Magdalena (409), Cundinamarca (360), Risaralda (238), Huila (210), Tolima (159), Caldas (120), Norte de Santander (113) y Boyac\u00e1 (105).<\/p>\n<p><a href=\"https:\/\/twitter.com\/MinSaludCol\/status\/1262141184081833984\">https:\/\/twitter.com\/MinSaludCol\/status\/1262141184081833984<\/a><\/p>\n<p><strong>TRASLADO DE PACIENTES<\/strong><\/p>\n<p>Debido a las precarias condiciones del hospital de Leticia la Fuerza A\u00e9rea Colombiana (FAC) inici\u00f3 este domingo el traslado a Bogot\u00e1 de siete pacientes hospitalizados por COVID-19 en esa ciudad amaz\u00f3nica, para lo cual fue adaptado avi\u00f3n Casa-295.<\/p>\n<p>El traslado se hizo necesario porque la situaci\u00f3n del Hospital San Rafael de Leticia, intervenido por el Gobierno Nacional por corrupci\u00f3n, se agrav\u00f3 por un da\u00f1o en la planta de ox\u00edgeno, \u201cde m\u00e1s de 30 a\u00f1os de uso\u201d.<\/p>\n<p>Seg\u00fan el Ministerio de Defensa, durante el vuelo los pacientes estuvieron conectados a unidades de cuidados intensivos (UCI) y fueron atendidos por m\u00e9dicos militares capacitados para la operaci\u00f3n.<\/p>\n<p>De las 1.007 personas contagiadas en el Amazonas, al menos 38 fallecieron.<\/p>\n<p>En cuanto a los 949 casos del Meta (centro), 867 est\u00e1n en la c\u00e1rcel de Villavicencio, que tiene el principal foco individual de COVID-19 del pa\u00eds y esta en emergencia desde hace varias semanas por la pandemia.<\/p>\n","protected":false},"excerpt":{"rendered":"<p>Colombia sum\u00f3 este domingo 635 casos nuevos de COVID-19 y lleg\u00f3 a 15.574 contagiados, mientras que 12 fallecimientos aumentaron a 574 el total de muertes en el pa\u00eds, inform\u00f3 el Ministerio de Salud. eg\u00fan el reporte diario, en Bogot\u00e1 est\u00e1n 239 de los nuevos enfermos y le siguen los departamentos de Atl\u00e1ntico (186), Valle del [&hellip;]<\/p>\n","protected":false},"author":1,"featured_media":982,"comment_status":"open","ping_status":"open","sticky":false,"template":"","format":"standard","meta":{"footnotes":""},"categories":[1],"tags":[86,74,100],"class_list":["post-981","post","type-post","status-publish","format-standard","has-post-thumbnail","hentry","category-uncategorized","tag-coronavirus","tag-covid19","tag-ministerio-de-salud"],"yoast_head":"<!-- This site is optimized with the Yoast SEO plugin v27.7 - https:\/\/yoast.com\/product\/yoast-seo-wordpress\/ -->\n<title>Colombia super\u00f3 los 15 mil contagios y las 500 muertes - Constrastes<\/title>\n<meta name=\"robots\" content=\"index, follow, max-snippet:-1, max-image-preview:large, max-video-preview:-1\" \/>\n<link rel=\"canonical\" href=\"https:\/\/contrastes.com.co\/web\/2020\/05\/17\/colombia-supero-los-15-mil-contagiados-de-coronavirus-y-las-500-muertes\/\" \/>\n<meta property=\"og:locale\" content=\"es_ES\" \/>\n<meta property=\"og:type\" content=\"article\" \/>\n<meta property=\"og:title\" content=\"Colombia super\u00f3 los 15 mil contagios y las 500 muertes - Constrastes\" \/>\n<meta property=\"og:description\" content=\"Colombia sum\u00f3 este domingo 635 casos nuevos de COVID-19 y lleg\u00f3 a 15.574 contagiados, mientras que 12 fallecimientos aumentaron a 574 el total de muertes en el pa\u00eds, inform\u00f3 el Ministerio de Salud. eg\u00fan el reporte diario, en Bogot\u00e1 est\u00e1n 239 de los nuevos enfermos y le siguen los departamentos de Atl\u00e1ntico (186), Valle del [&hellip;]\" \/>\n<meta property=\"og:url\" content=\"https:\/\/contrastes.com.co\/web\/2020\/05\/17\/colombia-supero-los-15-mil-contagiados-de-coronavirus-y-las-500-muertes\/\" \/>\n<meta property=\"og:site_name\" content=\"Constrastes\" \/>\n<meta property=\"article:publisher\" content=\"https:\/\/www.facebook.com\/guillo.pantoja.1\" \/>\n<meta property=\"article:published_time\" content=\"2020-05-18T02:09:35+00:00\" \/>\n<meta name=\"author\" content=\"Editor\" \/>\n<meta name=\"twitter:card\" content=\"summary_large_image\" \/>\n<meta name=\"twitter:label1\" content=\"Escrito por\" \/>\n\t<meta name=\"twitter:data1\" content=\"Editor\" \/>\n\t<meta name=\"twitter:label2\" content=\"Tiempo de lectura\" \/>\n\t<meta name=\"twitter:data2\" content=\"2 minutos\" \/>\n<script type=\"application\/ld+json\" class=\"yoast-schema-graph\">{\"@context\":\"https:\\\/\\\/schema.org\",\"@graph\":[{\"@type\":\"Article\",\"@id\":\"https:\\\/\\\/contrastes.com.co\\\/web\\\/2020\\\/05\\\/17\\\/colombia-supero-los-15-mil-contagiados-de-coronavirus-y-las-500-muertes\\\/#article\",\"isPartOf\":{\"@id\":\"https:\\\/\\\/contrastes.com.co\\\/web\\\/2020\\\/05\\\/17\\\/colombia-supero-los-15-mil-contagiados-de-coronavirus-y-las-500-muertes\\\/\"},\"author\":{\"name\":\"Editor\",\"@id\":\"https:\\\/\\\/contrastes.com.co\\\/web\\\/#\\\/schema\\\/person\\\/62ef7a62dc4da6de450c71fc2e95ed02\"},\"headline\":\"Colombia super\u00f3 los 15 mil contagios y las 500 muertes\",\"datePublished\":\"2020-05-18T02:09:35+00:00\",\"mainEntityOfPage\":{\"@id\":\"https:\\\/\\\/contrastes.com.co\\\/web\\\/2020\\\/05\\\/17\\\/colombia-supero-los-15-mil-contagiados-de-coronavirus-y-las-500-muertes\\\/\"},\"wordCount\":447,\"commentCount\":0,\"publisher\":{\"@id\":\"https:\\\/\\\/contrastes.com.co\\\/web\\\/#organization\"},\"image\":{\"@id\":\"https:\\\/\\\/contrastes.com.co\\\/web\\\/2020\\\/05\\\/17\\\/colombia-supero-los-15-mil-contagiados-de-coronavirus-y-las-500-muertes\\\/#primaryimage\"},\"thumbnailUrl\":\"\",\"keywords\":[\"coronavirus\",\"Covid19\",\"Ministerio de Salud\"],\"articleSection\":[\"Uncategorized\"],\"inLanguage\":\"es\",\"potentialAction\":[{\"@type\":\"CommentAction\",\"name\":\"Comment\",\"target\":[\"https:\\\/\\\/contrastes.com.co\\\/web\\\/2020\\\/05\\\/17\\\/colombia-supero-los-15-mil-contagiados-de-coronavirus-y-las-500-muertes\\\/#respond\"]}]},{\"@type\":\"WebPage\",\"@id\":\"https:\\\/\\\/contrastes.com.co\\\/web\\\/2020\\\/05\\\/17\\\/colombia-supero-los-15-mil-contagiados-de-coronavirus-y-las-500-muertes\\\/\",\"url\":\"https:\\\/\\\/contrastes.com.co\\\/web\\\/2020\\\/05\\\/17\\\/colombia-supero-los-15-mil-contagiados-de-coronavirus-y-las-500-muertes\\\/\",\"name\":\"Colombia super\u00f3 los 15 mil contagios y las 500 muertes - Constrastes\",\"isPartOf\":{\"@id\":\"https:\\\/\\\/contrastes.com.co\\\/web\\\/#website\"},\"primaryImageOfPage\":{\"@id\":\"https:\\\/\\\/contrastes.com.co\\\/web\\\/2020\\\/05\\\/17\\\/colombia-supero-los-15-mil-contagiados-de-coronavirus-y-las-500-muertes\\\/#primaryimage\"},\"image\":{\"@id\":\"https:\\\/\\\/contrastes.com.co\\\/web\\\/2020\\\/05\\\/17\\\/colombia-supero-los-15-mil-contagiados-de-coronavirus-y-las-500-muertes\\\/#primaryimage\"},\"thumbnailUrl\":\"\",\"datePublished\":\"2020-05-18T02:09:35+00:00\",\"breadcrumb\":{\"@id\":\"https:\\\/\\\/contrastes.com.co\\\/web\\\/2020\\\/05\\\/17\\\/colombia-supero-los-15-mil-contagiados-de-coronavirus-y-las-500-muertes\\\/#breadcrumb\"},\"inLanguage\":\"es\",\"potentialAction\":[{\"@type\":\"ReadAction\",\"target\":[\"https:\\\/\\\/contrastes.com.co\\\/web\\\/2020\\\/05\\\/17\\\/colombia-supero-los-15-mil-contagiados-de-coronavirus-y-las-500-muertes\\\/\"]}]},{\"@type\":\"ImageObject\",\"inLanguage\":\"es\",\"@id\":\"https:\\\/\\\/contrastes.com.co\\\/web\\\/2020\\\/05\\\/17\\\/colombia-supero-los-15-mil-contagiados-de-coronavirus-y-las-500-muertes\\\/#primaryimage\",\"url\":\"\",\"contentUrl\":\"\"},{\"@type\":\"BreadcrumbList\",\"@id\":\"https:\\\/\\\/contrastes.com.co\\\/web\\\/2020\\\/05\\\/17\\\/colombia-supero-los-15-mil-contagiados-de-coronavirus-y-las-500-muertes\\\/#breadcrumb\",\"itemListElement\":[{\"@type\":\"ListItem\",\"position\":1,\"name\":\"Portada\",\"item\":\"https:\\\/\\\/contrastes.com.co\\\/web\\\/\"},{\"@type\":\"ListItem\",\"position\":2,\"name\":\"Colombia super\u00f3 los 15 mil contagios y las 500 muertes\"}]},{\"@type\":\"WebSite\",\"@id\":\"https:\\\/\\\/contrastes.com.co\\\/web\\\/#website\",\"url\":\"https:\\\/\\\/contrastes.com.co\\\/web\\\/\",\"name\":\"Contrastes\",\"description\":\"Periodismo de Conciencia\",\"publisher\":{\"@id\":\"https:\\\/\\\/contrastes.com.co\\\/web\\\/#organization\"},\"potentialAction\":[{\"@type\":\"SearchAction\",\"target\":{\"@type\":\"EntryPoint\",\"urlTemplate\":\"https:\\\/\\\/contrastes.com.co\\\/web\\\/?s={search_term_string}\"},\"query-input\":{\"@type\":\"PropertyValueSpecification\",\"valueRequired\":true,\"valueName\":\"search_term_string\"}}],\"inLanguage\":\"es\"},{\"@type\":\"Organization\",\"@id\":\"https:\\\/\\\/contrastes.com.co\\\/web\\\/#organization\",\"name\":\"Contrastes\",\"url\":\"https:\\\/\\\/contrastes.com.co\\\/web\\\/\",\"logo\":{\"@type\":\"ImageObject\",\"inLanguage\":\"es\",\"@id\":\"https:\\\/\\\/contrastes.com.co\\\/web\\\/#\\\/schema\\\/logo\\\/image\\\/\",\"url\":\"https:\\\/\\\/contrastes.com.co\\\/web\\\/wp-content\\\/uploads\\\/2025\\\/04\\\/15CONTRASTES3.png\",\"contentUrl\":\"https:\\\/\\\/contrastes.com.co\\\/web\\\/wp-content\\\/uploads\\\/2025\\\/04\\\/15CONTRASTES3.png\",\"width\":1536,\"height\":231,\"caption\":\"Contrastes\"},\"image\":{\"@id\":\"https:\\\/\\\/contrastes.com.co\\\/web\\\/#\\\/schema\\\/logo\\\/image\\\/\"},\"sameAs\":[\"https:\\\/\\\/www.facebook.com\\\/guillo.pantoja.1\"]},{\"@type\":\"Person\",\"@id\":\"https:\\\/\\\/contrastes.com.co\\\/web\\\/#\\\/schema\\\/person\\\/62ef7a62dc4da6de450c71fc2e95ed02\",\"name\":\"Editor\",\"image\":{\"@type\":\"ImageObject\",\"inLanguage\":\"es\",\"@id\":\"https:\\\/\\\/secure.gravatar.com\\\/avatar\\\/7bbb4f718d74bbf600dc556253bb04fd7ac8593751d6e2e3b85432d98aefae80?s=96&d=mm&r=g\",\"url\":\"https:\\\/\\\/secure.gravatar.com\\\/avatar\\\/7bbb4f718d74bbf600dc556253bb04fd7ac8593751d6e2e3b85432d98aefae80?s=96&d=mm&r=g\",\"contentUrl\":\"https:\\\/\\\/secure.gravatar.com\\\/avatar\\\/7bbb4f718d74bbf600dc556253bb04fd7ac8593751d6e2e3b85432d98aefae80?s=96&d=mm&r=g\",\"caption\":\"Editor\"},\"sameAs\":[\"https:\\\/\\\/contrastes.com.co\\\/web\"],\"url\":\"https:\\\/\\\/contrastes.com.co\\\/web\\\/author\\\/jdbobadilla\\\/\"}]}<\/script>\n<!-- \/ Yoast SEO plugin. -->","yoast_head_json":{"title":"Colombia super\u00f3 los 15 mil contagios y las 500 muertes - Constrastes","robots":{"index":"index","follow":"follow","max-snippet":"max-snippet:-1","max-image-preview":"max-image-preview:large","max-video-preview":"max-video-preview:-1"},"canonical":"https:\/\/contrastes.com.co\/web\/2020\/05\/17\/colombia-supero-los-15-mil-contagiados-de-coronavirus-y-las-500-muertes\/","og_locale":"es_ES","og_type":"article","og_title":"Colombia super\u00f3 los 15 mil contagios y las 500 muertes - Constrastes","og_description":"Colombia sum\u00f3 este domingo 635 casos nuevos de COVID-19 y lleg\u00f3 a 15.574 contagiados, mientras que 12 fallecimientos aumentaron a 574 el total de muertes en el pa\u00eds, inform\u00f3 el Ministerio de Salud. eg\u00fan el reporte diario, en Bogot\u00e1 est\u00e1n 239 de los nuevos enfermos y le siguen los departamentos de Atl\u00e1ntico (186), Valle del [&hellip;]","og_url":"https:\/\/contrastes.com.co\/web\/2020\/05\/17\/colombia-supero-los-15-mil-contagiados-de-coronavirus-y-las-500-muertes\/","og_site_name":"Constrastes","article_publisher":"https:\/\/www.facebook.com\/guillo.pantoja.1","article_published_time":"2020-05-18T02:09:35+00:00","author":"Editor","twitter_card":"summary_large_image","twitter_misc":{"Escrito por":"Editor","Tiempo de lectura":"2 minutos"},"schema":{"@context":"https:\/\/schema.org","@graph":[{"@type":"Article","@id":"https:\/\/contrastes.com.co\/web\/2020\/05\/17\/colombia-supero-los-15-mil-contagiados-de-coronavirus-y-las-500-muertes\/#article","isPartOf":{"@id":"https:\/\/contrastes.com.co\/web\/2020\/05\/17\/colombia-supero-los-15-mil-contagiados-de-coronavirus-y-las-500-muertes\/"},"author":{"name":"Editor","@id":"https:\/\/contrastes.com.co\/web\/#\/schema\/person\/62ef7a62dc4da6de450c71fc2e95ed02"},"headline":"Colombia super\u00f3 los 15 mil contagios y las 500 muertes","datePublished":"2020-05-18T02:09:35+00:00","mainEntityOfPage":{"@id":"https:\/\/contrastes.com.co\/web\/2020\/05\/17\/colombia-supero-los-15-mil-contagiados-de-coronavirus-y-las-500-muertes\/"},"wordCount":447,"commentCount":0,"publisher":{"@id":"https:\/\/contrastes.com.co\/web\/#organization"},"image":{"@id":"https:\/\/contrastes.com.co\/web\/2020\/05\/17\/colombia-supero-los-15-mil-contagiados-de-coronavirus-y-las-500-muertes\/#primaryimage"},"thumbnailUrl":"","keywords":["coronavirus","Covid19","Ministerio de Salud"],"articleSection":["Uncategorized"],"inLanguage":"es","potentialAction":[{"@type":"CommentAction","name":"Comment","target":["https:\/\/contrastes.com.co\/web\/2020\/05\/17\/colombia-supero-los-15-mil-contagiados-de-coronavirus-y-las-500-muertes\/#respond"]}]},{"@type":"WebPage","@id":"https:\/\/contrastes.com.co\/web\/2020\/05\/17\/colombia-supero-los-15-mil-contagiados-de-coronavirus-y-las-500-muertes\/","url":"https:\/\/contrastes.com.co\/web\/2020\/05\/17\/colombia-supero-los-15-mil-contagiados-de-coronavirus-y-las-500-muertes\/","name":"Colombia super\u00f3 los 15 mil contagios y las 500 muertes - Constrastes","isPartOf":{"@id":"https:\/\/contrastes.com.co\/web\/#website"},"primaryImageOfPage":{"@id":"https:\/\/contrastes.com.co\/web\/2020\/05\/17\/colombia-supero-los-15-mil-contagiados-de-coronavirus-y-las-500-muertes\/#primaryimage"},"image":{"@id":"https:\/\/contrastes.com.co\/web\/2020\/05\/17\/colombia-supero-los-15-mil-contagiados-de-coronavirus-y-las-500-muertes\/#primaryimage"},"thumbnailUrl":"","datePublished":"2020-05-18T02:09:35+00:00","breadcrumb":{"@id":"https:\/\/contrastes.com.co\/web\/2020\/05\/17\/colombia-supero-los-15-mil-contagiados-de-coronavirus-y-las-500-muertes\/#breadcrumb"},"inLanguage":"es","potentialAction":[{"@type":"ReadAction","target":["https:\/\/contrastes.com.co\/web\/2020\/05\/17\/colombia-supero-los-15-mil-contagiados-de-coronavirus-y-las-500-muertes\/"]}]},{"@type":"ImageObject","inLanguage":"es","@id":"https:\/\/contrastes.com.co\/web\/2020\/05\/17\/colombia-supero-los-15-mil-contagiados-de-coronavirus-y-las-500-muertes\/#primaryimage","url":"","contentUrl":""},{"@type":"BreadcrumbList","@id":"https:\/\/contrastes.com.co\/web\/2020\/05\/17\/colombia-supero-los-15-mil-contagiados-de-coronavirus-y-las-500-muertes\/#breadcrumb","itemListElement":[{"@type":"ListItem","position":1,"name":"Portada","item":"https:\/\/contrastes.com.co\/web\/"},{"@type":"ListItem","position":2,"name":"Colombia super\u00f3 los 15 mil contagios y las 500 muertes"}]},{"@type":"WebSite","@id":"https:\/\/contrastes.com.co\/web\/#website","url":"https:\/\/contrastes.com.co\/web\/","name":"Contrastes","description":"Periodismo de Conciencia","publisher":{"@id":"https:\/\/contrastes.com.co\/web\/#organization"},"potentialAction":[{"@type":"SearchAction","target":{"@type":"EntryPoint","urlTemplate":"https:\/\/contrastes.com.co\/web\/?s={search_term_string}"},"query-input":{"@type":"PropertyValueSpecification","valueRequired":true,"valueName":"search_term_string"}}],"inLanguage":"es"},{"@type":"Organization","@id":"https:\/\/contrastes.com.co\/web\/#organization","name":"Contrastes","url":"https:\/\/contrastes.com.co\/web\/","logo":{"@type":"ImageObject","inLanguage":"es","@id":"https:\/\/contrastes.com.co\/web\/#\/schema\/logo\/image\/","url":"https:\/\/contrastes.com.co\/web\/wp-content\/uploads\/2025\/04\/15CONTRASTES3.png","contentUrl":"https:\/\/contrastes.com.co\/web\/wp-content\/uploads\/2025\/04\/15CONTRASTES3.png","width":1536,"height":231,"caption":"Contrastes"},"image":{"@id":"https:\/\/contrastes.com.co\/web\/#\/schema\/logo\/image\/"},"sameAs":["https:\/\/www.facebook.com\/guillo.pantoja.1"]},{"@type":"Person","@id":"https:\/\/contrastes.com.co\/web\/#\/schema\/person\/62ef7a62dc4da6de450c71fc2e95ed02","name":"Editor","image":{"@type":"ImageObject","inLanguage":"es","@id":"https:\/\/secure.gravatar.com\/avatar\/7bbb4f718d74bbf600dc556253bb04fd7ac8593751d6e2e3b85432d98aefae80?s=96&d=mm&r=g","url":"https:\/\/secure.gravatar.com\/avatar\/7bbb4f718d74bbf600dc556253bb04fd7ac8593751d6e2e3b85432d98aefae80?s=96&d=mm&r=g","contentUrl":"https:\/\/secure.gravatar.com\/avatar\/7bbb4f718d74bbf600dc556253bb04fd7ac8593751d6e2e3b85432d98aefae80?s=96&d=mm&r=g","caption":"Editor"},"sameAs":["https:\/\/contrastes.com.co\/web"],"url":"https:\/\/contrastes.com.co\/web\/author\/jdbobadilla\/"}]}},"blog_post_layout_featured_media_urls":{"thumbnail":"","full":""},"categories_names":{"1":{"name":"Uncategorized","link":"https:\/\/contrastes.com.co\/web\/category\/uncategorized\/"}},"tags_names":{"86":{"name":"coronavirus","link":"https:\/\/contrastes.com.co\/web\/tag\/coronavirus\/"},"74":{"name":"Covid19","link":"https:\/\/contrastes.com.co\/web\/tag\/covid19\/"},"100":{"name":"Ministerio de Salud","link":"https:\/\/contrastes.com.co\/web\/tag\/ministerio-de-salud\/"}},"comments_number":"0","wpmagazine_modules_lite_featured_media_urls":{"thumbnail":"","cvmm-medium":"","cvmm-medium-plus":"","cvmm-portrait":"","cvmm-medium-square":"","cvmm-large":"","cvmm-small":"","full":""},"_links":{"self":[{"href":"https:\/\/contrastes.com.co\/web\/wp-json\/wp\/v2\/posts\/981","targetHints":{"allow":["GET"]}}],"collection":[{"href":"https:\/\/contrastes.com.co\/web\/wp-json\/wp\/v2\/posts"}],"about":[{"href":"https:\/\/contrastes.com.co\/web\/wp-json\/wp\/v2\/types\/post"}],"author":[{"embeddable":true,"href":"https:\/\/contrastes.com.co\/web\/wp-json\/wp\/v2\/users\/1"}],"replies":[{"embeddable":true,"href":"https:\/\/contrastes.com.co\/web\/wp-json\/wp\/v2\/comments?post=981"}],"version-history":[{"count":0,"href":"https:\/\/contrastes.com.co\/web\/wp-json\/wp\/v2\/posts\/981\/revisions"}],"wp:attachment":[{"href":"https:\/\/contrastes.com.co\/web\/wp-json\/wp\/v2\/media?parent=981"}],"wp:term":[{"taxonomy":"category","embeddable":true,"href":"https:\/\/contrastes.com.co\/web\/wp-json\/wp\/v2\/categories?post=981"},{"taxonomy":"post_tag","embeddable":true,"href":"https:\/\/contrastes.com.co\/web\/wp-json\/wp\/v2\/tags?post=981"}],"curies":[{"name":"wp","href":"https:\/\/api.w.org\/{rel}","templated":true}]}}