{"id":985,"date":"2020-05-18T14:31:40","date_gmt":"2020-05-18T19:31:40","guid":{"rendered":"https:\/\/contrastes.com.co\/digital\/?p=985"},"modified":"2020-05-18T14:31:40","modified_gmt":"2020-05-18T19:31:40","slug":"es-el-municipio-de-soledad-el-blanco-de-una-humillante-campana-de-senalamientos","status":"publish","type":"post","link":"https:\/\/contrastes.com.co\/web\/2020\/05\/18\/es-el-municipio-de-soledad-el-blanco-de-una-humillante-campana-de-senalamientos\/","title":{"rendered":"\u00bfEs Soledad el blanco de una humillante campa\u00f1a de se\u00f1alamientos?"},"content":{"rendered":"<blockquote><p><strong>*M\u00e1s all\u00e1 de los se\u00f1alamientos, la mayor\u00eda de los solede\u00f1os cumple la norma y se queda en casa.<\/strong><\/p><\/blockquote>\n<p><img fetchpriority=\"high\" decoding=\"async\" class=\"size-full wp-image-884 alignnone\" src=\"https:\/\/contrastes.com.co\/digital\/wp-content\/uploads\/2020\/05\/guillo-articulos.png\" alt=\"guillo articulos 3\" width=\"215\" height=\"274\" \/><\/p>\n<p><em><strong>Fotograf\u00edas: William Pretell<\/strong><\/em><\/p>\n<blockquote><p>&nbsp;<\/p><\/blockquote>\n<p><img decoding=\"async\" class=\"alignleft size-full wp-image-584\" src=\"https:\/\/contrastes.com.co\/digital\/wp-content\/uploads\/2020\/04\/l-capitular.png\" alt=\"l capitular\" width=\"100\" height=\"100\" \/>a canciller alemana, Angela Merkel, destac\u00f3 el valor de la prensa cr\u00edtica contra los totalitarismos, especialmente en los tiempos actuales marcados por el coronavirus, y la necesidad de discernir entre informaci\u00f3n veraz y las \u201cmentiras\u201d. \u201cLos periodistas deben poder confrontar a un gobierno y a todos los actores pol\u00edticos con una perspectiva cr\u00edtica\u201d, declar\u00f3 Merkel en su mensaje semanal a sus compatriotas, dedicado al 75 aniversario de la prensa libre surgida tras la ca\u00edda del nazismo.<\/p>\n<p>Dicho esto, quisiera referirme al papel de la prensa en la percepci\u00f3n que la ciudadan\u00eda tiene con referencia al grado de responsabilidad que puedan tener los solede\u00f1os frente a una contingencia como lo es el coronavirus.<\/p>\n<p>Y es que, pese a ser blanco de una absurda y humillante campa\u00f1a de se\u00f1alamientos, la mayor parte de la poblaci\u00f3n solede\u00f1a viene dando muestras de obediencia civil al cumplir con el Toque de Queda impuesto por las autoridades municipales durante los fines de semana.<\/p>\n<p>Si bien es cierto que un porcentaje de la poblaci\u00f3n no ha cumplido, estrictamente, con las mismas y su conducta ha sido indiscutiblemente reprochable, sobre todo en los sectores m\u00e1s cercanos a la indigencia, no podemos tachar de irresponsable a toda la poblaci\u00f3n cuando la inmensa mayor\u00eda de la sociedad solede\u00f1a se ha mostrado consecuente con la grave situaci\u00f3n que el pa\u00eds y el mundo entero enfrenta, a ra\u00edz de la pandemia global por la Covid-19, que ya ha costado la vida de m\u00e1s de 315 mil personas en todo el orbe, siendo registrados 574 de esos fallecimientos en nuestro pa\u00eds.<\/p>\n<blockquote><p><strong>Familias enteras en Soledad, como en cualquiera de las barriadas humildes de nuestro pa\u00eds, sobreviven con menos de 10 mil pesos diarios.<\/strong><\/p><\/blockquote>\n<p>Para quienes no tienen un empleo y obtienen su sustento en virtud del ejercicio de oficios informales, representa una lucha colosal quedarse en casa y a la vez calmar el hambre. Familias enteras en Soledad, como en cualquiera de las barriadas humildes de nuestro pa\u00eds, sobreviven con menos de 10 mil pesos diarios y hasta sin nada, cuando no hay forma alguna de conseguir el pan diario \u201crebusc\u00e1ndose\u201d, como es el caso que hoy abordamos.<\/p>\n<p>Es contra ellos, contra los m\u00e1s pobres, que disparan sus dardos inquisitorios algunos de los principales medios de comunicaci\u00f3n de nuestra regi\u00f3n, e incluso sectores de la misma localidad que tratan de atinarle golpes al mandatario de turno, y se llevan el gentilicio por delante en medio de cr\u00edticas que muestran m\u00e1s una postura pol\u00edtica que un verdadero an\u00e1lisis de la situaci\u00f3n que todos afrontamos. No, no vivimos en un municipio fallido y las calles solitarias hablan por s\u00ed solas.<\/p>\n<p>Aunque buena parte de nuestros paisanos posee muchas menos herramientas para salir airosos de esta crisis, siendo su infortunio el resorte que los impulsa, por f\u00edsica supervivencia, a salir a la calle a desafiar al coronavirus y a la ley, la mayor\u00eda se queda en casa esperando el desenlace de esta contingencia. Y de eso se trata este reportaje gr\u00e1fico.<\/p>\n<p>Para algunas familias es casi imposible cumplir con la orden de permanecer en casa, cuando carecen del sustento diario para enfrentar al hambre, pero la gran mayor\u00eda de los solede\u00f1os, a pesar de lo que dice -e insiste- la mala prensa, ha decidido acatar la ley y permanecer en sus hogares, aun cuando cumplir con esta norma, espec\u00edficamente, requiere ciertos sacrificios.<\/p>\n<blockquote><p><strong>Soledad: un municipio de casi un mill\u00f3n de habitantes donde el 80% de su poblaci\u00f3n vive en barrios estrato 1 y 2<\/strong><\/p><\/blockquote>\n<p>Que el Estado est\u00e1 en el deber de entregar alimentos y dotar a su poblaci\u00f3n de los elementos necesarios para enfrentar la pandemia ya esa es otra discusi\u00f3n y no hay porqu\u00e9 hacerle un juicio de responsabilidad a toda una poblaci\u00f3n como Soledad para criticar una situaci\u00f3n por la que transita el pa\u00eds entero.<\/p>\n<p>Bueno, a lo que vinimos. El lente escrutador de nuestro reportero gr\u00e1fico, William Pretell, registr\u00f3 el estado en el que se encontraban las calles durante estos dos fines de semana, para brindarnos, de primera mano, una serie de im\u00e1genes que atestiguan que la mayor\u00eda de los solede\u00f1os viene cumpliendo con el compromiso de tratar de frenar la velocidad de contagio del coronavirus, de la \u00fanica forma en la cual es posible: \u00a1Qued\u00e1ndose en casa!<\/p>\n\n","protected":false},"excerpt":{"rendered":"<p>*M\u00e1s all\u00e1 de los se\u00f1alamientos, la mayor\u00eda de los solede\u00f1os cumple la norma y se queda en casa. Fotograf\u00edas: William Pretell &nbsp; a canciller alemana, Angela Merkel, destac\u00f3 el valor de la prensa cr\u00edtica contra los totalitarismos, especialmente en los tiempos actuales marcados por el coronavirus, y la necesidad de discernir entre informaci\u00f3n veraz y [&hellip;]<\/p>\n","protected":false},"author":1,"featured_media":986,"comment_status":"open","ping_status":"open","sticky":false,"template":"","format":"standard","meta":{"footnotes":""},"categories":[124,73,23,277],"tags":[334,86,335,336,51,261],"class_list":["post-985","post","type-post","status-publish","format-standard","has-post-thumbnail","hentry","category-analisis","category-coronavirus","category-locales","category-opinion","tag-acatamiento-de-las-normas","tag-coronavirus","tag-gentilicio","tag-irresponsabilidad","tag-municipio-de-soledad","tag-toque-de-queda"],"yoast_head":"<!-- This site is optimized with the Yoast SEO plugin v27.7 - https:\/\/yoast.com\/product\/yoast-seo-wordpress\/ -->\n<title>\u00bfEs Soledad el blanco de una humillante campa\u00f1a de se\u00f1alamientos? - Constrastes<\/title>\n<meta name=\"robots\" content=\"index, follow, max-snippet:-1, max-image-preview:large, max-video-preview:-1\" \/>\n<link rel=\"canonical\" href=\"https:\/\/contrastes.com.co\/web\/2020\/05\/18\/es-el-municipio-de-soledad-el-blanco-de-una-humillante-campana-de-senalamientos\/\" \/>\n<meta property=\"og:locale\" content=\"es_ES\" \/>\n<meta property=\"og:type\" content=\"article\" \/>\n<meta property=\"og:title\" content=\"\u00bfEs Soledad el blanco de una humillante campa\u00f1a de se\u00f1alamientos? - Constrastes\" \/>\n<meta property=\"og:description\" content=\"*M\u00e1s all\u00e1 de los se\u00f1alamientos, la mayor\u00eda de los solede\u00f1os cumple la norma y se queda en casa. Fotograf\u00edas: William Pretell &nbsp; a canciller alemana, Angela Merkel, destac\u00f3 el valor de la prensa cr\u00edtica contra los totalitarismos, especialmente en los tiempos actuales marcados por el coronavirus, y la necesidad de discernir entre informaci\u00f3n veraz y [&hellip;]\" \/>\n<meta property=\"og:url\" content=\"https:\/\/contrastes.com.co\/web\/2020\/05\/18\/es-el-municipio-de-soledad-el-blanco-de-una-humillante-campana-de-senalamientos\/\" \/>\n<meta property=\"og:site_name\" content=\"Constrastes\" \/>\n<meta property=\"article:publisher\" content=\"https:\/\/www.facebook.com\/guillo.pantoja.1\" \/>\n<meta property=\"article:published_time\" content=\"2020-05-18T19:31:40+00:00\" \/>\n<meta name=\"author\" content=\"Editor\" \/>\n<meta name=\"twitter:card\" content=\"summary_large_image\" \/>\n<meta name=\"twitter:label1\" content=\"Escrito por\" \/>\n\t<meta name=\"twitter:data1\" content=\"Editor\" \/>\n\t<meta name=\"twitter:label2\" content=\"Tiempo de lectura\" \/>\n\t<meta name=\"twitter:data2\" content=\"4 minutos\" \/>\n<script type=\"application\/ld+json\" class=\"yoast-schema-graph\">{\"@context\":\"https:\\\/\\\/schema.org\",\"@graph\":[{\"@type\":\"Article\",\"@id\":\"https:\\\/\\\/contrastes.com.co\\\/web\\\/2020\\\/05\\\/18\\\/es-el-municipio-de-soledad-el-blanco-de-una-humillante-campana-de-senalamientos\\\/#article\",\"isPartOf\":{\"@id\":\"https:\\\/\\\/contrastes.com.co\\\/web\\\/2020\\\/05\\\/18\\\/es-el-municipio-de-soledad-el-blanco-de-una-humillante-campana-de-senalamientos\\\/\"},\"author\":{\"name\":\"Editor\",\"@id\":\"https:\\\/\\\/contrastes.com.co\\\/web\\\/#\\\/schema\\\/person\\\/62ef7a62dc4da6de450c71fc2e95ed02\"},\"headline\":\"\u00bfEs Soledad el blanco de una humillante campa\u00f1a de se\u00f1alamientos?\",\"datePublished\":\"2020-05-18T19:31:40+00:00\",\"mainEntityOfPage\":{\"@id\":\"https:\\\/\\\/contrastes.com.co\\\/web\\\/2020\\\/05\\\/18\\\/es-el-municipio-de-soledad-el-blanco-de-una-humillante-campana-de-senalamientos\\\/\"},\"wordCount\":792,\"commentCount\":0,\"publisher\":{\"@id\":\"https:\\\/\\\/contrastes.com.co\\\/web\\\/#organization\"},\"image\":{\"@id\":\"https:\\\/\\\/contrastes.com.co\\\/web\\\/2020\\\/05\\\/18\\\/es-el-municipio-de-soledad-el-blanco-de-una-humillante-campana-de-senalamientos\\\/#primaryimage\"},\"thumbnailUrl\":\"\",\"keywords\":[\"acatamiento de las normas\",\"coronavirus\",\"gentilicio\",\"irresponsabilidad\",\"municipio de soledad\",\"toque de queda\"],\"articleSection\":[\"An\u00e1lisis\",\"Coronavirus\",\"Locales\",\"Opini\u00f3n\"],\"inLanguage\":\"es\",\"potentialAction\":[{\"@type\":\"CommentAction\",\"name\":\"Comment\",\"target\":[\"https:\\\/\\\/contrastes.com.co\\\/web\\\/2020\\\/05\\\/18\\\/es-el-municipio-de-soledad-el-blanco-de-una-humillante-campana-de-senalamientos\\\/#respond\"]}]},{\"@type\":\"WebPage\",\"@id\":\"https:\\\/\\\/contrastes.com.co\\\/web\\\/2020\\\/05\\\/18\\\/es-el-municipio-de-soledad-el-blanco-de-una-humillante-campana-de-senalamientos\\\/\",\"url\":\"https:\\\/\\\/contrastes.com.co\\\/web\\\/2020\\\/05\\\/18\\\/es-el-municipio-de-soledad-el-blanco-de-una-humillante-campana-de-senalamientos\\\/\",\"name\":\"\u00bfEs Soledad el blanco de una humillante campa\u00f1a de se\u00f1alamientos? - Constrastes\",\"isPartOf\":{\"@id\":\"https:\\\/\\\/contrastes.com.co\\\/web\\\/#website\"},\"primaryImageOfPage\":{\"@id\":\"https:\\\/\\\/contrastes.com.co\\\/web\\\/2020\\\/05\\\/18\\\/es-el-municipio-de-soledad-el-blanco-de-una-humillante-campana-de-senalamientos\\\/#primaryimage\"},\"image\":{\"@id\":\"https:\\\/\\\/contrastes.com.co\\\/web\\\/2020\\\/05\\\/18\\\/es-el-municipio-de-soledad-el-blanco-de-una-humillante-campana-de-senalamientos\\\/#primaryimage\"},\"thumbnailUrl\":\"\",\"datePublished\":\"2020-05-18T19:31:40+00:00\",\"breadcrumb\":{\"@id\":\"https:\\\/\\\/contrastes.com.co\\\/web\\\/2020\\\/05\\\/18\\\/es-el-municipio-de-soledad-el-blanco-de-una-humillante-campana-de-senalamientos\\\/#breadcrumb\"},\"inLanguage\":\"es\",\"potentialAction\":[{\"@type\":\"ReadAction\",\"target\":[\"https:\\\/\\\/contrastes.com.co\\\/web\\\/2020\\\/05\\\/18\\\/es-el-municipio-de-soledad-el-blanco-de-una-humillante-campana-de-senalamientos\\\/\"]}]},{\"@type\":\"ImageObject\",\"inLanguage\":\"es\",\"@id\":\"https:\\\/\\\/contrastes.com.co\\\/web\\\/2020\\\/05\\\/18\\\/es-el-municipio-de-soledad-el-blanco-de-una-humillante-campana-de-senalamientos\\\/#primaryimage\",\"url\":\"\",\"contentUrl\":\"\"},{\"@type\":\"BreadcrumbList\",\"@id\":\"https:\\\/\\\/contrastes.com.co\\\/web\\\/2020\\\/05\\\/18\\\/es-el-municipio-de-soledad-el-blanco-de-una-humillante-campana-de-senalamientos\\\/#breadcrumb\",\"itemListElement\":[{\"@type\":\"ListItem\",\"position\":1,\"name\":\"Portada\",\"item\":\"https:\\\/\\\/contrastes.com.co\\\/web\\\/\"},{\"@type\":\"ListItem\",\"position\":2,\"name\":\"\u00bfEs Soledad el blanco de una humillante campa\u00f1a de se\u00f1alamientos?\"}]},{\"@type\":\"WebSite\",\"@id\":\"https:\\\/\\\/contrastes.com.co\\\/web\\\/#website\",\"url\":\"https:\\\/\\\/contrastes.com.co\\\/web\\\/\",\"name\":\"Contrastes\",\"description\":\"Periodismo de Conciencia\",\"publisher\":{\"@id\":\"https:\\\/\\\/contrastes.com.co\\\/web\\\/#organization\"},\"potentialAction\":[{\"@type\":\"SearchAction\",\"target\":{\"@type\":\"EntryPoint\",\"urlTemplate\":\"https:\\\/\\\/contrastes.com.co\\\/web\\\/?s={search_term_string}\"},\"query-input\":{\"@type\":\"PropertyValueSpecification\",\"valueRequired\":true,\"valueName\":\"search_term_string\"}}],\"inLanguage\":\"es\"},{\"@type\":\"Organization\",\"@id\":\"https:\\\/\\\/contrastes.com.co\\\/web\\\/#organization\",\"name\":\"Contrastes\",\"url\":\"https:\\\/\\\/contrastes.com.co\\\/web\\\/\",\"logo\":{\"@type\":\"ImageObject\",\"inLanguage\":\"es\",\"@id\":\"https:\\\/\\\/contrastes.com.co\\\/web\\\/#\\\/schema\\\/logo\\\/image\\\/\",\"url\":\"https:\\\/\\\/contrastes.com.co\\\/web\\\/wp-content\\\/uploads\\\/2025\\\/04\\\/15CONTRASTES3.png\",\"contentUrl\":\"https:\\\/\\\/contrastes.com.co\\\/web\\\/wp-content\\\/uploads\\\/2025\\\/04\\\/15CONTRASTES3.png\",\"width\":1536,\"height\":231,\"caption\":\"Contrastes\"},\"image\":{\"@id\":\"https:\\\/\\\/contrastes.com.co\\\/web\\\/#\\\/schema\\\/logo\\\/image\\\/\"},\"sameAs\":[\"https:\\\/\\\/www.facebook.com\\\/guillo.pantoja.1\"]},{\"@type\":\"Person\",\"@id\":\"https:\\\/\\\/contrastes.com.co\\\/web\\\/#\\\/schema\\\/person\\\/62ef7a62dc4da6de450c71fc2e95ed02\",\"name\":\"Editor\",\"image\":{\"@type\":\"ImageObject\",\"inLanguage\":\"es\",\"@id\":\"https:\\\/\\\/secure.gravatar.com\\\/avatar\\\/7bbb4f718d74bbf600dc556253bb04fd7ac8593751d6e2e3b85432d98aefae80?s=96&d=mm&r=g\",\"url\":\"https:\\\/\\\/secure.gravatar.com\\\/avatar\\\/7bbb4f718d74bbf600dc556253bb04fd7ac8593751d6e2e3b85432d98aefae80?s=96&d=mm&r=g\",\"contentUrl\":\"https:\\\/\\\/secure.gravatar.com\\\/avatar\\\/7bbb4f718d74bbf600dc556253bb04fd7ac8593751d6e2e3b85432d98aefae80?s=96&d=mm&r=g\",\"caption\":\"Editor\"},\"sameAs\":[\"https:\\\/\\\/contrastes.com.co\\\/web\"],\"url\":\"https:\\\/\\\/contrastes.com.co\\\/web\\\/author\\\/jdbobadilla\\\/\"}]}<\/script>\n<!-- \/ Yoast SEO plugin. -->","yoast_head_json":{"title":"\u00bfEs Soledad el blanco de una humillante campa\u00f1a de se\u00f1alamientos? - Constrastes","robots":{"index":"index","follow":"follow","max-snippet":"max-snippet:-1","max-image-preview":"max-image-preview:large","max-video-preview":"max-video-preview:-1"},"canonical":"https:\/\/contrastes.com.co\/web\/2020\/05\/18\/es-el-municipio-de-soledad-el-blanco-de-una-humillante-campana-de-senalamientos\/","og_locale":"es_ES","og_type":"article","og_title":"\u00bfEs Soledad el blanco de una humillante campa\u00f1a de se\u00f1alamientos? - Constrastes","og_description":"*M\u00e1s all\u00e1 de los se\u00f1alamientos, la mayor\u00eda de los solede\u00f1os cumple la norma y se queda en casa. Fotograf\u00edas: William Pretell &nbsp; a canciller alemana, Angela Merkel, destac\u00f3 el valor de la prensa cr\u00edtica contra los totalitarismos, especialmente en los tiempos actuales marcados por el coronavirus, y la necesidad de discernir entre informaci\u00f3n veraz y [&hellip;]","og_url":"https:\/\/contrastes.com.co\/web\/2020\/05\/18\/es-el-municipio-de-soledad-el-blanco-de-una-humillante-campana-de-senalamientos\/","og_site_name":"Constrastes","article_publisher":"https:\/\/www.facebook.com\/guillo.pantoja.1","article_published_time":"2020-05-18T19:31:40+00:00","author":"Editor","twitter_card":"summary_large_image","twitter_misc":{"Escrito por":"Editor","Tiempo de lectura":"4 minutos"},"schema":{"@context":"https:\/\/schema.org","@graph":[{"@type":"Article","@id":"https:\/\/contrastes.com.co\/web\/2020\/05\/18\/es-el-municipio-de-soledad-el-blanco-de-una-humillante-campana-de-senalamientos\/#article","isPartOf":{"@id":"https:\/\/contrastes.com.co\/web\/2020\/05\/18\/es-el-municipio-de-soledad-el-blanco-de-una-humillante-campana-de-senalamientos\/"},"author":{"name":"Editor","@id":"https:\/\/contrastes.com.co\/web\/#\/schema\/person\/62ef7a62dc4da6de450c71fc2e95ed02"},"headline":"\u00bfEs Soledad el blanco de una humillante campa\u00f1a de se\u00f1alamientos?","datePublished":"2020-05-18T19:31:40+00:00","mainEntityOfPage":{"@id":"https:\/\/contrastes.com.co\/web\/2020\/05\/18\/es-el-municipio-de-soledad-el-blanco-de-una-humillante-campana-de-senalamientos\/"},"wordCount":792,"commentCount":0,"publisher":{"@id":"https:\/\/contrastes.com.co\/web\/#organization"},"image":{"@id":"https:\/\/contrastes.com.co\/web\/2020\/05\/18\/es-el-municipio-de-soledad-el-blanco-de-una-humillante-campana-de-senalamientos\/#primaryimage"},"thumbnailUrl":"","keywords":["acatamiento de las normas","coronavirus","gentilicio","irresponsabilidad","municipio de soledad","toque de queda"],"articleSection":["An\u00e1lisis","Coronavirus","Locales","Opini\u00f3n"],"inLanguage":"es","potentialAction":[{"@type":"CommentAction","name":"Comment","target":["https:\/\/contrastes.com.co\/web\/2020\/05\/18\/es-el-municipio-de-soledad-el-blanco-de-una-humillante-campana-de-senalamientos\/#respond"]}]},{"@type":"WebPage","@id":"https:\/\/contrastes.com.co\/web\/2020\/05\/18\/es-el-municipio-de-soledad-el-blanco-de-una-humillante-campana-de-senalamientos\/","url":"https:\/\/contrastes.com.co\/web\/2020\/05\/18\/es-el-municipio-de-soledad-el-blanco-de-una-humillante-campana-de-senalamientos\/","name":"\u00bfEs Soledad el blanco de una humillante campa\u00f1a de se\u00f1alamientos? - Constrastes","isPartOf":{"@id":"https:\/\/contrastes.com.co\/web\/#website"},"primaryImageOfPage":{"@id":"https:\/\/contrastes.com.co\/web\/2020\/05\/18\/es-el-municipio-de-soledad-el-blanco-de-una-humillante-campana-de-senalamientos\/#primaryimage"},"image":{"@id":"https:\/\/contrastes.com.co\/web\/2020\/05\/18\/es-el-municipio-de-soledad-el-blanco-de-una-humillante-campana-de-senalamientos\/#primaryimage"},"thumbnailUrl":"","datePublished":"2020-05-18T19:31:40+00:00","breadcrumb":{"@id":"https:\/\/contrastes.com.co\/web\/2020\/05\/18\/es-el-municipio-de-soledad-el-blanco-de-una-humillante-campana-de-senalamientos\/#breadcrumb"},"inLanguage":"es","potentialAction":[{"@type":"ReadAction","target":["https:\/\/contrastes.com.co\/web\/2020\/05\/18\/es-el-municipio-de-soledad-el-blanco-de-una-humillante-campana-de-senalamientos\/"]}]},{"@type":"ImageObject","inLanguage":"es","@id":"https:\/\/contrastes.com.co\/web\/2020\/05\/18\/es-el-municipio-de-soledad-el-blanco-de-una-humillante-campana-de-senalamientos\/#primaryimage","url":"","contentUrl":""},{"@type":"BreadcrumbList","@id":"https:\/\/contrastes.com.co\/web\/2020\/05\/18\/es-el-municipio-de-soledad-el-blanco-de-una-humillante-campana-de-senalamientos\/#breadcrumb","itemListElement":[{"@type":"ListItem","position":1,"name":"Portada","item":"https:\/\/contrastes.com.co\/web\/"},{"@type":"ListItem","position":2,"name":"\u00bfEs Soledad el blanco de una humillante campa\u00f1a de se\u00f1alamientos?"}]},{"@type":"WebSite","@id":"https:\/\/contrastes.com.co\/web\/#website","url":"https:\/\/contrastes.com.co\/web\/","name":"Contrastes","description":"Periodismo de Conciencia","publisher":{"@id":"https:\/\/contrastes.com.co\/web\/#organization"},"potentialAction":[{"@type":"SearchAction","target":{"@type":"EntryPoint","urlTemplate":"https:\/\/contrastes.com.co\/web\/?s={search_term_string}"},"query-input":{"@type":"PropertyValueSpecification","valueRequired":true,"valueName":"search_term_string"}}],"inLanguage":"es"},{"@type":"Organization","@id":"https:\/\/contrastes.com.co\/web\/#organization","name":"Contrastes","url":"https:\/\/contrastes.com.co\/web\/","logo":{"@type":"ImageObject","inLanguage":"es","@id":"https:\/\/contrastes.com.co\/web\/#\/schema\/logo\/image\/","url":"https:\/\/contrastes.com.co\/web\/wp-content\/uploads\/2025\/04\/15CONTRASTES3.png","contentUrl":"https:\/\/contrastes.com.co\/web\/wp-content\/uploads\/2025\/04\/15CONTRASTES3.png","width":1536,"height":231,"caption":"Contrastes"},"image":{"@id":"https:\/\/contrastes.com.co\/web\/#\/schema\/logo\/image\/"},"sameAs":["https:\/\/www.facebook.com\/guillo.pantoja.1"]},{"@type":"Person","@id":"https:\/\/contrastes.com.co\/web\/#\/schema\/person\/62ef7a62dc4da6de450c71fc2e95ed02","name":"Editor","image":{"@type":"ImageObject","inLanguage":"es","@id":"https:\/\/secure.gravatar.com\/avatar\/7bbb4f718d74bbf600dc556253bb04fd7ac8593751d6e2e3b85432d98aefae80?s=96&d=mm&r=g","url":"https:\/\/secure.gravatar.com\/avatar\/7bbb4f718d74bbf600dc556253bb04fd7ac8593751d6e2e3b85432d98aefae80?s=96&d=mm&r=g","contentUrl":"https:\/\/secure.gravatar.com\/avatar\/7bbb4f718d74bbf600dc556253bb04fd7ac8593751d6e2e3b85432d98aefae80?s=96&d=mm&r=g","caption":"Editor"},"sameAs":["https:\/\/contrastes.com.co\/web"],"url":"https:\/\/contrastes.com.co\/web\/author\/jdbobadilla\/"}]}},"blog_post_layout_featured_media_urls":{"thumbnail":"","full":""},"categories_names":{"124":{"name":"An\u00e1lisis","link":"https:\/\/contrastes.com.co\/web\/category\/analisis\/"},"73":{"name":"Coronavirus","link":"https:\/\/contrastes.com.co\/web\/category\/coronavirus\/"},"23":{"name":"Locales","link":"https:\/\/contrastes.com.co\/web\/category\/locales\/"},"277":{"name":"Opini\u00f3n","link":"https:\/\/contrastes.com.co\/web\/category\/opinion\/"}},"tags_names":{"334":{"name":"acatamiento de las normas","link":"https:\/\/contrastes.com.co\/web\/tag\/acatamiento-de-las-normas\/"},"86":{"name":"coronavirus","link":"https:\/\/contrastes.com.co\/web\/tag\/coronavirus\/"},"335":{"name":"gentilicio","link":"https:\/\/contrastes.com.co\/web\/tag\/gentilicio\/"},"336":{"name":"irresponsabilidad","link":"https:\/\/contrastes.com.co\/web\/tag\/irresponsabilidad\/"},"51":{"name":"municipio de soledad","link":"https:\/\/contrastes.com.co\/web\/tag\/municipio-de-soledad\/"},"261":{"name":"toque de queda","link":"https:\/\/contrastes.com.co\/web\/tag\/toque-de-queda\/"}},"comments_number":"0","wpmagazine_modules_lite_featured_media_urls":{"thumbnail":"","cvmm-medium":"","cvmm-medium-plus":"","cvmm-portrait":"","cvmm-medium-square":"","cvmm-large":"","cvmm-small":"","full":""},"_links":{"self":[{"href":"https:\/\/contrastes.com.co\/web\/wp-json\/wp\/v2\/posts\/985","targetHints":{"allow":["GET"]}}],"collection":[{"href":"https:\/\/contrastes.com.co\/web\/wp-json\/wp\/v2\/posts"}],"about":[{"href":"https:\/\/contrastes.com.co\/web\/wp-json\/wp\/v2\/types\/post"}],"author":[{"embeddable":true,"href":"https:\/\/contrastes.com.co\/web\/wp-json\/wp\/v2\/users\/1"}],"replies":[{"embeddable":true,"href":"https:\/\/contrastes.com.co\/web\/wp-json\/wp\/v2\/comments?post=985"}],"version-history":[{"count":0,"href":"https:\/\/contrastes.com.co\/web\/wp-json\/wp\/v2\/posts\/985\/revisions"}],"wp:attachment":[{"href":"https:\/\/contrastes.com.co\/web\/wp-json\/wp\/v2\/media?parent=985"}],"wp:term":[{"taxonomy":"category","embeddable":true,"href":"https:\/\/contrastes.com.co\/web\/wp-json\/wp\/v2\/categories?post=985"},{"taxonomy":"post_tag","embeddable":true,"href":"https:\/\/contrastes.com.co\/web\/wp-json\/wp\/v2\/tags?post=985"}],"curies":[{"name":"wp","href":"https:\/\/api.w.org\/{rel}","templated":true}]}}