{"id":9902,"date":"2022-06-13T13:18:45","date_gmt":"2022-06-13T18:18:45","guid":{"rendered":"https:\/\/contrastes.com.co\/digital\/?p=9902"},"modified":"2022-06-13T13:18:45","modified_gmt":"2022-06-13T18:18:45","slug":"al-ritmo-de-cumbia-soledad-rinde-tributo-a-su-santo-patrono-san-antonio-de-padua","status":"publish","type":"post","link":"https:\/\/contrastes.com.co\/web\/2022\/06\/13\/al-ritmo-de-cumbia-soledad-rinde-tributo-a-su-santo-patrono-san-antonio-de-padua\/","title":{"rendered":"Al ritmo de cumbia Soledad rinde tributo a su santo patrono San Antonio de Padua"},"content":{"rendered":"<p><strong>*Al ritmo de cumbia Soledad rinde tributo a su santo patrono San Antonio de Padua<\/strong><\/p>\n<p><img decoding=\"async\" class=\"alignleft  wp-image-8663\" src=\"https:\/\/contrastes.com.co\/digital\/wp-content\/uploads\/2022\/03\/h-capitular.png\" alt=\"h capitular\" width=\"63\" height=\"63\" \/>oy lunes 13 de junio, d\u00eda de San Antonio de Padua, se realiz\u00f3 una alborada musical que a partir de las 5 de la ma\u00f1ana recorri\u00f3 las principales calles y avenidas de la ciudad, una actividad que se ha hecho tradici\u00f3n en la localidad. Y como tambi\u00e9n es tradici\u00f3n el sonido del tambor, el llamador y la flauta de millo invitando a bailar al comp\u00e1s de la cumbia, a partir de las 3 de la tarde dar\u00e1n inicio las famosas ruedas de cumbia que no pod\u00edan faltar en esta programaci\u00f3n cultural, la actividad se realizar\u00e1 en la Plaza de Soledad iniciando a la hora se\u00f1alada con una \u201cRueda de Cumbia Infantil\u201d mientras que a las 7 de la noche ser\u00e1 el turno para los mayores en la \u201cRueda de Cumbia de Adultos\u201d.<\/p>\n<p>Este a\u00f1o la programaci\u00f3n de las Fiestas Patronales de Soledad fue confeccionada para todos los gustos y cuenta con la participaci\u00f3n de un gran n\u00famero de artistas dado el invaluable acervo cultural de la localidad que cada a\u00f1o engalana las Fiestas del Santo Patrono: San Antonio de Padua. La programaci\u00f3n se extender\u00e1 hasta el mi\u00e9rcoles 22 de junio y contempla aspectos fundamentales de la cultura raizal tales como muestras de danza, d\u00e9cimas, gastronom\u00eda, m\u00fasica, teatro, artesan\u00edas y artes pl\u00e1sticas, entre otras expresiones.<\/p>\n","protected":false},"excerpt":{"rendered":"<p>Hoy lunes 13 de junio, d\u00eda de San Antonio de Padua, se realiz\u00f3 una alborada musical que a partir de las 5 de la ma\u00f1ana recorri\u00f3 las principales calles y avenidas de la ciudad, una actividad que se ha hecho tradici\u00f3n en la localidad. Y como tambi\u00e9n es tradici\u00f3n el sonido del tambor, el llamador y la flauta de millo invitando a bailar al comp\u00e1s de la cumbia, a partir de las 3 de la tarde dar\u00e1n inicio las famosas ruedas de cumbia que no pod\u00edan faltar en esta programaci\u00f3n cultural, la actividad se realizar\u00e1 en la Plaza de Soledad iniciando a la hora se\u00f1alada con una \u201cRueda de Cumbia Infantil\u201d mientras que a las 7 de la noche ser\u00e1 el turno para los mayores en la \u201cRueda de Cumbia de Adultos\u201d.<\/p>\n","protected":false},"author":1,"featured_media":9903,"comment_status":"open","ping_status":"open","sticky":false,"template":"","format":"standard","meta":{"footnotes":""},"categories":[104,23],"tags":[379,5970,51,5979,890],"class_list":["post-9902","post","type-post","status-publish","format-standard","has-post-thumbnail","hentry","category-cultura","category-locales","tag-domingo-amaris","tag-fiestas-patronales-en-honor-a-san-antonio-de-padua","tag-municipio-de-soledad","tag-rueda-de-cumbia","tag-secretaria-de-cultura"],"yoast_head":"<!-- This site is optimized with the Yoast SEO plugin v27.7 - https:\/\/yoast.com\/product\/yoast-seo-wordpress\/ -->\n<title>Al ritmo de cumbia Soledad rinde tributo a su santo patrono San Antonio de Padua - Constrastes<\/title>\n<meta name=\"description\" content=\"Hoy lunes 13 de junio, d\u00eda de San Antonio de Padua, se realiz\u00f3 una alborada musical que a partir de las 5 de la ma\u00f1ana recorri\u00f3 las principales calles y avenidas de la ciudad, una actividad que se ha hecho tradici\u00f3n en la localidad. Y como tambi\u00e9n es tradici\u00f3n el sonido del tambor, el llamador y la flauta de millo invitando a bailar al comp\u00e1s de la cumbia, a partir de las 3 de la tarde dar\u00e1n inicio las famosas ruedas de cumbia que no pod\u00edan faltar en esta programaci\u00f3n cultural, la actividad se realizar\u00e1 en la Plaza de Soledad iniciando a la hora se\u00f1alada con una \u201cRueda de Cumbia Infantil\u201d mientras que a las 7 de la noche ser\u00e1 el turno para los mayores en la \u201cRueda de Cumbia de Adultos\u201d.\" \/>\n<meta name=\"robots\" content=\"index, follow, max-snippet:-1, max-image-preview:large, max-video-preview:-1\" \/>\n<link rel=\"canonical\" href=\"https:\/\/contrastes.com.co\/web\/2022\/06\/13\/al-ritmo-de-cumbia-soledad-rinde-tributo-a-su-santo-patrono-san-antonio-de-padua\/\" \/>\n<meta property=\"og:locale\" content=\"es_ES\" \/>\n<meta property=\"og:type\" content=\"article\" \/>\n<meta property=\"og:title\" content=\"Al ritmo de cumbia Soledad rinde tributo a su santo patrono San Antonio de Padua - Constrastes\" \/>\n<meta property=\"og:description\" content=\"Hoy lunes 13 de junio, d\u00eda de San Antonio de Padua, se realiz\u00f3 una alborada musical que a partir de las 5 de la ma\u00f1ana recorri\u00f3 las principales calles y avenidas de la ciudad, una actividad que se ha hecho tradici\u00f3n en la localidad. Y como tambi\u00e9n es tradici\u00f3n el sonido del tambor, el llamador y la flauta de millo invitando a bailar al comp\u00e1s de la cumbia, a partir de las 3 de la tarde dar\u00e1n inicio las famosas ruedas de cumbia que no pod\u00edan faltar en esta programaci\u00f3n cultural, la actividad se realizar\u00e1 en la Plaza de Soledad iniciando a la hora se\u00f1alada con una \u201cRueda de Cumbia Infantil\u201d mientras que a las 7 de la noche ser\u00e1 el turno para los mayores en la \u201cRueda de Cumbia de Adultos\u201d.\" \/>\n<meta property=\"og:url\" content=\"https:\/\/contrastes.com.co\/web\/2022\/06\/13\/al-ritmo-de-cumbia-soledad-rinde-tributo-a-su-santo-patrono-san-antonio-de-padua\/\" \/>\n<meta property=\"og:site_name\" content=\"Constrastes\" \/>\n<meta property=\"article:publisher\" content=\"https:\/\/www.facebook.com\/guillo.pantoja.1\" \/>\n<meta property=\"article:published_time\" content=\"2022-06-13T18:18:45+00:00\" \/>\n<meta name=\"author\" content=\"Editor\" \/>\n<meta name=\"twitter:card\" content=\"summary_large_image\" \/>\n<meta name=\"twitter:label1\" content=\"Escrito por\" \/>\n\t<meta name=\"twitter:data1\" content=\"Editor\" \/>\n\t<meta name=\"twitter:label2\" content=\"Tiempo de lectura\" \/>\n\t<meta name=\"twitter:data2\" content=\"1 minuto\" \/>\n<script type=\"application\/ld+json\" class=\"yoast-schema-graph\">{\"@context\":\"https:\\\/\\\/schema.org\",\"@graph\":[{\"@type\":\"Article\",\"@id\":\"https:\\\/\\\/contrastes.com.co\\\/web\\\/2022\\\/06\\\/13\\\/al-ritmo-de-cumbia-soledad-rinde-tributo-a-su-santo-patrono-san-antonio-de-padua\\\/#article\",\"isPartOf\":{\"@id\":\"https:\\\/\\\/contrastes.com.co\\\/web\\\/2022\\\/06\\\/13\\\/al-ritmo-de-cumbia-soledad-rinde-tributo-a-su-santo-patrono-san-antonio-de-padua\\\/\"},\"author\":{\"name\":\"Editor\",\"@id\":\"https:\\\/\\\/contrastes.com.co\\\/web\\\/#\\\/schema\\\/person\\\/62ef7a62dc4da6de450c71fc2e95ed02\"},\"headline\":\"Al ritmo de cumbia Soledad rinde tributo a su santo patrono San Antonio de Padua\",\"datePublished\":\"2022-06-13T18:18:45+00:00\",\"mainEntityOfPage\":{\"@id\":\"https:\\\/\\\/contrastes.com.co\\\/web\\\/2022\\\/06\\\/13\\\/al-ritmo-de-cumbia-soledad-rinde-tributo-a-su-santo-patrono-san-antonio-de-padua\\\/\"},\"wordCount\":261,\"commentCount\":0,\"publisher\":{\"@id\":\"https:\\\/\\\/contrastes.com.co\\\/web\\\/#organization\"},\"image\":{\"@id\":\"https:\\\/\\\/contrastes.com.co\\\/web\\\/2022\\\/06\\\/13\\\/al-ritmo-de-cumbia-soledad-rinde-tributo-a-su-santo-patrono-san-antonio-de-padua\\\/#primaryimage\"},\"thumbnailUrl\":\"\",\"keywords\":[\"Domingo Amar\u00eds\",\"Fiestas Patronales en Honor a San Antonio de Padua\",\"municipio de soledad\",\"Rueda de Cumbia\",\"secretar\u00eda de Cultura\"],\"articleSection\":[\"Cultura\",\"Locales\"],\"inLanguage\":\"es\",\"potentialAction\":[{\"@type\":\"CommentAction\",\"name\":\"Comment\",\"target\":[\"https:\\\/\\\/contrastes.com.co\\\/web\\\/2022\\\/06\\\/13\\\/al-ritmo-de-cumbia-soledad-rinde-tributo-a-su-santo-patrono-san-antonio-de-padua\\\/#respond\"]}]},{\"@type\":\"WebPage\",\"@id\":\"https:\\\/\\\/contrastes.com.co\\\/web\\\/2022\\\/06\\\/13\\\/al-ritmo-de-cumbia-soledad-rinde-tributo-a-su-santo-patrono-san-antonio-de-padua\\\/\",\"url\":\"https:\\\/\\\/contrastes.com.co\\\/web\\\/2022\\\/06\\\/13\\\/al-ritmo-de-cumbia-soledad-rinde-tributo-a-su-santo-patrono-san-antonio-de-padua\\\/\",\"name\":\"Al ritmo de cumbia Soledad rinde tributo a su santo patrono San Antonio de Padua - Constrastes\",\"isPartOf\":{\"@id\":\"https:\\\/\\\/contrastes.com.co\\\/web\\\/#website\"},\"primaryImageOfPage\":{\"@id\":\"https:\\\/\\\/contrastes.com.co\\\/web\\\/2022\\\/06\\\/13\\\/al-ritmo-de-cumbia-soledad-rinde-tributo-a-su-santo-patrono-san-antonio-de-padua\\\/#primaryimage\"},\"image\":{\"@id\":\"https:\\\/\\\/contrastes.com.co\\\/web\\\/2022\\\/06\\\/13\\\/al-ritmo-de-cumbia-soledad-rinde-tributo-a-su-santo-patrono-san-antonio-de-padua\\\/#primaryimage\"},\"thumbnailUrl\":\"\",\"datePublished\":\"2022-06-13T18:18:45+00:00\",\"description\":\"Hoy lunes 13 de junio, d\u00eda de San Antonio de Padua, se realiz\u00f3 una alborada musical que a partir de las 5 de la ma\u00f1ana recorri\u00f3 las principales calles y avenidas de la ciudad, una actividad que se ha hecho tradici\u00f3n en la localidad. Y como tambi\u00e9n es tradici\u00f3n el sonido del tambor, el llamador y la flauta de millo invitando a bailar al comp\u00e1s de la cumbia, a partir de las 3 de la tarde dar\u00e1n inicio las famosas ruedas de cumbia que no pod\u00edan faltar en esta programaci\u00f3n cultural, la actividad se realizar\u00e1 en la Plaza de Soledad iniciando a la hora se\u00f1alada con una \u201cRueda de Cumbia Infantil\u201d mientras que a las 7 de la noche ser\u00e1 el turno para los mayores en la \u201cRueda de Cumbia de Adultos\u201d.\",\"breadcrumb\":{\"@id\":\"https:\\\/\\\/contrastes.com.co\\\/web\\\/2022\\\/06\\\/13\\\/al-ritmo-de-cumbia-soledad-rinde-tributo-a-su-santo-patrono-san-antonio-de-padua\\\/#breadcrumb\"},\"inLanguage\":\"es\",\"potentialAction\":[{\"@type\":\"ReadAction\",\"target\":[\"https:\\\/\\\/contrastes.com.co\\\/web\\\/2022\\\/06\\\/13\\\/al-ritmo-de-cumbia-soledad-rinde-tributo-a-su-santo-patrono-san-antonio-de-padua\\\/\"]}]},{\"@type\":\"ImageObject\",\"inLanguage\":\"es\",\"@id\":\"https:\\\/\\\/contrastes.com.co\\\/web\\\/2022\\\/06\\\/13\\\/al-ritmo-de-cumbia-soledad-rinde-tributo-a-su-santo-patrono-san-antonio-de-padua\\\/#primaryimage\",\"url\":\"\",\"contentUrl\":\"\"},{\"@type\":\"BreadcrumbList\",\"@id\":\"https:\\\/\\\/contrastes.com.co\\\/web\\\/2022\\\/06\\\/13\\\/al-ritmo-de-cumbia-soledad-rinde-tributo-a-su-santo-patrono-san-antonio-de-padua\\\/#breadcrumb\",\"itemListElement\":[{\"@type\":\"ListItem\",\"position\":1,\"name\":\"Portada\",\"item\":\"https:\\\/\\\/contrastes.com.co\\\/web\\\/\"},{\"@type\":\"ListItem\",\"position\":2,\"name\":\"Al ritmo de cumbia Soledad rinde tributo a su santo patrono San Antonio de Padua\"}]},{\"@type\":\"WebSite\",\"@id\":\"https:\\\/\\\/contrastes.com.co\\\/web\\\/#website\",\"url\":\"https:\\\/\\\/contrastes.com.co\\\/web\\\/\",\"name\":\"Contrastes\",\"description\":\"Periodismo de Conciencia\",\"publisher\":{\"@id\":\"https:\\\/\\\/contrastes.com.co\\\/web\\\/#organization\"},\"potentialAction\":[{\"@type\":\"SearchAction\",\"target\":{\"@type\":\"EntryPoint\",\"urlTemplate\":\"https:\\\/\\\/contrastes.com.co\\\/web\\\/?s={search_term_string}\"},\"query-input\":{\"@type\":\"PropertyValueSpecification\",\"valueRequired\":true,\"valueName\":\"search_term_string\"}}],\"inLanguage\":\"es\"},{\"@type\":\"Organization\",\"@id\":\"https:\\\/\\\/contrastes.com.co\\\/web\\\/#organization\",\"name\":\"Contrastes\",\"url\":\"https:\\\/\\\/contrastes.com.co\\\/web\\\/\",\"logo\":{\"@type\":\"ImageObject\",\"inLanguage\":\"es\",\"@id\":\"https:\\\/\\\/contrastes.com.co\\\/web\\\/#\\\/schema\\\/logo\\\/image\\\/\",\"url\":\"https:\\\/\\\/contrastes.com.co\\\/web\\\/wp-content\\\/uploads\\\/2025\\\/04\\\/15CONTRASTES3.png\",\"contentUrl\":\"https:\\\/\\\/contrastes.com.co\\\/web\\\/wp-content\\\/uploads\\\/2025\\\/04\\\/15CONTRASTES3.png\",\"width\":1536,\"height\":231,\"caption\":\"Contrastes\"},\"image\":{\"@id\":\"https:\\\/\\\/contrastes.com.co\\\/web\\\/#\\\/schema\\\/logo\\\/image\\\/\"},\"sameAs\":[\"https:\\\/\\\/www.facebook.com\\\/guillo.pantoja.1\"]},{\"@type\":\"Person\",\"@id\":\"https:\\\/\\\/contrastes.com.co\\\/web\\\/#\\\/schema\\\/person\\\/62ef7a62dc4da6de450c71fc2e95ed02\",\"name\":\"Editor\",\"image\":{\"@type\":\"ImageObject\",\"inLanguage\":\"es\",\"@id\":\"https:\\\/\\\/secure.gravatar.com\\\/avatar\\\/7bbb4f718d74bbf600dc556253bb04fd7ac8593751d6e2e3b85432d98aefae80?s=96&d=mm&r=g\",\"url\":\"https:\\\/\\\/secure.gravatar.com\\\/avatar\\\/7bbb4f718d74bbf600dc556253bb04fd7ac8593751d6e2e3b85432d98aefae80?s=96&d=mm&r=g\",\"contentUrl\":\"https:\\\/\\\/secure.gravatar.com\\\/avatar\\\/7bbb4f718d74bbf600dc556253bb04fd7ac8593751d6e2e3b85432d98aefae80?s=96&d=mm&r=g\",\"caption\":\"Editor\"},\"sameAs\":[\"https:\\\/\\\/contrastes.com.co\\\/web\"],\"url\":\"https:\\\/\\\/contrastes.com.co\\\/web\\\/author\\\/jdbobadilla\\\/\"}]}<\/script>\n<!-- \/ Yoast SEO plugin. -->","yoast_head_json":{"title":"Al ritmo de cumbia Soledad rinde tributo a su santo patrono San Antonio de Padua - Constrastes","description":"Hoy lunes 13 de junio, d\u00eda de San Antonio de Padua, se realiz\u00f3 una alborada musical que a partir de las 5 de la ma\u00f1ana recorri\u00f3 las principales calles y avenidas de la ciudad, una actividad que se ha hecho tradici\u00f3n en la localidad. Y como tambi\u00e9n es tradici\u00f3n el sonido del tambor, el llamador y la flauta de millo invitando a bailar al comp\u00e1s de la cumbia, a partir de las 3 de la tarde dar\u00e1n inicio las famosas ruedas de cumbia que no pod\u00edan faltar en esta programaci\u00f3n cultural, la actividad se realizar\u00e1 en la Plaza de Soledad iniciando a la hora se\u00f1alada con una \u201cRueda de Cumbia Infantil\u201d mientras que a las 7 de la noche ser\u00e1 el turno para los mayores en la \u201cRueda de Cumbia de Adultos\u201d.","robots":{"index":"index","follow":"follow","max-snippet":"max-snippet:-1","max-image-preview":"max-image-preview:large","max-video-preview":"max-video-preview:-1"},"canonical":"https:\/\/contrastes.com.co\/web\/2022\/06\/13\/al-ritmo-de-cumbia-soledad-rinde-tributo-a-su-santo-patrono-san-antonio-de-padua\/","og_locale":"es_ES","og_type":"article","og_title":"Al ritmo de cumbia Soledad rinde tributo a su santo patrono San Antonio de Padua - Constrastes","og_description":"Hoy lunes 13 de junio, d\u00eda de San Antonio de Padua, se realiz\u00f3 una alborada musical que a partir de las 5 de la ma\u00f1ana recorri\u00f3 las principales calles y avenidas de la ciudad, una actividad que se ha hecho tradici\u00f3n en la localidad. Y como tambi\u00e9n es tradici\u00f3n el sonido del tambor, el llamador y la flauta de millo invitando a bailar al comp\u00e1s de la cumbia, a partir de las 3 de la tarde dar\u00e1n inicio las famosas ruedas de cumbia que no pod\u00edan faltar en esta programaci\u00f3n cultural, la actividad se realizar\u00e1 en la Plaza de Soledad iniciando a la hora se\u00f1alada con una \u201cRueda de Cumbia Infantil\u201d mientras que a las 7 de la noche ser\u00e1 el turno para los mayores en la \u201cRueda de Cumbia de Adultos\u201d.","og_url":"https:\/\/contrastes.com.co\/web\/2022\/06\/13\/al-ritmo-de-cumbia-soledad-rinde-tributo-a-su-santo-patrono-san-antonio-de-padua\/","og_site_name":"Constrastes","article_publisher":"https:\/\/www.facebook.com\/guillo.pantoja.1","article_published_time":"2022-06-13T18:18:45+00:00","author":"Editor","twitter_card":"summary_large_image","twitter_misc":{"Escrito por":"Editor","Tiempo de lectura":"1 minuto"},"schema":{"@context":"https:\/\/schema.org","@graph":[{"@type":"Article","@id":"https:\/\/contrastes.com.co\/web\/2022\/06\/13\/al-ritmo-de-cumbia-soledad-rinde-tributo-a-su-santo-patrono-san-antonio-de-padua\/#article","isPartOf":{"@id":"https:\/\/contrastes.com.co\/web\/2022\/06\/13\/al-ritmo-de-cumbia-soledad-rinde-tributo-a-su-santo-patrono-san-antonio-de-padua\/"},"author":{"name":"Editor","@id":"https:\/\/contrastes.com.co\/web\/#\/schema\/person\/62ef7a62dc4da6de450c71fc2e95ed02"},"headline":"Al ritmo de cumbia Soledad rinde tributo a su santo patrono San Antonio de Padua","datePublished":"2022-06-13T18:18:45+00:00","mainEntityOfPage":{"@id":"https:\/\/contrastes.com.co\/web\/2022\/06\/13\/al-ritmo-de-cumbia-soledad-rinde-tributo-a-su-santo-patrono-san-antonio-de-padua\/"},"wordCount":261,"commentCount":0,"publisher":{"@id":"https:\/\/contrastes.com.co\/web\/#organization"},"image":{"@id":"https:\/\/contrastes.com.co\/web\/2022\/06\/13\/al-ritmo-de-cumbia-soledad-rinde-tributo-a-su-santo-patrono-san-antonio-de-padua\/#primaryimage"},"thumbnailUrl":"","keywords":["Domingo Amar\u00eds","Fiestas Patronales en Honor a San Antonio de Padua","municipio de soledad","Rueda de Cumbia","secretar\u00eda de Cultura"],"articleSection":["Cultura","Locales"],"inLanguage":"es","potentialAction":[{"@type":"CommentAction","name":"Comment","target":["https:\/\/contrastes.com.co\/web\/2022\/06\/13\/al-ritmo-de-cumbia-soledad-rinde-tributo-a-su-santo-patrono-san-antonio-de-padua\/#respond"]}]},{"@type":"WebPage","@id":"https:\/\/contrastes.com.co\/web\/2022\/06\/13\/al-ritmo-de-cumbia-soledad-rinde-tributo-a-su-santo-patrono-san-antonio-de-padua\/","url":"https:\/\/contrastes.com.co\/web\/2022\/06\/13\/al-ritmo-de-cumbia-soledad-rinde-tributo-a-su-santo-patrono-san-antonio-de-padua\/","name":"Al ritmo de cumbia Soledad rinde tributo a su santo patrono San Antonio de Padua - Constrastes","isPartOf":{"@id":"https:\/\/contrastes.com.co\/web\/#website"},"primaryImageOfPage":{"@id":"https:\/\/contrastes.com.co\/web\/2022\/06\/13\/al-ritmo-de-cumbia-soledad-rinde-tributo-a-su-santo-patrono-san-antonio-de-padua\/#primaryimage"},"image":{"@id":"https:\/\/contrastes.com.co\/web\/2022\/06\/13\/al-ritmo-de-cumbia-soledad-rinde-tributo-a-su-santo-patrono-san-antonio-de-padua\/#primaryimage"},"thumbnailUrl":"","datePublished":"2022-06-13T18:18:45+00:00","description":"Hoy lunes 13 de junio, d\u00eda de San Antonio de Padua, se realiz\u00f3 una alborada musical que a partir de las 5 de la ma\u00f1ana recorri\u00f3 las principales calles y avenidas de la ciudad, una actividad que se ha hecho tradici\u00f3n en la localidad. Y como tambi\u00e9n es tradici\u00f3n el sonido del tambor, el llamador y la flauta de millo invitando a bailar al comp\u00e1s de la cumbia, a partir de las 3 de la tarde dar\u00e1n inicio las famosas ruedas de cumbia que no pod\u00edan faltar en esta programaci\u00f3n cultural, la actividad se realizar\u00e1 en la Plaza de Soledad iniciando a la hora se\u00f1alada con una \u201cRueda de Cumbia Infantil\u201d mientras que a las 7 de la noche ser\u00e1 el turno para los mayores en la \u201cRueda de Cumbia de Adultos\u201d.","breadcrumb":{"@id":"https:\/\/contrastes.com.co\/web\/2022\/06\/13\/al-ritmo-de-cumbia-soledad-rinde-tributo-a-su-santo-patrono-san-antonio-de-padua\/#breadcrumb"},"inLanguage":"es","potentialAction":[{"@type":"ReadAction","target":["https:\/\/contrastes.com.co\/web\/2022\/06\/13\/al-ritmo-de-cumbia-soledad-rinde-tributo-a-su-santo-patrono-san-antonio-de-padua\/"]}]},{"@type":"ImageObject","inLanguage":"es","@id":"https:\/\/contrastes.com.co\/web\/2022\/06\/13\/al-ritmo-de-cumbia-soledad-rinde-tributo-a-su-santo-patrono-san-antonio-de-padua\/#primaryimage","url":"","contentUrl":""},{"@type":"BreadcrumbList","@id":"https:\/\/contrastes.com.co\/web\/2022\/06\/13\/al-ritmo-de-cumbia-soledad-rinde-tributo-a-su-santo-patrono-san-antonio-de-padua\/#breadcrumb","itemListElement":[{"@type":"ListItem","position":1,"name":"Portada","item":"https:\/\/contrastes.com.co\/web\/"},{"@type":"ListItem","position":2,"name":"Al ritmo de cumbia Soledad rinde tributo a su santo patrono San Antonio de Padua"}]},{"@type":"WebSite","@id":"https:\/\/contrastes.com.co\/web\/#website","url":"https:\/\/contrastes.com.co\/web\/","name":"Contrastes","description":"Periodismo de Conciencia","publisher":{"@id":"https:\/\/contrastes.com.co\/web\/#organization"},"potentialAction":[{"@type":"SearchAction","target":{"@type":"EntryPoint","urlTemplate":"https:\/\/contrastes.com.co\/web\/?s={search_term_string}"},"query-input":{"@type":"PropertyValueSpecification","valueRequired":true,"valueName":"search_term_string"}}],"inLanguage":"es"},{"@type":"Organization","@id":"https:\/\/contrastes.com.co\/web\/#organization","name":"Contrastes","url":"https:\/\/contrastes.com.co\/web\/","logo":{"@type":"ImageObject","inLanguage":"es","@id":"https:\/\/contrastes.com.co\/web\/#\/schema\/logo\/image\/","url":"https:\/\/contrastes.com.co\/web\/wp-content\/uploads\/2025\/04\/15CONTRASTES3.png","contentUrl":"https:\/\/contrastes.com.co\/web\/wp-content\/uploads\/2025\/04\/15CONTRASTES3.png","width":1536,"height":231,"caption":"Contrastes"},"image":{"@id":"https:\/\/contrastes.com.co\/web\/#\/schema\/logo\/image\/"},"sameAs":["https:\/\/www.facebook.com\/guillo.pantoja.1"]},{"@type":"Person","@id":"https:\/\/contrastes.com.co\/web\/#\/schema\/person\/62ef7a62dc4da6de450c71fc2e95ed02","name":"Editor","image":{"@type":"ImageObject","inLanguage":"es","@id":"https:\/\/secure.gravatar.com\/avatar\/7bbb4f718d74bbf600dc556253bb04fd7ac8593751d6e2e3b85432d98aefae80?s=96&d=mm&r=g","url":"https:\/\/secure.gravatar.com\/avatar\/7bbb4f718d74bbf600dc556253bb04fd7ac8593751d6e2e3b85432d98aefae80?s=96&d=mm&r=g","contentUrl":"https:\/\/secure.gravatar.com\/avatar\/7bbb4f718d74bbf600dc556253bb04fd7ac8593751d6e2e3b85432d98aefae80?s=96&d=mm&r=g","caption":"Editor"},"sameAs":["https:\/\/contrastes.com.co\/web"],"url":"https:\/\/contrastes.com.co\/web\/author\/jdbobadilla\/"}]}},"blog_post_layout_featured_media_urls":{"thumbnail":"","full":""},"categories_names":{"104":{"name":"Cultura","link":"https:\/\/contrastes.com.co\/web\/category\/cultura\/"},"23":{"name":"Locales","link":"https:\/\/contrastes.com.co\/web\/category\/locales\/"}},"tags_names":{"379":{"name":"Domingo Amar\u00eds","link":"https:\/\/contrastes.com.co\/web\/tag\/domingo-amaris\/"},"5970":{"name":"Fiestas Patronales en Honor a San Antonio de Padua","link":"https:\/\/contrastes.com.co\/web\/tag\/fiestas-patronales-en-honor-a-san-antonio-de-padua\/"},"51":{"name":"municipio de soledad","link":"https:\/\/contrastes.com.co\/web\/tag\/municipio-de-soledad\/"},"5979":{"name":"Rueda de Cumbia","link":"https:\/\/contrastes.com.co\/web\/tag\/rueda-de-cumbia\/"},"890":{"name":"secretar\u00eda de Cultura","link":"https:\/\/contrastes.com.co\/web\/tag\/secretaria-de-cultura\/"}},"comments_number":"0","wpmagazine_modules_lite_featured_media_urls":{"thumbnail":"","cvmm-medium":"","cvmm-medium-plus":"","cvmm-portrait":"","cvmm-medium-square":"","cvmm-large":"","cvmm-small":"","full":""},"_links":{"self":[{"href":"https:\/\/contrastes.com.co\/web\/wp-json\/wp\/v2\/posts\/9902","targetHints":{"allow":["GET"]}}],"collection":[{"href":"https:\/\/contrastes.com.co\/web\/wp-json\/wp\/v2\/posts"}],"about":[{"href":"https:\/\/contrastes.com.co\/web\/wp-json\/wp\/v2\/types\/post"}],"author":[{"embeddable":true,"href":"https:\/\/contrastes.com.co\/web\/wp-json\/wp\/v2\/users\/1"}],"replies":[{"embeddable":true,"href":"https:\/\/contrastes.com.co\/web\/wp-json\/wp\/v2\/comments?post=9902"}],"version-history":[{"count":0,"href":"https:\/\/contrastes.com.co\/web\/wp-json\/wp\/v2\/posts\/9902\/revisions"}],"wp:attachment":[{"href":"https:\/\/contrastes.com.co\/web\/wp-json\/wp\/v2\/media?parent=9902"}],"wp:term":[{"taxonomy":"category","embeddable":true,"href":"https:\/\/contrastes.com.co\/web\/wp-json\/wp\/v2\/categories?post=9902"},{"taxonomy":"post_tag","embeddable":true,"href":"https:\/\/contrastes.com.co\/web\/wp-json\/wp\/v2\/tags?post=9902"}],"curies":[{"name":"wp","href":"https:\/\/api.w.org\/{rel}","templated":true}]}}