{"id":9906,"date":"2022-06-13T13:25:45","date_gmt":"2022-06-13T18:25:45","guid":{"rendered":"https:\/\/contrastes.com.co\/digital\/?p=9906"},"modified":"2022-06-13T13:25:45","modified_gmt":"2022-06-13T18:25:45","slug":"atlantico-crea-el-congreso-internacional-que-abordara-la-cultura-desde-la-creatividad-y-la-innovacion","status":"publish","type":"post","link":"https:\/\/contrastes.com.co\/web\/2022\/06\/13\/atlantico-crea-el-congreso-internacional-que-abordara-la-cultura-desde-la-creatividad-y-la-innovacion\/","title":{"rendered":"\u2018Atl\u00e1ntico Crea\u2019, el congreso internacional que abordar\u00e1 la cultura desde la creatividad y la innovaci\u00f3n"},"content":{"rendered":"<p><strong>*Gobernaci\u00f3n presenta \u2018Atl\u00e1ntico Crea\u2019, el congreso internacional que abordar\u00e1 la cultura desde la creatividad y la innovaci\u00f3n<\/strong><\/p>\n<blockquote><p><strong>&#8216;Atl\u00e1ntico Crea&#8217;: 1er Congreso de Industrias Creativas e Innovaci\u00f3n, un encuentro liderado por la Gobernaci\u00f3n del Atl\u00e1ntico, en el que participar\u00e1n expertos nacionales e internacionales<\/strong><\/p><\/blockquote>\n<p><img decoding=\"async\" class=\"alignleft  wp-image-8758\" src=\"https:\/\/contrastes.com.co\/digital\/wp-content\/uploads\/2022\/04\/d-capitular.png\" alt=\"\" width=\"52\" height=\"52\" \/>el 15 al 17 de junio se realizar\u00e1 &#8216;<strong>Atl\u00e1ntico Crea&#8217;: 1er Congreso de Industrias Creativas e Innovaci\u00f3n<\/strong>, un encuentro liderado por la <strong>Gobernaci\u00f3n del Atl\u00e1ntico<\/strong>, en el que participar\u00e1n expertos nacionales e internacionales, que compartir\u00e1n rutas para el emprendimiento cultural, pol\u00edticas culturales, financiaci\u00f3n de econom\u00edas creativas y comunicaci\u00f3n.<\/p>\n<p>Las jornadas, que se realizar\u00e1n en la <strong>F\u00e1brica de Cultura de Barranquill<\/strong>a, incluyen inmersi\u00f3n en experiencias exitosas,\u00a0 talleres de storytelling, conferencias y performances art\u00edsticos. Para este encuentro de innovaci\u00f3n cultural, la Gobernaci\u00f3n entregar\u00e1 300 cupos para gestores culturales y estudiantes universitarios de carreras afines a las artes, adem\u00e1s de la posibilidad de ganar una residencia art\u00edstica internacional.<\/p>\n<p><img fetchpriority=\"high\" decoding=\"async\" class=\"size-full wp-image-9908 aligncenter\" src=\"https:\/\/contrastes.com.co\/digital\/wp-content\/uploads\/2022\/06\/atlntico-crea-3.jpg\" alt=\"atlantico 3 crea\" width=\"1200\" height=\"783\" \/><\/p>\n<p>\u201cEn nuestro departamento estamos construyendo un modelo nacional de gesti\u00f3n cultural, a partir del proceso de identificaci\u00f3n que realizamos de todos los saberes, tradiciones, la riqueza en artes y oficios de las comunidades. Hay muchos retos y un camino hacia la innovaci\u00f3n que es necesario cursar, por eso tenemos una n\u00f3mina de invitados nacionales e internacionales para abordar la cultura desde un enfoque sostenible. Queremos que los gestores y estudiantes aventajados no se pierdan esta oportunidad de formaci\u00f3n, as\u00ed que hemos dispuesto 300 cupos para que puedan asistir\u00bb, afirm\u00f3 la <strong>gobernadora del Atl\u00e1ntico, Elsa Noguera<\/strong>.<\/p>\n<p>Para la <strong>secretaria de Cultura y Patrimonio del Atl\u00e1ntico, Diana Acosta<\/strong>, anfitriona y ponente, esta es una oportunidad para formar, retar e impulsar nuevas din\u00e1micas en el sector que lleven el trabajo de los artistas y hacedores a nuevos niveles y escenarios.<\/p>\n<p><img decoding=\"async\" class=\"size-full wp-image-9909 aligncenter\" src=\"https:\/\/contrastes.com.co\/digital\/wp-content\/uploads\/2022\/06\/atlantico-crea.jpg\" alt=\"atlantico crea 2\" width=\"1200\" height=\"783\" \/><\/p>\n<p>\u00abNo solo tendremos disponibles a los expertos nacionales e internacionales, tambi\u00e9n premiaremos la idea m\u00e1s novedosa en gesti\u00f3n que podr\u00e1 ganarse una residencia art\u00edstica en cualquier lugar de Latinoam\u00e9rica. Por eso, invitamos a los gestores de nuestro departamento, a los estudiantes inquietos y creativos a participar de esta experiencia e inscribirse en la p\u00e1gina web\u00bb, destac\u00f3 la Secretaria de Cultura departamental.<\/p>\n","protected":false},"excerpt":{"rendered":"<p>Del 15 al 17 de junio se realizar\u00e1 &#8216;Atl\u00e1ntico Crea&#8217;: 1er Congreso de Industrias Creativas e Innovaci\u00f3n, un encuentro liderado por la Gobernaci\u00f3n del Atl\u00e1ntico, en el que participar\u00e1n expertos nacionales e internacionales, que compartir\u00e1n rutas para el emprendimiento cultural, pol\u00edticas culturales, financiaci\u00f3n de econom\u00edas creativas y comunicaci\u00f3n.<\/p>\n","protected":false},"author":1,"featured_media":9907,"comment_status":"open","ping_status":"open","sticky":false,"template":"","format":"standard","meta":{"footnotes":""},"categories":[104,4171,24],"tags":[5980,2024,77,5981,181,3454],"class_list":["post-9906","post","type-post","status-publish","format-standard","has-post-thumbnail","hentry","category-cultura","category-emprendimiento-y-desarrollo-economico","category-region","tag-atlantico-crea-1er-congreso-de-industrias-creativas-e-innovacion","tag-diana-acosta","tag-elsa-noguera","tag-fabrica-de-cultura-de-barranquill","tag-gobernadora-del-atlantico","tag-secretaria-de-cultura-y-patrimonio-del-atlantico"],"yoast_head":"<!-- This site is optimized with the Yoast SEO plugin v27.7 - https:\/\/yoast.com\/product\/yoast-seo-wordpress\/ -->\n<title>\u2018Atl\u00e1ntico Crea\u2019, el congreso internacional que abordar\u00e1 la cultura desde la creatividad y la innovaci\u00f3n - Constrastes<\/title>\n<meta name=\"description\" content=\"Del 15 al 17 de junio se realizar\u00e1 &#039;Atl\u00e1ntico Crea&#039;: 1er Congreso de Industrias Creativas e Innovaci\u00f3n, un encuentro liderado por la Gobernaci\u00f3n del Atl\u00e1ntico, en el que participar\u00e1n expertos nacionales e internacionales, que compartir\u00e1n rutas para el emprendimiento cultural, pol\u00edticas culturales, financiaci\u00f3n de econom\u00edas creativas y comunicaci\u00f3n.\" \/>\n<meta name=\"robots\" content=\"index, follow, max-snippet:-1, max-image-preview:large, max-video-preview:-1\" \/>\n<link rel=\"canonical\" href=\"https:\/\/contrastes.com.co\/web\/2022\/06\/13\/atlantico-crea-el-congreso-internacional-que-abordara-la-cultura-desde-la-creatividad-y-la-innovacion\/\" \/>\n<meta property=\"og:locale\" content=\"es_ES\" \/>\n<meta property=\"og:type\" content=\"article\" \/>\n<meta property=\"og:title\" content=\"\u2018Atl\u00e1ntico Crea\u2019, el congreso internacional que abordar\u00e1 la cultura desde la creatividad y la innovaci\u00f3n - Constrastes\" \/>\n<meta property=\"og:description\" content=\"Del 15 al 17 de junio se realizar\u00e1 &#039;Atl\u00e1ntico Crea&#039;: 1er Congreso de Industrias Creativas e Innovaci\u00f3n, un encuentro liderado por la Gobernaci\u00f3n del Atl\u00e1ntico, en el que participar\u00e1n expertos nacionales e internacionales, que compartir\u00e1n rutas para el emprendimiento cultural, pol\u00edticas culturales, financiaci\u00f3n de econom\u00edas creativas y comunicaci\u00f3n.\" \/>\n<meta property=\"og:url\" content=\"https:\/\/contrastes.com.co\/web\/2022\/06\/13\/atlantico-crea-el-congreso-internacional-que-abordara-la-cultura-desde-la-creatividad-y-la-innovacion\/\" \/>\n<meta property=\"og:site_name\" content=\"Constrastes\" \/>\n<meta property=\"article:publisher\" content=\"https:\/\/www.facebook.com\/guillo.pantoja.1\" \/>\n<meta property=\"article:published_time\" content=\"2022-06-13T18:25:45+00:00\" \/>\n<meta name=\"author\" content=\"Editor\" \/>\n<meta name=\"twitter:card\" content=\"summary_large_image\" \/>\n<meta name=\"twitter:label1\" content=\"Escrito por\" \/>\n\t<meta name=\"twitter:data1\" content=\"Editor\" \/>\n\t<meta name=\"twitter:label2\" content=\"Tiempo de lectura\" \/>\n\t<meta name=\"twitter:data2\" content=\"2 minutos\" \/>\n<script type=\"application\/ld+json\" class=\"yoast-schema-graph\">{\"@context\":\"https:\\\/\\\/schema.org\",\"@graph\":[{\"@type\":\"Article\",\"@id\":\"https:\\\/\\\/contrastes.com.co\\\/web\\\/2022\\\/06\\\/13\\\/atlantico-crea-el-congreso-internacional-que-abordara-la-cultura-desde-la-creatividad-y-la-innovacion\\\/#article\",\"isPartOf\":{\"@id\":\"https:\\\/\\\/contrastes.com.co\\\/web\\\/2022\\\/06\\\/13\\\/atlantico-crea-el-congreso-internacional-que-abordara-la-cultura-desde-la-creatividad-y-la-innovacion\\\/\"},\"author\":{\"name\":\"Editor\",\"@id\":\"https:\\\/\\\/contrastes.com.co\\\/web\\\/#\\\/schema\\\/person\\\/62ef7a62dc4da6de450c71fc2e95ed02\"},\"headline\":\"\u2018Atl\u00e1ntico Crea\u2019, el congreso internacional que abordar\u00e1 la cultura desde la creatividad y la innovaci\u00f3n\",\"datePublished\":\"2022-06-13T18:25:45+00:00\",\"mainEntityOfPage\":{\"@id\":\"https:\\\/\\\/contrastes.com.co\\\/web\\\/2022\\\/06\\\/13\\\/atlantico-crea-el-congreso-internacional-que-abordara-la-cultura-desde-la-creatividad-y-la-innovacion\\\/\"},\"wordCount\":398,\"commentCount\":0,\"publisher\":{\"@id\":\"https:\\\/\\\/contrastes.com.co\\\/web\\\/#organization\"},\"image\":{\"@id\":\"https:\\\/\\\/contrastes.com.co\\\/web\\\/2022\\\/06\\\/13\\\/atlantico-crea-el-congreso-internacional-que-abordara-la-cultura-desde-la-creatividad-y-la-innovacion\\\/#primaryimage\"},\"thumbnailUrl\":\"\",\"keywords\":[\"Atl\u00e1ntico Crea': 1er Congreso de Industrias Creativas e Innovaci\u00f3n\",\"Diana Acosta\",\"elsa noguera\",\"F\u00e1brica de Cultura de Barranquill\",\"Gobernadora del Atl\u00e1ntico\",\"Secretar\u00eda de Cultura y Patrimonio del Atl\u00e1ntico\"],\"articleSection\":[\"Cultura\",\"Emprendimiento y desarrollo econ\u00f3mico\",\"Regi\u00f3n\"],\"inLanguage\":\"es\",\"potentialAction\":[{\"@type\":\"CommentAction\",\"name\":\"Comment\",\"target\":[\"https:\\\/\\\/contrastes.com.co\\\/web\\\/2022\\\/06\\\/13\\\/atlantico-crea-el-congreso-internacional-que-abordara-la-cultura-desde-la-creatividad-y-la-innovacion\\\/#respond\"]}]},{\"@type\":\"WebPage\",\"@id\":\"https:\\\/\\\/contrastes.com.co\\\/web\\\/2022\\\/06\\\/13\\\/atlantico-crea-el-congreso-internacional-que-abordara-la-cultura-desde-la-creatividad-y-la-innovacion\\\/\",\"url\":\"https:\\\/\\\/contrastes.com.co\\\/web\\\/2022\\\/06\\\/13\\\/atlantico-crea-el-congreso-internacional-que-abordara-la-cultura-desde-la-creatividad-y-la-innovacion\\\/\",\"name\":\"\u2018Atl\u00e1ntico Crea\u2019, el congreso internacional que abordar\u00e1 la cultura desde la creatividad y la innovaci\u00f3n - Constrastes\",\"isPartOf\":{\"@id\":\"https:\\\/\\\/contrastes.com.co\\\/web\\\/#website\"},\"primaryImageOfPage\":{\"@id\":\"https:\\\/\\\/contrastes.com.co\\\/web\\\/2022\\\/06\\\/13\\\/atlantico-crea-el-congreso-internacional-que-abordara-la-cultura-desde-la-creatividad-y-la-innovacion\\\/#primaryimage\"},\"image\":{\"@id\":\"https:\\\/\\\/contrastes.com.co\\\/web\\\/2022\\\/06\\\/13\\\/atlantico-crea-el-congreso-internacional-que-abordara-la-cultura-desde-la-creatividad-y-la-innovacion\\\/#primaryimage\"},\"thumbnailUrl\":\"\",\"datePublished\":\"2022-06-13T18:25:45+00:00\",\"description\":\"Del 15 al 17 de junio se realizar\u00e1 'Atl\u00e1ntico Crea': 1er Congreso de Industrias Creativas e Innovaci\u00f3n, un encuentro liderado por la Gobernaci\u00f3n del Atl\u00e1ntico, en el que participar\u00e1n expertos nacionales e internacionales, que compartir\u00e1n rutas para el emprendimiento cultural, pol\u00edticas culturales, financiaci\u00f3n de econom\u00edas creativas y comunicaci\u00f3n.\",\"breadcrumb\":{\"@id\":\"https:\\\/\\\/contrastes.com.co\\\/web\\\/2022\\\/06\\\/13\\\/atlantico-crea-el-congreso-internacional-que-abordara-la-cultura-desde-la-creatividad-y-la-innovacion\\\/#breadcrumb\"},\"inLanguage\":\"es\",\"potentialAction\":[{\"@type\":\"ReadAction\",\"target\":[\"https:\\\/\\\/contrastes.com.co\\\/web\\\/2022\\\/06\\\/13\\\/atlantico-crea-el-congreso-internacional-que-abordara-la-cultura-desde-la-creatividad-y-la-innovacion\\\/\"]}]},{\"@type\":\"ImageObject\",\"inLanguage\":\"es\",\"@id\":\"https:\\\/\\\/contrastes.com.co\\\/web\\\/2022\\\/06\\\/13\\\/atlantico-crea-el-congreso-internacional-que-abordara-la-cultura-desde-la-creatividad-y-la-innovacion\\\/#primaryimage\",\"url\":\"\",\"contentUrl\":\"\"},{\"@type\":\"BreadcrumbList\",\"@id\":\"https:\\\/\\\/contrastes.com.co\\\/web\\\/2022\\\/06\\\/13\\\/atlantico-crea-el-congreso-internacional-que-abordara-la-cultura-desde-la-creatividad-y-la-innovacion\\\/#breadcrumb\",\"itemListElement\":[{\"@type\":\"ListItem\",\"position\":1,\"name\":\"Portada\",\"item\":\"https:\\\/\\\/contrastes.com.co\\\/web\\\/\"},{\"@type\":\"ListItem\",\"position\":2,\"name\":\"\u2018Atl\u00e1ntico Crea\u2019, el congreso internacional que abordar\u00e1 la cultura desde la creatividad y la innovaci\u00f3n\"}]},{\"@type\":\"WebSite\",\"@id\":\"https:\\\/\\\/contrastes.com.co\\\/web\\\/#website\",\"url\":\"https:\\\/\\\/contrastes.com.co\\\/web\\\/\",\"name\":\"Contrastes\",\"description\":\"Periodismo de Conciencia\",\"publisher\":{\"@id\":\"https:\\\/\\\/contrastes.com.co\\\/web\\\/#organization\"},\"potentialAction\":[{\"@type\":\"SearchAction\",\"target\":{\"@type\":\"EntryPoint\",\"urlTemplate\":\"https:\\\/\\\/contrastes.com.co\\\/web\\\/?s={search_term_string}\"},\"query-input\":{\"@type\":\"PropertyValueSpecification\",\"valueRequired\":true,\"valueName\":\"search_term_string\"}}],\"inLanguage\":\"es\"},{\"@type\":\"Organization\",\"@id\":\"https:\\\/\\\/contrastes.com.co\\\/web\\\/#organization\",\"name\":\"Contrastes\",\"url\":\"https:\\\/\\\/contrastes.com.co\\\/web\\\/\",\"logo\":{\"@type\":\"ImageObject\",\"inLanguage\":\"es\",\"@id\":\"https:\\\/\\\/contrastes.com.co\\\/web\\\/#\\\/schema\\\/logo\\\/image\\\/\",\"url\":\"https:\\\/\\\/contrastes.com.co\\\/web\\\/wp-content\\\/uploads\\\/2025\\\/04\\\/15CONTRASTES3.png\",\"contentUrl\":\"https:\\\/\\\/contrastes.com.co\\\/web\\\/wp-content\\\/uploads\\\/2025\\\/04\\\/15CONTRASTES3.png\",\"width\":1536,\"height\":231,\"caption\":\"Contrastes\"},\"image\":{\"@id\":\"https:\\\/\\\/contrastes.com.co\\\/web\\\/#\\\/schema\\\/logo\\\/image\\\/\"},\"sameAs\":[\"https:\\\/\\\/www.facebook.com\\\/guillo.pantoja.1\"]},{\"@type\":\"Person\",\"@id\":\"https:\\\/\\\/contrastes.com.co\\\/web\\\/#\\\/schema\\\/person\\\/62ef7a62dc4da6de450c71fc2e95ed02\",\"name\":\"Editor\",\"image\":{\"@type\":\"ImageObject\",\"inLanguage\":\"es\",\"@id\":\"https:\\\/\\\/secure.gravatar.com\\\/avatar\\\/7bbb4f718d74bbf600dc556253bb04fd7ac8593751d6e2e3b85432d98aefae80?s=96&d=mm&r=g\",\"url\":\"https:\\\/\\\/secure.gravatar.com\\\/avatar\\\/7bbb4f718d74bbf600dc556253bb04fd7ac8593751d6e2e3b85432d98aefae80?s=96&d=mm&r=g\",\"contentUrl\":\"https:\\\/\\\/secure.gravatar.com\\\/avatar\\\/7bbb4f718d74bbf600dc556253bb04fd7ac8593751d6e2e3b85432d98aefae80?s=96&d=mm&r=g\",\"caption\":\"Editor\"},\"sameAs\":[\"https:\\\/\\\/contrastes.com.co\\\/web\"],\"url\":\"https:\\\/\\\/contrastes.com.co\\\/web\\\/author\\\/jdbobadilla\\\/\"}]}<\/script>\n<!-- \/ Yoast SEO plugin. -->","yoast_head_json":{"title":"\u2018Atl\u00e1ntico Crea\u2019, el congreso internacional que abordar\u00e1 la cultura desde la creatividad y la innovaci\u00f3n - Constrastes","description":"Del 15 al 17 de junio se realizar\u00e1 'Atl\u00e1ntico Crea': 1er Congreso de Industrias Creativas e Innovaci\u00f3n, un encuentro liderado por la Gobernaci\u00f3n del Atl\u00e1ntico, en el que participar\u00e1n expertos nacionales e internacionales, que compartir\u00e1n rutas para el emprendimiento cultural, pol\u00edticas culturales, financiaci\u00f3n de econom\u00edas creativas y comunicaci\u00f3n.","robots":{"index":"index","follow":"follow","max-snippet":"max-snippet:-1","max-image-preview":"max-image-preview:large","max-video-preview":"max-video-preview:-1"},"canonical":"https:\/\/contrastes.com.co\/web\/2022\/06\/13\/atlantico-crea-el-congreso-internacional-que-abordara-la-cultura-desde-la-creatividad-y-la-innovacion\/","og_locale":"es_ES","og_type":"article","og_title":"\u2018Atl\u00e1ntico Crea\u2019, el congreso internacional que abordar\u00e1 la cultura desde la creatividad y la innovaci\u00f3n - Constrastes","og_description":"Del 15 al 17 de junio se realizar\u00e1 'Atl\u00e1ntico Crea': 1er Congreso de Industrias Creativas e Innovaci\u00f3n, un encuentro liderado por la Gobernaci\u00f3n del Atl\u00e1ntico, en el que participar\u00e1n expertos nacionales e internacionales, que compartir\u00e1n rutas para el emprendimiento cultural, pol\u00edticas culturales, financiaci\u00f3n de econom\u00edas creativas y comunicaci\u00f3n.","og_url":"https:\/\/contrastes.com.co\/web\/2022\/06\/13\/atlantico-crea-el-congreso-internacional-que-abordara-la-cultura-desde-la-creatividad-y-la-innovacion\/","og_site_name":"Constrastes","article_publisher":"https:\/\/www.facebook.com\/guillo.pantoja.1","article_published_time":"2022-06-13T18:25:45+00:00","author":"Editor","twitter_card":"summary_large_image","twitter_misc":{"Escrito por":"Editor","Tiempo de lectura":"2 minutos"},"schema":{"@context":"https:\/\/schema.org","@graph":[{"@type":"Article","@id":"https:\/\/contrastes.com.co\/web\/2022\/06\/13\/atlantico-crea-el-congreso-internacional-que-abordara-la-cultura-desde-la-creatividad-y-la-innovacion\/#article","isPartOf":{"@id":"https:\/\/contrastes.com.co\/web\/2022\/06\/13\/atlantico-crea-el-congreso-internacional-que-abordara-la-cultura-desde-la-creatividad-y-la-innovacion\/"},"author":{"name":"Editor","@id":"https:\/\/contrastes.com.co\/web\/#\/schema\/person\/62ef7a62dc4da6de450c71fc2e95ed02"},"headline":"\u2018Atl\u00e1ntico Crea\u2019, el congreso internacional que abordar\u00e1 la cultura desde la creatividad y la innovaci\u00f3n","datePublished":"2022-06-13T18:25:45+00:00","mainEntityOfPage":{"@id":"https:\/\/contrastes.com.co\/web\/2022\/06\/13\/atlantico-crea-el-congreso-internacional-que-abordara-la-cultura-desde-la-creatividad-y-la-innovacion\/"},"wordCount":398,"commentCount":0,"publisher":{"@id":"https:\/\/contrastes.com.co\/web\/#organization"},"image":{"@id":"https:\/\/contrastes.com.co\/web\/2022\/06\/13\/atlantico-crea-el-congreso-internacional-que-abordara-la-cultura-desde-la-creatividad-y-la-innovacion\/#primaryimage"},"thumbnailUrl":"","keywords":["Atl\u00e1ntico Crea': 1er Congreso de Industrias Creativas e Innovaci\u00f3n","Diana Acosta","elsa noguera","F\u00e1brica de Cultura de Barranquill","Gobernadora del Atl\u00e1ntico","Secretar\u00eda de Cultura y Patrimonio del Atl\u00e1ntico"],"articleSection":["Cultura","Emprendimiento y desarrollo econ\u00f3mico","Regi\u00f3n"],"inLanguage":"es","potentialAction":[{"@type":"CommentAction","name":"Comment","target":["https:\/\/contrastes.com.co\/web\/2022\/06\/13\/atlantico-crea-el-congreso-internacional-que-abordara-la-cultura-desde-la-creatividad-y-la-innovacion\/#respond"]}]},{"@type":"WebPage","@id":"https:\/\/contrastes.com.co\/web\/2022\/06\/13\/atlantico-crea-el-congreso-internacional-que-abordara-la-cultura-desde-la-creatividad-y-la-innovacion\/","url":"https:\/\/contrastes.com.co\/web\/2022\/06\/13\/atlantico-crea-el-congreso-internacional-que-abordara-la-cultura-desde-la-creatividad-y-la-innovacion\/","name":"\u2018Atl\u00e1ntico Crea\u2019, el congreso internacional que abordar\u00e1 la cultura desde la creatividad y la innovaci\u00f3n - Constrastes","isPartOf":{"@id":"https:\/\/contrastes.com.co\/web\/#website"},"primaryImageOfPage":{"@id":"https:\/\/contrastes.com.co\/web\/2022\/06\/13\/atlantico-crea-el-congreso-internacional-que-abordara-la-cultura-desde-la-creatividad-y-la-innovacion\/#primaryimage"},"image":{"@id":"https:\/\/contrastes.com.co\/web\/2022\/06\/13\/atlantico-crea-el-congreso-internacional-que-abordara-la-cultura-desde-la-creatividad-y-la-innovacion\/#primaryimage"},"thumbnailUrl":"","datePublished":"2022-06-13T18:25:45+00:00","description":"Del 15 al 17 de junio se realizar\u00e1 'Atl\u00e1ntico Crea': 1er Congreso de Industrias Creativas e Innovaci\u00f3n, un encuentro liderado por la Gobernaci\u00f3n del Atl\u00e1ntico, en el que participar\u00e1n expertos nacionales e internacionales, que compartir\u00e1n rutas para el emprendimiento cultural, pol\u00edticas culturales, financiaci\u00f3n de econom\u00edas creativas y comunicaci\u00f3n.","breadcrumb":{"@id":"https:\/\/contrastes.com.co\/web\/2022\/06\/13\/atlantico-crea-el-congreso-internacional-que-abordara-la-cultura-desde-la-creatividad-y-la-innovacion\/#breadcrumb"},"inLanguage":"es","potentialAction":[{"@type":"ReadAction","target":["https:\/\/contrastes.com.co\/web\/2022\/06\/13\/atlantico-crea-el-congreso-internacional-que-abordara-la-cultura-desde-la-creatividad-y-la-innovacion\/"]}]},{"@type":"ImageObject","inLanguage":"es","@id":"https:\/\/contrastes.com.co\/web\/2022\/06\/13\/atlantico-crea-el-congreso-internacional-que-abordara-la-cultura-desde-la-creatividad-y-la-innovacion\/#primaryimage","url":"","contentUrl":""},{"@type":"BreadcrumbList","@id":"https:\/\/contrastes.com.co\/web\/2022\/06\/13\/atlantico-crea-el-congreso-internacional-que-abordara-la-cultura-desde-la-creatividad-y-la-innovacion\/#breadcrumb","itemListElement":[{"@type":"ListItem","position":1,"name":"Portada","item":"https:\/\/contrastes.com.co\/web\/"},{"@type":"ListItem","position":2,"name":"\u2018Atl\u00e1ntico Crea\u2019, el congreso internacional que abordar\u00e1 la cultura desde la creatividad y la innovaci\u00f3n"}]},{"@type":"WebSite","@id":"https:\/\/contrastes.com.co\/web\/#website","url":"https:\/\/contrastes.com.co\/web\/","name":"Contrastes","description":"Periodismo de Conciencia","publisher":{"@id":"https:\/\/contrastes.com.co\/web\/#organization"},"potentialAction":[{"@type":"SearchAction","target":{"@type":"EntryPoint","urlTemplate":"https:\/\/contrastes.com.co\/web\/?s={search_term_string}"},"query-input":{"@type":"PropertyValueSpecification","valueRequired":true,"valueName":"search_term_string"}}],"inLanguage":"es"},{"@type":"Organization","@id":"https:\/\/contrastes.com.co\/web\/#organization","name":"Contrastes","url":"https:\/\/contrastes.com.co\/web\/","logo":{"@type":"ImageObject","inLanguage":"es","@id":"https:\/\/contrastes.com.co\/web\/#\/schema\/logo\/image\/","url":"https:\/\/contrastes.com.co\/web\/wp-content\/uploads\/2025\/04\/15CONTRASTES3.png","contentUrl":"https:\/\/contrastes.com.co\/web\/wp-content\/uploads\/2025\/04\/15CONTRASTES3.png","width":1536,"height":231,"caption":"Contrastes"},"image":{"@id":"https:\/\/contrastes.com.co\/web\/#\/schema\/logo\/image\/"},"sameAs":["https:\/\/www.facebook.com\/guillo.pantoja.1"]},{"@type":"Person","@id":"https:\/\/contrastes.com.co\/web\/#\/schema\/person\/62ef7a62dc4da6de450c71fc2e95ed02","name":"Editor","image":{"@type":"ImageObject","inLanguage":"es","@id":"https:\/\/secure.gravatar.com\/avatar\/7bbb4f718d74bbf600dc556253bb04fd7ac8593751d6e2e3b85432d98aefae80?s=96&d=mm&r=g","url":"https:\/\/secure.gravatar.com\/avatar\/7bbb4f718d74bbf600dc556253bb04fd7ac8593751d6e2e3b85432d98aefae80?s=96&d=mm&r=g","contentUrl":"https:\/\/secure.gravatar.com\/avatar\/7bbb4f718d74bbf600dc556253bb04fd7ac8593751d6e2e3b85432d98aefae80?s=96&d=mm&r=g","caption":"Editor"},"sameAs":["https:\/\/contrastes.com.co\/web"],"url":"https:\/\/contrastes.com.co\/web\/author\/jdbobadilla\/"}]}},"blog_post_layout_featured_media_urls":{"thumbnail":"","full":""},"categories_names":{"104":{"name":"Cultura","link":"https:\/\/contrastes.com.co\/web\/category\/cultura\/"},"4171":{"name":"Emprendimiento y desarrollo econ\u00f3mico","link":"https:\/\/contrastes.com.co\/web\/category\/emprendimiento-y-desarrollo-economico\/"},"24":{"name":"Regi\u00f3n","link":"https:\/\/contrastes.com.co\/web\/category\/region\/"}},"tags_names":{"5980":{"name":"Atl\u00e1ntico Crea': 1er Congreso de Industrias Creativas e Innovaci\u00f3n","link":"https:\/\/contrastes.com.co\/web\/tag\/atlantico-crea-1er-congreso-de-industrias-creativas-e-innovacion\/"},"2024":{"name":"Diana Acosta","link":"https:\/\/contrastes.com.co\/web\/tag\/diana-acosta\/"},"77":{"name":"elsa noguera","link":"https:\/\/contrastes.com.co\/web\/tag\/elsa-noguera\/"},"5981":{"name":"F\u00e1brica de Cultura de Barranquill","link":"https:\/\/contrastes.com.co\/web\/tag\/fabrica-de-cultura-de-barranquill\/"},"181":{"name":"Gobernadora del Atl\u00e1ntico","link":"https:\/\/contrastes.com.co\/web\/tag\/gobernadora-del-atlantico\/"},"3454":{"name":"Secretar\u00eda de Cultura y Patrimonio del Atl\u00e1ntico","link":"https:\/\/contrastes.com.co\/web\/tag\/secretaria-de-cultura-y-patrimonio-del-atlantico\/"}},"comments_number":"0","wpmagazine_modules_lite_featured_media_urls":{"thumbnail":"","cvmm-medium":"","cvmm-medium-plus":"","cvmm-portrait":"","cvmm-medium-square":"","cvmm-large":"","cvmm-small":"","full":""},"_links":{"self":[{"href":"https:\/\/contrastes.com.co\/web\/wp-json\/wp\/v2\/posts\/9906","targetHints":{"allow":["GET"]}}],"collection":[{"href":"https:\/\/contrastes.com.co\/web\/wp-json\/wp\/v2\/posts"}],"about":[{"href":"https:\/\/contrastes.com.co\/web\/wp-json\/wp\/v2\/types\/post"}],"author":[{"embeddable":true,"href":"https:\/\/contrastes.com.co\/web\/wp-json\/wp\/v2\/users\/1"}],"replies":[{"embeddable":true,"href":"https:\/\/contrastes.com.co\/web\/wp-json\/wp\/v2\/comments?post=9906"}],"version-history":[{"count":0,"href":"https:\/\/contrastes.com.co\/web\/wp-json\/wp\/v2\/posts\/9906\/revisions"}],"wp:attachment":[{"href":"https:\/\/contrastes.com.co\/web\/wp-json\/wp\/v2\/media?parent=9906"}],"wp:term":[{"taxonomy":"category","embeddable":true,"href":"https:\/\/contrastes.com.co\/web\/wp-json\/wp\/v2\/categories?post=9906"},{"taxonomy":"post_tag","embeddable":true,"href":"https:\/\/contrastes.com.co\/web\/wp-json\/wp\/v2\/tags?post=9906"}],"curies":[{"name":"wp","href":"https:\/\/api.w.org\/{rel}","templated":true}]}}