{"id":9980,"date":"2022-06-15T16:52:54","date_gmt":"2022-06-15T21:52:54","guid":{"rendered":"https:\/\/contrastes.com.co\/digital\/?p=9980"},"modified":"2022-06-15T16:52:54","modified_gmt":"2022-06-15T21:52:54","slug":"soledad-decreta-ley-seca-con-ocasion-a-la-segunda-vuelta-de-elecciones-presidenciales","status":"publish","type":"post","link":"https:\/\/contrastes.com.co\/web\/2022\/06\/15\/soledad-decreta-ley-seca-con-ocasion-a-la-segunda-vuelta-de-elecciones-presidenciales\/","title":{"rendered":"Soledad decreta ley seca con ocasi\u00f3n a la segunda vuelta de elecciones presidenciales"},"content":{"rendered":"<p><strong>*Soledad decreta ley seca con ocasi\u00f3n a la segunda vuelta de elecciones presidenciales<\/strong><\/p>\n<blockquote><p><strong>\u201cEl municipio de Soledad est\u00e1 preparado para que este domingo sus habitantes puedan ejercer su derecho al voto a la Presidencia y Vicepresidencia de la Rep\u00fablica, garantizando el normal desarrollo de la jornada electoral. Para esto, contamos con el acompa\u00f1amiento de los miembros de la Fuerza P\u00fablica, quienes se ubicar\u00e1n en diferentes puntos de nuestro ente territorial haciendo cumplir lo expresado en los Decretos Nacional y Municipal\u201d: Rodolfo Ucr\u00f3s.<\/strong><\/p><\/blockquote>\n<p><img decoding=\"async\" class=\"alignleft wp-image-8551\" src=\"https:\/\/contrastes.com.co\/digital\/wp-content\/uploads\/2022\/03\/m-capitular.png\" alt=\"m capitular\" width=\"66\" height=\"66\" \/>ediante el Decreto 069 del 13 de junio de 2022, la Alcald\u00eda de Soledad decret\u00f3 la Ley Seca, a partir de las 6:00 de la tarde del s\u00e1bado, 18 de junio, hasta las 12 del mediod\u00eda del lunes 20 de junio con el prop\u00f3sito de conservar el orden p\u00fablico, durante la jornada electoral programada para el 19 de junio de 2022.<\/p>\n<p>Esta prohibici\u00f3n se adopta con fundamento a lo dispuesto en el Decreto No.979 del 2022, expedido por el Ministerio del Interior, con el fin de aplicar las medidas necesarias que garanticen el normal desarrollo de la jornada electoral, con ocasi\u00f3n a la segunda vuelta de las elecciones presidenciales para el per\u00edodo 2022-2026.<\/p>\n<p>El alcalde, Rodolfo Ucr\u00f3s Rosales, activ\u00f3 el Comit\u00e9 de Seguimiento Electoral y el Consejo de Seguridad Municipal, para el correcto seguimiento al desarrollo de los comicios que se realizar\u00e1n este domingo.<\/p>\n<p>De igual forma, en el referido Decreto Municipal, se proh\u00edbe toda clase de propaganda, manifestaciones, comunicados y entrevistas con fines pol\u00edtico-electorales a trav\u00e9s de medios de difusi\u00f3n, como radio, prensa, televisi\u00f3n, propaganda m\u00f3vil, est\u00e1tica o sonora, durante el d\u00eda de las elecciones.<\/p>\n<p>Tambi\u00e9n se definen las condiciones de seguridad que deben darse en los lugares donde se permitir\u00e1 el derecho al sufragio.<\/p>\n<p>Para m\u00e1s informaci\u00f3n, los ciudadanos pueden acceder a la p\u00e1gina web de la Alcald\u00eda Municipal de Soledad y descargar el Decreto No. 069 del 13 de junio de 2022.<\/p>\n<p>\u201cEl municipio de Soledad est\u00e1 preparado para que este domingo sus habitantes puedan ejercer su derecho al voto a la Presidencia y Vicepresidencia de la Rep\u00fablica, garantizando el normal desarrollo de la jornada electoral. Para esto, contamos con el acompa\u00f1amiento de los miembros de la Fuerza P\u00fablica, quienes se ubicar\u00e1n en diferentes puntos de nuestro ente territorial haciendo cumplir lo expresado en los Decretos Nacional y Municipal\u201d, indic\u00f3 el alcalde Ucr\u00f3s Rosales.<\/p>\n<p>Finalmente, es importante destacar que, en Soledad estar\u00e1n habilitadas 10 zonas electorales con 43 puestos de votaci\u00f3n y 822 mesas para que los ciudadanos puedan ejercer su derecho al voto y contribuir con la democracia.<\/p>\n","protected":false},"excerpt":{"rendered":"<p>Mediante el Decreto 069 del 13 de junio de 2022, la Alcald\u00eda de Soledad decret\u00f3 la Ley Seca, a partir de las 6:00 de la tarde del s\u00e1bado, 18 de junio, hasta las 12 del mediod\u00eda del lunes 20 de junio con el prop\u00f3sito de conservar el orden p\u00fablico, durante la jornada electoral programada para el 19 de junio de 2022.<\/p>\n","protected":false},"author":1,"featured_media":9981,"comment_status":"open","ping_status":"open","sticky":false,"template":"","format":"standard","meta":{"footnotes":""},"categories":[4790,23,53],"tags":[28,4832,556,51,1879,5885],"class_list":["post-9980","post","type-post","status-publish","format-standard","has-post-thumbnail","hentry","category-elecciones-2022","category-locales","category-seguridad-ciudadana","tag-alcaldia-de-soledad","tag-elecciones-presidenciales","tag-ley-seca","tag-municipio-de-soledad","tag-rodolfo-ucros-rosales","tag-segunda-vuelta-presidencial"],"yoast_head":"<!-- This site is optimized with the Yoast SEO plugin v27.7 - https:\/\/yoast.com\/product\/yoast-seo-wordpress\/ -->\n<title>Soledad decreta ley seca con ocasi\u00f3n a la segunda vuelta de elecciones presidenciales - Constrastes<\/title>\n<meta name=\"description\" content=\"Mediante el Decreto 069 del 13 de junio de 2022, la Alcald\u00eda de Soledad decret\u00f3 la Ley Seca, a partir de las 6:00 de la tarde del s\u00e1bado, 18 de junio, hasta las 12 del mediod\u00eda del lunes 20 de junio con el prop\u00f3sito de conservar el orden p\u00fablico, durante la jornada electoral programada para el 19 de junio de 2022.\" \/>\n<meta name=\"robots\" content=\"index, follow, max-snippet:-1, max-image-preview:large, max-video-preview:-1\" \/>\n<link rel=\"canonical\" href=\"https:\/\/contrastes.com.co\/web\/2022\/06\/15\/soledad-decreta-ley-seca-con-ocasion-a-la-segunda-vuelta-de-elecciones-presidenciales\/\" \/>\n<meta property=\"og:locale\" content=\"es_ES\" \/>\n<meta property=\"og:type\" content=\"article\" \/>\n<meta property=\"og:title\" content=\"Soledad decreta ley seca con ocasi\u00f3n a la segunda vuelta de elecciones presidenciales - Constrastes\" \/>\n<meta property=\"og:description\" content=\"Mediante el Decreto 069 del 13 de junio de 2022, la Alcald\u00eda de Soledad decret\u00f3 la Ley Seca, a partir de las 6:00 de la tarde del s\u00e1bado, 18 de junio, hasta las 12 del mediod\u00eda del lunes 20 de junio con el prop\u00f3sito de conservar el orden p\u00fablico, durante la jornada electoral programada para el 19 de junio de 2022.\" \/>\n<meta property=\"og:url\" content=\"https:\/\/contrastes.com.co\/web\/2022\/06\/15\/soledad-decreta-ley-seca-con-ocasion-a-la-segunda-vuelta-de-elecciones-presidenciales\/\" \/>\n<meta property=\"og:site_name\" content=\"Constrastes\" \/>\n<meta property=\"article:publisher\" content=\"https:\/\/www.facebook.com\/guillo.pantoja.1\" \/>\n<meta property=\"article:published_time\" content=\"2022-06-15T21:52:54+00:00\" \/>\n<meta name=\"author\" content=\"Editor\" \/>\n<meta name=\"twitter:card\" content=\"summary_large_image\" \/>\n<meta name=\"twitter:label1\" content=\"Escrito por\" \/>\n\t<meta name=\"twitter:data1\" content=\"Editor\" \/>\n\t<meta name=\"twitter:label2\" content=\"Tiempo de lectura\" \/>\n\t<meta name=\"twitter:data2\" content=\"2 minutos\" \/>\n<script type=\"application\/ld+json\" class=\"yoast-schema-graph\">{\"@context\":\"https:\\\/\\\/schema.org\",\"@graph\":[{\"@type\":\"Article\",\"@id\":\"https:\\\/\\\/contrastes.com.co\\\/web\\\/2022\\\/06\\\/15\\\/soledad-decreta-ley-seca-con-ocasion-a-la-segunda-vuelta-de-elecciones-presidenciales\\\/#article\",\"isPartOf\":{\"@id\":\"https:\\\/\\\/contrastes.com.co\\\/web\\\/2022\\\/06\\\/15\\\/soledad-decreta-ley-seca-con-ocasion-a-la-segunda-vuelta-de-elecciones-presidenciales\\\/\"},\"author\":{\"name\":\"Editor\",\"@id\":\"https:\\\/\\\/contrastes.com.co\\\/web\\\/#\\\/schema\\\/person\\\/62ef7a62dc4da6de450c71fc2e95ed02\"},\"headline\":\"Soledad decreta ley seca con ocasi\u00f3n a la segunda vuelta de elecciones presidenciales\",\"datePublished\":\"2022-06-15T21:52:54+00:00\",\"mainEntityOfPage\":{\"@id\":\"https:\\\/\\\/contrastes.com.co\\\/web\\\/2022\\\/06\\\/15\\\/soledad-decreta-ley-seca-con-ocasion-a-la-segunda-vuelta-de-elecciones-presidenciales\\\/\"},\"wordCount\":458,\"commentCount\":0,\"publisher\":{\"@id\":\"https:\\\/\\\/contrastes.com.co\\\/web\\\/#organization\"},\"image\":{\"@id\":\"https:\\\/\\\/contrastes.com.co\\\/web\\\/2022\\\/06\\\/15\\\/soledad-decreta-ley-seca-con-ocasion-a-la-segunda-vuelta-de-elecciones-presidenciales\\\/#primaryimage\"},\"thumbnailUrl\":\"\",\"keywords\":[\"alcaldia de Soledad\",\"Elecciones presidenciales\",\"ley seca\",\"municipio de soledad\",\"Rodolfo Ucr\u00f3s Rosales\",\"Segunda Vuelta Presidencial\"],\"articleSection\":[\"Elecciones 2022\",\"Locales\",\"Seguridad Ciudadana\"],\"inLanguage\":\"es\",\"potentialAction\":[{\"@type\":\"CommentAction\",\"name\":\"Comment\",\"target\":[\"https:\\\/\\\/contrastes.com.co\\\/web\\\/2022\\\/06\\\/15\\\/soledad-decreta-ley-seca-con-ocasion-a-la-segunda-vuelta-de-elecciones-presidenciales\\\/#respond\"]}]},{\"@type\":\"WebPage\",\"@id\":\"https:\\\/\\\/contrastes.com.co\\\/web\\\/2022\\\/06\\\/15\\\/soledad-decreta-ley-seca-con-ocasion-a-la-segunda-vuelta-de-elecciones-presidenciales\\\/\",\"url\":\"https:\\\/\\\/contrastes.com.co\\\/web\\\/2022\\\/06\\\/15\\\/soledad-decreta-ley-seca-con-ocasion-a-la-segunda-vuelta-de-elecciones-presidenciales\\\/\",\"name\":\"Soledad decreta ley seca con ocasi\u00f3n a la segunda vuelta de elecciones presidenciales - Constrastes\",\"isPartOf\":{\"@id\":\"https:\\\/\\\/contrastes.com.co\\\/web\\\/#website\"},\"primaryImageOfPage\":{\"@id\":\"https:\\\/\\\/contrastes.com.co\\\/web\\\/2022\\\/06\\\/15\\\/soledad-decreta-ley-seca-con-ocasion-a-la-segunda-vuelta-de-elecciones-presidenciales\\\/#primaryimage\"},\"image\":{\"@id\":\"https:\\\/\\\/contrastes.com.co\\\/web\\\/2022\\\/06\\\/15\\\/soledad-decreta-ley-seca-con-ocasion-a-la-segunda-vuelta-de-elecciones-presidenciales\\\/#primaryimage\"},\"thumbnailUrl\":\"\",\"datePublished\":\"2022-06-15T21:52:54+00:00\",\"description\":\"Mediante el Decreto 069 del 13 de junio de 2022, la Alcald\u00eda de Soledad decret\u00f3 la Ley Seca, a partir de las 6:00 de la tarde del s\u00e1bado, 18 de junio, hasta las 12 del mediod\u00eda del lunes 20 de junio con el prop\u00f3sito de conservar el orden p\u00fablico, durante la jornada electoral programada para el 19 de junio de 2022.\",\"breadcrumb\":{\"@id\":\"https:\\\/\\\/contrastes.com.co\\\/web\\\/2022\\\/06\\\/15\\\/soledad-decreta-ley-seca-con-ocasion-a-la-segunda-vuelta-de-elecciones-presidenciales\\\/#breadcrumb\"},\"inLanguage\":\"es\",\"potentialAction\":[{\"@type\":\"ReadAction\",\"target\":[\"https:\\\/\\\/contrastes.com.co\\\/web\\\/2022\\\/06\\\/15\\\/soledad-decreta-ley-seca-con-ocasion-a-la-segunda-vuelta-de-elecciones-presidenciales\\\/\"]}]},{\"@type\":\"ImageObject\",\"inLanguage\":\"es\",\"@id\":\"https:\\\/\\\/contrastes.com.co\\\/web\\\/2022\\\/06\\\/15\\\/soledad-decreta-ley-seca-con-ocasion-a-la-segunda-vuelta-de-elecciones-presidenciales\\\/#primaryimage\",\"url\":\"\",\"contentUrl\":\"\"},{\"@type\":\"BreadcrumbList\",\"@id\":\"https:\\\/\\\/contrastes.com.co\\\/web\\\/2022\\\/06\\\/15\\\/soledad-decreta-ley-seca-con-ocasion-a-la-segunda-vuelta-de-elecciones-presidenciales\\\/#breadcrumb\",\"itemListElement\":[{\"@type\":\"ListItem\",\"position\":1,\"name\":\"Portada\",\"item\":\"https:\\\/\\\/contrastes.com.co\\\/web\\\/\"},{\"@type\":\"ListItem\",\"position\":2,\"name\":\"Soledad decreta ley seca con ocasi\u00f3n a la segunda vuelta de elecciones presidenciales\"}]},{\"@type\":\"WebSite\",\"@id\":\"https:\\\/\\\/contrastes.com.co\\\/web\\\/#website\",\"url\":\"https:\\\/\\\/contrastes.com.co\\\/web\\\/\",\"name\":\"Contrastes\",\"description\":\"Periodismo de Conciencia\",\"publisher\":{\"@id\":\"https:\\\/\\\/contrastes.com.co\\\/web\\\/#organization\"},\"potentialAction\":[{\"@type\":\"SearchAction\",\"target\":{\"@type\":\"EntryPoint\",\"urlTemplate\":\"https:\\\/\\\/contrastes.com.co\\\/web\\\/?s={search_term_string}\"},\"query-input\":{\"@type\":\"PropertyValueSpecification\",\"valueRequired\":true,\"valueName\":\"search_term_string\"}}],\"inLanguage\":\"es\"},{\"@type\":\"Organization\",\"@id\":\"https:\\\/\\\/contrastes.com.co\\\/web\\\/#organization\",\"name\":\"Contrastes\",\"url\":\"https:\\\/\\\/contrastes.com.co\\\/web\\\/\",\"logo\":{\"@type\":\"ImageObject\",\"inLanguage\":\"es\",\"@id\":\"https:\\\/\\\/contrastes.com.co\\\/web\\\/#\\\/schema\\\/logo\\\/image\\\/\",\"url\":\"https:\\\/\\\/contrastes.com.co\\\/web\\\/wp-content\\\/uploads\\\/2025\\\/04\\\/15CONTRASTES3.png\",\"contentUrl\":\"https:\\\/\\\/contrastes.com.co\\\/web\\\/wp-content\\\/uploads\\\/2025\\\/04\\\/15CONTRASTES3.png\",\"width\":1536,\"height\":231,\"caption\":\"Contrastes\"},\"image\":{\"@id\":\"https:\\\/\\\/contrastes.com.co\\\/web\\\/#\\\/schema\\\/logo\\\/image\\\/\"},\"sameAs\":[\"https:\\\/\\\/www.facebook.com\\\/guillo.pantoja.1\"]},{\"@type\":\"Person\",\"@id\":\"https:\\\/\\\/contrastes.com.co\\\/web\\\/#\\\/schema\\\/person\\\/62ef7a62dc4da6de450c71fc2e95ed02\",\"name\":\"Editor\",\"image\":{\"@type\":\"ImageObject\",\"inLanguage\":\"es\",\"@id\":\"https:\\\/\\\/secure.gravatar.com\\\/avatar\\\/7bbb4f718d74bbf600dc556253bb04fd7ac8593751d6e2e3b85432d98aefae80?s=96&d=mm&r=g\",\"url\":\"https:\\\/\\\/secure.gravatar.com\\\/avatar\\\/7bbb4f718d74bbf600dc556253bb04fd7ac8593751d6e2e3b85432d98aefae80?s=96&d=mm&r=g\",\"contentUrl\":\"https:\\\/\\\/secure.gravatar.com\\\/avatar\\\/7bbb4f718d74bbf600dc556253bb04fd7ac8593751d6e2e3b85432d98aefae80?s=96&d=mm&r=g\",\"caption\":\"Editor\"},\"sameAs\":[\"https:\\\/\\\/contrastes.com.co\\\/web\"],\"url\":\"https:\\\/\\\/contrastes.com.co\\\/web\\\/author\\\/jdbobadilla\\\/\"}]}<\/script>\n<!-- \/ Yoast SEO plugin. -->","yoast_head_json":{"title":"Soledad decreta ley seca con ocasi\u00f3n a la segunda vuelta de elecciones presidenciales - Constrastes","description":"Mediante el Decreto 069 del 13 de junio de 2022, la Alcald\u00eda de Soledad decret\u00f3 la Ley Seca, a partir de las 6:00 de la tarde del s\u00e1bado, 18 de junio, hasta las 12 del mediod\u00eda del lunes 20 de junio con el prop\u00f3sito de conservar el orden p\u00fablico, durante la jornada electoral programada para el 19 de junio de 2022.","robots":{"index":"index","follow":"follow","max-snippet":"max-snippet:-1","max-image-preview":"max-image-preview:large","max-video-preview":"max-video-preview:-1"},"canonical":"https:\/\/contrastes.com.co\/web\/2022\/06\/15\/soledad-decreta-ley-seca-con-ocasion-a-la-segunda-vuelta-de-elecciones-presidenciales\/","og_locale":"es_ES","og_type":"article","og_title":"Soledad decreta ley seca con ocasi\u00f3n a la segunda vuelta de elecciones presidenciales - Constrastes","og_description":"Mediante el Decreto 069 del 13 de junio de 2022, la Alcald\u00eda de Soledad decret\u00f3 la Ley Seca, a partir de las 6:00 de la tarde del s\u00e1bado, 18 de junio, hasta las 12 del mediod\u00eda del lunes 20 de junio con el prop\u00f3sito de conservar el orden p\u00fablico, durante la jornada electoral programada para el 19 de junio de 2022.","og_url":"https:\/\/contrastes.com.co\/web\/2022\/06\/15\/soledad-decreta-ley-seca-con-ocasion-a-la-segunda-vuelta-de-elecciones-presidenciales\/","og_site_name":"Constrastes","article_publisher":"https:\/\/www.facebook.com\/guillo.pantoja.1","article_published_time":"2022-06-15T21:52:54+00:00","author":"Editor","twitter_card":"summary_large_image","twitter_misc":{"Escrito por":"Editor","Tiempo de lectura":"2 minutos"},"schema":{"@context":"https:\/\/schema.org","@graph":[{"@type":"Article","@id":"https:\/\/contrastes.com.co\/web\/2022\/06\/15\/soledad-decreta-ley-seca-con-ocasion-a-la-segunda-vuelta-de-elecciones-presidenciales\/#article","isPartOf":{"@id":"https:\/\/contrastes.com.co\/web\/2022\/06\/15\/soledad-decreta-ley-seca-con-ocasion-a-la-segunda-vuelta-de-elecciones-presidenciales\/"},"author":{"name":"Editor","@id":"https:\/\/contrastes.com.co\/web\/#\/schema\/person\/62ef7a62dc4da6de450c71fc2e95ed02"},"headline":"Soledad decreta ley seca con ocasi\u00f3n a la segunda vuelta de elecciones presidenciales","datePublished":"2022-06-15T21:52:54+00:00","mainEntityOfPage":{"@id":"https:\/\/contrastes.com.co\/web\/2022\/06\/15\/soledad-decreta-ley-seca-con-ocasion-a-la-segunda-vuelta-de-elecciones-presidenciales\/"},"wordCount":458,"commentCount":0,"publisher":{"@id":"https:\/\/contrastes.com.co\/web\/#organization"},"image":{"@id":"https:\/\/contrastes.com.co\/web\/2022\/06\/15\/soledad-decreta-ley-seca-con-ocasion-a-la-segunda-vuelta-de-elecciones-presidenciales\/#primaryimage"},"thumbnailUrl":"","keywords":["alcaldia de Soledad","Elecciones presidenciales","ley seca","municipio de soledad","Rodolfo Ucr\u00f3s Rosales","Segunda Vuelta Presidencial"],"articleSection":["Elecciones 2022","Locales","Seguridad Ciudadana"],"inLanguage":"es","potentialAction":[{"@type":"CommentAction","name":"Comment","target":["https:\/\/contrastes.com.co\/web\/2022\/06\/15\/soledad-decreta-ley-seca-con-ocasion-a-la-segunda-vuelta-de-elecciones-presidenciales\/#respond"]}]},{"@type":"WebPage","@id":"https:\/\/contrastes.com.co\/web\/2022\/06\/15\/soledad-decreta-ley-seca-con-ocasion-a-la-segunda-vuelta-de-elecciones-presidenciales\/","url":"https:\/\/contrastes.com.co\/web\/2022\/06\/15\/soledad-decreta-ley-seca-con-ocasion-a-la-segunda-vuelta-de-elecciones-presidenciales\/","name":"Soledad decreta ley seca con ocasi\u00f3n a la segunda vuelta de elecciones presidenciales - Constrastes","isPartOf":{"@id":"https:\/\/contrastes.com.co\/web\/#website"},"primaryImageOfPage":{"@id":"https:\/\/contrastes.com.co\/web\/2022\/06\/15\/soledad-decreta-ley-seca-con-ocasion-a-la-segunda-vuelta-de-elecciones-presidenciales\/#primaryimage"},"image":{"@id":"https:\/\/contrastes.com.co\/web\/2022\/06\/15\/soledad-decreta-ley-seca-con-ocasion-a-la-segunda-vuelta-de-elecciones-presidenciales\/#primaryimage"},"thumbnailUrl":"","datePublished":"2022-06-15T21:52:54+00:00","description":"Mediante el Decreto 069 del 13 de junio de 2022, la Alcald\u00eda de Soledad decret\u00f3 la Ley Seca, a partir de las 6:00 de la tarde del s\u00e1bado, 18 de junio, hasta las 12 del mediod\u00eda del lunes 20 de junio con el prop\u00f3sito de conservar el orden p\u00fablico, durante la jornada electoral programada para el 19 de junio de 2022.","breadcrumb":{"@id":"https:\/\/contrastes.com.co\/web\/2022\/06\/15\/soledad-decreta-ley-seca-con-ocasion-a-la-segunda-vuelta-de-elecciones-presidenciales\/#breadcrumb"},"inLanguage":"es","potentialAction":[{"@type":"ReadAction","target":["https:\/\/contrastes.com.co\/web\/2022\/06\/15\/soledad-decreta-ley-seca-con-ocasion-a-la-segunda-vuelta-de-elecciones-presidenciales\/"]}]},{"@type":"ImageObject","inLanguage":"es","@id":"https:\/\/contrastes.com.co\/web\/2022\/06\/15\/soledad-decreta-ley-seca-con-ocasion-a-la-segunda-vuelta-de-elecciones-presidenciales\/#primaryimage","url":"","contentUrl":""},{"@type":"BreadcrumbList","@id":"https:\/\/contrastes.com.co\/web\/2022\/06\/15\/soledad-decreta-ley-seca-con-ocasion-a-la-segunda-vuelta-de-elecciones-presidenciales\/#breadcrumb","itemListElement":[{"@type":"ListItem","position":1,"name":"Portada","item":"https:\/\/contrastes.com.co\/web\/"},{"@type":"ListItem","position":2,"name":"Soledad decreta ley seca con ocasi\u00f3n a la segunda vuelta de elecciones presidenciales"}]},{"@type":"WebSite","@id":"https:\/\/contrastes.com.co\/web\/#website","url":"https:\/\/contrastes.com.co\/web\/","name":"Contrastes","description":"Periodismo de Conciencia","publisher":{"@id":"https:\/\/contrastes.com.co\/web\/#organization"},"potentialAction":[{"@type":"SearchAction","target":{"@type":"EntryPoint","urlTemplate":"https:\/\/contrastes.com.co\/web\/?s={search_term_string}"},"query-input":{"@type":"PropertyValueSpecification","valueRequired":true,"valueName":"search_term_string"}}],"inLanguage":"es"},{"@type":"Organization","@id":"https:\/\/contrastes.com.co\/web\/#organization","name":"Contrastes","url":"https:\/\/contrastes.com.co\/web\/","logo":{"@type":"ImageObject","inLanguage":"es","@id":"https:\/\/contrastes.com.co\/web\/#\/schema\/logo\/image\/","url":"https:\/\/contrastes.com.co\/web\/wp-content\/uploads\/2025\/04\/15CONTRASTES3.png","contentUrl":"https:\/\/contrastes.com.co\/web\/wp-content\/uploads\/2025\/04\/15CONTRASTES3.png","width":1536,"height":231,"caption":"Contrastes"},"image":{"@id":"https:\/\/contrastes.com.co\/web\/#\/schema\/logo\/image\/"},"sameAs":["https:\/\/www.facebook.com\/guillo.pantoja.1"]},{"@type":"Person","@id":"https:\/\/contrastes.com.co\/web\/#\/schema\/person\/62ef7a62dc4da6de450c71fc2e95ed02","name":"Editor","image":{"@type":"ImageObject","inLanguage":"es","@id":"https:\/\/secure.gravatar.com\/avatar\/7bbb4f718d74bbf600dc556253bb04fd7ac8593751d6e2e3b85432d98aefae80?s=96&d=mm&r=g","url":"https:\/\/secure.gravatar.com\/avatar\/7bbb4f718d74bbf600dc556253bb04fd7ac8593751d6e2e3b85432d98aefae80?s=96&d=mm&r=g","contentUrl":"https:\/\/secure.gravatar.com\/avatar\/7bbb4f718d74bbf600dc556253bb04fd7ac8593751d6e2e3b85432d98aefae80?s=96&d=mm&r=g","caption":"Editor"},"sameAs":["https:\/\/contrastes.com.co\/web"],"url":"https:\/\/contrastes.com.co\/web\/author\/jdbobadilla\/"}]}},"blog_post_layout_featured_media_urls":{"thumbnail":"","full":""},"categories_names":{"4790":{"name":"Elecciones 2022","link":"https:\/\/contrastes.com.co\/web\/category\/elecciones-2022\/"},"23":{"name":"Locales","link":"https:\/\/contrastes.com.co\/web\/category\/locales\/"},"53":{"name":"Seguridad Ciudadana","link":"https:\/\/contrastes.com.co\/web\/category\/seguridad-ciudadana\/"}},"tags_names":{"28":{"name":"alcaldia de Soledad","link":"https:\/\/contrastes.com.co\/web\/tag\/alcaldia-de-soledad\/"},"4832":{"name":"Elecciones presidenciales","link":"https:\/\/contrastes.com.co\/web\/tag\/elecciones-presidenciales\/"},"556":{"name":"ley seca","link":"https:\/\/contrastes.com.co\/web\/tag\/ley-seca\/"},"51":{"name":"municipio de soledad","link":"https:\/\/contrastes.com.co\/web\/tag\/municipio-de-soledad\/"},"1879":{"name":"Rodolfo Ucr\u00f3s Rosales","link":"https:\/\/contrastes.com.co\/web\/tag\/rodolfo-ucros-rosales\/"},"5885":{"name":"Segunda Vuelta Presidencial","link":"https:\/\/contrastes.com.co\/web\/tag\/segunda-vuelta-presidencial\/"}},"comments_number":"0","wpmagazine_modules_lite_featured_media_urls":{"thumbnail":"","cvmm-medium":"","cvmm-medium-plus":"","cvmm-portrait":"","cvmm-medium-square":"","cvmm-large":"","cvmm-small":"","full":""},"_links":{"self":[{"href":"https:\/\/contrastes.com.co\/web\/wp-json\/wp\/v2\/posts\/9980","targetHints":{"allow":["GET"]}}],"collection":[{"href":"https:\/\/contrastes.com.co\/web\/wp-json\/wp\/v2\/posts"}],"about":[{"href":"https:\/\/contrastes.com.co\/web\/wp-json\/wp\/v2\/types\/post"}],"author":[{"embeddable":true,"href":"https:\/\/contrastes.com.co\/web\/wp-json\/wp\/v2\/users\/1"}],"replies":[{"embeddable":true,"href":"https:\/\/contrastes.com.co\/web\/wp-json\/wp\/v2\/comments?post=9980"}],"version-history":[{"count":0,"href":"https:\/\/contrastes.com.co\/web\/wp-json\/wp\/v2\/posts\/9980\/revisions"}],"wp:attachment":[{"href":"https:\/\/contrastes.com.co\/web\/wp-json\/wp\/v2\/media?parent=9980"}],"wp:term":[{"taxonomy":"category","embeddable":true,"href":"https:\/\/contrastes.com.co\/web\/wp-json\/wp\/v2\/categories?post=9980"},{"taxonomy":"post_tag","embeddable":true,"href":"https:\/\/contrastes.com.co\/web\/wp-json\/wp\/v2\/tags?post=9980"}],"curies":[{"name":"wp","href":"https:\/\/api.w.org\/{rel}","templated":true}]}}